{"id":4107,"date":"2015-06-02T14:52:28","date_gmt":"2015-06-02T12:52:28","guid":{"rendered":"https:\/\/www.sabado100.com.ar\/?p=4107"},"modified":"2015-06-02T14:52:28","modified_gmt":"2015-06-02T12:52:28","slug":"el-146-se-modificara-la-foto-de-las-paso-santafesinas","status":"publish","type":"post","link":"https:\/\/sabado100.com.ar\/es-ar\/el-146-se-modificara-la-foto-de-las-paso-santafesinas\/","title":{"rendered":"\u00bfEl 14\/6 se modificar\u00e1 la foto de las PASO santafesinas?"},"content":{"rendered":"<p><strong>Por Mar\u00eda Herminia Grande.-<\/strong> Lamentablemente en los \u00faltimos tiempos los titulares sobre corrupci\u00f3n no dan tregua. Cuando las referencias no son nacionales son internacionales, aunque Argentina siempre tiene una participaci\u00f3n. Cuesta creer como en medio del estallido del esc\u00e1ndalo de corrupci\u00f3n en la FIFA su presidente logr\u00f3 la reelecci\u00f3n, obteniendo  una mayor\u00eda abrumadora. En estos momentos el f\u00fatbol se parece a las ONGs que trabajan sobre el hambre y la pobreza. Sus dirigentes est\u00e1n llenos de d\u00f3lares y los clubes cada vez m\u00e1s pobres, al igual que los pobres cada vez m\u00e1s pobres.<br \/>\nJunio guarda para s\u00ed tres fechas trascendentes para la pol\u00edtica argentina.  El 10 deber\u00e1n inscribirse las alianzas de partidos con miras a las elecciones nacionales. El 14 Santa Fe elige sus autoridades definitivas. El 22 se conocer\u00e1n cu\u00e1les son los candidatos a legisladores nacionales y del Mercosur. En cuanto al tema nacional  las tendencias son parejas entre Scioli y Macri. Con respecto al Frente para la Victoria en donde compiten dos candidatos (Scioli y Randazzo)  se deber\u00e1 estar atento a la actitud de la presidenta Cristina en lo que se refiere a la elecci\u00f3n del compa\u00f1ero de f\u00f3rmula de ambos candidatos. Esta decisi\u00f3n ayudar\u00e1 a hacer una lectura m\u00e1s profunda sobre la estrategia kirchnerista. Macri, quien estuvo la semana pasada en Santa Fe, parece haber decidido definitivamente su estrategia: de aqu\u00ed a agosto ir\u00e1 con formula propia y alejado de circunstanciales aliados. S\u00f3lo en territorio se mostrar\u00e1 con ellos. Si bien no fue expl\u00edcito sobre \u00e9sto, queda claro que a Reutemann (sin hablar el tema con \u00e9l) lo ubica en el casillero a senador nacional y no  de vicepresidente, dado que de lo contrario ya lo hubiese dado a conocer. Reutemann habla de la posibilidad de un Frente, si Macri sabe o\u00edr, le est\u00e1 advirtiendo que en su territorio no llevar\u00e1 extrapartidarios, la lista de Reutemann la confeccionar\u00e1  \u00e9l.<br \/>\nMacri ha decidido correr solo, sin contendientes importantes, dado que  Carri\u00f3 o  Sanz no son alternativas competitivas. Rechazar de plano a Massa para las PASO generales, puede llegar a facilitarle al kirchnerismo convertirse en la primera minor\u00eda. Macri no es claro cuando se le pregunta por qu\u00e9 las alianzas que produjo con el Frente Renovador y el radicalismo en diez provincias resulta imposible de concretar en las Paso nacionales o en la provincia de Buenos Aires.<br \/>\nEl 22 se develar\u00e1 una gran inc\u00f3gnita. En la presentaci\u00f3n de listas se sabr\u00e1 si Cristina Fern\u00e1ndez de Kirchner encabezar\u00e1 alguna de ellas.<br \/>\nEl 14 de junio se ha vuelto clave tambi\u00e9n para el gobierno nacional, que gane Del Sel en Santa Fe es posicionar a Macri m\u00e1s cerca al 30 de octubre. En los \u00faltimos d\u00edas se  ve un esfuerzo enorme desde el gobierno nacional para achicar la diferencia entre Del Sel y Lifschitz.  En el medio est\u00e1 Perotti si se quiere, acotado en su crecimiento por  necesidades superiores.<br \/>\nDesde el ri\u00f1\u00f3n socialista guardan m\u00e1s esperanzas con retener la provincia que con mantener la ciudad de Rosario.<br \/>\nEl domingo a la noche hubo un programa transmitido por los canales y radios rosarinas donde 4 candidatos a intendente se mostraron un poco m\u00e1s. No fue debate. Pero  ese \u201calgo parecido\u201d, permiti\u00f3 a quienes lo hayan mirado  conocerlos un poco m\u00e1s.  Se vio a la a la doctora Fein con oficio aunque con el peso de estar a la defensiva. Edmundo Finkelstein coherente con el pensamiento del Frente de Izquierda sin aprovechar demasiado el espacio. Anita Mart\u00ednez tampoco descoll\u00f3, tal vez por la presi\u00f3n de ser la due\u00f1a de los votos de las PASO.  Sukerman y Grandinetti fueron los que m\u00e1s habilidad y\/o contundencia demostraron. Sukerman blandi\u00f3 la daga por momentos poni\u00e9ndole pimienta y agresividad a su alocuci\u00f3n. En el caso de  Grandinetti mostr\u00f3  serenidad, convencimiento, no apel\u00f3 a ataques o golpes bajos, propuso y su \u00faltima apelaci\u00f3n fue categ\u00f3rica: \u201cEs buena la alternancia para una democracia a\u00fan  para gobiernos que no hayan hecho las cosas del todo mal\u201d.<br \/>\nEl pr\u00f3ximo domingo habr\u00e1 debate de los candidatos a gobernador. Si lo que acontezca se parece a lo visto este \u00faltimo domingo, ni las foto de las PASO rosarinas ni la foto de las PASO provinciales se alterar\u00e1n.<br \/>\nwww.mariaherminiagrande.com.ar<br \/>\n@mhgrande<br \/>\nhttps:\/\/www.facebook.com\/mariaherminia2<\/p>\n","protected":false},"excerpt":{"rendered":"<p>Por Mar\u00eda Herminia Grande.- Lamentablemente en los \u00faltimos tiempos los titulares sobre corrupci\u00f3n no dan tregua. Cuando las referencias no [&hellip;]<\/p>\n","protected":false},"author":2,"featured_media":0,"comment_status":"open","ping_status":"closed","sticky":false,"template":"","format":"standard","meta":{"site-sidebar-layout":"default","site-content-layout":"","ast-site-content-layout":"default","site-content-style":"default","site-sidebar-style":"default","ast-global-header-display":"","ast-banner-title-visibility":"","ast-main-header-display":"","ast-hfb-above-header-display":"","ast-hfb-below-header-display":"","ast-hfb-mobile-header-display":"","site-post-title":"","ast-breadcrumbs-content":"","ast-featured-img":"","footer-sml-layout":"","ast-disable-related-posts":"","theme-transparent-header-meta":"","adv-header-id-meta":"","stick-header-meta":"","header-above-stick-meta":"","header-main-stick-meta":"","header-below-stick-meta":"","astra-migrate-meta-layouts":"default","ast-page-background-enabled":"default","ast-page-background-meta":{"desktop":{"background-color":"var(--ast-global-color-4)","background-image":"","background-repeat":"repeat","background-position":"center center","background-size":"auto","background-attachment":"scroll","background-type":"","background-media":"","overlay-type":"","overlay-color":"","overlay-opacity":"","overlay-gradient":""},"tablet":{"background-color":"","background-image":"","background-repeat":"repeat","background-position":"center center","background-size":"auto","background-attachment":"scroll","background-type":"","background-media":"","overlay-type":"","overlay-color":"","overlay-opacity":"","overlay-gradient":""},"mobile":{"background-color":"","background-image":"","background-repeat":"repeat","background-position":"center center","background-size":"auto","background-attachment":"scroll","background-type":"","background-media":"","overlay-type":"","overlay-color":"","overlay-opacity":"","overlay-gradient":""}},"ast-content-background-meta":{"desktop":{"background-color":"var(--ast-global-color-5)","background-image":"","background-repeat":"repeat","background-position":"center center","background-size":"auto","background-attachment":"scroll","background-type":"","background-media":"","overlay-type":"","overlay-color":"","overlay-opacity":"","overlay-gradient":""},"tablet":{"background-color":"var(--ast-global-color-5)","background-image":"","background-repeat":"repeat","background-position":"center center","background-size":"auto","background-attachment":"scroll","background-type":"","background-media":"","overlay-type":"","overlay-color":"","overlay-opacity":"","overlay-gradient":""},"mobile":{"background-color":"var(--ast-global-color-5)","background-image":"","background-repeat":"repeat","background-position":"center center","background-size":"auto","background-attachment":"scroll","background-type":"","background-media":"","overlay-type":"","overlay-color":"","overlay-opacity":"","overlay-gradient":""}},"footnotes":""},"categories":[5],"tags":[5358],"class_list":["post-4107","post","type-post","status-publish","format-standard","hentry","category-politica","tag-el-146-se-modificara-la-foto-de-las-paso-santafesinas"],"yoast_head":"<!-- This site is optimized with the Yoast SEO plugin v23.2 - https:\/\/yoast.com\/wordpress\/plugins\/seo\/ -->\n<title>\u00bfEl 14\/6 se modificar\u00e1 la foto de las PASO santafesinas? - Sabado 100<\/title>\n<meta name=\"robots\" content=\"index, follow, max-snippet:-1, max-image-preview:large, max-video-preview:-1\" \/>\n<link rel=\"canonical\" href=\"https:\/\/sabado100.com.ar\/es-ar\/el-146-se-modificara-la-foto-de-las-paso-santafesinas\/\" \/>\n<meta property=\"og:locale\" content=\"es_ES\" \/>\n<meta property=\"og:type\" content=\"article\" \/>\n<meta property=\"og:title\" content=\"\u00bfEl 14\/6 se modificar\u00e1 la foto de las PASO santafesinas? - Sabado 100\" \/>\n<meta property=\"og:description\" content=\"Por Mar\u00eda Herminia Grande.- Lamentablemente en los \u00faltimos tiempos los titulares sobre corrupci\u00f3n no dan tregua. Cuando las referencias no [&hellip;]\" \/>\n<meta property=\"og:url\" content=\"https:\/\/sabado100.com.ar\/es-ar\/el-146-se-modificara-la-foto-de-las-paso-santafesinas\/\" \/>\n<meta property=\"og:site_name\" content=\"Sabado 100\" \/>\n<meta property=\"article:publisher\" content=\"https:\/\/www.facebook.com\/sabadocien\/\" \/>\n<meta property=\"article:published_time\" content=\"2015-06-02T12:52:28+00:00\" \/>\n<meta name=\"author\" content=\"sabado cien\" \/>\n<meta name=\"twitter:card\" content=\"summary_large_image\" \/>\n<meta name=\"twitter:label1\" content=\"Escrito por\" \/>\n\t<meta name=\"twitter:data1\" content=\"sabado cien\" \/>\n\t<meta name=\"twitter:label2\" content=\"Tiempo de lectura\" \/>\n\t<meta name=\"twitter:data2\" content=\"4 minutos\" \/>\n<script type=\"application\/ld+json\" class=\"yoast-schema-graph\">{\"@context\":\"https:\/\/schema.org\",\"@graph\":[{\"@type\":\"Article\",\"@id\":\"https:\/\/sabado100.com.ar\/es-ar\/el-146-se-modificara-la-foto-de-las-paso-santafesinas\/#article\",\"isPartOf\":{\"@id\":\"https:\/\/sabado100.com.ar\/es-ar\/el-146-se-modificara-la-foto-de-las-paso-santafesinas\/\"},\"author\":{\"name\":\"sabado cien\",\"@id\":\"https:\/\/sabado100.com.ar\/es-ar\/#\/schema\/person\/58e38b918ef4e44b11398f25d4684c6d\"},\"headline\":\"\u00bfEl 14\/6 se modificar\u00e1 la foto de las PASO santafesinas?\",\"datePublished\":\"2015-06-02T12:52:28+00:00\",\"dateModified\":\"2015-06-02T12:52:28+00:00\",\"mainEntityOfPage\":{\"@id\":\"https:\/\/sabado100.com.ar\/es-ar\/el-146-se-modificara-la-foto-de-las-paso-santafesinas\/\"},\"wordCount\":754,\"commentCount\":0,\"publisher\":{\"@id\":\"https:\/\/sabado100.com.ar\/es-ar\/#organization\"},\"keywords\":[\"\u00bfEl 14\/6 se modificar\u00e1 la foto de las PASO santafesinas?\"],\"articleSection\":[\"Pol\u00edtica\"],\"inLanguage\":\"es\",\"potentialAction\":[{\"@type\":\"CommentAction\",\"name\":\"Comment\",\"target\":[\"https:\/\/sabado100.com.ar\/es-ar\/el-146-se-modificara-la-foto-de-las-paso-santafesinas\/#respond\"]}]},{\"@type\":\"WebPage\",\"@id\":\"https:\/\/sabado100.com.ar\/es-ar\/el-146-se-modificara-la-foto-de-las-paso-santafesinas\/\",\"url\":\"https:\/\/sabado100.com.ar\/es-ar\/el-146-se-modificara-la-foto-de-las-paso-santafesinas\/\",\"name\":\"\u00bfEl 14\/6 se modificar\u00e1 la foto de las PASO santafesinas? - Sabado 100\",\"isPartOf\":{\"@id\":\"https:\/\/sabado100.com.ar\/es-ar\/#website\"},\"datePublished\":\"2015-06-02T12:52:28+00:00\",\"dateModified\":\"2015-06-02T12:52:28+00:00\",\"breadcrumb\":{\"@id\":\"https:\/\/sabado100.com.ar\/es-ar\/el-146-se-modificara-la-foto-de-las-paso-santafesinas\/#breadcrumb\"},\"inLanguage\":\"es\",\"potentialAction\":[{\"@type\":\"ReadAction\",\"target\":[\"https:\/\/sabado100.com.ar\/es-ar\/el-146-se-modificara-la-foto-de-las-paso-santafesinas\/\"]}]},{\"@type\":\"BreadcrumbList\",\"@id\":\"https:\/\/sabado100.com.ar\/es-ar\/el-146-se-modificara-la-foto-de-las-paso-santafesinas\/#breadcrumb\",\"itemListElement\":[{\"@type\":\"ListItem\",\"position\":1,\"name\":\"Portada\",\"item\":\"https:\/\/sabado100.com.ar\/es-ar\/\"},{\"@type\":\"ListItem\",\"position\":2,\"name\":\"\u00bfEl 14\/6 se modificar\u00e1 la foto de las PASO santafesinas?\"}]},{\"@type\":\"WebSite\",\"@id\":\"https:\/\/sabado100.com.ar\/es-ar\/#website\",\"url\":\"https:\/\/sabado100.com.ar\/es-ar\/\",\"name\":\"Sabado 100\",\"description\":\"\",\"publisher\":{\"@id\":\"https:\/\/sabado100.com.ar\/es-ar\/#organization\"},\"potentialAction\":[{\"@type\":\"SearchAction\",\"target\":{\"@type\":\"EntryPoint\",\"urlTemplate\":\"https:\/\/sabado100.com.ar\/es-ar\/?s={search_term_string}\"},\"query-input\":\"required name=search_term_string\"}],\"inLanguage\":\"es\"},{\"@type\":\"Organization\",\"@id\":\"https:\/\/sabado100.com.ar\/es-ar\/#organization\",\"name\":\"Sabado 100\",\"url\":\"https:\/\/sabado100.com.ar\/es-ar\/\",\"logo\":{\"@type\":\"ImageObject\",\"inLanguage\":\"es\",\"@id\":\"https:\/\/sabado100.com.ar\/es-ar\/#\/schema\/logo\/image\/\",\"url\":\"https:\/\/sabado100.com.ar\/es-ar\/wp-content\/uploads\/2024\/04\/logo3.jpg\",\"contentUrl\":\"https:\/\/sabado100.com.ar\/es-ar\/wp-content\/uploads\/2024\/04\/logo3.jpg\",\"width\":300,\"height\":174,\"caption\":\"Sabado 100\"},\"image\":{\"@id\":\"https:\/\/sabado100.com.ar\/es-ar\/#\/schema\/logo\/image\/\"},\"sameAs\":[\"https:\/\/www.facebook.com\/sabadocien\/\",\"https:\/\/www.instagram.com\/sabado100.com.ar\/\",\"https:\/\/www.youtube.com\/@sabado1003\"]},{\"@type\":\"Person\",\"@id\":\"https:\/\/sabado100.com.ar\/es-ar\/#\/schema\/person\/58e38b918ef4e44b11398f25d4684c6d\",\"name\":\"sabado cien\",\"image\":{\"@type\":\"ImageObject\",\"inLanguage\":\"es\",\"@id\":\"https:\/\/sabado100.com.ar\/es-ar\/#\/schema\/person\/image\/\",\"url\":\"https:\/\/sabado100.com.ar\/es-ar\/wp-content\/litespeed\/avatar\/484bccfbd493fbb703b0f1b8113dad61.jpg?ver=1787731622\",\"contentUrl\":\"https:\/\/sabado100.com.ar\/es-ar\/wp-content\/litespeed\/avatar\/484bccfbd493fbb703b0f1b8113dad61.jpg?ver=1787731622\",\"caption\":\"sabado cien\"},\"url\":\"https:\/\/sabado100.com.ar\/es-ar\/author\/sabado100\/\"}]}<\/script>\n<!-- \/ Yoast SEO plugin. -->","yoast_head_json":{"title":"\u00bfEl 14\/6 se modificar\u00e1 la foto de las PASO santafesinas? - Sabado 100","robots":{"index":"index","follow":"follow","max-snippet":"max-snippet:-1","max-image-preview":"max-image-preview:large","max-video-preview":"max-video-preview:-1"},"canonical":"https:\/\/sabado100.com.ar\/es-ar\/el-146-se-modificara-la-foto-de-las-paso-santafesinas\/","og_locale":"es_ES","og_type":"article","og_title":"\u00bfEl 14\/6 se modificar\u00e1 la foto de las PASO santafesinas? - Sabado 100","og_description":"Por Mar\u00eda Herminia Grande.- Lamentablemente en los \u00faltimos tiempos los titulares sobre corrupci\u00f3n no dan tregua. Cuando las referencias no [&hellip;]","og_url":"https:\/\/sabado100.com.ar\/es-ar\/el-146-se-modificara-la-foto-de-las-paso-santafesinas\/","og_site_name":"Sabado 100","article_publisher":"https:\/\/www.facebook.com\/sabadocien\/","article_published_time":"2015-06-02T12:52:28+00:00","author":"sabado cien","twitter_card":"summary_large_image","twitter_misc":{"Escrito por":"sabado cien","Tiempo de lectura":"4 minutos"},"schema":{"@context":"https:\/\/schema.org","@graph":[{"@type":"Article","@id":"https:\/\/sabado100.com.ar\/es-ar\/el-146-se-modificara-la-foto-de-las-paso-santafesinas\/#article","isPartOf":{"@id":"https:\/\/sabado100.com.ar\/es-ar\/el-146-se-modificara-la-foto-de-las-paso-santafesinas\/"},"author":{"name":"sabado cien","@id":"https:\/\/sabado100.com.ar\/es-ar\/#\/schema\/person\/58e38b918ef4e44b11398f25d4684c6d"},"headline":"\u00bfEl 14\/6 se modificar\u00e1 la foto de las PASO santafesinas?","datePublished":"2015-06-02T12:52:28+00:00","dateModified":"2015-06-02T12:52:28+00:00","mainEntityOfPage":{"@id":"https:\/\/sabado100.com.ar\/es-ar\/el-146-se-modificara-la-foto-de-las-paso-santafesinas\/"},"wordCount":754,"commentCount":0,"publisher":{"@id":"https:\/\/sabado100.com.ar\/es-ar\/#organization"},"keywords":["\u00bfEl 14\/6 se modificar\u00e1 la foto de las PASO santafesinas?"],"articleSection":["Pol\u00edtica"],"inLanguage":"es","potentialAction":[{"@type":"CommentAction","name":"Comment","target":["https:\/\/sabado100.com.ar\/es-ar\/el-146-se-modificara-la-foto-de-las-paso-santafesinas\/#respond"]}]},{"@type":"WebPage","@id":"https:\/\/sabado100.com.ar\/es-ar\/el-146-se-modificara-la-foto-de-las-paso-santafesinas\/","url":"https:\/\/sabado100.com.ar\/es-ar\/el-146-se-modificara-la-foto-de-las-paso-santafesinas\/","name":"\u00bfEl 14\/6 se modificar\u00e1 la foto de las PASO santafesinas? - Sabado 100","isPartOf":{"@id":"https:\/\/sabado100.com.ar\/es-ar\/#website"},"datePublished":"2015-06-02T12:52:28+00:00","dateModified":"2015-06-02T12:52:28+00:00","breadcrumb":{"@id":"https:\/\/sabado100.com.ar\/es-ar\/el-146-se-modificara-la-foto-de-las-paso-santafesinas\/#breadcrumb"},"inLanguage":"es","potentialAction":[{"@type":"ReadAction","target":["https:\/\/sabado100.com.ar\/es-ar\/el-146-se-modificara-la-foto-de-las-paso-santafesinas\/"]}]},{"@type":"BreadcrumbList","@id":"https:\/\/sabado100.com.ar\/es-ar\/el-146-se-modificara-la-foto-de-las-paso-santafesinas\/#breadcrumb","itemListElement":[{"@type":"ListItem","position":1,"name":"Portada","item":"https:\/\/sabado100.com.ar\/es-ar\/"},{"@type":"ListItem","position":2,"name":"\u00bfEl 14\/6 se modificar\u00e1 la foto de las PASO santafesinas?"}]},{"@type":"WebSite","@id":"https:\/\/sabado100.com.ar\/es-ar\/#website","url":"https:\/\/sabado100.com.ar\/es-ar\/","name":"Sabado 100","description":"","publisher":{"@id":"https:\/\/sabado100.com.ar\/es-ar\/#organization"},"potentialAction":[{"@type":"SearchAction","target":{"@type":"EntryPoint","urlTemplate":"https:\/\/sabado100.com.ar\/es-ar\/?s={search_term_string}"},"query-input":"required name=search_term_string"}],"inLanguage":"es"},{"@type":"Organization","@id":"https:\/\/sabado100.com.ar\/es-ar\/#organization","name":"Sabado 100","url":"https:\/\/sabado100.com.ar\/es-ar\/","logo":{"@type":"ImageObject","inLanguage":"es","@id":"https:\/\/sabado100.com.ar\/es-ar\/#\/schema\/logo\/image\/","url":"https:\/\/sabado100.com.ar\/es-ar\/wp-content\/uploads\/2024\/04\/logo3.jpg","contentUrl":"https:\/\/sabado100.com.ar\/es-ar\/wp-content\/uploads\/2024\/04\/logo3.jpg","width":300,"height":174,"caption":"Sabado 100"},"image":{"@id":"https:\/\/sabado100.com.ar\/es-ar\/#\/schema\/logo\/image\/"},"sameAs":["https:\/\/www.facebook.com\/sabadocien\/","https:\/\/www.instagram.com\/sabado100.com.ar\/","https:\/\/www.youtube.com\/@sabado1003"]},{"@type":"Person","@id":"https:\/\/sabado100.com.ar\/es-ar\/#\/schema\/person\/58e38b918ef4e44b11398f25d4684c6d","name":"sabado cien","image":{"@type":"ImageObject","inLanguage":"es","@id":"https:\/\/sabado100.com.ar\/es-ar\/#\/schema\/person\/image\/","url":"https:\/\/sabado100.com.ar\/es-ar\/wp-content\/litespeed\/avatar\/484bccfbd493fbb703b0f1b8113dad61.jpg?ver=1787731622","contentUrl":"https:\/\/sabado100.com.ar\/es-ar\/wp-content\/litespeed\/avatar\/484bccfbd493fbb703b0f1b8113dad61.jpg?ver=1787731622","caption":"sabado cien"},"url":"https:\/\/sabado100.com.ar\/es-ar\/author\/sabado100\/"}]}},"_links":{"self":[{"href":"https:\/\/sabado100.com.ar\/es-ar\/wp-json\/wp\/v2\/posts\/4107","targetHints":{"allow":["GET"]}}],"collection":[{"href":"https:\/\/sabado100.com.ar\/es-ar\/wp-json\/wp\/v2\/posts"}],"about":[{"href":"https:\/\/sabado100.com.ar\/es-ar\/wp-json\/wp\/v2\/types\/post"}],"author":[{"embeddable":true,"href":"https:\/\/sabado100.com.ar\/es-ar\/wp-json\/wp\/v2\/users\/2"}],"replies":[{"embeddable":true,"href":"https:\/\/sabado100.com.ar\/es-ar\/wp-json\/wp\/v2\/comments?post=4107"}],"version-history":[{"count":0,"href":"https:\/\/sabado100.com.ar\/es-ar\/wp-json\/wp\/v2\/posts\/4107\/revisions"}],"wp:attachment":[{"href":"https:\/\/sabado100.com.ar\/es-ar\/wp-json\/wp\/v2\/media?parent=4107"}],"wp:term":[{"taxonomy":"category","embeddable":true,"href":"https:\/\/sabado100.com.ar\/es-ar\/wp-json\/wp\/v2\/categories?post=4107"},{"taxonomy":"post_tag","embeddable":true,"href":"https:\/\/sabado100.com.ar\/es-ar\/wp-json\/wp\/v2\/tags?post=4107"}],"curies":[{"name":"wp","href":"https:\/\/api.w.org\/{rel}","templated":true}]}}