{"id":4104,"date":"2015-06-02T14:50:31","date_gmt":"2015-06-02T12:50:31","guid":{"rendered":"https:\/\/www.sabado100.com.ar\/?p=4104"},"modified":"2015-06-02T14:50:31","modified_gmt":"2015-06-02T12:50:31","slug":"la-superacion-de-la-marginacion-y-la-pobreza-extrema","status":"publish","type":"post","link":"https:\/\/sabado100.com.ar\/es-ar\/la-superacion-de-la-marginacion-y-la-pobreza-extrema\/","title":{"rendered":"\u00abLa superaci\u00f3n de la marginaci\u00f3n y la pobreza extrema\u00bb"},"content":{"rendered":"<p>Se trata del Te Deum del 25 de Mayo de 2015 presidido por Alejandro Mugna, p\u00e1rroco de la Catedral y vicario general de la di\u00f3cesis de Rafaela.- Esta oraci\u00f3n que compartimos esta ma\u00f1ana est\u00e1 llamada  a ser un gesto de grandeza. Gesto que debe expresar el valor que damos a nuestra Patria, sentimiento genuino de mujeres y hombres que habitamos este suelo y deseamos hondamente dar el paso de habitantes a ciudadanos responsables. Mujeres y hombres que no s\u00f3lo buscamos beneficios y exigimos derechos, sino que estamos dispuestos a cumplir nuestros deberes para construir la Naci\u00f3n (Cfr. HBJS 34).<br \/>\nLa Iglesia tiene un mensaje para toda la humanidad basado en su larga historia de peregrina, pero sobre todo un mensaje de sencillez y humildad que tiene como centro a Jesucristo el Servidor de todos.  Servicio que se expresa en el Amor sin l\u00edmites y que no conoce  barreras sociales, \u00e9tnicas, religiosas ni ideol\u00f3gicas. Es un Amor universal, pero a la vez es el Amor concreto y personalizado que se orienta al coraz\u00f3n de cada persona, busca su salvaci\u00f3n y proclama su dignidad.<br \/>\nEl Papa Francisco al convocar el \u201cA\u00f1o Santo de la Misericordia\u201d cita al Beato Pablo VI, que en 1965 con ocasi\u00f3n de la clausura conciliar  nos dec\u00eda: \u201c\u2026 La antigua historia del samaritano ha sido la pauta de la espiritualidad del Concilio\u2026 Una corriente de afecto y admiraci\u00f3n se ha volcado del Concilio hacia el mundo moderno. Ha reprobado los errores,  s\u00ed,  porque lo exige,  no menos la caridad que la verdad, pero, para las personas, s\u00f3lo invitaci\u00f3n, respeto y amor. El Concilio ha enviado al mundo contempor\u00e1neo en lugar de deprimentes diagn\u00f3sticos, remedios alentadores, en vez de funestos presagios, mensajes de \u00abesperanza: sus valores no s\u00f3lo han sido respetados sino honrados, sostenidos sus incesantes esfuerzos, sus aspiraciones, purificadas y bendecidas \u2026 Otra cosa debemos destacar a\u00fan: toda esta riqueza doctrinal se vuelca en una \u00fanica direcci\u00f3n: servir al hombre. Al hombre en todas sus condiciones, en todas sus debilidades, en todas sus necesidades \u00bb\u201d<br \/>\nEn el contexto de este mensaje vital y esperanzador de la Iglesia al mundo, es que leemos la Par\u00e1bola del Buen Samaritano, recurso utilizado por Jes\u00fas para responder a una inquietud de un doctor de la Ley, que podr\u00edamos sintetizar as\u00ed: \u00bfD\u00f3nde radica la voluntad de Dios?. En orden de prioridades, \u00bfQu\u00e9 es lo m\u00e1s importante para ser fieles a Dios?&#8230;<br \/>\nLa respuesta de Jes\u00fas en lenguaje de par\u00e1bola,  nos deja bien en claro que el verdadero amor fraterno est\u00e1 m\u00e1s all\u00e1 de todo legalismo y de cualquier frontera (Cfr. Nota Biblia del P. de Dios), y a la vez se\u00f1ala actitudes que puede \u201cencarnar\u201d\u2026  \u201chacer propias\u201d, cualquier persona de buena voluntad independientemente de su Credo o ideolog\u00eda. Esas actitudes se desprenden de un humanismo aut\u00e9ntico, que descubre en cualquier persona un igual, no importa bajo qu\u00e9 circunstancias se encuentre un ser humano. No importa su apariencia desfigurada; su \u201cesencia\u201d  lo constituye en un pr\u00f3jimo, en un hermano de condici\u00f3n, que comparte la fragilidad de todo ser humano: una vida valios\u00edsima pero breve, que reclama dignidad, igualdad de posibilidades, felicidad y plenitud.<br \/>\nLos obispos argentinos, al concluir la Asamblea Plenaria el 18 de marzo de este a\u00f1o, nos dejaron un mensaje claro y motivador que titularon: \u201cLas elecciones, exigencia de compromiso ciudadano\u201d y nos dicen: \u201c Las elecciones peri\u00f3dicas y la alternancia en el ejercicio de las funciones de gobierno son elementos normales y al mismo tiempo indispensables de la vida republicana. Como tales, no habr\u00edan de encender violencias o generar enfrentamientos irreductibles, sino ser ocasi\u00f3n para un sano ejercicio de las libertades pol\u00edticas y civiles\u201d (N\u00b0 2),   \u201cEl proceso electoral es una preciosa oportunidad para un debate c\u00edvico acerca del presente y del futuro que deseamos para la Argentina. Es necesario crecer para que un cambio de autoridades no signifique una crisis sino una alternativa normal de la vida democr\u00e1tica\u201d (N\u00b0 3)<br \/>\nA partir de este breve p\u00e1rrafo de nuestros pastores, podemos reflexionar que; es indudable que todos los ciudadanos debemos comprometernos en la construcci\u00f3n de nuestra Patria, pero es verdad que el Pueblo espera de la dirigencia pol\u00edtica una actitud responsable, que supere todo partidismo y que se proyecte con propuestas sostenidas en el tiempo, m\u00e1s all\u00e1 de cualquier gobierno de turno. El Buen Samaritano nos se\u00f1ala un modo de relaci\u00f3n con el \u201cotro\u201d;  ya se trate de un \u201cindividuo\u201d o de un Pueblo, de un \u201cciudadano\u201d o de una Naci\u00f3n y queremos destacarlo, teniendo en cuenta el momento \u00fanico y singular que vive nuestro pa\u00eds, que exige de todos nosotros lo mejor.<br \/>\n1.\tEl Buen Samaritano Se detiene ante el herido\u2026 Su conciencia no le permite pasar de largo, las heridas y el estado delicado de ese hombre son evidentes.<br \/>\nLos obispos exhortan a un \u201cadecuado nivel de madurez c\u00edvica\u201d (N\u00b0 4) que permita una continuidad en las pol\u00edticas de gobierno, lo cual exige el dialogo y el acuerdo previo de los candidatos, nosotros podr\u00edamos traducir como un \u201cdetenerse a mirar las heridas de nuestra Naci\u00f3n\u201d, ellos nos dicen:<br \/>\n\u201cPensamos en algunos objetivos que deber\u00edan ser compartidos por todos, como: la superaci\u00f3n de la marginaci\u00f3n y la pobreza extrema; la desnutrici\u00f3n infantil; la generaci\u00f3n de fuentes de trabajo; el respeto de los derechos humanos y la defensa de la vida desde la concepci\u00f3n hasta la muerte natural; el fortalecimiento de una educaci\u00f3n inclusiva y de calidad; la lucha contra el narcotr\u00e1fico y la trata de personas; la disminuci\u00f3n de la inflaci\u00f3n que impide el crecimiento y erosiona gravemente los ingresos de los m\u00e1s pobres; la transparencia en la administraci\u00f3n p\u00fablica y la lucha contra toda forma de corrupci\u00f3n\u201d (N\u00b0 4.1)<br \/>\nDetenerse a mirar, compromete y nos lleva a buscar la acci\u00f3n concreta ante la realidad, que siempre tiene indicadores que no podemos eludir.<\/p>\n<p>2.\tEl Buen Samaritano se compromete personalmente y no escatima recursos. El \u201cbien del otro\u201d est\u00e1 por encima de sus bienes y de su propio tiempo.<br \/>\n\u201cLa elecci\u00f3n de gobernantes \u2013 nos dicen los obispos-  en los poderes ejecutivos y legislativos de todos los niveles, no debe ser el resultado del \u201cmarketing\u201d. Queremos exhortar a los ciudadanos a un ejercicio de elecci\u00f3n responsable, donde se eval\u00fae a los candidatos no por su imagen medi\u00e1tica sino: Por la honestidad e integridad de las personas, tomando en cuenta su trayectoria, los valores vividos y no solamente declamados. La Argentina ha conocido gobernantes que no usaron la funci\u00f3n p\u00fablica como una ocasi\u00f3n para su enriquecimiento personal o el beneficio de sus amigos, sino como un verdadero servicio, a\u00fan a costa de su propio patrimonio.<br \/>\nPodemos aplicar a nuestro pa\u00eds lo que el Papa Francisco ha dicho hace pocas semanas en su visita a las Filipinas: \u00abes m\u00e1s necesario ahora que nunca que los l\u00edderes pol\u00edticos se distingan por su honestidad, integridad y compromiso con el bien com\u00fan\u201d (N\u00b0 5; N\u00b0 5.1)<\/p>\n<p>3.\tEl Buen Samaritano Involucra a otros, respetando la funci\u00f3n propia de cada uno, Se acerca al due\u00f1o del albergue, le paga y le encarga lo que \u00e9l ya no puede hacer, pero el otro s\u00ed,  porque es su funci\u00f3n y su ocupaci\u00f3n ordinaria\u2026<br \/>\nEn el N\u00b0 4 del Documento los obispos reiteran lo ya expresado en  el a\u00f1o 2010: \u201cla calidad de vida de las personas est\u00e1 fuertemente vinculada a la salud de las instituciones de la Constituci\u00f3n, cuyo deficiente funcionamiento produce un alto costo social. Resulta imprescindible asegurar la independencia del poder judicial y la plena vigencia de la divisi\u00f3n de los poderes republicanos en el seno de la democracia\u201d (HBJS N\u00b0 35)<br \/>\n Y contin\u00faan m\u00e1s adelante: \u201cDialogar y escuchar al otro no es signo de debilidad, sino de grandeza. Es importante reconocer que los otros tambi\u00e9n tienen algo que decir y aportar, y estar dispuestos a trabajar juntos por el bien com\u00fan\u201d (N\u00b0 5.4) \u201cLas elecciones de este a\u00f1o, deber\u00edan ser un momento propicio para iniciar un examen de conciencia colectivo, y para proponernos como sociedad metas exigentes, que nos estimulen a crecer en la cultura del di\u00e1logo y el encuentro\u201d. (N\u00b0 8)<\/p>\n<p>4.\tLa palabra \u201cdada\u201d del Buen Samaritano, tiene un valor que no se discute\u2026 \u201cCu\u00eddalo y lo que gastes de m\u00e1s te lo pagar\u00e9 al volver\u201d (Lc. 10, 35). El pueblo ya no puede vivir de promesas incumplidas, o cumplidas en apariencia, o de promesas que instrumentalizan a los sectores m\u00e1s vulnerables. La ciudadan\u00eda tiene derecho a exigir proyectos serios, y procesos que los aseguren. Ante esto los obispos nos dicen: \u201cQueremos exhortar a los ciudadanos a un ejercicio de elecci\u00f3n responsable, d\u00f3nde se eval\u00fae a los candidatos\u2026 Por la capacidad y la idoneidad de las personas\u2026 Por las propuestas y las ideas. En caso de candidatos que ya han ejercido funciones p\u00fablicas: se habr\u00e1 de tener en cuenta el empe\u00f1o que han puesto en cumplir con sus promesas. Es necesario que cada candidato haga conocer con claridad y detalle lo que se propone impulsar y realizar. En este sentido, nos parece indispensable que se organicen debates serios y a fondo, donde se puedan confrontar propuestas y proyectos. Es inaceptable evadir el debate de ideas y plataformas\u201d (cfr. Nos. 5 al 5.3).<br \/>\nDeseamos que este llamado de los obispos nos haga crecer a todos, nos agrande el coraz\u00f3n con el deseo de que como pa\u00eds,  podamos ofrecer al mundo un lugar m\u00e1s semejante a lo que Dios sue\u00f1a para la humanidad (Cfr. N\u00b0 7). La Liturgia de la Iglesia nos habla de Jes\u00fas como \u201cBuen Samaritano que se acerca a todo hombre que sufre en su cuerpo o en su esp\u00edritu, y cura sus heridas con el aceite del consuelo y el vino de la esperanza\u201d (Misal Romano). Movidos por la fe  pidamos a Jes\u00fas que cure nuestras heridas, fortalezca nuestras capacidades y haga crecer nuestras virtudes\u2026<br \/>\n\u201cJesucristo, Se\u00f1or de la Historia, te necesitamos\u201d. Am\u00e9n<\/p>\n","protected":false},"excerpt":{"rendered":"<p>Se trata del Te Deum del 25 de Mayo de 2015 presidido por Alejandro Mugna, p\u00e1rroco de la Catedral y [&hellip;]<\/p>\n","protected":false},"author":2,"featured_media":0,"comment_status":"open","ping_status":"closed","sticky":false,"template":"","format":"standard","meta":{"site-sidebar-layout":"default","site-content-layout":"","ast-site-content-layout":"default","site-content-style":"default","site-sidebar-style":"default","ast-global-header-display":"","ast-banner-title-visibility":"","ast-main-header-display":"","ast-hfb-above-header-display":"","ast-hfb-below-header-display":"","ast-hfb-mobile-header-display":"","site-post-title":"","ast-breadcrumbs-content":"","ast-featured-img":"","footer-sml-layout":"","ast-disable-related-posts":"","theme-transparent-header-meta":"","adv-header-id-meta":"","stick-header-meta":"","header-above-stick-meta":"","header-main-stick-meta":"","header-below-stick-meta":"","astra-migrate-meta-layouts":"default","ast-page-background-enabled":"default","ast-page-background-meta":{"desktop":{"background-color":"var(--ast-global-color-4)","background-image":"","background-repeat":"repeat","background-position":"center center","background-size":"auto","background-attachment":"scroll","background-type":"","background-media":"","overlay-type":"","overlay-color":"","overlay-opacity":"","overlay-gradient":""},"tablet":{"background-color":"","background-image":"","background-repeat":"repeat","background-position":"center center","background-size":"auto","background-attachment":"scroll","background-type":"","background-media":"","overlay-type":"","overlay-color":"","overlay-opacity":"","overlay-gradient":""},"mobile":{"background-color":"","background-image":"","background-repeat":"repeat","background-position":"center center","background-size":"auto","background-attachment":"scroll","background-type":"","background-media":"","overlay-type":"","overlay-color":"","overlay-opacity":"","overlay-gradient":""}},"ast-content-background-meta":{"desktop":{"background-color":"var(--ast-global-color-5)","background-image":"","background-repeat":"repeat","background-position":"center center","background-size":"auto","background-attachment":"scroll","background-type":"","background-media":"","overlay-type":"","overlay-color":"","overlay-opacity":"","overlay-gradient":""},"tablet":{"background-color":"var(--ast-global-color-5)","background-image":"","background-repeat":"repeat","background-position":"center center","background-size":"auto","background-attachment":"scroll","background-type":"","background-media":"","overlay-type":"","overlay-color":"","overlay-opacity":"","overlay-gradient":""},"mobile":{"background-color":"var(--ast-global-color-5)","background-image":"","background-repeat":"repeat","background-position":"center center","background-size":"auto","background-attachment":"scroll","background-type":"","background-media":"","overlay-type":"","overlay-color":"","overlay-opacity":"","overlay-gradient":""}},"footnotes":""},"categories":[4,29],"tags":[],"class_list":["post-4104","post","type-post","status-publish","format-standard","hentry","category-cultura-y-sociedad","category-religion"],"yoast_head":"<!-- This site is optimized with the Yoast SEO plugin v23.2 - https:\/\/yoast.com\/wordpress\/plugins\/seo\/ -->\n<title>&quot;La superaci\u00f3n de la marginaci\u00f3n y la pobreza extrema&quot; - Sabado 100<\/title>\n<meta name=\"robots\" content=\"index, follow, max-snippet:-1, max-image-preview:large, max-video-preview:-1\" \/>\n<link rel=\"canonical\" href=\"https:\/\/sabado100.com.ar\/es-ar\/la-superacion-de-la-marginacion-y-la-pobreza-extrema\/\" \/>\n<meta property=\"og:locale\" content=\"es_ES\" \/>\n<meta property=\"og:type\" content=\"article\" \/>\n<meta property=\"og:title\" content=\"&quot;La superaci\u00f3n de la marginaci\u00f3n y la pobreza extrema&quot; - Sabado 100\" \/>\n<meta property=\"og:description\" content=\"Se trata del Te Deum del 25 de Mayo de 2015 presidido por Alejandro Mugna, p\u00e1rroco de la Catedral y [&hellip;]\" \/>\n<meta property=\"og:url\" content=\"https:\/\/sabado100.com.ar\/es-ar\/la-superacion-de-la-marginacion-y-la-pobreza-extrema\/\" \/>\n<meta property=\"og:site_name\" content=\"Sabado 100\" \/>\n<meta property=\"article:publisher\" content=\"https:\/\/www.facebook.com\/sabadocien\/\" \/>\n<meta property=\"article:published_time\" content=\"2015-06-02T12:50:31+00:00\" \/>\n<meta name=\"author\" content=\"sabado cien\" \/>\n<meta name=\"twitter:card\" content=\"summary_large_image\" \/>\n<meta name=\"twitter:label1\" content=\"Escrito por\" \/>\n\t<meta name=\"twitter:data1\" content=\"sabado cien\" \/>\n\t<meta name=\"twitter:label2\" content=\"Tiempo de lectura\" \/>\n\t<meta name=\"twitter:data2\" content=\"9 minutos\" \/>\n<script type=\"application\/ld+json\" class=\"yoast-schema-graph\">{\"@context\":\"https:\/\/schema.org\",\"@graph\":[{\"@type\":\"Article\",\"@id\":\"https:\/\/sabado100.com.ar\/es-ar\/la-superacion-de-la-marginacion-y-la-pobreza-extrema\/#article\",\"isPartOf\":{\"@id\":\"https:\/\/sabado100.com.ar\/es-ar\/la-superacion-de-la-marginacion-y-la-pobreza-extrema\/\"},\"author\":{\"name\":\"sabado cien\",\"@id\":\"https:\/\/sabado100.com.ar\/es-ar\/#\/schema\/person\/58e38b918ef4e44b11398f25d4684c6d\"},\"headline\":\"\u00abLa superaci\u00f3n de la marginaci\u00f3n y la pobreza extrema\u00bb\",\"datePublished\":\"2015-06-02T12:50:31+00:00\",\"dateModified\":\"2015-06-02T12:50:31+00:00\",\"mainEntityOfPage\":{\"@id\":\"https:\/\/sabado100.com.ar\/es-ar\/la-superacion-de-la-marginacion-y-la-pobreza-extrema\/\"},\"wordCount\":1728,\"commentCount\":0,\"publisher\":{\"@id\":\"https:\/\/sabado100.com.ar\/es-ar\/#organization\"},\"articleSection\":[\"Cultura y Sociedad\",\"Religi\u00f3n\"],\"inLanguage\":\"es\",\"potentialAction\":[{\"@type\":\"CommentAction\",\"name\":\"Comment\",\"target\":[\"https:\/\/sabado100.com.ar\/es-ar\/la-superacion-de-la-marginacion-y-la-pobreza-extrema\/#respond\"]}]},{\"@type\":\"WebPage\",\"@id\":\"https:\/\/sabado100.com.ar\/es-ar\/la-superacion-de-la-marginacion-y-la-pobreza-extrema\/\",\"url\":\"https:\/\/sabado100.com.ar\/es-ar\/la-superacion-de-la-marginacion-y-la-pobreza-extrema\/\",\"name\":\"\\\"La superaci\u00f3n de la marginaci\u00f3n y la pobreza extrema\\\" - Sabado 100\",\"isPartOf\":{\"@id\":\"https:\/\/sabado100.com.ar\/es-ar\/#website\"},\"datePublished\":\"2015-06-02T12:50:31+00:00\",\"dateModified\":\"2015-06-02T12:50:31+00:00\",\"breadcrumb\":{\"@id\":\"https:\/\/sabado100.com.ar\/es-ar\/la-superacion-de-la-marginacion-y-la-pobreza-extrema\/#breadcrumb\"},\"inLanguage\":\"es\",\"potentialAction\":[{\"@type\":\"ReadAction\",\"target\":[\"https:\/\/sabado100.com.ar\/es-ar\/la-superacion-de-la-marginacion-y-la-pobreza-extrema\/\"]}]},{\"@type\":\"BreadcrumbList\",\"@id\":\"https:\/\/sabado100.com.ar\/es-ar\/la-superacion-de-la-marginacion-y-la-pobreza-extrema\/#breadcrumb\",\"itemListElement\":[{\"@type\":\"ListItem\",\"position\":1,\"name\":\"Portada\",\"item\":\"https:\/\/sabado100.com.ar\/es-ar\/\"},{\"@type\":\"ListItem\",\"position\":2,\"name\":\"\u00abLa superaci\u00f3n de la marginaci\u00f3n y la pobreza extrema\u00bb\"}]},{\"@type\":\"WebSite\",\"@id\":\"https:\/\/sabado100.com.ar\/es-ar\/#website\",\"url\":\"https:\/\/sabado100.com.ar\/es-ar\/\",\"name\":\"Sabado 100\",\"description\":\"\",\"publisher\":{\"@id\":\"https:\/\/sabado100.com.ar\/es-ar\/#organization\"},\"potentialAction\":[{\"@type\":\"SearchAction\",\"target\":{\"@type\":\"EntryPoint\",\"urlTemplate\":\"https:\/\/sabado100.com.ar\/es-ar\/?s={search_term_string}\"},\"query-input\":\"required name=search_term_string\"}],\"inLanguage\":\"es\"},{\"@type\":\"Organization\",\"@id\":\"https:\/\/sabado100.com.ar\/es-ar\/#organization\",\"name\":\"Sabado 100\",\"url\":\"https:\/\/sabado100.com.ar\/es-ar\/\",\"logo\":{\"@type\":\"ImageObject\",\"inLanguage\":\"es\",\"@id\":\"https:\/\/sabado100.com.ar\/es-ar\/#\/schema\/logo\/image\/\",\"url\":\"https:\/\/sabado100.com.ar\/es-ar\/wp-content\/uploads\/2024\/04\/logo3.jpg\",\"contentUrl\":\"https:\/\/sabado100.com.ar\/es-ar\/wp-content\/uploads\/2024\/04\/logo3.jpg\",\"width\":300,\"height\":174,\"caption\":\"Sabado 100\"},\"image\":{\"@id\":\"https:\/\/sabado100.com.ar\/es-ar\/#\/schema\/logo\/image\/\"},\"sameAs\":[\"https:\/\/www.facebook.com\/sabadocien\/\",\"https:\/\/www.instagram.com\/sabado100.com.ar\/\",\"https:\/\/www.youtube.com\/@sabado1003\"]},{\"@type\":\"Person\",\"@id\":\"https:\/\/sabado100.com.ar\/es-ar\/#\/schema\/person\/58e38b918ef4e44b11398f25d4684c6d\",\"name\":\"sabado cien\",\"image\":{\"@type\":\"ImageObject\",\"inLanguage\":\"es\",\"@id\":\"https:\/\/sabado100.com.ar\/es-ar\/#\/schema\/person\/image\/\",\"url\":\"https:\/\/sabado100.com.ar\/es-ar\/wp-content\/litespeed\/avatar\/484bccfbd493fbb703b0f1b8113dad61.jpg?ver=1787731622\",\"contentUrl\":\"https:\/\/sabado100.com.ar\/es-ar\/wp-content\/litespeed\/avatar\/484bccfbd493fbb703b0f1b8113dad61.jpg?ver=1787731622\",\"caption\":\"sabado cien\"},\"url\":\"https:\/\/sabado100.com.ar\/es-ar\/author\/sabado100\/\"}]}<\/script>\n<!-- \/ Yoast SEO plugin. -->","yoast_head_json":{"title":"\"La superaci\u00f3n de la marginaci\u00f3n y la pobreza extrema\" - Sabado 100","robots":{"index":"index","follow":"follow","max-snippet":"max-snippet:-1","max-image-preview":"max-image-preview:large","max-video-preview":"max-video-preview:-1"},"canonical":"https:\/\/sabado100.com.ar\/es-ar\/la-superacion-de-la-marginacion-y-la-pobreza-extrema\/","og_locale":"es_ES","og_type":"article","og_title":"\"La superaci\u00f3n de la marginaci\u00f3n y la pobreza extrema\" - Sabado 100","og_description":"Se trata del Te Deum del 25 de Mayo de 2015 presidido por Alejandro Mugna, p\u00e1rroco de la Catedral y [&hellip;]","og_url":"https:\/\/sabado100.com.ar\/es-ar\/la-superacion-de-la-marginacion-y-la-pobreza-extrema\/","og_site_name":"Sabado 100","article_publisher":"https:\/\/www.facebook.com\/sabadocien\/","article_published_time":"2015-06-02T12:50:31+00:00","author":"sabado cien","twitter_card":"summary_large_image","twitter_misc":{"Escrito por":"sabado cien","Tiempo de lectura":"9 minutos"},"schema":{"@context":"https:\/\/schema.org","@graph":[{"@type":"Article","@id":"https:\/\/sabado100.com.ar\/es-ar\/la-superacion-de-la-marginacion-y-la-pobreza-extrema\/#article","isPartOf":{"@id":"https:\/\/sabado100.com.ar\/es-ar\/la-superacion-de-la-marginacion-y-la-pobreza-extrema\/"},"author":{"name":"sabado cien","@id":"https:\/\/sabado100.com.ar\/es-ar\/#\/schema\/person\/58e38b918ef4e44b11398f25d4684c6d"},"headline":"\u00abLa superaci\u00f3n de la marginaci\u00f3n y la pobreza extrema\u00bb","datePublished":"2015-06-02T12:50:31+00:00","dateModified":"2015-06-02T12:50:31+00:00","mainEntityOfPage":{"@id":"https:\/\/sabado100.com.ar\/es-ar\/la-superacion-de-la-marginacion-y-la-pobreza-extrema\/"},"wordCount":1728,"commentCount":0,"publisher":{"@id":"https:\/\/sabado100.com.ar\/es-ar\/#organization"},"articleSection":["Cultura y Sociedad","Religi\u00f3n"],"inLanguage":"es","potentialAction":[{"@type":"CommentAction","name":"Comment","target":["https:\/\/sabado100.com.ar\/es-ar\/la-superacion-de-la-marginacion-y-la-pobreza-extrema\/#respond"]}]},{"@type":"WebPage","@id":"https:\/\/sabado100.com.ar\/es-ar\/la-superacion-de-la-marginacion-y-la-pobreza-extrema\/","url":"https:\/\/sabado100.com.ar\/es-ar\/la-superacion-de-la-marginacion-y-la-pobreza-extrema\/","name":"\"La superaci\u00f3n de la marginaci\u00f3n y la pobreza extrema\" - Sabado 100","isPartOf":{"@id":"https:\/\/sabado100.com.ar\/es-ar\/#website"},"datePublished":"2015-06-02T12:50:31+00:00","dateModified":"2015-06-02T12:50:31+00:00","breadcrumb":{"@id":"https:\/\/sabado100.com.ar\/es-ar\/la-superacion-de-la-marginacion-y-la-pobreza-extrema\/#breadcrumb"},"inLanguage":"es","potentialAction":[{"@type":"ReadAction","target":["https:\/\/sabado100.com.ar\/es-ar\/la-superacion-de-la-marginacion-y-la-pobreza-extrema\/"]}]},{"@type":"BreadcrumbList","@id":"https:\/\/sabado100.com.ar\/es-ar\/la-superacion-de-la-marginacion-y-la-pobreza-extrema\/#breadcrumb","itemListElement":[{"@type":"ListItem","position":1,"name":"Portada","item":"https:\/\/sabado100.com.ar\/es-ar\/"},{"@type":"ListItem","position":2,"name":"\u00abLa superaci\u00f3n de la marginaci\u00f3n y la pobreza extrema\u00bb"}]},{"@type":"WebSite","@id":"https:\/\/sabado100.com.ar\/es-ar\/#website","url":"https:\/\/sabado100.com.ar\/es-ar\/","name":"Sabado 100","description":"","publisher":{"@id":"https:\/\/sabado100.com.ar\/es-ar\/#organization"},"potentialAction":[{"@type":"SearchAction","target":{"@type":"EntryPoint","urlTemplate":"https:\/\/sabado100.com.ar\/es-ar\/?s={search_term_string}"},"query-input":"required name=search_term_string"}],"inLanguage":"es"},{"@type":"Organization","@id":"https:\/\/sabado100.com.ar\/es-ar\/#organization","name":"Sabado 100","url":"https:\/\/sabado100.com.ar\/es-ar\/","logo":{"@type":"ImageObject","inLanguage":"es","@id":"https:\/\/sabado100.com.ar\/es-ar\/#\/schema\/logo\/image\/","url":"https:\/\/sabado100.com.ar\/es-ar\/wp-content\/uploads\/2024\/04\/logo3.jpg","contentUrl":"https:\/\/sabado100.com.ar\/es-ar\/wp-content\/uploads\/2024\/04\/logo3.jpg","width":300,"height":174,"caption":"Sabado 100"},"image":{"@id":"https:\/\/sabado100.com.ar\/es-ar\/#\/schema\/logo\/image\/"},"sameAs":["https:\/\/www.facebook.com\/sabadocien\/","https:\/\/www.instagram.com\/sabado100.com.ar\/","https:\/\/www.youtube.com\/@sabado1003"]},{"@type":"Person","@id":"https:\/\/sabado100.com.ar\/es-ar\/#\/schema\/person\/58e38b918ef4e44b11398f25d4684c6d","name":"sabado cien","image":{"@type":"ImageObject","inLanguage":"es","@id":"https:\/\/sabado100.com.ar\/es-ar\/#\/schema\/person\/image\/","url":"https:\/\/sabado100.com.ar\/es-ar\/wp-content\/litespeed\/avatar\/484bccfbd493fbb703b0f1b8113dad61.jpg?ver=1787731622","contentUrl":"https:\/\/sabado100.com.ar\/es-ar\/wp-content\/litespeed\/avatar\/484bccfbd493fbb703b0f1b8113dad61.jpg?ver=1787731622","caption":"sabado cien"},"url":"https:\/\/sabado100.com.ar\/es-ar\/author\/sabado100\/"}]}},"_links":{"self":[{"href":"https:\/\/sabado100.com.ar\/es-ar\/wp-json\/wp\/v2\/posts\/4104","targetHints":{"allow":["GET"]}}],"collection":[{"href":"https:\/\/sabado100.com.ar\/es-ar\/wp-json\/wp\/v2\/posts"}],"about":[{"href":"https:\/\/sabado100.com.ar\/es-ar\/wp-json\/wp\/v2\/types\/post"}],"author":[{"embeddable":true,"href":"https:\/\/sabado100.com.ar\/es-ar\/wp-json\/wp\/v2\/users\/2"}],"replies":[{"embeddable":true,"href":"https:\/\/sabado100.com.ar\/es-ar\/wp-json\/wp\/v2\/comments?post=4104"}],"version-history":[{"count":0,"href":"https:\/\/sabado100.com.ar\/es-ar\/wp-json\/wp\/v2\/posts\/4104\/revisions"}],"wp:attachment":[{"href":"https:\/\/sabado100.com.ar\/es-ar\/wp-json\/wp\/v2\/media?parent=4104"}],"wp:term":[{"taxonomy":"category","embeddable":true,"href":"https:\/\/sabado100.com.ar\/es-ar\/wp-json\/wp\/v2\/categories?post=4104"},{"taxonomy":"post_tag","embeddable":true,"href":"https:\/\/sabado100.com.ar\/es-ar\/wp-json\/wp\/v2\/tags?post=4104"}],"curies":[{"name":"wp","href":"https:\/\/api.w.org\/{rel}","templated":true}]}}