{"id":4078,"date":"2015-05-13T22:08:14","date_gmt":"2015-05-13T20:08:14","guid":{"rendered":"https:\/\/www.sabado100.com.ar\/?p=4078"},"modified":"2015-05-13T22:08:14","modified_gmt":"2015-05-13T20:08:14","slug":"fragmentacion-social-y-politica","status":"publish","type":"post","link":"https:\/\/sabado100.com.ar\/es-ar\/fragmentacion-social-y-politica\/","title":{"rendered":"Fragmentaci\u00f3n social y pol\u00edtica"},"content":{"rendered":"<p><strong>Por Mar\u00eda Herminia Grande.-<\/strong> Mientras los temas prioritarios lejos de resolverse se agravan: hambre, narcotr\u00e1fico, educaci\u00f3n acorde al siglo 21; los candidatos destinados a resolverlos se diluyen en vanidades y se dan un ba\u00f1o de far\u00e1ndula en lo de Tinelli. Dos prestigiosos investigadores del CONICET ponen sobre la mesa una vez m\u00e1s las verdaderas urgencias. Urgencias que por falta de atenci\u00f3n y resoluci\u00f3n se han vuelto cr\u00f3nicas: la desnutrici\u00f3n y la pobreza. El Dr. Fernando Longhi ha reeditado y comparado con datos actuales un libro que escribi\u00f3 el primer estad\u00edstico tucumano en 1889 sobre la desnutrici\u00f3n y mortalidad infantil de entonces.  En 1885 el inmigrante espa\u00f1ol Rodriguez Marquina iba al encuentro de las estad\u00edsticas  poni\u00e9ndole rostros y caracterizando a los ni\u00f1os protagonistas de sus n\u00fameros. A continuaci\u00f3n transcribimos un fragmento que lamentablemente  130 a\u00f1os despu\u00e9s si recorri\u00e9ramos los mismos lugares encontrar\u00edamos el mismo resultado: \u201cSobre este almac\u00e9n de basura  y podredumbre un ni\u00f1o de mirada perdida se entretiene chupando la punta de inmundos trapos, mientras que en la otra punta de esa variada superficie aparecen otros ojos negros, sin brillo ( hermosos si no les hubiese faltado la vida de la inteligencia),  hundidos en sus \u00f3rbitas sin que de ellos broten una l\u00e1grima o un destello\u201d.<\/p>\n<p>M\u00e1s de un siglo despu\u00e9s dice el Dr. Longhi que \u201cla magnitud de la desnutrici\u00f3n baja pero la brecha sigue igual. Si comparamos este fen\u00f3meno entre Tucum\u00e1n y Capital Federal, sigue habiendo dos o tres veces de diferencia. La desigualdad persistente en el tiempo se convierte en fragmentaci\u00f3n. A veces se confunde hambre con desnutrici\u00f3n. El hambre es una necesidad fisiol\u00f3gica moment\u00e1nea. La desnutrici\u00f3n es la acumulaci\u00f3n de todos los hambres\u201d<\/p>\n<p>La investigadora del Conicet especialista en desarrollo ling\u00fc\u00edstico y cognitivo  Dra Ana Mar\u00eda Borzone nos habla de un fen\u00f3meno m\u00e1s reciente: el fracaso educativo.  Nuestro pa\u00eds debiese aprovechar el recurso humano residual que aun tiene, producto de aquella educaci\u00f3n de excelencia que supo acu\u00f1ar.  Borzone dice: \u201cArgentina ha capitulado en el tema educativo. No hay decisi\u00f3n pol\u00edtica para terminar con el fracaso educativo. Se debiese realizar todo lo contrario a lo que hoy se hace. La mala alfabetizaci\u00f3n es desnutrici\u00f3n cognitiva, poda neuronal y p\u00e9rdida de cerebro. El problema educativo en Argentina se ha transformado en un enorme problema social. Los chicos que pierden la escuela los gana la droga. La educaci\u00f3n no se nutre de eslogan sino de estad\u00edsticas. No debemos discutir m\u00e1s sobre esto. Los investigadores en el 2012 nos reunimos en EEUU con resultados en la mano, ya se sabe lo que se debe realizar. Mi equipo interdisciplinario est\u00e1 preparado para hacerlo.  Hay que empezar a los 3 a\u00f1os, el cerebro no espera, hay que empezar temprano\u201d.<\/p>\n<p>La realidad se muestra obscenamente al desnudo. Los responsables pol\u00edticos  que deber\u00edan transformarla  se muestran ocupados en otros menesteres, en el peor de los vicios pol\u00edticos: \u201cel yo\u00edsmo\u201d. La sistem\u00e1tica destrucci\u00f3n de los partidos pol\u00edticos agudiza estos pecados.<\/p>\n<p>Sergio Massa  sigue perdiendo cual margarita deshojada, a  hombres claves del proyecto Renovador. Primero perdi\u00f3 a Reutemann, le siguieron  Gustavo Posse, Jes\u00fas Cariglino, Juanjo \u00c1lvarez, Alberto Fern\u00e1ndez, recientemente Dar\u00edo Giustozzi. Si bien desde su entorno cercano castigan a este  diputado por decir y hacer los que muchos callan, lo cierto es que los hechos van convalidando lo expresado por Giustozzi: \u201cMassa no est\u00e1 preparado para ser Presidente de Argentina\u201d. Todo indica que desde hace un tiempo descansa pol\u00edticamente en los consejos de su mujer Malena. No s\u00f3lo Massa delega en su esposa, Scioli tambi\u00e9n le da misiones pol\u00edticas que suenan excesivas.  Karina vino a Santa Fe a respaldar a Perotti. Massa visualiza dos candidatos santafesinos para su f\u00f3rmula. Uno (no peronista) se excus\u00f3 dici\u00e9ndole que no.<\/p>\n<p>En el Frente parta la Victoria  la Presidente pidi\u00f3  reducir la cantidad de candidatos tanto presidenciales como a gobernador de Buenos Aires; a cinco d\u00edas de ello no se suscit\u00f3 ning\u00fan renunciamiento.<\/p>\n<p>En Santa Fe se observa un intento de parte  del oficialismo de polarizar la elecci\u00f3n a gobernador. Una lectura fina del resultado de las PASO dan otra visi\u00f3n: hay una conversaci\u00f3n de tres.<\/p>\n<p>@mhgrande<\/p>\n<p>htpps:\/\/www.facebook.com\/mgperiodismo<\/p>\n","protected":false},"excerpt":{"rendered":"<p>Por Mar\u00eda Herminia Grande.- Mientras los temas prioritarios lejos de resolverse se agravan: hambre, narcotr\u00e1fico, educaci\u00f3n acorde al siglo 21; [&hellip;]<\/p>\n","protected":false},"author":2,"featured_media":0,"comment_status":"open","ping_status":"closed","sticky":false,"template":"","format":"standard","meta":{"site-sidebar-layout":"default","site-content-layout":"","ast-site-content-layout":"default","site-content-style":"default","site-sidebar-style":"default","ast-global-header-display":"","ast-banner-title-visibility":"","ast-main-header-display":"","ast-hfb-above-header-display":"","ast-hfb-below-header-display":"","ast-hfb-mobile-header-display":"","site-post-title":"","ast-breadcrumbs-content":"","ast-featured-img":"","footer-sml-layout":"","ast-disable-related-posts":"","theme-transparent-header-meta":"","adv-header-id-meta":"","stick-header-meta":"","header-above-stick-meta":"","header-main-stick-meta":"","header-below-stick-meta":"","astra-migrate-meta-layouts":"default","ast-page-background-enabled":"default","ast-page-background-meta":{"desktop":{"background-color":"var(--ast-global-color-4)","background-image":"","background-repeat":"repeat","background-position":"center center","background-size":"auto","background-attachment":"scroll","background-type":"","background-media":"","overlay-type":"","overlay-color":"","overlay-opacity":"","overlay-gradient":""},"tablet":{"background-color":"","background-image":"","background-repeat":"repeat","background-position":"center center","background-size":"auto","background-attachment":"scroll","background-type":"","background-media":"","overlay-type":"","overlay-color":"","overlay-opacity":"","overlay-gradient":""},"mobile":{"background-color":"","background-image":"","background-repeat":"repeat","background-position":"center center","background-size":"auto","background-attachment":"scroll","background-type":"","background-media":"","overlay-type":"","overlay-color":"","overlay-opacity":"","overlay-gradient":""}},"ast-content-background-meta":{"desktop":{"background-color":"var(--ast-global-color-5)","background-image":"","background-repeat":"repeat","background-position":"center center","background-size":"auto","background-attachment":"scroll","background-type":"","background-media":"","overlay-type":"","overlay-color":"","overlay-opacity":"","overlay-gradient":""},"tablet":{"background-color":"var(--ast-global-color-5)","background-image":"","background-repeat":"repeat","background-position":"center center","background-size":"auto","background-attachment":"scroll","background-type":"","background-media":"","overlay-type":"","overlay-color":"","overlay-opacity":"","overlay-gradient":""},"mobile":{"background-color":"var(--ast-global-color-5)","background-image":"","background-repeat":"repeat","background-position":"center center","background-size":"auto","background-attachment":"scroll","background-type":"","background-media":"","overlay-type":"","overlay-color":"","overlay-opacity":"","overlay-gradient":""}},"footnotes":""},"categories":[5],"tags":[5348],"class_list":["post-4078","post","type-post","status-publish","format-standard","hentry","category-politica","tag-fragmentacion-social-y-politica"],"yoast_head":"<!-- This site is optimized with the Yoast SEO plugin v23.2 - https:\/\/yoast.com\/wordpress\/plugins\/seo\/ -->\n<title>Fragmentaci\u00f3n social y pol\u00edtica - Sabado 100<\/title>\n<meta name=\"robots\" content=\"index, follow, max-snippet:-1, max-image-preview:large, max-video-preview:-1\" \/>\n<link rel=\"canonical\" href=\"https:\/\/sabado100.com.ar\/es-ar\/fragmentacion-social-y-politica\/\" \/>\n<meta property=\"og:locale\" content=\"es_ES\" \/>\n<meta property=\"og:type\" content=\"article\" \/>\n<meta property=\"og:title\" content=\"Fragmentaci\u00f3n social y pol\u00edtica - Sabado 100\" \/>\n<meta property=\"og:description\" content=\"Por Mar\u00eda Herminia Grande.- Mientras los temas prioritarios lejos de resolverse se agravan: hambre, narcotr\u00e1fico, educaci\u00f3n acorde al siglo 21; [&hellip;]\" \/>\n<meta property=\"og:url\" content=\"https:\/\/sabado100.com.ar\/es-ar\/fragmentacion-social-y-politica\/\" \/>\n<meta property=\"og:site_name\" content=\"Sabado 100\" \/>\n<meta property=\"article:publisher\" content=\"https:\/\/www.facebook.com\/sabadocien\/\" \/>\n<meta property=\"article:published_time\" content=\"2015-05-13T20:08:14+00:00\" \/>\n<meta name=\"author\" content=\"sabado cien\" \/>\n<meta name=\"twitter:card\" content=\"summary_large_image\" \/>\n<meta name=\"twitter:label1\" content=\"Escrito por\" \/>\n\t<meta name=\"twitter:data1\" content=\"sabado cien\" \/>\n\t<meta name=\"twitter:label2\" content=\"Tiempo de lectura\" \/>\n\t<meta name=\"twitter:data2\" content=\"4 minutos\" \/>\n<script type=\"application\/ld+json\" class=\"yoast-schema-graph\">{\"@context\":\"https:\/\/schema.org\",\"@graph\":[{\"@type\":\"Article\",\"@id\":\"https:\/\/sabado100.com.ar\/es-ar\/fragmentacion-social-y-politica\/#article\",\"isPartOf\":{\"@id\":\"https:\/\/sabado100.com.ar\/es-ar\/fragmentacion-social-y-politica\/\"},\"author\":{\"name\":\"sabado cien\",\"@id\":\"https:\/\/sabado100.com.ar\/es-ar\/#\/schema\/person\/58e38b918ef4e44b11398f25d4684c6d\"},\"headline\":\"Fragmentaci\u00f3n social y pol\u00edtica\",\"datePublished\":\"2015-05-13T20:08:14+00:00\",\"dateModified\":\"2015-05-13T20:08:14+00:00\",\"mainEntityOfPage\":{\"@id\":\"https:\/\/sabado100.com.ar\/es-ar\/fragmentacion-social-y-politica\/\"},\"wordCount\":755,\"commentCount\":0,\"publisher\":{\"@id\":\"https:\/\/sabado100.com.ar\/es-ar\/#organization\"},\"keywords\":[\"Fragmentaci\u00f3n social y pol\u00edtica\"],\"articleSection\":[\"Pol\u00edtica\"],\"inLanguage\":\"es\",\"potentialAction\":[{\"@type\":\"CommentAction\",\"name\":\"Comment\",\"target\":[\"https:\/\/sabado100.com.ar\/es-ar\/fragmentacion-social-y-politica\/#respond\"]}]},{\"@type\":\"WebPage\",\"@id\":\"https:\/\/sabado100.com.ar\/es-ar\/fragmentacion-social-y-politica\/\",\"url\":\"https:\/\/sabado100.com.ar\/es-ar\/fragmentacion-social-y-politica\/\",\"name\":\"Fragmentaci\u00f3n social y pol\u00edtica - Sabado 100\",\"isPartOf\":{\"@id\":\"https:\/\/sabado100.com.ar\/es-ar\/#website\"},\"datePublished\":\"2015-05-13T20:08:14+00:00\",\"dateModified\":\"2015-05-13T20:08:14+00:00\",\"breadcrumb\":{\"@id\":\"https:\/\/sabado100.com.ar\/es-ar\/fragmentacion-social-y-politica\/#breadcrumb\"},\"inLanguage\":\"es\",\"potentialAction\":[{\"@type\":\"ReadAction\",\"target\":[\"https:\/\/sabado100.com.ar\/es-ar\/fragmentacion-social-y-politica\/\"]}]},{\"@type\":\"BreadcrumbList\",\"@id\":\"https:\/\/sabado100.com.ar\/es-ar\/fragmentacion-social-y-politica\/#breadcrumb\",\"itemListElement\":[{\"@type\":\"ListItem\",\"position\":1,\"name\":\"Portada\",\"item\":\"https:\/\/sabado100.com.ar\/es-ar\/\"},{\"@type\":\"ListItem\",\"position\":2,\"name\":\"Fragmentaci\u00f3n social y pol\u00edtica\"}]},{\"@type\":\"WebSite\",\"@id\":\"https:\/\/sabado100.com.ar\/es-ar\/#website\",\"url\":\"https:\/\/sabado100.com.ar\/es-ar\/\",\"name\":\"Sabado 100\",\"description\":\"\",\"publisher\":{\"@id\":\"https:\/\/sabado100.com.ar\/es-ar\/#organization\"},\"potentialAction\":[{\"@type\":\"SearchAction\",\"target\":{\"@type\":\"EntryPoint\",\"urlTemplate\":\"https:\/\/sabado100.com.ar\/es-ar\/?s={search_term_string}\"},\"query-input\":\"required name=search_term_string\"}],\"inLanguage\":\"es\"},{\"@type\":\"Organization\",\"@id\":\"https:\/\/sabado100.com.ar\/es-ar\/#organization\",\"name\":\"Sabado 100\",\"url\":\"https:\/\/sabado100.com.ar\/es-ar\/\",\"logo\":{\"@type\":\"ImageObject\",\"inLanguage\":\"es\",\"@id\":\"https:\/\/sabado100.com.ar\/es-ar\/#\/schema\/logo\/image\/\",\"url\":\"https:\/\/sabado100.com.ar\/es-ar\/wp-content\/uploads\/2024\/04\/logo3.jpg\",\"contentUrl\":\"https:\/\/sabado100.com.ar\/es-ar\/wp-content\/uploads\/2024\/04\/logo3.jpg\",\"width\":300,\"height\":174,\"caption\":\"Sabado 100\"},\"image\":{\"@id\":\"https:\/\/sabado100.com.ar\/es-ar\/#\/schema\/logo\/image\/\"},\"sameAs\":[\"https:\/\/www.facebook.com\/sabadocien\/\",\"https:\/\/www.instagram.com\/sabado100.com.ar\/\",\"https:\/\/www.youtube.com\/@sabado1003\"]},{\"@type\":\"Person\",\"@id\":\"https:\/\/sabado100.com.ar\/es-ar\/#\/schema\/person\/58e38b918ef4e44b11398f25d4684c6d\",\"name\":\"sabado cien\",\"image\":{\"@type\":\"ImageObject\",\"inLanguage\":\"es\",\"@id\":\"https:\/\/sabado100.com.ar\/es-ar\/#\/schema\/person\/image\/\",\"url\":\"https:\/\/sabado100.com.ar\/es-ar\/wp-content\/litespeed\/avatar\/484bccfbd493fbb703b0f1b8113dad61.jpg?ver=1787731622\",\"contentUrl\":\"https:\/\/sabado100.com.ar\/es-ar\/wp-content\/litespeed\/avatar\/484bccfbd493fbb703b0f1b8113dad61.jpg?ver=1787731622\",\"caption\":\"sabado cien\"},\"url\":\"https:\/\/sabado100.com.ar\/es-ar\/author\/sabado100\/\"}]}<\/script>\n<!-- \/ Yoast SEO plugin. -->","yoast_head_json":{"title":"Fragmentaci\u00f3n social y pol\u00edtica - Sabado 100","robots":{"index":"index","follow":"follow","max-snippet":"max-snippet:-1","max-image-preview":"max-image-preview:large","max-video-preview":"max-video-preview:-1"},"canonical":"https:\/\/sabado100.com.ar\/es-ar\/fragmentacion-social-y-politica\/","og_locale":"es_ES","og_type":"article","og_title":"Fragmentaci\u00f3n social y pol\u00edtica - Sabado 100","og_description":"Por Mar\u00eda Herminia Grande.- Mientras los temas prioritarios lejos de resolverse se agravan: hambre, narcotr\u00e1fico, educaci\u00f3n acorde al siglo 21; [&hellip;]","og_url":"https:\/\/sabado100.com.ar\/es-ar\/fragmentacion-social-y-politica\/","og_site_name":"Sabado 100","article_publisher":"https:\/\/www.facebook.com\/sabadocien\/","article_published_time":"2015-05-13T20:08:14+00:00","author":"sabado cien","twitter_card":"summary_large_image","twitter_misc":{"Escrito por":"sabado cien","Tiempo de lectura":"4 minutos"},"schema":{"@context":"https:\/\/schema.org","@graph":[{"@type":"Article","@id":"https:\/\/sabado100.com.ar\/es-ar\/fragmentacion-social-y-politica\/#article","isPartOf":{"@id":"https:\/\/sabado100.com.ar\/es-ar\/fragmentacion-social-y-politica\/"},"author":{"name":"sabado cien","@id":"https:\/\/sabado100.com.ar\/es-ar\/#\/schema\/person\/58e38b918ef4e44b11398f25d4684c6d"},"headline":"Fragmentaci\u00f3n social y pol\u00edtica","datePublished":"2015-05-13T20:08:14+00:00","dateModified":"2015-05-13T20:08:14+00:00","mainEntityOfPage":{"@id":"https:\/\/sabado100.com.ar\/es-ar\/fragmentacion-social-y-politica\/"},"wordCount":755,"commentCount":0,"publisher":{"@id":"https:\/\/sabado100.com.ar\/es-ar\/#organization"},"keywords":["Fragmentaci\u00f3n social y pol\u00edtica"],"articleSection":["Pol\u00edtica"],"inLanguage":"es","potentialAction":[{"@type":"CommentAction","name":"Comment","target":["https:\/\/sabado100.com.ar\/es-ar\/fragmentacion-social-y-politica\/#respond"]}]},{"@type":"WebPage","@id":"https:\/\/sabado100.com.ar\/es-ar\/fragmentacion-social-y-politica\/","url":"https:\/\/sabado100.com.ar\/es-ar\/fragmentacion-social-y-politica\/","name":"Fragmentaci\u00f3n social y pol\u00edtica - Sabado 100","isPartOf":{"@id":"https:\/\/sabado100.com.ar\/es-ar\/#website"},"datePublished":"2015-05-13T20:08:14+00:00","dateModified":"2015-05-13T20:08:14+00:00","breadcrumb":{"@id":"https:\/\/sabado100.com.ar\/es-ar\/fragmentacion-social-y-politica\/#breadcrumb"},"inLanguage":"es","potentialAction":[{"@type":"ReadAction","target":["https:\/\/sabado100.com.ar\/es-ar\/fragmentacion-social-y-politica\/"]}]},{"@type":"BreadcrumbList","@id":"https:\/\/sabado100.com.ar\/es-ar\/fragmentacion-social-y-politica\/#breadcrumb","itemListElement":[{"@type":"ListItem","position":1,"name":"Portada","item":"https:\/\/sabado100.com.ar\/es-ar\/"},{"@type":"ListItem","position":2,"name":"Fragmentaci\u00f3n social y pol\u00edtica"}]},{"@type":"WebSite","@id":"https:\/\/sabado100.com.ar\/es-ar\/#website","url":"https:\/\/sabado100.com.ar\/es-ar\/","name":"Sabado 100","description":"","publisher":{"@id":"https:\/\/sabado100.com.ar\/es-ar\/#organization"},"potentialAction":[{"@type":"SearchAction","target":{"@type":"EntryPoint","urlTemplate":"https:\/\/sabado100.com.ar\/es-ar\/?s={search_term_string}"},"query-input":"required name=search_term_string"}],"inLanguage":"es"},{"@type":"Organization","@id":"https:\/\/sabado100.com.ar\/es-ar\/#organization","name":"Sabado 100","url":"https:\/\/sabado100.com.ar\/es-ar\/","logo":{"@type":"ImageObject","inLanguage":"es","@id":"https:\/\/sabado100.com.ar\/es-ar\/#\/schema\/logo\/image\/","url":"https:\/\/sabado100.com.ar\/es-ar\/wp-content\/uploads\/2024\/04\/logo3.jpg","contentUrl":"https:\/\/sabado100.com.ar\/es-ar\/wp-content\/uploads\/2024\/04\/logo3.jpg","width":300,"height":174,"caption":"Sabado 100"},"image":{"@id":"https:\/\/sabado100.com.ar\/es-ar\/#\/schema\/logo\/image\/"},"sameAs":["https:\/\/www.facebook.com\/sabadocien\/","https:\/\/www.instagram.com\/sabado100.com.ar\/","https:\/\/www.youtube.com\/@sabado1003"]},{"@type":"Person","@id":"https:\/\/sabado100.com.ar\/es-ar\/#\/schema\/person\/58e38b918ef4e44b11398f25d4684c6d","name":"sabado cien","image":{"@type":"ImageObject","inLanguage":"es","@id":"https:\/\/sabado100.com.ar\/es-ar\/#\/schema\/person\/image\/","url":"https:\/\/sabado100.com.ar\/es-ar\/wp-content\/litespeed\/avatar\/484bccfbd493fbb703b0f1b8113dad61.jpg?ver=1787731622","contentUrl":"https:\/\/sabado100.com.ar\/es-ar\/wp-content\/litespeed\/avatar\/484bccfbd493fbb703b0f1b8113dad61.jpg?ver=1787731622","caption":"sabado cien"},"url":"https:\/\/sabado100.com.ar\/es-ar\/author\/sabado100\/"}]}},"_links":{"self":[{"href":"https:\/\/sabado100.com.ar\/es-ar\/wp-json\/wp\/v2\/posts\/4078","targetHints":{"allow":["GET"]}}],"collection":[{"href":"https:\/\/sabado100.com.ar\/es-ar\/wp-json\/wp\/v2\/posts"}],"about":[{"href":"https:\/\/sabado100.com.ar\/es-ar\/wp-json\/wp\/v2\/types\/post"}],"author":[{"embeddable":true,"href":"https:\/\/sabado100.com.ar\/es-ar\/wp-json\/wp\/v2\/users\/2"}],"replies":[{"embeddable":true,"href":"https:\/\/sabado100.com.ar\/es-ar\/wp-json\/wp\/v2\/comments?post=4078"}],"version-history":[{"count":0,"href":"https:\/\/sabado100.com.ar\/es-ar\/wp-json\/wp\/v2\/posts\/4078\/revisions"}],"wp:attachment":[{"href":"https:\/\/sabado100.com.ar\/es-ar\/wp-json\/wp\/v2\/media?parent=4078"}],"wp:term":[{"taxonomy":"category","embeddable":true,"href":"https:\/\/sabado100.com.ar\/es-ar\/wp-json\/wp\/v2\/categories?post=4078"},{"taxonomy":"post_tag","embeddable":true,"href":"https:\/\/sabado100.com.ar\/es-ar\/wp-json\/wp\/v2\/tags?post=4078"}],"curies":[{"name":"wp","href":"https:\/\/api.w.org\/{rel}","templated":true}]}}