{"id":4069,"date":"2015-05-08T15:51:04","date_gmt":"2015-05-08T13:51:04","guid":{"rendered":"https:\/\/www.sabado100.com.ar\/?p=4069"},"modified":"2015-05-08T15:51:04","modified_gmt":"2015-05-08T13:51:04","slug":"coletazo-de-las-paso","status":"publish","type":"post","link":"https:\/\/sabado100.com.ar\/es-ar\/coletazo-de-las-paso\/","title":{"rendered":"Coletazo de las PASO"},"content":{"rendered":"<p><strong>Por Mar\u00eda Herminia Grande.-<\/strong> La vertiginosidad de los hechos pol\u00edticos distancia acontecimientos recientes. A\u00fan al cierre de este an\u00e1lisis las PASO santafesinas no terminaban de estar superadas, no en cuanto a los n\u00fameros en s\u00ed sino en ciertas impugnaciones de cara a la conformaci\u00f3n final de las listas. Lo cierto es que los candidatos deber\u00e1n agudizar sus estrategias con la meta del 14 de junio. Una primera observaci\u00f3n de estas PASO tiene que ver con declaraciones y posicionamientos de algunos dirigentes pol\u00edticos con a\u00f1os de ejercicio. Llama la atenci\u00f3n  que cuando los votos no los acompa\u00f1an en obtener la mayor\u00eda se desconsidera al adversario pero,  en realidad se menosprecia la inteligencia del votante. En democracia se gana y se pierde con un electorado que por suerte no es cautivo y act\u00faa ejerciendo su derecho al voto de acuerdo con lo que piensa o  siente. Quiero ser m\u00e1s clara en este punto, jam\u00e1s imagin\u00e9 que un dirigente de prestigio como Miguel Lifschitz expresara: \u201ccuando el m\u00e9dico no nos da la respuesta que queremos vamos al curandero, finalmente terminamos en el m\u00e9dico, porque es el que nos da m\u00e1s confianza y certezas\u00bb. A prop\u00f3sito de Lifschitz tengo la impresi\u00f3n que los d\u00edas restantes de campa\u00f1a en la recta final va a trabajar cuerpo a cuerpo la voluntad del voto rosarino. Tal vez el ingeniero y actual senador esper\u00f3 que el gobernador Antonio Bonfatti hiciese con \u00e9l lo que Binner hizo oportunamente con Bonfatti, sencillamente pon\u00e9rselo al hombro e ir por toda la provincia se\u00f1al\u00e1ndolo como el continuador del proyecto. Tambi\u00e9n creo oportuno se\u00f1alar que la gran derrota sufrida por M\u00f3nica Fein  en todas las seccionales rosarinas no es un enojo exclusivo con la intendenta. Se castig\u00f3 en ella por su cercan\u00eda,   a la gesti\u00f3n del socialismo provincial.<\/p>\n<p>El sector de Omar Perotti tiene algunos inconvenientes en la proximidad de su conformaci\u00f3n electoral. Luis Rubeo me ha dicho este s\u00e1bado: \u201cBonfatti ya defini\u00f3: ellos son el progresismo,  Del Sel el neoliberalismo. Habr\u00e1 que ver si nuestra f\u00f3rmula deja de resignarse con el  20%\u201d. Todo indica que los vasos comunicantes de esfuerzos y tracci\u00f3n de votos hacia la f\u00f3rmula (la lista de Rubeo obtuvo 90 mil votos) no est\u00e1n lo suficientemente aceitados.<\/p>\n<p>En el caso de Del Sel deber\u00e1 ser absolutamente claro y contundente con sus expresiones. A veces pareciera que ese magnetismo que naturalmente tiene para con los ciudadanos enoja de tal manera a sus adversarios que est\u00e1n esper\u00e1ndolo para \u201ccazarlo\u201d.<\/p>\n<p>El senador Carlos Alberto Reutemann es un dirigente pol\u00edtico que nunca deja de ser sincero a riesgo a veces de su propio futuro pol\u00edtico. Este lunes manifest\u00f3 su disconformismo con el tratamiento que el PRO, especialmente su m\u00e1xima figura Mauricio Macri, est\u00e1 teniendo para con \u00e9l. \u201cQue lo suban y lo bajen a uno de la vicepresidencia es un manoseo que no es agradable\u00bb.  Reutemann tiene una envergadura pol\u00edtica acu\u00f1ada en el peronismo que trasciende ampliamente las fronteras provinciales. Desde esta misma columna oportunamente he mencionado que no fue Macri quien conquist\u00f3 a Reutemann sino fue Massa quien lo desencant\u00f3.  Fue en ese preciso instante que comenz\u00f3 la debacle de Sergio Massa. No perdi\u00f3 solo a Reutemann, otros dirigentes que analizan comportamientos pol\u00edticos  tambi\u00e9n se alejaron del tigrense. Reutemann convencido de la necesidad de que Argentina encauce su camino pol\u00edtico fortaleciendo sus instituciones acerc\u00f3 su apoyo desinteresado a Macri al no sentirse comprendido, respetado y escuchado en el Frente Renovador.  Este gesto no significa que cualquier dirigente del PRO vaticine en los medios de comunicaci\u00f3n el casillero que est\u00e1n dispuestos a otorgarle al santafesino. Por las \u00faltimas declaraciones pareciera que Reutemann no est\u00e1 dispuesto a tolerarlo.<\/p>\n<p>A prop\u00f3sito de Sergio Massa produjo este viernes un impactante acto en V\u00e9lez. El contenido de su discurso fue concreto y conciso sin medias tintas. Promete meter preso a los corruptos, echar a los \u00f1oquis, derogar el impuesto a las ganancias a los trabajadores, perpetua para los narcotraficantes y los violadores. A partir de este viernes parece que decidi\u00f3 salir a buscar decididamente el voto peronista.<\/p>\n<p>Volviendo a Santa Fe, otra preocupaci\u00f3n de los candidatos con posibilidades debiese ser d\u00f3nde van los m\u00e1s de 200.000 votos que se volatilizaron en manos de quienes no alcanzaron el m\u00ednimo del 1,5 del padr\u00f3n electoral; y de quienes lo alcanzaron pero no lo pueden retener para su sector.<\/p>\n<p>Lo cierto es que los unos y los otros deben  bregar porque el estado exista, volvi\u00e9ndose visible. El estado s\u00f3lo es real cuando tiene control de su territorio. Para ello ser\u00e1 necesario que la clase pol\u00edtica vea m\u00e1s all\u00e1 de sus narices, concertando planes a largo plazo.<\/p>\n<p>@mhgrande<\/p>\n<p>https:\/\/www.facebook.com\/mariaherminia2<\/p>\n","protected":false},"excerpt":{"rendered":"<p>Por Mar\u00eda Herminia Grande.- La vertiginosidad de los hechos pol\u00edticos distancia acontecimientos recientes. A\u00fan al cierre de este an\u00e1lisis las [&hellip;]<\/p>\n","protected":false},"author":2,"featured_media":0,"comment_status":"open","ping_status":"closed","sticky":false,"template":"","format":"standard","meta":{"site-sidebar-layout":"default","site-content-layout":"","ast-site-content-layout":"default","site-content-style":"default","site-sidebar-style":"default","ast-global-header-display":"","ast-banner-title-visibility":"","ast-main-header-display":"","ast-hfb-above-header-display":"","ast-hfb-below-header-display":"","ast-hfb-mobile-header-display":"","site-post-title":"","ast-breadcrumbs-content":"","ast-featured-img":"","footer-sml-layout":"","ast-disable-related-posts":"","theme-transparent-header-meta":"","adv-header-id-meta":"","stick-header-meta":"","header-above-stick-meta":"","header-main-stick-meta":"","header-below-stick-meta":"","astra-migrate-meta-layouts":"default","ast-page-background-enabled":"default","ast-page-background-meta":{"desktop":{"background-color":"var(--ast-global-color-4)","background-image":"","background-repeat":"repeat","background-position":"center center","background-size":"auto","background-attachment":"scroll","background-type":"","background-media":"","overlay-type":"","overlay-color":"","overlay-opacity":"","overlay-gradient":""},"tablet":{"background-color":"","background-image":"","background-repeat":"repeat","background-position":"center center","background-size":"auto","background-attachment":"scroll","background-type":"","background-media":"","overlay-type":"","overlay-color":"","overlay-opacity":"","overlay-gradient":""},"mobile":{"background-color":"","background-image":"","background-repeat":"repeat","background-position":"center center","background-size":"auto","background-attachment":"scroll","background-type":"","background-media":"","overlay-type":"","overlay-color":"","overlay-opacity":"","overlay-gradient":""}},"ast-content-background-meta":{"desktop":{"background-color":"var(--ast-global-color-5)","background-image":"","background-repeat":"repeat","background-position":"center center","background-size":"auto","background-attachment":"scroll","background-type":"","background-media":"","overlay-type":"","overlay-color":"","overlay-opacity":"","overlay-gradient":""},"tablet":{"background-color":"var(--ast-global-color-5)","background-image":"","background-repeat":"repeat","background-position":"center center","background-size":"auto","background-attachment":"scroll","background-type":"","background-media":"","overlay-type":"","overlay-color":"","overlay-opacity":"","overlay-gradient":""},"mobile":{"background-color":"var(--ast-global-color-5)","background-image":"","background-repeat":"repeat","background-position":"center center","background-size":"auto","background-attachment":"scroll","background-type":"","background-media":"","overlay-type":"","overlay-color":"","overlay-opacity":"","overlay-gradient":""}},"footnotes":""},"categories":[5],"tags":[5346],"class_list":["post-4069","post","type-post","status-publish","format-standard","hentry","category-politica","tag-coletazo-de-las-paso"],"yoast_head":"<!-- This site is optimized with the Yoast SEO plugin v23.2 - https:\/\/yoast.com\/wordpress\/plugins\/seo\/ -->\n<title>Coletazo de las PASO - Sabado 100<\/title>\n<meta name=\"robots\" content=\"index, follow, max-snippet:-1, max-image-preview:large, max-video-preview:-1\" \/>\n<link rel=\"canonical\" href=\"https:\/\/sabado100.com.ar\/es-ar\/coletazo-de-las-paso\/\" \/>\n<meta property=\"og:locale\" content=\"es_ES\" \/>\n<meta property=\"og:type\" content=\"article\" \/>\n<meta property=\"og:title\" content=\"Coletazo de las PASO - Sabado 100\" \/>\n<meta property=\"og:description\" content=\"Por Mar\u00eda Herminia Grande.- La vertiginosidad de los hechos pol\u00edticos distancia acontecimientos recientes. A\u00fan al cierre de este an\u00e1lisis las [&hellip;]\" \/>\n<meta property=\"og:url\" content=\"https:\/\/sabado100.com.ar\/es-ar\/coletazo-de-las-paso\/\" \/>\n<meta property=\"og:site_name\" content=\"Sabado 100\" \/>\n<meta property=\"article:publisher\" content=\"https:\/\/www.facebook.com\/sabadocien\/\" \/>\n<meta property=\"article:published_time\" content=\"2015-05-08T13:51:04+00:00\" \/>\n<meta name=\"author\" content=\"sabado cien\" \/>\n<meta name=\"twitter:card\" content=\"summary_large_image\" \/>\n<meta name=\"twitter:label1\" content=\"Escrito por\" \/>\n\t<meta name=\"twitter:data1\" content=\"sabado cien\" \/>\n\t<meta name=\"twitter:label2\" content=\"Tiempo de lectura\" \/>\n\t<meta name=\"twitter:data2\" content=\"4 minutos\" \/>\n<script type=\"application\/ld+json\" class=\"yoast-schema-graph\">{\"@context\":\"https:\/\/schema.org\",\"@graph\":[{\"@type\":\"Article\",\"@id\":\"https:\/\/sabado100.com.ar\/es-ar\/coletazo-de-las-paso\/#article\",\"isPartOf\":{\"@id\":\"https:\/\/sabado100.com.ar\/es-ar\/coletazo-de-las-paso\/\"},\"author\":{\"name\":\"sabado cien\",\"@id\":\"https:\/\/sabado100.com.ar\/es-ar\/#\/schema\/person\/58e38b918ef4e44b11398f25d4684c6d\"},\"headline\":\"Coletazo de las PASO\",\"datePublished\":\"2015-05-08T13:51:04+00:00\",\"dateModified\":\"2015-05-08T13:51:04+00:00\",\"mainEntityOfPage\":{\"@id\":\"https:\/\/sabado100.com.ar\/es-ar\/coletazo-de-las-paso\/\"},\"wordCount\":832,\"commentCount\":0,\"publisher\":{\"@id\":\"https:\/\/sabado100.com.ar\/es-ar\/#organization\"},\"keywords\":[\"Coletazo de las PASO\"],\"articleSection\":[\"Pol\u00edtica\"],\"inLanguage\":\"es\",\"potentialAction\":[{\"@type\":\"CommentAction\",\"name\":\"Comment\",\"target\":[\"https:\/\/sabado100.com.ar\/es-ar\/coletazo-de-las-paso\/#respond\"]}]},{\"@type\":\"WebPage\",\"@id\":\"https:\/\/sabado100.com.ar\/es-ar\/coletazo-de-las-paso\/\",\"url\":\"https:\/\/sabado100.com.ar\/es-ar\/coletazo-de-las-paso\/\",\"name\":\"Coletazo de las PASO - Sabado 100\",\"isPartOf\":{\"@id\":\"https:\/\/sabado100.com.ar\/es-ar\/#website\"},\"datePublished\":\"2015-05-08T13:51:04+00:00\",\"dateModified\":\"2015-05-08T13:51:04+00:00\",\"breadcrumb\":{\"@id\":\"https:\/\/sabado100.com.ar\/es-ar\/coletazo-de-las-paso\/#breadcrumb\"},\"inLanguage\":\"es\",\"potentialAction\":[{\"@type\":\"ReadAction\",\"target\":[\"https:\/\/sabado100.com.ar\/es-ar\/coletazo-de-las-paso\/\"]}]},{\"@type\":\"BreadcrumbList\",\"@id\":\"https:\/\/sabado100.com.ar\/es-ar\/coletazo-de-las-paso\/#breadcrumb\",\"itemListElement\":[{\"@type\":\"ListItem\",\"position\":1,\"name\":\"Portada\",\"item\":\"https:\/\/sabado100.com.ar\/es-ar\/\"},{\"@type\":\"ListItem\",\"position\":2,\"name\":\"Coletazo de las PASO\"}]},{\"@type\":\"WebSite\",\"@id\":\"https:\/\/sabado100.com.ar\/es-ar\/#website\",\"url\":\"https:\/\/sabado100.com.ar\/es-ar\/\",\"name\":\"Sabado 100\",\"description\":\"\",\"publisher\":{\"@id\":\"https:\/\/sabado100.com.ar\/es-ar\/#organization\"},\"potentialAction\":[{\"@type\":\"SearchAction\",\"target\":{\"@type\":\"EntryPoint\",\"urlTemplate\":\"https:\/\/sabado100.com.ar\/es-ar\/?s={search_term_string}\"},\"query-input\":\"required name=search_term_string\"}],\"inLanguage\":\"es\"},{\"@type\":\"Organization\",\"@id\":\"https:\/\/sabado100.com.ar\/es-ar\/#organization\",\"name\":\"Sabado 100\",\"url\":\"https:\/\/sabado100.com.ar\/es-ar\/\",\"logo\":{\"@type\":\"ImageObject\",\"inLanguage\":\"es\",\"@id\":\"https:\/\/sabado100.com.ar\/es-ar\/#\/schema\/logo\/image\/\",\"url\":\"https:\/\/sabado100.com.ar\/es-ar\/wp-content\/uploads\/2024\/04\/logo3.jpg\",\"contentUrl\":\"https:\/\/sabado100.com.ar\/es-ar\/wp-content\/uploads\/2024\/04\/logo3.jpg\",\"width\":300,\"height\":174,\"caption\":\"Sabado 100\"},\"image\":{\"@id\":\"https:\/\/sabado100.com.ar\/es-ar\/#\/schema\/logo\/image\/\"},\"sameAs\":[\"https:\/\/www.facebook.com\/sabadocien\/\",\"https:\/\/www.instagram.com\/sabado100.com.ar\/\",\"https:\/\/www.youtube.com\/@sabado1003\"]},{\"@type\":\"Person\",\"@id\":\"https:\/\/sabado100.com.ar\/es-ar\/#\/schema\/person\/58e38b918ef4e44b11398f25d4684c6d\",\"name\":\"sabado cien\",\"image\":{\"@type\":\"ImageObject\",\"inLanguage\":\"es\",\"@id\":\"https:\/\/sabado100.com.ar\/es-ar\/#\/schema\/person\/image\/\",\"url\":\"https:\/\/sabado100.com.ar\/es-ar\/wp-content\/litespeed\/avatar\/484bccfbd493fbb703b0f1b8113dad61.jpg?ver=1787731622\",\"contentUrl\":\"https:\/\/sabado100.com.ar\/es-ar\/wp-content\/litespeed\/avatar\/484bccfbd493fbb703b0f1b8113dad61.jpg?ver=1787731622\",\"caption\":\"sabado cien\"},\"url\":\"https:\/\/sabado100.com.ar\/es-ar\/author\/sabado100\/\"}]}<\/script>\n<!-- \/ Yoast SEO plugin. -->","yoast_head_json":{"title":"Coletazo de las PASO - Sabado 100","robots":{"index":"index","follow":"follow","max-snippet":"max-snippet:-1","max-image-preview":"max-image-preview:large","max-video-preview":"max-video-preview:-1"},"canonical":"https:\/\/sabado100.com.ar\/es-ar\/coletazo-de-las-paso\/","og_locale":"es_ES","og_type":"article","og_title":"Coletazo de las PASO - Sabado 100","og_description":"Por Mar\u00eda Herminia Grande.- La vertiginosidad de los hechos pol\u00edticos distancia acontecimientos recientes. A\u00fan al cierre de este an\u00e1lisis las [&hellip;]","og_url":"https:\/\/sabado100.com.ar\/es-ar\/coletazo-de-las-paso\/","og_site_name":"Sabado 100","article_publisher":"https:\/\/www.facebook.com\/sabadocien\/","article_published_time":"2015-05-08T13:51:04+00:00","author":"sabado cien","twitter_card":"summary_large_image","twitter_misc":{"Escrito por":"sabado cien","Tiempo de lectura":"4 minutos"},"schema":{"@context":"https:\/\/schema.org","@graph":[{"@type":"Article","@id":"https:\/\/sabado100.com.ar\/es-ar\/coletazo-de-las-paso\/#article","isPartOf":{"@id":"https:\/\/sabado100.com.ar\/es-ar\/coletazo-de-las-paso\/"},"author":{"name":"sabado cien","@id":"https:\/\/sabado100.com.ar\/es-ar\/#\/schema\/person\/58e38b918ef4e44b11398f25d4684c6d"},"headline":"Coletazo de las PASO","datePublished":"2015-05-08T13:51:04+00:00","dateModified":"2015-05-08T13:51:04+00:00","mainEntityOfPage":{"@id":"https:\/\/sabado100.com.ar\/es-ar\/coletazo-de-las-paso\/"},"wordCount":832,"commentCount":0,"publisher":{"@id":"https:\/\/sabado100.com.ar\/es-ar\/#organization"},"keywords":["Coletazo de las PASO"],"articleSection":["Pol\u00edtica"],"inLanguage":"es","potentialAction":[{"@type":"CommentAction","name":"Comment","target":["https:\/\/sabado100.com.ar\/es-ar\/coletazo-de-las-paso\/#respond"]}]},{"@type":"WebPage","@id":"https:\/\/sabado100.com.ar\/es-ar\/coletazo-de-las-paso\/","url":"https:\/\/sabado100.com.ar\/es-ar\/coletazo-de-las-paso\/","name":"Coletazo de las PASO - Sabado 100","isPartOf":{"@id":"https:\/\/sabado100.com.ar\/es-ar\/#website"},"datePublished":"2015-05-08T13:51:04+00:00","dateModified":"2015-05-08T13:51:04+00:00","breadcrumb":{"@id":"https:\/\/sabado100.com.ar\/es-ar\/coletazo-de-las-paso\/#breadcrumb"},"inLanguage":"es","potentialAction":[{"@type":"ReadAction","target":["https:\/\/sabado100.com.ar\/es-ar\/coletazo-de-las-paso\/"]}]},{"@type":"BreadcrumbList","@id":"https:\/\/sabado100.com.ar\/es-ar\/coletazo-de-las-paso\/#breadcrumb","itemListElement":[{"@type":"ListItem","position":1,"name":"Portada","item":"https:\/\/sabado100.com.ar\/es-ar\/"},{"@type":"ListItem","position":2,"name":"Coletazo de las PASO"}]},{"@type":"WebSite","@id":"https:\/\/sabado100.com.ar\/es-ar\/#website","url":"https:\/\/sabado100.com.ar\/es-ar\/","name":"Sabado 100","description":"","publisher":{"@id":"https:\/\/sabado100.com.ar\/es-ar\/#organization"},"potentialAction":[{"@type":"SearchAction","target":{"@type":"EntryPoint","urlTemplate":"https:\/\/sabado100.com.ar\/es-ar\/?s={search_term_string}"},"query-input":"required name=search_term_string"}],"inLanguage":"es"},{"@type":"Organization","@id":"https:\/\/sabado100.com.ar\/es-ar\/#organization","name":"Sabado 100","url":"https:\/\/sabado100.com.ar\/es-ar\/","logo":{"@type":"ImageObject","inLanguage":"es","@id":"https:\/\/sabado100.com.ar\/es-ar\/#\/schema\/logo\/image\/","url":"https:\/\/sabado100.com.ar\/es-ar\/wp-content\/uploads\/2024\/04\/logo3.jpg","contentUrl":"https:\/\/sabado100.com.ar\/es-ar\/wp-content\/uploads\/2024\/04\/logo3.jpg","width":300,"height":174,"caption":"Sabado 100"},"image":{"@id":"https:\/\/sabado100.com.ar\/es-ar\/#\/schema\/logo\/image\/"},"sameAs":["https:\/\/www.facebook.com\/sabadocien\/","https:\/\/www.instagram.com\/sabado100.com.ar\/","https:\/\/www.youtube.com\/@sabado1003"]},{"@type":"Person","@id":"https:\/\/sabado100.com.ar\/es-ar\/#\/schema\/person\/58e38b918ef4e44b11398f25d4684c6d","name":"sabado cien","image":{"@type":"ImageObject","inLanguage":"es","@id":"https:\/\/sabado100.com.ar\/es-ar\/#\/schema\/person\/image\/","url":"https:\/\/sabado100.com.ar\/es-ar\/wp-content\/litespeed\/avatar\/484bccfbd493fbb703b0f1b8113dad61.jpg?ver=1787731622","contentUrl":"https:\/\/sabado100.com.ar\/es-ar\/wp-content\/litespeed\/avatar\/484bccfbd493fbb703b0f1b8113dad61.jpg?ver=1787731622","caption":"sabado cien"},"url":"https:\/\/sabado100.com.ar\/es-ar\/author\/sabado100\/"}]}},"_links":{"self":[{"href":"https:\/\/sabado100.com.ar\/es-ar\/wp-json\/wp\/v2\/posts\/4069","targetHints":{"allow":["GET"]}}],"collection":[{"href":"https:\/\/sabado100.com.ar\/es-ar\/wp-json\/wp\/v2\/posts"}],"about":[{"href":"https:\/\/sabado100.com.ar\/es-ar\/wp-json\/wp\/v2\/types\/post"}],"author":[{"embeddable":true,"href":"https:\/\/sabado100.com.ar\/es-ar\/wp-json\/wp\/v2\/users\/2"}],"replies":[{"embeddable":true,"href":"https:\/\/sabado100.com.ar\/es-ar\/wp-json\/wp\/v2\/comments?post=4069"}],"version-history":[{"count":0,"href":"https:\/\/sabado100.com.ar\/es-ar\/wp-json\/wp\/v2\/posts\/4069\/revisions"}],"wp:attachment":[{"href":"https:\/\/sabado100.com.ar\/es-ar\/wp-json\/wp\/v2\/media?parent=4069"}],"wp:term":[{"taxonomy":"category","embeddable":true,"href":"https:\/\/sabado100.com.ar\/es-ar\/wp-json\/wp\/v2\/categories?post=4069"},{"taxonomy":"post_tag","embeddable":true,"href":"https:\/\/sabado100.com.ar\/es-ar\/wp-json\/wp\/v2\/tags?post=4069"}],"curies":[{"name":"wp","href":"https:\/\/api.w.org\/{rel}","templated":true}]}}