{"id":4059,"date":"2015-04-27T21:49:03","date_gmt":"2015-04-27T19:49:03","guid":{"rendered":"https:\/\/www.sabado100.com.ar\/?p=4059"},"modified":"2015-04-27T21:49:03","modified_gmt":"2015-04-27T19:49:03","slug":"el-proximo-gobierno-realizara-la-obra-de-las-autopistas","status":"publish","type":"post","link":"https:\/\/sabado100.com.ar\/es-ar\/el-proximo-gobierno-realizara-la-obra-de-las-autopistas\/","title":{"rendered":"\u00bfEl pr\u00f3ximo gobierno realizar\u00e1 la obra de las autopistas?"},"content":{"rendered":"<p><strong>Por Emilio J. Grande.-<\/strong> En la edici\u00f3n del diario La Naci\u00f3n de Buenos Aires del 21 del corriente se public\u00f3 la siguiente carta de lectores titulada \u201cOtra tragedia evitable\u201d: \u201cCinco muertos en la ruta 34 por choque frontal de un auto con un cami\u00f3n. Esta tragedia no habr\u00eda ocurrido si la ruta 34 fuera autopista, porque los flujos opuestos estar\u00edan f\u00edsicamente divididos. La ruta 34 ya ser\u00eda autopista desde hace una d\u00e9cada por ser prioridad de la ley Promitt para la Red Federal de Autopistas, que se encuentra demorada en el Congreso desde hace 17 a\u00f1os. No se la trata, ni se la aprueba, ni se adopta otra soluci\u00f3n alternativa. Siete bloques la apoyan, pero el oficialismo de turno cajonea el proyecto en celosa defensa de la caja pol\u00edtica generada por la obra vial. No es excusa la falta de recursos presupuestarios porque se har\u00e1 \u00edntegramente con inversi\u00f3n privada y libre de peaje. Esta demora de 17 a\u00f1os ya ha costado 13.273 muertes evitables, 26 km de ata\u00fades que no debieron ser: ver www.autopistasinteligentes.org.ar.<br \/>\n\u201c\u00bfCu\u00e1ntas muertes m\u00e1s son necesarias para que el oficialismo permita el debate y apoye la sanci\u00f3n de esta ley que ponga coto a esta cruel hemorragia social de muertes evitables?\u201d<br \/>\nLa carta la firma el doctor Guillermo Laura, presidente de la Fundaci\u00f3n Metas Siglo XXI, conocido en todo el pa\u00eds y que disert\u00f3 dos veces en esta ciudad, en sendos actos organizados por el C\u00edrculo de la Prensa de Rafaela. Laura es el autor del proyecto para construir la red de autopistas inteligentes, libres de peaje, de 13.000 km, que le dar\u00eda seguridad a los viajeros de millones de veh\u00edculos particulares y a m\u00e1s de 60 millones que viajan en \u00f3mnibus de larga distancia.<br \/>\nEsta obra no se har\u00eda con recursos del Estado; la financiar\u00edan capitales privados y se mantendr\u00eda con el aumento de unos pocos centavos de litros de combustible a cobrarse desde la habilitaci\u00f3n al tr\u00e1nsito, desapareciendo el actual cobro de peaje.<br \/>\nEs evidente que a los gobiernos nacionales que tuvo el pa\u00eds desde la presentaci\u00f3n de tal proyecto, hace 17 a\u00f1os, no les interes\u00f3 porque al financiarse con inversi\u00f3n privada se impide el \u201cingreso de dinero a la caja\u201d que permite hoy el sistema de licitaciones p\u00fablicas.<br \/>\nEstamos en v\u00edsperas de elecciones presidenciales. \u00bfSer\u00e1 excepci\u00f3n el pr\u00f3ximo gobierno que asumir\u00e1 en diciembre y dar\u00e1 lugar al debate para construir las autopistas con el proyecto Laura o de otro que lo supere?<br \/>\nCuando en el pasado mes de setiembre en esta ciudad presidi\u00f3 una conferencia de prensa Mauricio Macri, precandidato presidencial del PRO, ante una pregunta de quien esto escribe, contest\u00f3 afirmativamente, que su proyecto de gobierno incluir\u00eda la tan necesaria obra de la red de autopistas. Hasta hoy Macri no mencion\u00f3 el tema en su discurso. Sus concejales rafaelinos Menossi y Bonino deber\u00edan recordarle la promesa que hizo en Rafaela.<br \/>\nSea Macri o el candidato presidencial que prometa la construcci\u00f3n de autopistas, con tal anuncio sumar\u00eda miles de votos. La campa\u00f1a electoral fuerte cobrar\u00e1 volumen m\u00e1s cerca de octubre. Aguardemos esperanzados que quienes aspiran a ocupar el m\u00e1ximo poder piensan m\u00e1s en la inseguridad vial que anualmente se cobra miles de v\u00edctimas que en la \u201ccaja\u201d que enriquece deshonestamente a funcionarios de turno mediante los llamados a licitaci\u00f3n.<br \/>\nEl doctor Laura desde Buenos Aires en su carta hace referencia a \u201cotro accidente evitable\u201d en la ruta 34. Omar Perotti, diputado nacional de buena gesti\u00f3n, sabedor como rafaelino de las frecuentes tragedias sobre esta ruta en nuestra zona, dispone de la llave para abrir el caj\u00f3n donde duerme desde muchos a\u00f1os el proyecto de la red de autopistas.<\/p>\n<p><strong>Fuente:<\/strong> diario La Opini\u00f3n, Rafaela, 27 de abril de 2015.<\/p>\n","protected":false},"excerpt":{"rendered":"<p>Por Emilio J. Grande.- En la edici\u00f3n del diario La Naci\u00f3n de Buenos Aires del 21 del corriente se public\u00f3 [&hellip;]<\/p>\n","protected":false},"author":2,"featured_media":0,"comment_status":"open","ping_status":"closed","sticky":false,"template":"","format":"standard","meta":{"site-sidebar-layout":"default","site-content-layout":"","ast-site-content-layout":"default","site-content-style":"default","site-sidebar-style":"default","ast-global-header-display":"","ast-banner-title-visibility":"","ast-main-header-display":"","ast-hfb-above-header-display":"","ast-hfb-below-header-display":"","ast-hfb-mobile-header-display":"","site-post-title":"","ast-breadcrumbs-content":"","ast-featured-img":"","footer-sml-layout":"","ast-disable-related-posts":"","theme-transparent-header-meta":"","adv-header-id-meta":"","stick-header-meta":"","header-above-stick-meta":"","header-main-stick-meta":"","header-below-stick-meta":"","astra-migrate-meta-layouts":"default","ast-page-background-enabled":"default","ast-page-background-meta":{"desktop":{"background-color":"var(--ast-global-color-4)","background-image":"","background-repeat":"repeat","background-position":"center center","background-size":"auto","background-attachment":"scroll","background-type":"","background-media":"","overlay-type":"","overlay-color":"","overlay-opacity":"","overlay-gradient":""},"tablet":{"background-color":"","background-image":"","background-repeat":"repeat","background-position":"center center","background-size":"auto","background-attachment":"scroll","background-type":"","background-media":"","overlay-type":"","overlay-color":"","overlay-opacity":"","overlay-gradient":""},"mobile":{"background-color":"","background-image":"","background-repeat":"repeat","background-position":"center center","background-size":"auto","background-attachment":"scroll","background-type":"","background-media":"","overlay-type":"","overlay-color":"","overlay-opacity":"","overlay-gradient":""}},"ast-content-background-meta":{"desktop":{"background-color":"var(--ast-global-color-5)","background-image":"","background-repeat":"repeat","background-position":"center center","background-size":"auto","background-attachment":"scroll","background-type":"","background-media":"","overlay-type":"","overlay-color":"","overlay-opacity":"","overlay-gradient":""},"tablet":{"background-color":"var(--ast-global-color-5)","background-image":"","background-repeat":"repeat","background-position":"center center","background-size":"auto","background-attachment":"scroll","background-type":"","background-media":"","overlay-type":"","overlay-color":"","overlay-opacity":"","overlay-gradient":""},"mobile":{"background-color":"var(--ast-global-color-5)","background-image":"","background-repeat":"repeat","background-position":"center center","background-size":"auto","background-attachment":"scroll","background-type":"","background-media":"","overlay-type":"","overlay-color":"","overlay-opacity":"","overlay-gradient":""}},"footnotes":""},"categories":[4,5],"tags":[5343],"class_list":["post-4059","post","type-post","status-publish","format-standard","hentry","category-cultura-y-sociedad","category-politica","tag-el-proximo-gobierno-realizara-la-obra-de-las-autopistas"],"yoast_head":"<!-- This site is optimized with the Yoast SEO plugin v23.2 - https:\/\/yoast.com\/wordpress\/plugins\/seo\/ -->\n<title>\u00bfEl pr\u00f3ximo gobierno realizar\u00e1 la obra de las autopistas? - Sabado 100<\/title>\n<meta name=\"robots\" content=\"index, follow, max-snippet:-1, max-image-preview:large, max-video-preview:-1\" \/>\n<link rel=\"canonical\" href=\"https:\/\/sabado100.com.ar\/es-ar\/el-proximo-gobierno-realizara-la-obra-de-las-autopistas\/\" \/>\n<meta property=\"og:locale\" content=\"es_ES\" \/>\n<meta property=\"og:type\" content=\"article\" \/>\n<meta property=\"og:title\" content=\"\u00bfEl pr\u00f3ximo gobierno realizar\u00e1 la obra de las autopistas? - Sabado 100\" \/>\n<meta property=\"og:description\" content=\"Por Emilio J. Grande.- En la edici\u00f3n del diario La Naci\u00f3n de Buenos Aires del 21 del corriente se public\u00f3 [&hellip;]\" \/>\n<meta property=\"og:url\" content=\"https:\/\/sabado100.com.ar\/es-ar\/el-proximo-gobierno-realizara-la-obra-de-las-autopistas\/\" \/>\n<meta property=\"og:site_name\" content=\"Sabado 100\" \/>\n<meta property=\"article:publisher\" content=\"https:\/\/www.facebook.com\/sabadocien\/\" \/>\n<meta property=\"article:published_time\" content=\"2015-04-27T19:49:03+00:00\" \/>\n<meta name=\"author\" content=\"sabado cien\" \/>\n<meta name=\"twitter:card\" content=\"summary_large_image\" \/>\n<meta name=\"twitter:label1\" content=\"Escrito por\" \/>\n\t<meta name=\"twitter:data1\" content=\"sabado cien\" \/>\n\t<meta name=\"twitter:label2\" content=\"Tiempo de lectura\" \/>\n\t<meta name=\"twitter:data2\" content=\"3 minutos\" \/>\n<script type=\"application\/ld+json\" class=\"yoast-schema-graph\">{\"@context\":\"https:\/\/schema.org\",\"@graph\":[{\"@type\":\"Article\",\"@id\":\"https:\/\/sabado100.com.ar\/es-ar\/el-proximo-gobierno-realizara-la-obra-de-las-autopistas\/#article\",\"isPartOf\":{\"@id\":\"https:\/\/sabado100.com.ar\/es-ar\/el-proximo-gobierno-realizara-la-obra-de-las-autopistas\/\"},\"author\":{\"name\":\"sabado cien\",\"@id\":\"https:\/\/sabado100.com.ar\/es-ar\/#\/schema\/person\/58e38b918ef4e44b11398f25d4684c6d\"},\"headline\":\"\u00bfEl pr\u00f3ximo gobierno realizar\u00e1 la obra de las autopistas?\",\"datePublished\":\"2015-04-27T19:49:03+00:00\",\"dateModified\":\"2015-04-27T19:49:03+00:00\",\"mainEntityOfPage\":{\"@id\":\"https:\/\/sabado100.com.ar\/es-ar\/el-proximo-gobierno-realizara-la-obra-de-las-autopistas\/\"},\"wordCount\":664,\"commentCount\":0,\"publisher\":{\"@id\":\"https:\/\/sabado100.com.ar\/es-ar\/#organization\"},\"keywords\":[\"\u00bfEl pr\u00f3ximo gobierno realizar\u00e1 la obra de las autopistas?\"],\"articleSection\":[\"Cultura y Sociedad\",\"Pol\u00edtica\"],\"inLanguage\":\"es\",\"potentialAction\":[{\"@type\":\"CommentAction\",\"name\":\"Comment\",\"target\":[\"https:\/\/sabado100.com.ar\/es-ar\/el-proximo-gobierno-realizara-la-obra-de-las-autopistas\/#respond\"]}]},{\"@type\":\"WebPage\",\"@id\":\"https:\/\/sabado100.com.ar\/es-ar\/el-proximo-gobierno-realizara-la-obra-de-las-autopistas\/\",\"url\":\"https:\/\/sabado100.com.ar\/es-ar\/el-proximo-gobierno-realizara-la-obra-de-las-autopistas\/\",\"name\":\"\u00bfEl pr\u00f3ximo gobierno realizar\u00e1 la obra de las autopistas? - Sabado 100\",\"isPartOf\":{\"@id\":\"https:\/\/sabado100.com.ar\/es-ar\/#website\"},\"datePublished\":\"2015-04-27T19:49:03+00:00\",\"dateModified\":\"2015-04-27T19:49:03+00:00\",\"breadcrumb\":{\"@id\":\"https:\/\/sabado100.com.ar\/es-ar\/el-proximo-gobierno-realizara-la-obra-de-las-autopistas\/#breadcrumb\"},\"inLanguage\":\"es\",\"potentialAction\":[{\"@type\":\"ReadAction\",\"target\":[\"https:\/\/sabado100.com.ar\/es-ar\/el-proximo-gobierno-realizara-la-obra-de-las-autopistas\/\"]}]},{\"@type\":\"BreadcrumbList\",\"@id\":\"https:\/\/sabado100.com.ar\/es-ar\/el-proximo-gobierno-realizara-la-obra-de-las-autopistas\/#breadcrumb\",\"itemListElement\":[{\"@type\":\"ListItem\",\"position\":1,\"name\":\"Portada\",\"item\":\"https:\/\/sabado100.com.ar\/es-ar\/\"},{\"@type\":\"ListItem\",\"position\":2,\"name\":\"\u00bfEl pr\u00f3ximo gobierno realizar\u00e1 la obra de las autopistas?\"}]},{\"@type\":\"WebSite\",\"@id\":\"https:\/\/sabado100.com.ar\/es-ar\/#website\",\"url\":\"https:\/\/sabado100.com.ar\/es-ar\/\",\"name\":\"Sabado 100\",\"description\":\"\",\"publisher\":{\"@id\":\"https:\/\/sabado100.com.ar\/es-ar\/#organization\"},\"potentialAction\":[{\"@type\":\"SearchAction\",\"target\":{\"@type\":\"EntryPoint\",\"urlTemplate\":\"https:\/\/sabado100.com.ar\/es-ar\/?s={search_term_string}\"},\"query-input\":\"required name=search_term_string\"}],\"inLanguage\":\"es\"},{\"@type\":\"Organization\",\"@id\":\"https:\/\/sabado100.com.ar\/es-ar\/#organization\",\"name\":\"Sabado 100\",\"url\":\"https:\/\/sabado100.com.ar\/es-ar\/\",\"logo\":{\"@type\":\"ImageObject\",\"inLanguage\":\"es\",\"@id\":\"https:\/\/sabado100.com.ar\/es-ar\/#\/schema\/logo\/image\/\",\"url\":\"https:\/\/sabado100.com.ar\/es-ar\/wp-content\/uploads\/2024\/04\/logo3.jpg\",\"contentUrl\":\"https:\/\/sabado100.com.ar\/es-ar\/wp-content\/uploads\/2024\/04\/logo3.jpg\",\"width\":300,\"height\":174,\"caption\":\"Sabado 100\"},\"image\":{\"@id\":\"https:\/\/sabado100.com.ar\/es-ar\/#\/schema\/logo\/image\/\"},\"sameAs\":[\"https:\/\/www.facebook.com\/sabadocien\/\",\"https:\/\/www.instagram.com\/sabado100.com.ar\/\",\"https:\/\/www.youtube.com\/@sabado1003\"]},{\"@type\":\"Person\",\"@id\":\"https:\/\/sabado100.com.ar\/es-ar\/#\/schema\/person\/58e38b918ef4e44b11398f25d4684c6d\",\"name\":\"sabado cien\",\"image\":{\"@type\":\"ImageObject\",\"inLanguage\":\"es\",\"@id\":\"https:\/\/sabado100.com.ar\/es-ar\/#\/schema\/person\/image\/\",\"url\":\"https:\/\/sabado100.com.ar\/es-ar\/wp-content\/litespeed\/avatar\/484bccfbd493fbb703b0f1b8113dad61.jpg?ver=1787731622\",\"contentUrl\":\"https:\/\/sabado100.com.ar\/es-ar\/wp-content\/litespeed\/avatar\/484bccfbd493fbb703b0f1b8113dad61.jpg?ver=1787731622\",\"caption\":\"sabado cien\"},\"url\":\"https:\/\/sabado100.com.ar\/es-ar\/author\/sabado100\/\"}]}<\/script>\n<!-- \/ Yoast SEO plugin. -->","yoast_head_json":{"title":"\u00bfEl pr\u00f3ximo gobierno realizar\u00e1 la obra de las autopistas? - Sabado 100","robots":{"index":"index","follow":"follow","max-snippet":"max-snippet:-1","max-image-preview":"max-image-preview:large","max-video-preview":"max-video-preview:-1"},"canonical":"https:\/\/sabado100.com.ar\/es-ar\/el-proximo-gobierno-realizara-la-obra-de-las-autopistas\/","og_locale":"es_ES","og_type":"article","og_title":"\u00bfEl pr\u00f3ximo gobierno realizar\u00e1 la obra de las autopistas? - Sabado 100","og_description":"Por Emilio J. Grande.- En la edici\u00f3n del diario La Naci\u00f3n de Buenos Aires del 21 del corriente se public\u00f3 [&hellip;]","og_url":"https:\/\/sabado100.com.ar\/es-ar\/el-proximo-gobierno-realizara-la-obra-de-las-autopistas\/","og_site_name":"Sabado 100","article_publisher":"https:\/\/www.facebook.com\/sabadocien\/","article_published_time":"2015-04-27T19:49:03+00:00","author":"sabado cien","twitter_card":"summary_large_image","twitter_misc":{"Escrito por":"sabado cien","Tiempo de lectura":"3 minutos"},"schema":{"@context":"https:\/\/schema.org","@graph":[{"@type":"Article","@id":"https:\/\/sabado100.com.ar\/es-ar\/el-proximo-gobierno-realizara-la-obra-de-las-autopistas\/#article","isPartOf":{"@id":"https:\/\/sabado100.com.ar\/es-ar\/el-proximo-gobierno-realizara-la-obra-de-las-autopistas\/"},"author":{"name":"sabado cien","@id":"https:\/\/sabado100.com.ar\/es-ar\/#\/schema\/person\/58e38b918ef4e44b11398f25d4684c6d"},"headline":"\u00bfEl pr\u00f3ximo gobierno realizar\u00e1 la obra de las autopistas?","datePublished":"2015-04-27T19:49:03+00:00","dateModified":"2015-04-27T19:49:03+00:00","mainEntityOfPage":{"@id":"https:\/\/sabado100.com.ar\/es-ar\/el-proximo-gobierno-realizara-la-obra-de-las-autopistas\/"},"wordCount":664,"commentCount":0,"publisher":{"@id":"https:\/\/sabado100.com.ar\/es-ar\/#organization"},"keywords":["\u00bfEl pr\u00f3ximo gobierno realizar\u00e1 la obra de las autopistas?"],"articleSection":["Cultura y Sociedad","Pol\u00edtica"],"inLanguage":"es","potentialAction":[{"@type":"CommentAction","name":"Comment","target":["https:\/\/sabado100.com.ar\/es-ar\/el-proximo-gobierno-realizara-la-obra-de-las-autopistas\/#respond"]}]},{"@type":"WebPage","@id":"https:\/\/sabado100.com.ar\/es-ar\/el-proximo-gobierno-realizara-la-obra-de-las-autopistas\/","url":"https:\/\/sabado100.com.ar\/es-ar\/el-proximo-gobierno-realizara-la-obra-de-las-autopistas\/","name":"\u00bfEl pr\u00f3ximo gobierno realizar\u00e1 la obra de las autopistas? - Sabado 100","isPartOf":{"@id":"https:\/\/sabado100.com.ar\/es-ar\/#website"},"datePublished":"2015-04-27T19:49:03+00:00","dateModified":"2015-04-27T19:49:03+00:00","breadcrumb":{"@id":"https:\/\/sabado100.com.ar\/es-ar\/el-proximo-gobierno-realizara-la-obra-de-las-autopistas\/#breadcrumb"},"inLanguage":"es","potentialAction":[{"@type":"ReadAction","target":["https:\/\/sabado100.com.ar\/es-ar\/el-proximo-gobierno-realizara-la-obra-de-las-autopistas\/"]}]},{"@type":"BreadcrumbList","@id":"https:\/\/sabado100.com.ar\/es-ar\/el-proximo-gobierno-realizara-la-obra-de-las-autopistas\/#breadcrumb","itemListElement":[{"@type":"ListItem","position":1,"name":"Portada","item":"https:\/\/sabado100.com.ar\/es-ar\/"},{"@type":"ListItem","position":2,"name":"\u00bfEl pr\u00f3ximo gobierno realizar\u00e1 la obra de las autopistas?"}]},{"@type":"WebSite","@id":"https:\/\/sabado100.com.ar\/es-ar\/#website","url":"https:\/\/sabado100.com.ar\/es-ar\/","name":"Sabado 100","description":"","publisher":{"@id":"https:\/\/sabado100.com.ar\/es-ar\/#organization"},"potentialAction":[{"@type":"SearchAction","target":{"@type":"EntryPoint","urlTemplate":"https:\/\/sabado100.com.ar\/es-ar\/?s={search_term_string}"},"query-input":"required name=search_term_string"}],"inLanguage":"es"},{"@type":"Organization","@id":"https:\/\/sabado100.com.ar\/es-ar\/#organization","name":"Sabado 100","url":"https:\/\/sabado100.com.ar\/es-ar\/","logo":{"@type":"ImageObject","inLanguage":"es","@id":"https:\/\/sabado100.com.ar\/es-ar\/#\/schema\/logo\/image\/","url":"https:\/\/sabado100.com.ar\/es-ar\/wp-content\/uploads\/2024\/04\/logo3.jpg","contentUrl":"https:\/\/sabado100.com.ar\/es-ar\/wp-content\/uploads\/2024\/04\/logo3.jpg","width":300,"height":174,"caption":"Sabado 100"},"image":{"@id":"https:\/\/sabado100.com.ar\/es-ar\/#\/schema\/logo\/image\/"},"sameAs":["https:\/\/www.facebook.com\/sabadocien\/","https:\/\/www.instagram.com\/sabado100.com.ar\/","https:\/\/www.youtube.com\/@sabado1003"]},{"@type":"Person","@id":"https:\/\/sabado100.com.ar\/es-ar\/#\/schema\/person\/58e38b918ef4e44b11398f25d4684c6d","name":"sabado cien","image":{"@type":"ImageObject","inLanguage":"es","@id":"https:\/\/sabado100.com.ar\/es-ar\/#\/schema\/person\/image\/","url":"https:\/\/sabado100.com.ar\/es-ar\/wp-content\/litespeed\/avatar\/484bccfbd493fbb703b0f1b8113dad61.jpg?ver=1787731622","contentUrl":"https:\/\/sabado100.com.ar\/es-ar\/wp-content\/litespeed\/avatar\/484bccfbd493fbb703b0f1b8113dad61.jpg?ver=1787731622","caption":"sabado cien"},"url":"https:\/\/sabado100.com.ar\/es-ar\/author\/sabado100\/"}]}},"_links":{"self":[{"href":"https:\/\/sabado100.com.ar\/es-ar\/wp-json\/wp\/v2\/posts\/4059","targetHints":{"allow":["GET"]}}],"collection":[{"href":"https:\/\/sabado100.com.ar\/es-ar\/wp-json\/wp\/v2\/posts"}],"about":[{"href":"https:\/\/sabado100.com.ar\/es-ar\/wp-json\/wp\/v2\/types\/post"}],"author":[{"embeddable":true,"href":"https:\/\/sabado100.com.ar\/es-ar\/wp-json\/wp\/v2\/users\/2"}],"replies":[{"embeddable":true,"href":"https:\/\/sabado100.com.ar\/es-ar\/wp-json\/wp\/v2\/comments?post=4059"}],"version-history":[{"count":0,"href":"https:\/\/sabado100.com.ar\/es-ar\/wp-json\/wp\/v2\/posts\/4059\/revisions"}],"wp:attachment":[{"href":"https:\/\/sabado100.com.ar\/es-ar\/wp-json\/wp\/v2\/media?parent=4059"}],"wp:term":[{"taxonomy":"category","embeddable":true,"href":"https:\/\/sabado100.com.ar\/es-ar\/wp-json\/wp\/v2\/categories?post=4059"},{"taxonomy":"post_tag","embeddable":true,"href":"https:\/\/sabado100.com.ar\/es-ar\/wp-json\/wp\/v2\/tags?post=4059"}],"curies":[{"name":"wp","href":"https:\/\/api.w.org\/{rel}","templated":true}]}}