{"id":4057,"date":"2015-04-27T21:46:24","date_gmt":"2015-04-27T19:46:24","guid":{"rendered":"https:\/\/www.sabado100.com.ar\/?p=4057"},"modified":"2015-04-27T21:46:24","modified_gmt":"2015-04-27T19:46:24","slug":"un-triunfo-todo-de-macri","status":"publish","type":"post","link":"https:\/\/sabado100.com.ar\/es-ar\/un-triunfo-todo-de-macri\/","title":{"rendered":"Un triunfo todo de Macri"},"content":{"rendered":"<p><strong>Por Joaqu\u00edn Morales Sol\u00e1.-<\/strong> Mauricio Macri dio ayer un paso largo en la consolidaci\u00f3n de su candidatura presidencial con su importante y crucial triunfo en la Capital. Varios encuestadores coincid\u00edan anoche en asegurar que el ritmo de la campa\u00f1a electoral camina hacia una polarizaci\u00f3n entre Daniel Scioli y Macri, entre lo m\u00e1s parecido y lo m\u00e1s distinto al kirchnerismo que gobierna desde hace doce a\u00f1os.<\/p>\n<p>Sumaban, para hacer esa deducci\u00f3n, la reciente victoria del macrista Miguel del Sel en Santa Fe. El partido de Macri gan\u00f3 en los \u00faltimos siete d\u00edas en dos de los cuatro grandes distritos nacionales. Macri necesita que esa saga no se interrumpa. Por eso, el l\u00edder porte\u00f1o se acost\u00f3 anoche con m\u00e1s ansiedad que alegr\u00eda. Desde que conoci\u00f3 el resultado de las mesas testigo, a las 19.30 de ayer, se impuso el pr\u00f3ximo objetivo: construir en la Capital un triunfo en primera vuelta para las elecciones del 5 de julio pr\u00f3ximo.<\/p>\n<p>Cierta audacia es innegable en el l\u00edder porte\u00f1o. Corri\u00f3 el riesgo de que ganara Pro y perdiera Macri. Eso era lo que dec\u00edan las encuestas que suceder\u00eda cuando \u00e9l decidi\u00f3 apoyar a Horacio Rodr\u00edguez Larreta. Aquellas mediciones, que entonces halagaban a Gabriela Michetti, fueron modific\u00e1ndose con el correr de las semanas a favor del delf\u00edn de Macri. Rodr\u00edguez Larreta es una obra pol\u00edtica completa de Macri, porque aqu\u00e9l jam\u00e1s hubiera podido competir con Michetti (y menos ganarle) sin el apoyo decidido de su jefe. Rodr\u00edguez Larreta tiene m\u00e9ritos como hombre de gobierno (su m\u00e1s grande aporte al macrismo), pero no es \u00e9se el \u00fanico atributo que se necesita para ganar elecciones. Ni siquiera es el m\u00e1s importante. La elecci\u00f3n de ayer, digan lo que digan, la gan\u00f3 Macri.<\/p>\n<p>Macri encarna, de alg\u00fan modo, el eterno p\u00e9ndulo pol\u00edtico de la sociedad argentina. A una parte de \u00e9sta le gusta entretenerse hurgando en el otro extremo cuando ya se fatig\u00f3 de un discurso, de una pol\u00edtica y de ciertas formas. Le gusta pasar de Menem a Kirchner o de Alfons\u00edn a Menem, presidentes que representaron posiciones distintas, y hasta enfrentadas, en casi todas las cuestiones p\u00fablicas. Scioli expresa, en cambio, a importantes sectores sociales que simpatizan con algunas pol\u00edticas del cristinismo. Seg\u00fan las mediciones de opini\u00f3n p\u00fablica, esa porci\u00f3n de la sociedad est\u00e1 de acuerdo con una presencia decisiva del Estado en la econom\u00eda, con una pol\u00edtica exterior distante de los Estados Unidos y con los subsidios estatales (que benefician, sobre todo, a la clase media y a la clase media alta). Macri no cree en ninguno de esos postulados y es posible que Scioli tampoco, pero los dos podr\u00edan expresar en las elecciones presidenciales de octubre esa opci\u00f3n entre un cambio dr\u00e1stico y una continuidad suave.<\/p>\n<p>El 5 de julio Macri no tendr\u00e1 un desaf\u00edo, sino dos. Ese d\u00eda se votar\u00e1 tambi\u00e9n en C\u00f3rdoba, donde el macrismo, el radicalismo, la Coalici\u00f3n C\u00edvica y el juecismo reprodujeron el acuerdo nacional. Pero el contrincante es s\u00f3lido y experimentado: se trata del peronismo liderado por Jos\u00e9 Manuel de la Sota, que lleva 16 a\u00f1os gobernando esa provincia. El triunfo opositor es posible, pero no ser\u00e1 f\u00e1cil y mucho menos seguro. C\u00f3rdoba ser\u00e1 el primero entre los grandes distritos nacionales donde se enfrentar\u00e1n, cara a cara, el acuerdo que labr\u00f3 Macri con la alianza que enhebraron Sergio Massa y De la Sota.<\/p>\n<p>Doce a\u00f1os despu\u00e9s, el kirchnerismo est\u00e1 encerrado en los distritos que le dieron el primer triunfo, en 2003: la monumental provincia de Buenos Aires, varias provincias del Norte y la Patagonia. Perdi\u00f3 en la Capital y en Santa Fe, y seguramente perder\u00e1 en C\u00f3rdoba. En Mendoza tambi\u00e9n lo aguarda la derrota. Tanto Scioli como Cristina Kirchner tienen buenas mediciones, en cambio, en Buenos Aires, donde sus competidores no pudieron hacer mucho hasta ahora. Es cierto que en ese decisivo distrito hay una ostensible vacancia de candidatos serios a gobernador. Hay cerca de quince precandidatos entre todas las fuerzas, lo que significa que no hay uno con suficiente estatura. Es probable, por eso, que el pr\u00f3ximo gobernador bonaerense termine siendo arrastrado a La Plata por el candidato presidencial triunfante.<\/p>\n<p>La din\u00e1mica de la campa\u00f1a electoral est\u00e1 significando un problema creciente para Massa. En la Capital, que es la vidriera pol\u00edtica del pa\u00eds, no pudo hacer casi nada. Viene de un desastre electoral en Santa Fe. En Mendoza pele\u00f3, sin suerte, por una foto con el acuerdo radical-macrista que gan\u00f3 las recientes primarias provinciales. Su esperanza se cifra en C\u00f3rdoba, donde le ser\u00e1 dif\u00edcil explicar que \u00e9l gan\u00f3 en territorios controlados por De la Sota. Sucede lo mismo con la elecci\u00f3n de Neuqu\u00e9n, donde Massa apoy\u00f3 al Movimiento Popular Neuquino. Resulta, sin embargo, que el MPN gobierna esa provincia desde hace m\u00e1s de medio siglo. La novedad hubiera sido su derrota, no su triunfo.<\/p>\n<p>Aunque Massa se niega a reconocer que se separ\u00f3 de los dos principales candidatos, Scioli y Macri, lo cierto es que la mayor\u00eda de las encuestas registran ese hecho. El ex alcalde de Tigre no tiene un atril de gobernante, como s\u00ed lo tienen los otros dos, ni cuenta con arraigo en los grandes distritos del pa\u00eds, salvo en Buenos Aires. Incluso, Macri es el candidato presidencial con mejor intenci\u00f3n de votos en C\u00f3rdoba, superando al propio De la Sota, seg\u00fan casi todas las encuestas que midieron s\u00f3lo esa provincia.<\/p>\n<p>El problema central de Massa consiste en que su laberinto no tiene muchas salidas. Podr\u00eda ser candidato a gobernador de Buenos Aires, elecci\u00f3n que estar\u00eda en condiciones de ganar, pero carece de candidato presidencial. Cristina Kirchner lo vetar\u00eda como aliado de Scioli. Macri cort\u00f3 los puentes con \u00e9l cuando decidi\u00f3 acercarse al radicalismo (que debi\u00f3 resolver en una tormentosa convenci\u00f3n el acuerdo con Macri o con Massa), con Elisa Carri\u00f3 (la dirigente m\u00e1s cr\u00edtica de Massa) y con Carlos Reutemann (que se fue ofendido y maltratado del massismo).<\/p>\n<p>Un grupo de asesores le aconsej\u00f3 a Massa en los \u00faltimos d\u00edas que hablara directamente con Macri para acordar una interna conjunta de toda la oposici\u00f3n, que deber\u00eda incluirlos, desde ya, a ellos. Dif\u00edcilmente Macri est\u00e9 dispuesto a escuchar tales propuestas, sobre todo despu\u00e9s de la victoria de ayer. Lo cierto, tambi\u00e9n, es que Massa puede hacerle importantes aportes a la oposici\u00f3n, aunque no se sabe c\u00f3mo ni cu\u00e1ndo; su caudal de votos, un 20 por ciento m\u00e1s o menos, podr\u00eda volcar la balanza de las elecciones presidenciales de octubre.<\/p>\n<p>El peronismo, tanto en su versi\u00f3n kirchnerista como massista, critic\u00f3 a Macri por su \u00abfalta de liderazgo\u00bb cuando debi\u00f3 convocar a las primarias capitalinas, luego de que Michetti se neg\u00f3 a bajarse de la competencia. El peronismo est\u00e1 acostumbrado a una estricta disciplina partidaria, aunque ning\u00fan jefe pol\u00edtico anterior (ni siquiera Per\u00f3n) la ejerci\u00f3 de manera tan firme como Cristina Kirchner. El de ayer fue, sin embargo, un d\u00eda que contribuy\u00f3 a crear un clima distinto en la vida democr\u00e1tica. Un jefe pol\u00edtico se someti\u00f3 voluntariamente a una elecci\u00f3n que pod\u00eda avalar, o no, su voluntad. Eso es normal en otras democracias, no aqu\u00ed. El cambio en los mecanismos de conducci\u00f3n y la propia rutina de la campa\u00f1a electoral ir\u00e1n desplazando a Cristina Kirchner hacia un segundo plano. Justo el plano en el que nunca querr\u00e1 estar.<\/p>\n<p><strong>Fuente:<\/strong> diario La Naci\u00f3n, Buenos Aires, 27 de abril de 2015.<\/p>\n","protected":false},"excerpt":{"rendered":"<p>Por Joaqu\u00edn Morales Sol\u00e1.- Mauricio Macri dio ayer un paso largo en la consolidaci\u00f3n de su candidatura presidencial con su [&hellip;]<\/p>\n","protected":false},"author":2,"featured_media":0,"comment_status":"open","ping_status":"closed","sticky":false,"template":"","format":"standard","meta":{"site-sidebar-layout":"default","site-content-layout":"","ast-site-content-layout":"default","site-content-style":"default","site-sidebar-style":"default","ast-global-header-display":"","ast-banner-title-visibility":"","ast-main-header-display":"","ast-hfb-above-header-display":"","ast-hfb-below-header-display":"","ast-hfb-mobile-header-display":"","site-post-title":"","ast-breadcrumbs-content":"","ast-featured-img":"","footer-sml-layout":"","ast-disable-related-posts":"","theme-transparent-header-meta":"","adv-header-id-meta":"","stick-header-meta":"","header-above-stick-meta":"","header-main-stick-meta":"","header-below-stick-meta":"","astra-migrate-meta-layouts":"default","ast-page-background-enabled":"default","ast-page-background-meta":{"desktop":{"background-color":"var(--ast-global-color-4)","background-image":"","background-repeat":"repeat","background-position":"center center","background-size":"auto","background-attachment":"scroll","background-type":"","background-media":"","overlay-type":"","overlay-color":"","overlay-opacity":"","overlay-gradient":""},"tablet":{"background-color":"","background-image":"","background-repeat":"repeat","background-position":"center center","background-size":"auto","background-attachment":"scroll","background-type":"","background-media":"","overlay-type":"","overlay-color":"","overlay-opacity":"","overlay-gradient":""},"mobile":{"background-color":"","background-image":"","background-repeat":"repeat","background-position":"center center","background-size":"auto","background-attachment":"scroll","background-type":"","background-media":"","overlay-type":"","overlay-color":"","overlay-opacity":"","overlay-gradient":""}},"ast-content-background-meta":{"desktop":{"background-color":"var(--ast-global-color-5)","background-image":"","background-repeat":"repeat","background-position":"center center","background-size":"auto","background-attachment":"scroll","background-type":"","background-media":"","overlay-type":"","overlay-color":"","overlay-opacity":"","overlay-gradient":""},"tablet":{"background-color":"var(--ast-global-color-5)","background-image":"","background-repeat":"repeat","background-position":"center center","background-size":"auto","background-attachment":"scroll","background-type":"","background-media":"","overlay-type":"","overlay-color":"","overlay-opacity":"","overlay-gradient":""},"mobile":{"background-color":"var(--ast-global-color-5)","background-image":"","background-repeat":"repeat","background-position":"center center","background-size":"auto","background-attachment":"scroll","background-type":"","background-media":"","overlay-type":"","overlay-color":"","overlay-opacity":"","overlay-gradient":""}},"footnotes":""},"categories":[5],"tags":[5342],"class_list":["post-4057","post","type-post","status-publish","format-standard","hentry","category-politica","tag-un-triunfo-todo-de-macri"],"yoast_head":"<!-- This site is optimized with the Yoast SEO plugin v23.2 - https:\/\/yoast.com\/wordpress\/plugins\/seo\/ -->\n<title>Un triunfo todo de Macri - Sabado 100<\/title>\n<meta name=\"robots\" content=\"index, follow, max-snippet:-1, max-image-preview:large, max-video-preview:-1\" \/>\n<link rel=\"canonical\" href=\"https:\/\/sabado100.com.ar\/es-ar\/un-triunfo-todo-de-macri\/\" \/>\n<meta property=\"og:locale\" content=\"es_ES\" \/>\n<meta property=\"og:type\" content=\"article\" \/>\n<meta property=\"og:title\" content=\"Un triunfo todo de Macri - Sabado 100\" \/>\n<meta property=\"og:description\" content=\"Por Joaqu\u00edn Morales Sol\u00e1.- Mauricio Macri dio ayer un paso largo en la consolidaci\u00f3n de su candidatura presidencial con su [&hellip;]\" \/>\n<meta property=\"og:url\" content=\"https:\/\/sabado100.com.ar\/es-ar\/un-triunfo-todo-de-macri\/\" \/>\n<meta property=\"og:site_name\" content=\"Sabado 100\" \/>\n<meta property=\"article:publisher\" content=\"https:\/\/www.facebook.com\/sabadocien\/\" \/>\n<meta property=\"article:published_time\" content=\"2015-04-27T19:46:24+00:00\" \/>\n<meta name=\"author\" content=\"sabado cien\" \/>\n<meta name=\"twitter:card\" content=\"summary_large_image\" \/>\n<meta name=\"twitter:label1\" content=\"Escrito por\" \/>\n\t<meta name=\"twitter:data1\" content=\"sabado cien\" \/>\n\t<meta name=\"twitter:label2\" content=\"Tiempo de lectura\" \/>\n\t<meta name=\"twitter:data2\" content=\"7 minutos\" \/>\n<script type=\"application\/ld+json\" class=\"yoast-schema-graph\">{\"@context\":\"https:\/\/schema.org\",\"@graph\":[{\"@type\":\"Article\",\"@id\":\"https:\/\/sabado100.com.ar\/es-ar\/un-triunfo-todo-de-macri\/#article\",\"isPartOf\":{\"@id\":\"https:\/\/sabado100.com.ar\/es-ar\/un-triunfo-todo-de-macri\/\"},\"author\":{\"name\":\"sabado cien\",\"@id\":\"https:\/\/sabado100.com.ar\/es-ar\/#\/schema\/person\/58e38b918ef4e44b11398f25d4684c6d\"},\"headline\":\"Un triunfo todo de Macri\",\"datePublished\":\"2015-04-27T19:46:24+00:00\",\"dateModified\":\"2015-04-27T19:46:24+00:00\",\"mainEntityOfPage\":{\"@id\":\"https:\/\/sabado100.com.ar\/es-ar\/un-triunfo-todo-de-macri\/\"},\"wordCount\":1319,\"commentCount\":0,\"publisher\":{\"@id\":\"https:\/\/sabado100.com.ar\/es-ar\/#organization\"},\"keywords\":[\"Un triunfo todo de Macri\"],\"articleSection\":[\"Pol\u00edtica\"],\"inLanguage\":\"es\",\"potentialAction\":[{\"@type\":\"CommentAction\",\"name\":\"Comment\",\"target\":[\"https:\/\/sabado100.com.ar\/es-ar\/un-triunfo-todo-de-macri\/#respond\"]}]},{\"@type\":\"WebPage\",\"@id\":\"https:\/\/sabado100.com.ar\/es-ar\/un-triunfo-todo-de-macri\/\",\"url\":\"https:\/\/sabado100.com.ar\/es-ar\/un-triunfo-todo-de-macri\/\",\"name\":\"Un triunfo todo de Macri - Sabado 100\",\"isPartOf\":{\"@id\":\"https:\/\/sabado100.com.ar\/es-ar\/#website\"},\"datePublished\":\"2015-04-27T19:46:24+00:00\",\"dateModified\":\"2015-04-27T19:46:24+00:00\",\"breadcrumb\":{\"@id\":\"https:\/\/sabado100.com.ar\/es-ar\/un-triunfo-todo-de-macri\/#breadcrumb\"},\"inLanguage\":\"es\",\"potentialAction\":[{\"@type\":\"ReadAction\",\"target\":[\"https:\/\/sabado100.com.ar\/es-ar\/un-triunfo-todo-de-macri\/\"]}]},{\"@type\":\"BreadcrumbList\",\"@id\":\"https:\/\/sabado100.com.ar\/es-ar\/un-triunfo-todo-de-macri\/#breadcrumb\",\"itemListElement\":[{\"@type\":\"ListItem\",\"position\":1,\"name\":\"Portada\",\"item\":\"https:\/\/sabado100.com.ar\/es-ar\/\"},{\"@type\":\"ListItem\",\"position\":2,\"name\":\"Un triunfo todo de Macri\"}]},{\"@type\":\"WebSite\",\"@id\":\"https:\/\/sabado100.com.ar\/es-ar\/#website\",\"url\":\"https:\/\/sabado100.com.ar\/es-ar\/\",\"name\":\"Sabado 100\",\"description\":\"\",\"publisher\":{\"@id\":\"https:\/\/sabado100.com.ar\/es-ar\/#organization\"},\"potentialAction\":[{\"@type\":\"SearchAction\",\"target\":{\"@type\":\"EntryPoint\",\"urlTemplate\":\"https:\/\/sabado100.com.ar\/es-ar\/?s={search_term_string}\"},\"query-input\":\"required name=search_term_string\"}],\"inLanguage\":\"es\"},{\"@type\":\"Organization\",\"@id\":\"https:\/\/sabado100.com.ar\/es-ar\/#organization\",\"name\":\"Sabado 100\",\"url\":\"https:\/\/sabado100.com.ar\/es-ar\/\",\"logo\":{\"@type\":\"ImageObject\",\"inLanguage\":\"es\",\"@id\":\"https:\/\/sabado100.com.ar\/es-ar\/#\/schema\/logo\/image\/\",\"url\":\"https:\/\/sabado100.com.ar\/es-ar\/wp-content\/uploads\/2024\/04\/logo3.jpg\",\"contentUrl\":\"https:\/\/sabado100.com.ar\/es-ar\/wp-content\/uploads\/2024\/04\/logo3.jpg\",\"width\":300,\"height\":174,\"caption\":\"Sabado 100\"},\"image\":{\"@id\":\"https:\/\/sabado100.com.ar\/es-ar\/#\/schema\/logo\/image\/\"},\"sameAs\":[\"https:\/\/www.facebook.com\/sabadocien\/\",\"https:\/\/www.instagram.com\/sabado100.com.ar\/\",\"https:\/\/www.youtube.com\/@sabado1003\"]},{\"@type\":\"Person\",\"@id\":\"https:\/\/sabado100.com.ar\/es-ar\/#\/schema\/person\/58e38b918ef4e44b11398f25d4684c6d\",\"name\":\"sabado cien\",\"image\":{\"@type\":\"ImageObject\",\"inLanguage\":\"es\",\"@id\":\"https:\/\/sabado100.com.ar\/es-ar\/#\/schema\/person\/image\/\",\"url\":\"https:\/\/sabado100.com.ar\/es-ar\/wp-content\/litespeed\/avatar\/484bccfbd493fbb703b0f1b8113dad61.jpg?ver=1787731622\",\"contentUrl\":\"https:\/\/sabado100.com.ar\/es-ar\/wp-content\/litespeed\/avatar\/484bccfbd493fbb703b0f1b8113dad61.jpg?ver=1787731622\",\"caption\":\"sabado cien\"},\"url\":\"https:\/\/sabado100.com.ar\/es-ar\/author\/sabado100\/\"}]}<\/script>\n<!-- \/ Yoast SEO plugin. -->","yoast_head_json":{"title":"Un triunfo todo de Macri - Sabado 100","robots":{"index":"index","follow":"follow","max-snippet":"max-snippet:-1","max-image-preview":"max-image-preview:large","max-video-preview":"max-video-preview:-1"},"canonical":"https:\/\/sabado100.com.ar\/es-ar\/un-triunfo-todo-de-macri\/","og_locale":"es_ES","og_type":"article","og_title":"Un triunfo todo de Macri - Sabado 100","og_description":"Por Joaqu\u00edn Morales Sol\u00e1.- Mauricio Macri dio ayer un paso largo en la consolidaci\u00f3n de su candidatura presidencial con su [&hellip;]","og_url":"https:\/\/sabado100.com.ar\/es-ar\/un-triunfo-todo-de-macri\/","og_site_name":"Sabado 100","article_publisher":"https:\/\/www.facebook.com\/sabadocien\/","article_published_time":"2015-04-27T19:46:24+00:00","author":"sabado cien","twitter_card":"summary_large_image","twitter_misc":{"Escrito por":"sabado cien","Tiempo de lectura":"7 minutos"},"schema":{"@context":"https:\/\/schema.org","@graph":[{"@type":"Article","@id":"https:\/\/sabado100.com.ar\/es-ar\/un-triunfo-todo-de-macri\/#article","isPartOf":{"@id":"https:\/\/sabado100.com.ar\/es-ar\/un-triunfo-todo-de-macri\/"},"author":{"name":"sabado cien","@id":"https:\/\/sabado100.com.ar\/es-ar\/#\/schema\/person\/58e38b918ef4e44b11398f25d4684c6d"},"headline":"Un triunfo todo de Macri","datePublished":"2015-04-27T19:46:24+00:00","dateModified":"2015-04-27T19:46:24+00:00","mainEntityOfPage":{"@id":"https:\/\/sabado100.com.ar\/es-ar\/un-triunfo-todo-de-macri\/"},"wordCount":1319,"commentCount":0,"publisher":{"@id":"https:\/\/sabado100.com.ar\/es-ar\/#organization"},"keywords":["Un triunfo todo de Macri"],"articleSection":["Pol\u00edtica"],"inLanguage":"es","potentialAction":[{"@type":"CommentAction","name":"Comment","target":["https:\/\/sabado100.com.ar\/es-ar\/un-triunfo-todo-de-macri\/#respond"]}]},{"@type":"WebPage","@id":"https:\/\/sabado100.com.ar\/es-ar\/un-triunfo-todo-de-macri\/","url":"https:\/\/sabado100.com.ar\/es-ar\/un-triunfo-todo-de-macri\/","name":"Un triunfo todo de Macri - Sabado 100","isPartOf":{"@id":"https:\/\/sabado100.com.ar\/es-ar\/#website"},"datePublished":"2015-04-27T19:46:24+00:00","dateModified":"2015-04-27T19:46:24+00:00","breadcrumb":{"@id":"https:\/\/sabado100.com.ar\/es-ar\/un-triunfo-todo-de-macri\/#breadcrumb"},"inLanguage":"es","potentialAction":[{"@type":"ReadAction","target":["https:\/\/sabado100.com.ar\/es-ar\/un-triunfo-todo-de-macri\/"]}]},{"@type":"BreadcrumbList","@id":"https:\/\/sabado100.com.ar\/es-ar\/un-triunfo-todo-de-macri\/#breadcrumb","itemListElement":[{"@type":"ListItem","position":1,"name":"Portada","item":"https:\/\/sabado100.com.ar\/es-ar\/"},{"@type":"ListItem","position":2,"name":"Un triunfo todo de Macri"}]},{"@type":"WebSite","@id":"https:\/\/sabado100.com.ar\/es-ar\/#website","url":"https:\/\/sabado100.com.ar\/es-ar\/","name":"Sabado 100","description":"","publisher":{"@id":"https:\/\/sabado100.com.ar\/es-ar\/#organization"},"potentialAction":[{"@type":"SearchAction","target":{"@type":"EntryPoint","urlTemplate":"https:\/\/sabado100.com.ar\/es-ar\/?s={search_term_string}"},"query-input":"required name=search_term_string"}],"inLanguage":"es"},{"@type":"Organization","@id":"https:\/\/sabado100.com.ar\/es-ar\/#organization","name":"Sabado 100","url":"https:\/\/sabado100.com.ar\/es-ar\/","logo":{"@type":"ImageObject","inLanguage":"es","@id":"https:\/\/sabado100.com.ar\/es-ar\/#\/schema\/logo\/image\/","url":"https:\/\/sabado100.com.ar\/es-ar\/wp-content\/uploads\/2024\/04\/logo3.jpg","contentUrl":"https:\/\/sabado100.com.ar\/es-ar\/wp-content\/uploads\/2024\/04\/logo3.jpg","width":300,"height":174,"caption":"Sabado 100"},"image":{"@id":"https:\/\/sabado100.com.ar\/es-ar\/#\/schema\/logo\/image\/"},"sameAs":["https:\/\/www.facebook.com\/sabadocien\/","https:\/\/www.instagram.com\/sabado100.com.ar\/","https:\/\/www.youtube.com\/@sabado1003"]},{"@type":"Person","@id":"https:\/\/sabado100.com.ar\/es-ar\/#\/schema\/person\/58e38b918ef4e44b11398f25d4684c6d","name":"sabado cien","image":{"@type":"ImageObject","inLanguage":"es","@id":"https:\/\/sabado100.com.ar\/es-ar\/#\/schema\/person\/image\/","url":"https:\/\/sabado100.com.ar\/es-ar\/wp-content\/litespeed\/avatar\/484bccfbd493fbb703b0f1b8113dad61.jpg?ver=1787731622","contentUrl":"https:\/\/sabado100.com.ar\/es-ar\/wp-content\/litespeed\/avatar\/484bccfbd493fbb703b0f1b8113dad61.jpg?ver=1787731622","caption":"sabado cien"},"url":"https:\/\/sabado100.com.ar\/es-ar\/author\/sabado100\/"}]}},"_links":{"self":[{"href":"https:\/\/sabado100.com.ar\/es-ar\/wp-json\/wp\/v2\/posts\/4057","targetHints":{"allow":["GET"]}}],"collection":[{"href":"https:\/\/sabado100.com.ar\/es-ar\/wp-json\/wp\/v2\/posts"}],"about":[{"href":"https:\/\/sabado100.com.ar\/es-ar\/wp-json\/wp\/v2\/types\/post"}],"author":[{"embeddable":true,"href":"https:\/\/sabado100.com.ar\/es-ar\/wp-json\/wp\/v2\/users\/2"}],"replies":[{"embeddable":true,"href":"https:\/\/sabado100.com.ar\/es-ar\/wp-json\/wp\/v2\/comments?post=4057"}],"version-history":[{"count":0,"href":"https:\/\/sabado100.com.ar\/es-ar\/wp-json\/wp\/v2\/posts\/4057\/revisions"}],"wp:attachment":[{"href":"https:\/\/sabado100.com.ar\/es-ar\/wp-json\/wp\/v2\/media?parent=4057"}],"wp:term":[{"taxonomy":"category","embeddable":true,"href":"https:\/\/sabado100.com.ar\/es-ar\/wp-json\/wp\/v2\/categories?post=4057"},{"taxonomy":"post_tag","embeddable":true,"href":"https:\/\/sabado100.com.ar\/es-ar\/wp-json\/wp\/v2\/tags?post=4057"}],"curies":[{"name":"wp","href":"https:\/\/api.w.org\/{rel}","templated":true}]}}