{"id":4039,"date":"2015-04-08T21:35:04","date_gmt":"2015-04-08T19:35:04","guid":{"rendered":"https:\/\/www.sabado100.com.ar\/?p=4039"},"modified":"2015-04-08T21:35:04","modified_gmt":"2015-04-08T19:35:04","slug":"la-resolucion-2065-y-el-derecho-internacional","status":"publish","type":"post","link":"https:\/\/sabado100.com.ar\/es-ar\/la-resolucion-2065-y-el-derecho-internacional\/","title":{"rendered":"La resolucion 2065 y el derecho internacional"},"content":{"rendered":"<p><strong>Por el Lic. Virgilio Jim\u00e9nez Grotter.-<\/strong> En 1833 se produjo la usurpaci\u00f3n brit\u00e1nica de las Islas Malvinas, hecho que implic\u00f3 el desalojo en forma violenta de su leg\u00edtimo gobernador, Luis Vernet, principal autoridad de aquellos territorios, que fue nombrado en 1829 por un decreto del entonces gobernador de Buenos Aires Mart\u00edn Rodr\u00edguez.<br \/>\n\tMalvinas es un tema que act\u00faa como factor de uni\u00f3n de todos los argentinos. M\u00e1s all\u00e1 de las distintas posturas pol\u00edticas que se puedan tener, todos coinciden en la necesidad hist\u00f3rica, geogr\u00e1fica y jur\u00eddica de recuperar aquellos espacios territoriales. Simult\u00e1neamente, ocupa un lugar neur\u00e1lgico dentro de la pol\u00edtica exterior argentina.<br \/>\nDesde el punto de vista jur\u00eddico-diplom\u00e1tico, el tema Malvinas ha tenido tratamiento en distintos foros multilaterales, como la Organizaci\u00f3n de los Estados Americanos (OEA), el Movimiento de Pa\u00edses No Alineados y algunos otros. Pero sin duda ha sido en el \u00e1mbito de la Organizaci\u00f3n de las Naciones Unidas (ONU) donde m\u00e1s se ha trabajado para tratar de encontrar soluciones a este conflicto conforme al derecho.<br \/>\n\tFue precisamente en la Asamblea General de la ONU (\u00f3rgano deliberativo por excelencia) donde se aprob\u00f3 la primera resoluci\u00f3n referente a Malvinas, que lleva el n\u00famero 2065 y fue dictada en el a\u00f1o 1965. Este a\u00f1o se cumplen 50 a\u00f1os de la aparici\u00f3n de la misma y es por ello que creemos importante se\u00f1alar sus principales puntos, ya que esta herramienta legal ha sido fundamental para encausar las negociaciones. La resoluci\u00f3n 2065:<br \/>\na) encuadra el caso Malvinas como una forma de colonialismo;<br \/>\nb) reconoce la disputa de soberan\u00eda entre ambos pa\u00edses;<br \/>\nc) afirma el car\u00e1cter bilateral de la controversia;<br \/>\nd) pone \u00e9nfasis en que la soluci\u00f3n del problema solo puede lograrse por medio de negociaciones entre las partes;<br \/>\ne) dice que se debe tener en cuenta los \u201cintereses\u201d y no los deseos de los isle\u00f1os;<br \/>\nf) excluye el principio de autodeterminaci\u00f3n de los pueblos porque su ejercicio causar\u00eda el quebrantamiento de la unidad territorial e integridad territorial de la Argentina;<br \/>\n\tDicha resoluci\u00f3n tuvo continuidad en un conjunto de otras normativas, tales como las resoluciones 3160 de 1973 y 31\/49 de 1975 as\u00ed como algunas otras que se fueron sancionando con el transcurso de los a\u00f1os. Todas ellas son coincidentes en reconocer la disputa de soberan\u00eda, exhortar a las partes a continuar las negociaciones, privilegiar los intereses de los isle\u00f1os y valorar los esfuerzos argentinos para poder arribar a una soluci\u00f3n.<br \/>\n\t Todos los aspectos que menciona la resoluci\u00f3n son importantes pero tal vez el m\u00e1s trascendental sea el que insta a Gran Breta\u00f1a a negociar y a debatir el tema de fondo del conflicto: la soberan\u00eda.<br \/>\n\tEsto ha ocurrido en distintos per\u00edodos hist\u00f3ricos (durante el \u00faltimo gobierno de Per\u00f3n con la propuesta de condominio que finalmente fracas\u00f3; unos meses antes de la guerra con la propuesta emanada del Foreing Office brit\u00e1nico de Lease-back o Retroarriendo, rechazada luego por los militares en el poder). Sin embargo, desde hace varios a\u00f1os existe una negativa de Gran Breta\u00f1a para sentarse a negociar, pues como es sabido para llegar a consensos se requiere de dos partes. En principal argumento de los brit\u00e1nicos para no hablar de la soberan\u00eda es la autodeterminaci\u00f3n de los pueblos, principio establecido en la Carta de la ONU que significa el derecho de los pueblos a darse un gobierno que ellos tengan a bien tener.<br \/>\n\tPero Naciones Unidas, en virtud de la resoluci\u00f3n 2065, ha descartado la aplicaci\u00f3n del derecho de libre autodeterminaci\u00f3n al caso particular de las islas Malvinas porque, en primer lugar, lo que ha existido en Malvinas es un trasplante artificial de poblaci\u00f3n que no tiene derecho de autodeterminarse porque solo puede autodeterminarse el pueblo propio del territorio, como ha ocurrido en el \u00c1frica y en algunas otras colonias, pero no en el caso de Malvinas en donde la poblaci\u00f3n originaria no existi\u00f3; y en segundo lugar, la autodeterminaci\u00f3n choca con el principio de la integridad territorial de la Argentina.<br \/>\nLa resoluci\u00f3n en cuesti\u00f3n ha significado un triunfo para nuestro pa\u00eds (el m\u00e9rito corresponde a las gestiones del entonces presidente Arturo Illia y de su canciller Miguel \u00c1ngel Zavala Ortiz) porque como afirm\u00e1bamos anteriormente  pretende sentar a Gran Breta\u00f1a en la mesa de negociaciones. En ese sentido, la Argentina siempre ha mostrado una profunda vocaci\u00f3n de di\u00e1logo.<br \/>\nEn la cuesti\u00f3n Malvinas nada reemplaza ni reemplazar\u00e1 nunca a la diplomacia, en esto es contundente la Cl\u00e1usula transitoria primera de la Constituci\u00f3n Nacional introducida con la reforma constitucional de 1994. Pero la obcecaci\u00f3n del Reino Unido hace que los avances logrados hasta el presente frustren toda tentativa de alcanzar alguna soluci\u00f3n en el futuro cercano.<br \/>\nProbablemente no ocurrir\u00e1 en los pr\u00f3ximos a\u00f1os, pero como sostiene el ex vice canciller Roberto Garc\u00eda Morit\u00e1n en un art\u00edculo publicado en el diario \u201cClar\u00edn\u201d en el febrero de la\u00f1o 2010, el Reino Unido sabe que alg\u00fan d\u00eda deber\u00e1 sentarse a la mesa de las negociaciones. No solo nuestro pa\u00eds sino la comunidad internacional toda estar\u00e1 esperando ese momento.<\/p>\n<p><strong>El autor es miembro del Centro de Estudios Internacionales de la UCSE DAR y del Observatorio Malvinas.<\/strong><\/p>\n","protected":false},"excerpt":{"rendered":"<p>Por el Lic. Virgilio Jim\u00e9nez Grotter.- En 1833 se produjo la usurpaci\u00f3n brit\u00e1nica de las Islas Malvinas, hecho que implic\u00f3 [&hellip;]<\/p>\n","protected":false},"author":2,"featured_media":0,"comment_status":"open","ping_status":"closed","sticky":false,"template":"","format":"standard","meta":{"site-sidebar-layout":"default","site-content-layout":"","ast-site-content-layout":"default","site-content-style":"default","site-sidebar-style":"default","ast-global-header-display":"","ast-banner-title-visibility":"","ast-main-header-display":"","ast-hfb-above-header-display":"","ast-hfb-below-header-display":"","ast-hfb-mobile-header-display":"","site-post-title":"","ast-breadcrumbs-content":"","ast-featured-img":"","footer-sml-layout":"","ast-disable-related-posts":"","theme-transparent-header-meta":"","adv-header-id-meta":"","stick-header-meta":"","header-above-stick-meta":"","header-main-stick-meta":"","header-below-stick-meta":"","astra-migrate-meta-layouts":"default","ast-page-background-enabled":"default","ast-page-background-meta":{"desktop":{"background-color":"var(--ast-global-color-4)","background-image":"","background-repeat":"repeat","background-position":"center center","background-size":"auto","background-attachment":"scroll","background-type":"","background-media":"","overlay-type":"","overlay-color":"","overlay-opacity":"","overlay-gradient":""},"tablet":{"background-color":"","background-image":"","background-repeat":"repeat","background-position":"center center","background-size":"auto","background-attachment":"scroll","background-type":"","background-media":"","overlay-type":"","overlay-color":"","overlay-opacity":"","overlay-gradient":""},"mobile":{"background-color":"","background-image":"","background-repeat":"repeat","background-position":"center center","background-size":"auto","background-attachment":"scroll","background-type":"","background-media":"","overlay-type":"","overlay-color":"","overlay-opacity":"","overlay-gradient":""}},"ast-content-background-meta":{"desktop":{"background-color":"var(--ast-global-color-5)","background-image":"","background-repeat":"repeat","background-position":"center center","background-size":"auto","background-attachment":"scroll","background-type":"","background-media":"","overlay-type":"","overlay-color":"","overlay-opacity":"","overlay-gradient":""},"tablet":{"background-color":"var(--ast-global-color-5)","background-image":"","background-repeat":"repeat","background-position":"center center","background-size":"auto","background-attachment":"scroll","background-type":"","background-media":"","overlay-type":"","overlay-color":"","overlay-opacity":"","overlay-gradient":""},"mobile":{"background-color":"var(--ast-global-color-5)","background-image":"","background-repeat":"repeat","background-position":"center center","background-size":"auto","background-attachment":"scroll","background-type":"","background-media":"","overlay-type":"","overlay-color":"","overlay-opacity":"","overlay-gradient":""}},"footnotes":""},"categories":[4,5],"tags":[5337],"class_list":["post-4039","post","type-post","status-publish","format-standard","hentry","category-cultura-y-sociedad","category-politica","tag-la-resolucion-2065-y-el-derecho-internacional"],"yoast_head":"<!-- This site is optimized with the Yoast SEO plugin v23.2 - https:\/\/yoast.com\/wordpress\/plugins\/seo\/ -->\n<title>La resolucion 2065 y el derecho internacional - Sabado 100<\/title>\n<meta name=\"robots\" content=\"index, follow, max-snippet:-1, max-image-preview:large, max-video-preview:-1\" \/>\n<link rel=\"canonical\" href=\"https:\/\/sabado100.com.ar\/es-ar\/la-resolucion-2065-y-el-derecho-internacional\/\" \/>\n<meta property=\"og:locale\" content=\"es_ES\" \/>\n<meta property=\"og:type\" content=\"article\" \/>\n<meta property=\"og:title\" content=\"La resolucion 2065 y el derecho internacional - Sabado 100\" \/>\n<meta property=\"og:description\" content=\"Por el Lic. Virgilio Jim\u00e9nez Grotter.- En 1833 se produjo la usurpaci\u00f3n brit\u00e1nica de las Islas Malvinas, hecho que implic\u00f3 [&hellip;]\" \/>\n<meta property=\"og:url\" content=\"https:\/\/sabado100.com.ar\/es-ar\/la-resolucion-2065-y-el-derecho-internacional\/\" \/>\n<meta property=\"og:site_name\" content=\"Sabado 100\" \/>\n<meta property=\"article:publisher\" content=\"https:\/\/www.facebook.com\/sabadocien\/\" \/>\n<meta property=\"article:published_time\" content=\"2015-04-08T19:35:04+00:00\" \/>\n<meta name=\"author\" content=\"sabado cien\" \/>\n<meta name=\"twitter:card\" content=\"summary_large_image\" \/>\n<meta name=\"twitter:label1\" content=\"Escrito por\" \/>\n\t<meta name=\"twitter:data1\" content=\"sabado cien\" \/>\n\t<meta name=\"twitter:label2\" content=\"Tiempo de lectura\" \/>\n\t<meta name=\"twitter:data2\" content=\"5 minutos\" \/>\n<script type=\"application\/ld+json\" class=\"yoast-schema-graph\">{\"@context\":\"https:\/\/schema.org\",\"@graph\":[{\"@type\":\"Article\",\"@id\":\"https:\/\/sabado100.com.ar\/es-ar\/la-resolucion-2065-y-el-derecho-internacional\/#article\",\"isPartOf\":{\"@id\":\"https:\/\/sabado100.com.ar\/es-ar\/la-resolucion-2065-y-el-derecho-internacional\/\"},\"author\":{\"name\":\"sabado cien\",\"@id\":\"https:\/\/sabado100.com.ar\/es-ar\/#\/schema\/person\/58e38b918ef4e44b11398f25d4684c6d\"},\"headline\":\"La resolucion 2065 y el derecho internacional\",\"datePublished\":\"2015-04-08T19:35:04+00:00\",\"dateModified\":\"2015-04-08T19:35:04+00:00\",\"mainEntityOfPage\":{\"@id\":\"https:\/\/sabado100.com.ar\/es-ar\/la-resolucion-2065-y-el-derecho-internacional\/\"},\"wordCount\":916,\"commentCount\":0,\"publisher\":{\"@id\":\"https:\/\/sabado100.com.ar\/es-ar\/#organization\"},\"keywords\":[\"La resolucion 2065 y el derecho internacional\"],\"articleSection\":[\"Cultura y Sociedad\",\"Pol\u00edtica\"],\"inLanguage\":\"es\",\"potentialAction\":[{\"@type\":\"CommentAction\",\"name\":\"Comment\",\"target\":[\"https:\/\/sabado100.com.ar\/es-ar\/la-resolucion-2065-y-el-derecho-internacional\/#respond\"]}]},{\"@type\":\"WebPage\",\"@id\":\"https:\/\/sabado100.com.ar\/es-ar\/la-resolucion-2065-y-el-derecho-internacional\/\",\"url\":\"https:\/\/sabado100.com.ar\/es-ar\/la-resolucion-2065-y-el-derecho-internacional\/\",\"name\":\"La resolucion 2065 y el derecho internacional - Sabado 100\",\"isPartOf\":{\"@id\":\"https:\/\/sabado100.com.ar\/es-ar\/#website\"},\"datePublished\":\"2015-04-08T19:35:04+00:00\",\"dateModified\":\"2015-04-08T19:35:04+00:00\",\"breadcrumb\":{\"@id\":\"https:\/\/sabado100.com.ar\/es-ar\/la-resolucion-2065-y-el-derecho-internacional\/#breadcrumb\"},\"inLanguage\":\"es\",\"potentialAction\":[{\"@type\":\"ReadAction\",\"target\":[\"https:\/\/sabado100.com.ar\/es-ar\/la-resolucion-2065-y-el-derecho-internacional\/\"]}]},{\"@type\":\"BreadcrumbList\",\"@id\":\"https:\/\/sabado100.com.ar\/es-ar\/la-resolucion-2065-y-el-derecho-internacional\/#breadcrumb\",\"itemListElement\":[{\"@type\":\"ListItem\",\"position\":1,\"name\":\"Portada\",\"item\":\"https:\/\/sabado100.com.ar\/es-ar\/\"},{\"@type\":\"ListItem\",\"position\":2,\"name\":\"La resolucion 2065 y el derecho internacional\"}]},{\"@type\":\"WebSite\",\"@id\":\"https:\/\/sabado100.com.ar\/es-ar\/#website\",\"url\":\"https:\/\/sabado100.com.ar\/es-ar\/\",\"name\":\"Sabado 100\",\"description\":\"\",\"publisher\":{\"@id\":\"https:\/\/sabado100.com.ar\/es-ar\/#organization\"},\"potentialAction\":[{\"@type\":\"SearchAction\",\"target\":{\"@type\":\"EntryPoint\",\"urlTemplate\":\"https:\/\/sabado100.com.ar\/es-ar\/?s={search_term_string}\"},\"query-input\":\"required name=search_term_string\"}],\"inLanguage\":\"es\"},{\"@type\":\"Organization\",\"@id\":\"https:\/\/sabado100.com.ar\/es-ar\/#organization\",\"name\":\"Sabado 100\",\"url\":\"https:\/\/sabado100.com.ar\/es-ar\/\",\"logo\":{\"@type\":\"ImageObject\",\"inLanguage\":\"es\",\"@id\":\"https:\/\/sabado100.com.ar\/es-ar\/#\/schema\/logo\/image\/\",\"url\":\"https:\/\/sabado100.com.ar\/es-ar\/wp-content\/uploads\/2024\/04\/logo3.jpg\",\"contentUrl\":\"https:\/\/sabado100.com.ar\/es-ar\/wp-content\/uploads\/2024\/04\/logo3.jpg\",\"width\":300,\"height\":174,\"caption\":\"Sabado 100\"},\"image\":{\"@id\":\"https:\/\/sabado100.com.ar\/es-ar\/#\/schema\/logo\/image\/\"},\"sameAs\":[\"https:\/\/www.facebook.com\/sabadocien\/\",\"https:\/\/www.instagram.com\/sabado100.com.ar\/\",\"https:\/\/www.youtube.com\/@sabado1003\"]},{\"@type\":\"Person\",\"@id\":\"https:\/\/sabado100.com.ar\/es-ar\/#\/schema\/person\/58e38b918ef4e44b11398f25d4684c6d\",\"name\":\"sabado cien\",\"image\":{\"@type\":\"ImageObject\",\"inLanguage\":\"es\",\"@id\":\"https:\/\/sabado100.com.ar\/es-ar\/#\/schema\/person\/image\/\",\"url\":\"https:\/\/sabado100.com.ar\/es-ar\/wp-content\/litespeed\/avatar\/484bccfbd493fbb703b0f1b8113dad61.jpg?ver=1787731622\",\"contentUrl\":\"https:\/\/sabado100.com.ar\/es-ar\/wp-content\/litespeed\/avatar\/484bccfbd493fbb703b0f1b8113dad61.jpg?ver=1787731622\",\"caption\":\"sabado cien\"},\"url\":\"https:\/\/sabado100.com.ar\/es-ar\/author\/sabado100\/\"}]}<\/script>\n<!-- \/ Yoast SEO plugin. -->","yoast_head_json":{"title":"La resolucion 2065 y el derecho internacional - Sabado 100","robots":{"index":"index","follow":"follow","max-snippet":"max-snippet:-1","max-image-preview":"max-image-preview:large","max-video-preview":"max-video-preview:-1"},"canonical":"https:\/\/sabado100.com.ar\/es-ar\/la-resolucion-2065-y-el-derecho-internacional\/","og_locale":"es_ES","og_type":"article","og_title":"La resolucion 2065 y el derecho internacional - Sabado 100","og_description":"Por el Lic. Virgilio Jim\u00e9nez Grotter.- En 1833 se produjo la usurpaci\u00f3n brit\u00e1nica de las Islas Malvinas, hecho que implic\u00f3 [&hellip;]","og_url":"https:\/\/sabado100.com.ar\/es-ar\/la-resolucion-2065-y-el-derecho-internacional\/","og_site_name":"Sabado 100","article_publisher":"https:\/\/www.facebook.com\/sabadocien\/","article_published_time":"2015-04-08T19:35:04+00:00","author":"sabado cien","twitter_card":"summary_large_image","twitter_misc":{"Escrito por":"sabado cien","Tiempo de lectura":"5 minutos"},"schema":{"@context":"https:\/\/schema.org","@graph":[{"@type":"Article","@id":"https:\/\/sabado100.com.ar\/es-ar\/la-resolucion-2065-y-el-derecho-internacional\/#article","isPartOf":{"@id":"https:\/\/sabado100.com.ar\/es-ar\/la-resolucion-2065-y-el-derecho-internacional\/"},"author":{"name":"sabado cien","@id":"https:\/\/sabado100.com.ar\/es-ar\/#\/schema\/person\/58e38b918ef4e44b11398f25d4684c6d"},"headline":"La resolucion 2065 y el derecho internacional","datePublished":"2015-04-08T19:35:04+00:00","dateModified":"2015-04-08T19:35:04+00:00","mainEntityOfPage":{"@id":"https:\/\/sabado100.com.ar\/es-ar\/la-resolucion-2065-y-el-derecho-internacional\/"},"wordCount":916,"commentCount":0,"publisher":{"@id":"https:\/\/sabado100.com.ar\/es-ar\/#organization"},"keywords":["La resolucion 2065 y el derecho internacional"],"articleSection":["Cultura y Sociedad","Pol\u00edtica"],"inLanguage":"es","potentialAction":[{"@type":"CommentAction","name":"Comment","target":["https:\/\/sabado100.com.ar\/es-ar\/la-resolucion-2065-y-el-derecho-internacional\/#respond"]}]},{"@type":"WebPage","@id":"https:\/\/sabado100.com.ar\/es-ar\/la-resolucion-2065-y-el-derecho-internacional\/","url":"https:\/\/sabado100.com.ar\/es-ar\/la-resolucion-2065-y-el-derecho-internacional\/","name":"La resolucion 2065 y el derecho internacional - Sabado 100","isPartOf":{"@id":"https:\/\/sabado100.com.ar\/es-ar\/#website"},"datePublished":"2015-04-08T19:35:04+00:00","dateModified":"2015-04-08T19:35:04+00:00","breadcrumb":{"@id":"https:\/\/sabado100.com.ar\/es-ar\/la-resolucion-2065-y-el-derecho-internacional\/#breadcrumb"},"inLanguage":"es","potentialAction":[{"@type":"ReadAction","target":["https:\/\/sabado100.com.ar\/es-ar\/la-resolucion-2065-y-el-derecho-internacional\/"]}]},{"@type":"BreadcrumbList","@id":"https:\/\/sabado100.com.ar\/es-ar\/la-resolucion-2065-y-el-derecho-internacional\/#breadcrumb","itemListElement":[{"@type":"ListItem","position":1,"name":"Portada","item":"https:\/\/sabado100.com.ar\/es-ar\/"},{"@type":"ListItem","position":2,"name":"La resolucion 2065 y el derecho internacional"}]},{"@type":"WebSite","@id":"https:\/\/sabado100.com.ar\/es-ar\/#website","url":"https:\/\/sabado100.com.ar\/es-ar\/","name":"Sabado 100","description":"","publisher":{"@id":"https:\/\/sabado100.com.ar\/es-ar\/#organization"},"potentialAction":[{"@type":"SearchAction","target":{"@type":"EntryPoint","urlTemplate":"https:\/\/sabado100.com.ar\/es-ar\/?s={search_term_string}"},"query-input":"required name=search_term_string"}],"inLanguage":"es"},{"@type":"Organization","@id":"https:\/\/sabado100.com.ar\/es-ar\/#organization","name":"Sabado 100","url":"https:\/\/sabado100.com.ar\/es-ar\/","logo":{"@type":"ImageObject","inLanguage":"es","@id":"https:\/\/sabado100.com.ar\/es-ar\/#\/schema\/logo\/image\/","url":"https:\/\/sabado100.com.ar\/es-ar\/wp-content\/uploads\/2024\/04\/logo3.jpg","contentUrl":"https:\/\/sabado100.com.ar\/es-ar\/wp-content\/uploads\/2024\/04\/logo3.jpg","width":300,"height":174,"caption":"Sabado 100"},"image":{"@id":"https:\/\/sabado100.com.ar\/es-ar\/#\/schema\/logo\/image\/"},"sameAs":["https:\/\/www.facebook.com\/sabadocien\/","https:\/\/www.instagram.com\/sabado100.com.ar\/","https:\/\/www.youtube.com\/@sabado1003"]},{"@type":"Person","@id":"https:\/\/sabado100.com.ar\/es-ar\/#\/schema\/person\/58e38b918ef4e44b11398f25d4684c6d","name":"sabado cien","image":{"@type":"ImageObject","inLanguage":"es","@id":"https:\/\/sabado100.com.ar\/es-ar\/#\/schema\/person\/image\/","url":"https:\/\/sabado100.com.ar\/es-ar\/wp-content\/litespeed\/avatar\/484bccfbd493fbb703b0f1b8113dad61.jpg?ver=1787731622","contentUrl":"https:\/\/sabado100.com.ar\/es-ar\/wp-content\/litespeed\/avatar\/484bccfbd493fbb703b0f1b8113dad61.jpg?ver=1787731622","caption":"sabado cien"},"url":"https:\/\/sabado100.com.ar\/es-ar\/author\/sabado100\/"}]}},"_links":{"self":[{"href":"https:\/\/sabado100.com.ar\/es-ar\/wp-json\/wp\/v2\/posts\/4039","targetHints":{"allow":["GET"]}}],"collection":[{"href":"https:\/\/sabado100.com.ar\/es-ar\/wp-json\/wp\/v2\/posts"}],"about":[{"href":"https:\/\/sabado100.com.ar\/es-ar\/wp-json\/wp\/v2\/types\/post"}],"author":[{"embeddable":true,"href":"https:\/\/sabado100.com.ar\/es-ar\/wp-json\/wp\/v2\/users\/2"}],"replies":[{"embeddable":true,"href":"https:\/\/sabado100.com.ar\/es-ar\/wp-json\/wp\/v2\/comments?post=4039"}],"version-history":[{"count":0,"href":"https:\/\/sabado100.com.ar\/es-ar\/wp-json\/wp\/v2\/posts\/4039\/revisions"}],"wp:attachment":[{"href":"https:\/\/sabado100.com.ar\/es-ar\/wp-json\/wp\/v2\/media?parent=4039"}],"wp:term":[{"taxonomy":"category","embeddable":true,"href":"https:\/\/sabado100.com.ar\/es-ar\/wp-json\/wp\/v2\/categories?post=4039"},{"taxonomy":"post_tag","embeddable":true,"href":"https:\/\/sabado100.com.ar\/es-ar\/wp-json\/wp\/v2\/tags?post=4039"}],"curies":[{"name":"wp","href":"https:\/\/api.w.org\/{rel}","templated":true}]}}