{"id":4026,"date":"2015-04-02T21:30:27","date_gmt":"2015-04-02T19:30:27","guid":{"rendered":"https:\/\/www.sabado100.com.ar\/?p=4026"},"modified":"2015-04-02T21:30:27","modified_gmt":"2015-04-02T19:30:27","slug":"2-de-abril-de-2015-actualidad-y-memoria","status":"publish","type":"post","link":"https:\/\/sabado100.com.ar\/es-ar\/2-de-abril-de-2015-actualidad-y-memoria\/","title":{"rendered":"2 de abril de 2015: actualidad y memoria"},"content":{"rendered":"<p><strong>Por Rodolfo Zehnder.-<\/strong> Otro aniversario del intento de recuperaci\u00f3n de Malvinas motiva estas reflexiones. El Reino Unido se ha ocupado en recordarlo anunciando un refuerzo de las defensas de la fortaleza (ya de por s\u00ed exagerada) instalada en las islas, bajo pretexto (rayano en lo absurdo) de un aumento del peligro que representar\u00eda la presunta compra de armamento de Argentina a Rusia. Si esto \u00faltimo es realmente incorrecto (Argentina no est\u00e1 en condiciones de adquirir ning\u00fan armamento moderno, y menos a Rusia) el peligro que representar\u00eda Argentina para los malvinenses en el sentido de otro intento de recuperaci\u00f3n por la fuerza, es francamente impensable. De modo que la lectura que debe hacerse de esta ofensiva brit\u00e1nica, es en primer lugar que busc\u00f3 brindar un nuevo mensaje de apoyo a los malvinenses,  y en segundo lugar un justificativo para el aumento de gastos de defensa, si es que se concreta el pregonado incremento de fortificaci\u00f3n de las islas.<br \/>\nPor nuestra parte, lejos estamos de intentar una recuperaci\u00f3n por la fuerza. Y ello por dos motivos: uno legal, y otro pr\u00e1ctico. Jur\u00eddicamente, tenemos un escollo por lo establecido en la disposici\u00f3n transitoria primera de la Constituci\u00f3n Nacional reformada en 1994, al decir: \u201cLa Naci\u00f3n Argentina ratifica su leg\u00edtima e imprescriptible soberan\u00eda sobre las islas Malvinas, Georgias del Sur y Sandwich del Sur y los espacios mar\u00edtimos e insulares correspondientes\u2026 La recuperaci\u00f3n de dichos territorios y el ejercicio pleno de la soberan\u00eda, respetando el modo de visa de su habitantes y conforme a los principios del Derecho Internacional, constituyen un objetivo permanente e irrenunciable del pueblo argentino\u201d.  Esta cl\u00e1usula constitucional s\u00f3lo podr\u00eda ser modificada por una Convenci\u00f3n Nacional Constituyente. El anuncio ante el mundo y compromiso es claro: Argentina renuncia solemnemente al uso de la fuerza para recuperar sus territorios, pues no otra cosa cabe interpretar al hacer referencia a los principios del Derecho Internacional, uno de los cuales es b\u00e1sico y primordial: la soluci\u00f3n pac\u00edfica de los conflictos. De modo que tal renuncia, aunque de indudable valor pol\u00edtico, es sobreabundante, en tanto  se encuentra comprendida en expresas disposiciones de la Carta Magna de Naciones Unidad (conf. Art. 2 inc. 3.:  \u201cLos Miembros de la Organizaci\u00f3n arreglar\u00e1n sus controversias internacionales por medios pac\u00edficos de tal manera que no se pongan en peligro ni la paz y la seguridad internacionales ni la justicia.\u201d<br \/>\nLa raz\u00f3n de \u00edndole pr\u00e1ctica es el estado de indefensi\u00f3n en la que se encuentra nuestro pa\u00eds, en tanto sus Fuerzas Armadas, considerablemente disminuidas luego de la guerra por Malvinas, carecen de poder de fuego y de organizaci\u00f3n como para afrontar situaciones b\u00e9licas, no s\u00f3lo contra el Reino Unido y por Malvinas, sino pr\u00e1cticamente respecto de cualquier otro pa\u00eds. Ello as\u00ed, en virtud de la pol\u00edtica desarrollada por todos los gobiernos constitucionales que siguieron al \u00faltimo gobierno de facto, de pr\u00e1cticamente \u201cdesarmar\u201d a las fuerzas armadas, bajo el eufemismo de \u201cmodernizar\u201d, modernizaci\u00f3n que nunca lleg\u00f3. La idea que inspir\u00f3 esta actitud fue la de ausencia de conflictos en nuestra frontera, concepci\u00f3n discutible y realmente ingenua, pero que sostuvieron todos los gobiernos democr\u00e1ticos a partir de Alfons\u00edn, incluyendo el actual, sin debate alguno por quienes ten\u00edan la obligaci\u00f3n de debatirlo.<br \/>\nDe modo que este 2 de abril nos encuentra en una situaci\u00f3n de status quo, que s\u00f3lo favorece la posici\u00f3n del Reino Unido. No hay pr\u00e1cticamente canales de comunicaci\u00f3n, ni negociaci\u00f3n bilateral en marcha, ni cambio de  postura alguna por parte del gobierno ingl\u00e9s y malvinense. La pol\u00edtica del actual gobierno argentino sigue siendo la inaugurada por el kirchnerismo: gran ofensiva diplom\u00e1tica en los distintos foros mundiales, como elemento de presi\u00f3n, y confrontaci\u00f3n con los intereses brit\u00e1nicos a trav\u00e9s de declaraciones y disposiciones normativas tendientes a dificultar la eventual explotaci\u00f3n de los recursos pesqueros y mineros sin la apoyatura argentina. Si poco o nada se ha logrado a trav\u00e9s de esta pol\u00edtica, justo es reconocer que nada asegura que un cambio conducir\u00eda al \u00e9xito, ni mucho menos. Vale recordar que la pol\u00edtica de acercamiento con los malvinenses ya fue intentada en la d\u00e9cada menemista, tambi\u00e9n sin resultado alguno. No parece improcedente, por tanto, y no es tan poca cosa como algunos lo pretenden calificar, pensar que la presi\u00f3n internacional para acabar con todas las formas de colonialismo (pol\u00edtica \u00e9sta de cada vez mayor aceptaci\u00f3n) pueda eventualmente dar frutos, en tiempo y forma eso s\u00ed absolutamente impredecibles.<br \/>\nUna cosa es clara: los pueblos no se alimentan s\u00f3lo de avances econ\u00f3micos, sino tambi\u00e9n de sue\u00f1os e ilusiones, de emociones y deseos a duras penas reprimidos. Malvinas constituye todo eso, y por eso la recordaci\u00f3n en un d\u00eda de hoy cobra vuelo, entidad y renovada actualidad.<\/p>\n<p><strong>El autor integra el Centro de Estudios Internacionales de la UCSE Departamento Acad\u00e9mico Rafaela y Observatorio Malvinas.<\/strong><\/p>\n","protected":false},"excerpt":{"rendered":"<p>Por Rodolfo Zehnder.- Otro aniversario del intento de recuperaci\u00f3n de Malvinas motiva estas reflexiones. El Reino Unido se ha ocupado [&hellip;]<\/p>\n","protected":false},"author":2,"featured_media":0,"comment_status":"open","ping_status":"closed","sticky":false,"template":"","format":"standard","meta":{"site-sidebar-layout":"default","site-content-layout":"","ast-site-content-layout":"default","site-content-style":"default","site-sidebar-style":"default","ast-global-header-display":"","ast-banner-title-visibility":"","ast-main-header-display":"","ast-hfb-above-header-display":"","ast-hfb-below-header-display":"","ast-hfb-mobile-header-display":"","site-post-title":"","ast-breadcrumbs-content":"","ast-featured-img":"","footer-sml-layout":"","ast-disable-related-posts":"","theme-transparent-header-meta":"","adv-header-id-meta":"","stick-header-meta":"","header-above-stick-meta":"","header-main-stick-meta":"","header-below-stick-meta":"","astra-migrate-meta-layouts":"default","ast-page-background-enabled":"default","ast-page-background-meta":{"desktop":{"background-color":"var(--ast-global-color-4)","background-image":"","background-repeat":"repeat","background-position":"center center","background-size":"auto","background-attachment":"scroll","background-type":"","background-media":"","overlay-type":"","overlay-color":"","overlay-opacity":"","overlay-gradient":""},"tablet":{"background-color":"","background-image":"","background-repeat":"repeat","background-position":"center center","background-size":"auto","background-attachment":"scroll","background-type":"","background-media":"","overlay-type":"","overlay-color":"","overlay-opacity":"","overlay-gradient":""},"mobile":{"background-color":"","background-image":"","background-repeat":"repeat","background-position":"center center","background-size":"auto","background-attachment":"scroll","background-type":"","background-media":"","overlay-type":"","overlay-color":"","overlay-opacity":"","overlay-gradient":""}},"ast-content-background-meta":{"desktop":{"background-color":"var(--ast-global-color-5)","background-image":"","background-repeat":"repeat","background-position":"center center","background-size":"auto","background-attachment":"scroll","background-type":"","background-media":"","overlay-type":"","overlay-color":"","overlay-opacity":"","overlay-gradient":""},"tablet":{"background-color":"var(--ast-global-color-5)","background-image":"","background-repeat":"repeat","background-position":"center center","background-size":"auto","background-attachment":"scroll","background-type":"","background-media":"","overlay-type":"","overlay-color":"","overlay-opacity":"","overlay-gradient":""},"mobile":{"background-color":"var(--ast-global-color-5)","background-image":"","background-repeat":"repeat","background-position":"center center","background-size":"auto","background-attachment":"scroll","background-type":"","background-media":"","overlay-type":"","overlay-color":"","overlay-opacity":"","overlay-gradient":""}},"footnotes":""},"categories":[4,5],"tags":[5333],"class_list":["post-4026","post","type-post","status-publish","format-standard","hentry","category-cultura-y-sociedad","category-politica","tag-2-de-abril-de-2015-actualidad-y-memoria"],"yoast_head":"<!-- This site is optimized with the Yoast SEO plugin v23.2 - https:\/\/yoast.com\/wordpress\/plugins\/seo\/ -->\n<title>2 de abril de 2015: actualidad y memoria - Sabado 100<\/title>\n<meta name=\"robots\" content=\"index, follow, max-snippet:-1, max-image-preview:large, max-video-preview:-1\" \/>\n<link rel=\"canonical\" href=\"https:\/\/sabado100.com.ar\/es-ar\/2-de-abril-de-2015-actualidad-y-memoria\/\" \/>\n<meta property=\"og:locale\" content=\"es_ES\" \/>\n<meta property=\"og:type\" content=\"article\" \/>\n<meta property=\"og:title\" content=\"2 de abril de 2015: actualidad y memoria - Sabado 100\" \/>\n<meta property=\"og:description\" content=\"Por Rodolfo Zehnder.- Otro aniversario del intento de recuperaci\u00f3n de Malvinas motiva estas reflexiones. El Reino Unido se ha ocupado [&hellip;]\" \/>\n<meta property=\"og:url\" content=\"https:\/\/sabado100.com.ar\/es-ar\/2-de-abril-de-2015-actualidad-y-memoria\/\" \/>\n<meta property=\"og:site_name\" content=\"Sabado 100\" \/>\n<meta property=\"article:publisher\" content=\"https:\/\/www.facebook.com\/sabadocien\/\" \/>\n<meta property=\"article:published_time\" content=\"2015-04-02T19:30:27+00:00\" \/>\n<meta name=\"author\" content=\"sabado cien\" \/>\n<meta name=\"twitter:card\" content=\"summary_large_image\" \/>\n<meta name=\"twitter:label1\" content=\"Escrito por\" \/>\n\t<meta name=\"twitter:data1\" content=\"sabado cien\" \/>\n\t<meta name=\"twitter:label2\" content=\"Tiempo de lectura\" \/>\n\t<meta name=\"twitter:data2\" content=\"4 minutos\" \/>\n<script type=\"application\/ld+json\" class=\"yoast-schema-graph\">{\"@context\":\"https:\/\/schema.org\",\"@graph\":[{\"@type\":\"Article\",\"@id\":\"https:\/\/sabado100.com.ar\/es-ar\/2-de-abril-de-2015-actualidad-y-memoria\/#article\",\"isPartOf\":{\"@id\":\"https:\/\/sabado100.com.ar\/es-ar\/2-de-abril-de-2015-actualidad-y-memoria\/\"},\"author\":{\"name\":\"sabado cien\",\"@id\":\"https:\/\/sabado100.com.ar\/es-ar\/#\/schema\/person\/58e38b918ef4e44b11398f25d4684c6d\"},\"headline\":\"2 de abril de 2015: actualidad y memoria\",\"datePublished\":\"2015-04-02T19:30:27+00:00\",\"dateModified\":\"2015-04-02T19:30:27+00:00\",\"mainEntityOfPage\":{\"@id\":\"https:\/\/sabado100.com.ar\/es-ar\/2-de-abril-de-2015-actualidad-y-memoria\/\"},\"wordCount\":867,\"commentCount\":0,\"publisher\":{\"@id\":\"https:\/\/sabado100.com.ar\/es-ar\/#organization\"},\"keywords\":[\"2 de Abril de 2015: actualidad y memoria\"],\"articleSection\":[\"Cultura y Sociedad\",\"Pol\u00edtica\"],\"inLanguage\":\"es\",\"potentialAction\":[{\"@type\":\"CommentAction\",\"name\":\"Comment\",\"target\":[\"https:\/\/sabado100.com.ar\/es-ar\/2-de-abril-de-2015-actualidad-y-memoria\/#respond\"]}]},{\"@type\":\"WebPage\",\"@id\":\"https:\/\/sabado100.com.ar\/es-ar\/2-de-abril-de-2015-actualidad-y-memoria\/\",\"url\":\"https:\/\/sabado100.com.ar\/es-ar\/2-de-abril-de-2015-actualidad-y-memoria\/\",\"name\":\"2 de abril de 2015: actualidad y memoria - Sabado 100\",\"isPartOf\":{\"@id\":\"https:\/\/sabado100.com.ar\/es-ar\/#website\"},\"datePublished\":\"2015-04-02T19:30:27+00:00\",\"dateModified\":\"2015-04-02T19:30:27+00:00\",\"breadcrumb\":{\"@id\":\"https:\/\/sabado100.com.ar\/es-ar\/2-de-abril-de-2015-actualidad-y-memoria\/#breadcrumb\"},\"inLanguage\":\"es\",\"potentialAction\":[{\"@type\":\"ReadAction\",\"target\":[\"https:\/\/sabado100.com.ar\/es-ar\/2-de-abril-de-2015-actualidad-y-memoria\/\"]}]},{\"@type\":\"BreadcrumbList\",\"@id\":\"https:\/\/sabado100.com.ar\/es-ar\/2-de-abril-de-2015-actualidad-y-memoria\/#breadcrumb\",\"itemListElement\":[{\"@type\":\"ListItem\",\"position\":1,\"name\":\"Portada\",\"item\":\"https:\/\/sabado100.com.ar\/es-ar\/\"},{\"@type\":\"ListItem\",\"position\":2,\"name\":\"2 de abril de 2015: actualidad y memoria\"}]},{\"@type\":\"WebSite\",\"@id\":\"https:\/\/sabado100.com.ar\/es-ar\/#website\",\"url\":\"https:\/\/sabado100.com.ar\/es-ar\/\",\"name\":\"Sabado 100\",\"description\":\"\",\"publisher\":{\"@id\":\"https:\/\/sabado100.com.ar\/es-ar\/#organization\"},\"potentialAction\":[{\"@type\":\"SearchAction\",\"target\":{\"@type\":\"EntryPoint\",\"urlTemplate\":\"https:\/\/sabado100.com.ar\/es-ar\/?s={search_term_string}\"},\"query-input\":\"required name=search_term_string\"}],\"inLanguage\":\"es\"},{\"@type\":\"Organization\",\"@id\":\"https:\/\/sabado100.com.ar\/es-ar\/#organization\",\"name\":\"Sabado 100\",\"url\":\"https:\/\/sabado100.com.ar\/es-ar\/\",\"logo\":{\"@type\":\"ImageObject\",\"inLanguage\":\"es\",\"@id\":\"https:\/\/sabado100.com.ar\/es-ar\/#\/schema\/logo\/image\/\",\"url\":\"https:\/\/sabado100.com.ar\/es-ar\/wp-content\/uploads\/2024\/04\/logo3.jpg\",\"contentUrl\":\"https:\/\/sabado100.com.ar\/es-ar\/wp-content\/uploads\/2024\/04\/logo3.jpg\",\"width\":300,\"height\":174,\"caption\":\"Sabado 100\"},\"image\":{\"@id\":\"https:\/\/sabado100.com.ar\/es-ar\/#\/schema\/logo\/image\/\"},\"sameAs\":[\"https:\/\/www.facebook.com\/sabadocien\/\",\"https:\/\/www.instagram.com\/sabado100.com.ar\/\",\"https:\/\/www.youtube.com\/@sabado1003\"]},{\"@type\":\"Person\",\"@id\":\"https:\/\/sabado100.com.ar\/es-ar\/#\/schema\/person\/58e38b918ef4e44b11398f25d4684c6d\",\"name\":\"sabado cien\",\"image\":{\"@type\":\"ImageObject\",\"inLanguage\":\"es\",\"@id\":\"https:\/\/sabado100.com.ar\/es-ar\/#\/schema\/person\/image\/\",\"url\":\"https:\/\/sabado100.com.ar\/es-ar\/wp-content\/litespeed\/avatar\/484bccfbd493fbb703b0f1b8113dad61.jpg?ver=1787731622\",\"contentUrl\":\"https:\/\/sabado100.com.ar\/es-ar\/wp-content\/litespeed\/avatar\/484bccfbd493fbb703b0f1b8113dad61.jpg?ver=1787731622\",\"caption\":\"sabado cien\"},\"url\":\"https:\/\/sabado100.com.ar\/es-ar\/author\/sabado100\/\"}]}<\/script>\n<!-- \/ Yoast SEO plugin. -->","yoast_head_json":{"title":"2 de abril de 2015: actualidad y memoria - Sabado 100","robots":{"index":"index","follow":"follow","max-snippet":"max-snippet:-1","max-image-preview":"max-image-preview:large","max-video-preview":"max-video-preview:-1"},"canonical":"https:\/\/sabado100.com.ar\/es-ar\/2-de-abril-de-2015-actualidad-y-memoria\/","og_locale":"es_ES","og_type":"article","og_title":"2 de abril de 2015: actualidad y memoria - Sabado 100","og_description":"Por Rodolfo Zehnder.- Otro aniversario del intento de recuperaci\u00f3n de Malvinas motiva estas reflexiones. El Reino Unido se ha ocupado [&hellip;]","og_url":"https:\/\/sabado100.com.ar\/es-ar\/2-de-abril-de-2015-actualidad-y-memoria\/","og_site_name":"Sabado 100","article_publisher":"https:\/\/www.facebook.com\/sabadocien\/","article_published_time":"2015-04-02T19:30:27+00:00","author":"sabado cien","twitter_card":"summary_large_image","twitter_misc":{"Escrito por":"sabado cien","Tiempo de lectura":"4 minutos"},"schema":{"@context":"https:\/\/schema.org","@graph":[{"@type":"Article","@id":"https:\/\/sabado100.com.ar\/es-ar\/2-de-abril-de-2015-actualidad-y-memoria\/#article","isPartOf":{"@id":"https:\/\/sabado100.com.ar\/es-ar\/2-de-abril-de-2015-actualidad-y-memoria\/"},"author":{"name":"sabado cien","@id":"https:\/\/sabado100.com.ar\/es-ar\/#\/schema\/person\/58e38b918ef4e44b11398f25d4684c6d"},"headline":"2 de abril de 2015: actualidad y memoria","datePublished":"2015-04-02T19:30:27+00:00","dateModified":"2015-04-02T19:30:27+00:00","mainEntityOfPage":{"@id":"https:\/\/sabado100.com.ar\/es-ar\/2-de-abril-de-2015-actualidad-y-memoria\/"},"wordCount":867,"commentCount":0,"publisher":{"@id":"https:\/\/sabado100.com.ar\/es-ar\/#organization"},"keywords":["2 de Abril de 2015: actualidad y memoria"],"articleSection":["Cultura y Sociedad","Pol\u00edtica"],"inLanguage":"es","potentialAction":[{"@type":"CommentAction","name":"Comment","target":["https:\/\/sabado100.com.ar\/es-ar\/2-de-abril-de-2015-actualidad-y-memoria\/#respond"]}]},{"@type":"WebPage","@id":"https:\/\/sabado100.com.ar\/es-ar\/2-de-abril-de-2015-actualidad-y-memoria\/","url":"https:\/\/sabado100.com.ar\/es-ar\/2-de-abril-de-2015-actualidad-y-memoria\/","name":"2 de abril de 2015: actualidad y memoria - Sabado 100","isPartOf":{"@id":"https:\/\/sabado100.com.ar\/es-ar\/#website"},"datePublished":"2015-04-02T19:30:27+00:00","dateModified":"2015-04-02T19:30:27+00:00","breadcrumb":{"@id":"https:\/\/sabado100.com.ar\/es-ar\/2-de-abril-de-2015-actualidad-y-memoria\/#breadcrumb"},"inLanguage":"es","potentialAction":[{"@type":"ReadAction","target":["https:\/\/sabado100.com.ar\/es-ar\/2-de-abril-de-2015-actualidad-y-memoria\/"]}]},{"@type":"BreadcrumbList","@id":"https:\/\/sabado100.com.ar\/es-ar\/2-de-abril-de-2015-actualidad-y-memoria\/#breadcrumb","itemListElement":[{"@type":"ListItem","position":1,"name":"Portada","item":"https:\/\/sabado100.com.ar\/es-ar\/"},{"@type":"ListItem","position":2,"name":"2 de abril de 2015: actualidad y memoria"}]},{"@type":"WebSite","@id":"https:\/\/sabado100.com.ar\/es-ar\/#website","url":"https:\/\/sabado100.com.ar\/es-ar\/","name":"Sabado 100","description":"","publisher":{"@id":"https:\/\/sabado100.com.ar\/es-ar\/#organization"},"potentialAction":[{"@type":"SearchAction","target":{"@type":"EntryPoint","urlTemplate":"https:\/\/sabado100.com.ar\/es-ar\/?s={search_term_string}"},"query-input":"required name=search_term_string"}],"inLanguage":"es"},{"@type":"Organization","@id":"https:\/\/sabado100.com.ar\/es-ar\/#organization","name":"Sabado 100","url":"https:\/\/sabado100.com.ar\/es-ar\/","logo":{"@type":"ImageObject","inLanguage":"es","@id":"https:\/\/sabado100.com.ar\/es-ar\/#\/schema\/logo\/image\/","url":"https:\/\/sabado100.com.ar\/es-ar\/wp-content\/uploads\/2024\/04\/logo3.jpg","contentUrl":"https:\/\/sabado100.com.ar\/es-ar\/wp-content\/uploads\/2024\/04\/logo3.jpg","width":300,"height":174,"caption":"Sabado 100"},"image":{"@id":"https:\/\/sabado100.com.ar\/es-ar\/#\/schema\/logo\/image\/"},"sameAs":["https:\/\/www.facebook.com\/sabadocien\/","https:\/\/www.instagram.com\/sabado100.com.ar\/","https:\/\/www.youtube.com\/@sabado1003"]},{"@type":"Person","@id":"https:\/\/sabado100.com.ar\/es-ar\/#\/schema\/person\/58e38b918ef4e44b11398f25d4684c6d","name":"sabado cien","image":{"@type":"ImageObject","inLanguage":"es","@id":"https:\/\/sabado100.com.ar\/es-ar\/#\/schema\/person\/image\/","url":"https:\/\/sabado100.com.ar\/es-ar\/wp-content\/litespeed\/avatar\/484bccfbd493fbb703b0f1b8113dad61.jpg?ver=1787731622","contentUrl":"https:\/\/sabado100.com.ar\/es-ar\/wp-content\/litespeed\/avatar\/484bccfbd493fbb703b0f1b8113dad61.jpg?ver=1787731622","caption":"sabado cien"},"url":"https:\/\/sabado100.com.ar\/es-ar\/author\/sabado100\/"}]}},"_links":{"self":[{"href":"https:\/\/sabado100.com.ar\/es-ar\/wp-json\/wp\/v2\/posts\/4026","targetHints":{"allow":["GET"]}}],"collection":[{"href":"https:\/\/sabado100.com.ar\/es-ar\/wp-json\/wp\/v2\/posts"}],"about":[{"href":"https:\/\/sabado100.com.ar\/es-ar\/wp-json\/wp\/v2\/types\/post"}],"author":[{"embeddable":true,"href":"https:\/\/sabado100.com.ar\/es-ar\/wp-json\/wp\/v2\/users\/2"}],"replies":[{"embeddable":true,"href":"https:\/\/sabado100.com.ar\/es-ar\/wp-json\/wp\/v2\/comments?post=4026"}],"version-history":[{"count":0,"href":"https:\/\/sabado100.com.ar\/es-ar\/wp-json\/wp\/v2\/posts\/4026\/revisions"}],"wp:attachment":[{"href":"https:\/\/sabado100.com.ar\/es-ar\/wp-json\/wp\/v2\/media?parent=4026"}],"wp:term":[{"taxonomy":"category","embeddable":true,"href":"https:\/\/sabado100.com.ar\/es-ar\/wp-json\/wp\/v2\/categories?post=4026"},{"taxonomy":"post_tag","embeddable":true,"href":"https:\/\/sabado100.com.ar\/es-ar\/wp-json\/wp\/v2\/tags?post=4026"}],"curies":[{"name":"wp","href":"https:\/\/api.w.org\/{rel}","templated":true}]}}