{"id":4022,"date":"2015-03-29T21:30:55","date_gmt":"2015-03-29T19:30:55","guid":{"rendered":"https:\/\/www.sabado100.com.ar\/?p=4022"},"modified":"2015-03-29T21:30:55","modified_gmt":"2015-03-29T19:30:55","slug":"georg-ganswein-con-el-papa-nunca-faltan-sorpresas","status":"publish","type":"post","link":"https:\/\/sabado100.com.ar\/es-ar\/georg-ganswein-con-el-papa-nunca-faltan-sorpresas\/","title":{"rendered":"Georg G\u00e4nswein: \u00abCon el Papa, nunca faltan sorpresas\u00bb"},"content":{"rendered":"<p><strong>ROMA (Por Elisabetta Piqu\u00e9).-<\/strong> Monse\u00f1or Georg G\u00e4nswein, secretario personal del papa em\u00e9rito Benedicto XVI y uno de los hombres que siguen a Francisco como una sombra desde su rol de prefecto de la Casa Pontificia, sonr\u00ede cuando se le recuerda que fue apodado \u00abel George Clooney del Vaticano\u00bb. \u00abAl principio me molestaba, ahora no\u00bb, reconoci\u00f3, al final de una entrevista en su estudio del Palacio Apost\u00f3lico, con espectaculares frescos del Renacimiento.<\/p>\n<p>Nacido hace 58 a\u00f1os en Riedern am Wald, Alemania, gran deportista -cuando puede, se escapa a las monta\u00f1as de Abruzzo-, G\u00e4nswein ve al Papa casi todos los d\u00edas. Lo acompa\u00f1a en sus audiencias y en los viajes por Italia. Y si bien no ahorr\u00f3 elogios, confes\u00f3 que hay algo en Jorge Bergoglio que lo complica bastante. \u00abLo que resulta un tanto dif\u00edcil es una cierta imprevisibilidad en el actuar, en los cambios, sorpresas de \u00faltimo momento que nunca faltan\u00bb, dijo.<\/p>\n<p>Durante la entrevista, que dur\u00f3 una hora, G\u00e4nswein contest\u00f3 todo tipo de preguntas, sin obsecuencia. Dijo que admira la capacidad extraordinaria de trabajo de Francisco, su modo de relacionarse con las personas y el tiempo que le dedica a la oraci\u00f3n.<\/p>\n<p>Sin embargo, no ocult\u00f3 que se percibe cierto malestar en la curia romana ante una reforma de \u00e9sta que a\u00fan queda por verse. Y se anim\u00f3 a criticar el fuerte discurso que el Papa hizo ante la curia a fin de a\u00f1o, en el que, para cuestionar su funcionamiento, enumer\u00f3 15 enfermedades.<\/p>\n<p>No obstante, consider\u00f3 \u00absin fundamento\u00bb las cr\u00edticas de los sectores ultraconservadores, que acusan a Francisco de populista y de desacralizar la figura del Pont\u00edfice.<\/p>\n<p>-\u00bfC\u00f3mo es su relaci\u00f3n con Francisco?<\/p>\n<p>-Muy cordial, la sinton\u00eda ha ido creciendo d\u00eda tras d\u00eda. Al principio no me conoc\u00eda, quiz\u00e1 ten\u00eda una imagen de m\u00ed no muy favorable por lo que se hab\u00eda escrito de m\u00ed en los tiempos de VatiLeaks. Pero una cosa es la imagen creada y otra la imagen real. Y cuando se trabaja juntos es natural que se establezca un esp\u00edritu de colaboraci\u00f3n y de equipo.<\/p>\n<p>-\u00bfFue dif\u00edcil para usted, un alem\u00e1n acostumbrado a un papa alem\u00e1n, de golpe estar al lado de un papa argentino muy informal, que tiene una relaci\u00f3n dif\u00edcil con el protocolo?<\/p>\n<p>-El cambio m\u00e1s profundo para m\u00ed fue el de funci\u00f3n: pasar de ser secretario particular del papa Benedicto a prefecto de la Casa Pontificia con el papa Francisco. Fue un gran desaf\u00edo no s\u00f3lo en cuanto al trabajo, sino en cuanto al estilo. Como cada persona, tambi\u00e9n los papas tienen su impronta personal, su estilo inconfundible, con el que se distinguen. Es claro que para quien est\u00e1 acostumbrado a un cierto estilo durante muchos a\u00f1os, si hay un cambio hace falta un esfuerzo para orientarse en modo nuevo.<\/p>\n<p>-\u00bfC\u00f3mo vive usted esta dualidad de servir a dos papas, uno en funciones y el otro, em\u00e9rito? \u00bfNo se siente un poco dividido?<\/p>\n<p>-No, para nada. Claro, tuve que acostumbrarme primero a la nueva realidad de un papa reinante y un papa em\u00e9rito. Aunque nunca tuve dudas de que mi primer servicio es para el papa Francisco. Y luego tambi\u00e9n sirvo al papa Benedicto. Los primeros meses tuve que hacer obviamente un trabajo personal, conmigo mismo. Pero con el paso del tiempo espero haber encontrado el modo justo de relacionarme con cada uno de ellos.<\/p>\n<p>-\u00bfEn estos dos a\u00f1os, qu\u00e9 es lo que m\u00e1s lo impact\u00f3 de Francisco?<\/p>\n<p>-En el aspecto humano, la capacidad de trabajo, porque en este sentido es un fen\u00f3meno extraordinario, trabaja por dos y tiene 78 a\u00f1os; y la atenci\u00f3n personal que presta a las much\u00edsimas personas que encuentra todos los d\u00edas. En el aspecto espiritual: su vida espiritual de oraci\u00f3n. Como es sabido, se levanta muy temprano para meditar y prepararse para la santa misa. Impacta la coherencia entre una vida muy activa y el tiempo que le dedica a la oraci\u00f3n, es decir, a la vida contemplativa. La espiritualidad ignaciana est\u00e1 realmente encarnada en \u00e9l.<\/p>\n<p>-\u00bfQu\u00e9 es lo que m\u00e1s le gusta de Francisco y lo que le resulta m\u00e1s dif\u00edcil?<\/p>\n<p>-Una dote particular es su habilidad de relacionarse con las personas. La palabra \u00abencuentro\u00bb, junto a \u00abmisericordia\u00bb, se han vuelto palabras clave del pontificado y esto vale para los grandes del mundo como para los \u00abpeque\u00f1os\u00bb, los discapacitados, los enfermos. Esto es algo que admiro y que me da aliento. Lo que resulta un tanto dif\u00edcil es una cierta imprevisibilidad en el actuar, en los cambios, sorpresas de \u00faltimo momento que nunca faltan&#8230; El propio Papa bromea con eso cuando habla del protocolo y de la \u00abburocracia\u00bb del Vaticano&#8230; Pero, bromas aparte, creo que el Papa ha ido experimentando que el protocolo y todos los que trabajan en ese sector no quieren para nada condicionarlo, sino servirlo y ayudarlo en su servicio petrino.<\/p>\n<p>-Usted ha trabajado con dos papas muy de cerca: \u00bfqu\u00e9 ha aprendido de cada uno?<\/p>\n<p>-De los dos he aprendido algo important\u00edsimo: el amor hacia el Se\u00f1or y hacia la Iglesia. Como secretario personal del papa Benedicto he aprendido la serenidad al enfrentar los desaf\u00edos diarios de modo valiente y sincero y a no tener miedo de nada y de nadie. Del papa Francisco estoy aprendiendo a mirar adelante, a abrirme a nuevas cuestiones. Las experiencias de las periferias, de las que ama hablar, tienen algo que es diferente respecto de las experiencias eclesiales que tenemos en Alemania, en Italia, en el resto de Europa.<\/p>\n<p>-\u00bfQuiere decir que quiz\u00e1s hab\u00eda demasiado eurocentrismo en el Vaticano?<\/p>\n<p>-Puede ser&#8230; Es claro que las experiencias personales de un papa tienen mucho que ver con su pontificado y con el gobierno de la Iglesia.<\/p>\n<p>-Luego de dos a\u00f1os de pontificado de Francisco se habla de resistencias a la reforma de la curia, puesta en marcha por \u00e9l junto al consejo de nueve cardenales consultores (C9). \u00bfUsted percibe estas resistencias o malestar en la curia?<\/p>\n<p>-Al principio se habl\u00f3 un poco demasiado de \u00abreforma\u00bb de la curia sin conocer bien ni la curia, ni su trabajo diario al servicio del Papa. Despu\u00e9s de dos a\u00f1os se han reducido las voces y tambi\u00e9n las expectativas. Claro, hay algunas cosas que deben mejorarse, pero no hay que empezar desde cero. Un \u00e1rbol que crece siempre debe ser podado. Al respecto, no veo resistencias, sino una visi\u00f3n m\u00e1s realista de las cosas. Para ser sincero, tambi\u00e9n debo decir que se puede percibir cierto malestar sobre algunas cosas en la marcha de los trabajos de reforma. La \u00fanica novedad hasta ahora ha sido la creaci\u00f3n de un nuevo \u00f3rgano, es decir, de la Secretar\u00eda para la Econom\u00eda y el Consejo para la Econom\u00eda.<\/p>\n<p>-En la reciente entrevista a Televisa, el Papa pareci\u00f3 fustigar a la curia, al definirla como la \u00faltima corte en Europa. \u00bfUsted la ve as\u00ed?<\/p>\n<p>-En Europa, a\u00fan existen cortes reales verdaderas: Espa\u00f1a, Inglaterra, Dinamarca, Holanda, etc\u00e9tera&#8230; En 1968, el beato Pablo VI con el motu proprio Pontificalis Domus aboli\u00f3 la Corte Pontificia y cre\u00f3 la Casa Pontificia, cambiando profundamente su \u00edndole. Ya no existe la corte vaticana&#8230; Por eso qued\u00e9 sorprendido con esa afirmaci\u00f3n del papa Francisco.<\/p>\n<p>-\u00bfEl discurso que el Papa le hizo a fin de a\u00f1o a la curia con las 15 enfermedades fue demasiado duro?<\/p>\n<p>-Fue un discurso que sorprendi\u00f3 a todos, un discurso fuerte. Ofrec\u00eda la ocasi\u00f3n de hacer un examen de conciencia y yo lo hice. Temo, sin embargo, que las palabras del Papa puedan ser instrumentalizadas en contra de sus colaboradores m\u00e1s cercanos: el Papa bueno por un lado y, por el otro, la curia enferma, corrupta. \u00a1Pero donde hay una enfermedad, tambi\u00e9n hay un ant\u00eddoto!<\/p>\n<p>-Los sectores ultraconservadores critican a Francisco por haber decidido no vivir en el Palacio Apost\u00f3lico, creen que est\u00e1 desacralizando la figura del pont\u00edfice, lo acusan de ser un populista&#8230;<\/p>\n<p>-Son cr\u00edticas que no tienen ning\u00fan fundamento. El papa Francisco no va a las periferias para recibir el aplauso, no encuentra a las personas en la c\u00e1rcel para aumentar su popularidad, es rid\u00edculo pensar eso. En cuanto a su estilo de vida, recuerdo bien que una de sus primeras afirmaciones, despu\u00e9s de asumir, fue: \u00abYo tengo 76 a\u00f1os, yo ya no cambio mi vida\u00bb. Fue y es as\u00ed. Lo veo todos los d\u00edas. Considero, por \u00faltimo, que es absurdo hablar de una desacralizaci\u00f3n de la figura del pont\u00edfice. Quien hace este tipo de cr\u00edticas tiene una imagen irreal del papado. Basta con observar en la historia de los papas y se ven muchos cambios exteriores, por diversos motivos, pero lo que permanece id\u00e9ntica e irreversible es la sustancia de la promesa del Se\u00f1or a Pedro.<\/p>\n<p><strong>\u00abBenedicto sigue con gran atenci\u00f3n y simpat\u00eda a su sucesor\u00bb<\/strong><\/p>\n<p>Durante la entrevista, monse\u00f1or G\u00e4nswein tambi\u00e9n se refiri\u00f3 a Joseph Ratzinger, a quien acompa\u00f1a como secretario privado desde sus tiempos de cardenal-prefecto de la Congregaci\u00f3n para la Doctrina de la Fe. \u00abDentro de poco, el 16 de abril, cumple 88 a\u00f1os\u00bb, record\u00f3, al destacar que m\u00e1s all\u00e1 de su edad, \u00abla cabeza sigue funcionando perfectamente, mientras que son las piernas las que comienzan a crear problemas\u00bb. Pese a ello, cont\u00f3 que lo acompa\u00f1a todos los d\u00edas a dar un paseo de media hora exacta por los Jardines Vaticanos.<\/p>\n<p>La vida de Benedicto XVI, que conmovi\u00f3 al mundo al renunciar al papado el 11 de febrero de 2013, es muy ordenada. \u00abEn primer lugar est\u00e1 la vida de oraci\u00f3n: santa misa, adoraci\u00f3n, breviario, meditaci\u00f3n, rosario, oraci\u00f3n personal. Luego se dedica al estudio, a la lectura y a la correspondencia privada. Todos los d\u00edas le llegan cartas, libros, pedidos, manuscritos&#8230; Y no faltan visitas\u00bb, dijo.<\/p>\n<p>Tambi\u00e9n de vez en cuando, Benedicto se ve con Francisco, con quien suele hablar por tel\u00e9fono y escribirse.<\/p>\n<p>\u00abEntre ellos se nota una plena continuidad\u00bb tanto en el proceso de limpieza puesto en marcha en el Instituto para las Obras de Religi\u00f3n (IOR) como en la cuesti\u00f3n de los abusos sexuales de menores por parte del clero, destac\u00f3 G\u00e4nswein.<\/p>\n<p>-En la reciente entrevista a Televisa, el Papa volvi\u00f3 a decir que no tendr\u00eda problemas en seguir el ejemplo de Benedicto y renunciar, y que vislumbra un pontificado breve. \u00bfUsted qu\u00e9 sensaci\u00f3n tiene?<\/p>\n<p>-No s\u00e9 si ser\u00e1 un pontificado largo o corto. Mi impresi\u00f3n es que Francisco tiene ante s\u00ed algunas metas que quiere alcanzar en tiempos razonables.<\/p>\n<p>-\u00bfHabl\u00f3 alguna vez de esto con Francisco?<\/p>\n<p>-Lo que hablo con \u00e9l queda entre nosotros dos. Si no hay discreci\u00f3n no es posible establecer una relaci\u00f3n de confianza. Sin embargo, me sorprendi\u00f3 que, en poco tiempo, volviera a hablar de un pontificado breve.<\/p>\n<p>-\u00bfY con Benedicto lo habl\u00f3?<\/p>\n<p>-Reitero lo anterior. No digo nada de lo que hablo con \u00e9l. El papa Benedicto sigue con gran atenci\u00f3n y simpat\u00eda a su sucesor. Y admira su fuerza f\u00edsica y espiritual. No hace comentario alguno sobre sus afirmaciones acerca de un pontificado breve.<\/p>\n<p>-Hay quienes creen que tambi\u00e9n Francisco renunciar\u00e1. En la entrevista con Televisa dej\u00f3 en claro, sin embargo, que no le parece justo poner un l\u00edmite de 80 a\u00f1os al papado&#8230;<\/p>\n<p>-Me parece una afirmaci\u00f3n correcta y sabia. Poner condiciones en modo p\u00fablico ser\u00eda el colmo, alimento para los dientes de los periodistas.<\/p>\n<p><strong>Fuente:<\/strong> diario La Naci\u00f3n, Buenos Aires, 29 de marzo de 2015.<\/p>\n","protected":false},"excerpt":{"rendered":"<p>ROMA (Por Elisabetta Piqu\u00e9).- Monse\u00f1or Georg G\u00e4nswein, secretario personal del papa em\u00e9rito Benedicto XVI y uno de los hombres que [&hellip;]<\/p>\n","protected":false},"author":2,"featured_media":0,"comment_status":"open","ping_status":"closed","sticky":false,"template":"","format":"standard","meta":{"site-sidebar-layout":"default","site-content-layout":"","ast-site-content-layout":"default","site-content-style":"default","site-sidebar-style":"default","ast-global-header-display":"","ast-banner-title-visibility":"","ast-main-header-display":"","ast-hfb-above-header-display":"","ast-hfb-below-header-display":"","ast-hfb-mobile-header-display":"","site-post-title":"","ast-breadcrumbs-content":"","ast-featured-img":"","footer-sml-layout":"","ast-disable-related-posts":"","theme-transparent-header-meta":"","adv-header-id-meta":"","stick-header-meta":"","header-above-stick-meta":"","header-main-stick-meta":"","header-below-stick-meta":"","astra-migrate-meta-layouts":"default","ast-page-background-enabled":"default","ast-page-background-meta":{"desktop":{"background-color":"var(--ast-global-color-4)","background-image":"","background-repeat":"repeat","background-position":"center center","background-size":"auto","background-attachment":"scroll","background-type":"","background-media":"","overlay-type":"","overlay-color":"","overlay-opacity":"","overlay-gradient":""},"tablet":{"background-color":"","background-image":"","background-repeat":"repeat","background-position":"center center","background-size":"auto","background-attachment":"scroll","background-type":"","background-media":"","overlay-type":"","overlay-color":"","overlay-opacity":"","overlay-gradient":""},"mobile":{"background-color":"","background-image":"","background-repeat":"repeat","background-position":"center center","background-size":"auto","background-attachment":"scroll","background-type":"","background-media":"","overlay-type":"","overlay-color":"","overlay-opacity":"","overlay-gradient":""}},"ast-content-background-meta":{"desktop":{"background-color":"var(--ast-global-color-5)","background-image":"","background-repeat":"repeat","background-position":"center center","background-size":"auto","background-attachment":"scroll","background-type":"","background-media":"","overlay-type":"","overlay-color":"","overlay-opacity":"","overlay-gradient":""},"tablet":{"background-color":"var(--ast-global-color-5)","background-image":"","background-repeat":"repeat","background-position":"center center","background-size":"auto","background-attachment":"scroll","background-type":"","background-media":"","overlay-type":"","overlay-color":"","overlay-opacity":"","overlay-gradient":""},"mobile":{"background-color":"var(--ast-global-color-5)","background-image":"","background-repeat":"repeat","background-position":"center center","background-size":"auto","background-attachment":"scroll","background-type":"","background-media":"","overlay-type":"","overlay-color":"","overlay-opacity":"","overlay-gradient":""}},"footnotes":""},"categories":[29],"tags":[5330,5331],"class_list":["post-4022","post","type-post","status-publish","format-standard","hentry","category-religion","tag-georg-ganswein-con-el-papa","tag-nunca-faltan-sorpresas"],"yoast_head":"<!-- This site is optimized with the Yoast SEO plugin v23.2 - https:\/\/yoast.com\/wordpress\/plugins\/seo\/ -->\n<title>Georg G\u00e4nswein: &quot;Con el Papa, nunca faltan sorpresas&quot; - Sabado 100<\/title>\n<meta name=\"robots\" content=\"index, follow, max-snippet:-1, max-image-preview:large, max-video-preview:-1\" \/>\n<link rel=\"canonical\" href=\"https:\/\/sabado100.com.ar\/es-ar\/georg-ganswein-con-el-papa-nunca-faltan-sorpresas\/\" \/>\n<meta property=\"og:locale\" content=\"es_ES\" \/>\n<meta property=\"og:type\" content=\"article\" \/>\n<meta property=\"og:title\" content=\"Georg G\u00e4nswein: &quot;Con el Papa, nunca faltan sorpresas&quot; - Sabado 100\" \/>\n<meta property=\"og:description\" content=\"ROMA (Por Elisabetta Piqu\u00e9).- Monse\u00f1or Georg G\u00e4nswein, secretario personal del papa em\u00e9rito Benedicto XVI y uno de los hombres que [&hellip;]\" \/>\n<meta property=\"og:url\" content=\"https:\/\/sabado100.com.ar\/es-ar\/georg-ganswein-con-el-papa-nunca-faltan-sorpresas\/\" \/>\n<meta property=\"og:site_name\" content=\"Sabado 100\" \/>\n<meta property=\"article:publisher\" content=\"https:\/\/www.facebook.com\/sabadocien\/\" \/>\n<meta property=\"article:published_time\" content=\"2015-03-29T19:30:55+00:00\" \/>\n<meta name=\"author\" content=\"sabado cien\" \/>\n<meta name=\"twitter:card\" content=\"summary_large_image\" \/>\n<meta name=\"twitter:label1\" content=\"Escrito por\" \/>\n\t<meta name=\"twitter:data1\" content=\"sabado cien\" \/>\n\t<meta name=\"twitter:label2\" content=\"Tiempo de lectura\" \/>\n\t<meta name=\"twitter:data2\" content=\"10 minutos\" \/>\n<script type=\"application\/ld+json\" class=\"yoast-schema-graph\">{\"@context\":\"https:\/\/schema.org\",\"@graph\":[{\"@type\":\"Article\",\"@id\":\"https:\/\/sabado100.com.ar\/es-ar\/georg-ganswein-con-el-papa-nunca-faltan-sorpresas\/#article\",\"isPartOf\":{\"@id\":\"https:\/\/sabado100.com.ar\/es-ar\/georg-ganswein-con-el-papa-nunca-faltan-sorpresas\/\"},\"author\":{\"name\":\"sabado cien\",\"@id\":\"https:\/\/sabado100.com.ar\/es-ar\/#\/schema\/person\/58e38b918ef4e44b11398f25d4684c6d\"},\"headline\":\"Georg G\u00e4nswein: \u00abCon el Papa, nunca faltan sorpresas\u00bb\",\"datePublished\":\"2015-03-29T19:30:55+00:00\",\"dateModified\":\"2015-03-29T19:30:55+00:00\",\"mainEntityOfPage\":{\"@id\":\"https:\/\/sabado100.com.ar\/es-ar\/georg-ganswein-con-el-papa-nunca-faltan-sorpresas\/\"},\"wordCount\":2001,\"commentCount\":0,\"publisher\":{\"@id\":\"https:\/\/sabado100.com.ar\/es-ar\/#organization\"},\"keywords\":[\"Georg G\u00e4nswein: \\\"Con el Papa\",\"nunca faltan sorpresas\\\"\"],\"articleSection\":[\"Religi\u00f3n\"],\"inLanguage\":\"es\",\"potentialAction\":[{\"@type\":\"CommentAction\",\"name\":\"Comment\",\"target\":[\"https:\/\/sabado100.com.ar\/es-ar\/georg-ganswein-con-el-papa-nunca-faltan-sorpresas\/#respond\"]}]},{\"@type\":\"WebPage\",\"@id\":\"https:\/\/sabado100.com.ar\/es-ar\/georg-ganswein-con-el-papa-nunca-faltan-sorpresas\/\",\"url\":\"https:\/\/sabado100.com.ar\/es-ar\/georg-ganswein-con-el-papa-nunca-faltan-sorpresas\/\",\"name\":\"Georg G\u00e4nswein: \\\"Con el Papa, nunca faltan sorpresas\\\" - Sabado 100\",\"isPartOf\":{\"@id\":\"https:\/\/sabado100.com.ar\/es-ar\/#website\"},\"datePublished\":\"2015-03-29T19:30:55+00:00\",\"dateModified\":\"2015-03-29T19:30:55+00:00\",\"breadcrumb\":{\"@id\":\"https:\/\/sabado100.com.ar\/es-ar\/georg-ganswein-con-el-papa-nunca-faltan-sorpresas\/#breadcrumb\"},\"inLanguage\":\"es\",\"potentialAction\":[{\"@type\":\"ReadAction\",\"target\":[\"https:\/\/sabado100.com.ar\/es-ar\/georg-ganswein-con-el-papa-nunca-faltan-sorpresas\/\"]}]},{\"@type\":\"BreadcrumbList\",\"@id\":\"https:\/\/sabado100.com.ar\/es-ar\/georg-ganswein-con-el-papa-nunca-faltan-sorpresas\/#breadcrumb\",\"itemListElement\":[{\"@type\":\"ListItem\",\"position\":1,\"name\":\"Portada\",\"item\":\"https:\/\/sabado100.com.ar\/es-ar\/\"},{\"@type\":\"ListItem\",\"position\":2,\"name\":\"Georg G\u00e4nswein: \u00abCon el Papa, nunca faltan sorpresas\u00bb\"}]},{\"@type\":\"WebSite\",\"@id\":\"https:\/\/sabado100.com.ar\/es-ar\/#website\",\"url\":\"https:\/\/sabado100.com.ar\/es-ar\/\",\"name\":\"Sabado 100\",\"description\":\"\",\"publisher\":{\"@id\":\"https:\/\/sabado100.com.ar\/es-ar\/#organization\"},\"potentialAction\":[{\"@type\":\"SearchAction\",\"target\":{\"@type\":\"EntryPoint\",\"urlTemplate\":\"https:\/\/sabado100.com.ar\/es-ar\/?s={search_term_string}\"},\"query-input\":\"required name=search_term_string\"}],\"inLanguage\":\"es\"},{\"@type\":\"Organization\",\"@id\":\"https:\/\/sabado100.com.ar\/es-ar\/#organization\",\"name\":\"Sabado 100\",\"url\":\"https:\/\/sabado100.com.ar\/es-ar\/\",\"logo\":{\"@type\":\"ImageObject\",\"inLanguage\":\"es\",\"@id\":\"https:\/\/sabado100.com.ar\/es-ar\/#\/schema\/logo\/image\/\",\"url\":\"https:\/\/sabado100.com.ar\/es-ar\/wp-content\/uploads\/2024\/04\/logo3.jpg\",\"contentUrl\":\"https:\/\/sabado100.com.ar\/es-ar\/wp-content\/uploads\/2024\/04\/logo3.jpg\",\"width\":300,\"height\":174,\"caption\":\"Sabado 100\"},\"image\":{\"@id\":\"https:\/\/sabado100.com.ar\/es-ar\/#\/schema\/logo\/image\/\"},\"sameAs\":[\"https:\/\/www.facebook.com\/sabadocien\/\",\"https:\/\/www.instagram.com\/sabado100.com.ar\/\",\"https:\/\/www.youtube.com\/@sabado1003\"]},{\"@type\":\"Person\",\"@id\":\"https:\/\/sabado100.com.ar\/es-ar\/#\/schema\/person\/58e38b918ef4e44b11398f25d4684c6d\",\"name\":\"sabado cien\",\"image\":{\"@type\":\"ImageObject\",\"inLanguage\":\"es\",\"@id\":\"https:\/\/sabado100.com.ar\/es-ar\/#\/schema\/person\/image\/\",\"url\":\"https:\/\/sabado100.com.ar\/es-ar\/wp-content\/litespeed\/avatar\/484bccfbd493fbb703b0f1b8113dad61.jpg?ver=1787731622\",\"contentUrl\":\"https:\/\/sabado100.com.ar\/es-ar\/wp-content\/litespeed\/avatar\/484bccfbd493fbb703b0f1b8113dad61.jpg?ver=1787731622\",\"caption\":\"sabado cien\"},\"url\":\"https:\/\/sabado100.com.ar\/es-ar\/author\/sabado100\/\"}]}<\/script>\n<!-- \/ Yoast SEO plugin. -->","yoast_head_json":{"title":"Georg G\u00e4nswein: \"Con el Papa, nunca faltan sorpresas\" - Sabado 100","robots":{"index":"index","follow":"follow","max-snippet":"max-snippet:-1","max-image-preview":"max-image-preview:large","max-video-preview":"max-video-preview:-1"},"canonical":"https:\/\/sabado100.com.ar\/es-ar\/georg-ganswein-con-el-papa-nunca-faltan-sorpresas\/","og_locale":"es_ES","og_type":"article","og_title":"Georg G\u00e4nswein: \"Con el Papa, nunca faltan sorpresas\" - Sabado 100","og_description":"ROMA (Por Elisabetta Piqu\u00e9).- Monse\u00f1or Georg G\u00e4nswein, secretario personal del papa em\u00e9rito Benedicto XVI y uno de los hombres que [&hellip;]","og_url":"https:\/\/sabado100.com.ar\/es-ar\/georg-ganswein-con-el-papa-nunca-faltan-sorpresas\/","og_site_name":"Sabado 100","article_publisher":"https:\/\/www.facebook.com\/sabadocien\/","article_published_time":"2015-03-29T19:30:55+00:00","author":"sabado cien","twitter_card":"summary_large_image","twitter_misc":{"Escrito por":"sabado cien","Tiempo de lectura":"10 minutos"},"schema":{"@context":"https:\/\/schema.org","@graph":[{"@type":"Article","@id":"https:\/\/sabado100.com.ar\/es-ar\/georg-ganswein-con-el-papa-nunca-faltan-sorpresas\/#article","isPartOf":{"@id":"https:\/\/sabado100.com.ar\/es-ar\/georg-ganswein-con-el-papa-nunca-faltan-sorpresas\/"},"author":{"name":"sabado cien","@id":"https:\/\/sabado100.com.ar\/es-ar\/#\/schema\/person\/58e38b918ef4e44b11398f25d4684c6d"},"headline":"Georg G\u00e4nswein: \u00abCon el Papa, nunca faltan sorpresas\u00bb","datePublished":"2015-03-29T19:30:55+00:00","dateModified":"2015-03-29T19:30:55+00:00","mainEntityOfPage":{"@id":"https:\/\/sabado100.com.ar\/es-ar\/georg-ganswein-con-el-papa-nunca-faltan-sorpresas\/"},"wordCount":2001,"commentCount":0,"publisher":{"@id":"https:\/\/sabado100.com.ar\/es-ar\/#organization"},"keywords":["Georg G\u00e4nswein: \"Con el Papa","nunca faltan sorpresas\""],"articleSection":["Religi\u00f3n"],"inLanguage":"es","potentialAction":[{"@type":"CommentAction","name":"Comment","target":["https:\/\/sabado100.com.ar\/es-ar\/georg-ganswein-con-el-papa-nunca-faltan-sorpresas\/#respond"]}]},{"@type":"WebPage","@id":"https:\/\/sabado100.com.ar\/es-ar\/georg-ganswein-con-el-papa-nunca-faltan-sorpresas\/","url":"https:\/\/sabado100.com.ar\/es-ar\/georg-ganswein-con-el-papa-nunca-faltan-sorpresas\/","name":"Georg G\u00e4nswein: \"Con el Papa, nunca faltan sorpresas\" - Sabado 100","isPartOf":{"@id":"https:\/\/sabado100.com.ar\/es-ar\/#website"},"datePublished":"2015-03-29T19:30:55+00:00","dateModified":"2015-03-29T19:30:55+00:00","breadcrumb":{"@id":"https:\/\/sabado100.com.ar\/es-ar\/georg-ganswein-con-el-papa-nunca-faltan-sorpresas\/#breadcrumb"},"inLanguage":"es","potentialAction":[{"@type":"ReadAction","target":["https:\/\/sabado100.com.ar\/es-ar\/georg-ganswein-con-el-papa-nunca-faltan-sorpresas\/"]}]},{"@type":"BreadcrumbList","@id":"https:\/\/sabado100.com.ar\/es-ar\/georg-ganswein-con-el-papa-nunca-faltan-sorpresas\/#breadcrumb","itemListElement":[{"@type":"ListItem","position":1,"name":"Portada","item":"https:\/\/sabado100.com.ar\/es-ar\/"},{"@type":"ListItem","position":2,"name":"Georg G\u00e4nswein: \u00abCon el Papa, nunca faltan sorpresas\u00bb"}]},{"@type":"WebSite","@id":"https:\/\/sabado100.com.ar\/es-ar\/#website","url":"https:\/\/sabado100.com.ar\/es-ar\/","name":"Sabado 100","description":"","publisher":{"@id":"https:\/\/sabado100.com.ar\/es-ar\/#organization"},"potentialAction":[{"@type":"SearchAction","target":{"@type":"EntryPoint","urlTemplate":"https:\/\/sabado100.com.ar\/es-ar\/?s={search_term_string}"},"query-input":"required name=search_term_string"}],"inLanguage":"es"},{"@type":"Organization","@id":"https:\/\/sabado100.com.ar\/es-ar\/#organization","name":"Sabado 100","url":"https:\/\/sabado100.com.ar\/es-ar\/","logo":{"@type":"ImageObject","inLanguage":"es","@id":"https:\/\/sabado100.com.ar\/es-ar\/#\/schema\/logo\/image\/","url":"https:\/\/sabado100.com.ar\/es-ar\/wp-content\/uploads\/2024\/04\/logo3.jpg","contentUrl":"https:\/\/sabado100.com.ar\/es-ar\/wp-content\/uploads\/2024\/04\/logo3.jpg","width":300,"height":174,"caption":"Sabado 100"},"image":{"@id":"https:\/\/sabado100.com.ar\/es-ar\/#\/schema\/logo\/image\/"},"sameAs":["https:\/\/www.facebook.com\/sabadocien\/","https:\/\/www.instagram.com\/sabado100.com.ar\/","https:\/\/www.youtube.com\/@sabado1003"]},{"@type":"Person","@id":"https:\/\/sabado100.com.ar\/es-ar\/#\/schema\/person\/58e38b918ef4e44b11398f25d4684c6d","name":"sabado cien","image":{"@type":"ImageObject","inLanguage":"es","@id":"https:\/\/sabado100.com.ar\/es-ar\/#\/schema\/person\/image\/","url":"https:\/\/sabado100.com.ar\/es-ar\/wp-content\/litespeed\/avatar\/484bccfbd493fbb703b0f1b8113dad61.jpg?ver=1787731622","contentUrl":"https:\/\/sabado100.com.ar\/es-ar\/wp-content\/litespeed\/avatar\/484bccfbd493fbb703b0f1b8113dad61.jpg?ver=1787731622","caption":"sabado cien"},"url":"https:\/\/sabado100.com.ar\/es-ar\/author\/sabado100\/"}]}},"_links":{"self":[{"href":"https:\/\/sabado100.com.ar\/es-ar\/wp-json\/wp\/v2\/posts\/4022","targetHints":{"allow":["GET"]}}],"collection":[{"href":"https:\/\/sabado100.com.ar\/es-ar\/wp-json\/wp\/v2\/posts"}],"about":[{"href":"https:\/\/sabado100.com.ar\/es-ar\/wp-json\/wp\/v2\/types\/post"}],"author":[{"embeddable":true,"href":"https:\/\/sabado100.com.ar\/es-ar\/wp-json\/wp\/v2\/users\/2"}],"replies":[{"embeddable":true,"href":"https:\/\/sabado100.com.ar\/es-ar\/wp-json\/wp\/v2\/comments?post=4022"}],"version-history":[{"count":0,"href":"https:\/\/sabado100.com.ar\/es-ar\/wp-json\/wp\/v2\/posts\/4022\/revisions"}],"wp:attachment":[{"href":"https:\/\/sabado100.com.ar\/es-ar\/wp-json\/wp\/v2\/media?parent=4022"}],"wp:term":[{"taxonomy":"category","embeddable":true,"href":"https:\/\/sabado100.com.ar\/es-ar\/wp-json\/wp\/v2\/categories?post=4022"},{"taxonomy":"post_tag","embeddable":true,"href":"https:\/\/sabado100.com.ar\/es-ar\/wp-json\/wp\/v2\/tags?post=4022"}],"curies":[{"name":"wp","href":"https:\/\/api.w.org\/{rel}","templated":true}]}}