{"id":4011,"date":"2015-03-22T04:56:19","date_gmt":"2015-03-22T02:56:19","guid":{"rendered":"https:\/\/www.sabado100.com.ar\/?p=4011"},"modified":"2015-03-22T04:56:19","modified_gmt":"2015-03-22T02:56:19","slug":"obispos-argentinos-reflexionan-sobre-las-elecciones","status":"publish","type":"post","link":"https:\/\/sabado100.com.ar\/es-ar\/obispos-argentinos-reflexionan-sobre-las-elecciones\/","title":{"rendered":"Obispos argentinos reflexionan sobre las elecciones"},"content":{"rendered":"<p>Se trata del editorial del programa \u00abS\u00e1bado 100\u00bb por radio Sol Rafaela (FM 90,9) que conduce Emilio Grande (h.).- La Comisi\u00f3n Permanente de la Conferencia Episcopal Argentina, encabezados por su presidente Jos\u00e9 Mar\u00eda Arancedo, arzobispo de Santa Fe, hizo p\u00fablico un documento expresando reflexiones sobre los pr\u00f3ximos actos electorales en el pa\u00eds. El documento se  t\u00edtulo \u201cLas elecciones, exigencia de compromiso ciudadano\u201d, con una frase del papa Francisco: \u201cCiudadanos responsables en el seno de un pueblo\u201d. De este encuentro tambi\u00e9n particip\u00f3 el obispo diocesano Luis Fern\u00e1ndez.<br \/>\n\u201cDespu\u00e9s de m\u00e1s de treinta a\u00f1os de vida democr\u00e1tica ininterrumpida y en v\u00edsperas del Bicentenario de la Independencia, este a\u00f1o 2015 est\u00e1 marcado por una serie de actos electorales en todos los niveles. En tal contexto, nos parece oportuno compartir algunas reflexiones con nuestros hermanos argentinos\u201d, destacaron los obispos.<br \/>\nFrente a los hechos de inseguridad en distintos \u00e1mbitos sociales, advirtieron que las elecciones \u00abno habr\u00edan de encender violencias o generar enfrentamientos irreductibles, sino ser ocasi\u00f3n para un sano ejercicio de las libertades pol\u00edticas y civiles. No hemos de reducir el ejercicio democr\u00e1tico s\u00f3lo a la cuesti\u00f3n electoral cada dos a\u00f1os, sino asumir cada d\u00eda la necesaria participaci\u00f3n ciudadana\u201d. El proceso electoral es una oportunidad para un debate c\u00edvico acerca del presente y del futuro que deseamos para la Argentina. Expresaron que \u00abes necesario crecer en madurez para que un cambio de autoridades no signifique una crisis sino una alternativa normal de la vida democr\u00e1tica\u00bb.<br \/>\nReiteraron lo expresado en \u201cHacia un bicentenario en justicia y solidaridad (2010-2016)\u201d: \u201cla calidad de vida de las personas est\u00e1 fuertemente vinculada a la salud de las instituciones de la Constituci\u00f3n, cuyo deficiente funcionamiento produce un alto costo social. Resulta imprescindible asegurar la independencia del poder judicial y la plena vigencia de la divisi\u00f3n de los poderes republicanos en el seno de la democracia\u201d.<br \/>\nAlgunos objetivos deber\u00edan transformarse en pol\u00edticas de Estado para el nuevo gobierno: la superaci\u00f3n de la marginaci\u00f3n y la pobreza extrema, la desnutrici\u00f3n infantil, la generaci\u00f3n de fuentes de trabajo, el respeto de los derechos humanos y la defensa de la vida desde la concepci\u00f3n hasta la muerte natural, el fortalecimiento de una educaci\u00f3n inclusiva y de calidad, la lucha contra el narcotr\u00e1fico y la trata de personas, la disminuci\u00f3n de la inflaci\u00f3n que impide el crecimiento y erosiona gravemente los ingresos de los m\u00e1s pobres, la transparencia en la administraci\u00f3n p\u00fablica y la lucha contra toda forma de corrupci\u00f3n.<br \/>\nTenemos que pasar de simples habitantes pasivos y sin compromisos a ser ciudadanos comprometidos con el futuro de Argentina, en uno de los mecanismos participativos que ofrece el sistema democr\u00e1tico. <\/p>\n","protected":false},"excerpt":{"rendered":"<p>Se trata del editorial del programa \u00abS\u00e1bado 100\u00bb por radio Sol Rafaela (FM 90,9) que conduce Emilio Grande (h.).- La [&hellip;]<\/p>\n","protected":false},"author":2,"featured_media":0,"comment_status":"open","ping_status":"closed","sticky":false,"template":"","format":"standard","meta":{"site-sidebar-layout":"default","site-content-layout":"","ast-site-content-layout":"default","site-content-style":"default","site-sidebar-style":"default","ast-global-header-display":"","ast-banner-title-visibility":"","ast-main-header-display":"","ast-hfb-above-header-display":"","ast-hfb-below-header-display":"","ast-hfb-mobile-header-display":"","site-post-title":"","ast-breadcrumbs-content":"","ast-featured-img":"","footer-sml-layout":"","ast-disable-related-posts":"","theme-transparent-header-meta":"","adv-header-id-meta":"","stick-header-meta":"","header-above-stick-meta":"","header-main-stick-meta":"","header-below-stick-meta":"","astra-migrate-meta-layouts":"default","ast-page-background-enabled":"default","ast-page-background-meta":{"desktop":{"background-color":"var(--ast-global-color-4)","background-image":"","background-repeat":"repeat","background-position":"center center","background-size":"auto","background-attachment":"scroll","background-type":"","background-media":"","overlay-type":"","overlay-color":"","overlay-opacity":"","overlay-gradient":""},"tablet":{"background-color":"","background-image":"","background-repeat":"repeat","background-position":"center center","background-size":"auto","background-attachment":"scroll","background-type":"","background-media":"","overlay-type":"","overlay-color":"","overlay-opacity":"","overlay-gradient":""},"mobile":{"background-color":"","background-image":"","background-repeat":"repeat","background-position":"center center","background-size":"auto","background-attachment":"scroll","background-type":"","background-media":"","overlay-type":"","overlay-color":"","overlay-opacity":"","overlay-gradient":""}},"ast-content-background-meta":{"desktop":{"background-color":"var(--ast-global-color-5)","background-image":"","background-repeat":"repeat","background-position":"center center","background-size":"auto","background-attachment":"scroll","background-type":"","background-media":"","overlay-type":"","overlay-color":"","overlay-opacity":"","overlay-gradient":""},"tablet":{"background-color":"var(--ast-global-color-5)","background-image":"","background-repeat":"repeat","background-position":"center center","background-size":"auto","background-attachment":"scroll","background-type":"","background-media":"","overlay-type":"","overlay-color":"","overlay-opacity":"","overlay-gradient":""},"mobile":{"background-color":"var(--ast-global-color-5)","background-image":"","background-repeat":"repeat","background-position":"center center","background-size":"auto","background-attachment":"scroll","background-type":"","background-media":"","overlay-type":"","overlay-color":"","overlay-opacity":"","overlay-gradient":""}},"footnotes":""},"categories":[5],"tags":[],"class_list":["post-4011","post","type-post","status-publish","format-standard","hentry","category-politica"],"yoast_head":"<!-- This site is optimized with the Yoast SEO plugin v23.2 - https:\/\/yoast.com\/wordpress\/plugins\/seo\/ -->\n<title>Obispos argentinos reflexionan sobre las elecciones - Sabado 100<\/title>\n<meta name=\"robots\" content=\"index, follow, max-snippet:-1, max-image-preview:large, max-video-preview:-1\" \/>\n<link rel=\"canonical\" href=\"https:\/\/sabado100.com.ar\/es-ar\/obispos-argentinos-reflexionan-sobre-las-elecciones\/\" \/>\n<meta property=\"og:locale\" content=\"es_ES\" \/>\n<meta property=\"og:type\" content=\"article\" \/>\n<meta property=\"og:title\" content=\"Obispos argentinos reflexionan sobre las elecciones - Sabado 100\" \/>\n<meta property=\"og:description\" content=\"Se trata del editorial del programa \u00abS\u00e1bado 100\u00bb por radio Sol Rafaela (FM 90,9) que conduce Emilio Grande (h.).- La [&hellip;]\" \/>\n<meta property=\"og:url\" content=\"https:\/\/sabado100.com.ar\/es-ar\/obispos-argentinos-reflexionan-sobre-las-elecciones\/\" \/>\n<meta property=\"og:site_name\" content=\"Sabado 100\" \/>\n<meta property=\"article:publisher\" content=\"https:\/\/www.facebook.com\/sabadocien\/\" \/>\n<meta property=\"article:published_time\" content=\"2015-03-22T02:56:19+00:00\" \/>\n<meta name=\"author\" content=\"sabado cien\" \/>\n<meta name=\"twitter:card\" content=\"summary_large_image\" \/>\n<meta name=\"twitter:label1\" content=\"Escrito por\" \/>\n\t<meta name=\"twitter:data1\" content=\"sabado cien\" \/>\n\t<meta name=\"twitter:label2\" content=\"Tiempo de lectura\" \/>\n\t<meta name=\"twitter:data2\" content=\"2 minutos\" \/>\n<script type=\"application\/ld+json\" class=\"yoast-schema-graph\">{\"@context\":\"https:\/\/schema.org\",\"@graph\":[{\"@type\":\"Article\",\"@id\":\"https:\/\/sabado100.com.ar\/es-ar\/obispos-argentinos-reflexionan-sobre-las-elecciones\/#article\",\"isPartOf\":{\"@id\":\"https:\/\/sabado100.com.ar\/es-ar\/obispos-argentinos-reflexionan-sobre-las-elecciones\/\"},\"author\":{\"name\":\"sabado cien\",\"@id\":\"https:\/\/sabado100.com.ar\/es-ar\/#\/schema\/person\/58e38b918ef4e44b11398f25d4684c6d\"},\"headline\":\"Obispos argentinos reflexionan sobre las elecciones\",\"datePublished\":\"2015-03-22T02:56:19+00:00\",\"dateModified\":\"2015-03-22T02:56:19+00:00\",\"mainEntityOfPage\":{\"@id\":\"https:\/\/sabado100.com.ar\/es-ar\/obispos-argentinos-reflexionan-sobre-las-elecciones\/\"},\"wordCount\":482,\"commentCount\":0,\"publisher\":{\"@id\":\"https:\/\/sabado100.com.ar\/es-ar\/#organization\"},\"articleSection\":[\"Pol\u00edtica\"],\"inLanguage\":\"es\",\"potentialAction\":[{\"@type\":\"CommentAction\",\"name\":\"Comment\",\"target\":[\"https:\/\/sabado100.com.ar\/es-ar\/obispos-argentinos-reflexionan-sobre-las-elecciones\/#respond\"]}]},{\"@type\":\"WebPage\",\"@id\":\"https:\/\/sabado100.com.ar\/es-ar\/obispos-argentinos-reflexionan-sobre-las-elecciones\/\",\"url\":\"https:\/\/sabado100.com.ar\/es-ar\/obispos-argentinos-reflexionan-sobre-las-elecciones\/\",\"name\":\"Obispos argentinos reflexionan sobre las elecciones - Sabado 100\",\"isPartOf\":{\"@id\":\"https:\/\/sabado100.com.ar\/es-ar\/#website\"},\"datePublished\":\"2015-03-22T02:56:19+00:00\",\"dateModified\":\"2015-03-22T02:56:19+00:00\",\"breadcrumb\":{\"@id\":\"https:\/\/sabado100.com.ar\/es-ar\/obispos-argentinos-reflexionan-sobre-las-elecciones\/#breadcrumb\"},\"inLanguage\":\"es\",\"potentialAction\":[{\"@type\":\"ReadAction\",\"target\":[\"https:\/\/sabado100.com.ar\/es-ar\/obispos-argentinos-reflexionan-sobre-las-elecciones\/\"]}]},{\"@type\":\"BreadcrumbList\",\"@id\":\"https:\/\/sabado100.com.ar\/es-ar\/obispos-argentinos-reflexionan-sobre-las-elecciones\/#breadcrumb\",\"itemListElement\":[{\"@type\":\"ListItem\",\"position\":1,\"name\":\"Portada\",\"item\":\"https:\/\/sabado100.com.ar\/es-ar\/\"},{\"@type\":\"ListItem\",\"position\":2,\"name\":\"Obispos argentinos reflexionan sobre las elecciones\"}]},{\"@type\":\"WebSite\",\"@id\":\"https:\/\/sabado100.com.ar\/es-ar\/#website\",\"url\":\"https:\/\/sabado100.com.ar\/es-ar\/\",\"name\":\"Sabado 100\",\"description\":\"\",\"publisher\":{\"@id\":\"https:\/\/sabado100.com.ar\/es-ar\/#organization\"},\"potentialAction\":[{\"@type\":\"SearchAction\",\"target\":{\"@type\":\"EntryPoint\",\"urlTemplate\":\"https:\/\/sabado100.com.ar\/es-ar\/?s={search_term_string}\"},\"query-input\":\"required name=search_term_string\"}],\"inLanguage\":\"es\"},{\"@type\":\"Organization\",\"@id\":\"https:\/\/sabado100.com.ar\/es-ar\/#organization\",\"name\":\"Sabado 100\",\"url\":\"https:\/\/sabado100.com.ar\/es-ar\/\",\"logo\":{\"@type\":\"ImageObject\",\"inLanguage\":\"es\",\"@id\":\"https:\/\/sabado100.com.ar\/es-ar\/#\/schema\/logo\/image\/\",\"url\":\"https:\/\/sabado100.com.ar\/es-ar\/wp-content\/uploads\/2024\/04\/logo3.jpg\",\"contentUrl\":\"https:\/\/sabado100.com.ar\/es-ar\/wp-content\/uploads\/2024\/04\/logo3.jpg\",\"width\":300,\"height\":174,\"caption\":\"Sabado 100\"},\"image\":{\"@id\":\"https:\/\/sabado100.com.ar\/es-ar\/#\/schema\/logo\/image\/\"},\"sameAs\":[\"https:\/\/www.facebook.com\/sabadocien\/\",\"https:\/\/www.instagram.com\/sabado100.com.ar\/\",\"https:\/\/www.youtube.com\/@sabado1003\"]},{\"@type\":\"Person\",\"@id\":\"https:\/\/sabado100.com.ar\/es-ar\/#\/schema\/person\/58e38b918ef4e44b11398f25d4684c6d\",\"name\":\"sabado cien\",\"image\":{\"@type\":\"ImageObject\",\"inLanguage\":\"es\",\"@id\":\"https:\/\/sabado100.com.ar\/es-ar\/#\/schema\/person\/image\/\",\"url\":\"https:\/\/sabado100.com.ar\/es-ar\/wp-content\/litespeed\/avatar\/484bccfbd493fbb703b0f1b8113dad61.jpg?ver=1787731622\",\"contentUrl\":\"https:\/\/sabado100.com.ar\/es-ar\/wp-content\/litespeed\/avatar\/484bccfbd493fbb703b0f1b8113dad61.jpg?ver=1787731622\",\"caption\":\"sabado cien\"},\"url\":\"https:\/\/sabado100.com.ar\/es-ar\/author\/sabado100\/\"}]}<\/script>\n<!-- \/ Yoast SEO plugin. -->","yoast_head_json":{"title":"Obispos argentinos reflexionan sobre las elecciones - Sabado 100","robots":{"index":"index","follow":"follow","max-snippet":"max-snippet:-1","max-image-preview":"max-image-preview:large","max-video-preview":"max-video-preview:-1"},"canonical":"https:\/\/sabado100.com.ar\/es-ar\/obispos-argentinos-reflexionan-sobre-las-elecciones\/","og_locale":"es_ES","og_type":"article","og_title":"Obispos argentinos reflexionan sobre las elecciones - Sabado 100","og_description":"Se trata del editorial del programa \u00abS\u00e1bado 100\u00bb por radio Sol Rafaela (FM 90,9) que conduce Emilio Grande (h.).- La [&hellip;]","og_url":"https:\/\/sabado100.com.ar\/es-ar\/obispos-argentinos-reflexionan-sobre-las-elecciones\/","og_site_name":"Sabado 100","article_publisher":"https:\/\/www.facebook.com\/sabadocien\/","article_published_time":"2015-03-22T02:56:19+00:00","author":"sabado cien","twitter_card":"summary_large_image","twitter_misc":{"Escrito por":"sabado cien","Tiempo de lectura":"2 minutos"},"schema":{"@context":"https:\/\/schema.org","@graph":[{"@type":"Article","@id":"https:\/\/sabado100.com.ar\/es-ar\/obispos-argentinos-reflexionan-sobre-las-elecciones\/#article","isPartOf":{"@id":"https:\/\/sabado100.com.ar\/es-ar\/obispos-argentinos-reflexionan-sobre-las-elecciones\/"},"author":{"name":"sabado cien","@id":"https:\/\/sabado100.com.ar\/es-ar\/#\/schema\/person\/58e38b918ef4e44b11398f25d4684c6d"},"headline":"Obispos argentinos reflexionan sobre las elecciones","datePublished":"2015-03-22T02:56:19+00:00","dateModified":"2015-03-22T02:56:19+00:00","mainEntityOfPage":{"@id":"https:\/\/sabado100.com.ar\/es-ar\/obispos-argentinos-reflexionan-sobre-las-elecciones\/"},"wordCount":482,"commentCount":0,"publisher":{"@id":"https:\/\/sabado100.com.ar\/es-ar\/#organization"},"articleSection":["Pol\u00edtica"],"inLanguage":"es","potentialAction":[{"@type":"CommentAction","name":"Comment","target":["https:\/\/sabado100.com.ar\/es-ar\/obispos-argentinos-reflexionan-sobre-las-elecciones\/#respond"]}]},{"@type":"WebPage","@id":"https:\/\/sabado100.com.ar\/es-ar\/obispos-argentinos-reflexionan-sobre-las-elecciones\/","url":"https:\/\/sabado100.com.ar\/es-ar\/obispos-argentinos-reflexionan-sobre-las-elecciones\/","name":"Obispos argentinos reflexionan sobre las elecciones - Sabado 100","isPartOf":{"@id":"https:\/\/sabado100.com.ar\/es-ar\/#website"},"datePublished":"2015-03-22T02:56:19+00:00","dateModified":"2015-03-22T02:56:19+00:00","breadcrumb":{"@id":"https:\/\/sabado100.com.ar\/es-ar\/obispos-argentinos-reflexionan-sobre-las-elecciones\/#breadcrumb"},"inLanguage":"es","potentialAction":[{"@type":"ReadAction","target":["https:\/\/sabado100.com.ar\/es-ar\/obispos-argentinos-reflexionan-sobre-las-elecciones\/"]}]},{"@type":"BreadcrumbList","@id":"https:\/\/sabado100.com.ar\/es-ar\/obispos-argentinos-reflexionan-sobre-las-elecciones\/#breadcrumb","itemListElement":[{"@type":"ListItem","position":1,"name":"Portada","item":"https:\/\/sabado100.com.ar\/es-ar\/"},{"@type":"ListItem","position":2,"name":"Obispos argentinos reflexionan sobre las elecciones"}]},{"@type":"WebSite","@id":"https:\/\/sabado100.com.ar\/es-ar\/#website","url":"https:\/\/sabado100.com.ar\/es-ar\/","name":"Sabado 100","description":"","publisher":{"@id":"https:\/\/sabado100.com.ar\/es-ar\/#organization"},"potentialAction":[{"@type":"SearchAction","target":{"@type":"EntryPoint","urlTemplate":"https:\/\/sabado100.com.ar\/es-ar\/?s={search_term_string}"},"query-input":"required name=search_term_string"}],"inLanguage":"es"},{"@type":"Organization","@id":"https:\/\/sabado100.com.ar\/es-ar\/#organization","name":"Sabado 100","url":"https:\/\/sabado100.com.ar\/es-ar\/","logo":{"@type":"ImageObject","inLanguage":"es","@id":"https:\/\/sabado100.com.ar\/es-ar\/#\/schema\/logo\/image\/","url":"https:\/\/sabado100.com.ar\/es-ar\/wp-content\/uploads\/2024\/04\/logo3.jpg","contentUrl":"https:\/\/sabado100.com.ar\/es-ar\/wp-content\/uploads\/2024\/04\/logo3.jpg","width":300,"height":174,"caption":"Sabado 100"},"image":{"@id":"https:\/\/sabado100.com.ar\/es-ar\/#\/schema\/logo\/image\/"},"sameAs":["https:\/\/www.facebook.com\/sabadocien\/","https:\/\/www.instagram.com\/sabado100.com.ar\/","https:\/\/www.youtube.com\/@sabado1003"]},{"@type":"Person","@id":"https:\/\/sabado100.com.ar\/es-ar\/#\/schema\/person\/58e38b918ef4e44b11398f25d4684c6d","name":"sabado cien","image":{"@type":"ImageObject","inLanguage":"es","@id":"https:\/\/sabado100.com.ar\/es-ar\/#\/schema\/person\/image\/","url":"https:\/\/sabado100.com.ar\/es-ar\/wp-content\/litespeed\/avatar\/484bccfbd493fbb703b0f1b8113dad61.jpg?ver=1787731622","contentUrl":"https:\/\/sabado100.com.ar\/es-ar\/wp-content\/litespeed\/avatar\/484bccfbd493fbb703b0f1b8113dad61.jpg?ver=1787731622","caption":"sabado cien"},"url":"https:\/\/sabado100.com.ar\/es-ar\/author\/sabado100\/"}]}},"_links":{"self":[{"href":"https:\/\/sabado100.com.ar\/es-ar\/wp-json\/wp\/v2\/posts\/4011","targetHints":{"allow":["GET"]}}],"collection":[{"href":"https:\/\/sabado100.com.ar\/es-ar\/wp-json\/wp\/v2\/posts"}],"about":[{"href":"https:\/\/sabado100.com.ar\/es-ar\/wp-json\/wp\/v2\/types\/post"}],"author":[{"embeddable":true,"href":"https:\/\/sabado100.com.ar\/es-ar\/wp-json\/wp\/v2\/users\/2"}],"replies":[{"embeddable":true,"href":"https:\/\/sabado100.com.ar\/es-ar\/wp-json\/wp\/v2\/comments?post=4011"}],"version-history":[{"count":0,"href":"https:\/\/sabado100.com.ar\/es-ar\/wp-json\/wp\/v2\/posts\/4011\/revisions"}],"wp:attachment":[{"href":"https:\/\/sabado100.com.ar\/es-ar\/wp-json\/wp\/v2\/media?parent=4011"}],"wp:term":[{"taxonomy":"category","embeddable":true,"href":"https:\/\/sabado100.com.ar\/es-ar\/wp-json\/wp\/v2\/categories?post=4011"},{"taxonomy":"post_tag","embeddable":true,"href":"https:\/\/sabado100.com.ar\/es-ar\/wp-json\/wp\/v2\/tags?post=4011"}],"curies":[{"name":"wp","href":"https:\/\/api.w.org\/{rel}","templated":true}]}}