{"id":3995,"date":"2015-03-05T14:48:43","date_gmt":"2015-03-05T12:48:43","guid":{"rendered":"https:\/\/www.sabado100.com.ar\/?p=3995"},"modified":"2024-11-25T13:33:10","modified_gmt":"2024-11-25T13:33:10","slug":"30-anos-de-la-muerte-de-rafael-r-actis","status":"publish","type":"post","link":"https:\/\/sabado100.com.ar\/es-ar\/30-anos-de-la-muerte-de-rafael-r-actis\/","title":{"rendered":"A 30 a\u00f1os de la muerte de Rafael R. Actis"},"content":{"rendered":"<p><strong>Por Emilio Grande (h.).-<\/strong> El 28 de febrero \u00faltimo se cumplieron 30 a\u00f1os de la muerte de Rafael Rodolfo Actis, quien fuera un personaje p\u00fablico de nuestra ciudad al dejar una huella indeleble en los \u00e1mbitos period\u00edstico, deportivo y pol\u00edtico.<br \/>\nHab\u00eda nacido en la ciudad de Sunchales el 18 de julio de 1899. Se cas\u00f3 con Teresa Re, de cuyo matrimonio naci\u00f3 Mar\u00eda Yvete, quien contrajo enlace con Emilio Jos\u00e9 Grande y le dieron cinco nietos: Antonio Mario, Rafael Alberto, Mar\u00eda Teresa, Jos\u00e9 Mar\u00eda y quien escribe esta cr\u00f3nica.<br \/>\nDesde muy joven abraz\u00f3 el periodismo, primero en Sunchales: \u00abEl eco del oeste\u00bb y \u00abEl faro de Sunchales\u00bb. Una vez radicado en Rafaela el 15 de noviembre de 1916, se incorpor\u00f3 al diario \u00abEl Liberal\u00bb (funcionaba en Belgrano y Saavedra donde est\u00e1 Perfumer\u00eda Oliveras), como tip\u00f3grafo y cronista deportivo, bajo la direcci\u00f3n de Camilo A. Simonetta.<br \/>\nEn 1918 integr\u00f3 la redacci\u00f3n de \u00abJuventud Sportiva\u00bb juntamente con los hermanos Buffelli, los hermanos Simonetta, J. Antonio Ramonda y Francisco P\u00e9rez Torres.<br \/>\nEn 1921 integr\u00f3 el grupo fundador del diario La Opini\u00f3n junto a Leopoldo L\u00f3pez, Fernando Dentesano (fue maestro de don Rafael), los hermanos Santos y Miguel Buffelli, desempe\u00f1\u00e1ndose como jefe de deportes. Luego, ejerci\u00f3 la direcci\u00f3n de este diario durante 32 a\u00f1os (1924-1957) y fue presidente del directorio de Buffelli &amp; Actis SA, donde despu\u00e9s pasar\u00eda a la direcci\u00f3n del diario \u00abLa Libertad\u00bb de Avellaneda (Buenos Aires) que ejerci\u00f3 durante dos a\u00f1os.<br \/>\nAdem\u00e1s, fue director fundador del peri\u00f3dico \u201cEl Fuerte\u201d de Sunchales (1936-1938) y del diario \u201cSan Francisco\u201d de la ciudad hom\u00f3nima (1938-1940). Una vez jubilado, colabor\u00f3 en La Opini\u00f3n y fue corresponsal de \u201cLos Principios\u201d de C\u00f3rdoba. Fue autor de la denominaci\u00f3n \u201cPerla del Oeste\u201d que se impuso en Rafaela en 1924.<br \/>\nComo deportista practic\u00f3 f\u00fatbol como centrohalf (mediocampista central) en el Club 1\u00ba de Mayo del que fue presidente en 1924. Tambi\u00e9n presidi\u00f3 la Liga Rafaelina de F\u00fatbol en varios per\u00edodos: 1932, 1943-54, 1969-71 y 1973. Por este motivo, la sala de sesiones de la sede de la Liga lleva su nombre, placa que fue descubierta el domingo 4 de agosto de 1985. Fue presidente de la Pe\u00f1a Racinguista de Rafaela.<br \/>\nOtra de sus facetas fue la dilatada actuaci\u00f3n pol\u00edtica. Sufri\u00f3 la c\u00e1rcel en su lucha por derrotar al gobierno fraudulento del general Agust\u00edn P. Justo (1932-1938). Luego, tuvo una destacada participaci\u00f3n en el Partido Justicialista. Luch\u00f3 en la resistencia peronista de 1955 a 1973. Adem\u00e1s, ocup\u00f3 la Secretar\u00eda de la Intendencia Municipal de Rafaela durante las gestiones de Domingo Albornoz e Ignacio L\u00f3pez en 1953-1954. En 1957 fue candidato a diputado nacional por el PJ, pero cuatro d\u00edas antes de las elecciones Per\u00f3n retir\u00f3 las listas. Fue concejal del FREJULI (Frente Justicialista de Liberaci\u00f3n) entre 1973-1976 hasta el golpe militar.<br \/>\nIntegr\u00f3 la comisi\u00f3n directiva de la Sociedad Italiana \u00abV\u00edctor Manuel II\u00bb. Falleci\u00f3 a los 85 a\u00f1os el 28 de febrero de 1985.<br \/>\nA propuesta de nuestra familia m\u00e1s los avales de Luis Mar\u00eda \u00abPach\u00fan\u00bb Barreiro, Renato Mu\u00f1iz, Hermindo Pavetti, Norberto Frenquelli, Marco Antonio Terragni, Lorenzo Inardi, Ricardo Lavalle y en calidad de adherente Omar Vecchioli, el Concejo Municipal sancion\u00f3 la ordenanza N\u00ba 3.382 del 21 de diciembre de 2000, promulgada por el entonces intendente Ricardo Peirone, designando con su nombre a la calle ubicada en el sector sureste del barrio Pablo Pizzurno, que nace en bulevar Hip\u00f3lito Yrigoyen a la altura del 1500 y se extiende hacia el Este.<\/p>\n<p><strong>An\u00e9cdotas en primera persona<\/strong><\/p>\n<p>Lo narrado fueron si se quiere datos ya conocidos y fr\u00edos de los hechos salientes de su vida prol\u00edfica y polifac\u00e9tica. Ahora voy a recordar algunas an\u00e9cdotas que mam\u00e9 en mi calidad de ser el nieto m\u00e1s chico.<br \/>\nEn el tiempo en que viv\u00eda en Sunchales, ven\u00edan a jugar al f\u00fatbol a Rafaela en volanta y al regreso, especialmente los d\u00edas en que hac\u00eda mucho fr\u00edo, se turnaban algunos en el citado carruaje y otros corriendo a la par.<br \/>\nCuando era presidente de la Liga, el f\u00fatbol rafaelino particip\u00f3 en los torneos nacionales, logrando importantes lauros. En una ocasi\u00f3n en la d\u00e9cada del cincuenta el equipo liguista fue a jugar a la ciudad de Concordia, previo al partido le dieron un almuerzo suculento para que estuvieran pesados los jugadores, pero les sali\u00f3 mal la jugada porque se impuso el equipo rafaelino a pesar de la comilona.<br \/>\nEra un lector voraz de diarios, revistas y libros, y la Biblia fue lo \u00faltimo que ley\u00f3 en su vida. En los \u00faltimos a\u00f1os, despu\u00e9s de la siesta, se pasaba horas, todas las tardes leyendo en la cama, mientras la nona Teresa -su esposa- le cebaba interminables mates, caminando desde la cocina hasta la habitaci\u00f3n. Cuando el nono avisaba que estaba terminando, sol\u00eda decir: \u00abel \u00faltimo\u00bb y luego \u00abel de yapa&#8230;\u00bb.<br \/>\nEra muy compa\u00f1ero de su mujer en los quehaceres de la casa, a tal punto que le ayudaba a cocinar y amasar los tallarines el s\u00e1bado a la noche, para dejarlos reposar en una mesa, esperando al d\u00eda siguiente a que fueran a comer su hija, su yerno y sus nietos, \u00abceremonia\u00bb que se cumpl\u00eda todos los domingos al mediod\u00eda y a la noche, demostrando ser muy \u00abfamiliero\u00bb.<br \/>\nEra de buen comer en cantidad y calidad en casa. Cuando le serv\u00edan el plato dec\u00eda \u00abpoquito, poquito\u00bb, pero a la postre repet\u00eda varias veces. Y cuando lo invitaban a comer afuera, a veces frecuentaba caer con alg\u00fan amigo.<br \/>\nEra fan\u00e1tico hincha de Racing: tuvo la suerte de verlo campe\u00f3n de la Copa Libertadores y de la Copa Intercontinental con el recordado equipo de Juan Jos\u00e9 Pizzuti en 1967, derrotando al Celtic Football Club en Uruguay, pero tuvo que sufrir en vida el descenso a la Primera B y su muerte lo sorprendi\u00f3 vi\u00e9ndolo en esa categor\u00eda.<br \/>\nPodr\u00eda seguir pintando y describiendo a mi querido nono Rafa, a quien apodaba cari\u00f1osamente como \u00abBochini\u00bb no por el jugador de Independiente sino por la pelada. A decir verdad, era una persona buena, \u00edntegra, cabal, emprendedora, creyente, de quien tengo los mejores recuerdos y de quien hered\u00e9 esta noble profesi\u00f3n del periodismo con dos secretos: nombrar a mucha gente y levantar polvareda&#8230;<\/p>\n<p><strong>Fuente:<\/strong> diario La Opini\u00f3n, Rafaela, 5 de marzo de 2015.<\/p>\n","protected":false},"excerpt":{"rendered":"<p>Fue un personaje de la \u00abPerla del Oeste\u00bb: integr\u00f3 el grupo fundador del diario La Opini\u00f3n (fue director 32 a\u00f1os), concejal (1973-76) y presidente de la Liga Rafaelina de F\u00fatbol durante varios per\u00edodos.<\/p>\n","protected":false},"author":2,"featured_media":30424,"comment_status":"open","ping_status":"closed","sticky":false,"template":"","format":"standard","meta":{"site-sidebar-layout":"default","site-content-layout":"","ast-site-content-layout":"default","site-content-style":"default","site-sidebar-style":"default","ast-global-header-display":"","ast-banner-title-visibility":"","ast-main-header-display":"","ast-hfb-above-header-display":"","ast-hfb-below-header-display":"","ast-hfb-mobile-header-display":"","site-post-title":"","ast-breadcrumbs-content":"","ast-featured-img":"","footer-sml-layout":"","ast-disable-related-posts":"","theme-transparent-header-meta":"","adv-header-id-meta":"","stick-header-meta":"","header-above-stick-meta":"","header-main-stick-meta":"","header-below-stick-meta":"","astra-migrate-meta-layouts":"default","ast-page-background-enabled":"default","ast-page-background-meta":{"desktop":{"background-color":"var(--ast-global-color-4)","background-image":"","background-repeat":"repeat","background-position":"center center","background-size":"auto","background-attachment":"scroll","background-type":"","background-media":"","overlay-type":"","overlay-color":"","overlay-opacity":"","overlay-gradient":""},"tablet":{"background-color":"","background-image":"","background-repeat":"repeat","background-position":"center center","background-size":"auto","background-attachment":"scroll","background-type":"","background-media":"","overlay-type":"","overlay-color":"","overlay-opacity":"","overlay-gradient":""},"mobile":{"background-color":"","background-image":"","background-repeat":"repeat","background-position":"center center","background-size":"auto","background-attachment":"scroll","background-type":"","background-media":"","overlay-type":"","overlay-color":"","overlay-opacity":"","overlay-gradient":""}},"ast-content-background-meta":{"desktop":{"background-color":"var(--ast-global-color-5)","background-image":"","background-repeat":"repeat","background-position":"center center","background-size":"auto","background-attachment":"scroll","background-type":"","background-media":"","overlay-type":"","overlay-color":"","overlay-opacity":"","overlay-gradient":""},"tablet":{"background-color":"var(--ast-global-color-5)","background-image":"","background-repeat":"repeat","background-position":"center center","background-size":"auto","background-attachment":"scroll","background-type":"","background-media":"","overlay-type":"","overlay-color":"","overlay-opacity":"","overlay-gradient":""},"mobile":{"background-color":"var(--ast-global-color-5)","background-image":"","background-repeat":"repeat","background-position":"center center","background-size":"auto","background-attachment":"scroll","background-type":"","background-media":"","overlay-type":"","overlay-color":"","overlay-opacity":"","overlay-gradient":""}},"footnotes":""},"categories":[4,219,5],"tags":[5319],"class_list":["post-3995","post","type-post","status-publish","format-standard","has-post-thumbnail","hentry","category-cultura-y-sociedad","category-deportes","category-politica","tag-30-anos-de-la-muerte-de-rafael-r-actis"],"yoast_head":"<!-- This site is optimized with the Yoast SEO plugin v23.2 - https:\/\/yoast.com\/wordpress\/plugins\/seo\/ -->\n<title>A 30 a\u00f1os de la muerte de Rafael R. Actis - Sabado 100<\/title>\n<meta name=\"robots\" content=\"index, follow, max-snippet:-1, max-image-preview:large, max-video-preview:-1\" \/>\n<link rel=\"canonical\" href=\"https:\/\/sabado100.com.ar\/es-ar\/30-anos-de-la-muerte-de-rafael-r-actis\/\" \/>\n<meta property=\"og:locale\" content=\"es_ES\" \/>\n<meta property=\"og:type\" content=\"article\" \/>\n<meta property=\"og:title\" content=\"A 30 a\u00f1os de la muerte de Rafael R. Actis - Sabado 100\" \/>\n<meta property=\"og:description\" content=\"Fue un personaje de la &quot;Perla del Oeste&quot;: integr\u00f3 el grupo fundador del diario La Opini\u00f3n (fue director 32 a\u00f1os), concejal (1973-76) y presidente de la Liga Rafaelina de F\u00fatbol durante varios per\u00edodos.\" \/>\n<meta property=\"og:url\" content=\"https:\/\/sabado100.com.ar\/es-ar\/30-anos-de-la-muerte-de-rafael-r-actis\/\" \/>\n<meta property=\"og:site_name\" content=\"Sabado 100\" \/>\n<meta property=\"article:publisher\" content=\"https:\/\/www.facebook.com\/sabadocien\/\" \/>\n<meta property=\"article:published_time\" content=\"2015-03-05T12:48:43+00:00\" \/>\n<meta property=\"article:modified_time\" content=\"2024-11-25T13:33:10+00:00\" \/>\n<meta property=\"og:image\" content=\"https:\/\/sabado100.com.ar\/es-ar\/wp-content\/uploads\/2015\/03\/Rafael-R.-Actis.jpeg\" \/>\n\t<meta property=\"og:image:width\" content=\"672\" \/>\n\t<meta property=\"og:image:height\" content=\"1054\" \/>\n\t<meta property=\"og:image:type\" content=\"image\/jpeg\" \/>\n<meta name=\"author\" content=\"sabado cien\" \/>\n<meta name=\"twitter:card\" content=\"summary_large_image\" \/>\n<meta name=\"twitter:label1\" content=\"Escrito por\" \/>\n\t<meta name=\"twitter:data1\" content=\"sabado cien\" \/>\n\t<meta name=\"twitter:label2\" content=\"Tiempo de lectura\" \/>\n\t<meta name=\"twitter:data2\" content=\"5 minutos\" \/>\n<script type=\"application\/ld+json\" class=\"yoast-schema-graph\">{\"@context\":\"https:\/\/schema.org\",\"@graph\":[{\"@type\":\"Article\",\"@id\":\"https:\/\/sabado100.com.ar\/es-ar\/30-anos-de-la-muerte-de-rafael-r-actis\/#article\",\"isPartOf\":{\"@id\":\"https:\/\/sabado100.com.ar\/es-ar\/30-anos-de-la-muerte-de-rafael-r-actis\/\"},\"author\":{\"name\":\"sabado cien\",\"@id\":\"https:\/\/sabado100.com.ar\/es-ar\/#\/schema\/person\/58e38b918ef4e44b11398f25d4684c6d\"},\"headline\":\"A 30 a\u00f1os de la muerte de Rafael R. Actis\",\"datePublished\":\"2015-03-05T12:48:43+00:00\",\"dateModified\":\"2024-11-25T13:33:10+00:00\",\"mainEntityOfPage\":{\"@id\":\"https:\/\/sabado100.com.ar\/es-ar\/30-anos-de-la-muerte-de-rafael-r-actis\/\"},\"wordCount\":1099,\"commentCount\":0,\"publisher\":{\"@id\":\"https:\/\/sabado100.com.ar\/es-ar\/#organization\"},\"image\":{\"@id\":\"https:\/\/sabado100.com.ar\/es-ar\/30-anos-de-la-muerte-de-rafael-r-actis\/#primaryimage\"},\"thumbnailUrl\":\"https:\/\/sabado100.com.ar\/es-ar\/wp-content\/uploads\/2015\/03\/Rafael-R.-Actis.jpeg\",\"keywords\":[\"30 a\u00f1os de la muerte de Rafael R. Actis\"],\"articleSection\":[\"Cultura y Sociedad\",\"Deportes\",\"Pol\u00edtica\"],\"inLanguage\":\"es\",\"potentialAction\":[{\"@type\":\"CommentAction\",\"name\":\"Comment\",\"target\":[\"https:\/\/sabado100.com.ar\/es-ar\/30-anos-de-la-muerte-de-rafael-r-actis\/#respond\"]}]},{\"@type\":\"WebPage\",\"@id\":\"https:\/\/sabado100.com.ar\/es-ar\/30-anos-de-la-muerte-de-rafael-r-actis\/\",\"url\":\"https:\/\/sabado100.com.ar\/es-ar\/30-anos-de-la-muerte-de-rafael-r-actis\/\",\"name\":\"A 30 a\u00f1os de la muerte de Rafael R. Actis - Sabado 100\",\"isPartOf\":{\"@id\":\"https:\/\/sabado100.com.ar\/es-ar\/#website\"},\"primaryImageOfPage\":{\"@id\":\"https:\/\/sabado100.com.ar\/es-ar\/30-anos-de-la-muerte-de-rafael-r-actis\/#primaryimage\"},\"image\":{\"@id\":\"https:\/\/sabado100.com.ar\/es-ar\/30-anos-de-la-muerte-de-rafael-r-actis\/#primaryimage\"},\"thumbnailUrl\":\"https:\/\/sabado100.com.ar\/es-ar\/wp-content\/uploads\/2015\/03\/Rafael-R.-Actis.jpeg\",\"datePublished\":\"2015-03-05T12:48:43+00:00\",\"dateModified\":\"2024-11-25T13:33:10+00:00\",\"breadcrumb\":{\"@id\":\"https:\/\/sabado100.com.ar\/es-ar\/30-anos-de-la-muerte-de-rafael-r-actis\/#breadcrumb\"},\"inLanguage\":\"es\",\"potentialAction\":[{\"@type\":\"ReadAction\",\"target\":[\"https:\/\/sabado100.com.ar\/es-ar\/30-anos-de-la-muerte-de-rafael-r-actis\/\"]}]},{\"@type\":\"ImageObject\",\"inLanguage\":\"es\",\"@id\":\"https:\/\/sabado100.com.ar\/es-ar\/30-anos-de-la-muerte-de-rafael-r-actis\/#primaryimage\",\"url\":\"https:\/\/sabado100.com.ar\/es-ar\/wp-content\/uploads\/2015\/03\/Rafael-R.-Actis.jpeg\",\"contentUrl\":\"https:\/\/sabado100.com.ar\/es-ar\/wp-content\/uploads\/2015\/03\/Rafael-R.-Actis.jpeg\",\"width\":672,\"height\":1054},{\"@type\":\"BreadcrumbList\",\"@id\":\"https:\/\/sabado100.com.ar\/es-ar\/30-anos-de-la-muerte-de-rafael-r-actis\/#breadcrumb\",\"itemListElement\":[{\"@type\":\"ListItem\",\"position\":1,\"name\":\"Portada\",\"item\":\"https:\/\/sabado100.com.ar\/es-ar\/\"},{\"@type\":\"ListItem\",\"position\":2,\"name\":\"A 30 a\u00f1os de la muerte de Rafael R. Actis\"}]},{\"@type\":\"WebSite\",\"@id\":\"https:\/\/sabado100.com.ar\/es-ar\/#website\",\"url\":\"https:\/\/sabado100.com.ar\/es-ar\/\",\"name\":\"Sabado 100\",\"description\":\"\",\"publisher\":{\"@id\":\"https:\/\/sabado100.com.ar\/es-ar\/#organization\"},\"potentialAction\":[{\"@type\":\"SearchAction\",\"target\":{\"@type\":\"EntryPoint\",\"urlTemplate\":\"https:\/\/sabado100.com.ar\/es-ar\/?s={search_term_string}\"},\"query-input\":\"required name=search_term_string\"}],\"inLanguage\":\"es\"},{\"@type\":\"Organization\",\"@id\":\"https:\/\/sabado100.com.ar\/es-ar\/#organization\",\"name\":\"Sabado 100\",\"url\":\"https:\/\/sabado100.com.ar\/es-ar\/\",\"logo\":{\"@type\":\"ImageObject\",\"inLanguage\":\"es\",\"@id\":\"https:\/\/sabado100.com.ar\/es-ar\/#\/schema\/logo\/image\/\",\"url\":\"https:\/\/sabado100.com.ar\/es-ar\/wp-content\/uploads\/2024\/04\/logo3.jpg\",\"contentUrl\":\"https:\/\/sabado100.com.ar\/es-ar\/wp-content\/uploads\/2024\/04\/logo3.jpg\",\"width\":300,\"height\":174,\"caption\":\"Sabado 100\"},\"image\":{\"@id\":\"https:\/\/sabado100.com.ar\/es-ar\/#\/schema\/logo\/image\/\"},\"sameAs\":[\"https:\/\/www.facebook.com\/sabadocien\/\",\"https:\/\/www.instagram.com\/sabado100.com.ar\/\",\"https:\/\/www.youtube.com\/@sabado1003\"]},{\"@type\":\"Person\",\"@id\":\"https:\/\/sabado100.com.ar\/es-ar\/#\/schema\/person\/58e38b918ef4e44b11398f25d4684c6d\",\"name\":\"sabado cien\",\"image\":{\"@type\":\"ImageObject\",\"inLanguage\":\"es\",\"@id\":\"https:\/\/sabado100.com.ar\/es-ar\/#\/schema\/person\/image\/\",\"url\":\"https:\/\/sabado100.com.ar\/es-ar\/wp-content\/litespeed\/avatar\/484bccfbd493fbb703b0f1b8113dad61.jpg?ver=1787731622\",\"contentUrl\":\"https:\/\/sabado100.com.ar\/es-ar\/wp-content\/litespeed\/avatar\/484bccfbd493fbb703b0f1b8113dad61.jpg?ver=1787731622\",\"caption\":\"sabado cien\"},\"url\":\"https:\/\/sabado100.com.ar\/es-ar\/author\/sabado100\/\"}]}<\/script>\n<!-- \/ Yoast SEO plugin. -->","yoast_head_json":{"title":"A 30 a\u00f1os de la muerte de Rafael R. Actis - Sabado 100","robots":{"index":"index","follow":"follow","max-snippet":"max-snippet:-1","max-image-preview":"max-image-preview:large","max-video-preview":"max-video-preview:-1"},"canonical":"https:\/\/sabado100.com.ar\/es-ar\/30-anos-de-la-muerte-de-rafael-r-actis\/","og_locale":"es_ES","og_type":"article","og_title":"A 30 a\u00f1os de la muerte de Rafael R. Actis - Sabado 100","og_description":"Fue un personaje de la \"Perla del Oeste\": integr\u00f3 el grupo fundador del diario La Opini\u00f3n (fue director 32 a\u00f1os), concejal (1973-76) y presidente de la Liga Rafaelina de F\u00fatbol durante varios per\u00edodos.","og_url":"https:\/\/sabado100.com.ar\/es-ar\/30-anos-de-la-muerte-de-rafael-r-actis\/","og_site_name":"Sabado 100","article_publisher":"https:\/\/www.facebook.com\/sabadocien\/","article_published_time":"2015-03-05T12:48:43+00:00","article_modified_time":"2024-11-25T13:33:10+00:00","og_image":[{"width":672,"height":1054,"url":"https:\/\/sabado100.com.ar\/es-ar\/wp-content\/uploads\/2015\/03\/Rafael-R.-Actis.jpeg","type":"image\/jpeg"}],"author":"sabado cien","twitter_card":"summary_large_image","twitter_misc":{"Escrito por":"sabado cien","Tiempo de lectura":"5 minutos"},"schema":{"@context":"https:\/\/schema.org","@graph":[{"@type":"Article","@id":"https:\/\/sabado100.com.ar\/es-ar\/30-anos-de-la-muerte-de-rafael-r-actis\/#article","isPartOf":{"@id":"https:\/\/sabado100.com.ar\/es-ar\/30-anos-de-la-muerte-de-rafael-r-actis\/"},"author":{"name":"sabado cien","@id":"https:\/\/sabado100.com.ar\/es-ar\/#\/schema\/person\/58e38b918ef4e44b11398f25d4684c6d"},"headline":"A 30 a\u00f1os de la muerte de Rafael R. Actis","datePublished":"2015-03-05T12:48:43+00:00","dateModified":"2024-11-25T13:33:10+00:00","mainEntityOfPage":{"@id":"https:\/\/sabado100.com.ar\/es-ar\/30-anos-de-la-muerte-de-rafael-r-actis\/"},"wordCount":1099,"commentCount":0,"publisher":{"@id":"https:\/\/sabado100.com.ar\/es-ar\/#organization"},"image":{"@id":"https:\/\/sabado100.com.ar\/es-ar\/30-anos-de-la-muerte-de-rafael-r-actis\/#primaryimage"},"thumbnailUrl":"https:\/\/sabado100.com.ar\/es-ar\/wp-content\/uploads\/2015\/03\/Rafael-R.-Actis.jpeg","keywords":["30 a\u00f1os de la muerte de Rafael R. Actis"],"articleSection":["Cultura y Sociedad","Deportes","Pol\u00edtica"],"inLanguage":"es","potentialAction":[{"@type":"CommentAction","name":"Comment","target":["https:\/\/sabado100.com.ar\/es-ar\/30-anos-de-la-muerte-de-rafael-r-actis\/#respond"]}]},{"@type":"WebPage","@id":"https:\/\/sabado100.com.ar\/es-ar\/30-anos-de-la-muerte-de-rafael-r-actis\/","url":"https:\/\/sabado100.com.ar\/es-ar\/30-anos-de-la-muerte-de-rafael-r-actis\/","name":"A 30 a\u00f1os de la muerte de Rafael R. Actis - Sabado 100","isPartOf":{"@id":"https:\/\/sabado100.com.ar\/es-ar\/#website"},"primaryImageOfPage":{"@id":"https:\/\/sabado100.com.ar\/es-ar\/30-anos-de-la-muerte-de-rafael-r-actis\/#primaryimage"},"image":{"@id":"https:\/\/sabado100.com.ar\/es-ar\/30-anos-de-la-muerte-de-rafael-r-actis\/#primaryimage"},"thumbnailUrl":"https:\/\/sabado100.com.ar\/es-ar\/wp-content\/uploads\/2015\/03\/Rafael-R.-Actis.jpeg","datePublished":"2015-03-05T12:48:43+00:00","dateModified":"2024-11-25T13:33:10+00:00","breadcrumb":{"@id":"https:\/\/sabado100.com.ar\/es-ar\/30-anos-de-la-muerte-de-rafael-r-actis\/#breadcrumb"},"inLanguage":"es","potentialAction":[{"@type":"ReadAction","target":["https:\/\/sabado100.com.ar\/es-ar\/30-anos-de-la-muerte-de-rafael-r-actis\/"]}]},{"@type":"ImageObject","inLanguage":"es","@id":"https:\/\/sabado100.com.ar\/es-ar\/30-anos-de-la-muerte-de-rafael-r-actis\/#primaryimage","url":"https:\/\/sabado100.com.ar\/es-ar\/wp-content\/uploads\/2015\/03\/Rafael-R.-Actis.jpeg","contentUrl":"https:\/\/sabado100.com.ar\/es-ar\/wp-content\/uploads\/2015\/03\/Rafael-R.-Actis.jpeg","width":672,"height":1054},{"@type":"BreadcrumbList","@id":"https:\/\/sabado100.com.ar\/es-ar\/30-anos-de-la-muerte-de-rafael-r-actis\/#breadcrumb","itemListElement":[{"@type":"ListItem","position":1,"name":"Portada","item":"https:\/\/sabado100.com.ar\/es-ar\/"},{"@type":"ListItem","position":2,"name":"A 30 a\u00f1os de la muerte de Rafael R. Actis"}]},{"@type":"WebSite","@id":"https:\/\/sabado100.com.ar\/es-ar\/#website","url":"https:\/\/sabado100.com.ar\/es-ar\/","name":"Sabado 100","description":"","publisher":{"@id":"https:\/\/sabado100.com.ar\/es-ar\/#organization"},"potentialAction":[{"@type":"SearchAction","target":{"@type":"EntryPoint","urlTemplate":"https:\/\/sabado100.com.ar\/es-ar\/?s={search_term_string}"},"query-input":"required name=search_term_string"}],"inLanguage":"es"},{"@type":"Organization","@id":"https:\/\/sabado100.com.ar\/es-ar\/#organization","name":"Sabado 100","url":"https:\/\/sabado100.com.ar\/es-ar\/","logo":{"@type":"ImageObject","inLanguage":"es","@id":"https:\/\/sabado100.com.ar\/es-ar\/#\/schema\/logo\/image\/","url":"https:\/\/sabado100.com.ar\/es-ar\/wp-content\/uploads\/2024\/04\/logo3.jpg","contentUrl":"https:\/\/sabado100.com.ar\/es-ar\/wp-content\/uploads\/2024\/04\/logo3.jpg","width":300,"height":174,"caption":"Sabado 100"},"image":{"@id":"https:\/\/sabado100.com.ar\/es-ar\/#\/schema\/logo\/image\/"},"sameAs":["https:\/\/www.facebook.com\/sabadocien\/","https:\/\/www.instagram.com\/sabado100.com.ar\/","https:\/\/www.youtube.com\/@sabado1003"]},{"@type":"Person","@id":"https:\/\/sabado100.com.ar\/es-ar\/#\/schema\/person\/58e38b918ef4e44b11398f25d4684c6d","name":"sabado cien","image":{"@type":"ImageObject","inLanguage":"es","@id":"https:\/\/sabado100.com.ar\/es-ar\/#\/schema\/person\/image\/","url":"https:\/\/sabado100.com.ar\/es-ar\/wp-content\/litespeed\/avatar\/484bccfbd493fbb703b0f1b8113dad61.jpg?ver=1787731622","contentUrl":"https:\/\/sabado100.com.ar\/es-ar\/wp-content\/litespeed\/avatar\/484bccfbd493fbb703b0f1b8113dad61.jpg?ver=1787731622","caption":"sabado cien"},"url":"https:\/\/sabado100.com.ar\/es-ar\/author\/sabado100\/"}]}},"_links":{"self":[{"href":"https:\/\/sabado100.com.ar\/es-ar\/wp-json\/wp\/v2\/posts\/3995","targetHints":{"allow":["GET"]}}],"collection":[{"href":"https:\/\/sabado100.com.ar\/es-ar\/wp-json\/wp\/v2\/posts"}],"about":[{"href":"https:\/\/sabado100.com.ar\/es-ar\/wp-json\/wp\/v2\/types\/post"}],"author":[{"embeddable":true,"href":"https:\/\/sabado100.com.ar\/es-ar\/wp-json\/wp\/v2\/users\/2"}],"replies":[{"embeddable":true,"href":"https:\/\/sabado100.com.ar\/es-ar\/wp-json\/wp\/v2\/comments?post=3995"}],"version-history":[{"count":2,"href":"https:\/\/sabado100.com.ar\/es-ar\/wp-json\/wp\/v2\/posts\/3995\/revisions"}],"predecessor-version":[{"id":30427,"href":"https:\/\/sabado100.com.ar\/es-ar\/wp-json\/wp\/v2\/posts\/3995\/revisions\/30427"}],"wp:featuredmedia":[{"embeddable":true,"href":"https:\/\/sabado100.com.ar\/es-ar\/wp-json\/wp\/v2\/media\/30424"}],"wp:attachment":[{"href":"https:\/\/sabado100.com.ar\/es-ar\/wp-json\/wp\/v2\/media?parent=3995"}],"wp:term":[{"taxonomy":"category","embeddable":true,"href":"https:\/\/sabado100.com.ar\/es-ar\/wp-json\/wp\/v2\/categories?post=3995"},{"taxonomy":"post_tag","embeddable":true,"href":"https:\/\/sabado100.com.ar\/es-ar\/wp-json\/wp\/v2\/tags?post=3995"}],"curies":[{"name":"wp","href":"https:\/\/api.w.org\/{rel}","templated":true}]}}