{"id":3993,"date":"2015-03-03T15:20:51","date_gmt":"2015-03-03T13:20:51","guid":{"rendered":"https:\/\/www.sabado100.com.ar\/?p=3993"},"modified":"2015-03-03T15:20:51","modified_gmt":"2015-03-03T13:20:51","slug":"reutemann-sacudio-el-tablero-politico","status":"publish","type":"post","link":"https:\/\/sabado100.com.ar\/es-ar\/reutemann-sacudio-el-tablero-politico\/","title":{"rendered":"Reutemann sacudi\u00f3 el tablero pol\u00edtico"},"content":{"rendered":"<p><strong>Por Mar\u00eda Herminia Grande.-<\/strong> \u201cSoy escuder\u00eda 42. En mi vida siempre he tomado decisiones dif\u00edciles y riesgosas, y lo sigo haciendo. Tambi\u00e9n s\u00e9 que s\u00f3lo con el transcurrir del tiempo uno sabe si lo que hizo fue lo mejor. Sigo siendo el mismo. El que le dio al justicialismo victorias: dos Obeid, dos yo\u201d. Hace una pausa y vuelve a arremeter \u201clos que le dieron las derrotas al justicialismo tambi\u00e9n tienen nombre y apellido y por m\u00e1s que miren para otro lado se sabe qui\u00e9nes son\u201d.<\/p>\n<p>La decisi\u00f3n del senador Reutemann de apoyar la candidatura presidencial de Mauricio Macri era obvio, no iba a resultar neutra. Nunca lo fue, a\u00fan desde sus inicios en el automovilismo. Lleg\u00f3 a la pol\u00edtica por una necesidad del peronismo. Su estilo de querer conocer las cosas en primera persona, lo llev\u00f3 a recorrer la provincia de arriba a abajo, y a detenerse en los lugares m\u00e1s ins\u00f3litos para la costumbre de la pol\u00edtica. Ignoro si fue el abrazo de Per\u00f3n o la lapicera que le regal\u00f3 lo que prim\u00f3 a la hora de dar el s\u00ed a la pol\u00edtica peronista. Lo cierto es que en pol\u00edtica su personalidad impuso un estilo. Tuvo real oportunidad de ser presidente de los argentinos y su instinto, al que siempre le hace caso, se lo desaconsej\u00f3. Ignoro si el tiempo le dio la raz\u00f3n.<\/p>\n<p>\u201cSi tom\u00e9 esta decisi\u00f3n es porque me preocupa el enorme deterioro que el kirchnerismo ha hecho de las instituciones y lo sigue haciendo con un modelo totalmente agotado. Impresiona ver c\u00f3mo intent\u00f3 apoderarse del poder judicial. Este gobierno tiene una mancha negra inconmensurable, la corrupci\u00f3n. S\u00f3lo basta mirar c\u00f3mo se enriqueci\u00f3 toda esta gente. El supuesto viento de cola no existe m\u00e1s. La gente lo ha decidido. Interpreto que se busca un cambio de aire. Hay expectativas de cambio\u201d<\/p>\n<p>Se entusiasma cuando habla de lo que hay que hacer aunque eso sea volver a empezar. \u201cOtra vez hay que arreglar las econom\u00edas regionales, est\u00e1 todo mal, desde la lana a la leche. Le\u00ed datos sobre educaci\u00f3n: hay 13 millones de chicos que est\u00e1n fuera del circuito\u2026 y el gobierno se entusiasma con los argentinos que fueron al mar\u201d. Piensa un ratito e introduce el tema provincial. \u201cMe preguntan por Del Sel, me parece que \u00e9l tiene su protagonismo, ya no es nuevo en la pol\u00edtica. Personalmente creo que lo mejor que puede hacer para ganar las elecciones es trabajar sobre un gran plan de seguridad para la provincia\u201d<\/p>\n<p>(A prop\u00f3sito de este principal tema, el periodista especializado en policiales Claudio Ber\u00f3n suministr\u00f3 el siguiente dato: en Rosario, desde el 2011 a la fecha se produjeron 900 asesinatos)<\/p>\n<p>De lo conversado con el senador Reutemann y sobre el tema provincial en cuanto a su participaci\u00f3n en la campa\u00f1a de Del Sel, infiero que no tendr\u00e1 protagonismo. El acuerdo con Macri se produjo cuando el tema del armado provincial ya estaba cerrado. Reutemann es un hombre al que no le gusta entrometerse pol\u00edticamente en armados que no lo han tenido como responsable. Creo sin temor a equivocarme, que la actuaci\u00f3n pol\u00edtica del senador ser\u00e1 en el orden nacional<\/p>\n<p>La figura de Reutemann y su impacto en la sociedad donde para algunos es sin\u00f3nimo de honestidad, confianza; para otros \u2013dici\u00e9ndolo suavemente- es el gardener de la pol\u00edtica; merit\u00faa un an\u00e1lisis que traspasa los l\u00edmites de la pol\u00edtica. Conocida su decisi\u00f3n a nivel nacional Massa y Scioli sintieron el impacto que hasta ese momento Macri no les produc\u00eda. Ambos candidatos sintieron que un par les estaba ganando la pulseada. Recordemos que a\u00fan no se sabe en qu\u00e9 lugar del casillero del esquema Macri participar\u00e1 Reutemann. En Santa Fe adherentes o detractores se encolumnaron para aplaudirlo o masacrarlo a pesar que no participa en ninguna lista de las que se presentan el 19 de abril. Muchos de los dolidos con su actitud, horas antes de tal decisi\u00f3n, buscaban su bendici\u00f3n. Otros, de otros sectores pol\u00edticos, ve\u00edan en su no presentaci\u00f3n un alivio. Lo cierto es que sacudi\u00f3 el tablero.<\/p>\n<p>www.mariaherminiagrande.com.ar<\/p>\n","protected":false},"excerpt":{"rendered":"<p>Por Mar\u00eda Herminia Grande.- \u201cSoy escuder\u00eda 42. En mi vida siempre he tomado decisiones dif\u00edciles y riesgosas, y lo sigo [&hellip;]<\/p>\n","protected":false},"author":2,"featured_media":0,"comment_status":"open","ping_status":"closed","sticky":false,"template":"","format":"standard","meta":{"site-sidebar-layout":"default","site-content-layout":"","ast-site-content-layout":"default","site-content-style":"default","site-sidebar-style":"default","ast-global-header-display":"","ast-banner-title-visibility":"","ast-main-header-display":"","ast-hfb-above-header-display":"","ast-hfb-below-header-display":"","ast-hfb-mobile-header-display":"","site-post-title":"","ast-breadcrumbs-content":"","ast-featured-img":"","footer-sml-layout":"","ast-disable-related-posts":"","theme-transparent-header-meta":"","adv-header-id-meta":"","stick-header-meta":"","header-above-stick-meta":"","header-main-stick-meta":"","header-below-stick-meta":"","astra-migrate-meta-layouts":"default","ast-page-background-enabled":"default","ast-page-background-meta":{"desktop":{"background-color":"var(--ast-global-color-4)","background-image":"","background-repeat":"repeat","background-position":"center center","background-size":"auto","background-attachment":"scroll","background-type":"","background-media":"","overlay-type":"","overlay-color":"","overlay-opacity":"","overlay-gradient":""},"tablet":{"background-color":"","background-image":"","background-repeat":"repeat","background-position":"center center","background-size":"auto","background-attachment":"scroll","background-type":"","background-media":"","overlay-type":"","overlay-color":"","overlay-opacity":"","overlay-gradient":""},"mobile":{"background-color":"","background-image":"","background-repeat":"repeat","background-position":"center center","background-size":"auto","background-attachment":"scroll","background-type":"","background-media":"","overlay-type":"","overlay-color":"","overlay-opacity":"","overlay-gradient":""}},"ast-content-background-meta":{"desktop":{"background-color":"var(--ast-global-color-5)","background-image":"","background-repeat":"repeat","background-position":"center center","background-size":"auto","background-attachment":"scroll","background-type":"","background-media":"","overlay-type":"","overlay-color":"","overlay-opacity":"","overlay-gradient":""},"tablet":{"background-color":"var(--ast-global-color-5)","background-image":"","background-repeat":"repeat","background-position":"center center","background-size":"auto","background-attachment":"scroll","background-type":"","background-media":"","overlay-type":"","overlay-color":"","overlay-opacity":"","overlay-gradient":""},"mobile":{"background-color":"var(--ast-global-color-5)","background-image":"","background-repeat":"repeat","background-position":"center center","background-size":"auto","background-attachment":"scroll","background-type":"","background-media":"","overlay-type":"","overlay-color":"","overlay-opacity":"","overlay-gradient":""}},"footnotes":""},"categories":[5],"tags":[5318],"class_list":["post-3993","post","type-post","status-publish","format-standard","hentry","category-politica","tag-reutemann-sacudio-el-tablero-politico"],"yoast_head":"<!-- This site is optimized with the Yoast SEO plugin v23.2 - https:\/\/yoast.com\/wordpress\/plugins\/seo\/ -->\n<title>Reutemann sacudi\u00f3 el tablero pol\u00edtico - Sabado 100<\/title>\n<meta name=\"robots\" content=\"index, follow, max-snippet:-1, max-image-preview:large, max-video-preview:-1\" \/>\n<link rel=\"canonical\" href=\"https:\/\/sabado100.com.ar\/es-ar\/reutemann-sacudio-el-tablero-politico\/\" \/>\n<meta property=\"og:locale\" content=\"es_ES\" \/>\n<meta property=\"og:type\" content=\"article\" \/>\n<meta property=\"og:title\" content=\"Reutemann sacudi\u00f3 el tablero pol\u00edtico - Sabado 100\" \/>\n<meta property=\"og:description\" content=\"Por Mar\u00eda Herminia Grande.- \u201cSoy escuder\u00eda 42. En mi vida siempre he tomado decisiones dif\u00edciles y riesgosas, y lo sigo [&hellip;]\" \/>\n<meta property=\"og:url\" content=\"https:\/\/sabado100.com.ar\/es-ar\/reutemann-sacudio-el-tablero-politico\/\" \/>\n<meta property=\"og:site_name\" content=\"Sabado 100\" \/>\n<meta property=\"article:publisher\" content=\"https:\/\/www.facebook.com\/sabadocien\/\" \/>\n<meta property=\"article:published_time\" content=\"2015-03-03T13:20:51+00:00\" \/>\n<meta name=\"author\" content=\"sabado cien\" \/>\n<meta name=\"twitter:card\" content=\"summary_large_image\" \/>\n<meta name=\"twitter:label1\" content=\"Escrito por\" \/>\n\t<meta name=\"twitter:data1\" content=\"sabado cien\" \/>\n\t<meta name=\"twitter:label2\" content=\"Tiempo de lectura\" \/>\n\t<meta name=\"twitter:data2\" content=\"4 minutos\" \/>\n<script type=\"application\/ld+json\" class=\"yoast-schema-graph\">{\"@context\":\"https:\/\/schema.org\",\"@graph\":[{\"@type\":\"Article\",\"@id\":\"https:\/\/sabado100.com.ar\/es-ar\/reutemann-sacudio-el-tablero-politico\/#article\",\"isPartOf\":{\"@id\":\"https:\/\/sabado100.com.ar\/es-ar\/reutemann-sacudio-el-tablero-politico\/\"},\"author\":{\"name\":\"sabado cien\",\"@id\":\"https:\/\/sabado100.com.ar\/es-ar\/#\/schema\/person\/58e38b918ef4e44b11398f25d4684c6d\"},\"headline\":\"Reutemann sacudi\u00f3 el tablero pol\u00edtico\",\"datePublished\":\"2015-03-03T13:20:51+00:00\",\"dateModified\":\"2015-03-03T13:20:51+00:00\",\"mainEntityOfPage\":{\"@id\":\"https:\/\/sabado100.com.ar\/es-ar\/reutemann-sacudio-el-tablero-politico\/\"},\"wordCount\":726,\"commentCount\":0,\"publisher\":{\"@id\":\"https:\/\/sabado100.com.ar\/es-ar\/#organization\"},\"keywords\":[\"Reutemann sacudi\u00f3 el tablero pol\u00edtico\"],\"articleSection\":[\"Pol\u00edtica\"],\"inLanguage\":\"es\",\"potentialAction\":[{\"@type\":\"CommentAction\",\"name\":\"Comment\",\"target\":[\"https:\/\/sabado100.com.ar\/es-ar\/reutemann-sacudio-el-tablero-politico\/#respond\"]}]},{\"@type\":\"WebPage\",\"@id\":\"https:\/\/sabado100.com.ar\/es-ar\/reutemann-sacudio-el-tablero-politico\/\",\"url\":\"https:\/\/sabado100.com.ar\/es-ar\/reutemann-sacudio-el-tablero-politico\/\",\"name\":\"Reutemann sacudi\u00f3 el tablero pol\u00edtico - Sabado 100\",\"isPartOf\":{\"@id\":\"https:\/\/sabado100.com.ar\/es-ar\/#website\"},\"datePublished\":\"2015-03-03T13:20:51+00:00\",\"dateModified\":\"2015-03-03T13:20:51+00:00\",\"breadcrumb\":{\"@id\":\"https:\/\/sabado100.com.ar\/es-ar\/reutemann-sacudio-el-tablero-politico\/#breadcrumb\"},\"inLanguage\":\"es\",\"potentialAction\":[{\"@type\":\"ReadAction\",\"target\":[\"https:\/\/sabado100.com.ar\/es-ar\/reutemann-sacudio-el-tablero-politico\/\"]}]},{\"@type\":\"BreadcrumbList\",\"@id\":\"https:\/\/sabado100.com.ar\/es-ar\/reutemann-sacudio-el-tablero-politico\/#breadcrumb\",\"itemListElement\":[{\"@type\":\"ListItem\",\"position\":1,\"name\":\"Portada\",\"item\":\"https:\/\/sabado100.com.ar\/es-ar\/\"},{\"@type\":\"ListItem\",\"position\":2,\"name\":\"Reutemann sacudi\u00f3 el tablero pol\u00edtico\"}]},{\"@type\":\"WebSite\",\"@id\":\"https:\/\/sabado100.com.ar\/es-ar\/#website\",\"url\":\"https:\/\/sabado100.com.ar\/es-ar\/\",\"name\":\"Sabado 100\",\"description\":\"\",\"publisher\":{\"@id\":\"https:\/\/sabado100.com.ar\/es-ar\/#organization\"},\"potentialAction\":[{\"@type\":\"SearchAction\",\"target\":{\"@type\":\"EntryPoint\",\"urlTemplate\":\"https:\/\/sabado100.com.ar\/es-ar\/?s={search_term_string}\"},\"query-input\":\"required name=search_term_string\"}],\"inLanguage\":\"es\"},{\"@type\":\"Organization\",\"@id\":\"https:\/\/sabado100.com.ar\/es-ar\/#organization\",\"name\":\"Sabado 100\",\"url\":\"https:\/\/sabado100.com.ar\/es-ar\/\",\"logo\":{\"@type\":\"ImageObject\",\"inLanguage\":\"es\",\"@id\":\"https:\/\/sabado100.com.ar\/es-ar\/#\/schema\/logo\/image\/\",\"url\":\"https:\/\/sabado100.com.ar\/es-ar\/wp-content\/uploads\/2024\/04\/logo3.jpg\",\"contentUrl\":\"https:\/\/sabado100.com.ar\/es-ar\/wp-content\/uploads\/2024\/04\/logo3.jpg\",\"width\":300,\"height\":174,\"caption\":\"Sabado 100\"},\"image\":{\"@id\":\"https:\/\/sabado100.com.ar\/es-ar\/#\/schema\/logo\/image\/\"},\"sameAs\":[\"https:\/\/www.facebook.com\/sabadocien\/\",\"https:\/\/www.instagram.com\/sabado100.com.ar\/\",\"https:\/\/www.youtube.com\/@sabado1003\"]},{\"@type\":\"Person\",\"@id\":\"https:\/\/sabado100.com.ar\/es-ar\/#\/schema\/person\/58e38b918ef4e44b11398f25d4684c6d\",\"name\":\"sabado cien\",\"image\":{\"@type\":\"ImageObject\",\"inLanguage\":\"es\",\"@id\":\"https:\/\/sabado100.com.ar\/es-ar\/#\/schema\/person\/image\/\",\"url\":\"https:\/\/sabado100.com.ar\/es-ar\/wp-content\/litespeed\/avatar\/484bccfbd493fbb703b0f1b8113dad61.jpg?ver=1787731622\",\"contentUrl\":\"https:\/\/sabado100.com.ar\/es-ar\/wp-content\/litespeed\/avatar\/484bccfbd493fbb703b0f1b8113dad61.jpg?ver=1787731622\",\"caption\":\"sabado cien\"},\"url\":\"https:\/\/sabado100.com.ar\/es-ar\/author\/sabado100\/\"}]}<\/script>\n<!-- \/ Yoast SEO plugin. -->","yoast_head_json":{"title":"Reutemann sacudi\u00f3 el tablero pol\u00edtico - Sabado 100","robots":{"index":"index","follow":"follow","max-snippet":"max-snippet:-1","max-image-preview":"max-image-preview:large","max-video-preview":"max-video-preview:-1"},"canonical":"https:\/\/sabado100.com.ar\/es-ar\/reutemann-sacudio-el-tablero-politico\/","og_locale":"es_ES","og_type":"article","og_title":"Reutemann sacudi\u00f3 el tablero pol\u00edtico - Sabado 100","og_description":"Por Mar\u00eda Herminia Grande.- \u201cSoy escuder\u00eda 42. En mi vida siempre he tomado decisiones dif\u00edciles y riesgosas, y lo sigo [&hellip;]","og_url":"https:\/\/sabado100.com.ar\/es-ar\/reutemann-sacudio-el-tablero-politico\/","og_site_name":"Sabado 100","article_publisher":"https:\/\/www.facebook.com\/sabadocien\/","article_published_time":"2015-03-03T13:20:51+00:00","author":"sabado cien","twitter_card":"summary_large_image","twitter_misc":{"Escrito por":"sabado cien","Tiempo de lectura":"4 minutos"},"schema":{"@context":"https:\/\/schema.org","@graph":[{"@type":"Article","@id":"https:\/\/sabado100.com.ar\/es-ar\/reutemann-sacudio-el-tablero-politico\/#article","isPartOf":{"@id":"https:\/\/sabado100.com.ar\/es-ar\/reutemann-sacudio-el-tablero-politico\/"},"author":{"name":"sabado cien","@id":"https:\/\/sabado100.com.ar\/es-ar\/#\/schema\/person\/58e38b918ef4e44b11398f25d4684c6d"},"headline":"Reutemann sacudi\u00f3 el tablero pol\u00edtico","datePublished":"2015-03-03T13:20:51+00:00","dateModified":"2015-03-03T13:20:51+00:00","mainEntityOfPage":{"@id":"https:\/\/sabado100.com.ar\/es-ar\/reutemann-sacudio-el-tablero-politico\/"},"wordCount":726,"commentCount":0,"publisher":{"@id":"https:\/\/sabado100.com.ar\/es-ar\/#organization"},"keywords":["Reutemann sacudi\u00f3 el tablero pol\u00edtico"],"articleSection":["Pol\u00edtica"],"inLanguage":"es","potentialAction":[{"@type":"CommentAction","name":"Comment","target":["https:\/\/sabado100.com.ar\/es-ar\/reutemann-sacudio-el-tablero-politico\/#respond"]}]},{"@type":"WebPage","@id":"https:\/\/sabado100.com.ar\/es-ar\/reutemann-sacudio-el-tablero-politico\/","url":"https:\/\/sabado100.com.ar\/es-ar\/reutemann-sacudio-el-tablero-politico\/","name":"Reutemann sacudi\u00f3 el tablero pol\u00edtico - Sabado 100","isPartOf":{"@id":"https:\/\/sabado100.com.ar\/es-ar\/#website"},"datePublished":"2015-03-03T13:20:51+00:00","dateModified":"2015-03-03T13:20:51+00:00","breadcrumb":{"@id":"https:\/\/sabado100.com.ar\/es-ar\/reutemann-sacudio-el-tablero-politico\/#breadcrumb"},"inLanguage":"es","potentialAction":[{"@type":"ReadAction","target":["https:\/\/sabado100.com.ar\/es-ar\/reutemann-sacudio-el-tablero-politico\/"]}]},{"@type":"BreadcrumbList","@id":"https:\/\/sabado100.com.ar\/es-ar\/reutemann-sacudio-el-tablero-politico\/#breadcrumb","itemListElement":[{"@type":"ListItem","position":1,"name":"Portada","item":"https:\/\/sabado100.com.ar\/es-ar\/"},{"@type":"ListItem","position":2,"name":"Reutemann sacudi\u00f3 el tablero pol\u00edtico"}]},{"@type":"WebSite","@id":"https:\/\/sabado100.com.ar\/es-ar\/#website","url":"https:\/\/sabado100.com.ar\/es-ar\/","name":"Sabado 100","description":"","publisher":{"@id":"https:\/\/sabado100.com.ar\/es-ar\/#organization"},"potentialAction":[{"@type":"SearchAction","target":{"@type":"EntryPoint","urlTemplate":"https:\/\/sabado100.com.ar\/es-ar\/?s={search_term_string}"},"query-input":"required name=search_term_string"}],"inLanguage":"es"},{"@type":"Organization","@id":"https:\/\/sabado100.com.ar\/es-ar\/#organization","name":"Sabado 100","url":"https:\/\/sabado100.com.ar\/es-ar\/","logo":{"@type":"ImageObject","inLanguage":"es","@id":"https:\/\/sabado100.com.ar\/es-ar\/#\/schema\/logo\/image\/","url":"https:\/\/sabado100.com.ar\/es-ar\/wp-content\/uploads\/2024\/04\/logo3.jpg","contentUrl":"https:\/\/sabado100.com.ar\/es-ar\/wp-content\/uploads\/2024\/04\/logo3.jpg","width":300,"height":174,"caption":"Sabado 100"},"image":{"@id":"https:\/\/sabado100.com.ar\/es-ar\/#\/schema\/logo\/image\/"},"sameAs":["https:\/\/www.facebook.com\/sabadocien\/","https:\/\/www.instagram.com\/sabado100.com.ar\/","https:\/\/www.youtube.com\/@sabado1003"]},{"@type":"Person","@id":"https:\/\/sabado100.com.ar\/es-ar\/#\/schema\/person\/58e38b918ef4e44b11398f25d4684c6d","name":"sabado cien","image":{"@type":"ImageObject","inLanguage":"es","@id":"https:\/\/sabado100.com.ar\/es-ar\/#\/schema\/person\/image\/","url":"https:\/\/sabado100.com.ar\/es-ar\/wp-content\/litespeed\/avatar\/484bccfbd493fbb703b0f1b8113dad61.jpg?ver=1787731622","contentUrl":"https:\/\/sabado100.com.ar\/es-ar\/wp-content\/litespeed\/avatar\/484bccfbd493fbb703b0f1b8113dad61.jpg?ver=1787731622","caption":"sabado cien"},"url":"https:\/\/sabado100.com.ar\/es-ar\/author\/sabado100\/"}]}},"_links":{"self":[{"href":"https:\/\/sabado100.com.ar\/es-ar\/wp-json\/wp\/v2\/posts\/3993","targetHints":{"allow":["GET"]}}],"collection":[{"href":"https:\/\/sabado100.com.ar\/es-ar\/wp-json\/wp\/v2\/posts"}],"about":[{"href":"https:\/\/sabado100.com.ar\/es-ar\/wp-json\/wp\/v2\/types\/post"}],"author":[{"embeddable":true,"href":"https:\/\/sabado100.com.ar\/es-ar\/wp-json\/wp\/v2\/users\/2"}],"replies":[{"embeddable":true,"href":"https:\/\/sabado100.com.ar\/es-ar\/wp-json\/wp\/v2\/comments?post=3993"}],"version-history":[{"count":0,"href":"https:\/\/sabado100.com.ar\/es-ar\/wp-json\/wp\/v2\/posts\/3993\/revisions"}],"wp:attachment":[{"href":"https:\/\/sabado100.com.ar\/es-ar\/wp-json\/wp\/v2\/media?parent=3993"}],"wp:term":[{"taxonomy":"category","embeddable":true,"href":"https:\/\/sabado100.com.ar\/es-ar\/wp-json\/wp\/v2\/categories?post=3993"},{"taxonomy":"post_tag","embeddable":true,"href":"https:\/\/sabado100.com.ar\/es-ar\/wp-json\/wp\/v2\/tags?post=3993"}],"curies":[{"name":"wp","href":"https:\/\/api.w.org\/{rel}","templated":true}]}}