{"id":3985,"date":"2015-02-23T15:42:55","date_gmt":"2015-02-23T13:42:55","guid":{"rendered":"https:\/\/www.sabado100.com.ar\/?p=3985"},"modified":"2015-02-23T15:42:55","modified_gmt":"2015-02-23T13:42:55","slug":"el-grito-del-silencio-perforo-al-poder","status":"publish","type":"post","link":"https:\/\/sabado100.com.ar\/es-ar\/el-grito-del-silencio-perforo-al-poder\/","title":{"rendered":"El grito del silencio perfor\u00f3 al poder&#8230;"},"content":{"rendered":"<p><strong>Por Emilio Grande (h.).-<\/strong> A decir verdad, la multitudinaria marcha del mi\u00e9rcoles 18 de febrero \u00faltimo super\u00f3 las expectativas de propios y extra\u00f1os, realizada en homenaje a la muerte dudosa de Alberto Nisman y convocada por sus pares fiscales, en una jornada lluviosa, teniendo como epicentro a la ciudad de Buenos Aires, como as\u00ed tambi\u00e9n en otras ciudades del interior, entre ellas Rafaela, y del exterior.<br \/>\nEstiman que hubo 400.000 personas en Buenos Aires (\u00bfhubiera sido superior si no llov\u00eda?) y miles de personas en tantos lugares de la Argentina. A pesar de que no hubo una convocatoria de instituciones ligadas a la Justicia (a excepci\u00f3n de algunas adhesiones), en nuestra ciudad asistieron unas 1.500 personas, entre ellos tambi\u00e9n dirigentes de la oposici\u00f3n.<br \/>\nLa gente sali\u00f3 a la calle cansada de tanta impunidad, corrupci\u00f3n en las distintas esferas del poder y decenas de casos sin resoluci\u00f3n por la inexplicable burocracia judicial. Se respet\u00f3 la consigna del silencio, sin bander\u00edas partidarias, solamente se portaron algunos carteles aislados (sobre Nisman y pidiendo justicia) y fue entonado el Himno Nacional sumado a aplausos en cadena.<br \/>\nEn este sentido, se percibe cansancio por las peleas casi permanentes entre distintos actores sociales, hay hartazgo por el recrudecimiento de la violencia social y, seguramente, la muerte del fiscal Nisman constituya una bisagra en la historia argentina. Como sostienen algunos entendidos en la materia, su muerte constituye un magnicidio y lo llamativo es la incertidumbre sobre qu\u00e9 paso ese domingo 18 de enero en su departamento.<br \/>\nLuego de esta movilizaci\u00f3n, llama la atenci\u00f3n las desubicadas declaraciones de Cristina Fern\u00e1ndez de anteayer, acusando de golpistas a los fiscales y jueces por el 18-F, quienes supuestamente buscan desestabilizar a su gobierno, refiri\u00e9ndose como d\u00eda del \u00abbautismo de fuego del Partido Judicial\u00bb, a quien tild\u00f3 de opositor y destituyente.<br \/>\nNo es la primera vez que la Presidenta tiene estas reacciones. Recordemos la pelea intestinal con el campo en 2008 sobre la pol\u00e9mica resoluci\u00f3n 125, dividiendo a la sociedad y que termin\u00f3 con el voto no positivo de Cobos en el Senado.<br \/>\nEn casi 12 a\u00f1os de gobiernos kirchneristas imper\u00f3 la postura amigo-enemigo, como postula Carl Schmitt, buscando enemigos innecesariamente con diversos actores sociales: empresarios, pol\u00edticos, periodistas, gremialistas, dirigentes agropecuarios. En definitiva, con aquel que piensa diferente.<br \/>\nLamentablemente, este Gobierno es autista y presenta rasgos autoritarios, est\u00e1 encerrado en s\u00ed mismo, Cristina est\u00e1 perdiendo los reflejos de la pol\u00edtica, est\u00e1 paranoica y se cree el ombligo del mundo, mostrando la hilacha: no tuvo la delicadeza de enviar condolencias a la familia de Nisman.<br \/>\nAl mismo tiempo, el Gobierno est\u00e1 acorralado por distintas causas judiciales que ahora parece que empezaron acelerarse con el final de una \u00e9poca pol\u00edtica y dejar\u00e1 una crisis fenomenal para  el nuevo Presidente (Macri, Scioli o Massa).<br \/>\nEstamos en un a\u00f1o electoral con las primarias en agosto y las generales en octubre, ote\u00e1ndose un viento de cambio en la sociedad: basta de poderes hegem\u00f3nicos que no respetan el federalismo ni tampoco la Constituci\u00f3n. Se viene una etapa de acuerdos y consensos sociales, pensando en el bien com\u00fan, para evitar individualismos e intereses sectoriales que tanto da\u00f1o hicieron&#8230;<\/p>\n<p><strong>Fuente:<\/strong> diario La Opini\u00f3n, Rafaela, 23 de febrero de 2015.<\/p>\n","protected":false},"excerpt":{"rendered":"<p>Por Emilio Grande (h.).- A decir verdad, la multitudinaria marcha del mi\u00e9rcoles 18 de febrero \u00faltimo super\u00f3 las expectativas de [&hellip;]<\/p>\n","protected":false},"author":2,"featured_media":0,"comment_status":"open","ping_status":"closed","sticky":false,"template":"","format":"standard","meta":{"site-sidebar-layout":"default","site-content-layout":"","ast-site-content-layout":"default","site-content-style":"default","site-sidebar-style":"default","ast-global-header-display":"","ast-banner-title-visibility":"","ast-main-header-display":"","ast-hfb-above-header-display":"","ast-hfb-below-header-display":"","ast-hfb-mobile-header-display":"","site-post-title":"","ast-breadcrumbs-content":"","ast-featured-img":"","footer-sml-layout":"","ast-disable-related-posts":"","theme-transparent-header-meta":"","adv-header-id-meta":"","stick-header-meta":"","header-above-stick-meta":"","header-main-stick-meta":"","header-below-stick-meta":"","astra-migrate-meta-layouts":"default","ast-page-background-enabled":"default","ast-page-background-meta":{"desktop":{"background-color":"var(--ast-global-color-4)","background-image":"","background-repeat":"repeat","background-position":"center center","background-size":"auto","background-attachment":"scroll","background-type":"","background-media":"","overlay-type":"","overlay-color":"","overlay-opacity":"","overlay-gradient":""},"tablet":{"background-color":"","background-image":"","background-repeat":"repeat","background-position":"center center","background-size":"auto","background-attachment":"scroll","background-type":"","background-media":"","overlay-type":"","overlay-color":"","overlay-opacity":"","overlay-gradient":""},"mobile":{"background-color":"","background-image":"","background-repeat":"repeat","background-position":"center center","background-size":"auto","background-attachment":"scroll","background-type":"","background-media":"","overlay-type":"","overlay-color":"","overlay-opacity":"","overlay-gradient":""}},"ast-content-background-meta":{"desktop":{"background-color":"var(--ast-global-color-5)","background-image":"","background-repeat":"repeat","background-position":"center center","background-size":"auto","background-attachment":"scroll","background-type":"","background-media":"","overlay-type":"","overlay-color":"","overlay-opacity":"","overlay-gradient":""},"tablet":{"background-color":"var(--ast-global-color-5)","background-image":"","background-repeat":"repeat","background-position":"center center","background-size":"auto","background-attachment":"scroll","background-type":"","background-media":"","overlay-type":"","overlay-color":"","overlay-opacity":"","overlay-gradient":""},"mobile":{"background-color":"var(--ast-global-color-5)","background-image":"","background-repeat":"repeat","background-position":"center center","background-size":"auto","background-attachment":"scroll","background-type":"","background-media":"","overlay-type":"","overlay-color":"","overlay-opacity":"","overlay-gradient":""}},"footnotes":""},"categories":[5],"tags":[5315],"class_list":["post-3985","post","type-post","status-publish","format-standard","hentry","category-politica","tag-grito-del-silencio-perforo-al-poder"],"yoast_head":"<!-- This site is optimized with the Yoast SEO plugin v23.2 - https:\/\/yoast.com\/wordpress\/plugins\/seo\/ -->\n<title>El grito del silencio perfor\u00f3 al poder... - Sabado 100<\/title>\n<meta name=\"robots\" content=\"index, follow, max-snippet:-1, max-image-preview:large, max-video-preview:-1\" \/>\n<link rel=\"canonical\" href=\"https:\/\/sabado100.com.ar\/es-ar\/el-grito-del-silencio-perforo-al-poder\/\" \/>\n<meta property=\"og:locale\" content=\"es_ES\" \/>\n<meta property=\"og:type\" content=\"article\" \/>\n<meta property=\"og:title\" content=\"El grito del silencio perfor\u00f3 al poder... - Sabado 100\" \/>\n<meta property=\"og:description\" content=\"Por Emilio Grande (h.).- A decir verdad, la multitudinaria marcha del mi\u00e9rcoles 18 de febrero \u00faltimo super\u00f3 las expectativas de [&hellip;]\" \/>\n<meta property=\"og:url\" content=\"https:\/\/sabado100.com.ar\/es-ar\/el-grito-del-silencio-perforo-al-poder\/\" \/>\n<meta property=\"og:site_name\" content=\"Sabado 100\" \/>\n<meta property=\"article:publisher\" content=\"https:\/\/www.facebook.com\/sabadocien\/\" \/>\n<meta property=\"article:published_time\" content=\"2015-02-23T13:42:55+00:00\" \/>\n<meta name=\"author\" content=\"sabado cien\" \/>\n<meta name=\"twitter:card\" content=\"summary_large_image\" \/>\n<meta name=\"twitter:label1\" content=\"Escrito por\" \/>\n\t<meta name=\"twitter:data1\" content=\"sabado cien\" \/>\n\t<meta name=\"twitter:label2\" content=\"Tiempo de lectura\" \/>\n\t<meta name=\"twitter:data2\" content=\"3 minutos\" \/>\n<script type=\"application\/ld+json\" class=\"yoast-schema-graph\">{\"@context\":\"https:\/\/schema.org\",\"@graph\":[{\"@type\":\"Article\",\"@id\":\"https:\/\/sabado100.com.ar\/es-ar\/el-grito-del-silencio-perforo-al-poder\/#article\",\"isPartOf\":{\"@id\":\"https:\/\/sabado100.com.ar\/es-ar\/el-grito-del-silencio-perforo-al-poder\/\"},\"author\":{\"name\":\"sabado cien\",\"@id\":\"https:\/\/sabado100.com.ar\/es-ar\/#\/schema\/person\/58e38b918ef4e44b11398f25d4684c6d\"},\"headline\":\"El grito del silencio perfor\u00f3 al poder&#8230;\",\"datePublished\":\"2015-02-23T13:42:55+00:00\",\"dateModified\":\"2015-02-23T13:42:55+00:00\",\"mainEntityOfPage\":{\"@id\":\"https:\/\/sabado100.com.ar\/es-ar\/el-grito-del-silencio-perforo-al-poder\/\"},\"wordCount\":556,\"commentCount\":0,\"publisher\":{\"@id\":\"https:\/\/sabado100.com.ar\/es-ar\/#organization\"},\"keywords\":[\"grito del silencio perfor\u00f3 al poder\"],\"articleSection\":[\"Pol\u00edtica\"],\"inLanguage\":\"es\",\"potentialAction\":[{\"@type\":\"CommentAction\",\"name\":\"Comment\",\"target\":[\"https:\/\/sabado100.com.ar\/es-ar\/el-grito-del-silencio-perforo-al-poder\/#respond\"]}]},{\"@type\":\"WebPage\",\"@id\":\"https:\/\/sabado100.com.ar\/es-ar\/el-grito-del-silencio-perforo-al-poder\/\",\"url\":\"https:\/\/sabado100.com.ar\/es-ar\/el-grito-del-silencio-perforo-al-poder\/\",\"name\":\"El grito del silencio perfor\u00f3 al poder... - Sabado 100\",\"isPartOf\":{\"@id\":\"https:\/\/sabado100.com.ar\/es-ar\/#website\"},\"datePublished\":\"2015-02-23T13:42:55+00:00\",\"dateModified\":\"2015-02-23T13:42:55+00:00\",\"breadcrumb\":{\"@id\":\"https:\/\/sabado100.com.ar\/es-ar\/el-grito-del-silencio-perforo-al-poder\/#breadcrumb\"},\"inLanguage\":\"es\",\"potentialAction\":[{\"@type\":\"ReadAction\",\"target\":[\"https:\/\/sabado100.com.ar\/es-ar\/el-grito-del-silencio-perforo-al-poder\/\"]}]},{\"@type\":\"BreadcrumbList\",\"@id\":\"https:\/\/sabado100.com.ar\/es-ar\/el-grito-del-silencio-perforo-al-poder\/#breadcrumb\",\"itemListElement\":[{\"@type\":\"ListItem\",\"position\":1,\"name\":\"Portada\",\"item\":\"https:\/\/sabado100.com.ar\/es-ar\/\"},{\"@type\":\"ListItem\",\"position\":2,\"name\":\"El grito del silencio perfor\u00f3 al poder&#8230;\"}]},{\"@type\":\"WebSite\",\"@id\":\"https:\/\/sabado100.com.ar\/es-ar\/#website\",\"url\":\"https:\/\/sabado100.com.ar\/es-ar\/\",\"name\":\"Sabado 100\",\"description\":\"\",\"publisher\":{\"@id\":\"https:\/\/sabado100.com.ar\/es-ar\/#organization\"},\"potentialAction\":[{\"@type\":\"SearchAction\",\"target\":{\"@type\":\"EntryPoint\",\"urlTemplate\":\"https:\/\/sabado100.com.ar\/es-ar\/?s={search_term_string}\"},\"query-input\":\"required name=search_term_string\"}],\"inLanguage\":\"es\"},{\"@type\":\"Organization\",\"@id\":\"https:\/\/sabado100.com.ar\/es-ar\/#organization\",\"name\":\"Sabado 100\",\"url\":\"https:\/\/sabado100.com.ar\/es-ar\/\",\"logo\":{\"@type\":\"ImageObject\",\"inLanguage\":\"es\",\"@id\":\"https:\/\/sabado100.com.ar\/es-ar\/#\/schema\/logo\/image\/\",\"url\":\"https:\/\/sabado100.com.ar\/es-ar\/wp-content\/uploads\/2024\/04\/logo3.jpg\",\"contentUrl\":\"https:\/\/sabado100.com.ar\/es-ar\/wp-content\/uploads\/2024\/04\/logo3.jpg\",\"width\":300,\"height\":174,\"caption\":\"Sabado 100\"},\"image\":{\"@id\":\"https:\/\/sabado100.com.ar\/es-ar\/#\/schema\/logo\/image\/\"},\"sameAs\":[\"https:\/\/www.facebook.com\/sabadocien\/\",\"https:\/\/www.instagram.com\/sabado100.com.ar\/\",\"https:\/\/www.youtube.com\/@sabado1003\"]},{\"@type\":\"Person\",\"@id\":\"https:\/\/sabado100.com.ar\/es-ar\/#\/schema\/person\/58e38b918ef4e44b11398f25d4684c6d\",\"name\":\"sabado cien\",\"image\":{\"@type\":\"ImageObject\",\"inLanguage\":\"es\",\"@id\":\"https:\/\/sabado100.com.ar\/es-ar\/#\/schema\/person\/image\/\",\"url\":\"https:\/\/sabado100.com.ar\/es-ar\/wp-content\/litespeed\/avatar\/484bccfbd493fbb703b0f1b8113dad61.jpg?ver=1787731622\",\"contentUrl\":\"https:\/\/sabado100.com.ar\/es-ar\/wp-content\/litespeed\/avatar\/484bccfbd493fbb703b0f1b8113dad61.jpg?ver=1787731622\",\"caption\":\"sabado cien\"},\"url\":\"https:\/\/sabado100.com.ar\/es-ar\/author\/sabado100\/\"}]}<\/script>\n<!-- \/ Yoast SEO plugin. -->","yoast_head_json":{"title":"El grito del silencio perfor\u00f3 al poder... - Sabado 100","robots":{"index":"index","follow":"follow","max-snippet":"max-snippet:-1","max-image-preview":"max-image-preview:large","max-video-preview":"max-video-preview:-1"},"canonical":"https:\/\/sabado100.com.ar\/es-ar\/el-grito-del-silencio-perforo-al-poder\/","og_locale":"es_ES","og_type":"article","og_title":"El grito del silencio perfor\u00f3 al poder... - Sabado 100","og_description":"Por Emilio Grande (h.).- A decir verdad, la multitudinaria marcha del mi\u00e9rcoles 18 de febrero \u00faltimo super\u00f3 las expectativas de [&hellip;]","og_url":"https:\/\/sabado100.com.ar\/es-ar\/el-grito-del-silencio-perforo-al-poder\/","og_site_name":"Sabado 100","article_publisher":"https:\/\/www.facebook.com\/sabadocien\/","article_published_time":"2015-02-23T13:42:55+00:00","author":"sabado cien","twitter_card":"summary_large_image","twitter_misc":{"Escrito por":"sabado cien","Tiempo de lectura":"3 minutos"},"schema":{"@context":"https:\/\/schema.org","@graph":[{"@type":"Article","@id":"https:\/\/sabado100.com.ar\/es-ar\/el-grito-del-silencio-perforo-al-poder\/#article","isPartOf":{"@id":"https:\/\/sabado100.com.ar\/es-ar\/el-grito-del-silencio-perforo-al-poder\/"},"author":{"name":"sabado cien","@id":"https:\/\/sabado100.com.ar\/es-ar\/#\/schema\/person\/58e38b918ef4e44b11398f25d4684c6d"},"headline":"El grito del silencio perfor\u00f3 al poder&#8230;","datePublished":"2015-02-23T13:42:55+00:00","dateModified":"2015-02-23T13:42:55+00:00","mainEntityOfPage":{"@id":"https:\/\/sabado100.com.ar\/es-ar\/el-grito-del-silencio-perforo-al-poder\/"},"wordCount":556,"commentCount":0,"publisher":{"@id":"https:\/\/sabado100.com.ar\/es-ar\/#organization"},"keywords":["grito del silencio perfor\u00f3 al poder"],"articleSection":["Pol\u00edtica"],"inLanguage":"es","potentialAction":[{"@type":"CommentAction","name":"Comment","target":["https:\/\/sabado100.com.ar\/es-ar\/el-grito-del-silencio-perforo-al-poder\/#respond"]}]},{"@type":"WebPage","@id":"https:\/\/sabado100.com.ar\/es-ar\/el-grito-del-silencio-perforo-al-poder\/","url":"https:\/\/sabado100.com.ar\/es-ar\/el-grito-del-silencio-perforo-al-poder\/","name":"El grito del silencio perfor\u00f3 al poder... - Sabado 100","isPartOf":{"@id":"https:\/\/sabado100.com.ar\/es-ar\/#website"},"datePublished":"2015-02-23T13:42:55+00:00","dateModified":"2015-02-23T13:42:55+00:00","breadcrumb":{"@id":"https:\/\/sabado100.com.ar\/es-ar\/el-grito-del-silencio-perforo-al-poder\/#breadcrumb"},"inLanguage":"es","potentialAction":[{"@type":"ReadAction","target":["https:\/\/sabado100.com.ar\/es-ar\/el-grito-del-silencio-perforo-al-poder\/"]}]},{"@type":"BreadcrumbList","@id":"https:\/\/sabado100.com.ar\/es-ar\/el-grito-del-silencio-perforo-al-poder\/#breadcrumb","itemListElement":[{"@type":"ListItem","position":1,"name":"Portada","item":"https:\/\/sabado100.com.ar\/es-ar\/"},{"@type":"ListItem","position":2,"name":"El grito del silencio perfor\u00f3 al poder&#8230;"}]},{"@type":"WebSite","@id":"https:\/\/sabado100.com.ar\/es-ar\/#website","url":"https:\/\/sabado100.com.ar\/es-ar\/","name":"Sabado 100","description":"","publisher":{"@id":"https:\/\/sabado100.com.ar\/es-ar\/#organization"},"potentialAction":[{"@type":"SearchAction","target":{"@type":"EntryPoint","urlTemplate":"https:\/\/sabado100.com.ar\/es-ar\/?s={search_term_string}"},"query-input":"required name=search_term_string"}],"inLanguage":"es"},{"@type":"Organization","@id":"https:\/\/sabado100.com.ar\/es-ar\/#organization","name":"Sabado 100","url":"https:\/\/sabado100.com.ar\/es-ar\/","logo":{"@type":"ImageObject","inLanguage":"es","@id":"https:\/\/sabado100.com.ar\/es-ar\/#\/schema\/logo\/image\/","url":"https:\/\/sabado100.com.ar\/es-ar\/wp-content\/uploads\/2024\/04\/logo3.jpg","contentUrl":"https:\/\/sabado100.com.ar\/es-ar\/wp-content\/uploads\/2024\/04\/logo3.jpg","width":300,"height":174,"caption":"Sabado 100"},"image":{"@id":"https:\/\/sabado100.com.ar\/es-ar\/#\/schema\/logo\/image\/"},"sameAs":["https:\/\/www.facebook.com\/sabadocien\/","https:\/\/www.instagram.com\/sabado100.com.ar\/","https:\/\/www.youtube.com\/@sabado1003"]},{"@type":"Person","@id":"https:\/\/sabado100.com.ar\/es-ar\/#\/schema\/person\/58e38b918ef4e44b11398f25d4684c6d","name":"sabado cien","image":{"@type":"ImageObject","inLanguage":"es","@id":"https:\/\/sabado100.com.ar\/es-ar\/#\/schema\/person\/image\/","url":"https:\/\/sabado100.com.ar\/es-ar\/wp-content\/litespeed\/avatar\/484bccfbd493fbb703b0f1b8113dad61.jpg?ver=1787731622","contentUrl":"https:\/\/sabado100.com.ar\/es-ar\/wp-content\/litespeed\/avatar\/484bccfbd493fbb703b0f1b8113dad61.jpg?ver=1787731622","caption":"sabado cien"},"url":"https:\/\/sabado100.com.ar\/es-ar\/author\/sabado100\/"}]}},"_links":{"self":[{"href":"https:\/\/sabado100.com.ar\/es-ar\/wp-json\/wp\/v2\/posts\/3985","targetHints":{"allow":["GET"]}}],"collection":[{"href":"https:\/\/sabado100.com.ar\/es-ar\/wp-json\/wp\/v2\/posts"}],"about":[{"href":"https:\/\/sabado100.com.ar\/es-ar\/wp-json\/wp\/v2\/types\/post"}],"author":[{"embeddable":true,"href":"https:\/\/sabado100.com.ar\/es-ar\/wp-json\/wp\/v2\/users\/2"}],"replies":[{"embeddable":true,"href":"https:\/\/sabado100.com.ar\/es-ar\/wp-json\/wp\/v2\/comments?post=3985"}],"version-history":[{"count":0,"href":"https:\/\/sabado100.com.ar\/es-ar\/wp-json\/wp\/v2\/posts\/3985\/revisions"}],"wp:attachment":[{"href":"https:\/\/sabado100.com.ar\/es-ar\/wp-json\/wp\/v2\/media?parent=3985"}],"wp:term":[{"taxonomy":"category","embeddable":true,"href":"https:\/\/sabado100.com.ar\/es-ar\/wp-json\/wp\/v2\/categories?post=3985"},{"taxonomy":"post_tag","embeddable":true,"href":"https:\/\/sabado100.com.ar\/es-ar\/wp-json\/wp\/v2\/tags?post=3985"}],"curies":[{"name":"wp","href":"https:\/\/api.w.org\/{rel}","templated":true}]}}