{"id":3983,"date":"2015-02-17T15:21:13","date_gmt":"2015-02-17T13:21:13","guid":{"rendered":"https:\/\/www.sabado100.com.ar\/?p=3983"},"modified":"2015-02-17T15:21:13","modified_gmt":"2015-02-17T13:21:13","slug":"bety-dominguez-partio-un-referente-del-basquet-femenino","status":"publish","type":"post","link":"https:\/\/sabado100.com.ar\/es-ar\/bety-dominguez-partio-un-referente-del-basquet-femenino\/","title":{"rendered":"Bety Dom\u00ednguez: parti\u00f3 un referente del b\u00e1squet femenino"},"content":{"rendered":"<p><strong>Por Emilio Grande (h.).-<\/strong> Hace unos d\u00edas me cont\u00f3 consternado Enzo Gunzinger que hab\u00eda fallecido Bety Dom\u00ednguez en los primeros d\u00edas de diciembre pasado a la edad de 75 a\u00f1os, noticia que fue chequeada ayer con el presidente del Club 9 de Julio Franco Moroni.<br \/>\nEntonces me acord\u00e9 que la hab\u00eda entrevistado en la secci\u00f3n \u00abRafaela y su gente\u00bb el domingo 3 de junio de 2012 en su humilde casa de calle Scossiroli 1962 del barrio G\u00fcemes. Beatriz Irma Dom\u00ednguez naci\u00f3 el 1 de diciembre de 1938 en Rafaela, siendo sus padres Olga Piombi y Rosario Dom\u00ednguez. Se hab\u00eda casado con Roberto Saluzzo, quien jug\u00f3 al f\u00fatbol en el Club Ferrocarril del Estado.<br \/>\nConstituy\u00f3 un s\u00edmbolo de la rica tradici\u00f3n juliense al liderar los hist\u00f3ricos planteles de b\u00e1squet femenino que conquistaron tres t\u00edtulos oficiales en la d\u00e9cada de 1950 y permanecieron 75 partidos invictos.<br \/>\nEn aquel entonces la cancha de b\u00e1squet estaba ubicada sobre calle Ayacucho, en el sector detr\u00e1s de la actual tribuna de madera. Durante m\u00e1s de una d\u00e9cada las mujeres julienses, primero sobre una superficie de polvo de ladrillo y luego de mosaicos, le dieron a la entidad marcas e hitos hist\u00f3ricos para el b\u00e1squet femenino de Rafaela.<br \/>\nConducidas desde fuera del rect\u00e1ngulo de juego por el dirigente Antonio Madera y el entrenador Oclides \u00abLili\u00bb Santill\u00e1n, 9 de Julio obtuvo tres t\u00edtulos consecutivos en la \u00e9poca dorada de este deporte en el \u00e1mbito local: los campeonatos oficiales de 1954, 1955 y 1956, sumado a un registro in\u00e9dito con 75 partidos invictos.<br \/>\nEn sus inicios a los 13 a\u00f1os, tuvo de compa\u00f1eras a Antonia \u00abChuchi\u00bb Cueto, Marta Mizygurski, Celia Pellegrinet, Elena N\u00fa\u00f1ez, las mellizas Coerezza, Chichi Isaurralde, Nilda Senn, entre otras, como as\u00ed tambi\u00e9n los cl\u00e1sicos enfrentamientos con Atl\u00e9tico, Independiente y Ben Hur ante convocatorias multitudinarias.<br \/>\nDesde los 13 hasta los 26 a\u00f1os form\u00f3 uno de los equipos que qued\u00f3 en la historia grande de la disciplina en la ciudad. Con algo m\u00e1s de 1,78 m y casi 70 kg, se adue\u00f1\u00f3 desde su inicio de la camiseta N\u00ba 3 y el brazalete de capitana.<br \/>\nJugaban \u00abpor amor a la camiseta\u00bb, la participaci\u00f3n era costeada por rifas y debido al entusiasmo en la ciudad en 1954 se construy\u00f3 una tribuna de cemento sobre calle Ayacucho, la primera que tuvo el b\u00e1squet en nuestra ciudad (con el paso de los a\u00f1os la cancha de b\u00e1squet y la tribuna desaparecieron).<br \/>\nAdem\u00e1s de participar en los torneos locales, \u00abhicimos viajes hermosos para presentarnos en Villa del Rosario (C\u00f3rdoba), Villa Mar\u00eda y otros pueblos de la redonda, teniendo refuerzos de otros clubes como Rita Chiatti de Atl\u00e9tico\u00bb, se\u00f1al\u00f3.<br \/>\nFue la \u00fanica rafaelina en integrar el seleccionado santafesino de aquella \u00e9poca y jugaron varios partidos amistosos, por ejemplo en las ciudades entrerrianas de Concepci\u00f3n del Uruguay y Col\u00f3n. Se reencontr\u00f3 con Gladys de la Ciega, una ex jugadora de Atl\u00e9tico, quien se hab\u00eda casado con un gendarme y se radic\u00f3 en esa provincia.<br \/>\nDespu\u00e9s de tanto esplendor, confes\u00f3 su pena por la desaparici\u00f3n de esta disciplina (volvi\u00f3 hace unos a\u00f1os) en la entidad juliense. \u00abAdem\u00e1s de la falta de apoyo dirigencial se fueron yendo las chicas y no hubo recambio. Fui tentada para jugar en Atl\u00e9tico pero por la rivalidad que existe no acept\u00e9, terminando mi carrera en Independiente a los 28 a\u00f1os\u00bb, expres\u00f3.<br \/>\nEn la entrevista con LA OPINION hab\u00eda recordado la pensi\u00f3n \u00abEl Cuajo\u00bb de do\u00f1a Olga en la primera cuadra de calle Rosario, lugar donde pararon los jugadores del \u00ab9\u00bb que ven\u00edan de afuera durante unos 25 a\u00f1os, entre ellos Luis Alberto \u00abRepollo\u00bb Fern\u00e1ndez, quien fue la manija del equipo juliense de la d\u00e9cada de los 60. Luego, en la d\u00e9cada de los 80 se mudaron a una casa de calle Lamadrid 241 al lado del local de SMATA.<br \/>\n\u00abEl club fue mi vida. All\u00ed nac\u00ed y mis padres dieron su vida por la entidad. Mi pap\u00e1 fue jugador de f\u00fatbol y luego atendi\u00f3 el bar de la instituci\u00f3n durante m\u00e1s de 20 a\u00f1os. Mi mam\u00e1 fue la \u00fanica persona velada en el club el 4 de marzo de 1988\u00bb, se\u00f1al\u00f3.<\/p>\n<p><strong>Fuente:<\/strong> diario La Opini\u00f3n, Rafaela, 17 de febrero de 2015.<\/p>\n","protected":false},"excerpt":{"rendered":"<p>Por Emilio Grande (h.).- Hace unos d\u00edas me cont\u00f3 consternado Enzo Gunzinger que hab\u00eda fallecido Bety Dom\u00ednguez en los primeros [&hellip;]<\/p>\n","protected":false},"author":2,"featured_media":0,"comment_status":"open","ping_status":"closed","sticky":false,"template":"","format":"standard","meta":{"site-sidebar-layout":"default","site-content-layout":"","ast-site-content-layout":"default","site-content-style":"default","site-sidebar-style":"default","ast-global-header-display":"","ast-banner-title-visibility":"","ast-main-header-display":"","ast-hfb-above-header-display":"","ast-hfb-below-header-display":"","ast-hfb-mobile-header-display":"","site-post-title":"","ast-breadcrumbs-content":"","ast-featured-img":"","footer-sml-layout":"","ast-disable-related-posts":"","theme-transparent-header-meta":"","adv-header-id-meta":"","stick-header-meta":"","header-above-stick-meta":"","header-main-stick-meta":"","header-below-stick-meta":"","astra-migrate-meta-layouts":"default","ast-page-background-enabled":"default","ast-page-background-meta":{"desktop":{"background-color":"var(--ast-global-color-4)","background-image":"","background-repeat":"repeat","background-position":"center center","background-size":"auto","background-attachment":"scroll","background-type":"","background-media":"","overlay-type":"","overlay-color":"","overlay-opacity":"","overlay-gradient":""},"tablet":{"background-color":"","background-image":"","background-repeat":"repeat","background-position":"center center","background-size":"auto","background-attachment":"scroll","background-type":"","background-media":"","overlay-type":"","overlay-color":"","overlay-opacity":"","overlay-gradient":""},"mobile":{"background-color":"","background-image":"","background-repeat":"repeat","background-position":"center center","background-size":"auto","background-attachment":"scroll","background-type":"","background-media":"","overlay-type":"","overlay-color":"","overlay-opacity":"","overlay-gradient":""}},"ast-content-background-meta":{"desktop":{"background-color":"var(--ast-global-color-5)","background-image":"","background-repeat":"repeat","background-position":"center center","background-size":"auto","background-attachment":"scroll","background-type":"","background-media":"","overlay-type":"","overlay-color":"","overlay-opacity":"","overlay-gradient":""},"tablet":{"background-color":"var(--ast-global-color-5)","background-image":"","background-repeat":"repeat","background-position":"center center","background-size":"auto","background-attachment":"scroll","background-type":"","background-media":"","overlay-type":"","overlay-color":"","overlay-opacity":"","overlay-gradient":""},"mobile":{"background-color":"var(--ast-global-color-5)","background-image":"","background-repeat":"repeat","background-position":"center center","background-size":"auto","background-attachment":"scroll","background-type":"","background-media":"","overlay-type":"","overlay-color":"","overlay-opacity":"","overlay-gradient":""}},"footnotes":""},"categories":[219],"tags":[5314],"class_list":["post-3983","post","type-post","status-publish","format-standard","hentry","category-deportes","tag-murio-bety-dominguez"],"yoast_head":"<!-- This site is optimized with the Yoast SEO plugin v23.2 - https:\/\/yoast.com\/wordpress\/plugins\/seo\/ -->\n<title>Bety Dom\u00ednguez: parti\u00f3 un referente del b\u00e1squet femenino - Sabado 100<\/title>\n<meta name=\"robots\" content=\"index, follow, max-snippet:-1, max-image-preview:large, max-video-preview:-1\" \/>\n<link rel=\"canonical\" href=\"https:\/\/sabado100.com.ar\/es-ar\/bety-dominguez-partio-un-referente-del-basquet-femenino\/\" \/>\n<meta property=\"og:locale\" content=\"es_ES\" \/>\n<meta property=\"og:type\" content=\"article\" \/>\n<meta property=\"og:title\" content=\"Bety Dom\u00ednguez: parti\u00f3 un referente del b\u00e1squet femenino - Sabado 100\" \/>\n<meta property=\"og:description\" content=\"Por Emilio Grande (h.).- Hace unos d\u00edas me cont\u00f3 consternado Enzo Gunzinger que hab\u00eda fallecido Bety Dom\u00ednguez en los primeros [&hellip;]\" \/>\n<meta property=\"og:url\" content=\"https:\/\/sabado100.com.ar\/es-ar\/bety-dominguez-partio-un-referente-del-basquet-femenino\/\" \/>\n<meta property=\"og:site_name\" content=\"Sabado 100\" \/>\n<meta property=\"article:publisher\" content=\"https:\/\/www.facebook.com\/sabadocien\/\" \/>\n<meta property=\"article:published_time\" content=\"2015-02-17T13:21:13+00:00\" \/>\n<meta name=\"author\" content=\"sabado cien\" \/>\n<meta name=\"twitter:card\" content=\"summary_large_image\" \/>\n<meta name=\"twitter:label1\" content=\"Escrito por\" \/>\n\t<meta name=\"twitter:data1\" content=\"sabado cien\" \/>\n\t<meta name=\"twitter:label2\" content=\"Tiempo de lectura\" \/>\n\t<meta name=\"twitter:data2\" content=\"4 minutos\" \/>\n<script type=\"application\/ld+json\" class=\"yoast-schema-graph\">{\"@context\":\"https:\/\/schema.org\",\"@graph\":[{\"@type\":\"Article\",\"@id\":\"https:\/\/sabado100.com.ar\/es-ar\/bety-dominguez-partio-un-referente-del-basquet-femenino\/#article\",\"isPartOf\":{\"@id\":\"https:\/\/sabado100.com.ar\/es-ar\/bety-dominguez-partio-un-referente-del-basquet-femenino\/\"},\"author\":{\"name\":\"sabado cien\",\"@id\":\"https:\/\/sabado100.com.ar\/es-ar\/#\/schema\/person\/58e38b918ef4e44b11398f25d4684c6d\"},\"headline\":\"Bety Dom\u00ednguez: parti\u00f3 un referente del b\u00e1squet femenino\",\"datePublished\":\"2015-02-17T13:21:13+00:00\",\"dateModified\":\"2015-02-17T13:21:13+00:00\",\"mainEntityOfPage\":{\"@id\":\"https:\/\/sabado100.com.ar\/es-ar\/bety-dominguez-partio-un-referente-del-basquet-femenino\/\"},\"wordCount\":739,\"commentCount\":0,\"publisher\":{\"@id\":\"https:\/\/sabado100.com.ar\/es-ar\/#organization\"},\"keywords\":[\"muri\u00f3 Bety Dom\u00ednguez\"],\"articleSection\":[\"Deportes\"],\"inLanguage\":\"es\",\"potentialAction\":[{\"@type\":\"CommentAction\",\"name\":\"Comment\",\"target\":[\"https:\/\/sabado100.com.ar\/es-ar\/bety-dominguez-partio-un-referente-del-basquet-femenino\/#respond\"]}]},{\"@type\":\"WebPage\",\"@id\":\"https:\/\/sabado100.com.ar\/es-ar\/bety-dominguez-partio-un-referente-del-basquet-femenino\/\",\"url\":\"https:\/\/sabado100.com.ar\/es-ar\/bety-dominguez-partio-un-referente-del-basquet-femenino\/\",\"name\":\"Bety Dom\u00ednguez: parti\u00f3 un referente del b\u00e1squet femenino - Sabado 100\",\"isPartOf\":{\"@id\":\"https:\/\/sabado100.com.ar\/es-ar\/#website\"},\"datePublished\":\"2015-02-17T13:21:13+00:00\",\"dateModified\":\"2015-02-17T13:21:13+00:00\",\"breadcrumb\":{\"@id\":\"https:\/\/sabado100.com.ar\/es-ar\/bety-dominguez-partio-un-referente-del-basquet-femenino\/#breadcrumb\"},\"inLanguage\":\"es\",\"potentialAction\":[{\"@type\":\"ReadAction\",\"target\":[\"https:\/\/sabado100.com.ar\/es-ar\/bety-dominguez-partio-un-referente-del-basquet-femenino\/\"]}]},{\"@type\":\"BreadcrumbList\",\"@id\":\"https:\/\/sabado100.com.ar\/es-ar\/bety-dominguez-partio-un-referente-del-basquet-femenino\/#breadcrumb\",\"itemListElement\":[{\"@type\":\"ListItem\",\"position\":1,\"name\":\"Portada\",\"item\":\"https:\/\/sabado100.com.ar\/es-ar\/\"},{\"@type\":\"ListItem\",\"position\":2,\"name\":\"Bety Dom\u00ednguez: parti\u00f3 un referente del b\u00e1squet femenino\"}]},{\"@type\":\"WebSite\",\"@id\":\"https:\/\/sabado100.com.ar\/es-ar\/#website\",\"url\":\"https:\/\/sabado100.com.ar\/es-ar\/\",\"name\":\"Sabado 100\",\"description\":\"\",\"publisher\":{\"@id\":\"https:\/\/sabado100.com.ar\/es-ar\/#organization\"},\"potentialAction\":[{\"@type\":\"SearchAction\",\"target\":{\"@type\":\"EntryPoint\",\"urlTemplate\":\"https:\/\/sabado100.com.ar\/es-ar\/?s={search_term_string}\"},\"query-input\":\"required name=search_term_string\"}],\"inLanguage\":\"es\"},{\"@type\":\"Organization\",\"@id\":\"https:\/\/sabado100.com.ar\/es-ar\/#organization\",\"name\":\"Sabado 100\",\"url\":\"https:\/\/sabado100.com.ar\/es-ar\/\",\"logo\":{\"@type\":\"ImageObject\",\"inLanguage\":\"es\",\"@id\":\"https:\/\/sabado100.com.ar\/es-ar\/#\/schema\/logo\/image\/\",\"url\":\"https:\/\/sabado100.com.ar\/es-ar\/wp-content\/uploads\/2024\/04\/logo3.jpg\",\"contentUrl\":\"https:\/\/sabado100.com.ar\/es-ar\/wp-content\/uploads\/2024\/04\/logo3.jpg\",\"width\":300,\"height\":174,\"caption\":\"Sabado 100\"},\"image\":{\"@id\":\"https:\/\/sabado100.com.ar\/es-ar\/#\/schema\/logo\/image\/\"},\"sameAs\":[\"https:\/\/www.facebook.com\/sabadocien\/\",\"https:\/\/www.instagram.com\/sabado100.com.ar\/\",\"https:\/\/www.youtube.com\/@sabado1003\"]},{\"@type\":\"Person\",\"@id\":\"https:\/\/sabado100.com.ar\/es-ar\/#\/schema\/person\/58e38b918ef4e44b11398f25d4684c6d\",\"name\":\"sabado cien\",\"image\":{\"@type\":\"ImageObject\",\"inLanguage\":\"es\",\"@id\":\"https:\/\/sabado100.com.ar\/es-ar\/#\/schema\/person\/image\/\",\"url\":\"https:\/\/sabado100.com.ar\/es-ar\/wp-content\/litespeed\/avatar\/484bccfbd493fbb703b0f1b8113dad61.jpg?ver=1787731622\",\"contentUrl\":\"https:\/\/sabado100.com.ar\/es-ar\/wp-content\/litespeed\/avatar\/484bccfbd493fbb703b0f1b8113dad61.jpg?ver=1787731622\",\"caption\":\"sabado cien\"},\"url\":\"https:\/\/sabado100.com.ar\/es-ar\/author\/sabado100\/\"}]}<\/script>\n<!-- \/ Yoast SEO plugin. -->","yoast_head_json":{"title":"Bety Dom\u00ednguez: parti\u00f3 un referente del b\u00e1squet femenino - Sabado 100","robots":{"index":"index","follow":"follow","max-snippet":"max-snippet:-1","max-image-preview":"max-image-preview:large","max-video-preview":"max-video-preview:-1"},"canonical":"https:\/\/sabado100.com.ar\/es-ar\/bety-dominguez-partio-un-referente-del-basquet-femenino\/","og_locale":"es_ES","og_type":"article","og_title":"Bety Dom\u00ednguez: parti\u00f3 un referente del b\u00e1squet femenino - Sabado 100","og_description":"Por Emilio Grande (h.).- Hace unos d\u00edas me cont\u00f3 consternado Enzo Gunzinger que hab\u00eda fallecido Bety Dom\u00ednguez en los primeros [&hellip;]","og_url":"https:\/\/sabado100.com.ar\/es-ar\/bety-dominguez-partio-un-referente-del-basquet-femenino\/","og_site_name":"Sabado 100","article_publisher":"https:\/\/www.facebook.com\/sabadocien\/","article_published_time":"2015-02-17T13:21:13+00:00","author":"sabado cien","twitter_card":"summary_large_image","twitter_misc":{"Escrito por":"sabado cien","Tiempo de lectura":"4 minutos"},"schema":{"@context":"https:\/\/schema.org","@graph":[{"@type":"Article","@id":"https:\/\/sabado100.com.ar\/es-ar\/bety-dominguez-partio-un-referente-del-basquet-femenino\/#article","isPartOf":{"@id":"https:\/\/sabado100.com.ar\/es-ar\/bety-dominguez-partio-un-referente-del-basquet-femenino\/"},"author":{"name":"sabado cien","@id":"https:\/\/sabado100.com.ar\/es-ar\/#\/schema\/person\/58e38b918ef4e44b11398f25d4684c6d"},"headline":"Bety Dom\u00ednguez: parti\u00f3 un referente del b\u00e1squet femenino","datePublished":"2015-02-17T13:21:13+00:00","dateModified":"2015-02-17T13:21:13+00:00","mainEntityOfPage":{"@id":"https:\/\/sabado100.com.ar\/es-ar\/bety-dominguez-partio-un-referente-del-basquet-femenino\/"},"wordCount":739,"commentCount":0,"publisher":{"@id":"https:\/\/sabado100.com.ar\/es-ar\/#organization"},"keywords":["muri\u00f3 Bety Dom\u00ednguez"],"articleSection":["Deportes"],"inLanguage":"es","potentialAction":[{"@type":"CommentAction","name":"Comment","target":["https:\/\/sabado100.com.ar\/es-ar\/bety-dominguez-partio-un-referente-del-basquet-femenino\/#respond"]}]},{"@type":"WebPage","@id":"https:\/\/sabado100.com.ar\/es-ar\/bety-dominguez-partio-un-referente-del-basquet-femenino\/","url":"https:\/\/sabado100.com.ar\/es-ar\/bety-dominguez-partio-un-referente-del-basquet-femenino\/","name":"Bety Dom\u00ednguez: parti\u00f3 un referente del b\u00e1squet femenino - Sabado 100","isPartOf":{"@id":"https:\/\/sabado100.com.ar\/es-ar\/#website"},"datePublished":"2015-02-17T13:21:13+00:00","dateModified":"2015-02-17T13:21:13+00:00","breadcrumb":{"@id":"https:\/\/sabado100.com.ar\/es-ar\/bety-dominguez-partio-un-referente-del-basquet-femenino\/#breadcrumb"},"inLanguage":"es","potentialAction":[{"@type":"ReadAction","target":["https:\/\/sabado100.com.ar\/es-ar\/bety-dominguez-partio-un-referente-del-basquet-femenino\/"]}]},{"@type":"BreadcrumbList","@id":"https:\/\/sabado100.com.ar\/es-ar\/bety-dominguez-partio-un-referente-del-basquet-femenino\/#breadcrumb","itemListElement":[{"@type":"ListItem","position":1,"name":"Portada","item":"https:\/\/sabado100.com.ar\/es-ar\/"},{"@type":"ListItem","position":2,"name":"Bety Dom\u00ednguez: parti\u00f3 un referente del b\u00e1squet femenino"}]},{"@type":"WebSite","@id":"https:\/\/sabado100.com.ar\/es-ar\/#website","url":"https:\/\/sabado100.com.ar\/es-ar\/","name":"Sabado 100","description":"","publisher":{"@id":"https:\/\/sabado100.com.ar\/es-ar\/#organization"},"potentialAction":[{"@type":"SearchAction","target":{"@type":"EntryPoint","urlTemplate":"https:\/\/sabado100.com.ar\/es-ar\/?s={search_term_string}"},"query-input":"required name=search_term_string"}],"inLanguage":"es"},{"@type":"Organization","@id":"https:\/\/sabado100.com.ar\/es-ar\/#organization","name":"Sabado 100","url":"https:\/\/sabado100.com.ar\/es-ar\/","logo":{"@type":"ImageObject","inLanguage":"es","@id":"https:\/\/sabado100.com.ar\/es-ar\/#\/schema\/logo\/image\/","url":"https:\/\/sabado100.com.ar\/es-ar\/wp-content\/uploads\/2024\/04\/logo3.jpg","contentUrl":"https:\/\/sabado100.com.ar\/es-ar\/wp-content\/uploads\/2024\/04\/logo3.jpg","width":300,"height":174,"caption":"Sabado 100"},"image":{"@id":"https:\/\/sabado100.com.ar\/es-ar\/#\/schema\/logo\/image\/"},"sameAs":["https:\/\/www.facebook.com\/sabadocien\/","https:\/\/www.instagram.com\/sabado100.com.ar\/","https:\/\/www.youtube.com\/@sabado1003"]},{"@type":"Person","@id":"https:\/\/sabado100.com.ar\/es-ar\/#\/schema\/person\/58e38b918ef4e44b11398f25d4684c6d","name":"sabado cien","image":{"@type":"ImageObject","inLanguage":"es","@id":"https:\/\/sabado100.com.ar\/es-ar\/#\/schema\/person\/image\/","url":"https:\/\/sabado100.com.ar\/es-ar\/wp-content\/litespeed\/avatar\/484bccfbd493fbb703b0f1b8113dad61.jpg?ver=1787731622","contentUrl":"https:\/\/sabado100.com.ar\/es-ar\/wp-content\/litespeed\/avatar\/484bccfbd493fbb703b0f1b8113dad61.jpg?ver=1787731622","caption":"sabado cien"},"url":"https:\/\/sabado100.com.ar\/es-ar\/author\/sabado100\/"}]}},"_links":{"self":[{"href":"https:\/\/sabado100.com.ar\/es-ar\/wp-json\/wp\/v2\/posts\/3983","targetHints":{"allow":["GET"]}}],"collection":[{"href":"https:\/\/sabado100.com.ar\/es-ar\/wp-json\/wp\/v2\/posts"}],"about":[{"href":"https:\/\/sabado100.com.ar\/es-ar\/wp-json\/wp\/v2\/types\/post"}],"author":[{"embeddable":true,"href":"https:\/\/sabado100.com.ar\/es-ar\/wp-json\/wp\/v2\/users\/2"}],"replies":[{"embeddable":true,"href":"https:\/\/sabado100.com.ar\/es-ar\/wp-json\/wp\/v2\/comments?post=3983"}],"version-history":[{"count":0,"href":"https:\/\/sabado100.com.ar\/es-ar\/wp-json\/wp\/v2\/posts\/3983\/revisions"}],"wp:attachment":[{"href":"https:\/\/sabado100.com.ar\/es-ar\/wp-json\/wp\/v2\/media?parent=3983"}],"wp:term":[{"taxonomy":"category","embeddable":true,"href":"https:\/\/sabado100.com.ar\/es-ar\/wp-json\/wp\/v2\/categories?post=3983"},{"taxonomy":"post_tag","embeddable":true,"href":"https:\/\/sabado100.com.ar\/es-ar\/wp-json\/wp\/v2\/tags?post=3983"}],"curies":[{"name":"wp","href":"https:\/\/api.w.org\/{rel}","templated":true}]}}