{"id":39829,"date":"2026-09-02T02:49:58","date_gmt":"2026-09-02T02:49:58","guid":{"rendered":"https:\/\/sabado100.com.ar\/es-ar\/?p=39829"},"modified":"2026-09-02T02:49:59","modified_gmt":"2026-09-02T02:49:59","slug":"proyectan-empresas-rafaelinas-hacia-vaca-muerta-y-crean-la-mesa-de-gas-petroleo-y-mineria-local","status":"publish","type":"post","link":"https:\/\/sabado100.com.ar\/es-ar\/proyectan-empresas-rafaelinas-hacia-vaca-muerta-y-crean-la-mesa-de-gas-petroleo-y-mineria-local\/","title":{"rendered":"Proyectan empresas rafaelinas hacia Vaca Muerta y crean la mesa de gas, petr\u00f3leo y miner\u00eda local"},"content":{"rendered":"\n<p class=\"wp-block-paragraph\">La Municipalidad de Rafaela y el Centro Comercial e Industrial de Rafaela y la Regi\u00f3n (CCIRR) firmaron un Acuerdo Marco de Colaboraci\u00f3n Institucional para impulsar una agenda conjunta que permita vincular a empresas locales y regionales con las cadenas de valor del gas, petr\u00f3leo y miner\u00eda.<\/p>\n\n\n\n<p class=\"wp-block-paragraph\">El convenio fue rubricado por el intendente Leonardo Viotti y el presidente del CCIRR, Gabriel Corrado, con el objetivo de darle institucionalidad y continuidad a una estrategia de desarrollo productivo orientada a abrir nuevos mercados para las empresas de Rafaela y la regi\u00f3n.<\/p>\n\n\n\n<p class=\"wp-block-paragraph\">Acompa\u00f1aron la firma la secretaria de Desarrollo Econ\u00f3mico, Innovaci\u00f3n y Empleo, Patricia Imoberdorf; el coordinador de Planeamiento y Acci\u00f3n de Gobierno, Fernando Muriel; el presidente de la Comisi\u00f3n de Industrias del CCIRR, Mauricio Rizzotto; y la directora general del CCIRR, Tatiana Santori.<\/p>\n\n\n\n<p class=\"wp-block-paragraph\">\u201cRafaela va a Vaca Muerta en busca de m\u00e1s oportunidades. Ya tenemos empresas que est\u00e1n trabajando desde nuestra ciudad para asistir a todo lo que est\u00e1 pasando all\u00ed, pero queremos que sean muchas m\u00e1s. Por eso creamos esta mesa junto al Centro Comercial e Industrial: para abrir puertas, desarrollar nuevos negocios y generar m\u00e1s empleo para los rafaelinos\u201d, expres\u00f3 Viotti.<\/p>\n\n\n\n<p class=\"wp-block-paragraph\"><strong>Federalizaci\u00f3n de la mesa provincial<\/strong><\/p>\n\n\n\n<p class=\"wp-block-paragraph\">El origen de esta iniciativa se remonta a junio, cuando Rafaela fue sede de una reuni\u00f3n de la Mesa Provincial de Gas, Petr\u00f3leo y Miner\u00eda.<\/p>\n\n\n\n<p class=\"wp-block-paragraph\">El encuentro tuvo una caracter\u00edstica especial: fue la primera vez que la Mesa sali\u00f3 de sus \u00e1mbitos habituales para desarrollar su agenda en el territorio, como parte de una estrategia destinada a federalizar el trabajo y acercar las oportunidades de estos sectores a los diferentes entramados productivos de Santa Fe.<\/p>\n\n\n\n<p class=\"wp-block-paragraph\">De aquella jornada participaron representantes de la Mesa Provincial, la Secretar\u00eda de Industria de Santa Fe, la Municipalidad de Rafaela, el CCIRR, ACDICAR, CENTEC y otros actores vinculados al desarrollo productivo, cient\u00edfico y tecnol\u00f3gico.<\/p>\n\n\n\n<p class=\"wp-block-paragraph\">El encuentro permiti\u00f3 visibilizar las capacidades industriales, tecnol\u00f3gicas y de servicios existentes en Rafaela y la regi\u00f3n. Tambi\u00e9n plante\u00f3 un desaf\u00edo concreto: transformar ese potencial en nuevas oportunidades comerciales para las empresas locales.<\/p>\n\n\n\n<p class=\"wp-block-paragraph\">A partir de all\u00ed surgi\u00f3 la decisi\u00f3n de avanzar en una estrategia propia que permita identificar empresas proveedoras y potenciales proveedoras, fortalecer sus capacidades y generar los v\u00ednculos necesarios para incorporarlas a las cadenas de valor del gas, petr\u00f3leo y miner\u00eda.<\/p>\n\n\n\n<p class=\"wp-block-paragraph\">\u201cLa articulaci\u00f3n p\u00fablico-privada siempre fue una fortaleza de Rafaela y lo sigue siendo. Tenemos mucho para ofrecer y queremos ser parte del desarrollo que est\u00e1 ocurriendo en nuestro pa\u00eds. Desde el Municipio vamos a liderar y acompa\u00f1ar este proceso junto al CCIRR, buscando oportunidades para nuestra gente y nuestras empresas\u201d, agreg\u00f3 el intendente.<\/p>\n\n\n\n<p class=\"wp-block-paragraph\">Por su parte, la secretaria de Desarrollo Econ\u00f3mico, Innovaci\u00f3n y Empleo, Patricia Imoberdorf, destac\u00f3 que la iniciativa responde a una necesidad concreta del entramado productivo.<\/p>\n\n\n\n<p class=\"wp-block-paragraph\">\u201cRafaela tiene empresas con conocimiento, tecnolog\u00eda, capacidad industrial y una enorme experiencia como proveedoras. El desaf\u00edo es generar puertas de entrada para que puedan acceder a nuevos mercados. Esta mesa surge justamente de esa necesidad: potenciar lo que ya tenemos y vincular nuestras empresas con cadenas de valor que est\u00e1n generando grandes oportunidades de inversi\u00f3n y crecimiento en el pa\u00eds\u201d, se\u00f1al\u00f3.<\/p>\n\n\n\n<p class=\"wp-block-paragraph\"><strong>Primera reuni\u00f3n el 22 de septiembre<\/strong><\/p>\n\n\n\n<p class=\"wp-block-paragraph\">La firma del acuerdo marca el comienzo de una nueva etapa. La primera reuni\u00f3n de la Mesa Local y Regional de Gas, Petr\u00f3leo y Miner\u00eda se realizar\u00e1 el 22 de septiembre, con la participaci\u00f3n de empresas proveedoras y potenciales proveedoras de Rafaela y la regi\u00f3n, instituciones y actores vinculados con estos sectores.<\/p>\n\n\n\n<p class=\"wp-block-paragraph\">Uno de los primeros objetivos ser\u00e1 construir informaci\u00f3n espec\u00edfica sobre la oferta productiva regional: identificar qu\u00e9 empresas ya trabajan para estas actividades, cu\u00e1les cuentan con potencial para hacerlo, qu\u00e9 productos y servicios pueden ofrecer y qu\u00e9 requisitos deben cumplir para incorporarse a estas cadenas de valor.<\/p>\n\n\n\n<p class=\"wp-block-paragraph\">\u201cQueremos una mesa orientada a resultados. Necesitamos conocer qu\u00e9 capacidades tenemos, qu\u00e9 demandan estos mercados y qu\u00e9 brechas debemos ayudar a superar. A partir de esa informaci\u00f3n podremos preparar a nuestras empresas y salir a buscar oportunidades concretas\u201d, explic\u00f3 Imoberdorf.<\/p>\n\n\n\n<p class=\"wp-block-paragraph\">La agenda incluir\u00e1 acciones de capacitaci\u00f3n y asistencia t\u00e9cnica, certificaciones y homologaciones, herramientas de financiamiento, rondas de negocios, encuentros B2B, visitas t\u00e9cnicas, misiones comerciales y participaci\u00f3n en ferias y eventos especializados.<\/p>\n\n\n\n<p class=\"wp-block-paragraph\">El prop\u00f3sito es acompa\u00f1ar a las empresas durante todo el proceso: desde la identificaci\u00f3n de sus capacidades y oportunidades de mejora hasta la vinculaci\u00f3n efectiva con operadoras, contratistas, grandes proveedores y potenciales compradores.<\/p>\n\n\n\n<p class=\"wp-block-paragraph\"><strong>Una misi\u00f3n a Vaca Muerta<\/strong><\/p>\n\n\n\n<p class=\"wp-block-paragraph\">Entre las primeras acciones estrat\u00e9gicas se encuentra la organizaci\u00f3n de una misi\u00f3n institucional y empresarial a Vaca Muerta.<\/p>\n\n\n\n<p class=\"wp-block-paragraph\">La iniciativa buscar\u00e1 que representantes institucionales y empresas de Rafaela y la regi\u00f3n puedan conocer directamente uno de los principales polos de inversi\u00f3n y desarrollo productivo del pa\u00eds, generar contactos, detectar demandas y presentar las capacidades productivas existentes en el territorio.<\/p>\n\n\n\n<p class=\"wp-block-paragraph\">\u201cVamos a ir f\u00edsicamente a Vaca Muerta y a conformar un grupo de empresas, aprovechando tambi\u00e9n la experiencia de aquellas que ya han recorrido ese camino. Queremos llevar esta posibilidad a nuevas empresas industriales, comerciales y de servicios\u201d, sostuvo Viotti.<\/p>\n\n\n\n<p class=\"wp-block-paragraph\">La agenda estar\u00e1 orientada a establecer v\u00ednculos con organismos e instituciones de Neuqu\u00e9n y con actores centrales de la cadena de valor. Tambi\u00e9n permitir\u00e1 conocer de primera mano los requisitos t\u00e9cnicos, certificaciones, procesos de homologaci\u00f3n y est\u00e1ndares que deben cumplir las empresas interesadas en convertirse en proveedoras.<\/p>\n\n\n\n<p class=\"wp-block-paragraph\">\u201cNo se trata solamente de realizar una visita institucional. Queremos reunirnos con quienes compran y contratan, conocer qu\u00e9 necesitan y mostrar todo lo que Rafaela y nuestra regi\u00f3n tienen para ofrecer\u201d, afirm\u00f3 el intendente.<\/p>\n\n\n\n<p class=\"wp-block-paragraph\">Imoberdorf agreg\u00f3 que el papel del Estado ser\u00e1 facilitar esos acercamientos y generar las condiciones necesarias para que posteriormente puedan convertirse en acuerdos comerciales.<\/p>\n\n\n\n<p class=\"wp-block-paragraph\">\u201cEl rol del Estado es facilitar, abrir puertas y generar condiciones. Despu\u00e9s son nuestras empresas las que producen, invierten, hacen negocios y generan empleo. Por eso queremos construir v\u00ednculos que puedan transformarse en oportunidades comerciales concretas\u201d, indic\u00f3.<\/p>\n\n\n\n<p class=\"wp-block-paragraph\"><strong>Estrategia p\u00fablico-privada<\/strong><\/p>\n\n\n\n<p class=\"wp-block-paragraph\">El Acuerdo Marco establece que la Municipalidad de Rafaela y el CCIRR tendr\u00e1n a su cargo la conducci\u00f3n institucional y estrat\u00e9gica de la iniciativa, mientras que ACDICAR llevar\u00e1 adelante la gesti\u00f3n t\u00e9cnica y operativa.<\/p>\n\n\n\n<p class=\"wp-block-paragraph\">El trabajo tambi\u00e9n contemplar\u00e1 la articulaci\u00f3n con INTI Rafaela, organismos provinciales, instituciones cient\u00edfico-tecnol\u00f3gicas y otros actores vinculados con el desarrollo productivo.<\/p>\n\n\n\n<p class=\"wp-block-paragraph\">El objetivo es consolidar una metodolog\u00eda de trabajo sostenida que permita acompa\u00f1ar a las empresas desde la identificaci\u00f3n inicial de oportunidades hasta su vinculaci\u00f3n efectiva con potenciales clientes.<\/p>\n\n\n\n<p class=\"wp-block-paragraph\">\u201cTenemos un entramado productivo con una enorme capacidad. Ahora debemos conectarlo con las oportunidades que est\u00e1n apareciendo en sectores estrat\u00e9gicos. El resultado que buscamos es concreto: m\u00e1s empresas de Rafaela y la regi\u00f3n accediendo a nuevos mercados, generando negocios, aumentando su producci\u00f3n y creando empleo\u201d, concluy\u00f3 Imoberdorf.<\/p>\n\n\n\n<p class=\"wp-block-paragraph\">Con este acuerdo, Rafaela busca dar un nuevo paso en su estrategia de desarrollo econ\u00f3mico: partir de las capacidades existentes en el territorio, fortalecerlas y proyectarlas hacia nuevas cadenas de valor estrat\u00e9gicas para el crecimiento del pa\u00eds.<\/p>\n\n\n\n<p class=\"wp-block-paragraph\"><\/p>\n","protected":false},"excerpt":{"rendered":"<p> Viotti y Corrado firmaron un acuerdo marco de colaboraci\u00f3n institucional para potenciar las capacidades productivas de Rafaela y generar nuevas oportunidades de negocios y empleo. La primera reuni\u00f3n de la mesa local y regional se realizar\u00e1 el 22 de septiembre.<\/p>\n","protected":false},"author":1,"featured_media":39830,"comment_status":"open","ping_status":"open","sticky":false,"template":"","format":"standard","meta":{"site-sidebar-layout":"default","site-content-layout":"","ast-site-content-layout":"default","site-content-style":"default","site-sidebar-style":"default","ast-global-header-display":"","ast-banner-title-visibility":"","ast-main-header-display":"","ast-hfb-above-header-display":"","ast-hfb-below-header-display":"","ast-hfb-mobile-header-display":"","site-post-title":"","ast-breadcrumbs-content":"","ast-featured-img":"","footer-sml-layout":"","ast-disable-related-posts":"","theme-transparent-header-meta":"","adv-header-id-meta":"","stick-header-meta":"","header-above-stick-meta":"","header-main-stick-meta":"","header-below-stick-meta":"","astra-migrate-meta-layouts":"default","ast-page-background-enabled":"default","ast-page-background-meta":{"desktop":{"background-color":"var(--ast-global-color-4)","background-image":"","background-repeat":"repeat","background-position":"center center","background-size":"auto","background-attachment":"scroll","background-type":"","background-media":"","overlay-type":"","overlay-color":"","overlay-opacity":"","overlay-gradient":""},"tablet":{"background-color":"","background-image":"","background-repeat":"repeat","background-position":"center center","background-size":"auto","background-attachment":"scroll","background-type":"","background-media":"","overlay-type":"","overlay-color":"","overlay-opacity":"","overlay-gradient":""},"mobile":{"background-color":"","background-image":"","background-repeat":"repeat","background-position":"center center","background-size":"auto","background-attachment":"scroll","background-type":"","background-media":"","overlay-type":"","overlay-color":"","overlay-opacity":"","overlay-gradient":""}},"ast-content-background-meta":{"desktop":{"background-color":"var(--ast-global-color-5)","background-image":"","background-repeat":"repeat","background-position":"center center","background-size":"auto","background-attachment":"scroll","background-type":"","background-media":"","overlay-type":"","overlay-color":"","overlay-opacity":"","overlay-gradient":""},"tablet":{"background-color":"var(--ast-global-color-5)","background-image":"","background-repeat":"repeat","background-position":"center center","background-size":"auto","background-attachment":"scroll","background-type":"","background-media":"","overlay-type":"","overlay-color":"","overlay-opacity":"","overlay-gradient":""},"mobile":{"background-color":"var(--ast-global-color-5)","background-image":"","background-repeat":"repeat","background-position":"center center","background-size":"auto","background-attachment":"scroll","background-type":"","background-media":"","overlay-type":"","overlay-color":"","overlay-opacity":"","overlay-gradient":""}},"footnotes":""},"categories":[23],"tags":[9366,9365],"class_list":["post-39829","post","type-post","status-publish","format-standard","has-post-thumbnail","hentry","category-economia","tag-petroleo-y-mineria-local","tag-proyectan-empresas-rafaelinas-hacia-vaca-muerta-y-crean-la-mesa-de-gas"],"yoast_head":"<!-- This site is optimized with the Yoast SEO plugin v23.2 - https:\/\/yoast.com\/wordpress\/plugins\/seo\/ -->\n<title>Proyectan empresas rafaelinas hacia Vaca Muerta y crean la mesa de gas, petr\u00f3leo y miner\u00eda local - Sabado 100<\/title>\n<meta name=\"robots\" content=\"index, follow, max-snippet:-1, max-image-preview:large, max-video-preview:-1\" \/>\n<link rel=\"canonical\" href=\"https:\/\/sabado100.com.ar\/es-ar\/proyectan-empresas-rafaelinas-hacia-vaca-muerta-y-crean-la-mesa-de-gas-petroleo-y-mineria-local\/\" \/>\n<meta property=\"og:locale\" content=\"es_ES\" \/>\n<meta property=\"og:type\" content=\"article\" \/>\n<meta property=\"og:title\" content=\"Proyectan empresas rafaelinas hacia Vaca Muerta y crean la mesa de gas, petr\u00f3leo y miner\u00eda local - Sabado 100\" \/>\n<meta property=\"og:description\" content=\"Viotti y Corrado firmaron un acuerdo marco de colaboraci\u00f3n institucional para potenciar las capacidades productivas de Rafaela y generar nuevas oportunidades de negocios y empleo. La primera reuni\u00f3n de la mesa local y regional se realizar\u00e1 el 22 de septiembre.\" \/>\n<meta property=\"og:url\" content=\"https:\/\/sabado100.com.ar\/es-ar\/proyectan-empresas-rafaelinas-hacia-vaca-muerta-y-crean-la-mesa-de-gas-petroleo-y-mineria-local\/\" \/>\n<meta property=\"og:site_name\" content=\"Sabado 100\" \/>\n<meta property=\"article:publisher\" content=\"https:\/\/www.facebook.com\/sabadocien\/\" \/>\n<meta property=\"article:published_time\" content=\"2026-09-02T02:49:58+00:00\" \/>\n<meta property=\"article:modified_time\" content=\"2026-09-02T02:49:59+00:00\" \/>\n<meta property=\"og:image\" content=\"https:\/\/sabado100.com.ar\/es-ar\/wp-content\/uploads\/2026\/09\/WhatsApp-Image-2026-09-01-at-19.48.29.jpeg\" \/>\n\t<meta property=\"og:image:width\" content=\"1200\" \/>\n\t<meta property=\"og:image:height\" content=\"795\" \/>\n\t<meta property=\"og:image:type\" content=\"image\/jpeg\" \/>\n<meta name=\"author\" content=\"admin\" \/>\n<meta name=\"twitter:card\" content=\"summary_large_image\" \/>\n<meta name=\"twitter:label1\" content=\"Escrito por\" \/>\n\t<meta name=\"twitter:data1\" content=\"admin\" \/>\n\t<meta name=\"twitter:label2\" content=\"Tiempo de lectura\" \/>\n\t<meta name=\"twitter:data2\" content=\"6 minutos\" \/>\n<script type=\"application\/ld+json\" class=\"yoast-schema-graph\">{\"@context\":\"https:\/\/schema.org\",\"@graph\":[{\"@type\":\"Article\",\"@id\":\"https:\/\/sabado100.com.ar\/es-ar\/proyectan-empresas-rafaelinas-hacia-vaca-muerta-y-crean-la-mesa-de-gas-petroleo-y-mineria-local\/#article\",\"isPartOf\":{\"@id\":\"https:\/\/sabado100.com.ar\/es-ar\/proyectan-empresas-rafaelinas-hacia-vaca-muerta-y-crean-la-mesa-de-gas-petroleo-y-mineria-local\/\"},\"author\":{\"name\":\"admin\",\"@id\":\"https:\/\/sabado100.com.ar\/es-ar\/#\/schema\/person\/0a9d576d4c50f5ee5c774c01644c2bf5\"},\"headline\":\"Proyectan empresas rafaelinas hacia Vaca Muerta y crean la mesa de gas, petr\u00f3leo y miner\u00eda local\",\"datePublished\":\"2026-09-02T02:49:58+00:00\",\"dateModified\":\"2026-09-02T02:49:59+00:00\",\"mainEntityOfPage\":{\"@id\":\"https:\/\/sabado100.com.ar\/es-ar\/proyectan-empresas-rafaelinas-hacia-vaca-muerta-y-crean-la-mesa-de-gas-petroleo-y-mineria-local\/\"},\"wordCount\":1258,\"commentCount\":0,\"publisher\":{\"@id\":\"https:\/\/sabado100.com.ar\/es-ar\/#organization\"},\"image\":{\"@id\":\"https:\/\/sabado100.com.ar\/es-ar\/proyectan-empresas-rafaelinas-hacia-vaca-muerta-y-crean-la-mesa-de-gas-petroleo-y-mineria-local\/#primaryimage\"},\"thumbnailUrl\":\"https:\/\/sabado100.com.ar\/es-ar\/wp-content\/uploads\/2026\/09\/WhatsApp-Image-2026-09-01-at-19.48.29.jpeg\",\"keywords\":[\"petr\u00f3leo y miner\u00eda local\",\"Proyectan empresas rafaelinas hacia Vaca Muerta y crean la mesa de gas\"],\"articleSection\":[\"Econom\u00eda\"],\"inLanguage\":\"es\",\"potentialAction\":[{\"@type\":\"CommentAction\",\"name\":\"Comment\",\"target\":[\"https:\/\/sabado100.com.ar\/es-ar\/proyectan-empresas-rafaelinas-hacia-vaca-muerta-y-crean-la-mesa-de-gas-petroleo-y-mineria-local\/#respond\"]}]},{\"@type\":\"WebPage\",\"@id\":\"https:\/\/sabado100.com.ar\/es-ar\/proyectan-empresas-rafaelinas-hacia-vaca-muerta-y-crean-la-mesa-de-gas-petroleo-y-mineria-local\/\",\"url\":\"https:\/\/sabado100.com.ar\/es-ar\/proyectan-empresas-rafaelinas-hacia-vaca-muerta-y-crean-la-mesa-de-gas-petroleo-y-mineria-local\/\",\"name\":\"Proyectan empresas rafaelinas hacia Vaca Muerta y crean la mesa de gas, petr\u00f3leo y miner\u00eda local - Sabado 100\",\"isPartOf\":{\"@id\":\"https:\/\/sabado100.com.ar\/es-ar\/#website\"},\"primaryImageOfPage\":{\"@id\":\"https:\/\/sabado100.com.ar\/es-ar\/proyectan-empresas-rafaelinas-hacia-vaca-muerta-y-crean-la-mesa-de-gas-petroleo-y-mineria-local\/#primaryimage\"},\"image\":{\"@id\":\"https:\/\/sabado100.com.ar\/es-ar\/proyectan-empresas-rafaelinas-hacia-vaca-muerta-y-crean-la-mesa-de-gas-petroleo-y-mineria-local\/#primaryimage\"},\"thumbnailUrl\":\"https:\/\/sabado100.com.ar\/es-ar\/wp-content\/uploads\/2026\/09\/WhatsApp-Image-2026-09-01-at-19.48.29.jpeg\",\"datePublished\":\"2026-09-02T02:49:58+00:00\",\"dateModified\":\"2026-09-02T02:49:59+00:00\",\"breadcrumb\":{\"@id\":\"https:\/\/sabado100.com.ar\/es-ar\/proyectan-empresas-rafaelinas-hacia-vaca-muerta-y-crean-la-mesa-de-gas-petroleo-y-mineria-local\/#breadcrumb\"},\"inLanguage\":\"es\",\"potentialAction\":[{\"@type\":\"ReadAction\",\"target\":[\"https:\/\/sabado100.com.ar\/es-ar\/proyectan-empresas-rafaelinas-hacia-vaca-muerta-y-crean-la-mesa-de-gas-petroleo-y-mineria-local\/\"]}]},{\"@type\":\"ImageObject\",\"inLanguage\":\"es\",\"@id\":\"https:\/\/sabado100.com.ar\/es-ar\/proyectan-empresas-rafaelinas-hacia-vaca-muerta-y-crean-la-mesa-de-gas-petroleo-y-mineria-local\/#primaryimage\",\"url\":\"https:\/\/sabado100.com.ar\/es-ar\/wp-content\/uploads\/2026\/09\/WhatsApp-Image-2026-09-01-at-19.48.29.jpeg\",\"contentUrl\":\"https:\/\/sabado100.com.ar\/es-ar\/wp-content\/uploads\/2026\/09\/WhatsApp-Image-2026-09-01-at-19.48.29.jpeg\",\"width\":1200,\"height\":795},{\"@type\":\"BreadcrumbList\",\"@id\":\"https:\/\/sabado100.com.ar\/es-ar\/proyectan-empresas-rafaelinas-hacia-vaca-muerta-y-crean-la-mesa-de-gas-petroleo-y-mineria-local\/#breadcrumb\",\"itemListElement\":[{\"@type\":\"ListItem\",\"position\":1,\"name\":\"Portada\",\"item\":\"https:\/\/sabado100.com.ar\/es-ar\/\"},{\"@type\":\"ListItem\",\"position\":2,\"name\":\"Proyectan empresas rafaelinas hacia Vaca Muerta y crean la mesa de gas, petr\u00f3leo y miner\u00eda local\"}]},{\"@type\":\"WebSite\",\"@id\":\"https:\/\/sabado100.com.ar\/es-ar\/#website\",\"url\":\"https:\/\/sabado100.com.ar\/es-ar\/\",\"name\":\"Sabado 100\",\"description\":\"\",\"publisher\":{\"@id\":\"https:\/\/sabado100.com.ar\/es-ar\/#organization\"},\"potentialAction\":[{\"@type\":\"SearchAction\",\"target\":{\"@type\":\"EntryPoint\",\"urlTemplate\":\"https:\/\/sabado100.com.ar\/es-ar\/?s={search_term_string}\"},\"query-input\":\"required name=search_term_string\"}],\"inLanguage\":\"es\"},{\"@type\":\"Organization\",\"@id\":\"https:\/\/sabado100.com.ar\/es-ar\/#organization\",\"name\":\"Sabado 100\",\"url\":\"https:\/\/sabado100.com.ar\/es-ar\/\",\"logo\":{\"@type\":\"ImageObject\",\"inLanguage\":\"es\",\"@id\":\"https:\/\/sabado100.com.ar\/es-ar\/#\/schema\/logo\/image\/\",\"url\":\"https:\/\/sabado100.com.ar\/es-ar\/wp-content\/uploads\/2024\/04\/logo3.jpg\",\"contentUrl\":\"https:\/\/sabado100.com.ar\/es-ar\/wp-content\/uploads\/2024\/04\/logo3.jpg\",\"width\":300,\"height\":174,\"caption\":\"Sabado 100\"},\"image\":{\"@id\":\"https:\/\/sabado100.com.ar\/es-ar\/#\/schema\/logo\/image\/\"},\"sameAs\":[\"https:\/\/www.facebook.com\/sabadocien\/\",\"https:\/\/www.instagram.com\/sabado100.com.ar\/\",\"https:\/\/www.youtube.com\/@sabado1003\"]},{\"@type\":\"Person\",\"@id\":\"https:\/\/sabado100.com.ar\/es-ar\/#\/schema\/person\/0a9d576d4c50f5ee5c774c01644c2bf5\",\"name\":\"admin\",\"image\":{\"@type\":\"ImageObject\",\"inLanguage\":\"es\",\"@id\":\"https:\/\/sabado100.com.ar\/es-ar\/#\/schema\/person\/image\/\",\"url\":\"https:\/\/sabado100.com.ar\/es-ar\/wp-content\/litespeed\/avatar\/4011a1aa10f57cda77b281e34885822b.jpg?ver=1787726386\",\"contentUrl\":\"https:\/\/sabado100.com.ar\/es-ar\/wp-content\/litespeed\/avatar\/4011a1aa10f57cda77b281e34885822b.jpg?ver=1787726386\",\"caption\":\"admin\"},\"sameAs\":[\"https:\/\/sabado100.com.ar\/es-ar\"],\"url\":\"https:\/\/sabado100.com.ar\/es-ar\/author\/s100\/\"}]}<\/script>\n<!-- \/ Yoast SEO plugin. -->","yoast_head_json":{"title":"Proyectan empresas rafaelinas hacia Vaca Muerta y crean la mesa de gas, petr\u00f3leo y miner\u00eda local - Sabado 100","robots":{"index":"index","follow":"follow","max-snippet":"max-snippet:-1","max-image-preview":"max-image-preview:large","max-video-preview":"max-video-preview:-1"},"canonical":"https:\/\/sabado100.com.ar\/es-ar\/proyectan-empresas-rafaelinas-hacia-vaca-muerta-y-crean-la-mesa-de-gas-petroleo-y-mineria-local\/","og_locale":"es_ES","og_type":"article","og_title":"Proyectan empresas rafaelinas hacia Vaca Muerta y crean la mesa de gas, petr\u00f3leo y miner\u00eda local - Sabado 100","og_description":"Viotti y Corrado firmaron un acuerdo marco de colaboraci\u00f3n institucional para potenciar las capacidades productivas de Rafaela y generar nuevas oportunidades de negocios y empleo. La primera reuni\u00f3n de la mesa local y regional se realizar\u00e1 el 22 de septiembre.","og_url":"https:\/\/sabado100.com.ar\/es-ar\/proyectan-empresas-rafaelinas-hacia-vaca-muerta-y-crean-la-mesa-de-gas-petroleo-y-mineria-local\/","og_site_name":"Sabado 100","article_publisher":"https:\/\/www.facebook.com\/sabadocien\/","article_published_time":"2026-09-02T02:49:58+00:00","article_modified_time":"2026-09-02T02:49:59+00:00","og_image":[{"width":1200,"height":795,"url":"https:\/\/sabado100.com.ar\/es-ar\/wp-content\/uploads\/2026\/09\/WhatsApp-Image-2026-09-01-at-19.48.29.jpeg","type":"image\/jpeg"}],"author":"admin","twitter_card":"summary_large_image","twitter_misc":{"Escrito por":"admin","Tiempo de lectura":"6 minutos"},"schema":{"@context":"https:\/\/schema.org","@graph":[{"@type":"Article","@id":"https:\/\/sabado100.com.ar\/es-ar\/proyectan-empresas-rafaelinas-hacia-vaca-muerta-y-crean-la-mesa-de-gas-petroleo-y-mineria-local\/#article","isPartOf":{"@id":"https:\/\/sabado100.com.ar\/es-ar\/proyectan-empresas-rafaelinas-hacia-vaca-muerta-y-crean-la-mesa-de-gas-petroleo-y-mineria-local\/"},"author":{"name":"admin","@id":"https:\/\/sabado100.com.ar\/es-ar\/#\/schema\/person\/0a9d576d4c50f5ee5c774c01644c2bf5"},"headline":"Proyectan empresas rafaelinas hacia Vaca Muerta y crean la mesa de gas, petr\u00f3leo y miner\u00eda local","datePublished":"2026-09-02T02:49:58+00:00","dateModified":"2026-09-02T02:49:59+00:00","mainEntityOfPage":{"@id":"https:\/\/sabado100.com.ar\/es-ar\/proyectan-empresas-rafaelinas-hacia-vaca-muerta-y-crean-la-mesa-de-gas-petroleo-y-mineria-local\/"},"wordCount":1258,"commentCount":0,"publisher":{"@id":"https:\/\/sabado100.com.ar\/es-ar\/#organization"},"image":{"@id":"https:\/\/sabado100.com.ar\/es-ar\/proyectan-empresas-rafaelinas-hacia-vaca-muerta-y-crean-la-mesa-de-gas-petroleo-y-mineria-local\/#primaryimage"},"thumbnailUrl":"https:\/\/sabado100.com.ar\/es-ar\/wp-content\/uploads\/2026\/09\/WhatsApp-Image-2026-09-01-at-19.48.29.jpeg","keywords":["petr\u00f3leo y miner\u00eda local","Proyectan empresas rafaelinas hacia Vaca Muerta y crean la mesa de gas"],"articleSection":["Econom\u00eda"],"inLanguage":"es","potentialAction":[{"@type":"CommentAction","name":"Comment","target":["https:\/\/sabado100.com.ar\/es-ar\/proyectan-empresas-rafaelinas-hacia-vaca-muerta-y-crean-la-mesa-de-gas-petroleo-y-mineria-local\/#respond"]}]},{"@type":"WebPage","@id":"https:\/\/sabado100.com.ar\/es-ar\/proyectan-empresas-rafaelinas-hacia-vaca-muerta-y-crean-la-mesa-de-gas-petroleo-y-mineria-local\/","url":"https:\/\/sabado100.com.ar\/es-ar\/proyectan-empresas-rafaelinas-hacia-vaca-muerta-y-crean-la-mesa-de-gas-petroleo-y-mineria-local\/","name":"Proyectan empresas rafaelinas hacia Vaca Muerta y crean la mesa de gas, petr\u00f3leo y miner\u00eda local - Sabado 100","isPartOf":{"@id":"https:\/\/sabado100.com.ar\/es-ar\/#website"},"primaryImageOfPage":{"@id":"https:\/\/sabado100.com.ar\/es-ar\/proyectan-empresas-rafaelinas-hacia-vaca-muerta-y-crean-la-mesa-de-gas-petroleo-y-mineria-local\/#primaryimage"},"image":{"@id":"https:\/\/sabado100.com.ar\/es-ar\/proyectan-empresas-rafaelinas-hacia-vaca-muerta-y-crean-la-mesa-de-gas-petroleo-y-mineria-local\/#primaryimage"},"thumbnailUrl":"https:\/\/sabado100.com.ar\/es-ar\/wp-content\/uploads\/2026\/09\/WhatsApp-Image-2026-09-01-at-19.48.29.jpeg","datePublished":"2026-09-02T02:49:58+00:00","dateModified":"2026-09-02T02:49:59+00:00","breadcrumb":{"@id":"https:\/\/sabado100.com.ar\/es-ar\/proyectan-empresas-rafaelinas-hacia-vaca-muerta-y-crean-la-mesa-de-gas-petroleo-y-mineria-local\/#breadcrumb"},"inLanguage":"es","potentialAction":[{"@type":"ReadAction","target":["https:\/\/sabado100.com.ar\/es-ar\/proyectan-empresas-rafaelinas-hacia-vaca-muerta-y-crean-la-mesa-de-gas-petroleo-y-mineria-local\/"]}]},{"@type":"ImageObject","inLanguage":"es","@id":"https:\/\/sabado100.com.ar\/es-ar\/proyectan-empresas-rafaelinas-hacia-vaca-muerta-y-crean-la-mesa-de-gas-petroleo-y-mineria-local\/#primaryimage","url":"https:\/\/sabado100.com.ar\/es-ar\/wp-content\/uploads\/2026\/09\/WhatsApp-Image-2026-09-01-at-19.48.29.jpeg","contentUrl":"https:\/\/sabado100.com.ar\/es-ar\/wp-content\/uploads\/2026\/09\/WhatsApp-Image-2026-09-01-at-19.48.29.jpeg","width":1200,"height":795},{"@type":"BreadcrumbList","@id":"https:\/\/sabado100.com.ar\/es-ar\/proyectan-empresas-rafaelinas-hacia-vaca-muerta-y-crean-la-mesa-de-gas-petroleo-y-mineria-local\/#breadcrumb","itemListElement":[{"@type":"ListItem","position":1,"name":"Portada","item":"https:\/\/sabado100.com.ar\/es-ar\/"},{"@type":"ListItem","position":2,"name":"Proyectan empresas rafaelinas hacia Vaca Muerta y crean la mesa de gas, petr\u00f3leo y miner\u00eda local"}]},{"@type":"WebSite","@id":"https:\/\/sabado100.com.ar\/es-ar\/#website","url":"https:\/\/sabado100.com.ar\/es-ar\/","name":"Sabado 100","description":"","publisher":{"@id":"https:\/\/sabado100.com.ar\/es-ar\/#organization"},"potentialAction":[{"@type":"SearchAction","target":{"@type":"EntryPoint","urlTemplate":"https:\/\/sabado100.com.ar\/es-ar\/?s={search_term_string}"},"query-input":"required name=search_term_string"}],"inLanguage":"es"},{"@type":"Organization","@id":"https:\/\/sabado100.com.ar\/es-ar\/#organization","name":"Sabado 100","url":"https:\/\/sabado100.com.ar\/es-ar\/","logo":{"@type":"ImageObject","inLanguage":"es","@id":"https:\/\/sabado100.com.ar\/es-ar\/#\/schema\/logo\/image\/","url":"https:\/\/sabado100.com.ar\/es-ar\/wp-content\/uploads\/2024\/04\/logo3.jpg","contentUrl":"https:\/\/sabado100.com.ar\/es-ar\/wp-content\/uploads\/2024\/04\/logo3.jpg","width":300,"height":174,"caption":"Sabado 100"},"image":{"@id":"https:\/\/sabado100.com.ar\/es-ar\/#\/schema\/logo\/image\/"},"sameAs":["https:\/\/www.facebook.com\/sabadocien\/","https:\/\/www.instagram.com\/sabado100.com.ar\/","https:\/\/www.youtube.com\/@sabado1003"]},{"@type":"Person","@id":"https:\/\/sabado100.com.ar\/es-ar\/#\/schema\/person\/0a9d576d4c50f5ee5c774c01644c2bf5","name":"admin","image":{"@type":"ImageObject","inLanguage":"es","@id":"https:\/\/sabado100.com.ar\/es-ar\/#\/schema\/person\/image\/","url":"https:\/\/sabado100.com.ar\/es-ar\/wp-content\/litespeed\/avatar\/4011a1aa10f57cda77b281e34885822b.jpg?ver=1787726386","contentUrl":"https:\/\/sabado100.com.ar\/es-ar\/wp-content\/litespeed\/avatar\/4011a1aa10f57cda77b281e34885822b.jpg?ver=1787726386","caption":"admin"},"sameAs":["https:\/\/sabado100.com.ar\/es-ar"],"url":"https:\/\/sabado100.com.ar\/es-ar\/author\/s100\/"}]}},"_links":{"self":[{"href":"https:\/\/sabado100.com.ar\/es-ar\/wp-json\/wp\/v2\/posts\/39829","targetHints":{"allow":["GET"]}}],"collection":[{"href":"https:\/\/sabado100.com.ar\/es-ar\/wp-json\/wp\/v2\/posts"}],"about":[{"href":"https:\/\/sabado100.com.ar\/es-ar\/wp-json\/wp\/v2\/types\/post"}],"author":[{"embeddable":true,"href":"https:\/\/sabado100.com.ar\/es-ar\/wp-json\/wp\/v2\/users\/1"}],"replies":[{"embeddable":true,"href":"https:\/\/sabado100.com.ar\/es-ar\/wp-json\/wp\/v2\/comments?post=39829"}],"version-history":[{"count":1,"href":"https:\/\/sabado100.com.ar\/es-ar\/wp-json\/wp\/v2\/posts\/39829\/revisions"}],"predecessor-version":[{"id":39831,"href":"https:\/\/sabado100.com.ar\/es-ar\/wp-json\/wp\/v2\/posts\/39829\/revisions\/39831"}],"wp:featuredmedia":[{"embeddable":true,"href":"https:\/\/sabado100.com.ar\/es-ar\/wp-json\/wp\/v2\/media\/39830"}],"wp:attachment":[{"href":"https:\/\/sabado100.com.ar\/es-ar\/wp-json\/wp\/v2\/media?parent=39829"}],"wp:term":[{"taxonomy":"category","embeddable":true,"href":"https:\/\/sabado100.com.ar\/es-ar\/wp-json\/wp\/v2\/categories?post=39829"},{"taxonomy":"post_tag","embeddable":true,"href":"https:\/\/sabado100.com.ar\/es-ar\/wp-json\/wp\/v2\/tags?post=39829"}],"curies":[{"name":"wp","href":"https:\/\/api.w.org\/{rel}","templated":true}]}}