{"id":39826,"date":"2026-09-02T01:35:39","date_gmt":"2026-09-02T01:35:39","guid":{"rendered":"https:\/\/sabado100.com.ar\/es-ar\/?p=39826"},"modified":"2026-09-02T01:35:40","modified_gmt":"2026-09-02T01:35:40","slug":"hablemos-de-salud-sexual-a-cargo-de-los-profesionales-melano-y-bianciotti","status":"publish","type":"post","link":"https:\/\/sabado100.com.ar\/es-ar\/hablemos-de-salud-sexual-a-cargo-de-los-profesionales-melano-y-bianciotti\/","title":{"rendered":"Hablemos de salud sexual a cargo de los profesionales Melano y Bianciotti"},"content":{"rendered":"\n<p class=\"wp-block-paragraph\">En el marco del D\u00eda Mundial de la Salud Sexual, el Dr. Mauricio Melano y el magister Fernando Bianciotti, bajo el lema \u00abHablar de salud sexual tambi\u00e9n es hablar de prevenci\u00f3n, cuidado y bienestar\u00bb, disertar\u00e1n en un encuentro abierto y de debate para reflexionar sobre la importancia de la educaci\u00f3n integral, la consulta m\u00e9dica oportuna y el derribamiento de tab\u00faes en torno a la sexualidad.<\/p>\n\n\n\n<p class=\"wp-block-paragraph\">La actividad se llevar\u00e1 a cabo este viernes 4 de septiembre a las 19:30 horas en el ISP N\u00b0 2, Pasteur 562, de Rafaela. En este espacio, se propone abordar de manera directa la necesidad de informarnos, detectar a tiempo posibles infecciones de transmisi\u00f3n sexual (ITS) y asumir responsabilidades compartidas en el cuidado de la salud.<\/p>\n\n\n\n<p class=\"wp-block-paragraph\">Melano es especialista en Ginecolog\u00eda y Obstetricia y Bianciotti es licenciado en psicolog\u00eda, ambos profesionales formados en sexolog\u00eda cl\u00ednica.<\/p>\n\n\n\n<p class=\"wp-block-paragraph\">La invitaci\u00f3n est\u00e1 a cargo de la concejal Carla Boidi y cuenta con el acompa\u00f1amiento y colaboraci\u00f3n de la Secretar\u00eda de Desarrollo Humano de la Municipalidad de Rafaela.<\/p>\n\n\n\n<p class=\"wp-block-paragraph\">Un panorama epidemiol\u00f3gico que enciende alarmas. El encuentro surge como una respuesta urgente ante las estad\u00edsticas epidemiol\u00f3gicas recientes, las cuales revelan una realidad preocupante en materia de salud sexual tanto a nivel nacional como local.<\/p>\n\n\n\n<p class=\"wp-block-paragraph\">A nivel nacional, la s\u00edfilis viene registrando una aceleraci\u00f3n marcada en los \u00faltimos a\u00f1os. Durante el a\u00f1o 2025 se alcanz\u00f3 el pico hist\u00f3rico de la serie con 46.799 casos notificados en todo el pa\u00eds, lo que multiplic\u00f3 por m\u00e1s de cuatro la tasa nacional de notificaci\u00f3n respecto a 2021 (pasando de 26,5 a 117,2 casos por cada 100.000 habitantes). Esta preocupante tendencia no se detiene: \u201cSeg\u00fan los \u00faltimos datos disponibles del Bolet\u00edn Epidemiol\u00f3gico Nacional, durante 2026 se acumulan 31.338 casos de s\u00edfilis en poblaci\u00f3n general, un 80,8% por encima del promedio acumulado para el mismo per\u00edodo de 2022-2025.\u201d<\/p>\n\n\n\n<p class=\"wp-block-paragraph\">La charla es abierta a todo p\u00fablico, con entrada libre y gratuita, se puede colaborar con litro de leche larga vida para Iniciativa Solidaria. Se invita especialmente a j\u00f3venes, educadores, familias y profesionales de la salud a sumarse a esta jornada de di\u00e1logo y concientizaci\u00f3n.<\/p>\n","protected":false},"excerpt":{"rendered":"<p>La actividad se llevar\u00e1 a cabo este 4 de septiembre a las 19:30 en el ISP N\u00b0 2, Pasteur 562, de Rafaela. <\/p>\n","protected":false},"author":1,"featured_media":39827,"comment_status":"open","ping_status":"open","sticky":false,"template":"","format":"standard","meta":{"site-sidebar-layout":"default","site-content-layout":"","ast-site-content-layout":"default","site-content-style":"default","site-sidebar-style":"default","ast-global-header-display":"","ast-banner-title-visibility":"","ast-main-header-display":"","ast-hfb-above-header-display":"","ast-hfb-below-header-display":"","ast-hfb-mobile-header-display":"","site-post-title":"","ast-breadcrumbs-content":"","ast-featured-img":"","footer-sml-layout":"","ast-disable-related-posts":"","theme-transparent-header-meta":"","adv-header-id-meta":"","stick-header-meta":"","header-above-stick-meta":"","header-main-stick-meta":"","header-below-stick-meta":"","astra-migrate-meta-layouts":"default","ast-page-background-enabled":"default","ast-page-background-meta":{"desktop":{"background-color":"var(--ast-global-color-4)","background-image":"","background-repeat":"repeat","background-position":"center center","background-size":"auto","background-attachment":"scroll","background-type":"","background-media":"","overlay-type":"","overlay-color":"","overlay-opacity":"","overlay-gradient":""},"tablet":{"background-color":"","background-image":"","background-repeat":"repeat","background-position":"center center","background-size":"auto","background-attachment":"scroll","background-type":"","background-media":"","overlay-type":"","overlay-color":"","overlay-opacity":"","overlay-gradient":""},"mobile":{"background-color":"","background-image":"","background-repeat":"repeat","background-position":"center center","background-size":"auto","background-attachment":"scroll","background-type":"","background-media":"","overlay-type":"","overlay-color":"","overlay-opacity":"","overlay-gradient":""}},"ast-content-background-meta":{"desktop":{"background-color":"var(--ast-global-color-5)","background-image":"","background-repeat":"repeat","background-position":"center center","background-size":"auto","background-attachment":"scroll","background-type":"","background-media":"","overlay-type":"","overlay-color":"","overlay-opacity":"","overlay-gradient":""},"tablet":{"background-color":"var(--ast-global-color-5)","background-image":"","background-repeat":"repeat","background-position":"center center","background-size":"auto","background-attachment":"scroll","background-type":"","background-media":"","overlay-type":"","overlay-color":"","overlay-opacity":"","overlay-gradient":""},"mobile":{"background-color":"var(--ast-global-color-5)","background-image":"","background-repeat":"repeat","background-position":"center center","background-size":"auto","background-attachment":"scroll","background-type":"","background-media":"","overlay-type":"","overlay-color":"","overlay-opacity":"","overlay-gradient":""}},"footnotes":""},"categories":[4],"tags":[9364],"class_list":["post-39826","post","type-post","status-publish","format-standard","has-post-thumbnail","hentry","category-cultura-y-sociedad","tag-hablemos-de-salud-sexual-a-cargo-de-los-profesionales-melano-y-bianciotti"],"yoast_head":"<!-- This site is optimized with the Yoast SEO plugin v23.2 - https:\/\/yoast.com\/wordpress\/plugins\/seo\/ -->\n<title>Hablemos de salud sexual a cargo de los profesionales Melano y Bianciotti - Sabado 100<\/title>\n<meta name=\"robots\" content=\"index, follow, max-snippet:-1, max-image-preview:large, max-video-preview:-1\" \/>\n<link rel=\"canonical\" href=\"https:\/\/sabado100.com.ar\/es-ar\/hablemos-de-salud-sexual-a-cargo-de-los-profesionales-melano-y-bianciotti\/\" \/>\n<meta property=\"og:locale\" content=\"es_ES\" \/>\n<meta property=\"og:type\" content=\"article\" \/>\n<meta property=\"og:title\" content=\"Hablemos de salud sexual a cargo de los profesionales Melano y Bianciotti - Sabado 100\" \/>\n<meta property=\"og:description\" content=\"La actividad se llevar\u00e1 a cabo este 4 de septiembre a las 19:30 en el ISP N\u00b0 2, Pasteur 562, de Rafaela.\" \/>\n<meta property=\"og:url\" content=\"https:\/\/sabado100.com.ar\/es-ar\/hablemos-de-salud-sexual-a-cargo-de-los-profesionales-melano-y-bianciotti\/\" \/>\n<meta property=\"og:site_name\" content=\"Sabado 100\" \/>\n<meta property=\"article:publisher\" content=\"https:\/\/www.facebook.com\/sabadocien\/\" \/>\n<meta property=\"article:published_time\" content=\"2026-09-02T01:35:39+00:00\" \/>\n<meta property=\"article:modified_time\" content=\"2026-09-02T01:35:40+00:00\" \/>\n<meta property=\"og:image\" content=\"https:\/\/sabado100.com.ar\/es-ar\/wp-content\/uploads\/2026\/09\/WhatsApp-Image-2026-09-01-at-19.33.31.jpeg\" \/>\n\t<meta property=\"og:image:width\" content=\"1200\" \/>\n\t<meta property=\"og:image:height\" content=\"675\" \/>\n\t<meta property=\"og:image:type\" content=\"image\/jpeg\" \/>\n<meta name=\"author\" content=\"admin\" \/>\n<meta name=\"twitter:card\" content=\"summary_large_image\" \/>\n<meta name=\"twitter:label1\" content=\"Escrito por\" \/>\n\t<meta name=\"twitter:data1\" content=\"admin\" \/>\n\t<meta name=\"twitter:label2\" content=\"Tiempo de lectura\" \/>\n\t<meta name=\"twitter:data2\" content=\"2 minutos\" \/>\n<script type=\"application\/ld+json\" class=\"yoast-schema-graph\">{\"@context\":\"https:\/\/schema.org\",\"@graph\":[{\"@type\":\"Article\",\"@id\":\"https:\/\/sabado100.com.ar\/es-ar\/hablemos-de-salud-sexual-a-cargo-de-los-profesionales-melano-y-bianciotti\/#article\",\"isPartOf\":{\"@id\":\"https:\/\/sabado100.com.ar\/es-ar\/hablemos-de-salud-sexual-a-cargo-de-los-profesionales-melano-y-bianciotti\/\"},\"author\":{\"name\":\"admin\",\"@id\":\"https:\/\/sabado100.com.ar\/es-ar\/#\/schema\/person\/0a9d576d4c50f5ee5c774c01644c2bf5\"},\"headline\":\"Hablemos de salud sexual a cargo de los profesionales Melano y Bianciotti\",\"datePublished\":\"2026-09-02T01:35:39+00:00\",\"dateModified\":\"2026-09-02T01:35:40+00:00\",\"mainEntityOfPage\":{\"@id\":\"https:\/\/sabado100.com.ar\/es-ar\/hablemos-de-salud-sexual-a-cargo-de-los-profesionales-melano-y-bianciotti\/\"},\"wordCount\":382,\"commentCount\":0,\"publisher\":{\"@id\":\"https:\/\/sabado100.com.ar\/es-ar\/#organization\"},\"image\":{\"@id\":\"https:\/\/sabado100.com.ar\/es-ar\/hablemos-de-salud-sexual-a-cargo-de-los-profesionales-melano-y-bianciotti\/#primaryimage\"},\"thumbnailUrl\":\"https:\/\/sabado100.com.ar\/es-ar\/wp-content\/uploads\/2026\/09\/WhatsApp-Image-2026-09-01-at-19.33.31.jpeg\",\"keywords\":[\"Hablemos de salud sexual a cargo de los profesionales Melano y Bianciotti\"],\"articleSection\":[\"Cultura y Sociedad\"],\"inLanguage\":\"es\",\"potentialAction\":[{\"@type\":\"CommentAction\",\"name\":\"Comment\",\"target\":[\"https:\/\/sabado100.com.ar\/es-ar\/hablemos-de-salud-sexual-a-cargo-de-los-profesionales-melano-y-bianciotti\/#respond\"]}]},{\"@type\":\"WebPage\",\"@id\":\"https:\/\/sabado100.com.ar\/es-ar\/hablemos-de-salud-sexual-a-cargo-de-los-profesionales-melano-y-bianciotti\/\",\"url\":\"https:\/\/sabado100.com.ar\/es-ar\/hablemos-de-salud-sexual-a-cargo-de-los-profesionales-melano-y-bianciotti\/\",\"name\":\"Hablemos de salud sexual a cargo de los profesionales Melano y Bianciotti - Sabado 100\",\"isPartOf\":{\"@id\":\"https:\/\/sabado100.com.ar\/es-ar\/#website\"},\"primaryImageOfPage\":{\"@id\":\"https:\/\/sabado100.com.ar\/es-ar\/hablemos-de-salud-sexual-a-cargo-de-los-profesionales-melano-y-bianciotti\/#primaryimage\"},\"image\":{\"@id\":\"https:\/\/sabado100.com.ar\/es-ar\/hablemos-de-salud-sexual-a-cargo-de-los-profesionales-melano-y-bianciotti\/#primaryimage\"},\"thumbnailUrl\":\"https:\/\/sabado100.com.ar\/es-ar\/wp-content\/uploads\/2026\/09\/WhatsApp-Image-2026-09-01-at-19.33.31.jpeg\",\"datePublished\":\"2026-09-02T01:35:39+00:00\",\"dateModified\":\"2026-09-02T01:35:40+00:00\",\"breadcrumb\":{\"@id\":\"https:\/\/sabado100.com.ar\/es-ar\/hablemos-de-salud-sexual-a-cargo-de-los-profesionales-melano-y-bianciotti\/#breadcrumb\"},\"inLanguage\":\"es\",\"potentialAction\":[{\"@type\":\"ReadAction\",\"target\":[\"https:\/\/sabado100.com.ar\/es-ar\/hablemos-de-salud-sexual-a-cargo-de-los-profesionales-melano-y-bianciotti\/\"]}]},{\"@type\":\"ImageObject\",\"inLanguage\":\"es\",\"@id\":\"https:\/\/sabado100.com.ar\/es-ar\/hablemos-de-salud-sexual-a-cargo-de-los-profesionales-melano-y-bianciotti\/#primaryimage\",\"url\":\"https:\/\/sabado100.com.ar\/es-ar\/wp-content\/uploads\/2026\/09\/WhatsApp-Image-2026-09-01-at-19.33.31.jpeg\",\"contentUrl\":\"https:\/\/sabado100.com.ar\/es-ar\/wp-content\/uploads\/2026\/09\/WhatsApp-Image-2026-09-01-at-19.33.31.jpeg\",\"width\":1200,\"height\":675},{\"@type\":\"BreadcrumbList\",\"@id\":\"https:\/\/sabado100.com.ar\/es-ar\/hablemos-de-salud-sexual-a-cargo-de-los-profesionales-melano-y-bianciotti\/#breadcrumb\",\"itemListElement\":[{\"@type\":\"ListItem\",\"position\":1,\"name\":\"Portada\",\"item\":\"https:\/\/sabado100.com.ar\/es-ar\/\"},{\"@type\":\"ListItem\",\"position\":2,\"name\":\"Hablemos de salud sexual a cargo de los profesionales Melano y Bianciotti\"}]},{\"@type\":\"WebSite\",\"@id\":\"https:\/\/sabado100.com.ar\/es-ar\/#website\",\"url\":\"https:\/\/sabado100.com.ar\/es-ar\/\",\"name\":\"Sabado 100\",\"description\":\"\",\"publisher\":{\"@id\":\"https:\/\/sabado100.com.ar\/es-ar\/#organization\"},\"potentialAction\":[{\"@type\":\"SearchAction\",\"target\":{\"@type\":\"EntryPoint\",\"urlTemplate\":\"https:\/\/sabado100.com.ar\/es-ar\/?s={search_term_string}\"},\"query-input\":\"required name=search_term_string\"}],\"inLanguage\":\"es\"},{\"@type\":\"Organization\",\"@id\":\"https:\/\/sabado100.com.ar\/es-ar\/#organization\",\"name\":\"Sabado 100\",\"url\":\"https:\/\/sabado100.com.ar\/es-ar\/\",\"logo\":{\"@type\":\"ImageObject\",\"inLanguage\":\"es\",\"@id\":\"https:\/\/sabado100.com.ar\/es-ar\/#\/schema\/logo\/image\/\",\"url\":\"https:\/\/sabado100.com.ar\/es-ar\/wp-content\/uploads\/2024\/04\/logo3.jpg\",\"contentUrl\":\"https:\/\/sabado100.com.ar\/es-ar\/wp-content\/uploads\/2024\/04\/logo3.jpg\",\"width\":300,\"height\":174,\"caption\":\"Sabado 100\"},\"image\":{\"@id\":\"https:\/\/sabado100.com.ar\/es-ar\/#\/schema\/logo\/image\/\"},\"sameAs\":[\"https:\/\/www.facebook.com\/sabadocien\/\",\"https:\/\/www.instagram.com\/sabado100.com.ar\/\",\"https:\/\/www.youtube.com\/@sabado1003\"]},{\"@type\":\"Person\",\"@id\":\"https:\/\/sabado100.com.ar\/es-ar\/#\/schema\/person\/0a9d576d4c50f5ee5c774c01644c2bf5\",\"name\":\"admin\",\"image\":{\"@type\":\"ImageObject\",\"inLanguage\":\"es\",\"@id\":\"https:\/\/sabado100.com.ar\/es-ar\/#\/schema\/person\/image\/\",\"url\":\"https:\/\/sabado100.com.ar\/es-ar\/wp-content\/litespeed\/avatar\/4011a1aa10f57cda77b281e34885822b.jpg?ver=1787726386\",\"contentUrl\":\"https:\/\/sabado100.com.ar\/es-ar\/wp-content\/litespeed\/avatar\/4011a1aa10f57cda77b281e34885822b.jpg?ver=1787726386\",\"caption\":\"admin\"},\"sameAs\":[\"https:\/\/sabado100.com.ar\/es-ar\"],\"url\":\"https:\/\/sabado100.com.ar\/es-ar\/author\/s100\/\"}]}<\/script>\n<!-- \/ Yoast SEO plugin. -->","yoast_head_json":{"title":"Hablemos de salud sexual a cargo de los profesionales Melano y Bianciotti - Sabado 100","robots":{"index":"index","follow":"follow","max-snippet":"max-snippet:-1","max-image-preview":"max-image-preview:large","max-video-preview":"max-video-preview:-1"},"canonical":"https:\/\/sabado100.com.ar\/es-ar\/hablemos-de-salud-sexual-a-cargo-de-los-profesionales-melano-y-bianciotti\/","og_locale":"es_ES","og_type":"article","og_title":"Hablemos de salud sexual a cargo de los profesionales Melano y Bianciotti - Sabado 100","og_description":"La actividad se llevar\u00e1 a cabo este 4 de septiembre a las 19:30 en el ISP N\u00b0 2, Pasteur 562, de Rafaela.","og_url":"https:\/\/sabado100.com.ar\/es-ar\/hablemos-de-salud-sexual-a-cargo-de-los-profesionales-melano-y-bianciotti\/","og_site_name":"Sabado 100","article_publisher":"https:\/\/www.facebook.com\/sabadocien\/","article_published_time":"2026-09-02T01:35:39+00:00","article_modified_time":"2026-09-02T01:35:40+00:00","og_image":[{"width":1200,"height":675,"url":"https:\/\/sabado100.com.ar\/es-ar\/wp-content\/uploads\/2026\/09\/WhatsApp-Image-2026-09-01-at-19.33.31.jpeg","type":"image\/jpeg"}],"author":"admin","twitter_card":"summary_large_image","twitter_misc":{"Escrito por":"admin","Tiempo de lectura":"2 minutos"},"schema":{"@context":"https:\/\/schema.org","@graph":[{"@type":"Article","@id":"https:\/\/sabado100.com.ar\/es-ar\/hablemos-de-salud-sexual-a-cargo-de-los-profesionales-melano-y-bianciotti\/#article","isPartOf":{"@id":"https:\/\/sabado100.com.ar\/es-ar\/hablemos-de-salud-sexual-a-cargo-de-los-profesionales-melano-y-bianciotti\/"},"author":{"name":"admin","@id":"https:\/\/sabado100.com.ar\/es-ar\/#\/schema\/person\/0a9d576d4c50f5ee5c774c01644c2bf5"},"headline":"Hablemos de salud sexual a cargo de los profesionales Melano y Bianciotti","datePublished":"2026-09-02T01:35:39+00:00","dateModified":"2026-09-02T01:35:40+00:00","mainEntityOfPage":{"@id":"https:\/\/sabado100.com.ar\/es-ar\/hablemos-de-salud-sexual-a-cargo-de-los-profesionales-melano-y-bianciotti\/"},"wordCount":382,"commentCount":0,"publisher":{"@id":"https:\/\/sabado100.com.ar\/es-ar\/#organization"},"image":{"@id":"https:\/\/sabado100.com.ar\/es-ar\/hablemos-de-salud-sexual-a-cargo-de-los-profesionales-melano-y-bianciotti\/#primaryimage"},"thumbnailUrl":"https:\/\/sabado100.com.ar\/es-ar\/wp-content\/uploads\/2026\/09\/WhatsApp-Image-2026-09-01-at-19.33.31.jpeg","keywords":["Hablemos de salud sexual a cargo de los profesionales Melano y Bianciotti"],"articleSection":["Cultura y Sociedad"],"inLanguage":"es","potentialAction":[{"@type":"CommentAction","name":"Comment","target":["https:\/\/sabado100.com.ar\/es-ar\/hablemos-de-salud-sexual-a-cargo-de-los-profesionales-melano-y-bianciotti\/#respond"]}]},{"@type":"WebPage","@id":"https:\/\/sabado100.com.ar\/es-ar\/hablemos-de-salud-sexual-a-cargo-de-los-profesionales-melano-y-bianciotti\/","url":"https:\/\/sabado100.com.ar\/es-ar\/hablemos-de-salud-sexual-a-cargo-de-los-profesionales-melano-y-bianciotti\/","name":"Hablemos de salud sexual a cargo de los profesionales Melano y Bianciotti - Sabado 100","isPartOf":{"@id":"https:\/\/sabado100.com.ar\/es-ar\/#website"},"primaryImageOfPage":{"@id":"https:\/\/sabado100.com.ar\/es-ar\/hablemos-de-salud-sexual-a-cargo-de-los-profesionales-melano-y-bianciotti\/#primaryimage"},"image":{"@id":"https:\/\/sabado100.com.ar\/es-ar\/hablemos-de-salud-sexual-a-cargo-de-los-profesionales-melano-y-bianciotti\/#primaryimage"},"thumbnailUrl":"https:\/\/sabado100.com.ar\/es-ar\/wp-content\/uploads\/2026\/09\/WhatsApp-Image-2026-09-01-at-19.33.31.jpeg","datePublished":"2026-09-02T01:35:39+00:00","dateModified":"2026-09-02T01:35:40+00:00","breadcrumb":{"@id":"https:\/\/sabado100.com.ar\/es-ar\/hablemos-de-salud-sexual-a-cargo-de-los-profesionales-melano-y-bianciotti\/#breadcrumb"},"inLanguage":"es","potentialAction":[{"@type":"ReadAction","target":["https:\/\/sabado100.com.ar\/es-ar\/hablemos-de-salud-sexual-a-cargo-de-los-profesionales-melano-y-bianciotti\/"]}]},{"@type":"ImageObject","inLanguage":"es","@id":"https:\/\/sabado100.com.ar\/es-ar\/hablemos-de-salud-sexual-a-cargo-de-los-profesionales-melano-y-bianciotti\/#primaryimage","url":"https:\/\/sabado100.com.ar\/es-ar\/wp-content\/uploads\/2026\/09\/WhatsApp-Image-2026-09-01-at-19.33.31.jpeg","contentUrl":"https:\/\/sabado100.com.ar\/es-ar\/wp-content\/uploads\/2026\/09\/WhatsApp-Image-2026-09-01-at-19.33.31.jpeg","width":1200,"height":675},{"@type":"BreadcrumbList","@id":"https:\/\/sabado100.com.ar\/es-ar\/hablemos-de-salud-sexual-a-cargo-de-los-profesionales-melano-y-bianciotti\/#breadcrumb","itemListElement":[{"@type":"ListItem","position":1,"name":"Portada","item":"https:\/\/sabado100.com.ar\/es-ar\/"},{"@type":"ListItem","position":2,"name":"Hablemos de salud sexual a cargo de los profesionales Melano y Bianciotti"}]},{"@type":"WebSite","@id":"https:\/\/sabado100.com.ar\/es-ar\/#website","url":"https:\/\/sabado100.com.ar\/es-ar\/","name":"Sabado 100","description":"","publisher":{"@id":"https:\/\/sabado100.com.ar\/es-ar\/#organization"},"potentialAction":[{"@type":"SearchAction","target":{"@type":"EntryPoint","urlTemplate":"https:\/\/sabado100.com.ar\/es-ar\/?s={search_term_string}"},"query-input":"required name=search_term_string"}],"inLanguage":"es"},{"@type":"Organization","@id":"https:\/\/sabado100.com.ar\/es-ar\/#organization","name":"Sabado 100","url":"https:\/\/sabado100.com.ar\/es-ar\/","logo":{"@type":"ImageObject","inLanguage":"es","@id":"https:\/\/sabado100.com.ar\/es-ar\/#\/schema\/logo\/image\/","url":"https:\/\/sabado100.com.ar\/es-ar\/wp-content\/uploads\/2024\/04\/logo3.jpg","contentUrl":"https:\/\/sabado100.com.ar\/es-ar\/wp-content\/uploads\/2024\/04\/logo3.jpg","width":300,"height":174,"caption":"Sabado 100"},"image":{"@id":"https:\/\/sabado100.com.ar\/es-ar\/#\/schema\/logo\/image\/"},"sameAs":["https:\/\/www.facebook.com\/sabadocien\/","https:\/\/www.instagram.com\/sabado100.com.ar\/","https:\/\/www.youtube.com\/@sabado1003"]},{"@type":"Person","@id":"https:\/\/sabado100.com.ar\/es-ar\/#\/schema\/person\/0a9d576d4c50f5ee5c774c01644c2bf5","name":"admin","image":{"@type":"ImageObject","inLanguage":"es","@id":"https:\/\/sabado100.com.ar\/es-ar\/#\/schema\/person\/image\/","url":"https:\/\/sabado100.com.ar\/es-ar\/wp-content\/litespeed\/avatar\/4011a1aa10f57cda77b281e34885822b.jpg?ver=1787726386","contentUrl":"https:\/\/sabado100.com.ar\/es-ar\/wp-content\/litespeed\/avatar\/4011a1aa10f57cda77b281e34885822b.jpg?ver=1787726386","caption":"admin"},"sameAs":["https:\/\/sabado100.com.ar\/es-ar"],"url":"https:\/\/sabado100.com.ar\/es-ar\/author\/s100\/"}]}},"_links":{"self":[{"href":"https:\/\/sabado100.com.ar\/es-ar\/wp-json\/wp\/v2\/posts\/39826","targetHints":{"allow":["GET"]}}],"collection":[{"href":"https:\/\/sabado100.com.ar\/es-ar\/wp-json\/wp\/v2\/posts"}],"about":[{"href":"https:\/\/sabado100.com.ar\/es-ar\/wp-json\/wp\/v2\/types\/post"}],"author":[{"embeddable":true,"href":"https:\/\/sabado100.com.ar\/es-ar\/wp-json\/wp\/v2\/users\/1"}],"replies":[{"embeddable":true,"href":"https:\/\/sabado100.com.ar\/es-ar\/wp-json\/wp\/v2\/comments?post=39826"}],"version-history":[{"count":1,"href":"https:\/\/sabado100.com.ar\/es-ar\/wp-json\/wp\/v2\/posts\/39826\/revisions"}],"predecessor-version":[{"id":39828,"href":"https:\/\/sabado100.com.ar\/es-ar\/wp-json\/wp\/v2\/posts\/39826\/revisions\/39828"}],"wp:featuredmedia":[{"embeddable":true,"href":"https:\/\/sabado100.com.ar\/es-ar\/wp-json\/wp\/v2\/media\/39827"}],"wp:attachment":[{"href":"https:\/\/sabado100.com.ar\/es-ar\/wp-json\/wp\/v2\/media?parent=39826"}],"wp:term":[{"taxonomy":"category","embeddable":true,"href":"https:\/\/sabado100.com.ar\/es-ar\/wp-json\/wp\/v2\/categories?post=39826"},{"taxonomy":"post_tag","embeddable":true,"href":"https:\/\/sabado100.com.ar\/es-ar\/wp-json\/wp\/v2\/tags?post=39826"}],"curies":[{"name":"wp","href":"https:\/\/api.w.org\/{rel}","templated":true}]}}