{"id":39823,"date":"2026-09-01T21:01:27","date_gmt":"2026-09-01T21:01:27","guid":{"rendered":"https:\/\/sabado100.com.ar\/es-ar\/?p=39823"},"modified":"2026-09-01T21:01:28","modified_gmt":"2026-09-01T21:01:28","slug":"concejales-y-representantes-del-ccirr-abordaron-temas-vinculados-a-la-actividad-comercial","status":"publish","type":"post","link":"https:\/\/sabado100.com.ar\/es-ar\/concejales-y-representantes-del-ccirr-abordaron-temas-vinculados-a-la-actividad-comercial\/","title":{"rendered":"Concejales y representantes del CCIRR abordaron temas vinculados a la actividad comercial"},"content":{"rendered":"\n<p class=\"wp-block-paragraph\">Este lunes por la ma\u00f1ana, los concejales de Rafaela mantuvieron una reuni\u00f3n con representantes del Centro Comercial e Industrial de Rafaela y la Regi\u00f3n, con el objetivo de intercambiar miradas sobre diferentes cuestiones vinculadas al sector comercial e industrial de la ciudad.<\/p>\n\n\n\n<p class=\"wp-block-paragraph\">Uno de los temas centrales fue el funcionamiento de la zona de estacionamiento controlado. Los representantes del sector plantearon la necesidad de analizar posibles modificaciones al sistema y, particularmente, la restituci\u00f3n de los cupos de estacionamiento que se perdieron a partir de la incorporaci\u00f3n del anillo interno de la Plaza 25 de Mayo.<\/p>\n\n\n\n<p class=\"wp-block-paragraph\">Tambi\u00e9n se abordaron distintas cuestiones relacionadas con los tributos municipales. Desde el sector comercial plantearon la necesidad de avanzar hacia una mayor simplificaci\u00f3n tributaria y analizar el alcance de algunos tributos, entre ellos el Derecho de Registro e Inspecci\u00f3n, considerando la relaci\u00f3n entre el pago de los mismos y los servicios que reciben los contribuyentes.<\/p>\n\n\n\n<p class=\"wp-block-paragraph\">En este marco, se plante\u00f3 la necesidad de seguir pensando c\u00f3mo funcionan los tributos municipales y su impacto sobre quienes desarrollan actividades comerciales de manera formal, teniendo en cuenta tambi\u00e9n las situaciones de competencia desleal.<\/p>\n\n\n\n<p class=\"wp-block-paragraph\">Durante la reuni\u00f3n, los representantes del CCIRR compartieron informaci\u00f3n surgida del relevamiento, presentado recientemente, que permiti\u00f3 conocer distintos aspectos de la realidad del sector y sus principales preocupaciones.<\/p>\n\n\n\n<p class=\"wp-block-paragraph\">Otro de los temas conversados estuvo relacionado con el uso del suelo industrial y el estado de situaci\u00f3n del Plan Periurbano, cuestiones que tambi\u00e9n forman parte de la agenda vinculada al desarrollo productivo de Rafaela.<\/p>\n\n\n\n<p class=\"wp-block-paragraph\">Por otra parte, se intercambi\u00f3 informaci\u00f3n sobre la reuni\u00f3n que los concejales mantuvieron con representantes de Vialidad Nacional, para abordar la situaci\u00f3n y trazabilidad de la Ruta Nacional 34.<\/p>\n\n\n\n<p class=\"wp-block-paragraph\">Como cierre del encuentro, se plante\u00f3 la posibilidad de conformar una mesa de trabajo que permita continuar abordando estos temas de manera conjunta.<\/p>\n\n\n\n<p class=\"wp-block-paragraph\"><\/p>\n","protected":false},"excerpt":{"rendered":"<p>Durante el encuentro se plantearon modificaciones a la zona de estacionamiento controlado, cuestiones tributarias y distintos temas relacionados con el desarrollo productivo de la ciudad.<\/p>\n","protected":false},"author":1,"featured_media":39824,"comment_status":"open","ping_status":"open","sticky":false,"template":"","format":"standard","meta":{"site-sidebar-layout":"default","site-content-layout":"","ast-site-content-layout":"default","site-content-style":"default","site-sidebar-style":"default","ast-global-header-display":"","ast-banner-title-visibility":"","ast-main-header-display":"","ast-hfb-above-header-display":"","ast-hfb-below-header-display":"","ast-hfb-mobile-header-display":"","site-post-title":"","ast-breadcrumbs-content":"","ast-featured-img":"","footer-sml-layout":"","ast-disable-related-posts":"","theme-transparent-header-meta":"","adv-header-id-meta":"","stick-header-meta":"","header-above-stick-meta":"","header-main-stick-meta":"","header-below-stick-meta":"","astra-migrate-meta-layouts":"default","ast-page-background-enabled":"default","ast-page-background-meta":{"desktop":{"background-color":"var(--ast-global-color-4)","background-image":"","background-repeat":"repeat","background-position":"center center","background-size":"auto","background-attachment":"scroll","background-type":"","background-media":"","overlay-type":"","overlay-color":"","overlay-opacity":"","overlay-gradient":""},"tablet":{"background-color":"","background-image":"","background-repeat":"repeat","background-position":"center center","background-size":"auto","background-attachment":"scroll","background-type":"","background-media":"","overlay-type":"","overlay-color":"","overlay-opacity":"","overlay-gradient":""},"mobile":{"background-color":"","background-image":"","background-repeat":"repeat","background-position":"center center","background-size":"auto","background-attachment":"scroll","background-type":"","background-media":"","overlay-type":"","overlay-color":"","overlay-opacity":"","overlay-gradient":""}},"ast-content-background-meta":{"desktop":{"background-color":"var(--ast-global-color-5)","background-image":"","background-repeat":"repeat","background-position":"center center","background-size":"auto","background-attachment":"scroll","background-type":"","background-media":"","overlay-type":"","overlay-color":"","overlay-opacity":"","overlay-gradient":""},"tablet":{"background-color":"var(--ast-global-color-5)","background-image":"","background-repeat":"repeat","background-position":"center center","background-size":"auto","background-attachment":"scroll","background-type":"","background-media":"","overlay-type":"","overlay-color":"","overlay-opacity":"","overlay-gradient":""},"mobile":{"background-color":"var(--ast-global-color-5)","background-image":"","background-repeat":"repeat","background-position":"center center","background-size":"auto","background-attachment":"scroll","background-type":"","background-media":"","overlay-type":"","overlay-color":"","overlay-opacity":"","overlay-gradient":""}},"footnotes":""},"categories":[23],"tags":[9363],"class_list":["post-39823","post","type-post","status-publish","format-standard","has-post-thumbnail","hentry","category-economia","tag-concejales-y-representantes-del-ccirr-abordaron-temas-vinculados-a-la-actividad-comercial"],"yoast_head":"<!-- This site is optimized with the Yoast SEO plugin v23.2 - https:\/\/yoast.com\/wordpress\/plugins\/seo\/ -->\n<title>Concejales y representantes del CCIRR abordaron temas vinculados a la actividad comercial - Sabado 100<\/title>\n<meta name=\"robots\" content=\"index, follow, max-snippet:-1, max-image-preview:large, max-video-preview:-1\" \/>\n<link rel=\"canonical\" href=\"https:\/\/sabado100.com.ar\/es-ar\/concejales-y-representantes-del-ccirr-abordaron-temas-vinculados-a-la-actividad-comercial\/\" \/>\n<meta property=\"og:locale\" content=\"es_ES\" \/>\n<meta property=\"og:type\" content=\"article\" \/>\n<meta property=\"og:title\" content=\"Concejales y representantes del CCIRR abordaron temas vinculados a la actividad comercial - Sabado 100\" \/>\n<meta property=\"og:description\" content=\"Durante el encuentro se plantearon modificaciones a la zona de estacionamiento controlado, cuestiones tributarias y distintos temas relacionados con el desarrollo productivo de la ciudad.\" \/>\n<meta property=\"og:url\" content=\"https:\/\/sabado100.com.ar\/es-ar\/concejales-y-representantes-del-ccirr-abordaron-temas-vinculados-a-la-actividad-comercial\/\" \/>\n<meta property=\"og:site_name\" content=\"Sabado 100\" \/>\n<meta property=\"article:publisher\" content=\"https:\/\/www.facebook.com\/sabadocien\/\" \/>\n<meta property=\"article:published_time\" content=\"2026-09-01T21:01:27+00:00\" \/>\n<meta property=\"article:modified_time\" content=\"2026-09-01T21:01:28+00:00\" \/>\n<meta property=\"og:image\" content=\"https:\/\/sabado100.com.ar\/es-ar\/wp-content\/uploads\/2026\/09\/WhatsApp-Image-2026-09-01-at-13.06.01.jpeg\" \/>\n\t<meta property=\"og:image:width\" content=\"1280\" \/>\n\t<meta property=\"og:image:height\" content=\"960\" \/>\n\t<meta property=\"og:image:type\" content=\"image\/jpeg\" \/>\n<meta name=\"author\" content=\"admin\" \/>\n<meta name=\"twitter:card\" content=\"summary_large_image\" \/>\n<meta name=\"twitter:label1\" content=\"Escrito por\" \/>\n\t<meta name=\"twitter:data1\" content=\"admin\" \/>\n\t<meta name=\"twitter:label2\" content=\"Tiempo de lectura\" \/>\n\t<meta name=\"twitter:data2\" content=\"2 minutos\" \/>\n<script type=\"application\/ld+json\" class=\"yoast-schema-graph\">{\"@context\":\"https:\/\/schema.org\",\"@graph\":[{\"@type\":\"Article\",\"@id\":\"https:\/\/sabado100.com.ar\/es-ar\/concejales-y-representantes-del-ccirr-abordaron-temas-vinculados-a-la-actividad-comercial\/#article\",\"isPartOf\":{\"@id\":\"https:\/\/sabado100.com.ar\/es-ar\/concejales-y-representantes-del-ccirr-abordaron-temas-vinculados-a-la-actividad-comercial\/\"},\"author\":{\"name\":\"admin\",\"@id\":\"https:\/\/sabado100.com.ar\/es-ar\/#\/schema\/person\/0a9d576d4c50f5ee5c774c01644c2bf5\"},\"headline\":\"Concejales y representantes del CCIRR abordaron temas vinculados a la actividad comercial\",\"datePublished\":\"2026-09-01T21:01:27+00:00\",\"dateModified\":\"2026-09-01T21:01:28+00:00\",\"mainEntityOfPage\":{\"@id\":\"https:\/\/sabado100.com.ar\/es-ar\/concejales-y-representantes-del-ccirr-abordaron-temas-vinculados-a-la-actividad-comercial\/\"},\"wordCount\":328,\"commentCount\":0,\"publisher\":{\"@id\":\"https:\/\/sabado100.com.ar\/es-ar\/#organization\"},\"image\":{\"@id\":\"https:\/\/sabado100.com.ar\/es-ar\/concejales-y-representantes-del-ccirr-abordaron-temas-vinculados-a-la-actividad-comercial\/#primaryimage\"},\"thumbnailUrl\":\"https:\/\/sabado100.com.ar\/es-ar\/wp-content\/uploads\/2026\/09\/WhatsApp-Image-2026-09-01-at-13.06.01.jpeg\",\"keywords\":[\"Concejales y representantes del CCIRR abordaron temas vinculados a la actividad comercial\"],\"articleSection\":[\"Econom\u00eda\"],\"inLanguage\":\"es\",\"potentialAction\":[{\"@type\":\"CommentAction\",\"name\":\"Comment\",\"target\":[\"https:\/\/sabado100.com.ar\/es-ar\/concejales-y-representantes-del-ccirr-abordaron-temas-vinculados-a-la-actividad-comercial\/#respond\"]}]},{\"@type\":\"WebPage\",\"@id\":\"https:\/\/sabado100.com.ar\/es-ar\/concejales-y-representantes-del-ccirr-abordaron-temas-vinculados-a-la-actividad-comercial\/\",\"url\":\"https:\/\/sabado100.com.ar\/es-ar\/concejales-y-representantes-del-ccirr-abordaron-temas-vinculados-a-la-actividad-comercial\/\",\"name\":\"Concejales y representantes del CCIRR abordaron temas vinculados a la actividad comercial - Sabado 100\",\"isPartOf\":{\"@id\":\"https:\/\/sabado100.com.ar\/es-ar\/#website\"},\"primaryImageOfPage\":{\"@id\":\"https:\/\/sabado100.com.ar\/es-ar\/concejales-y-representantes-del-ccirr-abordaron-temas-vinculados-a-la-actividad-comercial\/#primaryimage\"},\"image\":{\"@id\":\"https:\/\/sabado100.com.ar\/es-ar\/concejales-y-representantes-del-ccirr-abordaron-temas-vinculados-a-la-actividad-comercial\/#primaryimage\"},\"thumbnailUrl\":\"https:\/\/sabado100.com.ar\/es-ar\/wp-content\/uploads\/2026\/09\/WhatsApp-Image-2026-09-01-at-13.06.01.jpeg\",\"datePublished\":\"2026-09-01T21:01:27+00:00\",\"dateModified\":\"2026-09-01T21:01:28+00:00\",\"breadcrumb\":{\"@id\":\"https:\/\/sabado100.com.ar\/es-ar\/concejales-y-representantes-del-ccirr-abordaron-temas-vinculados-a-la-actividad-comercial\/#breadcrumb\"},\"inLanguage\":\"es\",\"potentialAction\":[{\"@type\":\"ReadAction\",\"target\":[\"https:\/\/sabado100.com.ar\/es-ar\/concejales-y-representantes-del-ccirr-abordaron-temas-vinculados-a-la-actividad-comercial\/\"]}]},{\"@type\":\"ImageObject\",\"inLanguage\":\"es\",\"@id\":\"https:\/\/sabado100.com.ar\/es-ar\/concejales-y-representantes-del-ccirr-abordaron-temas-vinculados-a-la-actividad-comercial\/#primaryimage\",\"url\":\"https:\/\/sabado100.com.ar\/es-ar\/wp-content\/uploads\/2026\/09\/WhatsApp-Image-2026-09-01-at-13.06.01.jpeg\",\"contentUrl\":\"https:\/\/sabado100.com.ar\/es-ar\/wp-content\/uploads\/2026\/09\/WhatsApp-Image-2026-09-01-at-13.06.01.jpeg\",\"width\":1280,\"height\":960},{\"@type\":\"BreadcrumbList\",\"@id\":\"https:\/\/sabado100.com.ar\/es-ar\/concejales-y-representantes-del-ccirr-abordaron-temas-vinculados-a-la-actividad-comercial\/#breadcrumb\",\"itemListElement\":[{\"@type\":\"ListItem\",\"position\":1,\"name\":\"Portada\",\"item\":\"https:\/\/sabado100.com.ar\/es-ar\/\"},{\"@type\":\"ListItem\",\"position\":2,\"name\":\"Concejales y representantes del CCIRR abordaron temas vinculados a la actividad comercial\"}]},{\"@type\":\"WebSite\",\"@id\":\"https:\/\/sabado100.com.ar\/es-ar\/#website\",\"url\":\"https:\/\/sabado100.com.ar\/es-ar\/\",\"name\":\"Sabado 100\",\"description\":\"\",\"publisher\":{\"@id\":\"https:\/\/sabado100.com.ar\/es-ar\/#organization\"},\"potentialAction\":[{\"@type\":\"SearchAction\",\"target\":{\"@type\":\"EntryPoint\",\"urlTemplate\":\"https:\/\/sabado100.com.ar\/es-ar\/?s={search_term_string}\"},\"query-input\":\"required name=search_term_string\"}],\"inLanguage\":\"es\"},{\"@type\":\"Organization\",\"@id\":\"https:\/\/sabado100.com.ar\/es-ar\/#organization\",\"name\":\"Sabado 100\",\"url\":\"https:\/\/sabado100.com.ar\/es-ar\/\",\"logo\":{\"@type\":\"ImageObject\",\"inLanguage\":\"es\",\"@id\":\"https:\/\/sabado100.com.ar\/es-ar\/#\/schema\/logo\/image\/\",\"url\":\"https:\/\/sabado100.com.ar\/es-ar\/wp-content\/uploads\/2024\/04\/logo3.jpg\",\"contentUrl\":\"https:\/\/sabado100.com.ar\/es-ar\/wp-content\/uploads\/2024\/04\/logo3.jpg\",\"width\":300,\"height\":174,\"caption\":\"Sabado 100\"},\"image\":{\"@id\":\"https:\/\/sabado100.com.ar\/es-ar\/#\/schema\/logo\/image\/\"},\"sameAs\":[\"https:\/\/www.facebook.com\/sabadocien\/\",\"https:\/\/www.instagram.com\/sabado100.com.ar\/\",\"https:\/\/www.youtube.com\/@sabado1003\"]},{\"@type\":\"Person\",\"@id\":\"https:\/\/sabado100.com.ar\/es-ar\/#\/schema\/person\/0a9d576d4c50f5ee5c774c01644c2bf5\",\"name\":\"admin\",\"image\":{\"@type\":\"ImageObject\",\"inLanguage\":\"es\",\"@id\":\"https:\/\/sabado100.com.ar\/es-ar\/#\/schema\/person\/image\/\",\"url\":\"https:\/\/sabado100.com.ar\/es-ar\/wp-content\/litespeed\/avatar\/4011a1aa10f57cda77b281e34885822b.jpg?ver=1787726386\",\"contentUrl\":\"https:\/\/sabado100.com.ar\/es-ar\/wp-content\/litespeed\/avatar\/4011a1aa10f57cda77b281e34885822b.jpg?ver=1787726386\",\"caption\":\"admin\"},\"sameAs\":[\"https:\/\/sabado100.com.ar\/es-ar\"],\"url\":\"https:\/\/sabado100.com.ar\/es-ar\/author\/s100\/\"}]}<\/script>\n<!-- \/ Yoast SEO plugin. -->","yoast_head_json":{"title":"Concejales y representantes del CCIRR abordaron temas vinculados a la actividad comercial - Sabado 100","robots":{"index":"index","follow":"follow","max-snippet":"max-snippet:-1","max-image-preview":"max-image-preview:large","max-video-preview":"max-video-preview:-1"},"canonical":"https:\/\/sabado100.com.ar\/es-ar\/concejales-y-representantes-del-ccirr-abordaron-temas-vinculados-a-la-actividad-comercial\/","og_locale":"es_ES","og_type":"article","og_title":"Concejales y representantes del CCIRR abordaron temas vinculados a la actividad comercial - Sabado 100","og_description":"Durante el encuentro se plantearon modificaciones a la zona de estacionamiento controlado, cuestiones tributarias y distintos temas relacionados con el desarrollo productivo de la ciudad.","og_url":"https:\/\/sabado100.com.ar\/es-ar\/concejales-y-representantes-del-ccirr-abordaron-temas-vinculados-a-la-actividad-comercial\/","og_site_name":"Sabado 100","article_publisher":"https:\/\/www.facebook.com\/sabadocien\/","article_published_time":"2026-09-01T21:01:27+00:00","article_modified_time":"2026-09-01T21:01:28+00:00","og_image":[{"width":1280,"height":960,"url":"https:\/\/sabado100.com.ar\/es-ar\/wp-content\/uploads\/2026\/09\/WhatsApp-Image-2026-09-01-at-13.06.01.jpeg","type":"image\/jpeg"}],"author":"admin","twitter_card":"summary_large_image","twitter_misc":{"Escrito por":"admin","Tiempo de lectura":"2 minutos"},"schema":{"@context":"https:\/\/schema.org","@graph":[{"@type":"Article","@id":"https:\/\/sabado100.com.ar\/es-ar\/concejales-y-representantes-del-ccirr-abordaron-temas-vinculados-a-la-actividad-comercial\/#article","isPartOf":{"@id":"https:\/\/sabado100.com.ar\/es-ar\/concejales-y-representantes-del-ccirr-abordaron-temas-vinculados-a-la-actividad-comercial\/"},"author":{"name":"admin","@id":"https:\/\/sabado100.com.ar\/es-ar\/#\/schema\/person\/0a9d576d4c50f5ee5c774c01644c2bf5"},"headline":"Concejales y representantes del CCIRR abordaron temas vinculados a la actividad comercial","datePublished":"2026-09-01T21:01:27+00:00","dateModified":"2026-09-01T21:01:28+00:00","mainEntityOfPage":{"@id":"https:\/\/sabado100.com.ar\/es-ar\/concejales-y-representantes-del-ccirr-abordaron-temas-vinculados-a-la-actividad-comercial\/"},"wordCount":328,"commentCount":0,"publisher":{"@id":"https:\/\/sabado100.com.ar\/es-ar\/#organization"},"image":{"@id":"https:\/\/sabado100.com.ar\/es-ar\/concejales-y-representantes-del-ccirr-abordaron-temas-vinculados-a-la-actividad-comercial\/#primaryimage"},"thumbnailUrl":"https:\/\/sabado100.com.ar\/es-ar\/wp-content\/uploads\/2026\/09\/WhatsApp-Image-2026-09-01-at-13.06.01.jpeg","keywords":["Concejales y representantes del CCIRR abordaron temas vinculados a la actividad comercial"],"articleSection":["Econom\u00eda"],"inLanguage":"es","potentialAction":[{"@type":"CommentAction","name":"Comment","target":["https:\/\/sabado100.com.ar\/es-ar\/concejales-y-representantes-del-ccirr-abordaron-temas-vinculados-a-la-actividad-comercial\/#respond"]}]},{"@type":"WebPage","@id":"https:\/\/sabado100.com.ar\/es-ar\/concejales-y-representantes-del-ccirr-abordaron-temas-vinculados-a-la-actividad-comercial\/","url":"https:\/\/sabado100.com.ar\/es-ar\/concejales-y-representantes-del-ccirr-abordaron-temas-vinculados-a-la-actividad-comercial\/","name":"Concejales y representantes del CCIRR abordaron temas vinculados a la actividad comercial - Sabado 100","isPartOf":{"@id":"https:\/\/sabado100.com.ar\/es-ar\/#website"},"primaryImageOfPage":{"@id":"https:\/\/sabado100.com.ar\/es-ar\/concejales-y-representantes-del-ccirr-abordaron-temas-vinculados-a-la-actividad-comercial\/#primaryimage"},"image":{"@id":"https:\/\/sabado100.com.ar\/es-ar\/concejales-y-representantes-del-ccirr-abordaron-temas-vinculados-a-la-actividad-comercial\/#primaryimage"},"thumbnailUrl":"https:\/\/sabado100.com.ar\/es-ar\/wp-content\/uploads\/2026\/09\/WhatsApp-Image-2026-09-01-at-13.06.01.jpeg","datePublished":"2026-09-01T21:01:27+00:00","dateModified":"2026-09-01T21:01:28+00:00","breadcrumb":{"@id":"https:\/\/sabado100.com.ar\/es-ar\/concejales-y-representantes-del-ccirr-abordaron-temas-vinculados-a-la-actividad-comercial\/#breadcrumb"},"inLanguage":"es","potentialAction":[{"@type":"ReadAction","target":["https:\/\/sabado100.com.ar\/es-ar\/concejales-y-representantes-del-ccirr-abordaron-temas-vinculados-a-la-actividad-comercial\/"]}]},{"@type":"ImageObject","inLanguage":"es","@id":"https:\/\/sabado100.com.ar\/es-ar\/concejales-y-representantes-del-ccirr-abordaron-temas-vinculados-a-la-actividad-comercial\/#primaryimage","url":"https:\/\/sabado100.com.ar\/es-ar\/wp-content\/uploads\/2026\/09\/WhatsApp-Image-2026-09-01-at-13.06.01.jpeg","contentUrl":"https:\/\/sabado100.com.ar\/es-ar\/wp-content\/uploads\/2026\/09\/WhatsApp-Image-2026-09-01-at-13.06.01.jpeg","width":1280,"height":960},{"@type":"BreadcrumbList","@id":"https:\/\/sabado100.com.ar\/es-ar\/concejales-y-representantes-del-ccirr-abordaron-temas-vinculados-a-la-actividad-comercial\/#breadcrumb","itemListElement":[{"@type":"ListItem","position":1,"name":"Portada","item":"https:\/\/sabado100.com.ar\/es-ar\/"},{"@type":"ListItem","position":2,"name":"Concejales y representantes del CCIRR abordaron temas vinculados a la actividad comercial"}]},{"@type":"WebSite","@id":"https:\/\/sabado100.com.ar\/es-ar\/#website","url":"https:\/\/sabado100.com.ar\/es-ar\/","name":"Sabado 100","description":"","publisher":{"@id":"https:\/\/sabado100.com.ar\/es-ar\/#organization"},"potentialAction":[{"@type":"SearchAction","target":{"@type":"EntryPoint","urlTemplate":"https:\/\/sabado100.com.ar\/es-ar\/?s={search_term_string}"},"query-input":"required name=search_term_string"}],"inLanguage":"es"},{"@type":"Organization","@id":"https:\/\/sabado100.com.ar\/es-ar\/#organization","name":"Sabado 100","url":"https:\/\/sabado100.com.ar\/es-ar\/","logo":{"@type":"ImageObject","inLanguage":"es","@id":"https:\/\/sabado100.com.ar\/es-ar\/#\/schema\/logo\/image\/","url":"https:\/\/sabado100.com.ar\/es-ar\/wp-content\/uploads\/2024\/04\/logo3.jpg","contentUrl":"https:\/\/sabado100.com.ar\/es-ar\/wp-content\/uploads\/2024\/04\/logo3.jpg","width":300,"height":174,"caption":"Sabado 100"},"image":{"@id":"https:\/\/sabado100.com.ar\/es-ar\/#\/schema\/logo\/image\/"},"sameAs":["https:\/\/www.facebook.com\/sabadocien\/","https:\/\/www.instagram.com\/sabado100.com.ar\/","https:\/\/www.youtube.com\/@sabado1003"]},{"@type":"Person","@id":"https:\/\/sabado100.com.ar\/es-ar\/#\/schema\/person\/0a9d576d4c50f5ee5c774c01644c2bf5","name":"admin","image":{"@type":"ImageObject","inLanguage":"es","@id":"https:\/\/sabado100.com.ar\/es-ar\/#\/schema\/person\/image\/","url":"https:\/\/sabado100.com.ar\/es-ar\/wp-content\/litespeed\/avatar\/4011a1aa10f57cda77b281e34885822b.jpg?ver=1787726386","contentUrl":"https:\/\/sabado100.com.ar\/es-ar\/wp-content\/litespeed\/avatar\/4011a1aa10f57cda77b281e34885822b.jpg?ver=1787726386","caption":"admin"},"sameAs":["https:\/\/sabado100.com.ar\/es-ar"],"url":"https:\/\/sabado100.com.ar\/es-ar\/author\/s100\/"}]}},"_links":{"self":[{"href":"https:\/\/sabado100.com.ar\/es-ar\/wp-json\/wp\/v2\/posts\/39823","targetHints":{"allow":["GET"]}}],"collection":[{"href":"https:\/\/sabado100.com.ar\/es-ar\/wp-json\/wp\/v2\/posts"}],"about":[{"href":"https:\/\/sabado100.com.ar\/es-ar\/wp-json\/wp\/v2\/types\/post"}],"author":[{"embeddable":true,"href":"https:\/\/sabado100.com.ar\/es-ar\/wp-json\/wp\/v2\/users\/1"}],"replies":[{"embeddable":true,"href":"https:\/\/sabado100.com.ar\/es-ar\/wp-json\/wp\/v2\/comments?post=39823"}],"version-history":[{"count":1,"href":"https:\/\/sabado100.com.ar\/es-ar\/wp-json\/wp\/v2\/posts\/39823\/revisions"}],"predecessor-version":[{"id":39825,"href":"https:\/\/sabado100.com.ar\/es-ar\/wp-json\/wp\/v2\/posts\/39823\/revisions\/39825"}],"wp:featuredmedia":[{"embeddable":true,"href":"https:\/\/sabado100.com.ar\/es-ar\/wp-json\/wp\/v2\/media\/39824"}],"wp:attachment":[{"href":"https:\/\/sabado100.com.ar\/es-ar\/wp-json\/wp\/v2\/media?parent=39823"}],"wp:term":[{"taxonomy":"category","embeddable":true,"href":"https:\/\/sabado100.com.ar\/es-ar\/wp-json\/wp\/v2\/categories?post=39823"},{"taxonomy":"post_tag","embeddable":true,"href":"https:\/\/sabado100.com.ar\/es-ar\/wp-json\/wp\/v2\/tags?post=39823"}],"curies":[{"name":"wp","href":"https:\/\/api.w.org\/{rel}","templated":true}]}}