{"id":39819,"date":"2026-09-01T20:57:30","date_gmt":"2026-09-01T20:57:30","guid":{"rendered":"https:\/\/sabado100.com.ar\/es-ar\/?p=39819"},"modified":"2026-09-01T20:57:31","modified_gmt":"2026-09-01T20:57:31","slug":"el-biologo-rafael-lajmanovich-abordo-las-evidencias-cientificas-de-los-agroquimicos","status":"publish","type":"post","link":"https:\/\/sabado100.com.ar\/es-ar\/el-biologo-rafael-lajmanovich-abordo-las-evidencias-cientificas-de-los-agroquimicos\/","title":{"rendered":"El bi\u00f3logo Rafael Lajmanovich abord\u00f3 las evidencias cient\u00edficas de los agroqu\u00edmicos"},"content":{"rendered":"\n<p class=\"wp-block-paragraph\"><strong>Por Emilio Grande (h.).-<\/strong> Este martes 1 de setiembre continu\u00f3 la ronda de expositores vinculados sobre el tema de los fitosanitarios y el l\u00edmite agron\u00f3mico, dispuesto por la Justicia, en el Concejo Municipal, de manera virtual a cargo del bi\u00f3logo Rafael Lajmanovich (laboratorio de Ecotoxicolog\u00eda, Facultad de Bioqu\u00edmica y Ciencias Biol\u00f3gicas, CONICET-UNL, Santa Fe), acompa\u00f1ado la exposici\u00f3n por un power point.<\/p>\n\n\n\n<p class=\"wp-block-paragraph\">\u00bfLos agroqu\u00edmicos permanecen dentro de los lotes donde se aplican? \u00bfC\u00f3mo se explica la presencia de sus residuos en r\u00edos, arroyos, aguas subterr\u00e1neas, sedimentos, fauna silvestre y poblaciones humanas, incluso a grandes distancias de los campos sembrados? \u201cPulsos t\u00f3xicos en cuencas tributarias del r\u00edo Paran\u00e1\u201d.<\/p>\n\n\n\n<p class=\"wp-block-paragraph\"><strong>El punto de partida:<\/strong> evidencias a escala de cuenca de glifosato y AMPA (\u00e1cido aminometilfosf\u00f3nico) en sedimentos del r\u00edo Paran\u00e1 (Ronco et al., 2016).<\/p>\n\n\n\n<p class=\"wp-block-paragraph\">Resultados convergentes en tributarios del Paran\u00e1 medio:<\/p>\n\n\n\n<p class=\"wp-block-paragraph\"><strong>*R\u00edo Salado-Culul\u00fa (Santa Fe):<\/strong> 30 plaguicidas en aguas y sedimentos. R\u00e9cord mundial en peces: mayores concentraciones de herbicidas polares registradas en m\u00fasculo de s\u00e1balo -AMPA 3.116 \u00b5g\/kg, glufosinato 677 \u00b5g\/kg y glifosato 187 \u00b5g\/kg-.<\/p>\n\n\n\n<p class=\"wp-block-paragraph\"><strong>*Arroyo Los Troncos-canal San Carlos (Santa Fe):<\/strong> 9 plaguicidas, f\u00e1rmacos veterinarios, elevada carga org\u00e1nica y contaminaci\u00f3n bacteriol\u00f3gica; mortandad de tortugas y hasta 100% de mortalidad en renacuajos.<\/p>\n\n\n\n<p class=\"wp-block-paragraph\"><strong>*Arroyo Salto (Entre R\u00edos):<\/strong> 26 plaguicidas y metales por encima de valores de protecci\u00f3n; mortalidad, estr\u00e9s oxidativo y neurotoxicidad en renacuajos.<\/p>\n\n\n\n<p class=\"wp-block-paragraph\"><strong>*Crespo-Espinillo-Las Conchas-Las Tunas (Entre R\u00edos):<\/strong> r\u00e9cord sudamericano en sedimentos: glifosato 5.002 \u00b5g\/kg en el arroyo Las Conchas; mortalidad y alteraciones hormonales, neurol\u00f3gicas y gen\u00e9ticas. Despu\u00e9s de las grandes lluvias, la toxicidad se propaga aguas abajo \u201cpulso t\u00f3xico\u201d.<\/p>\n\n\n\n<p class=\"wp-block-paragraph\">\u201cUn mismo patr\u00f3n regional: mezclas de contaminantes que alcanzan sedimentos y fauna, producen toxicidad y se desplazan por cientos de kil\u00f3metros por la red fluvial hacia el Paran\u00e1\u201d.<\/p>\n\n\n\n<p class=\"wp-block-paragraph\"><strong>Del lote a la cuenca:<\/strong> agroqu\u00edmicos a cientos de kil\u00f3metros. La deriva es la primera salida; lluvia, drenajes y tributarios contin\u00faan el transporte regional. 1) Lote aplicado: aplicaci\u00f3n sobre cultivos. 2) Salida del lote y movilizaci\u00f3n: deriva a\u00e9rea, drenajes, escorrent\u00eda y erosi\u00f3n, arroyos y tributarios, glifosato y AMPA agua y sedimentos, transporte aguas debajo de cientos de km. 3) Evidencia a distancia: 5.002 \u00b5g\/kg r\u00e9cord sudamericano, AMPA 3.116 \u00b5g\/kg, glifosato: 187 \u00b5g\/kg s\u00e1balo, r\u00e9cord mundial.<\/p>\n\n\n\n<p class=\"wp-block-paragraph\">Lo aplicado en un lote puede detectarse a cientos de kil\u00f3metros. Esquema conceptual: la presencia regional demuestra movilidad por m\u00faltiples v\u00edas, no el seguimiento de una aplicaci\u00f3n individual. <strong>Fuentes:<\/strong> Ronco et al. (2016); Peluso et al. (2022); Lajmanovich et al. (2023); Cuzziol Boccioni et al. (2025).<\/p>\n\n\n\n<p class=\"wp-block-paragraph\">\u201cHasta el 60% de los plaguicidas aplicados puede derivar en el aire durante el verano, alcanzando ecosistemas a cientos de kil\u00f3metros y provocando severas p\u00e9rdidas de biodiversidad\u201d.<\/p>\n\n\n\n<p class=\"wp-block-paragraph\">De los ecosistemas a las poblaciones humanas: \u2022 Si los plaguicidas alcanzan r\u00edos, sedimentos y fauna, \u00bfqu\u00e9 ocurre con las poblaciones humanas? \u2022 \u00bfLa exposici\u00f3n se limita a quienes los aplican, o tambi\u00e9n alcanza a quienes viven en esos territorios?<\/p>\n\n\n\n<figure class=\"wp-block-image size-full\"><img fetchpriority=\"high\" decoding=\"async\" width=\"903\" height=\"547\" src=\"https:\/\/sabado100.com.ar\/es-ar\/wp-content\/uploads\/2026\/09\/WhatsApp-Image-2026-09-01-at-17.51.38.jpeg\" alt=\"\" class=\"wp-image-39821\" srcset=\"https:\/\/sabado100.com.ar\/es-ar\/wp-content\/uploads\/2026\/09\/WhatsApp-Image-2026-09-01-at-17.51.38.jpeg 903w, https:\/\/sabado100.com.ar\/es-ar\/wp-content\/uploads\/2026\/09\/WhatsApp-Image-2026-09-01-at-17.51.38-300x182.jpeg 300w, https:\/\/sabado100.com.ar\/es-ar\/wp-content\/uploads\/2026\/09\/WhatsApp-Image-2026-09-01-at-17.51.38-768x465.jpeg 768w\" sizes=\"(max-width: 903px) 100vw, 903px\" \/><\/figure>\n\n\n\n<p class=\"wp-block-paragraph\"><\/p>\n\n\n\n<p class=\"wp-block-paragraph\"><strong>\u00bfQu\u00e9 muestran las evidencias en Santa Fe?<\/strong> Resultados centrales:<\/p>\n\n\n\n<p class=\"wp-block-paragraph\">\u2022 Se detectaron residuos de plaguicidas en el 80,9% de las muestras de orina de mujeres embarazadas (N =89), con 39 compuestos diferentes.<\/p>\n\n\n\n<p class=\"wp-block-paragraph\">\u2022 El 64% present\u00f3 mezclas: mediana de 2 y hasta 15 plaguicidas en una misma mujer.<\/p>\n\n\n\n<p class=\"wp-block-paragraph\">\u2022 En Rafaela, Sunchales y Bella Italia, las estrobilurinas (fungicidas) se detectaron en el 38%, significativamente m\u00e1s que en las dem\u00e1s regiones.<\/p>\n\n\n\n<p class=\"wp-block-paragraph\">\u2022 Las complicaciones del embarazo fueron m\u00e1s frecuentes en el grupo rural: 49% frente a 19% en el urbano.<\/p>\n\n\n\n<p class=\"wp-block-paragraph\">\u2022 La restricci\u00f3n del crecimiento intrauterino se asoci\u00f3 con m\u00e1s residuos por mujer y mayor detecci\u00f3n de fungicidas triazoles.<\/p>\n\n\n\n<p class=\"wp-block-paragraph\"><strong>\u2022 Nota:<\/strong> no se analizaron glifosato ni AMPA.<\/p>\n\n\n\n<p class=\"wp-block-paragraph\">\u2022 Estudi\u00f3 poblaciones de Candioti, Santo Domingo y La Pelada, Santa Fe.<\/p>\n\n\n\n<p class=\"wp-block-paragraph\">\u2022 Residuos de plaguicidas en el 62% de las muestras de sangre (v y m, N = 107), con mayor frecuencia en pobladores rurales que en el control urbano.<\/p>\n\n\n\n<p class=\"wp-block-paragraph\">\u2022 Atrazina en el 47% de las muestras de agua de lluvia de Santo Domingo: es una evidencia especialmente directa de transporte atmosf\u00e9rico y deposici\u00f3n.<\/p>\n\n\n\n<p class=\"wp-block-paragraph\">\u2022 Glifosato y AMPA estuvieron presentes en 67% de las muestras de suelo de las tres localidades.<\/p>\n\n\n\n<p class=\"wp-block-paragraph\">\u2022 La poblaci\u00f3n rural present\u00f3 incrementos en biomarcadores de estr\u00e9s oxidativo y da\u00f1o gen\u00e9tico.<\/p>\n\n\n\n<p class=\"wp-block-paragraph\"><strong>\u2022 Nota:<\/strong> no se analiz\u00f3 el glifosato en sangre.<\/p>\n\n\n\n<p class=\"wp-block-paragraph\"><strong>\u00bfQu\u00e9 muestran las evidencias en Argentina?<\/strong> Resultados centrales:<\/p>\n\n\n\n<p class=\"wp-block-paragraph\">\u2022 En la regi\u00f3n pampeana argentina participaron 72 personas pertenecientes a cuatro grupos: agricultores convencionales y org\u00e1nicos, vecinos cercanos a campos agr\u00edcolas y controles urbanos.<\/p>\n\n\n\n<p class=\"wp-block-paragraph\">\u2022 Se detect\u00f3 glifosato en el 100% de las muestras fecales y en el 86,1% de las muestras de orina.<\/p>\n\n\n\n<p class=\"wp-block-paragraph\">\u2022 Entre los vecinos rurales sin exposici\u00f3n laboral, el glifosato estuvo presente en el 100% de las muestras fecales y en el 96,3% de las orinas.<\/p>\n\n\n\n<p class=\"wp-block-paragraph\">\u2022 En las muestras fecales, la detecci\u00f3n de AMPA disminuy\u00f3 siguiendo un gradiente de contacto agr\u00edcola: 44,4 % en agricultores convencionales, 33,3% en org\u00e1nicos, 22,2% en vecinos y 8,3% en controles urbanos.<\/p>\n\n\n\n<p class=\"wp-block-paragraph\">En Argentina, el 95% de las muestras presentaron hasta 483 \u00b5g\/kg de glifosato. El valor m\u00e1ximo alcanz\u00f3 1.672 \u00b5g\/kg y fue detectado en una persona vecina de campos agr\u00edcolas, sin exposici\u00f3n laboral directa. Por eso, la distancia de protecci\u00f3n no es una discusi\u00f3n abstracta: es una barrera para reducir una v\u00eda de exposici\u00f3n evitable.<\/p>\n\n\n\n<p class=\"wp-block-paragraph\"><strong>\u00bfCu\u00e1l es la distancia de rescate?<\/strong><\/p>\n\n\n\n<p class=\"wp-block-paragraph\">Metodolog\u00eda: modelado atmosf\u00e9rico WRF- CALPUFF, sobre un dominio de 50 \u00d7 50 km, simulando 9 aplicaciones reales de \u03bbcihalotrina durante 48 horas y usando 21 escenarios en ensamble con distintas condiciones meteorol\u00f3gicas y de emisi\u00f3n.<\/p>\n\n\n\n<p class=\"wp-block-paragraph\">Resultado clave: derivas de decenas de kil\u00f3metros, mientras que la mayor parte de las part\u00edculas se deposita dentro de 1-2 km.<\/p>\n\n\n\n<p class=\"wp-block-paragraph\"><strong>Dise\u00f1o del estudio.<\/strong> 40 mujeres embarazadas sin exposici\u00f3n ocupacional a plaguicidas, analizando 453 muestras de orina a lo largo del embarazo. Las residencias se clasificaron como cercanas (&lt;500 m) o alejadas (\u2265500 m) de campos agr\u00edcolas activos y se compararon<\/p>\n\n\n\n<p class=\"wp-block-paragraph\">per\u00edodos de aplicaci\u00f3n y de no aplicaci\u00f3n.<\/p>\n\n\n\n<p class=\"wp-block-paragraph\"><strong>Hallazgo central.<\/strong> En quienes viv\u00edan a menos de 500 m, durante la temporada de aplicaciones, aumentaron tanto la frecuencia de detecci\u00f3n de glifosato (55 \u2192 81 %) como su concentraci\u00f3n media geom\u00e9trica (0,150 \u21920,228 \u00b5g\/L; p&lt;0,001).<\/p>\n\n\n\n<p class=\"wp-block-paragraph\"><strong>Interpretaci\u00f3n.<\/strong> La proximidad residencial y el momento de aplicaci\u00f3n estuvieron asociados con una mayor exposici\u00f3n interna, lo que apoya a la aplicaci\u00f3n agr\u00edcola como fuente de exposici\u00f3n para poblaci\u00f3n no ocupacional. \u201c500 m fue el criterio de comparaci\u00f3n del estudio; no representa un umbral demostrado de seguridad\u201d.<\/p>\n\n\n\n<p class=\"wp-block-paragraph\">\u00bfAlcanzan 200 m para proteger la salud y el ambiente, o las evidencias cient\u00edficas indican que hay que ampliarlos? Principio precautorio (ley 25.675, art\u00edculo 4): \u201cCuando haya peligro de da\u00f1o grave o irreversible, la ausencia de informaci\u00f3n o certeza cient\u00edfica no deber\u00e1 utilizarse como raz\u00f3n para postergar la adopci\u00f3n de medidas eficaces (\u2026) para impedir la degradaci\u00f3n del ambiente\u201d.<\/p>\n\n\n\n<p class=\"wp-block-paragraph\"><\/p>\n","protected":false},"excerpt":{"rendered":"<p>El investigador CONICET-UNL expuso ante los concejales, analizando el uso del glifosato y AMPA en las cuencas de la regi\u00f3n. En Rafaela, Sunchales y Bella Italia, las estrobilurinas (fungicidas) se detectaron en el 38%, significativamente m\u00e1s que en las dem\u00e1s regiones. Sobre los 200 m para proteger la salud y el ambiente, opin\u00f3 aplicar el principio precautorio.<\/p>\n","protected":false},"author":1,"featured_media":39820,"comment_status":"open","ping_status":"open","sticky":false,"template":"","format":"standard","meta":{"site-sidebar-layout":"default","site-content-layout":"","ast-site-content-layout":"default","site-content-style":"default","site-sidebar-style":"default","ast-global-header-display":"","ast-banner-title-visibility":"","ast-main-header-display":"","ast-hfb-above-header-display":"","ast-hfb-below-header-display":"","ast-hfb-mobile-header-display":"","site-post-title":"","ast-breadcrumbs-content":"","ast-featured-img":"","footer-sml-layout":"","ast-disable-related-posts":"","theme-transparent-header-meta":"","adv-header-id-meta":"","stick-header-meta":"","header-above-stick-meta":"","header-main-stick-meta":"","header-below-stick-meta":"","astra-migrate-meta-layouts":"default","ast-page-background-enabled":"default","ast-page-background-meta":{"desktop":{"background-color":"var(--ast-global-color-4)","background-image":"","background-repeat":"repeat","background-position":"center center","background-size":"auto","background-attachment":"scroll","background-type":"","background-media":"","overlay-type":"","overlay-color":"","overlay-opacity":"","overlay-gradient":""},"tablet":{"background-color":"","background-image":"","background-repeat":"repeat","background-position":"center center","background-size":"auto","background-attachment":"scroll","background-type":"","background-media":"","overlay-type":"","overlay-color":"","overlay-opacity":"","overlay-gradient":""},"mobile":{"background-color":"","background-image":"","background-repeat":"repeat","background-position":"center center","background-size":"auto","background-attachment":"scroll","background-type":"","background-media":"","overlay-type":"","overlay-color":"","overlay-opacity":"","overlay-gradient":""}},"ast-content-background-meta":{"desktop":{"background-color":"var(--ast-global-color-5)","background-image":"","background-repeat":"repeat","background-position":"center center","background-size":"auto","background-attachment":"scroll","background-type":"","background-media":"","overlay-type":"","overlay-color":"","overlay-opacity":"","overlay-gradient":""},"tablet":{"background-color":"var(--ast-global-color-5)","background-image":"","background-repeat":"repeat","background-position":"center center","background-size":"auto","background-attachment":"scroll","background-type":"","background-media":"","overlay-type":"","overlay-color":"","overlay-opacity":"","overlay-gradient":""},"mobile":{"background-color":"var(--ast-global-color-5)","background-image":"","background-repeat":"repeat","background-position":"center center","background-size":"auto","background-attachment":"scroll","background-type":"","background-media":"","overlay-type":"","overlay-color":"","overlay-opacity":"","overlay-gradient":""}},"footnotes":""},"categories":[49],"tags":[9362],"class_list":["post-39819","post","type-post","status-publish","format-standard","has-post-thumbnail","hentry","category-medio-ambiente","tag-el-biologo-rafael-lajmanovich-abordo-las-evidencias-cientificas-de-los-agroquimicos"],"yoast_head":"<!-- This site is optimized with the Yoast SEO plugin v23.2 - https:\/\/yoast.com\/wordpress\/plugins\/seo\/ -->\n<title>El bi\u00f3logo Rafael Lajmanovich abord\u00f3 las evidencias cient\u00edficas de los agroqu\u00edmicos - Sabado 100<\/title>\n<meta name=\"robots\" content=\"index, follow, max-snippet:-1, max-image-preview:large, max-video-preview:-1\" \/>\n<link rel=\"canonical\" href=\"https:\/\/sabado100.com.ar\/es-ar\/el-biologo-rafael-lajmanovich-abordo-las-evidencias-cientificas-de-los-agroquimicos\/\" \/>\n<meta property=\"og:locale\" content=\"es_ES\" \/>\n<meta property=\"og:type\" content=\"article\" \/>\n<meta property=\"og:title\" content=\"El bi\u00f3logo Rafael Lajmanovich abord\u00f3 las evidencias cient\u00edficas de los agroqu\u00edmicos - Sabado 100\" \/>\n<meta property=\"og:description\" content=\"El investigador CONICET-UNL expuso ante los concejales, analizando el uso del glifosato y AMPA en las cuencas de la regi\u00f3n. En Rafaela, Sunchales y Bella Italia, las estrobilurinas (fungicidas) se detectaron en el 38%, significativamente m\u00e1s que en las dem\u00e1s regiones. Sobre los 200 m para proteger la salud y el ambiente, opin\u00f3 aplicar el principio precautorio.\" \/>\n<meta property=\"og:url\" content=\"https:\/\/sabado100.com.ar\/es-ar\/el-biologo-rafael-lajmanovich-abordo-las-evidencias-cientificas-de-los-agroquimicos\/\" \/>\n<meta property=\"og:site_name\" content=\"Sabado 100\" \/>\n<meta property=\"article:publisher\" content=\"https:\/\/www.facebook.com\/sabadocien\/\" \/>\n<meta property=\"article:published_time\" content=\"2026-09-01T20:57:30+00:00\" \/>\n<meta property=\"article:modified_time\" content=\"2026-09-01T20:57:31+00:00\" \/>\n<meta property=\"og:image\" content=\"https:\/\/sabado100.com.ar\/es-ar\/wp-content\/uploads\/2026\/09\/WhatsApp-Image-2026-09-01-at-17.49.31.jpeg\" \/>\n\t<meta property=\"og:image:width\" content=\"1280\" \/>\n\t<meta property=\"og:image:height\" content=\"960\" \/>\n\t<meta property=\"og:image:type\" content=\"image\/jpeg\" \/>\n<meta name=\"author\" content=\"admin\" \/>\n<meta name=\"twitter:card\" content=\"summary_large_image\" \/>\n<meta name=\"twitter:label1\" content=\"Escrito por\" \/>\n\t<meta name=\"twitter:data1\" content=\"admin\" \/>\n\t<meta name=\"twitter:label2\" content=\"Tiempo de lectura\" \/>\n\t<meta name=\"twitter:data2\" content=\"6 minutos\" \/>\n<script type=\"application\/ld+json\" class=\"yoast-schema-graph\">{\"@context\":\"https:\/\/schema.org\",\"@graph\":[{\"@type\":\"Article\",\"@id\":\"https:\/\/sabado100.com.ar\/es-ar\/el-biologo-rafael-lajmanovich-abordo-las-evidencias-cientificas-de-los-agroquimicos\/#article\",\"isPartOf\":{\"@id\":\"https:\/\/sabado100.com.ar\/es-ar\/el-biologo-rafael-lajmanovich-abordo-las-evidencias-cientificas-de-los-agroquimicos\/\"},\"author\":{\"name\":\"admin\",\"@id\":\"https:\/\/sabado100.com.ar\/es-ar\/#\/schema\/person\/0a9d576d4c50f5ee5c774c01644c2bf5\"},\"headline\":\"El bi\u00f3logo Rafael Lajmanovich abord\u00f3 las evidencias cient\u00edficas de los agroqu\u00edmicos\",\"datePublished\":\"2026-09-01T20:57:30+00:00\",\"dateModified\":\"2026-09-01T20:57:31+00:00\",\"mainEntityOfPage\":{\"@id\":\"https:\/\/sabado100.com.ar\/es-ar\/el-biologo-rafael-lajmanovich-abordo-las-evidencias-cientificas-de-los-agroquimicos\/\"},\"wordCount\":1163,\"commentCount\":0,\"publisher\":{\"@id\":\"https:\/\/sabado100.com.ar\/es-ar\/#organization\"},\"image\":{\"@id\":\"https:\/\/sabado100.com.ar\/es-ar\/el-biologo-rafael-lajmanovich-abordo-las-evidencias-cientificas-de-los-agroquimicos\/#primaryimage\"},\"thumbnailUrl\":\"https:\/\/sabado100.com.ar\/es-ar\/wp-content\/uploads\/2026\/09\/WhatsApp-Image-2026-09-01-at-17.49.31.jpeg\",\"keywords\":[\"El bi\u00f3logo Rafael Lajmanovich abord\u00f3 las evidencias cient\u00edficas de los agroqu\u00edmicos\"],\"articleSection\":[\"Medio Ambiente\"],\"inLanguage\":\"es\",\"potentialAction\":[{\"@type\":\"CommentAction\",\"name\":\"Comment\",\"target\":[\"https:\/\/sabado100.com.ar\/es-ar\/el-biologo-rafael-lajmanovich-abordo-las-evidencias-cientificas-de-los-agroquimicos\/#respond\"]}]},{\"@type\":\"WebPage\",\"@id\":\"https:\/\/sabado100.com.ar\/es-ar\/el-biologo-rafael-lajmanovich-abordo-las-evidencias-cientificas-de-los-agroquimicos\/\",\"url\":\"https:\/\/sabado100.com.ar\/es-ar\/el-biologo-rafael-lajmanovich-abordo-las-evidencias-cientificas-de-los-agroquimicos\/\",\"name\":\"El bi\u00f3logo Rafael Lajmanovich abord\u00f3 las evidencias cient\u00edficas de los agroqu\u00edmicos - Sabado 100\",\"isPartOf\":{\"@id\":\"https:\/\/sabado100.com.ar\/es-ar\/#website\"},\"primaryImageOfPage\":{\"@id\":\"https:\/\/sabado100.com.ar\/es-ar\/el-biologo-rafael-lajmanovich-abordo-las-evidencias-cientificas-de-los-agroquimicos\/#primaryimage\"},\"image\":{\"@id\":\"https:\/\/sabado100.com.ar\/es-ar\/el-biologo-rafael-lajmanovich-abordo-las-evidencias-cientificas-de-los-agroquimicos\/#primaryimage\"},\"thumbnailUrl\":\"https:\/\/sabado100.com.ar\/es-ar\/wp-content\/uploads\/2026\/09\/WhatsApp-Image-2026-09-01-at-17.49.31.jpeg\",\"datePublished\":\"2026-09-01T20:57:30+00:00\",\"dateModified\":\"2026-09-01T20:57:31+00:00\",\"breadcrumb\":{\"@id\":\"https:\/\/sabado100.com.ar\/es-ar\/el-biologo-rafael-lajmanovich-abordo-las-evidencias-cientificas-de-los-agroquimicos\/#breadcrumb\"},\"inLanguage\":\"es\",\"potentialAction\":[{\"@type\":\"ReadAction\",\"target\":[\"https:\/\/sabado100.com.ar\/es-ar\/el-biologo-rafael-lajmanovich-abordo-las-evidencias-cientificas-de-los-agroquimicos\/\"]}]},{\"@type\":\"ImageObject\",\"inLanguage\":\"es\",\"@id\":\"https:\/\/sabado100.com.ar\/es-ar\/el-biologo-rafael-lajmanovich-abordo-las-evidencias-cientificas-de-los-agroquimicos\/#primaryimage\",\"url\":\"https:\/\/sabado100.com.ar\/es-ar\/wp-content\/uploads\/2026\/09\/WhatsApp-Image-2026-09-01-at-17.49.31.jpeg\",\"contentUrl\":\"https:\/\/sabado100.com.ar\/es-ar\/wp-content\/uploads\/2026\/09\/WhatsApp-Image-2026-09-01-at-17.49.31.jpeg\",\"width\":1280,\"height\":960},{\"@type\":\"BreadcrumbList\",\"@id\":\"https:\/\/sabado100.com.ar\/es-ar\/el-biologo-rafael-lajmanovich-abordo-las-evidencias-cientificas-de-los-agroquimicos\/#breadcrumb\",\"itemListElement\":[{\"@type\":\"ListItem\",\"position\":1,\"name\":\"Portada\",\"item\":\"https:\/\/sabado100.com.ar\/es-ar\/\"},{\"@type\":\"ListItem\",\"position\":2,\"name\":\"El bi\u00f3logo Rafael Lajmanovich abord\u00f3 las evidencias cient\u00edficas de los agroqu\u00edmicos\"}]},{\"@type\":\"WebSite\",\"@id\":\"https:\/\/sabado100.com.ar\/es-ar\/#website\",\"url\":\"https:\/\/sabado100.com.ar\/es-ar\/\",\"name\":\"Sabado 100\",\"description\":\"\",\"publisher\":{\"@id\":\"https:\/\/sabado100.com.ar\/es-ar\/#organization\"},\"potentialAction\":[{\"@type\":\"SearchAction\",\"target\":{\"@type\":\"EntryPoint\",\"urlTemplate\":\"https:\/\/sabado100.com.ar\/es-ar\/?s={search_term_string}\"},\"query-input\":\"required name=search_term_string\"}],\"inLanguage\":\"es\"},{\"@type\":\"Organization\",\"@id\":\"https:\/\/sabado100.com.ar\/es-ar\/#organization\",\"name\":\"Sabado 100\",\"url\":\"https:\/\/sabado100.com.ar\/es-ar\/\",\"logo\":{\"@type\":\"ImageObject\",\"inLanguage\":\"es\",\"@id\":\"https:\/\/sabado100.com.ar\/es-ar\/#\/schema\/logo\/image\/\",\"url\":\"https:\/\/sabado100.com.ar\/es-ar\/wp-content\/uploads\/2024\/04\/logo3.jpg\",\"contentUrl\":\"https:\/\/sabado100.com.ar\/es-ar\/wp-content\/uploads\/2024\/04\/logo3.jpg\",\"width\":300,\"height\":174,\"caption\":\"Sabado 100\"},\"image\":{\"@id\":\"https:\/\/sabado100.com.ar\/es-ar\/#\/schema\/logo\/image\/\"},\"sameAs\":[\"https:\/\/www.facebook.com\/sabadocien\/\",\"https:\/\/www.instagram.com\/sabado100.com.ar\/\",\"https:\/\/www.youtube.com\/@sabado1003\"]},{\"@type\":\"Person\",\"@id\":\"https:\/\/sabado100.com.ar\/es-ar\/#\/schema\/person\/0a9d576d4c50f5ee5c774c01644c2bf5\",\"name\":\"admin\",\"image\":{\"@type\":\"ImageObject\",\"inLanguage\":\"es\",\"@id\":\"https:\/\/sabado100.com.ar\/es-ar\/#\/schema\/person\/image\/\",\"url\":\"https:\/\/sabado100.com.ar\/es-ar\/wp-content\/litespeed\/avatar\/4011a1aa10f57cda77b281e34885822b.jpg?ver=1787726386\",\"contentUrl\":\"https:\/\/sabado100.com.ar\/es-ar\/wp-content\/litespeed\/avatar\/4011a1aa10f57cda77b281e34885822b.jpg?ver=1787726386\",\"caption\":\"admin\"},\"sameAs\":[\"https:\/\/sabado100.com.ar\/es-ar\"],\"url\":\"https:\/\/sabado100.com.ar\/es-ar\/author\/s100\/\"}]}<\/script>\n<!-- \/ Yoast SEO plugin. -->","yoast_head_json":{"title":"El bi\u00f3logo Rafael Lajmanovich abord\u00f3 las evidencias cient\u00edficas de los agroqu\u00edmicos - Sabado 100","robots":{"index":"index","follow":"follow","max-snippet":"max-snippet:-1","max-image-preview":"max-image-preview:large","max-video-preview":"max-video-preview:-1"},"canonical":"https:\/\/sabado100.com.ar\/es-ar\/el-biologo-rafael-lajmanovich-abordo-las-evidencias-cientificas-de-los-agroquimicos\/","og_locale":"es_ES","og_type":"article","og_title":"El bi\u00f3logo Rafael Lajmanovich abord\u00f3 las evidencias cient\u00edficas de los agroqu\u00edmicos - Sabado 100","og_description":"El investigador CONICET-UNL expuso ante los concejales, analizando el uso del glifosato y AMPA en las cuencas de la regi\u00f3n. En Rafaela, Sunchales y Bella Italia, las estrobilurinas (fungicidas) se detectaron en el 38%, significativamente m\u00e1s que en las dem\u00e1s regiones. Sobre los 200 m para proteger la salud y el ambiente, opin\u00f3 aplicar el principio precautorio.","og_url":"https:\/\/sabado100.com.ar\/es-ar\/el-biologo-rafael-lajmanovich-abordo-las-evidencias-cientificas-de-los-agroquimicos\/","og_site_name":"Sabado 100","article_publisher":"https:\/\/www.facebook.com\/sabadocien\/","article_published_time":"2026-09-01T20:57:30+00:00","article_modified_time":"2026-09-01T20:57:31+00:00","og_image":[{"width":1280,"height":960,"url":"https:\/\/sabado100.com.ar\/es-ar\/wp-content\/uploads\/2026\/09\/WhatsApp-Image-2026-09-01-at-17.49.31.jpeg","type":"image\/jpeg"}],"author":"admin","twitter_card":"summary_large_image","twitter_misc":{"Escrito por":"admin","Tiempo de lectura":"6 minutos"},"schema":{"@context":"https:\/\/schema.org","@graph":[{"@type":"Article","@id":"https:\/\/sabado100.com.ar\/es-ar\/el-biologo-rafael-lajmanovich-abordo-las-evidencias-cientificas-de-los-agroquimicos\/#article","isPartOf":{"@id":"https:\/\/sabado100.com.ar\/es-ar\/el-biologo-rafael-lajmanovich-abordo-las-evidencias-cientificas-de-los-agroquimicos\/"},"author":{"name":"admin","@id":"https:\/\/sabado100.com.ar\/es-ar\/#\/schema\/person\/0a9d576d4c50f5ee5c774c01644c2bf5"},"headline":"El bi\u00f3logo Rafael Lajmanovich abord\u00f3 las evidencias cient\u00edficas de los agroqu\u00edmicos","datePublished":"2026-09-01T20:57:30+00:00","dateModified":"2026-09-01T20:57:31+00:00","mainEntityOfPage":{"@id":"https:\/\/sabado100.com.ar\/es-ar\/el-biologo-rafael-lajmanovich-abordo-las-evidencias-cientificas-de-los-agroquimicos\/"},"wordCount":1163,"commentCount":0,"publisher":{"@id":"https:\/\/sabado100.com.ar\/es-ar\/#organization"},"image":{"@id":"https:\/\/sabado100.com.ar\/es-ar\/el-biologo-rafael-lajmanovich-abordo-las-evidencias-cientificas-de-los-agroquimicos\/#primaryimage"},"thumbnailUrl":"https:\/\/sabado100.com.ar\/es-ar\/wp-content\/uploads\/2026\/09\/WhatsApp-Image-2026-09-01-at-17.49.31.jpeg","keywords":["El bi\u00f3logo Rafael Lajmanovich abord\u00f3 las evidencias cient\u00edficas de los agroqu\u00edmicos"],"articleSection":["Medio Ambiente"],"inLanguage":"es","potentialAction":[{"@type":"CommentAction","name":"Comment","target":["https:\/\/sabado100.com.ar\/es-ar\/el-biologo-rafael-lajmanovich-abordo-las-evidencias-cientificas-de-los-agroquimicos\/#respond"]}]},{"@type":"WebPage","@id":"https:\/\/sabado100.com.ar\/es-ar\/el-biologo-rafael-lajmanovich-abordo-las-evidencias-cientificas-de-los-agroquimicos\/","url":"https:\/\/sabado100.com.ar\/es-ar\/el-biologo-rafael-lajmanovich-abordo-las-evidencias-cientificas-de-los-agroquimicos\/","name":"El bi\u00f3logo Rafael Lajmanovich abord\u00f3 las evidencias cient\u00edficas de los agroqu\u00edmicos - Sabado 100","isPartOf":{"@id":"https:\/\/sabado100.com.ar\/es-ar\/#website"},"primaryImageOfPage":{"@id":"https:\/\/sabado100.com.ar\/es-ar\/el-biologo-rafael-lajmanovich-abordo-las-evidencias-cientificas-de-los-agroquimicos\/#primaryimage"},"image":{"@id":"https:\/\/sabado100.com.ar\/es-ar\/el-biologo-rafael-lajmanovich-abordo-las-evidencias-cientificas-de-los-agroquimicos\/#primaryimage"},"thumbnailUrl":"https:\/\/sabado100.com.ar\/es-ar\/wp-content\/uploads\/2026\/09\/WhatsApp-Image-2026-09-01-at-17.49.31.jpeg","datePublished":"2026-09-01T20:57:30+00:00","dateModified":"2026-09-01T20:57:31+00:00","breadcrumb":{"@id":"https:\/\/sabado100.com.ar\/es-ar\/el-biologo-rafael-lajmanovich-abordo-las-evidencias-cientificas-de-los-agroquimicos\/#breadcrumb"},"inLanguage":"es","potentialAction":[{"@type":"ReadAction","target":["https:\/\/sabado100.com.ar\/es-ar\/el-biologo-rafael-lajmanovich-abordo-las-evidencias-cientificas-de-los-agroquimicos\/"]}]},{"@type":"ImageObject","inLanguage":"es","@id":"https:\/\/sabado100.com.ar\/es-ar\/el-biologo-rafael-lajmanovich-abordo-las-evidencias-cientificas-de-los-agroquimicos\/#primaryimage","url":"https:\/\/sabado100.com.ar\/es-ar\/wp-content\/uploads\/2026\/09\/WhatsApp-Image-2026-09-01-at-17.49.31.jpeg","contentUrl":"https:\/\/sabado100.com.ar\/es-ar\/wp-content\/uploads\/2026\/09\/WhatsApp-Image-2026-09-01-at-17.49.31.jpeg","width":1280,"height":960},{"@type":"BreadcrumbList","@id":"https:\/\/sabado100.com.ar\/es-ar\/el-biologo-rafael-lajmanovich-abordo-las-evidencias-cientificas-de-los-agroquimicos\/#breadcrumb","itemListElement":[{"@type":"ListItem","position":1,"name":"Portada","item":"https:\/\/sabado100.com.ar\/es-ar\/"},{"@type":"ListItem","position":2,"name":"El bi\u00f3logo Rafael Lajmanovich abord\u00f3 las evidencias cient\u00edficas de los agroqu\u00edmicos"}]},{"@type":"WebSite","@id":"https:\/\/sabado100.com.ar\/es-ar\/#website","url":"https:\/\/sabado100.com.ar\/es-ar\/","name":"Sabado 100","description":"","publisher":{"@id":"https:\/\/sabado100.com.ar\/es-ar\/#organization"},"potentialAction":[{"@type":"SearchAction","target":{"@type":"EntryPoint","urlTemplate":"https:\/\/sabado100.com.ar\/es-ar\/?s={search_term_string}"},"query-input":"required name=search_term_string"}],"inLanguage":"es"},{"@type":"Organization","@id":"https:\/\/sabado100.com.ar\/es-ar\/#organization","name":"Sabado 100","url":"https:\/\/sabado100.com.ar\/es-ar\/","logo":{"@type":"ImageObject","inLanguage":"es","@id":"https:\/\/sabado100.com.ar\/es-ar\/#\/schema\/logo\/image\/","url":"https:\/\/sabado100.com.ar\/es-ar\/wp-content\/uploads\/2024\/04\/logo3.jpg","contentUrl":"https:\/\/sabado100.com.ar\/es-ar\/wp-content\/uploads\/2024\/04\/logo3.jpg","width":300,"height":174,"caption":"Sabado 100"},"image":{"@id":"https:\/\/sabado100.com.ar\/es-ar\/#\/schema\/logo\/image\/"},"sameAs":["https:\/\/www.facebook.com\/sabadocien\/","https:\/\/www.instagram.com\/sabado100.com.ar\/","https:\/\/www.youtube.com\/@sabado1003"]},{"@type":"Person","@id":"https:\/\/sabado100.com.ar\/es-ar\/#\/schema\/person\/0a9d576d4c50f5ee5c774c01644c2bf5","name":"admin","image":{"@type":"ImageObject","inLanguage":"es","@id":"https:\/\/sabado100.com.ar\/es-ar\/#\/schema\/person\/image\/","url":"https:\/\/sabado100.com.ar\/es-ar\/wp-content\/litespeed\/avatar\/4011a1aa10f57cda77b281e34885822b.jpg?ver=1787726386","contentUrl":"https:\/\/sabado100.com.ar\/es-ar\/wp-content\/litespeed\/avatar\/4011a1aa10f57cda77b281e34885822b.jpg?ver=1787726386","caption":"admin"},"sameAs":["https:\/\/sabado100.com.ar\/es-ar"],"url":"https:\/\/sabado100.com.ar\/es-ar\/author\/s100\/"}]}},"_links":{"self":[{"href":"https:\/\/sabado100.com.ar\/es-ar\/wp-json\/wp\/v2\/posts\/39819","targetHints":{"allow":["GET"]}}],"collection":[{"href":"https:\/\/sabado100.com.ar\/es-ar\/wp-json\/wp\/v2\/posts"}],"about":[{"href":"https:\/\/sabado100.com.ar\/es-ar\/wp-json\/wp\/v2\/types\/post"}],"author":[{"embeddable":true,"href":"https:\/\/sabado100.com.ar\/es-ar\/wp-json\/wp\/v2\/users\/1"}],"replies":[{"embeddable":true,"href":"https:\/\/sabado100.com.ar\/es-ar\/wp-json\/wp\/v2\/comments?post=39819"}],"version-history":[{"count":1,"href":"https:\/\/sabado100.com.ar\/es-ar\/wp-json\/wp\/v2\/posts\/39819\/revisions"}],"predecessor-version":[{"id":39822,"href":"https:\/\/sabado100.com.ar\/es-ar\/wp-json\/wp\/v2\/posts\/39819\/revisions\/39822"}],"wp:featuredmedia":[{"embeddable":true,"href":"https:\/\/sabado100.com.ar\/es-ar\/wp-json\/wp\/v2\/media\/39820"}],"wp:attachment":[{"href":"https:\/\/sabado100.com.ar\/es-ar\/wp-json\/wp\/v2\/media?parent=39819"}],"wp:term":[{"taxonomy":"category","embeddable":true,"href":"https:\/\/sabado100.com.ar\/es-ar\/wp-json\/wp\/v2\/categories?post=39819"},{"taxonomy":"post_tag","embeddable":true,"href":"https:\/\/sabado100.com.ar\/es-ar\/wp-json\/wp\/v2\/tags?post=39819"}],"curies":[{"name":"wp","href":"https:\/\/api.w.org\/{rel}","templated":true}]}}