{"id":39810,"date":"2026-08-31T20:36:34","date_gmt":"2026-08-31T20:36:34","guid":{"rendered":"https:\/\/sabado100.com.ar\/es-ar\/?p=39810"},"modified":"2026-08-31T20:36:35","modified_gmt":"2026-08-31T20:36:35","slug":"se-estreno-el-11o-episodio-de-la-segunda-temporada-de-el-lienzo-con-german-gaggiotti","status":"publish","type":"post","link":"https:\/\/sabado100.com.ar\/es-ar\/se-estreno-el-11o-episodio-de-la-segunda-temporada-de-el-lienzo-con-german-gaggiotti\/","title":{"rendered":"Se estren\u00f3 el 11\u00ba episodio de la segunda temporada de El Lienzo con Germ\u00e1n Gaggiotti"},"content":{"rendered":"\n<figure class=\"wp-block-embed is-type-video is-provider-youtube wp-block-embed-youtube wp-embed-aspect-16-9 wp-has-aspect-ratio\"><div class=\"wp-block-embed__wrapper\">\n<iframe title=\"El Lienzo | Temporada 2 | Episodio 11 | Germ\u00e1n Gaggiotti\" width=\"500\" height=\"281\" src=\"https:\/\/www.youtube.com\/embed\/qRB7oKk3VyM?feature=oembed\" frameborder=\"0\" allow=\"accelerometer; autoplay; clipboard-write; encrypted-media; gyroscope; picture-in-picture; web-share\" referrerpolicy=\"strict-origin-when-cross-origin\" allowfullscreen><\/iframe>\n<\/div><\/figure>\n\n\n\n<p class=\"wp-block-paragraph\"><\/p>\n\n\n\n<p class=\"wp-block-paragraph\">El jueves 27 de agosto, el CCIRR estren\u00f3 el decimoprimer episodio de la segunda temporada de<strong>&nbsp;El Lienzo<\/strong>, una iniciativa que busca poner en valor el rol transformador de la industria, el comercio y los servicios en la comunidad.<\/p>\n\n\n\n<p class=\"wp-block-paragraph\">Para esta ocasi\u00f3n, fue convocado&nbsp;<strong>Germ\u00e1n Gaggiotti, socio gerente de Gaggiotti Inmobiliaria<\/strong>, firma fundada hace 80 a\u00f1os por su abuelo, Tranquilo.<\/p>\n\n\n\n<p class=\"wp-block-paragraph\">Germ\u00e1n es Contador P\u00fablico Nacional, Martillero P\u00fablico, docente e investigador. Particip\u00f3 activamente de entidades como la C\u00e1mara de Comercio Exterior del CCIRR, la Federaci\u00f3n Inmobiliaria de la Rep\u00fablica Argentina y la Federaci\u00f3n Internacional de Profesiones Inmobiliarias. Tambi\u00e9n fue presidente del CCIRR en el per\u00edodo 2012\/2014.<\/p>\n\n\n\n<p class=\"wp-block-paragraph\">Durante la charla con Cecilia Rolandi, repas\u00f3 con orgullo y emoci\u00f3n la historia de la firma familiar, y subray\u00f3 la importancia de generar \u00e1mbitos separados \u00ablo laboral y la vida familiar\u00bb para preservar los v\u00ednculos y asegurar la sustentabilidad del negocio.<\/p>\n\n\n\n<p class=\"wp-block-paragraph\">Por otro lado, aunque valor\u00f3 los avances de la tecnolog\u00eda, destac\u00f3 que la tarea del corredor inmobiliario contin\u00faa siendo fundamentalmente personal. En este sentido, explic\u00f3 que las relaciones interpersonales son irremplazables, y apunt\u00f3 que su trabajo es el de \u201cser intermediario\u201d para lograr acuerdos que sean valiosos para cada parte.<\/p>\n\n\n\n<p class=\"wp-block-paragraph\">Sobre el rol de entidades como el CCIRR, indic\u00f3 que \u201chay determinadas gestiones, pol\u00edticas sobre todo, de la gremial empresaria, que las tiene que hacer una instituci\u00f3n. No las puede hacer una sola empresa, porque afecta a un sinn\u00famero de ellas\u201d.<\/p>\n\n\n\n<p class=\"wp-block-paragraph\">\u00a1Disfrut\u00e1 del episodio completo en nuestros canales de&nbsp;<a target=\"_blank\" href=\"https:\/\/youtu.be\/qRB7oKk3VyM\" rel=\"noopener\">YouTube<\/a>&nbsp;o&nbsp;<a target=\"_blank\" href=\"https:\/\/open.spotify.com\/episode\/1apVHLrXvXSEFIaC7t1M3c?si=pIYFLOK7Q8-gR-UPbyQtqQ\" rel=\"noopener\">Spotify<\/a>! Tambi\u00e9n pod\u00e9s ver el programa por Next TV, la se\u00f1al regional de Wiltel, los jueves a las 22:00; con repeticiones los s\u00e1bados a las 14:30 y los domingos a las 8:30.<\/p>\n\n\n\n<p class=\"wp-block-paragraph\"><strong>Agradecimientos<\/strong><\/p>\n\n\n\n<p class=\"wp-block-paragraph\">El Lienzo cuenta con el apoyo de Estudio LS y Grupo Sancor Seguros, como<em>&nbsp;sponsors gold<\/em>; Food Solutions, como&nbsp;<em>sponsor silver<\/em>; y Fideos Chanuvi, Grupo Cross, Menara Construcciones y Over, como&nbsp;<em>sponsors bronze<\/em>. Tambi\u00e9n acompa\u00f1an Ojal\u00e1 y Polenta, y Sayi Bessone con el maquillaje para la conductora.<\/p>\n\n\n\n<p class=\"wp-block-paragraph\">Adem\u00e1s, son\u00a0<em>media partners<\/em>\u00a0Next TV de Grupo 3470, ADN, Diario Castellanos, Diario La Opini\u00f3n, GZ Radio, NC Producciones, Rafaela Informa y Rafaela Noticias; y los programas\u00a0<em>Despert\u00e1ndonos\u00a0<\/em>de Sergio Boschetto,\u00a0<em>El Galp\u00f3n\u00a0<\/em>de Daniel Petrabissi y\u00a0<strong><em>S\u00e1bado 100\u00a0<\/em>de Emilio Grande (h.) por radio El Espectador y Next TV<\/strong>.<\/p>\n\n\n\n<p class=\"wp-block-paragraph\"><\/p>\n","protected":false},"excerpt":{"rendered":"<p>El entrevistado es socio gerente de Gaggiotti Inmobiliaria, firma fundada hace 80 a\u00f1os por su abuelo, Tranquilo.<\/p>\n","protected":false},"author":1,"featured_media":39811,"comment_status":"open","ping_status":"open","sticky":false,"template":"","format":"standard","meta":{"site-sidebar-layout":"default","site-content-layout":"","ast-site-content-layout":"default","site-content-style":"default","site-sidebar-style":"default","ast-global-header-display":"","ast-banner-title-visibility":"","ast-main-header-display":"","ast-hfb-above-header-display":"","ast-hfb-below-header-display":"","ast-hfb-mobile-header-display":"","site-post-title":"","ast-breadcrumbs-content":"","ast-featured-img":"","footer-sml-layout":"","ast-disable-related-posts":"","theme-transparent-header-meta":"","adv-header-id-meta":"","stick-header-meta":"","header-above-stick-meta":"","header-main-stick-meta":"","header-below-stick-meta":"","astra-migrate-meta-layouts":"default","ast-page-background-enabled":"default","ast-page-background-meta":{"desktop":{"background-color":"var(--ast-global-color-4)","background-image":"","background-repeat":"repeat","background-position":"center center","background-size":"auto","background-attachment":"scroll","background-type":"","background-media":"","overlay-type":"","overlay-color":"","overlay-opacity":"","overlay-gradient":""},"tablet":{"background-color":"","background-image":"","background-repeat":"repeat","background-position":"center center","background-size":"auto","background-attachment":"scroll","background-type":"","background-media":"","overlay-type":"","overlay-color":"","overlay-opacity":"","overlay-gradient":""},"mobile":{"background-color":"","background-image":"","background-repeat":"repeat","background-position":"center center","background-size":"auto","background-attachment":"scroll","background-type":"","background-media":"","overlay-type":"","overlay-color":"","overlay-opacity":"","overlay-gradient":""}},"ast-content-background-meta":{"desktop":{"background-color":"var(--ast-global-color-5)","background-image":"","background-repeat":"repeat","background-position":"center center","background-size":"auto","background-attachment":"scroll","background-type":"","background-media":"","overlay-type":"","overlay-color":"","overlay-opacity":"","overlay-gradient":""},"tablet":{"background-color":"var(--ast-global-color-5)","background-image":"","background-repeat":"repeat","background-position":"center center","background-size":"auto","background-attachment":"scroll","background-type":"","background-media":"","overlay-type":"","overlay-color":"","overlay-opacity":"","overlay-gradient":""},"mobile":{"background-color":"var(--ast-global-color-5)","background-image":"","background-repeat":"repeat","background-position":"center center","background-size":"auto","background-attachment":"scroll","background-type":"","background-media":"","overlay-type":"","overlay-color":"","overlay-opacity":"","overlay-gradient":""}},"footnotes":""},"categories":[4],"tags":[9358],"class_list":["post-39810","post","type-post","status-publish","format-standard","has-post-thumbnail","hentry","category-cultura-y-sociedad","tag-se-estreno-el-11o-episodio-de-la-segunda-temporada-de-el-lienzo-con-german-gaggiotti"],"yoast_head":"<!-- This site is optimized with the Yoast SEO plugin v23.2 - https:\/\/yoast.com\/wordpress\/plugins\/seo\/ -->\n<title>Se estren\u00f3 el 11\u00ba episodio de la segunda temporada de El Lienzo con Germ\u00e1n Gaggiotti - Sabado 100<\/title>\n<meta name=\"robots\" content=\"index, follow, max-snippet:-1, max-image-preview:large, max-video-preview:-1\" \/>\n<link rel=\"canonical\" href=\"https:\/\/sabado100.com.ar\/es-ar\/se-estreno-el-11o-episodio-de-la-segunda-temporada-de-el-lienzo-con-german-gaggiotti\/\" \/>\n<meta property=\"og:locale\" content=\"es_ES\" \/>\n<meta property=\"og:type\" content=\"article\" \/>\n<meta property=\"og:title\" content=\"Se estren\u00f3 el 11\u00ba episodio de la segunda temporada de El Lienzo con Germ\u00e1n Gaggiotti - Sabado 100\" \/>\n<meta property=\"og:description\" content=\"El entrevistado es socio gerente de Gaggiotti Inmobiliaria, firma fundada hace 80 a\u00f1os por su abuelo, Tranquilo.\" \/>\n<meta property=\"og:url\" content=\"https:\/\/sabado100.com.ar\/es-ar\/se-estreno-el-11o-episodio-de-la-segunda-temporada-de-el-lienzo-con-german-gaggiotti\/\" \/>\n<meta property=\"og:site_name\" content=\"Sabado 100\" \/>\n<meta property=\"article:publisher\" content=\"https:\/\/www.facebook.com\/sabadocien\/\" \/>\n<meta property=\"article:published_time\" content=\"2026-08-31T20:36:34+00:00\" \/>\n<meta property=\"article:modified_time\" content=\"2026-08-31T20:36:35+00:00\" \/>\n<meta property=\"og:image\" content=\"https:\/\/sabado100.com.ar\/es-ar\/wp-content\/uploads\/2026\/08\/35461_g.jpg\" \/>\n\t<meta property=\"og:image:width\" content=\"1000\" \/>\n\t<meta property=\"og:image:height\" content=\"750\" \/>\n\t<meta property=\"og:image:type\" content=\"image\/jpeg\" \/>\n<meta name=\"author\" content=\"admin\" \/>\n<meta name=\"twitter:card\" content=\"summary_large_image\" \/>\n<meta name=\"twitter:label1\" content=\"Escrito por\" \/>\n\t<meta name=\"twitter:data1\" content=\"admin\" \/>\n\t<meta name=\"twitter:label2\" content=\"Tiempo de lectura\" \/>\n\t<meta name=\"twitter:data2\" content=\"2 minutos\" \/>\n<script type=\"application\/ld+json\" class=\"yoast-schema-graph\">{\"@context\":\"https:\/\/schema.org\",\"@graph\":[{\"@type\":\"Article\",\"@id\":\"https:\/\/sabado100.com.ar\/es-ar\/se-estreno-el-11o-episodio-de-la-segunda-temporada-de-el-lienzo-con-german-gaggiotti\/#article\",\"isPartOf\":{\"@id\":\"https:\/\/sabado100.com.ar\/es-ar\/se-estreno-el-11o-episodio-de-la-segunda-temporada-de-el-lienzo-con-german-gaggiotti\/\"},\"author\":{\"name\":\"admin\",\"@id\":\"https:\/\/sabado100.com.ar\/es-ar\/#\/schema\/person\/0a9d576d4c50f5ee5c774c01644c2bf5\"},\"headline\":\"Se estren\u00f3 el 11\u00ba episodio de la segunda temporada de El Lienzo con Germ\u00e1n Gaggiotti\",\"datePublished\":\"2026-08-31T20:36:34+00:00\",\"dateModified\":\"2026-08-31T20:36:35+00:00\",\"mainEntityOfPage\":{\"@id\":\"https:\/\/sabado100.com.ar\/es-ar\/se-estreno-el-11o-episodio-de-la-segunda-temporada-de-el-lienzo-con-german-gaggiotti\/\"},\"wordCount\":431,\"commentCount\":0,\"publisher\":{\"@id\":\"https:\/\/sabado100.com.ar\/es-ar\/#organization\"},\"image\":{\"@id\":\"https:\/\/sabado100.com.ar\/es-ar\/se-estreno-el-11o-episodio-de-la-segunda-temporada-de-el-lienzo-con-german-gaggiotti\/#primaryimage\"},\"thumbnailUrl\":\"https:\/\/sabado100.com.ar\/es-ar\/wp-content\/uploads\/2026\/08\/35461_g.jpg\",\"keywords\":[\"Se estren\u00f3 el 11\u00ba episodio de la segunda temporada de El Lienzo con Germ\u00e1n Gaggiotti\"],\"articleSection\":[\"Cultura y Sociedad\"],\"inLanguage\":\"es\",\"potentialAction\":[{\"@type\":\"CommentAction\",\"name\":\"Comment\",\"target\":[\"https:\/\/sabado100.com.ar\/es-ar\/se-estreno-el-11o-episodio-de-la-segunda-temporada-de-el-lienzo-con-german-gaggiotti\/#respond\"]}]},{\"@type\":\"WebPage\",\"@id\":\"https:\/\/sabado100.com.ar\/es-ar\/se-estreno-el-11o-episodio-de-la-segunda-temporada-de-el-lienzo-con-german-gaggiotti\/\",\"url\":\"https:\/\/sabado100.com.ar\/es-ar\/se-estreno-el-11o-episodio-de-la-segunda-temporada-de-el-lienzo-con-german-gaggiotti\/\",\"name\":\"Se estren\u00f3 el 11\u00ba episodio de la segunda temporada de El Lienzo con Germ\u00e1n Gaggiotti - Sabado 100\",\"isPartOf\":{\"@id\":\"https:\/\/sabado100.com.ar\/es-ar\/#website\"},\"primaryImageOfPage\":{\"@id\":\"https:\/\/sabado100.com.ar\/es-ar\/se-estreno-el-11o-episodio-de-la-segunda-temporada-de-el-lienzo-con-german-gaggiotti\/#primaryimage\"},\"image\":{\"@id\":\"https:\/\/sabado100.com.ar\/es-ar\/se-estreno-el-11o-episodio-de-la-segunda-temporada-de-el-lienzo-con-german-gaggiotti\/#primaryimage\"},\"thumbnailUrl\":\"https:\/\/sabado100.com.ar\/es-ar\/wp-content\/uploads\/2026\/08\/35461_g.jpg\",\"datePublished\":\"2026-08-31T20:36:34+00:00\",\"dateModified\":\"2026-08-31T20:36:35+00:00\",\"breadcrumb\":{\"@id\":\"https:\/\/sabado100.com.ar\/es-ar\/se-estreno-el-11o-episodio-de-la-segunda-temporada-de-el-lienzo-con-german-gaggiotti\/#breadcrumb\"},\"inLanguage\":\"es\",\"potentialAction\":[{\"@type\":\"ReadAction\",\"target\":[\"https:\/\/sabado100.com.ar\/es-ar\/se-estreno-el-11o-episodio-de-la-segunda-temporada-de-el-lienzo-con-german-gaggiotti\/\"]}]},{\"@type\":\"ImageObject\",\"inLanguage\":\"es\",\"@id\":\"https:\/\/sabado100.com.ar\/es-ar\/se-estreno-el-11o-episodio-de-la-segunda-temporada-de-el-lienzo-con-german-gaggiotti\/#primaryimage\",\"url\":\"https:\/\/sabado100.com.ar\/es-ar\/wp-content\/uploads\/2026\/08\/35461_g.jpg\",\"contentUrl\":\"https:\/\/sabado100.com.ar\/es-ar\/wp-content\/uploads\/2026\/08\/35461_g.jpg\",\"width\":1000,\"height\":750},{\"@type\":\"BreadcrumbList\",\"@id\":\"https:\/\/sabado100.com.ar\/es-ar\/se-estreno-el-11o-episodio-de-la-segunda-temporada-de-el-lienzo-con-german-gaggiotti\/#breadcrumb\",\"itemListElement\":[{\"@type\":\"ListItem\",\"position\":1,\"name\":\"Portada\",\"item\":\"https:\/\/sabado100.com.ar\/es-ar\/\"},{\"@type\":\"ListItem\",\"position\":2,\"name\":\"Se estren\u00f3 el 11\u00ba episodio de la segunda temporada de El Lienzo con Germ\u00e1n Gaggiotti\"}]},{\"@type\":\"WebSite\",\"@id\":\"https:\/\/sabado100.com.ar\/es-ar\/#website\",\"url\":\"https:\/\/sabado100.com.ar\/es-ar\/\",\"name\":\"Sabado 100\",\"description\":\"\",\"publisher\":{\"@id\":\"https:\/\/sabado100.com.ar\/es-ar\/#organization\"},\"potentialAction\":[{\"@type\":\"SearchAction\",\"target\":{\"@type\":\"EntryPoint\",\"urlTemplate\":\"https:\/\/sabado100.com.ar\/es-ar\/?s={search_term_string}\"},\"query-input\":\"required name=search_term_string\"}],\"inLanguage\":\"es\"},{\"@type\":\"Organization\",\"@id\":\"https:\/\/sabado100.com.ar\/es-ar\/#organization\",\"name\":\"Sabado 100\",\"url\":\"https:\/\/sabado100.com.ar\/es-ar\/\",\"logo\":{\"@type\":\"ImageObject\",\"inLanguage\":\"es\",\"@id\":\"https:\/\/sabado100.com.ar\/es-ar\/#\/schema\/logo\/image\/\",\"url\":\"https:\/\/sabado100.com.ar\/es-ar\/wp-content\/uploads\/2024\/04\/logo3.jpg\",\"contentUrl\":\"https:\/\/sabado100.com.ar\/es-ar\/wp-content\/uploads\/2024\/04\/logo3.jpg\",\"width\":300,\"height\":174,\"caption\":\"Sabado 100\"},\"image\":{\"@id\":\"https:\/\/sabado100.com.ar\/es-ar\/#\/schema\/logo\/image\/\"},\"sameAs\":[\"https:\/\/www.facebook.com\/sabadocien\/\",\"https:\/\/www.instagram.com\/sabado100.com.ar\/\",\"https:\/\/www.youtube.com\/@sabado1003\"]},{\"@type\":\"Person\",\"@id\":\"https:\/\/sabado100.com.ar\/es-ar\/#\/schema\/person\/0a9d576d4c50f5ee5c774c01644c2bf5\",\"name\":\"admin\",\"image\":{\"@type\":\"ImageObject\",\"inLanguage\":\"es\",\"@id\":\"https:\/\/sabado100.com.ar\/es-ar\/#\/schema\/person\/image\/\",\"url\":\"https:\/\/sabado100.com.ar\/es-ar\/wp-content\/litespeed\/avatar\/4011a1aa10f57cda77b281e34885822b.jpg?ver=1787726386\",\"contentUrl\":\"https:\/\/sabado100.com.ar\/es-ar\/wp-content\/litespeed\/avatar\/4011a1aa10f57cda77b281e34885822b.jpg?ver=1787726386\",\"caption\":\"admin\"},\"sameAs\":[\"https:\/\/sabado100.com.ar\/es-ar\"],\"url\":\"https:\/\/sabado100.com.ar\/es-ar\/author\/s100\/\"}]}<\/script>\n<!-- \/ Yoast SEO plugin. -->","yoast_head_json":{"title":"Se estren\u00f3 el 11\u00ba episodio de la segunda temporada de El Lienzo con Germ\u00e1n Gaggiotti - Sabado 100","robots":{"index":"index","follow":"follow","max-snippet":"max-snippet:-1","max-image-preview":"max-image-preview:large","max-video-preview":"max-video-preview:-1"},"canonical":"https:\/\/sabado100.com.ar\/es-ar\/se-estreno-el-11o-episodio-de-la-segunda-temporada-de-el-lienzo-con-german-gaggiotti\/","og_locale":"es_ES","og_type":"article","og_title":"Se estren\u00f3 el 11\u00ba episodio de la segunda temporada de El Lienzo con Germ\u00e1n Gaggiotti - Sabado 100","og_description":"El entrevistado es socio gerente de Gaggiotti Inmobiliaria, firma fundada hace 80 a\u00f1os por su abuelo, Tranquilo.","og_url":"https:\/\/sabado100.com.ar\/es-ar\/se-estreno-el-11o-episodio-de-la-segunda-temporada-de-el-lienzo-con-german-gaggiotti\/","og_site_name":"Sabado 100","article_publisher":"https:\/\/www.facebook.com\/sabadocien\/","article_published_time":"2026-08-31T20:36:34+00:00","article_modified_time":"2026-08-31T20:36:35+00:00","og_image":[{"width":1000,"height":750,"url":"https:\/\/sabado100.com.ar\/es-ar\/wp-content\/uploads\/2026\/08\/35461_g.jpg","type":"image\/jpeg"}],"author":"admin","twitter_card":"summary_large_image","twitter_misc":{"Escrito por":"admin","Tiempo de lectura":"2 minutos"},"schema":{"@context":"https:\/\/schema.org","@graph":[{"@type":"Article","@id":"https:\/\/sabado100.com.ar\/es-ar\/se-estreno-el-11o-episodio-de-la-segunda-temporada-de-el-lienzo-con-german-gaggiotti\/#article","isPartOf":{"@id":"https:\/\/sabado100.com.ar\/es-ar\/se-estreno-el-11o-episodio-de-la-segunda-temporada-de-el-lienzo-con-german-gaggiotti\/"},"author":{"name":"admin","@id":"https:\/\/sabado100.com.ar\/es-ar\/#\/schema\/person\/0a9d576d4c50f5ee5c774c01644c2bf5"},"headline":"Se estren\u00f3 el 11\u00ba episodio de la segunda temporada de El Lienzo con Germ\u00e1n Gaggiotti","datePublished":"2026-08-31T20:36:34+00:00","dateModified":"2026-08-31T20:36:35+00:00","mainEntityOfPage":{"@id":"https:\/\/sabado100.com.ar\/es-ar\/se-estreno-el-11o-episodio-de-la-segunda-temporada-de-el-lienzo-con-german-gaggiotti\/"},"wordCount":431,"commentCount":0,"publisher":{"@id":"https:\/\/sabado100.com.ar\/es-ar\/#organization"},"image":{"@id":"https:\/\/sabado100.com.ar\/es-ar\/se-estreno-el-11o-episodio-de-la-segunda-temporada-de-el-lienzo-con-german-gaggiotti\/#primaryimage"},"thumbnailUrl":"https:\/\/sabado100.com.ar\/es-ar\/wp-content\/uploads\/2026\/08\/35461_g.jpg","keywords":["Se estren\u00f3 el 11\u00ba episodio de la segunda temporada de El Lienzo con Germ\u00e1n Gaggiotti"],"articleSection":["Cultura y Sociedad"],"inLanguage":"es","potentialAction":[{"@type":"CommentAction","name":"Comment","target":["https:\/\/sabado100.com.ar\/es-ar\/se-estreno-el-11o-episodio-de-la-segunda-temporada-de-el-lienzo-con-german-gaggiotti\/#respond"]}]},{"@type":"WebPage","@id":"https:\/\/sabado100.com.ar\/es-ar\/se-estreno-el-11o-episodio-de-la-segunda-temporada-de-el-lienzo-con-german-gaggiotti\/","url":"https:\/\/sabado100.com.ar\/es-ar\/se-estreno-el-11o-episodio-de-la-segunda-temporada-de-el-lienzo-con-german-gaggiotti\/","name":"Se estren\u00f3 el 11\u00ba episodio de la segunda temporada de El Lienzo con Germ\u00e1n Gaggiotti - Sabado 100","isPartOf":{"@id":"https:\/\/sabado100.com.ar\/es-ar\/#website"},"primaryImageOfPage":{"@id":"https:\/\/sabado100.com.ar\/es-ar\/se-estreno-el-11o-episodio-de-la-segunda-temporada-de-el-lienzo-con-german-gaggiotti\/#primaryimage"},"image":{"@id":"https:\/\/sabado100.com.ar\/es-ar\/se-estreno-el-11o-episodio-de-la-segunda-temporada-de-el-lienzo-con-german-gaggiotti\/#primaryimage"},"thumbnailUrl":"https:\/\/sabado100.com.ar\/es-ar\/wp-content\/uploads\/2026\/08\/35461_g.jpg","datePublished":"2026-08-31T20:36:34+00:00","dateModified":"2026-08-31T20:36:35+00:00","breadcrumb":{"@id":"https:\/\/sabado100.com.ar\/es-ar\/se-estreno-el-11o-episodio-de-la-segunda-temporada-de-el-lienzo-con-german-gaggiotti\/#breadcrumb"},"inLanguage":"es","potentialAction":[{"@type":"ReadAction","target":["https:\/\/sabado100.com.ar\/es-ar\/se-estreno-el-11o-episodio-de-la-segunda-temporada-de-el-lienzo-con-german-gaggiotti\/"]}]},{"@type":"ImageObject","inLanguage":"es","@id":"https:\/\/sabado100.com.ar\/es-ar\/se-estreno-el-11o-episodio-de-la-segunda-temporada-de-el-lienzo-con-german-gaggiotti\/#primaryimage","url":"https:\/\/sabado100.com.ar\/es-ar\/wp-content\/uploads\/2026\/08\/35461_g.jpg","contentUrl":"https:\/\/sabado100.com.ar\/es-ar\/wp-content\/uploads\/2026\/08\/35461_g.jpg","width":1000,"height":750},{"@type":"BreadcrumbList","@id":"https:\/\/sabado100.com.ar\/es-ar\/se-estreno-el-11o-episodio-de-la-segunda-temporada-de-el-lienzo-con-german-gaggiotti\/#breadcrumb","itemListElement":[{"@type":"ListItem","position":1,"name":"Portada","item":"https:\/\/sabado100.com.ar\/es-ar\/"},{"@type":"ListItem","position":2,"name":"Se estren\u00f3 el 11\u00ba episodio de la segunda temporada de El Lienzo con Germ\u00e1n Gaggiotti"}]},{"@type":"WebSite","@id":"https:\/\/sabado100.com.ar\/es-ar\/#website","url":"https:\/\/sabado100.com.ar\/es-ar\/","name":"Sabado 100","description":"","publisher":{"@id":"https:\/\/sabado100.com.ar\/es-ar\/#organization"},"potentialAction":[{"@type":"SearchAction","target":{"@type":"EntryPoint","urlTemplate":"https:\/\/sabado100.com.ar\/es-ar\/?s={search_term_string}"},"query-input":"required name=search_term_string"}],"inLanguage":"es"},{"@type":"Organization","@id":"https:\/\/sabado100.com.ar\/es-ar\/#organization","name":"Sabado 100","url":"https:\/\/sabado100.com.ar\/es-ar\/","logo":{"@type":"ImageObject","inLanguage":"es","@id":"https:\/\/sabado100.com.ar\/es-ar\/#\/schema\/logo\/image\/","url":"https:\/\/sabado100.com.ar\/es-ar\/wp-content\/uploads\/2024\/04\/logo3.jpg","contentUrl":"https:\/\/sabado100.com.ar\/es-ar\/wp-content\/uploads\/2024\/04\/logo3.jpg","width":300,"height":174,"caption":"Sabado 100"},"image":{"@id":"https:\/\/sabado100.com.ar\/es-ar\/#\/schema\/logo\/image\/"},"sameAs":["https:\/\/www.facebook.com\/sabadocien\/","https:\/\/www.instagram.com\/sabado100.com.ar\/","https:\/\/www.youtube.com\/@sabado1003"]},{"@type":"Person","@id":"https:\/\/sabado100.com.ar\/es-ar\/#\/schema\/person\/0a9d576d4c50f5ee5c774c01644c2bf5","name":"admin","image":{"@type":"ImageObject","inLanguage":"es","@id":"https:\/\/sabado100.com.ar\/es-ar\/#\/schema\/person\/image\/","url":"https:\/\/sabado100.com.ar\/es-ar\/wp-content\/litespeed\/avatar\/4011a1aa10f57cda77b281e34885822b.jpg?ver=1787726386","contentUrl":"https:\/\/sabado100.com.ar\/es-ar\/wp-content\/litespeed\/avatar\/4011a1aa10f57cda77b281e34885822b.jpg?ver=1787726386","caption":"admin"},"sameAs":["https:\/\/sabado100.com.ar\/es-ar"],"url":"https:\/\/sabado100.com.ar\/es-ar\/author\/s100\/"}]}},"_links":{"self":[{"href":"https:\/\/sabado100.com.ar\/es-ar\/wp-json\/wp\/v2\/posts\/39810","targetHints":{"allow":["GET"]}}],"collection":[{"href":"https:\/\/sabado100.com.ar\/es-ar\/wp-json\/wp\/v2\/posts"}],"about":[{"href":"https:\/\/sabado100.com.ar\/es-ar\/wp-json\/wp\/v2\/types\/post"}],"author":[{"embeddable":true,"href":"https:\/\/sabado100.com.ar\/es-ar\/wp-json\/wp\/v2\/users\/1"}],"replies":[{"embeddable":true,"href":"https:\/\/sabado100.com.ar\/es-ar\/wp-json\/wp\/v2\/comments?post=39810"}],"version-history":[{"count":1,"href":"https:\/\/sabado100.com.ar\/es-ar\/wp-json\/wp\/v2\/posts\/39810\/revisions"}],"predecessor-version":[{"id":39812,"href":"https:\/\/sabado100.com.ar\/es-ar\/wp-json\/wp\/v2\/posts\/39810\/revisions\/39812"}],"wp:featuredmedia":[{"embeddable":true,"href":"https:\/\/sabado100.com.ar\/es-ar\/wp-json\/wp\/v2\/media\/39811"}],"wp:attachment":[{"href":"https:\/\/sabado100.com.ar\/es-ar\/wp-json\/wp\/v2\/media?parent=39810"}],"wp:term":[{"taxonomy":"category","embeddable":true,"href":"https:\/\/sabado100.com.ar\/es-ar\/wp-json\/wp\/v2\/categories?post=39810"},{"taxonomy":"post_tag","embeddable":true,"href":"https:\/\/sabado100.com.ar\/es-ar\/wp-json\/wp\/v2\/tags?post=39810"}],"curies":[{"name":"wp","href":"https:\/\/api.w.org\/{rel}","templated":true}]}}