{"id":39807,"date":"2026-08-31T20:26:59","date_gmt":"2026-08-31T20:26:59","guid":{"rendered":"https:\/\/sabado100.com.ar\/es-ar\/?p=39807"},"modified":"2026-08-31T20:27:01","modified_gmt":"2026-08-31T20:27:01","slug":"antonio-bonfatti-presenta-su-libro-en-rafaela","status":"publish","type":"post","link":"https:\/\/sabado100.com.ar\/es-ar\/antonio-bonfatti-presenta-su-libro-en-rafaela\/","title":{"rendered":"Antonio Bonfatti presenta su libro en Rafaela"},"content":{"rendered":"\n<p class=\"wp-block-paragraph\">Bajo el formato de conversatorio, el autor dialogar\u00e1 con los periodistas Pedro Ulman y Giselle Locatelli acerca de la obra que documenta m\u00e1s de cinco d\u00e9cadas de acci\u00f3n social y pol\u00edtica en la provincia de Santa Fe en favor de los ideales hist\u00f3ricos del socialismo.<\/p>\n\n\n\n<p class=\"wp-block-paragraph\"><strong>Perspectivas a futuro<\/strong><\/p>\n\n\n\n<p class=\"wp-block-paragraph\">A trav\u00e9s un relato \u00e1gil y profundo de m\u00e1s de 200 p\u00e1ginas, Bonfatti desgrana y describe experiencias de militancia, gesti\u00f3n y recorridos, analiza y realiza una revisi\u00f3n de procesos pol\u00edticos, al tiempo que traza una perspectiva hacia el futuro, siempre con vistas a la construcci\u00f3n de una sociedad m\u00e1s justa e igualitaria.<\/p>\n\n\n\n<p class=\"wp-block-paragraph\">\u201cEste libro no s\u00f3lo documenta una trayectoria p\u00fablica: nos ofrece una reflexi\u00f3n l\u00facida sobre el presente y una invitaci\u00f3n a imaginar un porvenir. No hay en estas p\u00e1ginas pretensi\u00f3n de hero\u00edsmo ni tono triunfalista. Hay memoria cr\u00edtica, convicci\u00f3n \u00e9tica y voluntad de legar una experiencia a las nuevas generaciones. <strong>En tiempos de fragmentaci\u00f3n social, descreimiento pol\u00edtico y repliegue de lo p\u00fablico, este testimonio adquiere una relevancia particular\u201d, subray\u00f3, a prop\u00f3sito de los contenidos del libro, Agust\u00edn Salvia, director del Observatorio de la Deuda Social Argentina de la Universidad Cat\u00f3lica (UCA).<\/strong><\/p>\n\n\n\n<p class=\"wp-block-paragraph\"><strong>Legado<\/strong><\/p>\n\n\n\n<p class=\"wp-block-paragraph\"><strong>Por su parte, el periodista pol\u00edtico del diario La Naci\u00f3n, Jaime Rosemberg, se\u00f1al\u00f3 que el libro de Antonio Bonfatti \u201cparece ser uno de los caminos posibles\u201d,<\/strong> en tanto cobra relevancia, en esta actualidad, \u201ctener presente el ejemplo de quienes, desde puestos de conducci\u00f3n, ejecutivos y legislativos, dejaron un profundo legado con su ejemplo de vida y militancia\u201d.<\/p>\n\n\n\n<p class=\"wp-block-paragraph\"><strong>En el pr\u00f3logo a este libro, Mariano Schuster, editor del medio Nueva Sociedad, se\u00f1ala: \u201cAntonio no escribe para defender una biograf\u00eda, ni para custodiar un legado. Escribe para intervenir en el presente, para dejar preguntas abiertas, para proponer caminos posibles.<\/strong> En cada p\u00e1gina se percibe esa vocaci\u00f3n por seguir pensando, por seguir construyendo, por seguir creyendo que la pol\u00edtica es, todav\u00eda, una herramienta v\u00e1lida para transformar la realidad. Este libro es, en definitiva, una invitaci\u00f3n a dialogar: con la historia, con los desaf\u00edos actuales y con las nuevas generaciones que buscan reinventar la esperanza\u201d.<\/p>\n\n\n\n<p class=\"wp-block-paragraph\">En \u201cMemorias para un porvenir socialista\u201d (Homo Sapiens Ediciones, 2025) se repasan los conceptos fundacionales del socialismo y a la vez se entabla un di\u00e1logo indispensable con los desaf\u00edos concretos que se ponen en juego a la hora de llevar esos conceptos a la pr\u00e1ctica desde la gesti\u00f3n p\u00fablica.<\/p>\n\n\n\n<p class=\"wp-block-paragraph\"><strong>Se invita especialmente para el mi\u00e9rcoles 2 de septiembre a quienes formaron parte de sus equipos de trabajo, referentes locales y regionales, allegados, simpatizantes y p\u00fablico en general.<\/strong><strong><\/strong><\/p>\n\n\n\n<p class=\"wp-block-paragraph\"><\/p>\n","protected":false},"excerpt":{"rendered":"<p>El ex gobernador de la provincia de Santa Fe presentar\u00e1 \u201cMemorias para un porvenir socialista\u201d este mi\u00e9rcoles 2 de septiembre a las 18:30 en la Biblioteca Sarmiento del Centro Empleados de Comercio (G\u00fcemes 144).<\/p>\n","protected":false},"author":1,"featured_media":39808,"comment_status":"open","ping_status":"open","sticky":false,"template":"","format":"standard","meta":{"site-sidebar-layout":"default","site-content-layout":"","ast-site-content-layout":"default","site-content-style":"default","site-sidebar-style":"default","ast-global-header-display":"","ast-banner-title-visibility":"","ast-main-header-display":"","ast-hfb-above-header-display":"","ast-hfb-below-header-display":"","ast-hfb-mobile-header-display":"","site-post-title":"","ast-breadcrumbs-content":"","ast-featured-img":"","footer-sml-layout":"","ast-disable-related-posts":"","theme-transparent-header-meta":"","adv-header-id-meta":"","stick-header-meta":"","header-above-stick-meta":"","header-main-stick-meta":"","header-below-stick-meta":"","astra-migrate-meta-layouts":"default","ast-page-background-enabled":"default","ast-page-background-meta":{"desktop":{"background-color":"var(--ast-global-color-4)","background-image":"","background-repeat":"repeat","background-position":"center center","background-size":"auto","background-attachment":"scroll","background-type":"","background-media":"","overlay-type":"","overlay-color":"","overlay-opacity":"","overlay-gradient":""},"tablet":{"background-color":"","background-image":"","background-repeat":"repeat","background-position":"center center","background-size":"auto","background-attachment":"scroll","background-type":"","background-media":"","overlay-type":"","overlay-color":"","overlay-opacity":"","overlay-gradient":""},"mobile":{"background-color":"","background-image":"","background-repeat":"repeat","background-position":"center center","background-size":"auto","background-attachment":"scroll","background-type":"","background-media":"","overlay-type":"","overlay-color":"","overlay-opacity":"","overlay-gradient":""}},"ast-content-background-meta":{"desktop":{"background-color":"var(--ast-global-color-5)","background-image":"","background-repeat":"repeat","background-position":"center center","background-size":"auto","background-attachment":"scroll","background-type":"","background-media":"","overlay-type":"","overlay-color":"","overlay-opacity":"","overlay-gradient":""},"tablet":{"background-color":"var(--ast-global-color-5)","background-image":"","background-repeat":"repeat","background-position":"center center","background-size":"auto","background-attachment":"scroll","background-type":"","background-media":"","overlay-type":"","overlay-color":"","overlay-opacity":"","overlay-gradient":""},"mobile":{"background-color":"var(--ast-global-color-5)","background-image":"","background-repeat":"repeat","background-position":"center center","background-size":"auto","background-attachment":"scroll","background-type":"","background-media":"","overlay-type":"","overlay-color":"","overlay-opacity":"","overlay-gradient":""}},"footnotes":""},"categories":[4],"tags":[9357],"class_list":["post-39807","post","type-post","status-publish","format-standard","has-post-thumbnail","hentry","category-cultura-y-sociedad","tag-antonio-bonfatti-presenta-su-libro-en-rafaela"],"yoast_head":"<!-- This site is optimized with the Yoast SEO plugin v23.2 - https:\/\/yoast.com\/wordpress\/plugins\/seo\/ -->\n<title>Antonio Bonfatti presenta su libro en Rafaela - Sabado 100<\/title>\n<meta name=\"robots\" content=\"index, follow, max-snippet:-1, max-image-preview:large, max-video-preview:-1\" \/>\n<link rel=\"canonical\" href=\"https:\/\/sabado100.com.ar\/es-ar\/antonio-bonfatti-presenta-su-libro-en-rafaela\/\" \/>\n<meta property=\"og:locale\" content=\"es_ES\" \/>\n<meta property=\"og:type\" content=\"article\" \/>\n<meta property=\"og:title\" content=\"Antonio Bonfatti presenta su libro en Rafaela - Sabado 100\" \/>\n<meta property=\"og:description\" content=\"El ex gobernador de la provincia de Santa Fe presentar\u00e1 \u201cMemorias para un porvenir socialista\u201d este mi\u00e9rcoles 2 de septiembre a las 18:30 en la Biblioteca Sarmiento del Centro Empleados de Comercio (G\u00fcemes 144).\" \/>\n<meta property=\"og:url\" content=\"https:\/\/sabado100.com.ar\/es-ar\/antonio-bonfatti-presenta-su-libro-en-rafaela\/\" \/>\n<meta property=\"og:site_name\" content=\"Sabado 100\" \/>\n<meta property=\"article:publisher\" content=\"https:\/\/www.facebook.com\/sabadocien\/\" \/>\n<meta property=\"article:published_time\" content=\"2026-08-31T20:26:59+00:00\" \/>\n<meta property=\"article:modified_time\" content=\"2026-08-31T20:27:01+00:00\" \/>\n<meta property=\"og:image\" content=\"https:\/\/sabado100.com.ar\/es-ar\/wp-content\/uploads\/2026\/08\/WhatsApp-Image-2026-08-31-at-11.12.24.jpeg\" \/>\n\t<meta property=\"og:image:width\" content=\"1200\" \/>\n\t<meta property=\"og:image:height\" content=\"801\" \/>\n\t<meta property=\"og:image:type\" content=\"image\/jpeg\" \/>\n<meta name=\"author\" content=\"admin\" \/>\n<meta name=\"twitter:card\" content=\"summary_large_image\" \/>\n<meta name=\"twitter:label1\" content=\"Escrito por\" \/>\n\t<meta name=\"twitter:data1\" content=\"admin\" \/>\n\t<meta name=\"twitter:label2\" content=\"Tiempo de lectura\" \/>\n\t<meta name=\"twitter:data2\" content=\"3 minutos\" \/>\n<script type=\"application\/ld+json\" class=\"yoast-schema-graph\">{\"@context\":\"https:\/\/schema.org\",\"@graph\":[{\"@type\":\"Article\",\"@id\":\"https:\/\/sabado100.com.ar\/es-ar\/antonio-bonfatti-presenta-su-libro-en-rafaela\/#article\",\"isPartOf\":{\"@id\":\"https:\/\/sabado100.com.ar\/es-ar\/antonio-bonfatti-presenta-su-libro-en-rafaela\/\"},\"author\":{\"name\":\"admin\",\"@id\":\"https:\/\/sabado100.com.ar\/es-ar\/#\/schema\/person\/0a9d576d4c50f5ee5c774c01644c2bf5\"},\"headline\":\"Antonio Bonfatti presenta su libro en Rafaela\",\"datePublished\":\"2026-08-31T20:26:59+00:00\",\"dateModified\":\"2026-08-31T20:27:01+00:00\",\"mainEntityOfPage\":{\"@id\":\"https:\/\/sabado100.com.ar\/es-ar\/antonio-bonfatti-presenta-su-libro-en-rafaela\/\"},\"wordCount\":473,\"commentCount\":0,\"publisher\":{\"@id\":\"https:\/\/sabado100.com.ar\/es-ar\/#organization\"},\"image\":{\"@id\":\"https:\/\/sabado100.com.ar\/es-ar\/antonio-bonfatti-presenta-su-libro-en-rafaela\/#primaryimage\"},\"thumbnailUrl\":\"https:\/\/sabado100.com.ar\/es-ar\/wp-content\/uploads\/2026\/08\/WhatsApp-Image-2026-08-31-at-11.12.24.jpeg\",\"keywords\":[\"Antonio Bonfatti presenta su libro en Rafaela\"],\"articleSection\":[\"Cultura y Sociedad\"],\"inLanguage\":\"es\",\"potentialAction\":[{\"@type\":\"CommentAction\",\"name\":\"Comment\",\"target\":[\"https:\/\/sabado100.com.ar\/es-ar\/antonio-bonfatti-presenta-su-libro-en-rafaela\/#respond\"]}]},{\"@type\":\"WebPage\",\"@id\":\"https:\/\/sabado100.com.ar\/es-ar\/antonio-bonfatti-presenta-su-libro-en-rafaela\/\",\"url\":\"https:\/\/sabado100.com.ar\/es-ar\/antonio-bonfatti-presenta-su-libro-en-rafaela\/\",\"name\":\"Antonio Bonfatti presenta su libro en Rafaela - Sabado 100\",\"isPartOf\":{\"@id\":\"https:\/\/sabado100.com.ar\/es-ar\/#website\"},\"primaryImageOfPage\":{\"@id\":\"https:\/\/sabado100.com.ar\/es-ar\/antonio-bonfatti-presenta-su-libro-en-rafaela\/#primaryimage\"},\"image\":{\"@id\":\"https:\/\/sabado100.com.ar\/es-ar\/antonio-bonfatti-presenta-su-libro-en-rafaela\/#primaryimage\"},\"thumbnailUrl\":\"https:\/\/sabado100.com.ar\/es-ar\/wp-content\/uploads\/2026\/08\/WhatsApp-Image-2026-08-31-at-11.12.24.jpeg\",\"datePublished\":\"2026-08-31T20:26:59+00:00\",\"dateModified\":\"2026-08-31T20:27:01+00:00\",\"breadcrumb\":{\"@id\":\"https:\/\/sabado100.com.ar\/es-ar\/antonio-bonfatti-presenta-su-libro-en-rafaela\/#breadcrumb\"},\"inLanguage\":\"es\",\"potentialAction\":[{\"@type\":\"ReadAction\",\"target\":[\"https:\/\/sabado100.com.ar\/es-ar\/antonio-bonfatti-presenta-su-libro-en-rafaela\/\"]}]},{\"@type\":\"ImageObject\",\"inLanguage\":\"es\",\"@id\":\"https:\/\/sabado100.com.ar\/es-ar\/antonio-bonfatti-presenta-su-libro-en-rafaela\/#primaryimage\",\"url\":\"https:\/\/sabado100.com.ar\/es-ar\/wp-content\/uploads\/2026\/08\/WhatsApp-Image-2026-08-31-at-11.12.24.jpeg\",\"contentUrl\":\"https:\/\/sabado100.com.ar\/es-ar\/wp-content\/uploads\/2026\/08\/WhatsApp-Image-2026-08-31-at-11.12.24.jpeg\",\"width\":1200,\"height\":801},{\"@type\":\"BreadcrumbList\",\"@id\":\"https:\/\/sabado100.com.ar\/es-ar\/antonio-bonfatti-presenta-su-libro-en-rafaela\/#breadcrumb\",\"itemListElement\":[{\"@type\":\"ListItem\",\"position\":1,\"name\":\"Portada\",\"item\":\"https:\/\/sabado100.com.ar\/es-ar\/\"},{\"@type\":\"ListItem\",\"position\":2,\"name\":\"Antonio Bonfatti presenta su libro en Rafaela\"}]},{\"@type\":\"WebSite\",\"@id\":\"https:\/\/sabado100.com.ar\/es-ar\/#website\",\"url\":\"https:\/\/sabado100.com.ar\/es-ar\/\",\"name\":\"Sabado 100\",\"description\":\"\",\"publisher\":{\"@id\":\"https:\/\/sabado100.com.ar\/es-ar\/#organization\"},\"potentialAction\":[{\"@type\":\"SearchAction\",\"target\":{\"@type\":\"EntryPoint\",\"urlTemplate\":\"https:\/\/sabado100.com.ar\/es-ar\/?s={search_term_string}\"},\"query-input\":\"required name=search_term_string\"}],\"inLanguage\":\"es\"},{\"@type\":\"Organization\",\"@id\":\"https:\/\/sabado100.com.ar\/es-ar\/#organization\",\"name\":\"Sabado 100\",\"url\":\"https:\/\/sabado100.com.ar\/es-ar\/\",\"logo\":{\"@type\":\"ImageObject\",\"inLanguage\":\"es\",\"@id\":\"https:\/\/sabado100.com.ar\/es-ar\/#\/schema\/logo\/image\/\",\"url\":\"https:\/\/sabado100.com.ar\/es-ar\/wp-content\/uploads\/2024\/04\/logo3.jpg\",\"contentUrl\":\"https:\/\/sabado100.com.ar\/es-ar\/wp-content\/uploads\/2024\/04\/logo3.jpg\",\"width\":300,\"height\":174,\"caption\":\"Sabado 100\"},\"image\":{\"@id\":\"https:\/\/sabado100.com.ar\/es-ar\/#\/schema\/logo\/image\/\"},\"sameAs\":[\"https:\/\/www.facebook.com\/sabadocien\/\",\"https:\/\/www.instagram.com\/sabado100.com.ar\/\",\"https:\/\/www.youtube.com\/@sabado1003\"]},{\"@type\":\"Person\",\"@id\":\"https:\/\/sabado100.com.ar\/es-ar\/#\/schema\/person\/0a9d576d4c50f5ee5c774c01644c2bf5\",\"name\":\"admin\",\"image\":{\"@type\":\"ImageObject\",\"inLanguage\":\"es\",\"@id\":\"https:\/\/sabado100.com.ar\/es-ar\/#\/schema\/person\/image\/\",\"url\":\"https:\/\/sabado100.com.ar\/es-ar\/wp-content\/litespeed\/avatar\/4011a1aa10f57cda77b281e34885822b.jpg?ver=1787726386\",\"contentUrl\":\"https:\/\/sabado100.com.ar\/es-ar\/wp-content\/litespeed\/avatar\/4011a1aa10f57cda77b281e34885822b.jpg?ver=1787726386\",\"caption\":\"admin\"},\"sameAs\":[\"https:\/\/sabado100.com.ar\/es-ar\"],\"url\":\"https:\/\/sabado100.com.ar\/es-ar\/author\/s100\/\"}]}<\/script>\n<!-- \/ Yoast SEO plugin. -->","yoast_head_json":{"title":"Antonio Bonfatti presenta su libro en Rafaela - Sabado 100","robots":{"index":"index","follow":"follow","max-snippet":"max-snippet:-1","max-image-preview":"max-image-preview:large","max-video-preview":"max-video-preview:-1"},"canonical":"https:\/\/sabado100.com.ar\/es-ar\/antonio-bonfatti-presenta-su-libro-en-rafaela\/","og_locale":"es_ES","og_type":"article","og_title":"Antonio Bonfatti presenta su libro en Rafaela - Sabado 100","og_description":"El ex gobernador de la provincia de Santa Fe presentar\u00e1 \u201cMemorias para un porvenir socialista\u201d este mi\u00e9rcoles 2 de septiembre a las 18:30 en la Biblioteca Sarmiento del Centro Empleados de Comercio (G\u00fcemes 144).","og_url":"https:\/\/sabado100.com.ar\/es-ar\/antonio-bonfatti-presenta-su-libro-en-rafaela\/","og_site_name":"Sabado 100","article_publisher":"https:\/\/www.facebook.com\/sabadocien\/","article_published_time":"2026-08-31T20:26:59+00:00","article_modified_time":"2026-08-31T20:27:01+00:00","og_image":[{"width":1200,"height":801,"url":"https:\/\/sabado100.com.ar\/es-ar\/wp-content\/uploads\/2026\/08\/WhatsApp-Image-2026-08-31-at-11.12.24.jpeg","type":"image\/jpeg"}],"author":"admin","twitter_card":"summary_large_image","twitter_misc":{"Escrito por":"admin","Tiempo de lectura":"3 minutos"},"schema":{"@context":"https:\/\/schema.org","@graph":[{"@type":"Article","@id":"https:\/\/sabado100.com.ar\/es-ar\/antonio-bonfatti-presenta-su-libro-en-rafaela\/#article","isPartOf":{"@id":"https:\/\/sabado100.com.ar\/es-ar\/antonio-bonfatti-presenta-su-libro-en-rafaela\/"},"author":{"name":"admin","@id":"https:\/\/sabado100.com.ar\/es-ar\/#\/schema\/person\/0a9d576d4c50f5ee5c774c01644c2bf5"},"headline":"Antonio Bonfatti presenta su libro en Rafaela","datePublished":"2026-08-31T20:26:59+00:00","dateModified":"2026-08-31T20:27:01+00:00","mainEntityOfPage":{"@id":"https:\/\/sabado100.com.ar\/es-ar\/antonio-bonfatti-presenta-su-libro-en-rafaela\/"},"wordCount":473,"commentCount":0,"publisher":{"@id":"https:\/\/sabado100.com.ar\/es-ar\/#organization"},"image":{"@id":"https:\/\/sabado100.com.ar\/es-ar\/antonio-bonfatti-presenta-su-libro-en-rafaela\/#primaryimage"},"thumbnailUrl":"https:\/\/sabado100.com.ar\/es-ar\/wp-content\/uploads\/2026\/08\/WhatsApp-Image-2026-08-31-at-11.12.24.jpeg","keywords":["Antonio Bonfatti presenta su libro en Rafaela"],"articleSection":["Cultura y Sociedad"],"inLanguage":"es","potentialAction":[{"@type":"CommentAction","name":"Comment","target":["https:\/\/sabado100.com.ar\/es-ar\/antonio-bonfatti-presenta-su-libro-en-rafaela\/#respond"]}]},{"@type":"WebPage","@id":"https:\/\/sabado100.com.ar\/es-ar\/antonio-bonfatti-presenta-su-libro-en-rafaela\/","url":"https:\/\/sabado100.com.ar\/es-ar\/antonio-bonfatti-presenta-su-libro-en-rafaela\/","name":"Antonio Bonfatti presenta su libro en Rafaela - Sabado 100","isPartOf":{"@id":"https:\/\/sabado100.com.ar\/es-ar\/#website"},"primaryImageOfPage":{"@id":"https:\/\/sabado100.com.ar\/es-ar\/antonio-bonfatti-presenta-su-libro-en-rafaela\/#primaryimage"},"image":{"@id":"https:\/\/sabado100.com.ar\/es-ar\/antonio-bonfatti-presenta-su-libro-en-rafaela\/#primaryimage"},"thumbnailUrl":"https:\/\/sabado100.com.ar\/es-ar\/wp-content\/uploads\/2026\/08\/WhatsApp-Image-2026-08-31-at-11.12.24.jpeg","datePublished":"2026-08-31T20:26:59+00:00","dateModified":"2026-08-31T20:27:01+00:00","breadcrumb":{"@id":"https:\/\/sabado100.com.ar\/es-ar\/antonio-bonfatti-presenta-su-libro-en-rafaela\/#breadcrumb"},"inLanguage":"es","potentialAction":[{"@type":"ReadAction","target":["https:\/\/sabado100.com.ar\/es-ar\/antonio-bonfatti-presenta-su-libro-en-rafaela\/"]}]},{"@type":"ImageObject","inLanguage":"es","@id":"https:\/\/sabado100.com.ar\/es-ar\/antonio-bonfatti-presenta-su-libro-en-rafaela\/#primaryimage","url":"https:\/\/sabado100.com.ar\/es-ar\/wp-content\/uploads\/2026\/08\/WhatsApp-Image-2026-08-31-at-11.12.24.jpeg","contentUrl":"https:\/\/sabado100.com.ar\/es-ar\/wp-content\/uploads\/2026\/08\/WhatsApp-Image-2026-08-31-at-11.12.24.jpeg","width":1200,"height":801},{"@type":"BreadcrumbList","@id":"https:\/\/sabado100.com.ar\/es-ar\/antonio-bonfatti-presenta-su-libro-en-rafaela\/#breadcrumb","itemListElement":[{"@type":"ListItem","position":1,"name":"Portada","item":"https:\/\/sabado100.com.ar\/es-ar\/"},{"@type":"ListItem","position":2,"name":"Antonio Bonfatti presenta su libro en Rafaela"}]},{"@type":"WebSite","@id":"https:\/\/sabado100.com.ar\/es-ar\/#website","url":"https:\/\/sabado100.com.ar\/es-ar\/","name":"Sabado 100","description":"","publisher":{"@id":"https:\/\/sabado100.com.ar\/es-ar\/#organization"},"potentialAction":[{"@type":"SearchAction","target":{"@type":"EntryPoint","urlTemplate":"https:\/\/sabado100.com.ar\/es-ar\/?s={search_term_string}"},"query-input":"required name=search_term_string"}],"inLanguage":"es"},{"@type":"Organization","@id":"https:\/\/sabado100.com.ar\/es-ar\/#organization","name":"Sabado 100","url":"https:\/\/sabado100.com.ar\/es-ar\/","logo":{"@type":"ImageObject","inLanguage":"es","@id":"https:\/\/sabado100.com.ar\/es-ar\/#\/schema\/logo\/image\/","url":"https:\/\/sabado100.com.ar\/es-ar\/wp-content\/uploads\/2024\/04\/logo3.jpg","contentUrl":"https:\/\/sabado100.com.ar\/es-ar\/wp-content\/uploads\/2024\/04\/logo3.jpg","width":300,"height":174,"caption":"Sabado 100"},"image":{"@id":"https:\/\/sabado100.com.ar\/es-ar\/#\/schema\/logo\/image\/"},"sameAs":["https:\/\/www.facebook.com\/sabadocien\/","https:\/\/www.instagram.com\/sabado100.com.ar\/","https:\/\/www.youtube.com\/@sabado1003"]},{"@type":"Person","@id":"https:\/\/sabado100.com.ar\/es-ar\/#\/schema\/person\/0a9d576d4c50f5ee5c774c01644c2bf5","name":"admin","image":{"@type":"ImageObject","inLanguage":"es","@id":"https:\/\/sabado100.com.ar\/es-ar\/#\/schema\/person\/image\/","url":"https:\/\/sabado100.com.ar\/es-ar\/wp-content\/litespeed\/avatar\/4011a1aa10f57cda77b281e34885822b.jpg?ver=1787726386","contentUrl":"https:\/\/sabado100.com.ar\/es-ar\/wp-content\/litespeed\/avatar\/4011a1aa10f57cda77b281e34885822b.jpg?ver=1787726386","caption":"admin"},"sameAs":["https:\/\/sabado100.com.ar\/es-ar"],"url":"https:\/\/sabado100.com.ar\/es-ar\/author\/s100\/"}]}},"_links":{"self":[{"href":"https:\/\/sabado100.com.ar\/es-ar\/wp-json\/wp\/v2\/posts\/39807","targetHints":{"allow":["GET"]}}],"collection":[{"href":"https:\/\/sabado100.com.ar\/es-ar\/wp-json\/wp\/v2\/posts"}],"about":[{"href":"https:\/\/sabado100.com.ar\/es-ar\/wp-json\/wp\/v2\/types\/post"}],"author":[{"embeddable":true,"href":"https:\/\/sabado100.com.ar\/es-ar\/wp-json\/wp\/v2\/users\/1"}],"replies":[{"embeddable":true,"href":"https:\/\/sabado100.com.ar\/es-ar\/wp-json\/wp\/v2\/comments?post=39807"}],"version-history":[{"count":1,"href":"https:\/\/sabado100.com.ar\/es-ar\/wp-json\/wp\/v2\/posts\/39807\/revisions"}],"predecessor-version":[{"id":39809,"href":"https:\/\/sabado100.com.ar\/es-ar\/wp-json\/wp\/v2\/posts\/39807\/revisions\/39809"}],"wp:featuredmedia":[{"embeddable":true,"href":"https:\/\/sabado100.com.ar\/es-ar\/wp-json\/wp\/v2\/media\/39808"}],"wp:attachment":[{"href":"https:\/\/sabado100.com.ar\/es-ar\/wp-json\/wp\/v2\/media?parent=39807"}],"wp:term":[{"taxonomy":"category","embeddable":true,"href":"https:\/\/sabado100.com.ar\/es-ar\/wp-json\/wp\/v2\/categories?post=39807"},{"taxonomy":"post_tag","embeddable":true,"href":"https:\/\/sabado100.com.ar\/es-ar\/wp-json\/wp\/v2\/tags?post=39807"}],"curies":[{"name":"wp","href":"https:\/\/api.w.org\/{rel}","templated":true}]}}