{"id":39803,"date":"2026-08-31T19:07:29","date_gmt":"2026-08-31T19:07:29","guid":{"rendered":"https:\/\/sabado100.com.ar\/es-ar\/?p=39803"},"modified":"2026-08-31T19:07:30","modified_gmt":"2026-08-31T19:07:30","slug":"proponen-rechazar-el-proyecto-de-ley-provincial-sobre-discursos-de-odio","status":"publish","type":"post","link":"https:\/\/sabado100.com.ar\/es-ar\/proponen-rechazar-el-proyecto-de-ley-provincial-sobre-discursos-de-odio\/","title":{"rendered":"Proponen rechazar el proyecto de ley provincial sobre discursos de odio"},"content":{"rendered":"\n<p class=\"wp-block-paragraph\"><strong>Por Emilio Grande (h.).-<\/strong>&nbsp;En la reuni\u00f3n de comisiones de este lunes, los concejales dieron despacho a ocho proyectos que se votar\u00e1n en la sesi\u00f3n ordinaria de este jueves a las 9:00 horas.<\/p>\n\n\n\n<p class=\"wp-block-paragraph\"><strong>*Expresar rechazo al proyecto de ley provincial sobre discursos de odio (La Libertad Avanza):<\/strong> manifestar el rechazo al proyecto con media sanci\u00f3n de la C\u00e1mara de Senadores de Santa Fe, propiciando la incorporaci\u00f3n de disposiciones sancionatorias vinculadas a los denominados \u00abdiscursos de odio\u00bb, por considerar que la utilizaci\u00f3n de categor\u00edas jur\u00eddicas amplias o indeterminadas para restringir expresiones puede afectar los principios constitucionales y convencionales que protegen la libertad de expresi\u00f3n, el pluralismo pol\u00edtico y el debate democr\u00e1tico.<\/p>\n\n\n\n<p class=\"wp-block-paragraph\">Solicitar a la C\u00e1mara de Diputados de la Provincia que, al momento de considerar este proyecto, preserve estrictamente los principios establecidos por la Constituci\u00f3n Nacional, la Constituci\u00f3n de Santa Fe y la Convenci\u00f3n Americana sobre Derechos Humanos, y rechace toda disposici\u00f3n que establezca sanciones sobre expresiones u opiniones mediante categor\u00edas ambiguas, indeterminadas o susceptibles de aplicaci\u00f3n discrecional.<\/p>\n\n\n\n<p class=\"wp-block-paragraph\">Milagros Zafra de LLA expres\u00f3 que \u201chay un proyecto de ley que ser\u00e1 votado este jueves en Diputados, tiene media sanci\u00f3n del Senado sin discutirlo, sobre tablas, entre gallos y medianoche. Prev\u00e9 multas de $8.600.000 y cursos de adoctrinamiento para personas que emitan comentarios que el Gobierno de turno considere de \u00b4odio\u00b4 bajo especificaciones muy generales y ambiguas. Es un atentado grav\u00edsimo e inaceptable en contra de la libertad de expresi\u00f3n, quedando a criterio de alg\u00fan funcionario lo que podamos decir sin pagar multa en la provincia de Santa Fe. El hecho de haber sido votado sobre tablas y sin discusi\u00f3n habla sobre el esp\u00edritu de la norma. Pocos antecedentes de este tipo, salvo en la Venezuela chavista y en Cuba\u201d.<\/p>\n\n\n\n<p class=\"wp-block-paragraph\">Y agreg\u00f3: \u201cNo creo que el PJ acompa\u00f1e, considerando que nunca les gust\u00f3 mucho la libre expresi\u00f3n, ya lo dijo el general: \u00b4al enemigo, ni justicia\u00b4. Tengo un poco m\u00e1s de esperanza para que Unidos pueda acompa\u00f1arlo, pero hasta cierto punto, dado que el autor de este proyecto es el senador Felipe Michlig. Ojal\u00e1 ambos bloques puedan superar el mandato partidario y se declaren en favor de la libertad de expresi\u00f3n, cosa que yo esperar\u00eda de un parlamentario representante de los rafaelinos\u201d.<\/p>\n\n\n\n<p class=\"wp-block-paragraph\">Al respecto, fueron consultados Lisandro M\u00e1rsico (PDP) y Juan Scavino (oficialismo), respondiendo que todav\u00eda no tienen una posici\u00f3n tomada. Juan Senn (PJ) aclar\u00f3 que \u201centendemos que ellos tienen una interpretaci\u00f3n de la norma que no va de la mano con lo que dice el texto (tiene media sanci\u00f3n en el Senado) y no pretende limitar la libertad de expresi\u00f3n. Tambi\u00e9n es importante precisar que hay un proyecto de modificaci\u00f3n en Diputados y, por ende, a\u00fan no sabemos qu\u00e9 va a salir aprobado\u201d.<\/p>\n\n\n\n<p class=\"wp-block-paragraph\"><strong>*Solicitar a la Legislatura de Santa Fe la eliminaci\u00f3n de restricciones durante la veda electoral (PDP dentro de Unidos):<\/strong> a las c\u00e1maras de Diputados y Senadores la sanci\u00f3n de la correspondiente legislaci\u00f3n a los fines de que se proceda a eliminar las restricciones existentes durante la jornada electoral y las 48 horas previas a la celebraci\u00f3n del acto eleccionario, a los fines de permitir el normal desarrollo de las actividades econ\u00f3micas, comerciales, gastron\u00f3micas, culturales, recreativas, deportivas, sociales y\/o cualquier otra actividad l\u00edcita, cuya limitaci\u00f3n no resulte estrictamente indispensable para la protecci\u00f3n del proceso electoral, salvo aquellas estrictamente necesarias para garantizar la libertad del sufragio, el normal desarrollo del acto electoral, el orden p\u00fablico y la transparencia de los comicios. Tambi\u00e9n legislar para incluir en la norma el permiso de venta, expendio y suministro de bebidas alcoh\u00f3licas en los establecimientos habilitados conforme a la normativa vigente.<\/p>\n\n\n\n<p class=\"wp-block-paragraph\"><strong>*Crear un portal digital oficial para informar sobre fen\u00f3meno \u201cEl Ni\u00f1o\u201d (PDP dentro de Unidos):<\/strong> solicitan al DEM que eval\u00fae la posibilidad de crear un portal digital oficial dedicado exclusivamente a brindar informaci\u00f3n clara y actualizada sobre este fen\u00f3meno y su incidencia en Rafaela, tomando como base conceptual la prevenci\u00f3n, el mantenimiento h\u00eddrico y la articulaci\u00f3n con organismos provinciales.<\/p>\n\n\n\n<figure class=\"wp-block-image size-large\"><img fetchpriority=\"high\" decoding=\"async\" width=\"1024\" height=\"768\" src=\"https:\/\/sabado100.com.ar\/es-ar\/wp-content\/uploads\/2026\/08\/WhatsApp-Image-2026-08-31-at-12.59.31-1-1024x768.jpeg\" alt=\"\" class=\"wp-image-39805\" srcset=\"https:\/\/sabado100.com.ar\/es-ar\/wp-content\/uploads\/2026\/08\/WhatsApp-Image-2026-08-31-at-12.59.31-1-1024x768.jpeg 1024w, https:\/\/sabado100.com.ar\/es-ar\/wp-content\/uploads\/2026\/08\/WhatsApp-Image-2026-08-31-at-12.59.31-1-300x225.jpeg 300w, https:\/\/sabado100.com.ar\/es-ar\/wp-content\/uploads\/2026\/08\/WhatsApp-Image-2026-08-31-at-12.59.31-1-768x576.jpeg 768w, https:\/\/sabado100.com.ar\/es-ar\/wp-content\/uploads\/2026\/08\/WhatsApp-Image-2026-08-31-at-12.59.31-1-scaled.jpeg 1200w\" sizes=\"(max-width: 1024px) 100vw, 1024px\" \/><\/figure>\n\n\n\n<p class=\"wp-block-paragraph\"><\/p>\n\n\n\n<p class=\"wp-block-paragraph\"><strong>*Reconocer la trayectoria profesional y aporte cultural de Marcelo Allasino (Juntos Avancemos):<\/strong> la destacada y prol\u00edfica trayectoria en el \u00e1mbito de las artes esc\u00e9nicas, la pedagog\u00eda teatral y la gesti\u00f3n cultural, tanto a nivel local, nacional como internacional, siendo que su labor fue fundamental para la identidad cultural de Rafaela, posicion\u00e1ndose como un faro teatral indiscutible en la provincia de Santa Fe y en la Argentina, resulta un deber expresar el correspondiente reconocimiento a su inestimable aporte y legado, seg\u00fan los considerandos.<\/p>\n\n\n\n<p class=\"wp-block-paragraph\">Por su invaluable contribuci\u00f3n art\u00edstica, por haber forjado los cimientos de la educaci\u00f3n y el quehacer teatral independiente de nuestra regi\u00f3n, y por haber llevado con orgullo el nombre de Rafaela a la c\u00faspide de la gesti\u00f3n cultural iberoamericana, consideran de estricta justicia que se reconozca de manera oficial a un hacedor indispensable.<\/p>\n\n\n\n<p class=\"wp-block-paragraph\"><strong>*Informe sobre personal de comunicaci\u00f3n digital del Municipio (Juntos Avancemos):<\/strong> solicitan al DEM que informe cantidad total de personas desempe\u00f1ando funciones de Community Manager, gesti\u00f3n de redes sociales o producci\u00f3n de contenidos digitales para el Municipio; modalidad contractual y r\u00e9gimen que presta servicios este personal (planta permanente, personal contratado, locaci\u00f3n de servicios, pasant\u00edas u otro v\u00ednculo); perfil profesional, idoneidad t\u00e9cnica o requerimientos acad\u00e9micos exigidos para la cobertura y asignaci\u00f3n de esas tareas; estructura org\u00e1nica de la que depende cada agente o prestador, especificando si responden funcionalmente de forma centralizada a la Secretar\u00eda Privada de Intendencia y Comunicaci\u00f3n o si est\u00e1n asignados de manera descentralizada a las distintas secretar\u00edas y \u00e1reas del Gabinete.<\/p>\n\n\n\n<p class=\"wp-block-paragraph\"><strong>*Reparaci\u00f3n rampa municipal (Juntos Avancemos):<\/strong> solicitan al DEM proceda a la reparaci\u00f3n y puesta en pleno funcionamiento de la rampa de acceso para personas con discapacidad ubicada en el edificio central con salida a Bv. Lehmann; mientras tanto dure el proceso de reparaci\u00f3n, disponga de las medidas preventivas, se\u00f1al\u00e9tica clara y la asistencia de personal capacitado para garantizar el ingreso y la atenci\u00f3n prioritaria de las personas con movilidad reducida; la realizaci\u00f3n de un relevamiento integral sobre el estado de mantenimiento y operatividad de los accesos adaptados en las dem\u00e1s dependencias municipales descentralizadas.<\/p>\n\n\n\n<p class=\"wp-block-paragraph\"><strong>*Informe sobre obras privadas y permisos de edificaci\u00f3n 2026 (La Libertad Avanza):<\/strong> solicitan al DEM que informe al Concejo la cantidad de expedientes iniciados y de permisos de edificaci\u00f3n otorgados correspondientes a obras privadas durante el 2026 en el ejido de Rafaela, remitiendo cantidad de expedientes iniciados durante el 2026, discriminados por mes y diferenciando entre obra nueva y ampliaci\u00f3n; cantidad de permisos de edificaci\u00f3n otorgados durante el 2026, discriminados por mes y diferenciando entre obra nueva y ampliaci\u00f3n; distribuci\u00f3n territorial de las obras, indicando barrio, zona o distrito conforme la zonificaci\u00f3n vigente; monto total percibido en concepto de derechos de edificaci\u00f3n y\/o construcci\u00f3n durante el 2026.<\/p>\n\n\n\n<p class=\"wp-block-paragraph\"><strong>*Solicitud de informe sobre intervenciones pendientes de ASSA en la v\u00eda p\u00fablica (Juntos Avancemos):<\/strong> dada la preocupaci\u00f3n manifestada por vecinos de diferentes sectores de la ciudad ante la presencia prolongada de vallados y \u00abcorralitos\u00bb instalados en la v\u00eda p\u00fablica como consecuencia de roturas de ca\u00f1er\u00edas y trabajos pendientes de reparaci\u00f3n de Aguas Santafesinas solicitan que las \u00e1reas municipales vinculadas a la empresa informen si existe una mesa de trabajo conjunta que coordina las intervenciones; el Municipio cuenta con informaci\u00f3n sobre el avance de las reparaciones y\/o realiza la inspecci\u00f3n de las mismas; el Municipio eval\u00faa y\/o posee estad\u00edsticas sobre la gesti\u00f3n de reclamos por parte de ASSA y si se est\u00e1n dando las respuestas pertinentes frente a los reclamos de vecinos; el Municipio ha ingresado pedidos y\/o reclamos formales ante la empresa por este motivo; el Municipio cuenta con la facultad de ejecutar reparaciones ante la falta de respuesta prolongada por parte de la empresa (adjuntan im\u00e1genes de situaciones relevadas en diversos barrios de la ciudad, algunas de las cuales superan los 24 meses de antig\u00fcedad).<\/p>\n\n\n\n<p class=\"wp-block-paragraph\"><\/p>\n","protected":false},"excerpt":{"rendered":"<p>\u201cEs un atentado grav\u00edsimo e inaceptable en contra de la libertad de expresi\u00f3n\u201d, destac\u00f3 Zafra de LLA sobre la media sanci\u00f3n en el Senado. M\u00e1rsico y Scavino todav\u00eda no tienen una posici\u00f3n tomada. Senn precis\u00f3 que hay un proyecto de modificaci\u00f3n en Diputados.<\/p>\n","protected":false},"author":1,"featured_media":39804,"comment_status":"open","ping_status":"open","sticky":false,"template":"","format":"standard","meta":{"site-sidebar-layout":"default","site-content-layout":"","ast-site-content-layout":"default","site-content-style":"default","site-sidebar-style":"default","ast-global-header-display":"","ast-banner-title-visibility":"","ast-main-header-display":"","ast-hfb-above-header-display":"","ast-hfb-below-header-display":"","ast-hfb-mobile-header-display":"","site-post-title":"","ast-breadcrumbs-content":"","ast-featured-img":"","footer-sml-layout":"","ast-disable-related-posts":"","theme-transparent-header-meta":"","adv-header-id-meta":"","stick-header-meta":"","header-above-stick-meta":"","header-main-stick-meta":"","header-below-stick-meta":"","astra-migrate-meta-layouts":"default","ast-page-background-enabled":"default","ast-page-background-meta":{"desktop":{"background-color":"var(--ast-global-color-4)","background-image":"","background-repeat":"repeat","background-position":"center center","background-size":"auto","background-attachment":"scroll","background-type":"","background-media":"","overlay-type":"","overlay-color":"","overlay-opacity":"","overlay-gradient":""},"tablet":{"background-color":"","background-image":"","background-repeat":"repeat","background-position":"center center","background-size":"auto","background-attachment":"scroll","background-type":"","background-media":"","overlay-type":"","overlay-color":"","overlay-opacity":"","overlay-gradient":""},"mobile":{"background-color":"","background-image":"","background-repeat":"repeat","background-position":"center center","background-size":"auto","background-attachment":"scroll","background-type":"","background-media":"","overlay-type":"","overlay-color":"","overlay-opacity":"","overlay-gradient":""}},"ast-content-background-meta":{"desktop":{"background-color":"var(--ast-global-color-5)","background-image":"","background-repeat":"repeat","background-position":"center center","background-size":"auto","background-attachment":"scroll","background-type":"","background-media":"","overlay-type":"","overlay-color":"","overlay-opacity":"","overlay-gradient":""},"tablet":{"background-color":"var(--ast-global-color-5)","background-image":"","background-repeat":"repeat","background-position":"center center","background-size":"auto","background-attachment":"scroll","background-type":"","background-media":"","overlay-type":"","overlay-color":"","overlay-opacity":"","overlay-gradient":""},"mobile":{"background-color":"var(--ast-global-color-5)","background-image":"","background-repeat":"repeat","background-position":"center center","background-size":"auto","background-attachment":"scroll","background-type":"","background-media":"","overlay-type":"","overlay-color":"","overlay-opacity":"","overlay-gradient":""}},"footnotes":""},"categories":[5],"tags":[9356],"class_list":["post-39803","post","type-post","status-publish","format-standard","has-post-thumbnail","hentry","category-politica","tag-proponen-rechazar-el-proyecto-de-ley-provincial-sobre-discursos-de-odio"],"yoast_head":"<!-- This site is optimized with the Yoast SEO plugin v23.2 - https:\/\/yoast.com\/wordpress\/plugins\/seo\/ -->\n<title>Proponen rechazar el proyecto de ley provincial sobre discursos de odio - Sabado 100<\/title>\n<meta name=\"robots\" content=\"index, follow, max-snippet:-1, max-image-preview:large, max-video-preview:-1\" \/>\n<link rel=\"canonical\" href=\"https:\/\/sabado100.com.ar\/es-ar\/proponen-rechazar-el-proyecto-de-ley-provincial-sobre-discursos-de-odio\/\" \/>\n<meta property=\"og:locale\" content=\"es_ES\" \/>\n<meta property=\"og:type\" content=\"article\" \/>\n<meta property=\"og:title\" content=\"Proponen rechazar el proyecto de ley provincial sobre discursos de odio - Sabado 100\" \/>\n<meta property=\"og:description\" content=\"\u201cEs un atentado grav\u00edsimo e inaceptable en contra de la libertad de expresi\u00f3n\u201d, destac\u00f3 Zafra de LLA sobre la media sanci\u00f3n en el Senado. M\u00e1rsico y Scavino todav\u00eda no tienen una posici\u00f3n tomada. Senn precis\u00f3 que hay un proyecto de modificaci\u00f3n en Diputados.\" \/>\n<meta property=\"og:url\" content=\"https:\/\/sabado100.com.ar\/es-ar\/proponen-rechazar-el-proyecto-de-ley-provincial-sobre-discursos-de-odio\/\" \/>\n<meta property=\"og:site_name\" content=\"Sabado 100\" \/>\n<meta property=\"article:publisher\" content=\"https:\/\/www.facebook.com\/sabadocien\/\" \/>\n<meta property=\"article:published_time\" content=\"2026-08-31T19:07:29+00:00\" \/>\n<meta property=\"article:modified_time\" content=\"2026-08-31T19:07:30+00:00\" \/>\n<meta property=\"og:image\" content=\"https:\/\/sabado100.com.ar\/es-ar\/wp-content\/uploads\/2026\/08\/WhatsApp-Image-2026-08-31-at-12.59.31-scaled.jpeg\" \/>\n\t<meta property=\"og:image:width\" content=\"1200\" \/>\n\t<meta property=\"og:image:height\" content=\"900\" \/>\n\t<meta property=\"og:image:type\" content=\"image\/jpeg\" \/>\n<meta name=\"author\" content=\"admin\" \/>\n<meta name=\"twitter:card\" content=\"summary_large_image\" \/>\n<meta name=\"twitter:label1\" content=\"Escrito por\" \/>\n\t<meta name=\"twitter:data1\" content=\"admin\" \/>\n\t<meta name=\"twitter:label2\" content=\"Tiempo de lectura\" \/>\n\t<meta name=\"twitter:data2\" content=\"7 minutos\" \/>\n<script type=\"application\/ld+json\" class=\"yoast-schema-graph\">{\"@context\":\"https:\/\/schema.org\",\"@graph\":[{\"@type\":\"Article\",\"@id\":\"https:\/\/sabado100.com.ar\/es-ar\/proponen-rechazar-el-proyecto-de-ley-provincial-sobre-discursos-de-odio\/#article\",\"isPartOf\":{\"@id\":\"https:\/\/sabado100.com.ar\/es-ar\/proponen-rechazar-el-proyecto-de-ley-provincial-sobre-discursos-de-odio\/\"},\"author\":{\"name\":\"admin\",\"@id\":\"https:\/\/sabado100.com.ar\/es-ar\/#\/schema\/person\/0a9d576d4c50f5ee5c774c01644c2bf5\"},\"headline\":\"Proponen rechazar el proyecto de ley provincial sobre discursos de odio\",\"datePublished\":\"2026-08-31T19:07:29+00:00\",\"dateModified\":\"2026-08-31T19:07:30+00:00\",\"mainEntityOfPage\":{\"@id\":\"https:\/\/sabado100.com.ar\/es-ar\/proponen-rechazar-el-proyecto-de-ley-provincial-sobre-discursos-de-odio\/\"},\"wordCount\":1410,\"commentCount\":0,\"publisher\":{\"@id\":\"https:\/\/sabado100.com.ar\/es-ar\/#organization\"},\"image\":{\"@id\":\"https:\/\/sabado100.com.ar\/es-ar\/proponen-rechazar-el-proyecto-de-ley-provincial-sobre-discursos-de-odio\/#primaryimage\"},\"thumbnailUrl\":\"https:\/\/sabado100.com.ar\/es-ar\/wp-content\/uploads\/2026\/08\/WhatsApp-Image-2026-08-31-at-12.59.31-scaled.jpeg\",\"keywords\":[\"Proponen rechazar el proyecto de ley provincial sobre discursos de odio\"],\"articleSection\":[\"Pol\u00edtica\"],\"inLanguage\":\"es\",\"potentialAction\":[{\"@type\":\"CommentAction\",\"name\":\"Comment\",\"target\":[\"https:\/\/sabado100.com.ar\/es-ar\/proponen-rechazar-el-proyecto-de-ley-provincial-sobre-discursos-de-odio\/#respond\"]}]},{\"@type\":\"WebPage\",\"@id\":\"https:\/\/sabado100.com.ar\/es-ar\/proponen-rechazar-el-proyecto-de-ley-provincial-sobre-discursos-de-odio\/\",\"url\":\"https:\/\/sabado100.com.ar\/es-ar\/proponen-rechazar-el-proyecto-de-ley-provincial-sobre-discursos-de-odio\/\",\"name\":\"Proponen rechazar el proyecto de ley provincial sobre discursos de odio - Sabado 100\",\"isPartOf\":{\"@id\":\"https:\/\/sabado100.com.ar\/es-ar\/#website\"},\"primaryImageOfPage\":{\"@id\":\"https:\/\/sabado100.com.ar\/es-ar\/proponen-rechazar-el-proyecto-de-ley-provincial-sobre-discursos-de-odio\/#primaryimage\"},\"image\":{\"@id\":\"https:\/\/sabado100.com.ar\/es-ar\/proponen-rechazar-el-proyecto-de-ley-provincial-sobre-discursos-de-odio\/#primaryimage\"},\"thumbnailUrl\":\"https:\/\/sabado100.com.ar\/es-ar\/wp-content\/uploads\/2026\/08\/WhatsApp-Image-2026-08-31-at-12.59.31-scaled.jpeg\",\"datePublished\":\"2026-08-31T19:07:29+00:00\",\"dateModified\":\"2026-08-31T19:07:30+00:00\",\"breadcrumb\":{\"@id\":\"https:\/\/sabado100.com.ar\/es-ar\/proponen-rechazar-el-proyecto-de-ley-provincial-sobre-discursos-de-odio\/#breadcrumb\"},\"inLanguage\":\"es\",\"potentialAction\":[{\"@type\":\"ReadAction\",\"target\":[\"https:\/\/sabado100.com.ar\/es-ar\/proponen-rechazar-el-proyecto-de-ley-provincial-sobre-discursos-de-odio\/\"]}]},{\"@type\":\"ImageObject\",\"inLanguage\":\"es\",\"@id\":\"https:\/\/sabado100.com.ar\/es-ar\/proponen-rechazar-el-proyecto-de-ley-provincial-sobre-discursos-de-odio\/#primaryimage\",\"url\":\"https:\/\/sabado100.com.ar\/es-ar\/wp-content\/uploads\/2026\/08\/WhatsApp-Image-2026-08-31-at-12.59.31-scaled.jpeg\",\"contentUrl\":\"https:\/\/sabado100.com.ar\/es-ar\/wp-content\/uploads\/2026\/08\/WhatsApp-Image-2026-08-31-at-12.59.31-scaled.jpeg\",\"width\":1200,\"height\":900},{\"@type\":\"BreadcrumbList\",\"@id\":\"https:\/\/sabado100.com.ar\/es-ar\/proponen-rechazar-el-proyecto-de-ley-provincial-sobre-discursos-de-odio\/#breadcrumb\",\"itemListElement\":[{\"@type\":\"ListItem\",\"position\":1,\"name\":\"Portada\",\"item\":\"https:\/\/sabado100.com.ar\/es-ar\/\"},{\"@type\":\"ListItem\",\"position\":2,\"name\":\"Proponen rechazar el proyecto de ley provincial sobre discursos de odio\"}]},{\"@type\":\"WebSite\",\"@id\":\"https:\/\/sabado100.com.ar\/es-ar\/#website\",\"url\":\"https:\/\/sabado100.com.ar\/es-ar\/\",\"name\":\"Sabado 100\",\"description\":\"\",\"publisher\":{\"@id\":\"https:\/\/sabado100.com.ar\/es-ar\/#organization\"},\"potentialAction\":[{\"@type\":\"SearchAction\",\"target\":{\"@type\":\"EntryPoint\",\"urlTemplate\":\"https:\/\/sabado100.com.ar\/es-ar\/?s={search_term_string}\"},\"query-input\":\"required name=search_term_string\"}],\"inLanguage\":\"es\"},{\"@type\":\"Organization\",\"@id\":\"https:\/\/sabado100.com.ar\/es-ar\/#organization\",\"name\":\"Sabado 100\",\"url\":\"https:\/\/sabado100.com.ar\/es-ar\/\",\"logo\":{\"@type\":\"ImageObject\",\"inLanguage\":\"es\",\"@id\":\"https:\/\/sabado100.com.ar\/es-ar\/#\/schema\/logo\/image\/\",\"url\":\"https:\/\/sabado100.com.ar\/es-ar\/wp-content\/uploads\/2024\/04\/logo3.jpg\",\"contentUrl\":\"https:\/\/sabado100.com.ar\/es-ar\/wp-content\/uploads\/2024\/04\/logo3.jpg\",\"width\":300,\"height\":174,\"caption\":\"Sabado 100\"},\"image\":{\"@id\":\"https:\/\/sabado100.com.ar\/es-ar\/#\/schema\/logo\/image\/\"},\"sameAs\":[\"https:\/\/www.facebook.com\/sabadocien\/\",\"https:\/\/www.instagram.com\/sabado100.com.ar\/\",\"https:\/\/www.youtube.com\/@sabado1003\"]},{\"@type\":\"Person\",\"@id\":\"https:\/\/sabado100.com.ar\/es-ar\/#\/schema\/person\/0a9d576d4c50f5ee5c774c01644c2bf5\",\"name\":\"admin\",\"image\":{\"@type\":\"ImageObject\",\"inLanguage\":\"es\",\"@id\":\"https:\/\/sabado100.com.ar\/es-ar\/#\/schema\/person\/image\/\",\"url\":\"https:\/\/sabado100.com.ar\/es-ar\/wp-content\/litespeed\/avatar\/4011a1aa10f57cda77b281e34885822b.jpg?ver=1787726386\",\"contentUrl\":\"https:\/\/sabado100.com.ar\/es-ar\/wp-content\/litespeed\/avatar\/4011a1aa10f57cda77b281e34885822b.jpg?ver=1787726386\",\"caption\":\"admin\"},\"sameAs\":[\"https:\/\/sabado100.com.ar\/es-ar\"],\"url\":\"https:\/\/sabado100.com.ar\/es-ar\/author\/s100\/\"}]}<\/script>\n<!-- \/ Yoast SEO plugin. -->","yoast_head_json":{"title":"Proponen rechazar el proyecto de ley provincial sobre discursos de odio - Sabado 100","robots":{"index":"index","follow":"follow","max-snippet":"max-snippet:-1","max-image-preview":"max-image-preview:large","max-video-preview":"max-video-preview:-1"},"canonical":"https:\/\/sabado100.com.ar\/es-ar\/proponen-rechazar-el-proyecto-de-ley-provincial-sobre-discursos-de-odio\/","og_locale":"es_ES","og_type":"article","og_title":"Proponen rechazar el proyecto de ley provincial sobre discursos de odio - Sabado 100","og_description":"\u201cEs un atentado grav\u00edsimo e inaceptable en contra de la libertad de expresi\u00f3n\u201d, destac\u00f3 Zafra de LLA sobre la media sanci\u00f3n en el Senado. M\u00e1rsico y Scavino todav\u00eda no tienen una posici\u00f3n tomada. Senn precis\u00f3 que hay un proyecto de modificaci\u00f3n en Diputados.","og_url":"https:\/\/sabado100.com.ar\/es-ar\/proponen-rechazar-el-proyecto-de-ley-provincial-sobre-discursos-de-odio\/","og_site_name":"Sabado 100","article_publisher":"https:\/\/www.facebook.com\/sabadocien\/","article_published_time":"2026-08-31T19:07:29+00:00","article_modified_time":"2026-08-31T19:07:30+00:00","og_image":[{"width":1200,"height":900,"url":"https:\/\/sabado100.com.ar\/es-ar\/wp-content\/uploads\/2026\/08\/WhatsApp-Image-2026-08-31-at-12.59.31-scaled.jpeg","type":"image\/jpeg"}],"author":"admin","twitter_card":"summary_large_image","twitter_misc":{"Escrito por":"admin","Tiempo de lectura":"7 minutos"},"schema":{"@context":"https:\/\/schema.org","@graph":[{"@type":"Article","@id":"https:\/\/sabado100.com.ar\/es-ar\/proponen-rechazar-el-proyecto-de-ley-provincial-sobre-discursos-de-odio\/#article","isPartOf":{"@id":"https:\/\/sabado100.com.ar\/es-ar\/proponen-rechazar-el-proyecto-de-ley-provincial-sobre-discursos-de-odio\/"},"author":{"name":"admin","@id":"https:\/\/sabado100.com.ar\/es-ar\/#\/schema\/person\/0a9d576d4c50f5ee5c774c01644c2bf5"},"headline":"Proponen rechazar el proyecto de ley provincial sobre discursos de odio","datePublished":"2026-08-31T19:07:29+00:00","dateModified":"2026-08-31T19:07:30+00:00","mainEntityOfPage":{"@id":"https:\/\/sabado100.com.ar\/es-ar\/proponen-rechazar-el-proyecto-de-ley-provincial-sobre-discursos-de-odio\/"},"wordCount":1410,"commentCount":0,"publisher":{"@id":"https:\/\/sabado100.com.ar\/es-ar\/#organization"},"image":{"@id":"https:\/\/sabado100.com.ar\/es-ar\/proponen-rechazar-el-proyecto-de-ley-provincial-sobre-discursos-de-odio\/#primaryimage"},"thumbnailUrl":"https:\/\/sabado100.com.ar\/es-ar\/wp-content\/uploads\/2026\/08\/WhatsApp-Image-2026-08-31-at-12.59.31-scaled.jpeg","keywords":["Proponen rechazar el proyecto de ley provincial sobre discursos de odio"],"articleSection":["Pol\u00edtica"],"inLanguage":"es","potentialAction":[{"@type":"CommentAction","name":"Comment","target":["https:\/\/sabado100.com.ar\/es-ar\/proponen-rechazar-el-proyecto-de-ley-provincial-sobre-discursos-de-odio\/#respond"]}]},{"@type":"WebPage","@id":"https:\/\/sabado100.com.ar\/es-ar\/proponen-rechazar-el-proyecto-de-ley-provincial-sobre-discursos-de-odio\/","url":"https:\/\/sabado100.com.ar\/es-ar\/proponen-rechazar-el-proyecto-de-ley-provincial-sobre-discursos-de-odio\/","name":"Proponen rechazar el proyecto de ley provincial sobre discursos de odio - Sabado 100","isPartOf":{"@id":"https:\/\/sabado100.com.ar\/es-ar\/#website"},"primaryImageOfPage":{"@id":"https:\/\/sabado100.com.ar\/es-ar\/proponen-rechazar-el-proyecto-de-ley-provincial-sobre-discursos-de-odio\/#primaryimage"},"image":{"@id":"https:\/\/sabado100.com.ar\/es-ar\/proponen-rechazar-el-proyecto-de-ley-provincial-sobre-discursos-de-odio\/#primaryimage"},"thumbnailUrl":"https:\/\/sabado100.com.ar\/es-ar\/wp-content\/uploads\/2026\/08\/WhatsApp-Image-2026-08-31-at-12.59.31-scaled.jpeg","datePublished":"2026-08-31T19:07:29+00:00","dateModified":"2026-08-31T19:07:30+00:00","breadcrumb":{"@id":"https:\/\/sabado100.com.ar\/es-ar\/proponen-rechazar-el-proyecto-de-ley-provincial-sobre-discursos-de-odio\/#breadcrumb"},"inLanguage":"es","potentialAction":[{"@type":"ReadAction","target":["https:\/\/sabado100.com.ar\/es-ar\/proponen-rechazar-el-proyecto-de-ley-provincial-sobre-discursos-de-odio\/"]}]},{"@type":"ImageObject","inLanguage":"es","@id":"https:\/\/sabado100.com.ar\/es-ar\/proponen-rechazar-el-proyecto-de-ley-provincial-sobre-discursos-de-odio\/#primaryimage","url":"https:\/\/sabado100.com.ar\/es-ar\/wp-content\/uploads\/2026\/08\/WhatsApp-Image-2026-08-31-at-12.59.31-scaled.jpeg","contentUrl":"https:\/\/sabado100.com.ar\/es-ar\/wp-content\/uploads\/2026\/08\/WhatsApp-Image-2026-08-31-at-12.59.31-scaled.jpeg","width":1200,"height":900},{"@type":"BreadcrumbList","@id":"https:\/\/sabado100.com.ar\/es-ar\/proponen-rechazar-el-proyecto-de-ley-provincial-sobre-discursos-de-odio\/#breadcrumb","itemListElement":[{"@type":"ListItem","position":1,"name":"Portada","item":"https:\/\/sabado100.com.ar\/es-ar\/"},{"@type":"ListItem","position":2,"name":"Proponen rechazar el proyecto de ley provincial sobre discursos de odio"}]},{"@type":"WebSite","@id":"https:\/\/sabado100.com.ar\/es-ar\/#website","url":"https:\/\/sabado100.com.ar\/es-ar\/","name":"Sabado 100","description":"","publisher":{"@id":"https:\/\/sabado100.com.ar\/es-ar\/#organization"},"potentialAction":[{"@type":"SearchAction","target":{"@type":"EntryPoint","urlTemplate":"https:\/\/sabado100.com.ar\/es-ar\/?s={search_term_string}"},"query-input":"required name=search_term_string"}],"inLanguage":"es"},{"@type":"Organization","@id":"https:\/\/sabado100.com.ar\/es-ar\/#organization","name":"Sabado 100","url":"https:\/\/sabado100.com.ar\/es-ar\/","logo":{"@type":"ImageObject","inLanguage":"es","@id":"https:\/\/sabado100.com.ar\/es-ar\/#\/schema\/logo\/image\/","url":"https:\/\/sabado100.com.ar\/es-ar\/wp-content\/uploads\/2024\/04\/logo3.jpg","contentUrl":"https:\/\/sabado100.com.ar\/es-ar\/wp-content\/uploads\/2024\/04\/logo3.jpg","width":300,"height":174,"caption":"Sabado 100"},"image":{"@id":"https:\/\/sabado100.com.ar\/es-ar\/#\/schema\/logo\/image\/"},"sameAs":["https:\/\/www.facebook.com\/sabadocien\/","https:\/\/www.instagram.com\/sabado100.com.ar\/","https:\/\/www.youtube.com\/@sabado1003"]},{"@type":"Person","@id":"https:\/\/sabado100.com.ar\/es-ar\/#\/schema\/person\/0a9d576d4c50f5ee5c774c01644c2bf5","name":"admin","image":{"@type":"ImageObject","inLanguage":"es","@id":"https:\/\/sabado100.com.ar\/es-ar\/#\/schema\/person\/image\/","url":"https:\/\/sabado100.com.ar\/es-ar\/wp-content\/litespeed\/avatar\/4011a1aa10f57cda77b281e34885822b.jpg?ver=1787726386","contentUrl":"https:\/\/sabado100.com.ar\/es-ar\/wp-content\/litespeed\/avatar\/4011a1aa10f57cda77b281e34885822b.jpg?ver=1787726386","caption":"admin"},"sameAs":["https:\/\/sabado100.com.ar\/es-ar"],"url":"https:\/\/sabado100.com.ar\/es-ar\/author\/s100\/"}]}},"_links":{"self":[{"href":"https:\/\/sabado100.com.ar\/es-ar\/wp-json\/wp\/v2\/posts\/39803","targetHints":{"allow":["GET"]}}],"collection":[{"href":"https:\/\/sabado100.com.ar\/es-ar\/wp-json\/wp\/v2\/posts"}],"about":[{"href":"https:\/\/sabado100.com.ar\/es-ar\/wp-json\/wp\/v2\/types\/post"}],"author":[{"embeddable":true,"href":"https:\/\/sabado100.com.ar\/es-ar\/wp-json\/wp\/v2\/users\/1"}],"replies":[{"embeddable":true,"href":"https:\/\/sabado100.com.ar\/es-ar\/wp-json\/wp\/v2\/comments?post=39803"}],"version-history":[{"count":1,"href":"https:\/\/sabado100.com.ar\/es-ar\/wp-json\/wp\/v2\/posts\/39803\/revisions"}],"predecessor-version":[{"id":39806,"href":"https:\/\/sabado100.com.ar\/es-ar\/wp-json\/wp\/v2\/posts\/39803\/revisions\/39806"}],"wp:featuredmedia":[{"embeddable":true,"href":"https:\/\/sabado100.com.ar\/es-ar\/wp-json\/wp\/v2\/media\/39804"}],"wp:attachment":[{"href":"https:\/\/sabado100.com.ar\/es-ar\/wp-json\/wp\/v2\/media?parent=39803"}],"wp:term":[{"taxonomy":"category","embeddable":true,"href":"https:\/\/sabado100.com.ar\/es-ar\/wp-json\/wp\/v2\/categories?post=39803"},{"taxonomy":"post_tag","embeddable":true,"href":"https:\/\/sabado100.com.ar\/es-ar\/wp-json\/wp\/v2\/tags?post=39803"}],"curies":[{"name":"wp","href":"https:\/\/api.w.org\/{rel}","templated":true}]}}