{"id":39794,"date":"2026-08-30T23:56:58","date_gmt":"2026-08-30T23:56:58","guid":{"rendered":"https:\/\/sabado100.com.ar\/es-ar\/?p=39794"},"modified":"2026-08-30T23:56:59","modified_gmt":"2026-08-30T23:56:59","slug":"cerro-la-119a-edicion-de-la-expo-rural-con-una-fuerte-convocatoria-y-el-acompanamiento-del-municipio","status":"publish","type":"post","link":"https:\/\/sabado100.com.ar\/es-ar\/cerro-la-119a-edicion-de-la-expo-rural-con-una-fuerte-convocatoria-y-el-acompanamiento-del-municipio\/","title":{"rendered":"Cerr\u00f3 la 119\u00aa edici\u00f3n de la Expo Rural con una fuerte convocatoria y el acompa\u00f1amiento del Municipio"},"content":{"rendered":"\n<p class=\"wp-block-paragraph\">La ciudad de Rafaela despidi\u00f3 este domingo una nueva edici\u00f3n de la Expo Rural, uno de los encuentros m\u00e1s tradicionales y representativos de la regi\u00f3n. En su 119\u00aa edici\u00f3n, la muestra volvi\u00f3 a convocar a productores, empresas, instituciones y familias que durante varios d\u00edas disfrutaron de las distintas propuestas en el predio de la Sociedad Rural.<\/p>\n\n\n\n<p class=\"wp-block-paragraph\">El intendente Leonardo Viotti particip\u00f3 de la jornada de cierre y destac\u00f3 el valor hist\u00f3rico de una muestra que re\u00fane al campo, la producci\u00f3n, las empresas y la comunidad.<\/p>\n\n\n\n<p class=\"wp-block-paragraph\">\u201cComo todos los a\u00f1os, estamos aqu\u00ed en la edici\u00f3n n\u00famero 119 de la Expo Rural de Rafaela. Este es un espacio hist\u00f3rico en donde se encuentra el campo, la producci\u00f3n y los vecinos para disfrutar de muy lindos d\u00edas. La verdad que ha salido muy bien. Su presidente me comentaba que estaba muy conforme con el resultado de todo el trabajo de estos d\u00edas\u201d, expres\u00f3.<\/p>\n\n\n\n<p class=\"wp-block-paragraph\">Viotti remarc\u00f3 que la muestra representa la identidad productiva de la ciudad y de la regi\u00f3n. \u201cEsta es la fuerza de trabajo de Rafaela, de la regi\u00f3n, del interior del pa\u00eds. Esto es lo que somos y lo que queremos mostrarle al pa\u00eds y, por qu\u00e9 no, al mundo tambi\u00e9n\u201d, sostuvo.<\/p>\n\n\n\n<p class=\"wp-block-paragraph\">En ese sentido, se\u00f1al\u00f3 que la Expo es el reflejo del modelo productivo local. \u201cEsta Expo es la foto de lo que somos: el campo que produce, la industria que agrega valor y el trabajo que genera oportunidades. Cuando al campo le va bien, a Rafaela le va bien, porque ac\u00e1 esa producci\u00f3n se transforma en alimentos, en maquinaria, en empleo\u201d, afirm\u00f3.<\/p>\n\n\n\n<p class=\"wp-block-paragraph\">Asimismo, puso en valor los principios que acompa\u00f1aron el crecimiento y desarrollo de la ciudad. \u201cNuestros valores del esfuerzo, del trabajo, de la producci\u00f3n y de la educaci\u00f3n nacen del campo y de la cultura del trabajo. Defendemos ese modelo porque es el que genera arraigo, el que invierte y el que hace crecer a la ciudad y a toda la regi\u00f3n\u201d, se\u00f1al\u00f3.<\/p>\n\n\n\n<p class=\"wp-block-paragraph\">Finalmente, destac\u00f3 la presencia del Estado local y el acompa\u00f1amiento al sector. \u201cAqu\u00ed, junto al campo, a quienes todos los d\u00edas arriesgan, invierten y generan trabajo, estamos porque es el lugar en el que tenemos que estar\u201d, concluy\u00f3.<\/p>\n\n\n\n<p class=\"wp-block-paragraph\"><\/p>\n","protected":false},"excerpt":{"rendered":"<p>Con una importante participaci\u00f3n de productores, empresas, instituciones y familias, volvi\u00f3 a reafirmar su valor como uno de los encuentros m\u00e1s tradicionales de Rafaela y la regi\u00f3n.<\/p>\n","protected":false},"author":1,"featured_media":39795,"comment_status":"open","ping_status":"open","sticky":false,"template":"","format":"standard","meta":{"site-sidebar-layout":"default","site-content-layout":"","ast-site-content-layout":"default","site-content-style":"default","site-sidebar-style":"default","ast-global-header-display":"","ast-banner-title-visibility":"","ast-main-header-display":"","ast-hfb-above-header-display":"","ast-hfb-below-header-display":"","ast-hfb-mobile-header-display":"","site-post-title":"","ast-breadcrumbs-content":"","ast-featured-img":"","footer-sml-layout":"","ast-disable-related-posts":"","theme-transparent-header-meta":"","adv-header-id-meta":"","stick-header-meta":"","header-above-stick-meta":"","header-main-stick-meta":"","header-below-stick-meta":"","astra-migrate-meta-layouts":"default","ast-page-background-enabled":"default","ast-page-background-meta":{"desktop":{"background-color":"var(--ast-global-color-4)","background-image":"","background-repeat":"repeat","background-position":"center center","background-size":"auto","background-attachment":"scroll","background-type":"","background-media":"","overlay-type":"","overlay-color":"","overlay-opacity":"","overlay-gradient":""},"tablet":{"background-color":"","background-image":"","background-repeat":"repeat","background-position":"center center","background-size":"auto","background-attachment":"scroll","background-type":"","background-media":"","overlay-type":"","overlay-color":"","overlay-opacity":"","overlay-gradient":""},"mobile":{"background-color":"","background-image":"","background-repeat":"repeat","background-position":"center center","background-size":"auto","background-attachment":"scroll","background-type":"","background-media":"","overlay-type":"","overlay-color":"","overlay-opacity":"","overlay-gradient":""}},"ast-content-background-meta":{"desktop":{"background-color":"var(--ast-global-color-5)","background-image":"","background-repeat":"repeat","background-position":"center center","background-size":"auto","background-attachment":"scroll","background-type":"","background-media":"","overlay-type":"","overlay-color":"","overlay-opacity":"","overlay-gradient":""},"tablet":{"background-color":"var(--ast-global-color-5)","background-image":"","background-repeat":"repeat","background-position":"center center","background-size":"auto","background-attachment":"scroll","background-type":"","background-media":"","overlay-type":"","overlay-color":"","overlay-opacity":"","overlay-gradient":""},"mobile":{"background-color":"var(--ast-global-color-5)","background-image":"","background-repeat":"repeat","background-position":"center center","background-size":"auto","background-attachment":"scroll","background-type":"","background-media":"","overlay-type":"","overlay-color":"","overlay-opacity":"","overlay-gradient":""}},"footnotes":""},"categories":[5],"tags":[9353],"class_list":["post-39794","post","type-post","status-publish","format-standard","has-post-thumbnail","hentry","category-politica","tag-cerro-la-119a-edicion-de-la-expo-rural-con-una-fuerte-convocatoria-y-el-acompanamiento-del-municipio"],"yoast_head":"<!-- This site is optimized with the Yoast SEO plugin v23.2 - https:\/\/yoast.com\/wordpress\/plugins\/seo\/ -->\n<title>Cerr\u00f3 la 119\u00aa edici\u00f3n de la Expo Rural con una fuerte convocatoria y el acompa\u00f1amiento del Municipio - Sabado 100<\/title>\n<meta name=\"robots\" content=\"index, follow, max-snippet:-1, max-image-preview:large, max-video-preview:-1\" \/>\n<link rel=\"canonical\" href=\"https:\/\/sabado100.com.ar\/es-ar\/cerro-la-119a-edicion-de-la-expo-rural-con-una-fuerte-convocatoria-y-el-acompanamiento-del-municipio\/\" \/>\n<meta property=\"og:locale\" content=\"es_ES\" \/>\n<meta property=\"og:type\" content=\"article\" \/>\n<meta property=\"og:title\" content=\"Cerr\u00f3 la 119\u00aa edici\u00f3n de la Expo Rural con una fuerte convocatoria y el acompa\u00f1amiento del Municipio - Sabado 100\" \/>\n<meta property=\"og:description\" content=\"Con una importante participaci\u00f3n de productores, empresas, instituciones y familias, volvi\u00f3 a reafirmar su valor como uno de los encuentros m\u00e1s tradicionales de Rafaela y la regi\u00f3n.\" \/>\n<meta property=\"og:url\" content=\"https:\/\/sabado100.com.ar\/es-ar\/cerro-la-119a-edicion-de-la-expo-rural-con-una-fuerte-convocatoria-y-el-acompanamiento-del-municipio\/\" \/>\n<meta property=\"og:site_name\" content=\"Sabado 100\" \/>\n<meta property=\"article:publisher\" content=\"https:\/\/www.facebook.com\/sabadocien\/\" \/>\n<meta property=\"article:published_time\" content=\"2026-08-30T23:56:58+00:00\" \/>\n<meta property=\"article:modified_time\" content=\"2026-08-30T23:56:59+00:00\" \/>\n<meta property=\"og:image\" content=\"https:\/\/sabado100.com.ar\/es-ar\/wp-content\/uploads\/2026\/08\/WhatsApp-Image-2026-08-30-at-20.37.50.jpeg\" \/>\n\t<meta property=\"og:image:width\" content=\"1280\" \/>\n\t<meta property=\"og:image:height\" content=\"861\" \/>\n\t<meta property=\"og:image:type\" content=\"image\/jpeg\" \/>\n<meta name=\"author\" content=\"admin\" \/>\n<meta name=\"twitter:card\" content=\"summary_large_image\" \/>\n<meta name=\"twitter:label1\" content=\"Escrito por\" \/>\n\t<meta name=\"twitter:data1\" content=\"admin\" \/>\n\t<meta name=\"twitter:label2\" content=\"Tiempo de lectura\" \/>\n\t<meta name=\"twitter:data2\" content=\"2 minutos\" \/>\n<script type=\"application\/ld+json\" class=\"yoast-schema-graph\">{\"@context\":\"https:\/\/schema.org\",\"@graph\":[{\"@type\":\"Article\",\"@id\":\"https:\/\/sabado100.com.ar\/es-ar\/cerro-la-119a-edicion-de-la-expo-rural-con-una-fuerte-convocatoria-y-el-acompanamiento-del-municipio\/#article\",\"isPartOf\":{\"@id\":\"https:\/\/sabado100.com.ar\/es-ar\/cerro-la-119a-edicion-de-la-expo-rural-con-una-fuerte-convocatoria-y-el-acompanamiento-del-municipio\/\"},\"author\":{\"name\":\"admin\",\"@id\":\"https:\/\/sabado100.com.ar\/es-ar\/#\/schema\/person\/0a9d576d4c50f5ee5c774c01644c2bf5\"},\"headline\":\"Cerr\u00f3 la 119\u00aa edici\u00f3n de la Expo Rural con una fuerte convocatoria y el acompa\u00f1amiento del Municipio\",\"datePublished\":\"2026-08-30T23:56:58+00:00\",\"dateModified\":\"2026-08-30T23:56:59+00:00\",\"mainEntityOfPage\":{\"@id\":\"https:\/\/sabado100.com.ar\/es-ar\/cerro-la-119a-edicion-de-la-expo-rural-con-una-fuerte-convocatoria-y-el-acompanamiento-del-municipio\/\"},\"wordCount\":409,\"commentCount\":0,\"publisher\":{\"@id\":\"https:\/\/sabado100.com.ar\/es-ar\/#organization\"},\"image\":{\"@id\":\"https:\/\/sabado100.com.ar\/es-ar\/cerro-la-119a-edicion-de-la-expo-rural-con-una-fuerte-convocatoria-y-el-acompanamiento-del-municipio\/#primaryimage\"},\"thumbnailUrl\":\"https:\/\/sabado100.com.ar\/es-ar\/wp-content\/uploads\/2026\/08\/WhatsApp-Image-2026-08-30-at-20.37.50.jpeg\",\"keywords\":[\"Cerr\u00f3 la 119\u00aa edici\u00f3n de la Expo Rural con una fuerte convocatoria y el acompa\u00f1amiento del Municipio\"],\"articleSection\":[\"Pol\u00edtica\"],\"inLanguage\":\"es\",\"potentialAction\":[{\"@type\":\"CommentAction\",\"name\":\"Comment\",\"target\":[\"https:\/\/sabado100.com.ar\/es-ar\/cerro-la-119a-edicion-de-la-expo-rural-con-una-fuerte-convocatoria-y-el-acompanamiento-del-municipio\/#respond\"]}]},{\"@type\":\"WebPage\",\"@id\":\"https:\/\/sabado100.com.ar\/es-ar\/cerro-la-119a-edicion-de-la-expo-rural-con-una-fuerte-convocatoria-y-el-acompanamiento-del-municipio\/\",\"url\":\"https:\/\/sabado100.com.ar\/es-ar\/cerro-la-119a-edicion-de-la-expo-rural-con-una-fuerte-convocatoria-y-el-acompanamiento-del-municipio\/\",\"name\":\"Cerr\u00f3 la 119\u00aa edici\u00f3n de la Expo Rural con una fuerte convocatoria y el acompa\u00f1amiento del Municipio - Sabado 100\",\"isPartOf\":{\"@id\":\"https:\/\/sabado100.com.ar\/es-ar\/#website\"},\"primaryImageOfPage\":{\"@id\":\"https:\/\/sabado100.com.ar\/es-ar\/cerro-la-119a-edicion-de-la-expo-rural-con-una-fuerte-convocatoria-y-el-acompanamiento-del-municipio\/#primaryimage\"},\"image\":{\"@id\":\"https:\/\/sabado100.com.ar\/es-ar\/cerro-la-119a-edicion-de-la-expo-rural-con-una-fuerte-convocatoria-y-el-acompanamiento-del-municipio\/#primaryimage\"},\"thumbnailUrl\":\"https:\/\/sabado100.com.ar\/es-ar\/wp-content\/uploads\/2026\/08\/WhatsApp-Image-2026-08-30-at-20.37.50.jpeg\",\"datePublished\":\"2026-08-30T23:56:58+00:00\",\"dateModified\":\"2026-08-30T23:56:59+00:00\",\"breadcrumb\":{\"@id\":\"https:\/\/sabado100.com.ar\/es-ar\/cerro-la-119a-edicion-de-la-expo-rural-con-una-fuerte-convocatoria-y-el-acompanamiento-del-municipio\/#breadcrumb\"},\"inLanguage\":\"es\",\"potentialAction\":[{\"@type\":\"ReadAction\",\"target\":[\"https:\/\/sabado100.com.ar\/es-ar\/cerro-la-119a-edicion-de-la-expo-rural-con-una-fuerte-convocatoria-y-el-acompanamiento-del-municipio\/\"]}]},{\"@type\":\"ImageObject\",\"inLanguage\":\"es\",\"@id\":\"https:\/\/sabado100.com.ar\/es-ar\/cerro-la-119a-edicion-de-la-expo-rural-con-una-fuerte-convocatoria-y-el-acompanamiento-del-municipio\/#primaryimage\",\"url\":\"https:\/\/sabado100.com.ar\/es-ar\/wp-content\/uploads\/2026\/08\/WhatsApp-Image-2026-08-30-at-20.37.50.jpeg\",\"contentUrl\":\"https:\/\/sabado100.com.ar\/es-ar\/wp-content\/uploads\/2026\/08\/WhatsApp-Image-2026-08-30-at-20.37.50.jpeg\",\"width\":1280,\"height\":861},{\"@type\":\"BreadcrumbList\",\"@id\":\"https:\/\/sabado100.com.ar\/es-ar\/cerro-la-119a-edicion-de-la-expo-rural-con-una-fuerte-convocatoria-y-el-acompanamiento-del-municipio\/#breadcrumb\",\"itemListElement\":[{\"@type\":\"ListItem\",\"position\":1,\"name\":\"Portada\",\"item\":\"https:\/\/sabado100.com.ar\/es-ar\/\"},{\"@type\":\"ListItem\",\"position\":2,\"name\":\"Cerr\u00f3 la 119\u00aa edici\u00f3n de la Expo Rural con una fuerte convocatoria y el acompa\u00f1amiento del Municipio\"}]},{\"@type\":\"WebSite\",\"@id\":\"https:\/\/sabado100.com.ar\/es-ar\/#website\",\"url\":\"https:\/\/sabado100.com.ar\/es-ar\/\",\"name\":\"Sabado 100\",\"description\":\"\",\"publisher\":{\"@id\":\"https:\/\/sabado100.com.ar\/es-ar\/#organization\"},\"potentialAction\":[{\"@type\":\"SearchAction\",\"target\":{\"@type\":\"EntryPoint\",\"urlTemplate\":\"https:\/\/sabado100.com.ar\/es-ar\/?s={search_term_string}\"},\"query-input\":\"required name=search_term_string\"}],\"inLanguage\":\"es\"},{\"@type\":\"Organization\",\"@id\":\"https:\/\/sabado100.com.ar\/es-ar\/#organization\",\"name\":\"Sabado 100\",\"url\":\"https:\/\/sabado100.com.ar\/es-ar\/\",\"logo\":{\"@type\":\"ImageObject\",\"inLanguage\":\"es\",\"@id\":\"https:\/\/sabado100.com.ar\/es-ar\/#\/schema\/logo\/image\/\",\"url\":\"https:\/\/sabado100.com.ar\/es-ar\/wp-content\/uploads\/2024\/04\/logo3.jpg\",\"contentUrl\":\"https:\/\/sabado100.com.ar\/es-ar\/wp-content\/uploads\/2024\/04\/logo3.jpg\",\"width\":300,\"height\":174,\"caption\":\"Sabado 100\"},\"image\":{\"@id\":\"https:\/\/sabado100.com.ar\/es-ar\/#\/schema\/logo\/image\/\"},\"sameAs\":[\"https:\/\/www.facebook.com\/sabadocien\/\",\"https:\/\/www.instagram.com\/sabado100.com.ar\/\",\"https:\/\/www.youtube.com\/@sabado1003\"]},{\"@type\":\"Person\",\"@id\":\"https:\/\/sabado100.com.ar\/es-ar\/#\/schema\/person\/0a9d576d4c50f5ee5c774c01644c2bf5\",\"name\":\"admin\",\"image\":{\"@type\":\"ImageObject\",\"inLanguage\":\"es\",\"@id\":\"https:\/\/sabado100.com.ar\/es-ar\/#\/schema\/person\/image\/\",\"url\":\"https:\/\/sabado100.com.ar\/es-ar\/wp-content\/litespeed\/avatar\/4011a1aa10f57cda77b281e34885822b.jpg?ver=1787726386\",\"contentUrl\":\"https:\/\/sabado100.com.ar\/es-ar\/wp-content\/litespeed\/avatar\/4011a1aa10f57cda77b281e34885822b.jpg?ver=1787726386\",\"caption\":\"admin\"},\"sameAs\":[\"https:\/\/sabado100.com.ar\/es-ar\"],\"url\":\"https:\/\/sabado100.com.ar\/es-ar\/author\/s100\/\"}]}<\/script>\n<!-- \/ Yoast SEO plugin. -->","yoast_head_json":{"title":"Cerr\u00f3 la 119\u00aa edici\u00f3n de la Expo Rural con una fuerte convocatoria y el acompa\u00f1amiento del Municipio - Sabado 100","robots":{"index":"index","follow":"follow","max-snippet":"max-snippet:-1","max-image-preview":"max-image-preview:large","max-video-preview":"max-video-preview:-1"},"canonical":"https:\/\/sabado100.com.ar\/es-ar\/cerro-la-119a-edicion-de-la-expo-rural-con-una-fuerte-convocatoria-y-el-acompanamiento-del-municipio\/","og_locale":"es_ES","og_type":"article","og_title":"Cerr\u00f3 la 119\u00aa edici\u00f3n de la Expo Rural con una fuerte convocatoria y el acompa\u00f1amiento del Municipio - Sabado 100","og_description":"Con una importante participaci\u00f3n de productores, empresas, instituciones y familias, volvi\u00f3 a reafirmar su valor como uno de los encuentros m\u00e1s tradicionales de Rafaela y la regi\u00f3n.","og_url":"https:\/\/sabado100.com.ar\/es-ar\/cerro-la-119a-edicion-de-la-expo-rural-con-una-fuerte-convocatoria-y-el-acompanamiento-del-municipio\/","og_site_name":"Sabado 100","article_publisher":"https:\/\/www.facebook.com\/sabadocien\/","article_published_time":"2026-08-30T23:56:58+00:00","article_modified_time":"2026-08-30T23:56:59+00:00","og_image":[{"width":1280,"height":861,"url":"https:\/\/sabado100.com.ar\/es-ar\/wp-content\/uploads\/2026\/08\/WhatsApp-Image-2026-08-30-at-20.37.50.jpeg","type":"image\/jpeg"}],"author":"admin","twitter_card":"summary_large_image","twitter_misc":{"Escrito por":"admin","Tiempo de lectura":"2 minutos"},"schema":{"@context":"https:\/\/schema.org","@graph":[{"@type":"Article","@id":"https:\/\/sabado100.com.ar\/es-ar\/cerro-la-119a-edicion-de-la-expo-rural-con-una-fuerte-convocatoria-y-el-acompanamiento-del-municipio\/#article","isPartOf":{"@id":"https:\/\/sabado100.com.ar\/es-ar\/cerro-la-119a-edicion-de-la-expo-rural-con-una-fuerte-convocatoria-y-el-acompanamiento-del-municipio\/"},"author":{"name":"admin","@id":"https:\/\/sabado100.com.ar\/es-ar\/#\/schema\/person\/0a9d576d4c50f5ee5c774c01644c2bf5"},"headline":"Cerr\u00f3 la 119\u00aa edici\u00f3n de la Expo Rural con una fuerte convocatoria y el acompa\u00f1amiento del Municipio","datePublished":"2026-08-30T23:56:58+00:00","dateModified":"2026-08-30T23:56:59+00:00","mainEntityOfPage":{"@id":"https:\/\/sabado100.com.ar\/es-ar\/cerro-la-119a-edicion-de-la-expo-rural-con-una-fuerte-convocatoria-y-el-acompanamiento-del-municipio\/"},"wordCount":409,"commentCount":0,"publisher":{"@id":"https:\/\/sabado100.com.ar\/es-ar\/#organization"},"image":{"@id":"https:\/\/sabado100.com.ar\/es-ar\/cerro-la-119a-edicion-de-la-expo-rural-con-una-fuerte-convocatoria-y-el-acompanamiento-del-municipio\/#primaryimage"},"thumbnailUrl":"https:\/\/sabado100.com.ar\/es-ar\/wp-content\/uploads\/2026\/08\/WhatsApp-Image-2026-08-30-at-20.37.50.jpeg","keywords":["Cerr\u00f3 la 119\u00aa edici\u00f3n de la Expo Rural con una fuerte convocatoria y el acompa\u00f1amiento del Municipio"],"articleSection":["Pol\u00edtica"],"inLanguage":"es","potentialAction":[{"@type":"CommentAction","name":"Comment","target":["https:\/\/sabado100.com.ar\/es-ar\/cerro-la-119a-edicion-de-la-expo-rural-con-una-fuerte-convocatoria-y-el-acompanamiento-del-municipio\/#respond"]}]},{"@type":"WebPage","@id":"https:\/\/sabado100.com.ar\/es-ar\/cerro-la-119a-edicion-de-la-expo-rural-con-una-fuerte-convocatoria-y-el-acompanamiento-del-municipio\/","url":"https:\/\/sabado100.com.ar\/es-ar\/cerro-la-119a-edicion-de-la-expo-rural-con-una-fuerte-convocatoria-y-el-acompanamiento-del-municipio\/","name":"Cerr\u00f3 la 119\u00aa edici\u00f3n de la Expo Rural con una fuerte convocatoria y el acompa\u00f1amiento del Municipio - Sabado 100","isPartOf":{"@id":"https:\/\/sabado100.com.ar\/es-ar\/#website"},"primaryImageOfPage":{"@id":"https:\/\/sabado100.com.ar\/es-ar\/cerro-la-119a-edicion-de-la-expo-rural-con-una-fuerte-convocatoria-y-el-acompanamiento-del-municipio\/#primaryimage"},"image":{"@id":"https:\/\/sabado100.com.ar\/es-ar\/cerro-la-119a-edicion-de-la-expo-rural-con-una-fuerte-convocatoria-y-el-acompanamiento-del-municipio\/#primaryimage"},"thumbnailUrl":"https:\/\/sabado100.com.ar\/es-ar\/wp-content\/uploads\/2026\/08\/WhatsApp-Image-2026-08-30-at-20.37.50.jpeg","datePublished":"2026-08-30T23:56:58+00:00","dateModified":"2026-08-30T23:56:59+00:00","breadcrumb":{"@id":"https:\/\/sabado100.com.ar\/es-ar\/cerro-la-119a-edicion-de-la-expo-rural-con-una-fuerte-convocatoria-y-el-acompanamiento-del-municipio\/#breadcrumb"},"inLanguage":"es","potentialAction":[{"@type":"ReadAction","target":["https:\/\/sabado100.com.ar\/es-ar\/cerro-la-119a-edicion-de-la-expo-rural-con-una-fuerte-convocatoria-y-el-acompanamiento-del-municipio\/"]}]},{"@type":"ImageObject","inLanguage":"es","@id":"https:\/\/sabado100.com.ar\/es-ar\/cerro-la-119a-edicion-de-la-expo-rural-con-una-fuerte-convocatoria-y-el-acompanamiento-del-municipio\/#primaryimage","url":"https:\/\/sabado100.com.ar\/es-ar\/wp-content\/uploads\/2026\/08\/WhatsApp-Image-2026-08-30-at-20.37.50.jpeg","contentUrl":"https:\/\/sabado100.com.ar\/es-ar\/wp-content\/uploads\/2026\/08\/WhatsApp-Image-2026-08-30-at-20.37.50.jpeg","width":1280,"height":861},{"@type":"BreadcrumbList","@id":"https:\/\/sabado100.com.ar\/es-ar\/cerro-la-119a-edicion-de-la-expo-rural-con-una-fuerte-convocatoria-y-el-acompanamiento-del-municipio\/#breadcrumb","itemListElement":[{"@type":"ListItem","position":1,"name":"Portada","item":"https:\/\/sabado100.com.ar\/es-ar\/"},{"@type":"ListItem","position":2,"name":"Cerr\u00f3 la 119\u00aa edici\u00f3n de la Expo Rural con una fuerte convocatoria y el acompa\u00f1amiento del Municipio"}]},{"@type":"WebSite","@id":"https:\/\/sabado100.com.ar\/es-ar\/#website","url":"https:\/\/sabado100.com.ar\/es-ar\/","name":"Sabado 100","description":"","publisher":{"@id":"https:\/\/sabado100.com.ar\/es-ar\/#organization"},"potentialAction":[{"@type":"SearchAction","target":{"@type":"EntryPoint","urlTemplate":"https:\/\/sabado100.com.ar\/es-ar\/?s={search_term_string}"},"query-input":"required name=search_term_string"}],"inLanguage":"es"},{"@type":"Organization","@id":"https:\/\/sabado100.com.ar\/es-ar\/#organization","name":"Sabado 100","url":"https:\/\/sabado100.com.ar\/es-ar\/","logo":{"@type":"ImageObject","inLanguage":"es","@id":"https:\/\/sabado100.com.ar\/es-ar\/#\/schema\/logo\/image\/","url":"https:\/\/sabado100.com.ar\/es-ar\/wp-content\/uploads\/2024\/04\/logo3.jpg","contentUrl":"https:\/\/sabado100.com.ar\/es-ar\/wp-content\/uploads\/2024\/04\/logo3.jpg","width":300,"height":174,"caption":"Sabado 100"},"image":{"@id":"https:\/\/sabado100.com.ar\/es-ar\/#\/schema\/logo\/image\/"},"sameAs":["https:\/\/www.facebook.com\/sabadocien\/","https:\/\/www.instagram.com\/sabado100.com.ar\/","https:\/\/www.youtube.com\/@sabado1003"]},{"@type":"Person","@id":"https:\/\/sabado100.com.ar\/es-ar\/#\/schema\/person\/0a9d576d4c50f5ee5c774c01644c2bf5","name":"admin","image":{"@type":"ImageObject","inLanguage":"es","@id":"https:\/\/sabado100.com.ar\/es-ar\/#\/schema\/person\/image\/","url":"https:\/\/sabado100.com.ar\/es-ar\/wp-content\/litespeed\/avatar\/4011a1aa10f57cda77b281e34885822b.jpg?ver=1787726386","contentUrl":"https:\/\/sabado100.com.ar\/es-ar\/wp-content\/litespeed\/avatar\/4011a1aa10f57cda77b281e34885822b.jpg?ver=1787726386","caption":"admin"},"sameAs":["https:\/\/sabado100.com.ar\/es-ar"],"url":"https:\/\/sabado100.com.ar\/es-ar\/author\/s100\/"}]}},"_links":{"self":[{"href":"https:\/\/sabado100.com.ar\/es-ar\/wp-json\/wp\/v2\/posts\/39794","targetHints":{"allow":["GET"]}}],"collection":[{"href":"https:\/\/sabado100.com.ar\/es-ar\/wp-json\/wp\/v2\/posts"}],"about":[{"href":"https:\/\/sabado100.com.ar\/es-ar\/wp-json\/wp\/v2\/types\/post"}],"author":[{"embeddable":true,"href":"https:\/\/sabado100.com.ar\/es-ar\/wp-json\/wp\/v2\/users\/1"}],"replies":[{"embeddable":true,"href":"https:\/\/sabado100.com.ar\/es-ar\/wp-json\/wp\/v2\/comments?post=39794"}],"version-history":[{"count":1,"href":"https:\/\/sabado100.com.ar\/es-ar\/wp-json\/wp\/v2\/posts\/39794\/revisions"}],"predecessor-version":[{"id":39796,"href":"https:\/\/sabado100.com.ar\/es-ar\/wp-json\/wp\/v2\/posts\/39794\/revisions\/39796"}],"wp:featuredmedia":[{"embeddable":true,"href":"https:\/\/sabado100.com.ar\/es-ar\/wp-json\/wp\/v2\/media\/39795"}],"wp:attachment":[{"href":"https:\/\/sabado100.com.ar\/es-ar\/wp-json\/wp\/v2\/media?parent=39794"}],"wp:term":[{"taxonomy":"category","embeddable":true,"href":"https:\/\/sabado100.com.ar\/es-ar\/wp-json\/wp\/v2\/categories?post=39794"},{"taxonomy":"post_tag","embeddable":true,"href":"https:\/\/sabado100.com.ar\/es-ar\/wp-json\/wp\/v2\/tags?post=39794"}],"curies":[{"name":"wp","href":"https:\/\/api.w.org\/{rel}","templated":true}]}}