{"id":39788,"date":"2026-08-30T21:41:22","date_gmt":"2026-08-30T21:41:22","guid":{"rendered":"https:\/\/sabado100.com.ar\/es-ar\/?p=39788"},"modified":"2026-08-30T21:41:24","modified_gmt":"2026-08-30T21:41:24","slug":"disponer-de-fondos-en-el-campo-se-traduce-en-mayor-inversion-en-crecimiento-y-desarrollo","status":"publish","type":"post","link":"https:\/\/sabado100.com.ar\/es-ar\/disponer-de-fondos-en-el-campo-se-traduce-en-mayor-inversion-en-crecimiento-y-desarrollo\/","title":{"rendered":"\u201cDisponer de fondos en el campo se traduce en mayor inversi\u00f3n, en crecimiento y desarrollo\u201d"},"content":{"rendered":"\n<p class=\"wp-block-paragraph\">El acto inaugural de la 119\u00b0 ExpoRural de Rafaela y la Regi\u00f3n tuvo una din\u00e1mica marcada por la solemnidad institucional y la fuerza simb\u00f3lica de los gestos tradicionales. La ceremonia se abri\u00f3 con la bienvenida y el reconocimiento a las entidades y sponsors, en el marco de los 120 a\u00f1os de la Sociedad Rural de Rafaela. La entrega al presidente de la Sociedad Rural, Leonardo Alassia, de la Declaratoria de Inter\u00e9s por parte de la presidente de la C\u00e1mara de Diputados y Diputadas de la provincia de Santa Fe, Clara Garc\u00eda, junto con las banderas ceremoniales, dio un tono oficial al inicio.<\/p>\n\n\n\n<p class=\"wp-block-paragraph\">El Himno Nacional, interpretado por la Banda Municipal de M\u00fasica, reforz\u00f3 el car\u00e1cter patri\u00f3tico del encuentro. Luego se sucedieron las palabras de las principales autoridades gremiales y pol\u00edticas, entre las que estuvieron Berardo Vignatti, como titular de la Confederaci\u00f3n de Asociaciones Rurales de Santa Fe; Carlos Castagnani, presidente de Confederaciones Rurales Argentinas; y el ministro de Desarrollo Productivo provincial, Gustavo Puccini, entre otros, quienes remarcaron el valor de la representaci\u00f3n, el trabajo colectivo y la articulaci\u00f3n entre campo e industria.<\/p>\n\n\n\n<p class=\"wp-block-paragraph\">El corte de cintas y la tradicional \u201capertura de tranqueras\u201d simbolizaron la apertura de la muestra y el encuentro entre campo y ciudad. La pista central se transform\u00f3 en escenario del desfile de Grandes Campeones y ejemplares de todas las razas, con protagonismo de la lecher\u00eda y la raza Holando Argentino, y la novedad de la incorporaci\u00f3n de Braford, para la ganader\u00eda de carne, adem\u00e1s de los ejemplares de granja y la potencia de la maquinaria, herramientas y servicios ofrecidos en la muestra.<\/p>\n\n\n\n<p class=\"wp-block-paragraph\">El cierre del acto reafirm\u00f3 el compromiso de seguir construyendo un futuro compartido, con tradici\u00f3n e innovaci\u00f3n, y dio paso al espect\u00e1culo de las tropillas entabladas, que aportaron emoci\u00f3n y cultura criolla al inicio de la exposici\u00f3n. La ExpoRural 2026 qued\u00f3 inaugurada con un mensaje de unidad, orgullo por las ra\u00edces y convicci\u00f3n de que el trabajo colectivo sigue siendo motor de desarrollo para Rafaela y la regi\u00f3n.<\/p>\n\n\n\n<p class=\"wp-block-paragraph\"><strong>Les compartimos el discurso completo del presidente de la SRR, Leonardo Alassia.<\/strong><\/p>\n\n\n\n<p class=\"wp-block-paragraph\">Esta ExpoRural es mucho m\u00e1s que una exposici\u00f3n. Es un lugar de encuentro. Es un espacio que, durante cuatro d\u00edas, nos permite mostrar lo que hacemos, compartir lo que somos y encontrarnos con quienes, desde distintos lugares, forman parte de esta enorme comunidad productiva.<\/p>\n\n\n\n<p class=\"wp-block-paragraph\">Y este a\u00f1o este encuentro tiene para nosotros un significado muy especial.<\/p>\n\n\n\n<p class=\"wp-block-paragraph\">La Sociedad Rural de Rafaela cumple 120 a\u00f1os de historia, que no son solamente una cifra.<br>Son generaciones. Son familias que estuvieron, que trabajaron, que aportaron, que atravesaron momentos buenos, otros m\u00e1s dif\u00edciles y que dejaron algo para quienes vinieron despu\u00e9s.<\/p>\n\n\n\n<p class=\"wp-block-paragraph\">Son 120 a\u00f1os de entender que nuestra tarea no es solamente representar al productor, sino acompa\u00f1ar el desarrollo de una regi\u00f3n que tiene en el campo uno de sus motores, pero que se construye tambi\u00e9n con la industria, el comercio, los servicios, la educaci\u00f3n, la ciencia y la tecnolog\u00eda.<\/p>\n\n\n\n<p class=\"wp-block-paragraph\">El lema que nos acompa\u00f1a desde hace muchos a\u00f1os y que custodia esta pista, hoy adquiere quiz\u00e1s, una fuerza especial. \u201cEl amor a la tierra une la familia y engrandece la patria\u201d.<\/p>\n\n\n\n<p class=\"wp-block-paragraph\">Es una frase que habla de nuestras ra\u00edces, pero tambi\u00e9n de nuestro compromiso con lo que viene.<\/p>\n\n\n\n<p class=\"wp-block-paragraph\">En ese camino, quiero hacer un reconocimiento muy especial a las mujeres del Grupo de Ayuda a Mujeres Agropecuarias.<\/p>\n\n\n\n<p class=\"wp-block-paragraph\">GAMA es parte de nuestra instituci\u00f3n desde hace tres d\u00e9cadas y, fundamentalmente, de la historia de muchas familias vinculadas al campo. Mujeres que encontraron en este espacio una forma de acompa\u00f1arse, capacitarse, participar y aportar, y que hoy siguen siendo protagonistas de nuestra Rural y de nuestra comunidad.<\/p>\n\n\n\n<p class=\"wp-block-paragraph\">Tambi\u00e9n quiero detenerme en nuestros j\u00f3venes.<\/p>\n\n\n\n<p class=\"wp-block-paragraph\">Este a\u00f1o, por primera vez, el Ateneo de la Sociedad Rural de Rafaela ha organizado, en el marco de nuestra ExpoRural, el \u201cViernes de Juventudes\u201d. Una jornada pensada por ellos y para los futuros productores y dirigentes, con visitas de todo el pa\u00eds a nuestro predio. Una agenda de capacitaci\u00f3n, intercambio, di\u00e1logo y construcci\u00f3n de v\u00ednculos que termin\u00f3, adem\u00e1s, con una pe\u00f1a que esperamos que sea el comienzo de una nueva tradici\u00f3n de nuestra Expo. Mirar hacia adelante tambi\u00e9n significa generar espacios para quienes van a tomar la posta.<\/p>\n\n\n\n<p class=\"wp-block-paragraph\">El futuro no se espera, se construye. Por eso, quiero reconocer tambi\u00e9n a quienes hicieron posible que hoy estemos ac\u00e1. A nuestros caba\u00f1eros y productores, que siguen invirtiendo, trabajando y poniendo lo mejor de s\u00ed, a\u00fan cuando las condiciones no siempre son las que quisi\u00e9ramos, confirmando cada a\u00f1o que tenemos la \u201cmejor pista Holando del pa\u00eds\u201d.<\/p>\n\n\n\n<p class=\"wp-block-paragraph\">A cada uno de los m\u00e1s de 200 expositores que confiaron nuevamente en la ExpoRural y que, a\u00fan en un contexto que nos exige mucho, est\u00e1n presentes, invierten, preparan sus espacios y muestran todo lo que produce nuestra regi\u00f3n.<\/p>\n\n\n\n<p class=\"wp-block-paragraph\">Este a\u00f1o celebramos la 1\u00aa Expo Braford, un espacio para mostrar el trabajo sostenido y creciente en ganader\u00eda de carne. Una raza que concita cada vez m\u00e1s inter\u00e9s entre m\u00e1s productores que desarrollan este sector de grandes oportunidades, vali\u00e9ndose de una regi\u00f3n que hace gala de su diversidad, a partir de las posibilidades del suelo y de las capacidades de su gente.<\/p>\n\n\n\n<p class=\"wp-block-paragraph\">Los animales de granja siguen creciendo en cantidad de participantes, de ejemplares, en calidad gen\u00e9tica, en la que ha sido la jura n\u00famero 101 de nuestra historia, mostrando la complementariedad productiva, pero tambi\u00e9n la necesidad de contar con un espacio como el nuestro para avanzar.<\/p>\n\n\n\n<p class=\"wp-block-paragraph\">Con todos los sectores, desde la Sociedad Rural destacamos la disposici\u00f3n al di\u00e1logo.<\/p>\n\n\n\n<p class=\"wp-block-paragraph\">Porque sabemos que frente a los desaf\u00edos que tenemos por delante, nadie tiene todas las respuestas y nadie puede construir solo.<\/p>\n\n\n\n<p class=\"wp-block-paragraph\">Desde esta Sociedad Rural queremos seguir siendo una instituci\u00f3n abierta a conversar, a escuchar, a intercambiar miradas y, cuando sea necesario, a se\u00f1alar aquello que debe cambiar.<\/p>\n\n\n\n<p class=\"wp-block-paragraph\">Hoy, desde esta pista tenemos una nueva oportunidad para hacerlo.<\/p>\n\n\n\n<p class=\"wp-block-paragraph\"><br>No queremos ser una generaci\u00f3n m\u00e1s, que pierda la oportunidad de reclamar por lo que realmente cree justo.<\/p>\n\n\n\n<p class=\"wp-block-paragraph\">D\u00e9cadas de populismo destruyeron valores como la cultura del trabajo. Destruyeron lo m\u00e1s importante que tiene un ser humano: la dignidad, a cambio de supuestas ayudas que en definitiva terminaron solamente engordando los bolsillos de unos pocos, a costa de quienes realmente lo necesitaban.<\/p>\n\n\n\n<p class=\"wp-block-paragraph\">Esto se debe terminar. Los argentinos de bien conocemos lo que realmente debemos revertir en la sociedad, luego de tanto tiempo de enga\u00f1osas pol\u00edticas.<\/p>\n\n\n\n<p class=\"wp-block-paragraph\">El a\u00f1o pasado, desde este mismo atril, le pedimos al Gobernador que nos ayudara a los productores a reclamar una baja de los impuestos, destac\u00e1ndose a los Derechos de Exportaci\u00f3n.<\/p>\n\n\n\n<p class=\"wp-block-paragraph\">Debemos reconocer que el se\u00f1or Gobernador nos escuch\u00f3, pero tenemos que seguir trabajando juntos para que la baja sea total, definitiva y que quede escrita en letras que avale el Congreso Nacional.<\/p>\n\n\n\n<p class=\"wp-block-paragraph\">La provincia hace su parte, se han bajado los Ingresos Brutos, que eran un gran escollo en la cuentas de las empresas productivas. Eso debe seguir replic\u00e1ndose en todos los sectores y desde todos los \u00e1mbitos, porque disponer de fondos en el campo se traduce en mayor inversi\u00f3n, en crecimiento y desarrollo.<\/p>\n\n\n\n<p class=\"wp-block-paragraph\">Por lo tanto, la disponibilidad de cr\u00e9ditos tiene que estar impulsada al mismo ritmo que la baja de impuestos, porque el campo necesita esa se\u00f1al, ese sost\u00e9n para seguir creciendo.<\/p>\n\n\n\n<p class=\"wp-block-paragraph\">Con la convicci\u00f3n de la vinculaci\u00f3n de esfuerzos, de voces y de espacios de acci\u00f3n, convocamos este a\u00f1o junto con autoridades del Departamento Castellanos y del Gobierno Provincial, a todas las municipalidades, comunas y otras instituciones, para ser parte de una Mesa Departamental, donde en diferentes encuentros se pudo hacer un repaso de las condiciones, situaciones y necesidades en cuanto a la electrificaci\u00f3n rural, la infraestructura de caminos e h\u00eddrica adem\u00e1s de la inseguridad rural, la prevenci\u00f3n y castigo del delito.<\/p>\n\n\n\n<p class=\"wp-block-paragraph\">Es una de las bases fundamentales de \u00e9sta, la instituci\u00f3n m\u00e1s antigua de Rafaela, ser un espacio que permita avanzar con criterio de comunidad. Para eso, en una pr\u00f3xima etapa podremos intercambiar con los propios productores, en reuniones m\u00e1s abarcativas, desde las que los reclamos lleguen a las soluciones.<\/p>\n\n\n\n<p class=\"wp-block-paragraph\"><br>Nuestra Sociedad Rural es a la vez una de las entidades del sector de mayor trayectoria a nivel pa\u00eds, distinguida de forma absoluta por su importancia en el sector lechero.<\/p>\n\n\n\n<p class=\"wp-block-paragraph\">Se estima que durante 2026 la lecher\u00eda argentina logre tocar los 12 mil millones de litros, siendo siempre el eje de nuestras preocupaciones el precio de la materia prima. Pero esta Rural est\u00e1 enfocada en poder avanzar m\u00e1s all\u00e1, hacia los puntos fundamentales que necesita toda la cadena, para lograr claridad en las condiciones del negocio.<\/p>\n\n\n\n<p class=\"wp-block-paragraph\">Los tamberos hemos vivido las m\u00e1s diversas dificultades en nuestra historia m\u00e1s reciente y a\u00fan as\u00ed estamos comprometidos en orientarnos a adaptar la forma de trabajar a futuro. Pero tenemos que hacerlo con nuestro socio en la cadena, el sector industrial. En eso trabajamos hace m\u00e1s de un a\u00f1o de manera concreta.<\/p>\n\n\n\n<p class=\"wp-block-paragraph\">Durante esta Muestra volvimos a tener un encuentro estrat\u00e9gico con el sector industrial y tambi\u00e9n con los referentes pol\u00edticos de la lecher\u00eda a nivel nacional y provincial.<\/p>\n\n\n\n<p class=\"wp-block-paragraph\">Argentina es una tierra de oportunidades y nuestra regi\u00f3n lo es a\u00fan m\u00e1s. Hace 120 a\u00f1os que esta instituci\u00f3n se adapta a las necesidades de sus asociados y al avance de la comunidad.<\/p>\n\n\n\n<p class=\"wp-block-paragraph\">Nuestro compromiso como productores es seguir haciendo las cosas de la mejor manera posible, responder a las posibilidades que nos presenta el mundo, pero sobre todo, responder a nuestra gente, generando las materias primas que la industria transforma y que nos distinguen hist\u00f3ricamente.<\/p>\n\n\n\n<p class=\"wp-block-paragraph\">Incluso, seguimos dispuestos a aportar voces y datos cient\u00edficos para que nos permitan trabajar mejor, con el uso y aplicaci\u00f3n adecuada de productos fitosanitarios en el periurbano rafaelino, donde s\u00f3lo hay buenas pr\u00e1cticas, donde no hay conflictos reales.<\/p>\n\n\n\n<p class=\"wp-block-paragraph\">Necesitamos terminar con un tironeo pol\u00edtico que pone en juego el futuro de la producci\u00f3n agropecuaria de la ciudad. Le pedimos a los se\u00f1ores concejales que voten desde lo m\u00e1s profundo de sus conciencias y que no sientan presiones por sus ideolog\u00edas pol\u00edticas.<\/p>\n\n\n\n<p class=\"wp-block-paragraph\">La motivaci\u00f3n de cada amanecer es desarrollar a nuestras familias, las que nos apoyan en nuestras empresas agropecuarias, pero tambi\u00e9n en la tarea gremial que cada jornada asumimos. Afrontamos al clima y a los desaf\u00edos que nos hicieron fuertes, porque de tiempos f\u00e1ciles conocemos poco. Todo eso nos confirma que producir es la \u00fanica forma de seguir adelante y nos permite pensar en un futuro para los nuestros, pero tambi\u00e9n para todo el entorno.<\/p>\n\n\n\n<p class=\"wp-block-paragraph\">Gracias por acompa\u00f1arnos cada a\u00f1o.<\/p>\n\n\n\n<p class=\"wp-block-paragraph\">La Sociedad Rural de Rafaela est\u00e1 siempre abierta a su comunidad, a la regi\u00f3n y por supuesto, a los productores de este maravilloso suelo.<\/p>\n\n\n\n<p class=\"wp-block-paragraph\">Miremos lo que hemos construido.<\/p>\n\n\n\n<p class=\"wp-block-paragraph\">Valoremos lo que tenemos.<\/p>\n\n\n\n<p class=\"wp-block-paragraph\">Pensemos juntos qu\u00e9 Rural, qu\u00e9 campo y qu\u00e9 pa\u00eds queremos dejarle a las pr\u00f3ximas generaciones.<\/p>\n\n\n\n<p class=\"wp-block-paragraph\"><a href=\"https:\/\/www.facebook.com\/sharer.php?u=https%3A%2F%2Fruralrafaela.com.ar%2Fdisponer-de-fondos-en-el-campo-se-traduce-en-mayor-inversion-en-crecimiento-y-desarrollo%2F\" target=\"_blank\" rel=\"noopener\"><\/a><\/p>\n\n\n\n<p class=\"wp-block-paragraph\"><a href=\"https:\/\/twitter.com\/intent\/tweet?url=https%3A%2F%2Fruralrafaela.com.ar%2Fdisponer-de-fondos-en-el-campo-se-traduce-en-mayor-inversion-en-crecimiento-y-desarrollo%2F&amp;text=Acabo%20de%20ver%20%E2%80%9CDisponer%20de%20fondos%20en%20el%20campo%20se%20traduce%20en%20mayor%20inversi%C3%B3n%2C%20en%20crecimiento%20y%20desarrollo%E2%80%9D%20-%20Haga%20clic%20ver%20tambi%C3%A9n%20%E2%98%9B%20\" target=\"_blank\" rel=\"noopener\"><\/a><\/p>\n\n\n\n<p class=\"wp-block-paragraph\"><a href=\"https:\/\/web.whatsapp.com\/send?text=%E2%80%9CDisponer%20de%20fondos%20en%20el%20campo%20se%20traduce%20en%20mayor%20inversi%C3%B3n%2C%20en%20crecimiento%20y%20desarrollo%E2%80%9D%20%E2%98%9B%20https%3A%2F%2Fruralrafaela.com.ar%2Fdisponer-de-fondos-en-el-campo-se-traduce-en-mayor-inversion-en-crecimiento-y-desarrollo%2F\" target=\"_blank\" rel=\"noopener\"><\/a><\/p>\n\n\n\n<p class=\"wp-block-paragraph\"><a href=\"mailto:?subject=%E2%80%9CDisponer%20de%20fondos%20en%20el%20campo%20se%20traduce%20en%20mayor%20inversi%C3%B3n%2C%20en%20crecimiento%20y%20desarrollo%E2%80%9D&amp;body=https%3A%2F%2Fruralrafaela.com.ar%2Fdisponer-de-fondos-en-el-campo-se-traduce-en-mayor-inversion-en-crecimiento-y-desarrollo%2F%0A%0A%E2%80%9CDisponer%20de%20fondos%20en%20el%20campo%20se%20traduce%20en%20mayor%20inversi%C3%B3n%2C%20en%20crecimiento%20y%20desarrollo%E2%80%9D%0A%0ACon%20las%20palabras%20del%20presidente%20de%20la%20Sociedad%20Rural%20de%20Rafaela%2C%20Leonardo%20Alassia%2C%20junto%20a%20las%20de%20los%20titulares%20de%20CRA%2C%20Carsfe%20y%20el%20Ministro%20Puccini%2C%20qued%C3%B3%20inaugurada%20la%20119%C2%B0%20ExpoRural%20de%20Rafaela%20y%20la%20Regi%C3%B3n.%0A%0A%0A%0AEl%20acto%20inaugural%20de%20la%20119%C2%B0%20ExpoRural%20de%20Rafaela%20y%20la%20Regi%C3%B3n%20tuvo%20una%20din%C3%A1mica%20marcada%20por%20la%20solemnidad%20institucional%20y%20la%20fuerza%20simb%C3%B3lica%20de%20los%20gestos%20tradicionales.%20La%20ceremonia%20se%20abri%C3%B3%20con%20la%20bienvenida%20y%20el%20reconocimiento%20a%20las%20entidades%20y%20sponsors%2C%20en%20el%20marco%20de%20los%20120%20a%C3%B1os%20de%20la%20Sociedad%20Rural%20de%20Rafaela.%20La%20entrega%20al%20presidente%20de%20la%20Sociedad%20Rural%2C%20Leonardo%20Alassia%2C%20de%20la%20Declaratoria%20de%20Inter%C3%A9s%20por%20parte%20de%20la%20presidente%20de%20la%20C%C3%A1mara%20de%20Diputados%20y%20Diputadas%20de%20la%20provincia%20de%20Santa%20Fe%2C%20Clara%20Garc%C3%ADa%2C%20junto%20con%20las%20banderas%20ceremoniales%2C%20dio%20un%20tono%20oficial%20al%20inicio.%0A%0A%0A%0AEl%20Himno%20Nacional%2C%20interpretado%20por%20la%20Banda%20Municipal%20de%20M%C3%BAsica%2C%20reforz%C3%B3%20el%20car%C3%A1cter%20patri%C3%B3tico%20del%20encuentro.%20Luego%20se%20sucedieron%20las%20palabras%20de%20las%20principales%20autoridades%20gremiales%20y%20pol%C3%ADticas%2C%20entre%20las%20que%20estuvieron%20Berardo%20Vignatti%2C%20como%20titular%20de%20la%20Confederaci%C3%B3n%20de%20Asociaciones%20Rurales%20de%20Santa%20Fe%3B%20Carlos%20Castagnani%2C%20presidente%20de%20Confederaciones%20Rurales%20Argentinas%3B%20y%20el%20ministro%20de%20Desarrollo%20Productivo%20provincial%2C%20Gustavo%20Puccini%2C%20entre%20otros%2C%20quienes%20remarcaron%20el%20valor%20de%20la%20representaci%C3%B3n%2C%20el%20trabajo%20colectivo%20y%20la%20articulaci%C3%B3n%20entre%20campo%20e%20industria.%0A%0A%0A%0AEl%20corte%20de%20cintas%20y%20la%20tradicional%20%E2%80%9Capertura%20de%20tranqueras%E2%80%9D%20simbolizaron%20la%20apertura%20de%20la%20muestra%20y%20el%20encuentro%20entre%20campo%20y%20ciudad.%20La%20pista%20central%20se%20transform%C3%B3%20en%20escenario%20del%20desfile%20de%20Grandes%20Campeones%20y%20ejemplares%20de%20todas%20las%20razas%2C%20con%20protagonismo%20de%20la%20lecher%C3%ADa%20y%20la%20raza%20Holando%20Argentino%2C%20y%20la%20novedad%20de%20la%20incorporaci%C3%B3n%20de%20Braford%2C%20para%20la%20ganader%C3%ADa%20de%20carne%2C%20adem%C3%A1s%20de%20los%20ejemplares%20de%20granja%20y%20la%20potencia%20de%20la%20maquinaria%2C%20herramientas%20y%20servicios%20ofrecidos%20en%20la%20muestra.%0A%0A%0A%0AEl%20cierre%20del%20acto%20reafirm%C3%B3%20el%20compromiso%20de%20seguir%20construyendo%20un%20futuro%20compartido%2C%20con%20tradici%C3%B3n%20e%20innovaci%C3%B3n%2C%20y%20dio%20paso%20al%20espect%C3%A1culo%20de%20las%20tropillas%20entabladas%2C%20que%20aportaron%20emoci%C3%B3n%20y%20cultura%20criolla%20al%20inicio%20de%20la%20exposici%C3%B3n.%20La%20ExpoRural%202026%20qued%C3%B3%20inaugurada%20con%20un%20mensaje%20de%20unidad%2C%20orgullo%20por%20las%20ra%C3%ADces%20y%20convicci%C3%B3n%20de%20que%20el%20trabajo%20colectivo%20sigue%20siendo%20motor%20de%20desarrollo%20para%20Rafaela%20y%20la%20regi%C3%B3n.%0A%0A%0A%0ALes%20compartimos%20el%20discurso%20completo%20del%20presidente%20de%20la%20SRR%2C%20Leonardo%20Alassia.%0A%0A%0A%0AEsta%20ExpoRural%20es%20mucho%20m%C3%A1s%20que%20una%20exposici%C3%B3n.%20Es%20un%20lugar%20de%20encuentro.%20Es%20un%20espacio%20que%2C%20durante%20cuatro%20d%C3%ADas%2C%20nos%20permite%20mostrar%20lo%20que%20hacemos%2C%20compartir%20lo%20que%20somos%20y%20encontrarnos%20con%20quienes%2C%20desde%20distintos%20lugares%2C%20forman%20parte%20de%20esta%20enorme%20comunidad%20productiva.%0A%0A%0A%0AY%20este%20a%C3%B1o%20este%20encuentro%20tiene%20para%20nosotros%20un%20significado%20muy%20especial.%0A%0A%0A%0ALa%20Sociedad%20Rural%20de%20Rafaela%20cumple%20120%20a%C3%B1os%20de%20historia%2C%20que%20no%20son%20solamente%20una%20cifra.Son%20generaciones.%20Son%20familias%20que%20estuvieron%2C%20que%20trabajaron%2C%20que%20aportaron%2C%20que%20atravesaron%20momentos%20buenos%2C%20otros%20m%C3%A1s%20dif%C3%ADciles%20y%20que%20dejaron%20algo%20para%20quienes%20vinieron%20despu%C3%A9s.%0A%0A%0A%0ASon%20120%20a%C3%B1os%20de%20entender%20que%20nuestra%20tarea%20no%20es%20solamente%20representar%20al%20productor%2C%20sino%20acompa%C3%B1ar%20el%20desarrollo%20de%20una%20regi%C3%B3n%20que%20tiene%20en%20el%20campo%20uno%20de%20sus%20motores%2C%20pero%20que%20se%20construye%20tambi%C3%A9n%20con%20la%20industria%2C%20el%20comercio%2C%20los%20servicios%2C%20la%20educaci%C3%B3n%2C%20la%20ciencia%20y%20la%20tecnolog%C3%ADa.%0A%0A%0A%0AEl%20lema%20que%20nos%20acompa%C3%B1a%20desde%20hace%20muchos%20a%C3%B1os%20y%20que%20custodia%20esta%20pista%2C%20hoy%20adquiere%20quiz%C3%A1s%2C%20una%20fuerza%20especial.%20%E2%80%9CEl%20amor%20a%20la%20tierra%20une%20la%20familia%20y%20engrandece%20la%20patria%E2%80%9D.%0A%0A%0A%0AEs%20una%20frase%20que%20habla%20de%20nuestras%20ra%C3%ADces%2C%20pero%20tambi%C3%A9n%20de%20nuestro%20compromiso%20con%20lo%20que%20viene.%0A%0A%0A%0AEn%20ese%20camino%2C%20quiero%20hacer%20un%20reconocimiento%20muy%20especial%20a%20las%20mujeres%20del%20Grupo%20de%20Ayuda%20a%20Mujeres%20Agropecuarias.%0A%0A%0A%0AGAMA%20es%20parte%20de%20nuestra%20instituci%C3%B3n%20desde%20hace%20tres%20d%C3%A9cadas%20y%2C%20fundamentalmente%2C%20de%20la%20historia%20de%20muchas%20familias%20vinculadas%20al%20campo.%20Mujeres%20que%20encontraron%20en%20este%20espacio%20una%20forma%20de%20acompa%C3%B1arse%2C%20capacitarse%2C%20participar%20y%20aportar%2C%20y%20que%20hoy%20siguen%20siendo%20protagonistas%20de%20nuestra%20Rural%20y%20de%20nuestra%20comunidad.%0A%0A%0A%0ATambi%C3%A9n%20quiero%20detenerme%20en%20nuestros%20j%C3%B3venes.%0A%0A%0A%0AEste%20a%C3%B1o%2C%20por%20primera%20vez%2C%20el%20Ateneo%20de%20la%20Sociedad%20Rural%20de%20Rafaela%20ha%20organizado%2C%20en%20el%20marco%20de%20nuestra%20ExpoRural%2C%20el%20%E2%80%9CViernes%20de%20Juventudes%E2%80%9D.%20Una%20jornada%20pensada%20por%20ellos%20y%20para%20los%20futuros%20productores%20y%20dirigentes%2C%20con%20visitas%20de%20todo%20el%20pa%C3%ADs%20a%20nuestro%20predio.%20Una%20agenda%20de%20capacitaci%C3%B3n%2C%20intercambio%2C%20di%C3%A1logo%20y%20construcci%C3%B3n%20de%20v%C3%ADnculos%20que%20termin%C3%B3%2C%20adem%C3%A1s%2C%20con%20una%20pe%C3%B1a%20que%20esperamos%20que%20sea%20el%20comienzo%20de%20una%20nueva%20tradici%C3%B3n%20de%20nuestra%20Expo.%20Mirar%20hacia%20adelante%20tambi%C3%A9n%20significa%20generar%20espacios%20para%20quienes%20van%20a%20tomar%20la%20posta.%0A%0A%0A%0AEl%20futuro%20no%20se%20espera%2C%20se%20construye.%20Por%20eso%2C%20quiero%20reconocer%20tambi%C3%A9n%20a%20quienes%20hicieron%20posible%20que%20hoy%20estemos%20ac%C3%A1.%20A%20nuestros%20caba%C3%B1eros%20y%20productores%2C%20que%20siguen%20invirtiendo%2C%20trabajando%20y%20poniendo%20lo%20mejor%20de%20s%C3%AD%2C%20a%C3%BAn%20cuando%20las%20condiciones%20no%20siempre%20son%20las%20que%20quisi%C3%A9ramos%2C%20confirmando%20cada%20a%C3%B1o%20que%20tenemos%20la%20%E2%80%9Cmejor%20pista%20Holando%20del%20pa%C3%ADs%E2%80%9D.%0A%0A%0A%0AA%20cada%20uno%20de%20los%20m%C3%A1s%20de%20200%20expositores%20que%20confiaron%20nuevamente%20en%20la%20ExpoRural%20y%20que%2C%20a%C3%BAn%20en%20un%20contexto%20que%20nos%20exige%20mucho%2C%20est%C3%A1n%20presentes%2C%20invierten%2C%20preparan%20sus%20espacios%20y%20muestran%20todo%20lo%20que%20produce%20nuestra%20regi%C3%B3n.%0A%0A%0A%0AEste%20a%C3%B1o%20celebramos%20la%201%C2%AA%20Expo%20Braford%2C%20un%20espacio%20para%20mostrar%20el%20trabajo%20sostenido%20y%20creciente%20en%20ganader%C3%ADa%20de%20carne.%20Una%20raza%20que%20concita%20cada%20vez%20m%C3%A1s%20inter%C3%A9s%20entre%20m%C3%A1s%20productores%20que%20desarrollan%20este%20sector%20de%20grandes%20oportunidades%2C%20vali%C3%A9ndose%20de%20una%20regi%C3%B3n%20que%20hace%20gala%20de%20su%20diversidad%2C%20a%20partir%20de%20las%20posibilidades%20del%20suelo%20y%20de%20las%20capacidades%20de%20su%20gente.%0A%0A%0A%0ALos%20animales%20de%20granja%20siguen%20creciendo%20en%20cantidad%20de%20participantes%2C%20de%20ejemplares%2C%20en%20calidad%20gen%C3%A9tica%2C%20en%20la%20que%20ha%20sido%20la%20jura%20n%C3%BAmero%20101%20de%20nuestra%20historia%2C%20mostrando%20la%20complementariedad%20productiva%2C%20pero%20tambi%C3%A9n%20la%20necesidad%20de%20contar%20con%20un%20espacio%20como%20el%20nuestro%20para%20avanzar.%0A%0A%0A%0ACon%20todos%20los%20sectores%2C%20desde%20la%20Sociedad%20Rural%20destacamos%20la%20disposici%C3%B3n%20al%20di%C3%A1logo.%0A%0A%0A%0APorque%20sabemos%20que%20frente%20a%20los%20desaf%C3%ADos%20que%20tenemos%20por%20delante%2C%20nadie%20tiene%20todas%20las%20respuestas%20y%20nadie%20puede%20construir%20solo.%0A%0A%0A%0ADesde%20esta%20Sociedad%20Rural%20queremos%20seguir%20siendo%20una%20instituci%C3%B3n%20abierta%20a%20conversar%2C%20a%20escuchar%2C%20a%20intercambiar%20miradas%20y%2C%20cuando%20sea%20necesario%2C%20a%20se%C3%B1alar%20aquello%20que%20debe%20cambiar.%0A%0A%0A%0AHoy%2C%20desde%20esta%20pista%20tenemos%20una%20nueva%20oportunidad%20para%20hacerlo.%0A%0A%0A%0ANo%20queremos%20ser%20una%20generaci%C3%B3n%20m%C3%A1s%2C%20que%20pierda%20la%20oportunidad%20de%20reclamar%20por%20lo%20que%20realmente%20cree%20justo.%0A%0A%0A%0AD%C3%A9cadas%20de%20populismo%20destruyeron%20valores%20como%20la%20cultura%20del%20trabajo.%20Destruyeron%20lo%20m%C3%A1s%20importante%20que%20tiene%20un%20ser%20humano%3A%20la%20dignidad%2C%20a%20cambio%20de%20supuestas%20ayudas%20que%20en%20definitiva%20terminaron%20solamente%20engordando%20los%20bolsillos%20de%20unos%20pocos%2C%20a%20costa%20de%20quienes%20realmente%20lo%20necesitaban.%0A%0A%0A%0AEsto%20se%20debe%20terminar.%20Los%20argentinos%20de%20bien%20conocemos%20lo%20que%20realmente%20debemos%20revertir%20en%20la%20sociedad%2C%20luego%20de%20tanto%20tiempo%20de%20enga%C3%B1osas%20pol%C3%ADticas.%0A%0A%0A%0AEl%20a%C3%B1o%20pasado%2C%20desde%20este%20mismo%20atril%2C%20le%20pedimos%20al%20Gobernador%20que%20nos%20ayudara%20a%20los%20productores%20a%20reclamar%20una%20baja%20de%20los%20impuestos%2C%20destac%C3%A1ndose%20a%20los%20Derechos%20de%20Exportaci%C3%B3n.%0A%0A%0A%0ADebemos%20reconocer%20que%20el%20se%C3%B1or%20Gobernador%20nos%20escuch%C3%B3%2C%20pero%20tenemos%20que%20seguir%20trabajando%20juntos%20para%20que%20la%20baja%20sea%20total%2C%20definitiva%20y%20que%20quede%20escrita%20en%20letras%20que%20avale%20el%20Congreso%20Nacional.%0A%0A%0A%0ALa%20provincia%20hace%20su%20parte%2C%20se%20han%20bajado%20los%20Ingresos%20Brutos%2C%20que%20eran%20un%20gran%20escollo%20en%20la%20cuentas%20de%20las%20empresas%20productivas.%20Eso%20debe%20seguir%20replic%C3%A1ndose%20en%20todos%20los%20sectores%20y%20desde%20todos%20los%20%C3%A1mbitos%2C%20porque%20disponer%20de%20fondos%20en%20el%20campo%20se%20traduce%20en%20mayor%20inversi%C3%B3n%2C%20en%20crecimiento%20y%20desarrollo.%0A%0A%0A%0APor%20lo%20tanto%2C%20la%20disponibilidad%20de%20cr%C3%A9ditos%20tiene%20que%20estar%20impulsada%20al%20mismo%20ritmo%20que%20la%20baja%20de%20impuestos%2C%20porque%20el%20campo%20necesita%20esa%20se%C3%B1al%2C%20ese%20sost%C3%A9n%20para%20seguir%20creciendo.%0A%0A%0A%0ACon%20la%20convicci%C3%B3n%20de%20la%20vinculaci%C3%B3n%20de%20esfuerzos%2C%20de%20voces%20y%20de%20espacios%20de%20acci%C3%B3n%2C%20convocamos%20este%20a%C3%B1o%20junto%20con%20autoridades%20del%20Departamento%20Castellanos%20y%20del%20Gobierno%20Provincial%2C%20a%20todas%20las%20municipalidades%2C%20comunas%20y%20otras%20instituciones%2C%20para%20ser%20parte%20de%20una%20Mesa%20Departamental%2C%20donde%20en%20diferentes%20encuentros%20se%20pudo%20hacer%20un%20repaso%20de%20las%20condiciones%2C%20situaciones%20y%20necesidades%20en%20cuanto%20a%20la%20electrificaci%C3%B3n%20rural%2C%20la%20infraestructura%20de%20caminos%20e%20h%C3%ADdrica%20adem%C3%A1s%20de%20la%20inseguridad%20rural%2C%20la%20prevenci%C3%B3n%20y%20castigo%20del%20delito.%0A%0A%0A%0AEs%20una%20de%20las%20bases%20fundamentales%20de%20%C3%A9sta%2C%20la%20instituci%C3%B3n%20m%C3%A1s%20antigua%20de%20Rafaela%2C%20ser%20un%20espacio%20que%20permita%20avanzar%20con%20criterio%20de%20comunidad.%20Para%20eso%2C%20en%20una%20pr%C3%B3xima%20etapa%20podremos%20intercambiar%20con%20los%20propios%20productores%2C%20en%20reuniones%20m%C3%A1s%20abarcativas%2C%20desde%20las%20que%20los%20reclamos%20lleguen%20a%20las%20soluciones.%0A%0A%0A%0ANuestra%20Sociedad%20Rural%20es%20a%20la%20vez%20una%20de%20las%20entidades%20del%20sector%20de%20mayor%20trayectoria%20a%20nivel%20pa%C3%ADs%2C%20distinguida%20de%20forma%20absoluta%20por%20su%20importancia%20en%20el%20sector%20lechero.%0A%0A%0A%0ASe%20estima%20que%20durante%202026%20la%20lecher%C3%ADa%20argentina%20logre%20tocar%20los%2012%20mil%20millones%20de%20litros%2C%20siendo%20siempre%20el%20eje%20de%20nuestras%20preocupaciones%20el%20precio%20de%20la%20materia%20prima.%20Pero%20esta%20Rural%20est%C3%A1%20enfocada%20en%20poder%20avanzar%20m%C3%A1s%20all%C3%A1%2C%20hacia%20los%20puntos%20fundamentales%20que%20necesita%20toda%20la%20cadena%2C%20para%20lograr%20claridad%20en%20las%20condiciones%20del%20negocio.%0A%0A%0A%0ALos%20tamberos%20hemos%20vivido%20las%20m%C3%A1s%20diversas%20dificultades%20en%20nuestra%20historia%20m%C3%A1s%20reciente%20y%20a%C3%BAn%20as%C3%AD%20estamos%20comprometidos%20en%20orientarnos%20a%20adaptar%20la%20forma%20de%20trabajar%20a%20futuro.%20Pero%20tenemos%20que%20hacerlo%20con%20nuestro%20socio%20en%20la%20cadena%2C%20el%20sector%20industrial.%20En%20eso%20trabajamos%20hace%20m%C3%A1s%20de%20un%20a%C3%B1o%20de%20manera%20concreta.%0A%0A%0A%0ADurante%20esta%20Muestra%20volvimos%20a%20tener%20un%20encuentro%20estrat%C3%A9gico%20con%20el%20sector%20industrial%20y%20tambi%C3%A9n%20con%20los%20referentes%20pol%C3%ADticos%20de%20la%20lecher%C3%ADa%20a%20nivel%20nacional%20y%20provincial.%0A%0A%0A%0AArgentina%20es%20una%20tierra%20de%20oportunidades%20y%20nuestra%20regi%C3%B3n%20lo%20es%20a%C3%BAn%20m%C3%A1s.%20Hace%20120%20a%C3%B1os%20que%20esta%20instituci%C3%B3n%20se%20adapta%20a%20las%20necesidades%20de%20sus%20asociados%20y%20al%20avance%20de%20la%20comunidad.%0A%0A%0A%0ANuestro%20compromiso%20como%20productores%20es%20seguir%20haciendo%20las%20cosas%20de%20la%20mejor%20manera%20posible%2C%20responder%20a%20las%20posibilidades%20que%20nos%20presenta%20el%20mundo%2C%20pero%20sobre%20todo%2C%20responder%20a%20nuestra%20gente%2C%20generando%20las%20materias%20primas%20que%20la%20industria%20transforma%20y%20que%20nos%20distinguen%20hist%C3%B3ricamente.%0A%0A%0A%0AIncluso%2C%20seguimos%20dispuestos%20a%20aportar%20voces%20y%20datos%20cient%C3%ADficos%20para%20que%20nos%20permitan%20trabajar%20mejor%2C%20con%20el%20uso%20y%20aplicaci%C3%B3n%20adecuada%20de%20productos%20fitosanitarios%20en%20el%20periurbano%20rafaelino%2C%20donde%20s%C3%B3lo%20hay%20buenas%20pr%C3%A1cticas%2C%20donde%20no%20hay%20conflictos%20reales.%0A%0A%0A%0ANecesitamos%20terminar%20con%20un%20tironeo%20pol%C3%ADtico%20que%20pone%20en%20juego%20el%20futuro%20de%20la%20producci%C3%B3n%20agropecuaria%20de%20la%20ciudad.%20Le%20pedimos%20a%20los%20se%C3%B1ores%20concejales%20que%20voten%20desde%20lo%20m%C3%A1s%20profundo%20de%20sus%20conciencias%20y%20que%20no%20sientan%20presiones%20por%20sus%20ideolog%C3%ADas%20pol%C3%ADticas.%0A%0A%0A%0ALa%20motivaci%C3%B3n%20de%20cada%20amanecer%20es%20desarrollar%20a%20nuestras%20familias%2C%20las%20que%20nos%20apoyan%20en%20nuestras%20empresas%20agropecuarias%2C%20pero%20tambi%C3%A9n%20en%20la%20tarea%20gremial%20que%20cada%20jornada%20asumimos.%20Afrontamos%20al%20clima%20y%20a%20los%20desaf%C3%ADos%20que%20nos%20hicieron%20fuertes%2C%20porque%20de%20tiempos%20f%C3%A1ciles%20conocemos%20poco.%20Todo%20eso%20nos%20confirma%20que%20producir%20es%20la%20%C3%BAnica%20forma%20de%20seguir%20adelante%20y%20nos%20permite%20pensar%20en%20un%20futuro%20para%20los%20nuestros%2C%20pero%20tambi%C3%A9n%20para%20todo%20el%20entorno.%0A%0A%0A%0AGracias%20por%20acompa%C3%B1arnos%20cada%20a%C3%B1o.%0A%0A%0A%0ALa%20Sociedad%20Rural%20de%20Rafaela%20est%C3%A1%20siempre%20abierta%20a%20su%20comunidad%2C%20a%20la%20regi%C3%B3n%20y%20por%20supuesto%2C%20a%20los%20productores%20de%20este%20maravilloso%20suelo.%0A%0A%0A%0AMiremos%20lo%20que%20hemos%20construido.%0A%0A%0A%0AValoremos%20lo%20que%20tenemos.%0A%0A%0A%0APensemos%20juntos%20qu%C3%A9%20Rural%2C%20qu%C3%A9%20campo%20y%20qu%C3%A9%20pa%C3%ADs%20queremos%20dejarle%20a%20las%20pr%C3%B3ximas%20generaciones.%0A\"><\/a><\/p>\n\n\n\n<p class=\"wp-block-paragraph\"><a href=\"javascript:void(0);\"><\/a><\/p>\n\n\n\n<p class=\"wp-block-paragraph\"><\/p>\n","protected":false},"excerpt":{"rendered":"<p>Con las palabras del presidente de la Sociedad Rural de Rafaela, Leonardo Alassia, junto a las de los titulares de CRA, Carsfe y el Ministro Puccini, qued\u00f3 inaugurada la 119\u00b0 ExpoRural de Rafaela y la Regi\u00f3n.<\/p>\n","protected":false},"author":1,"featured_media":39789,"comment_status":"open","ping_status":"open","sticky":false,"template":"","format":"standard","meta":{"site-sidebar-layout":"default","site-content-layout":"","ast-site-content-layout":"default","site-content-style":"default","site-sidebar-style":"default","ast-global-header-display":"","ast-banner-title-visibility":"","ast-main-header-display":"","ast-hfb-above-header-display":"","ast-hfb-below-header-display":"","ast-hfb-mobile-header-display":"","site-post-title":"","ast-breadcrumbs-content":"","ast-featured-img":"","footer-sml-layout":"","ast-disable-related-posts":"","theme-transparent-header-meta":"","adv-header-id-meta":"","stick-header-meta":"","header-above-stick-meta":"","header-main-stick-meta":"","header-below-stick-meta":"","astra-migrate-meta-layouts":"default","ast-page-background-enabled":"default","ast-page-background-meta":{"desktop":{"background-color":"var(--ast-global-color-4)","background-image":"","background-repeat":"repeat","background-position":"center center","background-size":"auto","background-attachment":"scroll","background-type":"","background-media":"","overlay-type":"","overlay-color":"","overlay-opacity":"","overlay-gradient":""},"tablet":{"background-color":"","background-image":"","background-repeat":"repeat","background-position":"center center","background-size":"auto","background-attachment":"scroll","background-type":"","background-media":"","overlay-type":"","overlay-color":"","overlay-opacity":"","overlay-gradient":""},"mobile":{"background-color":"","background-image":"","background-repeat":"repeat","background-position":"center center","background-size":"auto","background-attachment":"scroll","background-type":"","background-media":"","overlay-type":"","overlay-color":"","overlay-opacity":"","overlay-gradient":""}},"ast-content-background-meta":{"desktop":{"background-color":"var(--ast-global-color-5)","background-image":"","background-repeat":"repeat","background-position":"center center","background-size":"auto","background-attachment":"scroll","background-type":"","background-media":"","overlay-type":"","overlay-color":"","overlay-opacity":"","overlay-gradient":""},"tablet":{"background-color":"var(--ast-global-color-5)","background-image":"","background-repeat":"repeat","background-position":"center center","background-size":"auto","background-attachment":"scroll","background-type":"","background-media":"","overlay-type":"","overlay-color":"","overlay-opacity":"","overlay-gradient":""},"mobile":{"background-color":"var(--ast-global-color-5)","background-image":"","background-repeat":"repeat","background-position":"center center","background-size":"auto","background-attachment":"scroll","background-type":"","background-media":"","overlay-type":"","overlay-color":"","overlay-opacity":"","overlay-gradient":""}},"footnotes":""},"categories":[23],"tags":[9349,9350],"class_list":["post-39788","post","type-post","status-publish","format-standard","has-post-thumbnail","hentry","category-economia","tag-disponer-de-fondos-en-el-campo-se-traduce-en-mayor-inversion","tag-en-crecimiento-y-desarrollo"],"yoast_head":"<!-- This site is optimized with the Yoast SEO plugin v23.2 - https:\/\/yoast.com\/wordpress\/plugins\/seo\/ -->\n<title>\u201cDisponer de fondos en el campo se traduce en mayor inversi\u00f3n, en crecimiento y desarrollo\u201d - Sabado 100<\/title>\n<meta name=\"robots\" content=\"index, follow, max-snippet:-1, max-image-preview:large, max-video-preview:-1\" \/>\n<link rel=\"canonical\" href=\"https:\/\/sabado100.com.ar\/es-ar\/disponer-de-fondos-en-el-campo-se-traduce-en-mayor-inversion-en-crecimiento-y-desarrollo\/\" \/>\n<meta property=\"og:locale\" content=\"es_ES\" \/>\n<meta property=\"og:type\" content=\"article\" \/>\n<meta property=\"og:title\" content=\"\u201cDisponer de fondos en el campo se traduce en mayor inversi\u00f3n, en crecimiento y desarrollo\u201d - Sabado 100\" \/>\n<meta property=\"og:description\" content=\"Con las palabras del presidente de la Sociedad Rural de Rafaela, Leonardo Alassia, junto a las de los titulares de CRA, Carsfe y el Ministro Puccini, qued\u00f3 inaugurada la 119\u00b0 ExpoRural de Rafaela y la Regi\u00f3n.\" \/>\n<meta property=\"og:url\" content=\"https:\/\/sabado100.com.ar\/es-ar\/disponer-de-fondos-en-el-campo-se-traduce-en-mayor-inversion-en-crecimiento-y-desarrollo\/\" \/>\n<meta property=\"og:site_name\" content=\"Sabado 100\" \/>\n<meta property=\"article:publisher\" content=\"https:\/\/www.facebook.com\/sabadocien\/\" \/>\n<meta property=\"article:published_time\" content=\"2026-08-30T21:41:22+00:00\" \/>\n<meta property=\"article:modified_time\" content=\"2026-08-30T21:41:24+00:00\" \/>\n<meta property=\"og:image\" content=\"https:\/\/sabado100.com.ar\/es-ar\/wp-content\/uploads\/2026\/08\/WhatsApp-Image-2026-08-30-at-17.10.26-1536x1027-1.jpeg\" \/>\n\t<meta property=\"og:image:width\" content=\"1200\" \/>\n\t<meta property=\"og:image:height\" content=\"802\" \/>\n\t<meta property=\"og:image:type\" content=\"image\/jpeg\" \/>\n<meta name=\"author\" content=\"admin\" \/>\n<meta name=\"twitter:card\" content=\"summary_large_image\" \/>\n<meta name=\"twitter:label1\" content=\"Escrito por\" \/>\n\t<meta name=\"twitter:data1\" content=\"admin\" \/>\n\t<meta name=\"twitter:label2\" content=\"Tiempo de lectura\" \/>\n\t<meta name=\"twitter:data2\" content=\"9 minutos\" \/>\n<script type=\"application\/ld+json\" class=\"yoast-schema-graph\">{\"@context\":\"https:\/\/schema.org\",\"@graph\":[{\"@type\":\"Article\",\"@id\":\"https:\/\/sabado100.com.ar\/es-ar\/disponer-de-fondos-en-el-campo-se-traduce-en-mayor-inversion-en-crecimiento-y-desarrollo\/#article\",\"isPartOf\":{\"@id\":\"https:\/\/sabado100.com.ar\/es-ar\/disponer-de-fondos-en-el-campo-se-traduce-en-mayor-inversion-en-crecimiento-y-desarrollo\/\"},\"author\":{\"name\":\"admin\",\"@id\":\"https:\/\/sabado100.com.ar\/es-ar\/#\/schema\/person\/0a9d576d4c50f5ee5c774c01644c2bf5\"},\"headline\":\"\u201cDisponer de fondos en el campo se traduce en mayor inversi\u00f3n, en crecimiento y desarrollo\u201d\",\"datePublished\":\"2026-08-30T21:41:22+00:00\",\"dateModified\":\"2026-08-30T21:41:24+00:00\",\"mainEntityOfPage\":{\"@id\":\"https:\/\/sabado100.com.ar\/es-ar\/disponer-de-fondos-en-el-campo-se-traduce-en-mayor-inversion-en-crecimiento-y-desarrollo\/\"},\"wordCount\":1939,\"commentCount\":0,\"publisher\":{\"@id\":\"https:\/\/sabado100.com.ar\/es-ar\/#organization\"},\"image\":{\"@id\":\"https:\/\/sabado100.com.ar\/es-ar\/disponer-de-fondos-en-el-campo-se-traduce-en-mayor-inversion-en-crecimiento-y-desarrollo\/#primaryimage\"},\"thumbnailUrl\":\"https:\/\/sabado100.com.ar\/es-ar\/wp-content\/uploads\/2026\/08\/WhatsApp-Image-2026-08-30-at-17.10.26-1536x1027-1.jpeg\",\"keywords\":[\"\u201cDisponer de fondos en el campo se traduce en mayor inversi\u00f3n\",\"en crecimiento y desarrollo\u201d\"],\"articleSection\":[\"Econom\u00eda\"],\"inLanguage\":\"es\",\"potentialAction\":[{\"@type\":\"CommentAction\",\"name\":\"Comment\",\"target\":[\"https:\/\/sabado100.com.ar\/es-ar\/disponer-de-fondos-en-el-campo-se-traduce-en-mayor-inversion-en-crecimiento-y-desarrollo\/#respond\"]}]},{\"@type\":\"WebPage\",\"@id\":\"https:\/\/sabado100.com.ar\/es-ar\/disponer-de-fondos-en-el-campo-se-traduce-en-mayor-inversion-en-crecimiento-y-desarrollo\/\",\"url\":\"https:\/\/sabado100.com.ar\/es-ar\/disponer-de-fondos-en-el-campo-se-traduce-en-mayor-inversion-en-crecimiento-y-desarrollo\/\",\"name\":\"\u201cDisponer de fondos en el campo se traduce en mayor inversi\u00f3n, en crecimiento y desarrollo\u201d - Sabado 100\",\"isPartOf\":{\"@id\":\"https:\/\/sabado100.com.ar\/es-ar\/#website\"},\"primaryImageOfPage\":{\"@id\":\"https:\/\/sabado100.com.ar\/es-ar\/disponer-de-fondos-en-el-campo-se-traduce-en-mayor-inversion-en-crecimiento-y-desarrollo\/#primaryimage\"},\"image\":{\"@id\":\"https:\/\/sabado100.com.ar\/es-ar\/disponer-de-fondos-en-el-campo-se-traduce-en-mayor-inversion-en-crecimiento-y-desarrollo\/#primaryimage\"},\"thumbnailUrl\":\"https:\/\/sabado100.com.ar\/es-ar\/wp-content\/uploads\/2026\/08\/WhatsApp-Image-2026-08-30-at-17.10.26-1536x1027-1.jpeg\",\"datePublished\":\"2026-08-30T21:41:22+00:00\",\"dateModified\":\"2026-08-30T21:41:24+00:00\",\"breadcrumb\":{\"@id\":\"https:\/\/sabado100.com.ar\/es-ar\/disponer-de-fondos-en-el-campo-se-traduce-en-mayor-inversion-en-crecimiento-y-desarrollo\/#breadcrumb\"},\"inLanguage\":\"es\",\"potentialAction\":[{\"@type\":\"ReadAction\",\"target\":[\"https:\/\/sabado100.com.ar\/es-ar\/disponer-de-fondos-en-el-campo-se-traduce-en-mayor-inversion-en-crecimiento-y-desarrollo\/\"]}]},{\"@type\":\"ImageObject\",\"inLanguage\":\"es\",\"@id\":\"https:\/\/sabado100.com.ar\/es-ar\/disponer-de-fondos-en-el-campo-se-traduce-en-mayor-inversion-en-crecimiento-y-desarrollo\/#primaryimage\",\"url\":\"https:\/\/sabado100.com.ar\/es-ar\/wp-content\/uploads\/2026\/08\/WhatsApp-Image-2026-08-30-at-17.10.26-1536x1027-1.jpeg\",\"contentUrl\":\"https:\/\/sabado100.com.ar\/es-ar\/wp-content\/uploads\/2026\/08\/WhatsApp-Image-2026-08-30-at-17.10.26-1536x1027-1.jpeg\",\"width\":1200,\"height\":802},{\"@type\":\"BreadcrumbList\",\"@id\":\"https:\/\/sabado100.com.ar\/es-ar\/disponer-de-fondos-en-el-campo-se-traduce-en-mayor-inversion-en-crecimiento-y-desarrollo\/#breadcrumb\",\"itemListElement\":[{\"@type\":\"ListItem\",\"position\":1,\"name\":\"Portada\",\"item\":\"https:\/\/sabado100.com.ar\/es-ar\/\"},{\"@type\":\"ListItem\",\"position\":2,\"name\":\"\u201cDisponer de fondos en el campo se traduce en mayor inversi\u00f3n, en crecimiento y desarrollo\u201d\"}]},{\"@type\":\"WebSite\",\"@id\":\"https:\/\/sabado100.com.ar\/es-ar\/#website\",\"url\":\"https:\/\/sabado100.com.ar\/es-ar\/\",\"name\":\"Sabado 100\",\"description\":\"\",\"publisher\":{\"@id\":\"https:\/\/sabado100.com.ar\/es-ar\/#organization\"},\"potentialAction\":[{\"@type\":\"SearchAction\",\"target\":{\"@type\":\"EntryPoint\",\"urlTemplate\":\"https:\/\/sabado100.com.ar\/es-ar\/?s={search_term_string}\"},\"query-input\":\"required name=search_term_string\"}],\"inLanguage\":\"es\"},{\"@type\":\"Organization\",\"@id\":\"https:\/\/sabado100.com.ar\/es-ar\/#organization\",\"name\":\"Sabado 100\",\"url\":\"https:\/\/sabado100.com.ar\/es-ar\/\",\"logo\":{\"@type\":\"ImageObject\",\"inLanguage\":\"es\",\"@id\":\"https:\/\/sabado100.com.ar\/es-ar\/#\/schema\/logo\/image\/\",\"url\":\"https:\/\/sabado100.com.ar\/es-ar\/wp-content\/uploads\/2024\/04\/logo3.jpg\",\"contentUrl\":\"https:\/\/sabado100.com.ar\/es-ar\/wp-content\/uploads\/2024\/04\/logo3.jpg\",\"width\":300,\"height\":174,\"caption\":\"Sabado 100\"},\"image\":{\"@id\":\"https:\/\/sabado100.com.ar\/es-ar\/#\/schema\/logo\/image\/\"},\"sameAs\":[\"https:\/\/www.facebook.com\/sabadocien\/\",\"https:\/\/www.instagram.com\/sabado100.com.ar\/\",\"https:\/\/www.youtube.com\/@sabado1003\"]},{\"@type\":\"Person\",\"@id\":\"https:\/\/sabado100.com.ar\/es-ar\/#\/schema\/person\/0a9d576d4c50f5ee5c774c01644c2bf5\",\"name\":\"admin\",\"image\":{\"@type\":\"ImageObject\",\"inLanguage\":\"es\",\"@id\":\"https:\/\/sabado100.com.ar\/es-ar\/#\/schema\/person\/image\/\",\"url\":\"https:\/\/sabado100.com.ar\/es-ar\/wp-content\/litespeed\/avatar\/4011a1aa10f57cda77b281e34885822b.jpg?ver=1787726386\",\"contentUrl\":\"https:\/\/sabado100.com.ar\/es-ar\/wp-content\/litespeed\/avatar\/4011a1aa10f57cda77b281e34885822b.jpg?ver=1787726386\",\"caption\":\"admin\"},\"sameAs\":[\"https:\/\/sabado100.com.ar\/es-ar\"],\"url\":\"https:\/\/sabado100.com.ar\/es-ar\/author\/s100\/\"}]}<\/script>\n<!-- \/ Yoast SEO plugin. -->","yoast_head_json":{"title":"\u201cDisponer de fondos en el campo se traduce en mayor inversi\u00f3n, en crecimiento y desarrollo\u201d - Sabado 100","robots":{"index":"index","follow":"follow","max-snippet":"max-snippet:-1","max-image-preview":"max-image-preview:large","max-video-preview":"max-video-preview:-1"},"canonical":"https:\/\/sabado100.com.ar\/es-ar\/disponer-de-fondos-en-el-campo-se-traduce-en-mayor-inversion-en-crecimiento-y-desarrollo\/","og_locale":"es_ES","og_type":"article","og_title":"\u201cDisponer de fondos en el campo se traduce en mayor inversi\u00f3n, en crecimiento y desarrollo\u201d - Sabado 100","og_description":"Con las palabras del presidente de la Sociedad Rural de Rafaela, Leonardo Alassia, junto a las de los titulares de CRA, Carsfe y el Ministro Puccini, qued\u00f3 inaugurada la 119\u00b0 ExpoRural de Rafaela y la Regi\u00f3n.","og_url":"https:\/\/sabado100.com.ar\/es-ar\/disponer-de-fondos-en-el-campo-se-traduce-en-mayor-inversion-en-crecimiento-y-desarrollo\/","og_site_name":"Sabado 100","article_publisher":"https:\/\/www.facebook.com\/sabadocien\/","article_published_time":"2026-08-30T21:41:22+00:00","article_modified_time":"2026-08-30T21:41:24+00:00","og_image":[{"width":1200,"height":802,"url":"https:\/\/sabado100.com.ar\/es-ar\/wp-content\/uploads\/2026\/08\/WhatsApp-Image-2026-08-30-at-17.10.26-1536x1027-1.jpeg","type":"image\/jpeg"}],"author":"admin","twitter_card":"summary_large_image","twitter_misc":{"Escrito por":"admin","Tiempo de lectura":"9 minutos"},"schema":{"@context":"https:\/\/schema.org","@graph":[{"@type":"Article","@id":"https:\/\/sabado100.com.ar\/es-ar\/disponer-de-fondos-en-el-campo-se-traduce-en-mayor-inversion-en-crecimiento-y-desarrollo\/#article","isPartOf":{"@id":"https:\/\/sabado100.com.ar\/es-ar\/disponer-de-fondos-en-el-campo-se-traduce-en-mayor-inversion-en-crecimiento-y-desarrollo\/"},"author":{"name":"admin","@id":"https:\/\/sabado100.com.ar\/es-ar\/#\/schema\/person\/0a9d576d4c50f5ee5c774c01644c2bf5"},"headline":"\u201cDisponer de fondos en el campo se traduce en mayor inversi\u00f3n, en crecimiento y desarrollo\u201d","datePublished":"2026-08-30T21:41:22+00:00","dateModified":"2026-08-30T21:41:24+00:00","mainEntityOfPage":{"@id":"https:\/\/sabado100.com.ar\/es-ar\/disponer-de-fondos-en-el-campo-se-traduce-en-mayor-inversion-en-crecimiento-y-desarrollo\/"},"wordCount":1939,"commentCount":0,"publisher":{"@id":"https:\/\/sabado100.com.ar\/es-ar\/#organization"},"image":{"@id":"https:\/\/sabado100.com.ar\/es-ar\/disponer-de-fondos-en-el-campo-se-traduce-en-mayor-inversion-en-crecimiento-y-desarrollo\/#primaryimage"},"thumbnailUrl":"https:\/\/sabado100.com.ar\/es-ar\/wp-content\/uploads\/2026\/08\/WhatsApp-Image-2026-08-30-at-17.10.26-1536x1027-1.jpeg","keywords":["\u201cDisponer de fondos en el campo se traduce en mayor inversi\u00f3n","en crecimiento y desarrollo\u201d"],"articleSection":["Econom\u00eda"],"inLanguage":"es","potentialAction":[{"@type":"CommentAction","name":"Comment","target":["https:\/\/sabado100.com.ar\/es-ar\/disponer-de-fondos-en-el-campo-se-traduce-en-mayor-inversion-en-crecimiento-y-desarrollo\/#respond"]}]},{"@type":"WebPage","@id":"https:\/\/sabado100.com.ar\/es-ar\/disponer-de-fondos-en-el-campo-se-traduce-en-mayor-inversion-en-crecimiento-y-desarrollo\/","url":"https:\/\/sabado100.com.ar\/es-ar\/disponer-de-fondos-en-el-campo-se-traduce-en-mayor-inversion-en-crecimiento-y-desarrollo\/","name":"\u201cDisponer de fondos en el campo se traduce en mayor inversi\u00f3n, en crecimiento y desarrollo\u201d - Sabado 100","isPartOf":{"@id":"https:\/\/sabado100.com.ar\/es-ar\/#website"},"primaryImageOfPage":{"@id":"https:\/\/sabado100.com.ar\/es-ar\/disponer-de-fondos-en-el-campo-se-traduce-en-mayor-inversion-en-crecimiento-y-desarrollo\/#primaryimage"},"image":{"@id":"https:\/\/sabado100.com.ar\/es-ar\/disponer-de-fondos-en-el-campo-se-traduce-en-mayor-inversion-en-crecimiento-y-desarrollo\/#primaryimage"},"thumbnailUrl":"https:\/\/sabado100.com.ar\/es-ar\/wp-content\/uploads\/2026\/08\/WhatsApp-Image-2026-08-30-at-17.10.26-1536x1027-1.jpeg","datePublished":"2026-08-30T21:41:22+00:00","dateModified":"2026-08-30T21:41:24+00:00","breadcrumb":{"@id":"https:\/\/sabado100.com.ar\/es-ar\/disponer-de-fondos-en-el-campo-se-traduce-en-mayor-inversion-en-crecimiento-y-desarrollo\/#breadcrumb"},"inLanguage":"es","potentialAction":[{"@type":"ReadAction","target":["https:\/\/sabado100.com.ar\/es-ar\/disponer-de-fondos-en-el-campo-se-traduce-en-mayor-inversion-en-crecimiento-y-desarrollo\/"]}]},{"@type":"ImageObject","inLanguage":"es","@id":"https:\/\/sabado100.com.ar\/es-ar\/disponer-de-fondos-en-el-campo-se-traduce-en-mayor-inversion-en-crecimiento-y-desarrollo\/#primaryimage","url":"https:\/\/sabado100.com.ar\/es-ar\/wp-content\/uploads\/2026\/08\/WhatsApp-Image-2026-08-30-at-17.10.26-1536x1027-1.jpeg","contentUrl":"https:\/\/sabado100.com.ar\/es-ar\/wp-content\/uploads\/2026\/08\/WhatsApp-Image-2026-08-30-at-17.10.26-1536x1027-1.jpeg","width":1200,"height":802},{"@type":"BreadcrumbList","@id":"https:\/\/sabado100.com.ar\/es-ar\/disponer-de-fondos-en-el-campo-se-traduce-en-mayor-inversion-en-crecimiento-y-desarrollo\/#breadcrumb","itemListElement":[{"@type":"ListItem","position":1,"name":"Portada","item":"https:\/\/sabado100.com.ar\/es-ar\/"},{"@type":"ListItem","position":2,"name":"\u201cDisponer de fondos en el campo se traduce en mayor inversi\u00f3n, en crecimiento y desarrollo\u201d"}]},{"@type":"WebSite","@id":"https:\/\/sabado100.com.ar\/es-ar\/#website","url":"https:\/\/sabado100.com.ar\/es-ar\/","name":"Sabado 100","description":"","publisher":{"@id":"https:\/\/sabado100.com.ar\/es-ar\/#organization"},"potentialAction":[{"@type":"SearchAction","target":{"@type":"EntryPoint","urlTemplate":"https:\/\/sabado100.com.ar\/es-ar\/?s={search_term_string}"},"query-input":"required name=search_term_string"}],"inLanguage":"es"},{"@type":"Organization","@id":"https:\/\/sabado100.com.ar\/es-ar\/#organization","name":"Sabado 100","url":"https:\/\/sabado100.com.ar\/es-ar\/","logo":{"@type":"ImageObject","inLanguage":"es","@id":"https:\/\/sabado100.com.ar\/es-ar\/#\/schema\/logo\/image\/","url":"https:\/\/sabado100.com.ar\/es-ar\/wp-content\/uploads\/2024\/04\/logo3.jpg","contentUrl":"https:\/\/sabado100.com.ar\/es-ar\/wp-content\/uploads\/2024\/04\/logo3.jpg","width":300,"height":174,"caption":"Sabado 100"},"image":{"@id":"https:\/\/sabado100.com.ar\/es-ar\/#\/schema\/logo\/image\/"},"sameAs":["https:\/\/www.facebook.com\/sabadocien\/","https:\/\/www.instagram.com\/sabado100.com.ar\/","https:\/\/www.youtube.com\/@sabado1003"]},{"@type":"Person","@id":"https:\/\/sabado100.com.ar\/es-ar\/#\/schema\/person\/0a9d576d4c50f5ee5c774c01644c2bf5","name":"admin","image":{"@type":"ImageObject","inLanguage":"es","@id":"https:\/\/sabado100.com.ar\/es-ar\/#\/schema\/person\/image\/","url":"https:\/\/sabado100.com.ar\/es-ar\/wp-content\/litespeed\/avatar\/4011a1aa10f57cda77b281e34885822b.jpg?ver=1787726386","contentUrl":"https:\/\/sabado100.com.ar\/es-ar\/wp-content\/litespeed\/avatar\/4011a1aa10f57cda77b281e34885822b.jpg?ver=1787726386","caption":"admin"},"sameAs":["https:\/\/sabado100.com.ar\/es-ar"],"url":"https:\/\/sabado100.com.ar\/es-ar\/author\/s100\/"}]}},"_links":{"self":[{"href":"https:\/\/sabado100.com.ar\/es-ar\/wp-json\/wp\/v2\/posts\/39788","targetHints":{"allow":["GET"]}}],"collection":[{"href":"https:\/\/sabado100.com.ar\/es-ar\/wp-json\/wp\/v2\/posts"}],"about":[{"href":"https:\/\/sabado100.com.ar\/es-ar\/wp-json\/wp\/v2\/types\/post"}],"author":[{"embeddable":true,"href":"https:\/\/sabado100.com.ar\/es-ar\/wp-json\/wp\/v2\/users\/1"}],"replies":[{"embeddable":true,"href":"https:\/\/sabado100.com.ar\/es-ar\/wp-json\/wp\/v2\/comments?post=39788"}],"version-history":[{"count":1,"href":"https:\/\/sabado100.com.ar\/es-ar\/wp-json\/wp\/v2\/posts\/39788\/revisions"}],"predecessor-version":[{"id":39790,"href":"https:\/\/sabado100.com.ar\/es-ar\/wp-json\/wp\/v2\/posts\/39788\/revisions\/39790"}],"wp:featuredmedia":[{"embeddable":true,"href":"https:\/\/sabado100.com.ar\/es-ar\/wp-json\/wp\/v2\/media\/39789"}],"wp:attachment":[{"href":"https:\/\/sabado100.com.ar\/es-ar\/wp-json\/wp\/v2\/media?parent=39788"}],"wp:term":[{"taxonomy":"category","embeddable":true,"href":"https:\/\/sabado100.com.ar\/es-ar\/wp-json\/wp\/v2\/categories?post=39788"},{"taxonomy":"post_tag","embeddable":true,"href":"https:\/\/sabado100.com.ar\/es-ar\/wp-json\/wp\/v2\/tags?post=39788"}],"curies":[{"name":"wp","href":"https:\/\/api.w.org\/{rel}","templated":true}]}}