{"id":39785,"date":"2026-08-30T13:04:19","date_gmt":"2026-08-30T13:04:19","guid":{"rendered":"https:\/\/sabado100.com.ar\/es-ar\/?p=39785"},"modified":"2026-08-30T13:04:21","modified_gmt":"2026-08-30T13:04:21","slug":"violencia-y-furia-contra-el-periodismo","status":"publish","type":"post","link":"https:\/\/sabado100.com.ar\/es-ar\/violencia-y-furia-contra-el-periodismo\/","title":{"rendered":"Violencia y furia contra el periodismo"},"content":{"rendered":"\n<p class=\"wp-block-paragraph\"><strong>Por\u00a0<a href=\"https:\/\/www.lanacion.com.ar\/autor\/joaquin-morales-sola-51\/\">Joaqu\u00edn Morales Sol\u00e1<\/a>.-<\/strong> El \u00faltimo martes,\u00a0<strong>Javier Milei<\/strong>\u00a0le dedic\u00f3\u00a0<strong>ocho horas<\/strong>\u00a0de su jornada diaria a tuitear o retuitear mensajes agresivos contra el periodismo, muchas veces expresado con palabras y frases escatol\u00f3gicas, imposibles de reproducir sin dejarse de respetar uno mismo. En d\u00edas anteriores, entre el lunes 17 y el domingo 23, el Presidente hab\u00eda hecho lo mismo\u00a0<strong>335 veces<\/strong>, con el antecedente de que agravi\u00f3 al periodismo, antes de esa tempestad verbal, m\u00e1s de\u00a0<strong>1000<\/strong>\u00a0veces desde que asumi\u00f3. El \u00faltimo mi\u00e9rcoles, en\u00a0<a href=\"https:\/\/www.lanacion.com.ar\/politica\/milei-en-la-ort-adoctrinamiento-libertario-religion-y-hostigamiento-delante-de-alumnos-del-nid28082026\/\">una clase de adoctrinamiento a alumnos adolescentes\u00a0<\/a>de la prestigiosa escuela ORT, creada por inmigrantes jud\u00edos, aunque abierta a todos los credos, el Presidente convoc\u00f3 a los j\u00f3venes a abuchear a periodistas. \u00bf<strong>Cu\u00e1nto falta para que incite a los ni\u00f1os y j\u00f3venes a escupir fotos de periodistas, como hacia el kirchnerismo<\/strong>? En muchos de sus mensajes, el jefe del Estado se manifest\u00f3 contrariado por la defensa que la prensa hace de las formas dentro de un sistema democr\u00e1tico. Para \u00e9l, lo \u00fanico importante es el fondo de las cosas (es decir, el ajuste de la econom\u00eda) con un evidente desprecio por el sistema pol\u00edtico que lo llev\u00f3 al v\u00e9rtice del poder. Milei hab\u00eda prometido callar sus fobias a mediados del a\u00f1o pasado, pero\u00a0<strong>el car\u00e1cter o el equilibrio emocional le jugaron una mala pasada<\/strong>\u00a0en d\u00edas recientes, luego de que se encerrara a cal y canto en su casa temporal de Olivos durante 24 d\u00edas. \u00bfQu\u00e9 sucedi\u00f3 para que regresara como un hurac\u00e1n de furia y rencor? La conclusi\u00f3n m\u00e1s razonable indica que tom\u00f3 nota de que\u00a0<strong>el paseo que imaginaba hasta su reelecci\u00f3n se convirti\u00f3 en una ardua colina<\/strong>\u00a0<strong>que debe conquistar<\/strong>. No son solo los periodistas los que se\u00f1alan que la econom\u00eda no lo est\u00e1 ayudando, aunque haya hecho, eso s\u00ed, un trabajo importante e in\u00e9dito para estabilizar los n\u00fameros de la desestabilizada econom\u00eda argentina. La fundaci\u00f3n\u00a0<strong>FIEL<\/strong>, de orientaci\u00f3n claramente liberal, acaba de difundir un informe en el que se\u00f1ala que la actividad industrial retrocedi\u00f3 un 1,1 por ciento en julio pasado y que acumula una ca\u00edda del 0,6 por ciento en los \u00faltimos seis meses. A su vez, la\u00a0<strong>Fundaci\u00f3n Mediterr\u00e1nea<\/strong>, una creaci\u00f3n intelectual de\u00a0<strong>Domingo Cavallo<\/strong>, aunque fue siempre financiada por importantes empresarios argentinos, se\u00f1al\u00f3 en un reporte reciente que el empleo privado formal acumula doce meses de ca\u00edda. Existen, asevera, 241.000 puestos de trabajo menos desde noviembre de 2023 y agrega que la industria y la construcci\u00f3n acumulan las mayores p\u00e9rdidas de empleos. FIEL y la Fundaci\u00f3n Mediterr\u00e1nea son organizaciones serias y su ideas est\u00e1n muy cerca de las ideas del Presidente.<\/p>\n\n\n\n<hr class=\"wp-block-separator has-alpha-channel-opacity\"\/>\n\n\n\n<blockquote class=\"wp-block-quote is-layout-flow wp-block-quote-is-layout-flow\">\n<p class=\"wp-block-paragraph\">No es el Presidente el que puede decidir qui\u00e9n es buen periodista y qui\u00e9n no<\/p>\n<\/blockquote>\n\n\n\n<hr class=\"wp-block-separator has-alpha-channel-opacity\"\/>\n\n\n\n<p class=\"wp-block-paragraph\">La insistencia de quien es el jefe pol\u00edtico de la Naci\u00f3n en llamar \u201censobrados\u201d y \u201cpauteros\u201d a los periodistas que revelan cosas que est\u00e1n ocultas, es ya obsoleto. En primer lugar, porque muchos de los periodistas a los que critica no vivieron de la pauta oficial en tiempos del kirchnerismo. Quien esto escribe, por ejemplo, renunci\u00f3 formalmente ante el entonces presidente\u00a0<strong>N\u00e9stor Kirchner<\/strong>\u00a0a cualquier pauta oficial en el programa de televisi\u00f3n que conduc\u00eda. Kirchner retir\u00f3 la pauta, pero c\u00ednicamente ofendido porque el pedido supon\u00eda\u00a0<strong>una desconfianza sobre su compromiso con la libertad de prensa<\/strong>. En segundo lugar, seguir hablando de lo mismo casi tres a\u00f1os despu\u00e9s de haber accedido al poder, es una cacofon\u00eda que\u00a0<strong>pierde cualquier credibilidad<\/strong>\u00a0que haya tenido al principio. Si la convicci\u00f3n del Presidente consiste en que los periodistas se mueven seg\u00fan el dinero oscuro que reciben del oficialismo, la inferencia obvia permite sospechar sobre lo que est\u00e1 sucediendo con los periodistas que adulan a Milei, que son, a la vez, los \u00fanicos que pueden hacerle reportajes. \u00bf<strong>Hay pautas ocultas, acaso<\/strong>? \u00bf<strong>O hay pautas que se entregan disimuladamente a trav\u00e9s de empresas estatales<\/strong>? \u00bf<strong>Es gratuita la adhesi\u00f3n de esos periodistas a todo lo que hace y dice el Presidente<\/strong>? \u00bf<strong>Se trata solo de coincidencias ideol\u00f3gicas<\/strong>? Las versiones que revolotean son muchas y el periodismo no es una corporaci\u00f3n de \u00e1ngeles. Aun cuando los profesionales honrados conforman la inmensa mayor\u00eda del periodismo, nadie puede negar que existen pr\u00e1cticas deshonestas en varios periodistas, que a muchos los cautiva el nocivo populismo period\u00edstico, y que otros se han olvidado del primer compromiso de la profesi\u00f3n, que consiste en constatar que la informaci\u00f3n que difunden es verdadera. Hay, en fin, buenos y malos ejemplares de la profesi\u00f3n. Sin embargo, no es el Presidente el que puede decidir qui\u00e9n es buen periodista y qui\u00e9n no lo es. \u00c9l es parte, y no se puede ser juez y parte porque el resultado ser\u00e1 siempre injusto y arbitrario.<\/p>\n\n\n\n<blockquote class=\"wp-block-quote is-layout-flow wp-block-quote-is-layout-flow\">\n<p class=\"wp-block-paragraph\">Un periodismo que halaga al poder pierde su raz\u00f3n de existir<\/p>\n<\/blockquote>\n\n\n\n<hr class=\"wp-block-separator has-alpha-channel-opacity\"\/>\n\n\n\n<p class=\"wp-block-paragraph\">Un periodismo que halaga al poder pierde su raz\u00f3n de existir. Para elogiar al oficialismo est\u00e1n los funcionarios, que tambi\u00e9n cobran para hacer eso. El c\u00e9lebre columnista norteamericano&nbsp;<strong>Walter Lippmann<\/strong>, tal vez el \u00faltimo de una generaci\u00f3n que un\u00eda la formaci\u00f3n acad\u00e9mica con la period\u00edstica, dej\u00f3 la lecci\u00f3n de que \u201cel verdadero compromiso primordial del periodismo con la verdad est\u00e1 por encima de vender noticias o de respaldar medidas oficiales\u201d, y agregaba: \u201c<strong>La prensa debe recibir las declaraciones del gobierno con reserva y escepticismo<\/strong>\u201d.&nbsp;<strong>James Reston<\/strong>, columnista de una generaci\u00f3n posterior que escribi\u00f3 e hizo su carrera en el diario m\u00e1s influyente del mundo,&nbsp;<em>The New York Times<\/em>, sentenci\u00f3 que \u201cen cualquier conflicto del poder con el periodismo,<strong>&nbsp;las primeras v\u00edctimas son el sentido com\u00fan y la discusi\u00f3n libre y abierta<\/strong>\u201d. Es decir: la diferencia entre una prensa libre y una asediada por el poder es lo que distingue a los dem\u00f3cratas de los autoritarios.<\/p>\n\n\n\n<hr class=\"wp-block-separator has-alpha-channel-opacity\"\/>\n\n\n\n<blockquote class=\"wp-block-quote is-layout-flow wp-block-quote-is-layout-flow\">\n<p class=\"wp-block-paragraph\">Las formas son esenciales para construir una sociedad pac\u00edfica<\/p>\n<\/blockquote>\n\n\n\n<hr class=\"wp-block-separator has-alpha-channel-opacity\"\/>\n\n\n\n<p class=\"wp-block-paragraph\">El Presidente se escandaliza por los que defendemos las buenas formas en la vida democr\u00e1tica. Si tuviera m\u00e1s cultura pol\u00edtica y una m\u00e1s amplia formaci\u00f3n intelectual, sabr\u00eda que las formas son esenciales para construir una sociedad pac\u00edfica. El poder tiene el privilegio de dise\u00f1ar culturalmente a una sociedad.&nbsp;<strong>La convivencia serena es contagiosa, como lo es la violencia verbal, que indefectiblemente precede a la f\u00edsica<\/strong>. El reconocido polit\u00f3logo italiano&nbsp;<strong>Norberto Bobbio<\/strong>&nbsp;sosten\u00eda que \u201cla democracia se define principalmente por c\u00f3mo se ejerce el poder\u201d. \u201cSi se violan o eliminan las formas institucionales y el respeto, el sistema deja de ser democr\u00e1tico\u201d, sentenciaba Bobbio. La filosof\u00eda del derecho democr\u00e1tico va m\u00e1s all\u00e1 aun cuando subraya que \u201c<strong>en democracia, las formas son el fondo<\/strong>\u201d. Quiz\u00e1s, el mundo vive el instante de mayor desinformaci\u00f3n de la historia por obra de la Inteligencia Artificial, un buen mecanismo de contribuci\u00f3n al trabajo humano, pero que&nbsp;<strong>carece de conciencia y de contexto<\/strong>, y por la sobrecarga informativa que se acumula sobre las personas por el imperio de las redes sociales. Nadie sabe qu\u00e9 es cierto y qu\u00e9 no lo es cuando se viralizan las&nbsp;<em>fake news<\/em>, las noticias falsas, o las im\u00e1genes y palabras creadas ap\u00f3crifamente por la IA. No deja de ser preocupante vivir en un tiempo en el que las personas son incapaces de distinguir entre los verdadero y lo falso. La discrepancia es un elemento esencial de la vida democr\u00e1tica, pero otra cosa es no poder ponerse de acuerdo ni siquiera sobre c\u00f3mo esclarecer los hechos.<\/p>\n\n\n\n<hr class=\"wp-block-separator has-alpha-channel-opacity\"\/>\n\n\n\n<blockquote class=\"wp-block-quote is-layout-flow wp-block-quote-is-layout-flow\">\n<p class=\"wp-block-paragraph\">No deja de ser preocupante vivir en un tiempo en el que las personas son incapaces de distinguir entre lo verdadero y lo falso<\/p>\n<\/blockquote>\n\n\n\n<hr class=\"wp-block-separator has-alpha-channel-opacity\"\/>\n\n\n\n<p class=\"wp-block-paragraph\">Muchos gobiernos actuales (Milei tambi\u00e9n) desde\u00f1an, denigran o niegan los hechos probados.&nbsp;<strong>Martin Baron<\/strong>, que fue director del diario&nbsp;<em>The Washington Post<\/em>, asegura dram\u00e1ticamente que \u201cen la parte alta de las prioridades de los l\u00edderes autoritarios se encuentra&nbsp;<strong>machacar a la prensa<\/strong>\u201d. Las redes sociales se han convertido en la principal arma de esos l\u00edderes. Pero la supuesta democratizaci\u00f3n de la informaci\u00f3n no puede existir con mensajes de personas que se esconden en esas redes detr\u00e1s del anonimato y la cobard\u00eda.&nbsp;<strong>Giuliano da Empoli<\/strong>, advierte tambi\u00e9n con cierto catastrofismo en su \u00faltimo libro (<em>La hora de los depredadores<\/em>, Seix Barral), un ensayo sobre la proliferaci\u00f3n de gobiernos iliberales que surgen de elecciones democr\u00e1ticas, que \u201cuna era de violencia sin l\u00edmites se abre frente a nosotros (\u2026) y los defensores de la libertad parecen estar especialmente mal preparados para la tarea que les espera\u201d. Es cierto que desde&nbsp;<strong>Trump<\/strong>&nbsp;hasta&nbsp;<strong>Viktor Orban<\/strong>, el ultraconservador ex primer ministro de&nbsp;<strong>Hungr\u00eda<\/strong>, hasta la presidenta de M\u00e9xico, la progresista&nbsp;<strong>Claudia Sheinbaum<\/strong>, o los presidentes de derecha de&nbsp;<strong>Per\u00fa<\/strong>,&nbsp;<strong>Keiko Fujimori<\/strong>, y de&nbsp;<strong>Colombia<\/strong>,&nbsp;<strong>Abelardo de la Espriella<\/strong>, aplican o aplicaron pol\u00edticas de graves enfrentamientos contra el ejercicio libre del periodismo. Solo la mayor\u00eda de los pa\u00edses europeos parece respetar la existencia del periodismo como un requisito elemental de la democracia.&nbsp;<strong>Les guste o no<\/strong>.<\/p>\n\n\n\n<p class=\"wp-block-paragraph\">En los \u00faltimos d\u00edas, el presidente argentino respald\u00f3 una propuesta del ministro de Econom\u00eda,&nbsp;<strong>Luis Caputo<\/strong>, para que exista una ley que \u201ccastigue\u201d a los periodistas que publican noticias \u201csin sustento\u201d. Raro en una persona como Caputo, que siempre fue un hombre de civilizados modos. Vamos al centro de la cuesti\u00f3n. Existen leyes que protegen a los funcionarios de las calumnias y de las noticias que afectan su buen nombre y honor. Est\u00e1 el&nbsp;<strong>C\u00f3digo Penal<\/strong>, aunque este exige una multa. Desde 2009, la c\u00e1rcel no es una pena que pueda aplicarse a los periodistas, pero el delito de calumnias e injurias sigue vigente tambi\u00e9n en el&nbsp;<strong>C\u00f3digo Civil<\/strong>, que puede condenar a medios y periodistas a onerosos resarcimientos econ\u00f3micos a las personas afectadas por una informaci\u00f3n falsa.&nbsp;<strong>La leyes no establecen, por lo tanto, la impunidad de los periodistas<\/strong>. Con todo, tambi\u00e9n est\u00e1 la jurisprudencia de la&nbsp;<strong>Corte Suprema de Justicia&nbsp;<\/strong>que indica claramente que los funcionarios p\u00fablicos tienen \u201cderechos restringidos\u201d comparados con los del ciudadano com\u00fan por ser quienes son. Otra jurisprudencia del m\u00e1ximo tribunal argentino establece que debe probarse la \u201c<strong>real malicia<\/strong>\u201d para condenar a periodistas; es decir, exige demostrar que el medio o el periodista obr\u00f3 con total conocimiento de la falsedad de la informaci\u00f3n. Por su parte, los funcionarios tienen el innegable derecho de aclarar o desmentir una informaci\u00f3n err\u00f3nea. Con buenos modos. Llama la atenci\u00f3n que tambi\u00e9n otros funcionarios con antecedentes democr\u00e1ticos no hayan hecho saber su disidencia con las maneras presidenciales. El Presidente exige siempre que los periodistas prueben lo que publican, pero \u00e9l mismo desobedece su norma.&nbsp;<strong>Nunca dio una sola prueba sobre los periodistas \u201censobrados\u201d o de los que quieren recibir pauta oficial<\/strong>. Tampoco los nombr\u00f3. Las generalizaciones son siempre injustas. Pero m\u00e1s sorprende el silencio de la oposici\u00f3n argentina, amigable o no amigable con el gobierno de Milei, sobre los expl\u00edcitos intentos de silenciar a la prensa. Semejante cautela se hace m\u00e1s incomprensible en pol\u00edticos que en tiempos del kirchnerismo estaban dispuestos a entregar la vida por la libertad de prensa. \u00bfNombres?&nbsp;<strong>Patricia Bullrich<\/strong>,&nbsp;<strong>Silvana Giudici<\/strong>,&nbsp;<strong>Alejandro Fargosi&nbsp;<\/strong>o&nbsp;<strong>Hern\u00e1n Lombardi<\/strong>, entre muchos m\u00e1s. Ellos deber\u00edan saber que no existe la posibilidad de agredir buena o malamente al periodismo. Solo&nbsp;<strong>Elisa Carri\u00f3<\/strong>&nbsp;se diferenci\u00f3 del lenguaje soez del Presidente y de sus insultos a la prensa. En un tuit del viernes \u00faltimos, escribi\u00f3: \u201cNosotros decimos \u2018no\u2019 al lenguaje grosero, vulgar, despectivo, corrupto, desnaturalizante y violento del se\u00f1or presidente de la Naci\u00f3n. No a la violencia (\u2026) de su lenguaje contra cualquiera, y contra los periodistas\u201d. La raz\u00f3n la asiste cuando reconoce que el \u00fanico derecho que no se le puede negar a nadie es a decir que no, aunque en el caso de los pol\u00edticos corran el riesgo de perder sus privilegios.<\/p>\n\n\n\n<p class=\"wp-block-paragraph\">\u00bfQu\u00e9 debe hacer el periodismo ante una insoportable marea de violencia desde el m\u00e1s alto sitial de la pol\u00edtica argentina? Tomemos dos ejemplos. La periodista m\u00e1s atacada por Trump,&nbsp;<strong>Kaitlan Collins<\/strong>, una estrella de la cadena de noticias&nbsp;<strong>CNN<\/strong>, a quien el mandatario llam\u00f3 \u201cest\u00fapida\u201d y \u201cdesagradable\u201d, entre otros improperios, le respondi\u00f3 con una frase corta y seca: \u201c<strong>No se trata de m\u00ed<\/strong>\u201d. Quiso decir que los agravios de Trump hablan m\u00e1s de Trump que de ella. Y eso es cierto tambi\u00e9n para Milei. El propio Martin Baron respondi\u00f3 cuando le preguntaron si el periodismo serio de los Estados Unidos estaba en guerra con la administraci\u00f3n Trump: \u201c<strong>Nosotros no estamos en guerra; estamos trabajando<\/strong>\u201d, replic\u00f3. Milei ha hecho m\u00e9ritos para merecer las dos respuestas.<\/p>\n\n\n\n<p class=\"wp-block-paragraph\"><strong>Fuente:<\/strong> <a href=\"https:\/\/www.lanacion.com.ar\/\">https:\/\/www.lanacion.com.ar\/<\/a><\/p>\n\n\n\n<p class=\"wp-block-paragraph\"><\/p>\n","protected":false},"excerpt":{"rendered":"<p>Lo \u00fanico importante de Milei es el fondo de las cosas (el ajuste de la econom\u00eda) con un evidente desprecio por el sistema pol\u00edtico que lo llev\u00f3 al v\u00e9rtice del poder.<\/p>\n","protected":false},"author":1,"featured_media":39786,"comment_status":"open","ping_status":"open","sticky":false,"template":"","format":"standard","meta":{"site-sidebar-layout":"default","site-content-layout":"","ast-site-content-layout":"default","site-content-style":"default","site-sidebar-style":"default","ast-global-header-display":"","ast-banner-title-visibility":"","ast-main-header-display":"","ast-hfb-above-header-display":"","ast-hfb-below-header-display":"","ast-hfb-mobile-header-display":"","site-post-title":"","ast-breadcrumbs-content":"","ast-featured-img":"","footer-sml-layout":"","ast-disable-related-posts":"","theme-transparent-header-meta":"","adv-header-id-meta":"","stick-header-meta":"","header-above-stick-meta":"","header-main-stick-meta":"","header-below-stick-meta":"","astra-migrate-meta-layouts":"default","ast-page-background-enabled":"default","ast-page-background-meta":{"desktop":{"background-color":"var(--ast-global-color-4)","background-image":"","background-repeat":"repeat","background-position":"center center","background-size":"auto","background-attachment":"scroll","background-type":"","background-media":"","overlay-type":"","overlay-color":"","overlay-opacity":"","overlay-gradient":""},"tablet":{"background-color":"","background-image":"","background-repeat":"repeat","background-position":"center center","background-size":"auto","background-attachment":"scroll","background-type":"","background-media":"","overlay-type":"","overlay-color":"","overlay-opacity":"","overlay-gradient":""},"mobile":{"background-color":"","background-image":"","background-repeat":"repeat","background-position":"center center","background-size":"auto","background-attachment":"scroll","background-type":"","background-media":"","overlay-type":"","overlay-color":"","overlay-opacity":"","overlay-gradient":""}},"ast-content-background-meta":{"desktop":{"background-color":"var(--ast-global-color-5)","background-image":"","background-repeat":"repeat","background-position":"center center","background-size":"auto","background-attachment":"scroll","background-type":"","background-media":"","overlay-type":"","overlay-color":"","overlay-opacity":"","overlay-gradient":""},"tablet":{"background-color":"var(--ast-global-color-5)","background-image":"","background-repeat":"repeat","background-position":"center center","background-size":"auto","background-attachment":"scroll","background-type":"","background-media":"","overlay-type":"","overlay-color":"","overlay-opacity":"","overlay-gradient":""},"mobile":{"background-color":"var(--ast-global-color-5)","background-image":"","background-repeat":"repeat","background-position":"center center","background-size":"auto","background-attachment":"scroll","background-type":"","background-media":"","overlay-type":"","overlay-color":"","overlay-opacity":"","overlay-gradient":""}},"footnotes":""},"categories":[5],"tags":[9348],"class_list":["post-39785","post","type-post","status-publish","format-standard","has-post-thumbnail","hentry","category-politica","tag-violencia-y-furia-contra-el-periodismo"],"yoast_head":"<!-- This site is optimized with the Yoast SEO plugin v23.2 - https:\/\/yoast.com\/wordpress\/plugins\/seo\/ -->\n<title>Violencia y furia contra el periodismo - Sabado 100<\/title>\n<meta name=\"robots\" content=\"index, follow, max-snippet:-1, max-image-preview:large, max-video-preview:-1\" \/>\n<link rel=\"canonical\" href=\"https:\/\/sabado100.com.ar\/es-ar\/violencia-y-furia-contra-el-periodismo\/\" \/>\n<meta property=\"og:locale\" content=\"es_ES\" \/>\n<meta property=\"og:type\" content=\"article\" \/>\n<meta property=\"og:title\" content=\"Violencia y furia contra el periodismo - Sabado 100\" \/>\n<meta property=\"og:description\" content=\"Lo \u00fanico importante de Milei es el fondo de las cosas (el ajuste de la econom\u00eda) con un evidente desprecio por el sistema pol\u00edtico que lo llev\u00f3 al v\u00e9rtice del poder.\" \/>\n<meta property=\"og:url\" content=\"https:\/\/sabado100.com.ar\/es-ar\/violencia-y-furia-contra-el-periodismo\/\" \/>\n<meta property=\"og:site_name\" content=\"Sabado 100\" \/>\n<meta property=\"article:publisher\" content=\"https:\/\/www.facebook.com\/sabadocien\/\" \/>\n<meta property=\"article:published_time\" content=\"2026-08-30T13:04:19+00:00\" \/>\n<meta property=\"article:modified_time\" content=\"2026-08-30T13:04:21+00:00\" \/>\n<meta property=\"og:image\" content=\"https:\/\/sabado100.com.ar\/es-ar\/wp-content\/uploads\/2026\/08\/WhatsApp-Image-2026-08-30-at-09.37.16.jpeg\" \/>\n\t<meta property=\"og:image:width\" content=\"1200\" \/>\n\t<meta property=\"og:image:height\" content=\"800\" \/>\n\t<meta property=\"og:image:type\" content=\"image\/jpeg\" \/>\n<meta name=\"author\" content=\"admin\" \/>\n<meta name=\"twitter:card\" content=\"summary_large_image\" \/>\n<meta name=\"twitter:label1\" content=\"Escrito por\" \/>\n\t<meta name=\"twitter:data1\" content=\"admin\" \/>\n\t<meta name=\"twitter:label2\" content=\"Tiempo de lectura\" \/>\n\t<meta name=\"twitter:data2\" content=\"10 minutos\" \/>\n<script type=\"application\/ld+json\" class=\"yoast-schema-graph\">{\"@context\":\"https:\/\/schema.org\",\"@graph\":[{\"@type\":\"Article\",\"@id\":\"https:\/\/sabado100.com.ar\/es-ar\/violencia-y-furia-contra-el-periodismo\/#article\",\"isPartOf\":{\"@id\":\"https:\/\/sabado100.com.ar\/es-ar\/violencia-y-furia-contra-el-periodismo\/\"},\"author\":{\"name\":\"admin\",\"@id\":\"https:\/\/sabado100.com.ar\/es-ar\/#\/schema\/person\/0a9d576d4c50f5ee5c774c01644c2bf5\"},\"headline\":\"Violencia y furia contra el periodismo\",\"datePublished\":\"2026-08-30T13:04:19+00:00\",\"dateModified\":\"2026-08-30T13:04:21+00:00\",\"mainEntityOfPage\":{\"@id\":\"https:\/\/sabado100.com.ar\/es-ar\/violencia-y-furia-contra-el-periodismo\/\"},\"wordCount\":2241,\"commentCount\":0,\"publisher\":{\"@id\":\"https:\/\/sabado100.com.ar\/es-ar\/#organization\"},\"image\":{\"@id\":\"https:\/\/sabado100.com.ar\/es-ar\/violencia-y-furia-contra-el-periodismo\/#primaryimage\"},\"thumbnailUrl\":\"https:\/\/sabado100.com.ar\/es-ar\/wp-content\/uploads\/2026\/08\/WhatsApp-Image-2026-08-30-at-09.37.16.jpeg\",\"keywords\":[\"Violencia y furia contra el periodismo\"],\"articleSection\":[\"Pol\u00edtica\"],\"inLanguage\":\"es\",\"potentialAction\":[{\"@type\":\"CommentAction\",\"name\":\"Comment\",\"target\":[\"https:\/\/sabado100.com.ar\/es-ar\/violencia-y-furia-contra-el-periodismo\/#respond\"]}]},{\"@type\":\"WebPage\",\"@id\":\"https:\/\/sabado100.com.ar\/es-ar\/violencia-y-furia-contra-el-periodismo\/\",\"url\":\"https:\/\/sabado100.com.ar\/es-ar\/violencia-y-furia-contra-el-periodismo\/\",\"name\":\"Violencia y furia contra el periodismo - Sabado 100\",\"isPartOf\":{\"@id\":\"https:\/\/sabado100.com.ar\/es-ar\/#website\"},\"primaryImageOfPage\":{\"@id\":\"https:\/\/sabado100.com.ar\/es-ar\/violencia-y-furia-contra-el-periodismo\/#primaryimage\"},\"image\":{\"@id\":\"https:\/\/sabado100.com.ar\/es-ar\/violencia-y-furia-contra-el-periodismo\/#primaryimage\"},\"thumbnailUrl\":\"https:\/\/sabado100.com.ar\/es-ar\/wp-content\/uploads\/2026\/08\/WhatsApp-Image-2026-08-30-at-09.37.16.jpeg\",\"datePublished\":\"2026-08-30T13:04:19+00:00\",\"dateModified\":\"2026-08-30T13:04:21+00:00\",\"breadcrumb\":{\"@id\":\"https:\/\/sabado100.com.ar\/es-ar\/violencia-y-furia-contra-el-periodismo\/#breadcrumb\"},\"inLanguage\":\"es\",\"potentialAction\":[{\"@type\":\"ReadAction\",\"target\":[\"https:\/\/sabado100.com.ar\/es-ar\/violencia-y-furia-contra-el-periodismo\/\"]}]},{\"@type\":\"ImageObject\",\"inLanguage\":\"es\",\"@id\":\"https:\/\/sabado100.com.ar\/es-ar\/violencia-y-furia-contra-el-periodismo\/#primaryimage\",\"url\":\"https:\/\/sabado100.com.ar\/es-ar\/wp-content\/uploads\/2026\/08\/WhatsApp-Image-2026-08-30-at-09.37.16.jpeg\",\"contentUrl\":\"https:\/\/sabado100.com.ar\/es-ar\/wp-content\/uploads\/2026\/08\/WhatsApp-Image-2026-08-30-at-09.37.16.jpeg\",\"width\":1200,\"height\":800},{\"@type\":\"BreadcrumbList\",\"@id\":\"https:\/\/sabado100.com.ar\/es-ar\/violencia-y-furia-contra-el-periodismo\/#breadcrumb\",\"itemListElement\":[{\"@type\":\"ListItem\",\"position\":1,\"name\":\"Portada\",\"item\":\"https:\/\/sabado100.com.ar\/es-ar\/\"},{\"@type\":\"ListItem\",\"position\":2,\"name\":\"Violencia y furia contra el periodismo\"}]},{\"@type\":\"WebSite\",\"@id\":\"https:\/\/sabado100.com.ar\/es-ar\/#website\",\"url\":\"https:\/\/sabado100.com.ar\/es-ar\/\",\"name\":\"Sabado 100\",\"description\":\"\",\"publisher\":{\"@id\":\"https:\/\/sabado100.com.ar\/es-ar\/#organization\"},\"potentialAction\":[{\"@type\":\"SearchAction\",\"target\":{\"@type\":\"EntryPoint\",\"urlTemplate\":\"https:\/\/sabado100.com.ar\/es-ar\/?s={search_term_string}\"},\"query-input\":\"required name=search_term_string\"}],\"inLanguage\":\"es\"},{\"@type\":\"Organization\",\"@id\":\"https:\/\/sabado100.com.ar\/es-ar\/#organization\",\"name\":\"Sabado 100\",\"url\":\"https:\/\/sabado100.com.ar\/es-ar\/\",\"logo\":{\"@type\":\"ImageObject\",\"inLanguage\":\"es\",\"@id\":\"https:\/\/sabado100.com.ar\/es-ar\/#\/schema\/logo\/image\/\",\"url\":\"https:\/\/sabado100.com.ar\/es-ar\/wp-content\/uploads\/2024\/04\/logo3.jpg\",\"contentUrl\":\"https:\/\/sabado100.com.ar\/es-ar\/wp-content\/uploads\/2024\/04\/logo3.jpg\",\"width\":300,\"height\":174,\"caption\":\"Sabado 100\"},\"image\":{\"@id\":\"https:\/\/sabado100.com.ar\/es-ar\/#\/schema\/logo\/image\/\"},\"sameAs\":[\"https:\/\/www.facebook.com\/sabadocien\/\",\"https:\/\/www.instagram.com\/sabado100.com.ar\/\",\"https:\/\/www.youtube.com\/@sabado1003\"]},{\"@type\":\"Person\",\"@id\":\"https:\/\/sabado100.com.ar\/es-ar\/#\/schema\/person\/0a9d576d4c50f5ee5c774c01644c2bf5\",\"name\":\"admin\",\"image\":{\"@type\":\"ImageObject\",\"inLanguage\":\"es\",\"@id\":\"https:\/\/sabado100.com.ar\/es-ar\/#\/schema\/person\/image\/\",\"url\":\"https:\/\/sabado100.com.ar\/es-ar\/wp-content\/litespeed\/avatar\/4011a1aa10f57cda77b281e34885822b.jpg?ver=1787726386\",\"contentUrl\":\"https:\/\/sabado100.com.ar\/es-ar\/wp-content\/litespeed\/avatar\/4011a1aa10f57cda77b281e34885822b.jpg?ver=1787726386\",\"caption\":\"admin\"},\"sameAs\":[\"https:\/\/sabado100.com.ar\/es-ar\"],\"url\":\"https:\/\/sabado100.com.ar\/es-ar\/author\/s100\/\"}]}<\/script>\n<!-- \/ Yoast SEO plugin. -->","yoast_head_json":{"title":"Violencia y furia contra el periodismo - Sabado 100","robots":{"index":"index","follow":"follow","max-snippet":"max-snippet:-1","max-image-preview":"max-image-preview:large","max-video-preview":"max-video-preview:-1"},"canonical":"https:\/\/sabado100.com.ar\/es-ar\/violencia-y-furia-contra-el-periodismo\/","og_locale":"es_ES","og_type":"article","og_title":"Violencia y furia contra el periodismo - Sabado 100","og_description":"Lo \u00fanico importante de Milei es el fondo de las cosas (el ajuste de la econom\u00eda) con un evidente desprecio por el sistema pol\u00edtico que lo llev\u00f3 al v\u00e9rtice del poder.","og_url":"https:\/\/sabado100.com.ar\/es-ar\/violencia-y-furia-contra-el-periodismo\/","og_site_name":"Sabado 100","article_publisher":"https:\/\/www.facebook.com\/sabadocien\/","article_published_time":"2026-08-30T13:04:19+00:00","article_modified_time":"2026-08-30T13:04:21+00:00","og_image":[{"width":1200,"height":800,"url":"https:\/\/sabado100.com.ar\/es-ar\/wp-content\/uploads\/2026\/08\/WhatsApp-Image-2026-08-30-at-09.37.16.jpeg","type":"image\/jpeg"}],"author":"admin","twitter_card":"summary_large_image","twitter_misc":{"Escrito por":"admin","Tiempo de lectura":"10 minutos"},"schema":{"@context":"https:\/\/schema.org","@graph":[{"@type":"Article","@id":"https:\/\/sabado100.com.ar\/es-ar\/violencia-y-furia-contra-el-periodismo\/#article","isPartOf":{"@id":"https:\/\/sabado100.com.ar\/es-ar\/violencia-y-furia-contra-el-periodismo\/"},"author":{"name":"admin","@id":"https:\/\/sabado100.com.ar\/es-ar\/#\/schema\/person\/0a9d576d4c50f5ee5c774c01644c2bf5"},"headline":"Violencia y furia contra el periodismo","datePublished":"2026-08-30T13:04:19+00:00","dateModified":"2026-08-30T13:04:21+00:00","mainEntityOfPage":{"@id":"https:\/\/sabado100.com.ar\/es-ar\/violencia-y-furia-contra-el-periodismo\/"},"wordCount":2241,"commentCount":0,"publisher":{"@id":"https:\/\/sabado100.com.ar\/es-ar\/#organization"},"image":{"@id":"https:\/\/sabado100.com.ar\/es-ar\/violencia-y-furia-contra-el-periodismo\/#primaryimage"},"thumbnailUrl":"https:\/\/sabado100.com.ar\/es-ar\/wp-content\/uploads\/2026\/08\/WhatsApp-Image-2026-08-30-at-09.37.16.jpeg","keywords":["Violencia y furia contra el periodismo"],"articleSection":["Pol\u00edtica"],"inLanguage":"es","potentialAction":[{"@type":"CommentAction","name":"Comment","target":["https:\/\/sabado100.com.ar\/es-ar\/violencia-y-furia-contra-el-periodismo\/#respond"]}]},{"@type":"WebPage","@id":"https:\/\/sabado100.com.ar\/es-ar\/violencia-y-furia-contra-el-periodismo\/","url":"https:\/\/sabado100.com.ar\/es-ar\/violencia-y-furia-contra-el-periodismo\/","name":"Violencia y furia contra el periodismo - Sabado 100","isPartOf":{"@id":"https:\/\/sabado100.com.ar\/es-ar\/#website"},"primaryImageOfPage":{"@id":"https:\/\/sabado100.com.ar\/es-ar\/violencia-y-furia-contra-el-periodismo\/#primaryimage"},"image":{"@id":"https:\/\/sabado100.com.ar\/es-ar\/violencia-y-furia-contra-el-periodismo\/#primaryimage"},"thumbnailUrl":"https:\/\/sabado100.com.ar\/es-ar\/wp-content\/uploads\/2026\/08\/WhatsApp-Image-2026-08-30-at-09.37.16.jpeg","datePublished":"2026-08-30T13:04:19+00:00","dateModified":"2026-08-30T13:04:21+00:00","breadcrumb":{"@id":"https:\/\/sabado100.com.ar\/es-ar\/violencia-y-furia-contra-el-periodismo\/#breadcrumb"},"inLanguage":"es","potentialAction":[{"@type":"ReadAction","target":["https:\/\/sabado100.com.ar\/es-ar\/violencia-y-furia-contra-el-periodismo\/"]}]},{"@type":"ImageObject","inLanguage":"es","@id":"https:\/\/sabado100.com.ar\/es-ar\/violencia-y-furia-contra-el-periodismo\/#primaryimage","url":"https:\/\/sabado100.com.ar\/es-ar\/wp-content\/uploads\/2026\/08\/WhatsApp-Image-2026-08-30-at-09.37.16.jpeg","contentUrl":"https:\/\/sabado100.com.ar\/es-ar\/wp-content\/uploads\/2026\/08\/WhatsApp-Image-2026-08-30-at-09.37.16.jpeg","width":1200,"height":800},{"@type":"BreadcrumbList","@id":"https:\/\/sabado100.com.ar\/es-ar\/violencia-y-furia-contra-el-periodismo\/#breadcrumb","itemListElement":[{"@type":"ListItem","position":1,"name":"Portada","item":"https:\/\/sabado100.com.ar\/es-ar\/"},{"@type":"ListItem","position":2,"name":"Violencia y furia contra el periodismo"}]},{"@type":"WebSite","@id":"https:\/\/sabado100.com.ar\/es-ar\/#website","url":"https:\/\/sabado100.com.ar\/es-ar\/","name":"Sabado 100","description":"","publisher":{"@id":"https:\/\/sabado100.com.ar\/es-ar\/#organization"},"potentialAction":[{"@type":"SearchAction","target":{"@type":"EntryPoint","urlTemplate":"https:\/\/sabado100.com.ar\/es-ar\/?s={search_term_string}"},"query-input":"required name=search_term_string"}],"inLanguage":"es"},{"@type":"Organization","@id":"https:\/\/sabado100.com.ar\/es-ar\/#organization","name":"Sabado 100","url":"https:\/\/sabado100.com.ar\/es-ar\/","logo":{"@type":"ImageObject","inLanguage":"es","@id":"https:\/\/sabado100.com.ar\/es-ar\/#\/schema\/logo\/image\/","url":"https:\/\/sabado100.com.ar\/es-ar\/wp-content\/uploads\/2024\/04\/logo3.jpg","contentUrl":"https:\/\/sabado100.com.ar\/es-ar\/wp-content\/uploads\/2024\/04\/logo3.jpg","width":300,"height":174,"caption":"Sabado 100"},"image":{"@id":"https:\/\/sabado100.com.ar\/es-ar\/#\/schema\/logo\/image\/"},"sameAs":["https:\/\/www.facebook.com\/sabadocien\/","https:\/\/www.instagram.com\/sabado100.com.ar\/","https:\/\/www.youtube.com\/@sabado1003"]},{"@type":"Person","@id":"https:\/\/sabado100.com.ar\/es-ar\/#\/schema\/person\/0a9d576d4c50f5ee5c774c01644c2bf5","name":"admin","image":{"@type":"ImageObject","inLanguage":"es","@id":"https:\/\/sabado100.com.ar\/es-ar\/#\/schema\/person\/image\/","url":"https:\/\/sabado100.com.ar\/es-ar\/wp-content\/litespeed\/avatar\/4011a1aa10f57cda77b281e34885822b.jpg?ver=1787726386","contentUrl":"https:\/\/sabado100.com.ar\/es-ar\/wp-content\/litespeed\/avatar\/4011a1aa10f57cda77b281e34885822b.jpg?ver=1787726386","caption":"admin"},"sameAs":["https:\/\/sabado100.com.ar\/es-ar"],"url":"https:\/\/sabado100.com.ar\/es-ar\/author\/s100\/"}]}},"_links":{"self":[{"href":"https:\/\/sabado100.com.ar\/es-ar\/wp-json\/wp\/v2\/posts\/39785","targetHints":{"allow":["GET"]}}],"collection":[{"href":"https:\/\/sabado100.com.ar\/es-ar\/wp-json\/wp\/v2\/posts"}],"about":[{"href":"https:\/\/sabado100.com.ar\/es-ar\/wp-json\/wp\/v2\/types\/post"}],"author":[{"embeddable":true,"href":"https:\/\/sabado100.com.ar\/es-ar\/wp-json\/wp\/v2\/users\/1"}],"replies":[{"embeddable":true,"href":"https:\/\/sabado100.com.ar\/es-ar\/wp-json\/wp\/v2\/comments?post=39785"}],"version-history":[{"count":1,"href":"https:\/\/sabado100.com.ar\/es-ar\/wp-json\/wp\/v2\/posts\/39785\/revisions"}],"predecessor-version":[{"id":39787,"href":"https:\/\/sabado100.com.ar\/es-ar\/wp-json\/wp\/v2\/posts\/39785\/revisions\/39787"}],"wp:featuredmedia":[{"embeddable":true,"href":"https:\/\/sabado100.com.ar\/es-ar\/wp-json\/wp\/v2\/media\/39786"}],"wp:attachment":[{"href":"https:\/\/sabado100.com.ar\/es-ar\/wp-json\/wp\/v2\/media?parent=39785"}],"wp:term":[{"taxonomy":"category","embeddable":true,"href":"https:\/\/sabado100.com.ar\/es-ar\/wp-json\/wp\/v2\/categories?post=39785"},{"taxonomy":"post_tag","embeddable":true,"href":"https:\/\/sabado100.com.ar\/es-ar\/wp-json\/wp\/v2\/tags?post=39785"}],"curies":[{"name":"wp","href":"https:\/\/api.w.org\/{rel}","templated":true}]}}