{"id":3978,"date":"2015-02-17T15:05:43","date_gmt":"2015-02-17T13:05:43","guid":{"rendered":"https:\/\/www.sabado100.com.ar\/?p=3978"},"modified":"2015-02-17T15:05:43","modified_gmt":"2015-02-17T13:05:43","slug":"por-fin-el-proposito-de-sanz-cosecha-apoyo","status":"publish","type":"post","link":"https:\/\/sabado100.com.ar\/es-ar\/por-fin-el-proposito-de-sanz-cosecha-apoyo\/","title":{"rendered":"Por fin el prop\u00f3sito de Sanz cosecha apoyo"},"content":{"rendered":"<p><strong>Por Emilio J. Grande.-<\/strong> Hace varios meses que el mendocino Ernesto Sanz, con convicci\u00f3n, comenz\u00f3 el prop\u00f3sito de unir fuerzas pol\u00edticas para afrontar las elecciones presidenciales de octubre con posibilidades de \u00e9xito.<br \/>\nSanz es presidente de la Uni\u00f3n C\u00edvica Radical a nivel nacional e integrante de UNEN junto con Cobos, Binner, Stolbizer, Solanas, entre otros. Desde un principio pens\u00f3 al igual que Carri\u00f3 (quien ahora competir\u00e1 en un mismo espacio con Macri) que para vencer al candidato oficialista era indispensable llegar a un firme acuerdo de gobernabilidad, si no con todos, contar con la mayor\u00eda de los l\u00edderes de la oposici\u00f3n.<br \/>\nSanz ven\u00eda remando con gran esfuerzo sin el est\u00edmulo de sus pares. Al contrario, algunos de ellos, en particular Pino Solanas y m\u00e1s firme que este el rafaelino Binner (que nos decepcion\u00f3 en su gesti\u00f3n de gobernador) se opon\u00edan por diferencias ideol\u00f3gicas.<br \/>\nUltimamente S\u00e1enz se sincer\u00f3 y dijo que pretende ser candidato presidencial del radicalismo, pero que de ser necesario dar\u00eda un paso al costado.<br \/>\nDe pronto, en estos d\u00edas otro mendocino, Julio Cobos, tambi\u00e9n radical y que alcanz\u00f3 notoriedad en 2008 cuando siendo vicepresidente de la Naci\u00f3n sentenci\u00f3 la resoluci\u00f3n 125 con su hist\u00f3rico voto \u201cno positivo\u201d, dejando perplejos y aturdidos a la presidenta Cristina y sus obsecuentes y aplaudidores.<br \/>\nCobos acaba de pedir la conformaci\u00f3n de un \u201cgran acuerdo pol\u00edtico opositor, sin mezquindades\u201d (tal cual lo se\u00f1al\u00e9 en anteriores comentarios) porque, agreg\u00f3, \u201cla sociedad percibe que este desaf\u00edo necesita del aporte de todos\u201d.<br \/>\nY en l\u00ednea con su comprovinciano Sanz, Cobos remarc\u00f3 la necesidad de establecer pol\u00edticas de Estado que deber\u00e1 cumplir a rajatablas, quien reciba el mandato popular para ser el nuevo presidente de la Naci\u00f3n.<br \/>\nCobos se suma as\u00ed al sensato movimiento que inici\u00f3 Sanz, que lentamente crec\u00eda y quiz\u00e1s ahora tome mayor impulso con el efecto Nisman para amasar a la hasta ahora desunida oposici\u00f3n y producir perjuicio al obstinado gobierno cristinista que no se cansa de desgobernar y desunir a los argentinos.<br \/>\nEn una carta de lectores publicada el 10 del corriente en el diario La Naci\u00f3n de Buenos Aires y firmada por Emilio Ariel Gibaja (declarado radical de pura cepa) insta a sus pares a superar la ya vieja historia de desencuentros radicales entre Yrigoyen-Alvear, Balb\u00edn-Frondizi y Frondizi-Illia. \u201cAcord\u00e9monos del Pacto de La Moncloa en Espa\u00f1a\u201d subraya el firmante de ese carta, cuyo contenido expresa el sentir de millones de argentinos, que como \u00e9l afirma hay que terminar con esta administraci\u00f3n populista y reemplazarla con otra que restablezca la divisi\u00f3n de poderes, respete la Justicia independiente, y basta de impunidad y corrupci\u00f3n; que vuelva la decencia y que pol\u00edticos suban al poder para servir al pa\u00eds y no servirse de \u00e9l, porque en la actualidad tras pocos a\u00f1os compran estancias, cuando en el pasado fund\u00edan estancias y otros capitales para acceder al poder.<br \/>\nUna alianza amplia, reiteramos, requiere de l\u00edderes despojados de mezquindades para pactar un acuerdo de gobernabilidad y fijar claras pol\u00edticas de Estado a desarrollar sin interferencias ideol\u00f3gicas.<br \/>\nLa patria lo demanda y para eso deben subir al escenario nacional gobernantes capaces y probos, que hablen menos y hagan m\u00e1s, con honestidad y que no sean elocuentes recitadores sin moral.<\/p>\n<p><strong>Fuente:<\/strong> diario La Opini\u00f3n, Rafaela, 16 de febrero de 2015.<\/p>\n","protected":false},"excerpt":{"rendered":"<p>Por Emilio J. Grande.- Hace varios meses que el mendocino Ernesto Sanz, con convicci\u00f3n, comenz\u00f3 el prop\u00f3sito de unir fuerzas [&hellip;]<\/p>\n","protected":false},"author":2,"featured_media":0,"comment_status":"open","ping_status":"closed","sticky":false,"template":"","format":"standard","meta":{"site-sidebar-layout":"default","site-content-layout":"","ast-site-content-layout":"default","site-content-style":"default","site-sidebar-style":"default","ast-global-header-display":"","ast-banner-title-visibility":"","ast-main-header-display":"","ast-hfb-above-header-display":"","ast-hfb-below-header-display":"","ast-hfb-mobile-header-display":"","site-post-title":"","ast-breadcrumbs-content":"","ast-featured-img":"","footer-sml-layout":"","ast-disable-related-posts":"","theme-transparent-header-meta":"","adv-header-id-meta":"","stick-header-meta":"","header-above-stick-meta":"","header-main-stick-meta":"","header-below-stick-meta":"","astra-migrate-meta-layouts":"default","ast-page-background-enabled":"default","ast-page-background-meta":{"desktop":{"background-color":"var(--ast-global-color-4)","background-image":"","background-repeat":"repeat","background-position":"center center","background-size":"auto","background-attachment":"scroll","background-type":"","background-media":"","overlay-type":"","overlay-color":"","overlay-opacity":"","overlay-gradient":""},"tablet":{"background-color":"","background-image":"","background-repeat":"repeat","background-position":"center center","background-size":"auto","background-attachment":"scroll","background-type":"","background-media":"","overlay-type":"","overlay-color":"","overlay-opacity":"","overlay-gradient":""},"mobile":{"background-color":"","background-image":"","background-repeat":"repeat","background-position":"center center","background-size":"auto","background-attachment":"scroll","background-type":"","background-media":"","overlay-type":"","overlay-color":"","overlay-opacity":"","overlay-gradient":""}},"ast-content-background-meta":{"desktop":{"background-color":"var(--ast-global-color-5)","background-image":"","background-repeat":"repeat","background-position":"center center","background-size":"auto","background-attachment":"scroll","background-type":"","background-media":"","overlay-type":"","overlay-color":"","overlay-opacity":"","overlay-gradient":""},"tablet":{"background-color":"var(--ast-global-color-5)","background-image":"","background-repeat":"repeat","background-position":"center center","background-size":"auto","background-attachment":"scroll","background-type":"","background-media":"","overlay-type":"","overlay-color":"","overlay-opacity":"","overlay-gradient":""},"mobile":{"background-color":"var(--ast-global-color-5)","background-image":"","background-repeat":"repeat","background-position":"center center","background-size":"auto","background-attachment":"scroll","background-type":"","background-media":"","overlay-type":"","overlay-color":"","overlay-opacity":"","overlay-gradient":""}},"footnotes":""},"categories":[5],"tags":[5313],"class_list":["post-3978","post","type-post","status-publish","format-standard","hentry","category-politica","tag-proposito-de-sanz-cosecha-apoyo"],"yoast_head":"<!-- This site is optimized with the Yoast SEO plugin v23.2 - https:\/\/yoast.com\/wordpress\/plugins\/seo\/ -->\n<title>Por fin el prop\u00f3sito de Sanz cosecha apoyo - Sabado 100<\/title>\n<meta name=\"robots\" content=\"index, follow, max-snippet:-1, max-image-preview:large, max-video-preview:-1\" \/>\n<link rel=\"canonical\" href=\"https:\/\/sabado100.com.ar\/es-ar\/por-fin-el-proposito-de-sanz-cosecha-apoyo\/\" \/>\n<meta property=\"og:locale\" content=\"es_ES\" \/>\n<meta property=\"og:type\" content=\"article\" \/>\n<meta property=\"og:title\" content=\"Por fin el prop\u00f3sito de Sanz cosecha apoyo - Sabado 100\" \/>\n<meta property=\"og:description\" content=\"Por Emilio J. Grande.- Hace varios meses que el mendocino Ernesto Sanz, con convicci\u00f3n, comenz\u00f3 el prop\u00f3sito de unir fuerzas [&hellip;]\" \/>\n<meta property=\"og:url\" content=\"https:\/\/sabado100.com.ar\/es-ar\/por-fin-el-proposito-de-sanz-cosecha-apoyo\/\" \/>\n<meta property=\"og:site_name\" content=\"Sabado 100\" \/>\n<meta property=\"article:publisher\" content=\"https:\/\/www.facebook.com\/sabadocien\/\" \/>\n<meta property=\"article:published_time\" content=\"2015-02-17T13:05:43+00:00\" \/>\n<meta name=\"author\" content=\"sabado cien\" \/>\n<meta name=\"twitter:card\" content=\"summary_large_image\" \/>\n<meta name=\"twitter:label1\" content=\"Escrito por\" \/>\n\t<meta name=\"twitter:data1\" content=\"sabado cien\" \/>\n\t<meta name=\"twitter:label2\" content=\"Tiempo de lectura\" \/>\n\t<meta name=\"twitter:data2\" content=\"3 minutos\" \/>\n<script type=\"application\/ld+json\" class=\"yoast-schema-graph\">{\"@context\":\"https:\/\/schema.org\",\"@graph\":[{\"@type\":\"Article\",\"@id\":\"https:\/\/sabado100.com.ar\/es-ar\/por-fin-el-proposito-de-sanz-cosecha-apoyo\/#article\",\"isPartOf\":{\"@id\":\"https:\/\/sabado100.com.ar\/es-ar\/por-fin-el-proposito-de-sanz-cosecha-apoyo\/\"},\"author\":{\"name\":\"sabado cien\",\"@id\":\"https:\/\/sabado100.com.ar\/es-ar\/#\/schema\/person\/58e38b918ef4e44b11398f25d4684c6d\"},\"headline\":\"Por fin el prop\u00f3sito de Sanz cosecha apoyo\",\"datePublished\":\"2015-02-17T13:05:43+00:00\",\"dateModified\":\"2015-02-17T13:05:43+00:00\",\"mainEntityOfPage\":{\"@id\":\"https:\/\/sabado100.com.ar\/es-ar\/por-fin-el-proposito-de-sanz-cosecha-apoyo\/\"},\"wordCount\":592,\"commentCount\":0,\"publisher\":{\"@id\":\"https:\/\/sabado100.com.ar\/es-ar\/#organization\"},\"keywords\":[\"prop\u00f3sito de Sanz cosecha apoyo\"],\"articleSection\":[\"Pol\u00edtica\"],\"inLanguage\":\"es\",\"potentialAction\":[{\"@type\":\"CommentAction\",\"name\":\"Comment\",\"target\":[\"https:\/\/sabado100.com.ar\/es-ar\/por-fin-el-proposito-de-sanz-cosecha-apoyo\/#respond\"]}]},{\"@type\":\"WebPage\",\"@id\":\"https:\/\/sabado100.com.ar\/es-ar\/por-fin-el-proposito-de-sanz-cosecha-apoyo\/\",\"url\":\"https:\/\/sabado100.com.ar\/es-ar\/por-fin-el-proposito-de-sanz-cosecha-apoyo\/\",\"name\":\"Por fin el prop\u00f3sito de Sanz cosecha apoyo - Sabado 100\",\"isPartOf\":{\"@id\":\"https:\/\/sabado100.com.ar\/es-ar\/#website\"},\"datePublished\":\"2015-02-17T13:05:43+00:00\",\"dateModified\":\"2015-02-17T13:05:43+00:00\",\"breadcrumb\":{\"@id\":\"https:\/\/sabado100.com.ar\/es-ar\/por-fin-el-proposito-de-sanz-cosecha-apoyo\/#breadcrumb\"},\"inLanguage\":\"es\",\"potentialAction\":[{\"@type\":\"ReadAction\",\"target\":[\"https:\/\/sabado100.com.ar\/es-ar\/por-fin-el-proposito-de-sanz-cosecha-apoyo\/\"]}]},{\"@type\":\"BreadcrumbList\",\"@id\":\"https:\/\/sabado100.com.ar\/es-ar\/por-fin-el-proposito-de-sanz-cosecha-apoyo\/#breadcrumb\",\"itemListElement\":[{\"@type\":\"ListItem\",\"position\":1,\"name\":\"Portada\",\"item\":\"https:\/\/sabado100.com.ar\/es-ar\/\"},{\"@type\":\"ListItem\",\"position\":2,\"name\":\"Por fin el prop\u00f3sito de Sanz cosecha apoyo\"}]},{\"@type\":\"WebSite\",\"@id\":\"https:\/\/sabado100.com.ar\/es-ar\/#website\",\"url\":\"https:\/\/sabado100.com.ar\/es-ar\/\",\"name\":\"Sabado 100\",\"description\":\"\",\"publisher\":{\"@id\":\"https:\/\/sabado100.com.ar\/es-ar\/#organization\"},\"potentialAction\":[{\"@type\":\"SearchAction\",\"target\":{\"@type\":\"EntryPoint\",\"urlTemplate\":\"https:\/\/sabado100.com.ar\/es-ar\/?s={search_term_string}\"},\"query-input\":\"required name=search_term_string\"}],\"inLanguage\":\"es\"},{\"@type\":\"Organization\",\"@id\":\"https:\/\/sabado100.com.ar\/es-ar\/#organization\",\"name\":\"Sabado 100\",\"url\":\"https:\/\/sabado100.com.ar\/es-ar\/\",\"logo\":{\"@type\":\"ImageObject\",\"inLanguage\":\"es\",\"@id\":\"https:\/\/sabado100.com.ar\/es-ar\/#\/schema\/logo\/image\/\",\"url\":\"https:\/\/sabado100.com.ar\/es-ar\/wp-content\/uploads\/2024\/04\/logo3.jpg\",\"contentUrl\":\"https:\/\/sabado100.com.ar\/es-ar\/wp-content\/uploads\/2024\/04\/logo3.jpg\",\"width\":300,\"height\":174,\"caption\":\"Sabado 100\"},\"image\":{\"@id\":\"https:\/\/sabado100.com.ar\/es-ar\/#\/schema\/logo\/image\/\"},\"sameAs\":[\"https:\/\/www.facebook.com\/sabadocien\/\",\"https:\/\/www.instagram.com\/sabado100.com.ar\/\",\"https:\/\/www.youtube.com\/@sabado1003\"]},{\"@type\":\"Person\",\"@id\":\"https:\/\/sabado100.com.ar\/es-ar\/#\/schema\/person\/58e38b918ef4e44b11398f25d4684c6d\",\"name\":\"sabado cien\",\"image\":{\"@type\":\"ImageObject\",\"inLanguage\":\"es\",\"@id\":\"https:\/\/sabado100.com.ar\/es-ar\/#\/schema\/person\/image\/\",\"url\":\"https:\/\/sabado100.com.ar\/es-ar\/wp-content\/litespeed\/avatar\/484bccfbd493fbb703b0f1b8113dad61.jpg?ver=1787731622\",\"contentUrl\":\"https:\/\/sabado100.com.ar\/es-ar\/wp-content\/litespeed\/avatar\/484bccfbd493fbb703b0f1b8113dad61.jpg?ver=1787731622\",\"caption\":\"sabado cien\"},\"url\":\"https:\/\/sabado100.com.ar\/es-ar\/author\/sabado100\/\"}]}<\/script>\n<!-- \/ Yoast SEO plugin. -->","yoast_head_json":{"title":"Por fin el prop\u00f3sito de Sanz cosecha apoyo - Sabado 100","robots":{"index":"index","follow":"follow","max-snippet":"max-snippet:-1","max-image-preview":"max-image-preview:large","max-video-preview":"max-video-preview:-1"},"canonical":"https:\/\/sabado100.com.ar\/es-ar\/por-fin-el-proposito-de-sanz-cosecha-apoyo\/","og_locale":"es_ES","og_type":"article","og_title":"Por fin el prop\u00f3sito de Sanz cosecha apoyo - Sabado 100","og_description":"Por Emilio J. Grande.- Hace varios meses que el mendocino Ernesto Sanz, con convicci\u00f3n, comenz\u00f3 el prop\u00f3sito de unir fuerzas [&hellip;]","og_url":"https:\/\/sabado100.com.ar\/es-ar\/por-fin-el-proposito-de-sanz-cosecha-apoyo\/","og_site_name":"Sabado 100","article_publisher":"https:\/\/www.facebook.com\/sabadocien\/","article_published_time":"2015-02-17T13:05:43+00:00","author":"sabado cien","twitter_card":"summary_large_image","twitter_misc":{"Escrito por":"sabado cien","Tiempo de lectura":"3 minutos"},"schema":{"@context":"https:\/\/schema.org","@graph":[{"@type":"Article","@id":"https:\/\/sabado100.com.ar\/es-ar\/por-fin-el-proposito-de-sanz-cosecha-apoyo\/#article","isPartOf":{"@id":"https:\/\/sabado100.com.ar\/es-ar\/por-fin-el-proposito-de-sanz-cosecha-apoyo\/"},"author":{"name":"sabado cien","@id":"https:\/\/sabado100.com.ar\/es-ar\/#\/schema\/person\/58e38b918ef4e44b11398f25d4684c6d"},"headline":"Por fin el prop\u00f3sito de Sanz cosecha apoyo","datePublished":"2015-02-17T13:05:43+00:00","dateModified":"2015-02-17T13:05:43+00:00","mainEntityOfPage":{"@id":"https:\/\/sabado100.com.ar\/es-ar\/por-fin-el-proposito-de-sanz-cosecha-apoyo\/"},"wordCount":592,"commentCount":0,"publisher":{"@id":"https:\/\/sabado100.com.ar\/es-ar\/#organization"},"keywords":["prop\u00f3sito de Sanz cosecha apoyo"],"articleSection":["Pol\u00edtica"],"inLanguage":"es","potentialAction":[{"@type":"CommentAction","name":"Comment","target":["https:\/\/sabado100.com.ar\/es-ar\/por-fin-el-proposito-de-sanz-cosecha-apoyo\/#respond"]}]},{"@type":"WebPage","@id":"https:\/\/sabado100.com.ar\/es-ar\/por-fin-el-proposito-de-sanz-cosecha-apoyo\/","url":"https:\/\/sabado100.com.ar\/es-ar\/por-fin-el-proposito-de-sanz-cosecha-apoyo\/","name":"Por fin el prop\u00f3sito de Sanz cosecha apoyo - Sabado 100","isPartOf":{"@id":"https:\/\/sabado100.com.ar\/es-ar\/#website"},"datePublished":"2015-02-17T13:05:43+00:00","dateModified":"2015-02-17T13:05:43+00:00","breadcrumb":{"@id":"https:\/\/sabado100.com.ar\/es-ar\/por-fin-el-proposito-de-sanz-cosecha-apoyo\/#breadcrumb"},"inLanguage":"es","potentialAction":[{"@type":"ReadAction","target":["https:\/\/sabado100.com.ar\/es-ar\/por-fin-el-proposito-de-sanz-cosecha-apoyo\/"]}]},{"@type":"BreadcrumbList","@id":"https:\/\/sabado100.com.ar\/es-ar\/por-fin-el-proposito-de-sanz-cosecha-apoyo\/#breadcrumb","itemListElement":[{"@type":"ListItem","position":1,"name":"Portada","item":"https:\/\/sabado100.com.ar\/es-ar\/"},{"@type":"ListItem","position":2,"name":"Por fin el prop\u00f3sito de Sanz cosecha apoyo"}]},{"@type":"WebSite","@id":"https:\/\/sabado100.com.ar\/es-ar\/#website","url":"https:\/\/sabado100.com.ar\/es-ar\/","name":"Sabado 100","description":"","publisher":{"@id":"https:\/\/sabado100.com.ar\/es-ar\/#organization"},"potentialAction":[{"@type":"SearchAction","target":{"@type":"EntryPoint","urlTemplate":"https:\/\/sabado100.com.ar\/es-ar\/?s={search_term_string}"},"query-input":"required name=search_term_string"}],"inLanguage":"es"},{"@type":"Organization","@id":"https:\/\/sabado100.com.ar\/es-ar\/#organization","name":"Sabado 100","url":"https:\/\/sabado100.com.ar\/es-ar\/","logo":{"@type":"ImageObject","inLanguage":"es","@id":"https:\/\/sabado100.com.ar\/es-ar\/#\/schema\/logo\/image\/","url":"https:\/\/sabado100.com.ar\/es-ar\/wp-content\/uploads\/2024\/04\/logo3.jpg","contentUrl":"https:\/\/sabado100.com.ar\/es-ar\/wp-content\/uploads\/2024\/04\/logo3.jpg","width":300,"height":174,"caption":"Sabado 100"},"image":{"@id":"https:\/\/sabado100.com.ar\/es-ar\/#\/schema\/logo\/image\/"},"sameAs":["https:\/\/www.facebook.com\/sabadocien\/","https:\/\/www.instagram.com\/sabado100.com.ar\/","https:\/\/www.youtube.com\/@sabado1003"]},{"@type":"Person","@id":"https:\/\/sabado100.com.ar\/es-ar\/#\/schema\/person\/58e38b918ef4e44b11398f25d4684c6d","name":"sabado cien","image":{"@type":"ImageObject","inLanguage":"es","@id":"https:\/\/sabado100.com.ar\/es-ar\/#\/schema\/person\/image\/","url":"https:\/\/sabado100.com.ar\/es-ar\/wp-content\/litespeed\/avatar\/484bccfbd493fbb703b0f1b8113dad61.jpg?ver=1787731622","contentUrl":"https:\/\/sabado100.com.ar\/es-ar\/wp-content\/litespeed\/avatar\/484bccfbd493fbb703b0f1b8113dad61.jpg?ver=1787731622","caption":"sabado cien"},"url":"https:\/\/sabado100.com.ar\/es-ar\/author\/sabado100\/"}]}},"_links":{"self":[{"href":"https:\/\/sabado100.com.ar\/es-ar\/wp-json\/wp\/v2\/posts\/3978","targetHints":{"allow":["GET"]}}],"collection":[{"href":"https:\/\/sabado100.com.ar\/es-ar\/wp-json\/wp\/v2\/posts"}],"about":[{"href":"https:\/\/sabado100.com.ar\/es-ar\/wp-json\/wp\/v2\/types\/post"}],"author":[{"embeddable":true,"href":"https:\/\/sabado100.com.ar\/es-ar\/wp-json\/wp\/v2\/users\/2"}],"replies":[{"embeddable":true,"href":"https:\/\/sabado100.com.ar\/es-ar\/wp-json\/wp\/v2\/comments?post=3978"}],"version-history":[{"count":0,"href":"https:\/\/sabado100.com.ar\/es-ar\/wp-json\/wp\/v2\/posts\/3978\/revisions"}],"wp:attachment":[{"href":"https:\/\/sabado100.com.ar\/es-ar\/wp-json\/wp\/v2\/media?parent=3978"}],"wp:term":[{"taxonomy":"category","embeddable":true,"href":"https:\/\/sabado100.com.ar\/es-ar\/wp-json\/wp\/v2\/categories?post=3978"},{"taxonomy":"post_tag","embeddable":true,"href":"https:\/\/sabado100.com.ar\/es-ar\/wp-json\/wp\/v2\/tags?post=3978"}],"curies":[{"name":"wp","href":"https:\/\/api.w.org\/{rel}","templated":true}]}}