{"id":3976,"date":"2015-02-16T21:06:30","date_gmt":"2015-02-16T19:06:30","guid":{"rendered":"https:\/\/www.sabado100.com.ar\/?p=3976"},"modified":"2015-02-16T21:06:30","modified_gmt":"2015-02-16T19:06:30","slug":"el-pais-de-la-linea-nisman","status":"publish","type":"post","link":"https:\/\/sabado100.com.ar\/es-ar\/el-pais-de-la-linea-nisman\/","title":{"rendered":"El pa\u00eds de \u00abla l\u00ednea Nisman\u00bb"},"content":{"rendered":"<p><strong>Por Mar\u00eda Herminia Grande.-<\/strong> Hasta Nisman la agenda pol\u00edtica la marc\u00f3 siempre el gobierno. Las oposiciones flirteaban con el poder desde una bicicleta fija. Cuando Massa se atrevi\u00f3 a pedalear con el soporte de Lavagna y Reutemann evit\u00f3 (su triunfo) un seguro camino a la reelecci\u00f3n de la presidenta Kirchner. Esa fue una etapa. Importante, trascendente, pero una etapa al fin. Alguien que comprende muy bien la pol\u00edtica argentina me dijo una vez: \u201cA Massa le debemos que haya evitado que los choznos de Cristina nos gobiernen, pero la presidencial es otra cosa\u201d.<\/p>\n<p>El 18 de enero Nisman se convirti\u00f3 en un desafortunado opositor sin chances electorales. Mientras tanto, el gobierno de Cristina Fern\u00e1ndez de Kirchner sigue generando hechos y concretando pol\u00edticas, tanto hoy como ayer. Sucede que Nisman irrumpi\u00f3 sin vida como actor protag\u00f3nico de una realidad en la que sobran sospechas y faltan creencias.<\/p>\n<p>En Argentina apareci\u00f3 repentinamente \u201cla l\u00ednea Nisman\u201d. La presidenta deb\u00eda decidir de qu\u00e9 manera la atravesaba, \u00a1eligi\u00f3 embestirla! Esta semana habl\u00f3 al pa\u00eds dejando de ser \u201cla presidenta de los 40 millones de argentinos\u201d para ser la representante de un \u201cnosotros\u201d que no quiere saber nada con \u201cellos\u201d. No es la \u00fanica, pero su investidura la vuelve la m\u00e1s notoria.<\/p>\n<p>El 18F estalla en su silencio y se astilla en \u00e9l. Lamentablemente ni en eso podemos coincidir los argentinos. Existe un fiscal cuya muerte es dudosa y ni siquiera se coincide en la condolencia a sus deudos. El amor tambi\u00e9n se vuelve silencio cuando es franco. El dolor merece silencio cuando la injusticia lo vuelve insoportable. A la palabra debe sucederle el silencio cuando su contundencia obliga a la reflexi\u00f3n. La pol\u00edtica merece un silencio cuando no ha podido o no ha querido evitar muertes. Argentina merece, insisto, ser repensada, porque la muerte nos ronda, nos amenaza, nos salpica.<\/p>\n<p>\u00a1Tiene raz\u00f3n P\u00e9rez Esquivel cuando sostiene que a la marcha del 18 concurrir\u00e1n muchos indignos! Pero no es menos cierto que la necesidad de llegar a la verdad sobre el caso Nisman debiese ser superior a toda verdad personal.<\/p>\n<p>Pol\u00edtica en Santa Fe<\/p>\n<p>Al cierre de este an\u00e1lisis las voluntades pol\u00edticas se comenzaban a definir. Mar\u00eda Eugenia Bielsa, al estilo Chacho \u00c1lvarez, renunci\u00f3. Entre los profundos motivos para su negativa figuraba el nombre de la lista que la identificar\u00eda. Quer\u00eda algo m\u00e1s que Frente para la Victoria. Para qu\u00e9, si en su carta se identifica con el proyecto nacional de Cristina Kirchner, dado que cree es fiel representante de peronismo del 45, que s\u00ed supo tener justicia social (no se mor\u00edan los ni\u00f1os de hambre). S\u00ed supo tener independencia econ\u00f3mica (los obreros fueron clase media y a la universidad). S\u00ed supo tener soberan\u00eda pol\u00edtica (Per\u00f3n cre\u00f3 el ABC).<\/p>\n<p>Perotti-Ramos es la f\u00f3rmula en donde s\u00f3lo hubo consenso para el binomio. Para diputados provinciales los sectores tendr\u00e1n lista propia. El Frente Renovador tuvo un deslucido cierre. Massa debi\u00f3 poner a Cachi Mart\u00ednez como candidato a la intendencia en Santa Fe, dado que se sabe que no retiene votos. No es lo mismo contar los concurrentes a un acto que tener militantes fervorosos. Los de Mart\u00ednez son votos que van donde \u201clos conquistan\u201d.<\/p>\n<p>Buzzi es un hombre que no conoce de la arena pol\u00edtica y la almohada a la que obedece no siempre lo acuna bien.<\/p>\n<p>Del Sel tiene el enorme desaf\u00edo de desalojar del poder al socialismo tras ocho a\u00f1os de gobierno. Es verdad que la impericia pol\u00edtica de Binner\/Bonfatti es notoria; pero no menos cierto es que \u00a1el manejo de la billetera muchas veces mata al gal\u00e1n!<\/p>\n<p>El desaf\u00edo de Miguel Lifschitz es retener el gobierno para el socialismo, como dice la canci\u00f3n: \u201cA pesar de todo\u201d.<\/p>\n<p><strong>Fuente:<\/strong> diario El Ciudadano, Rosario, 14 febrero 2015.<\/p>\n","protected":false},"excerpt":{"rendered":"<p>Por Mar\u00eda Herminia Grande.- Hasta Nisman la agenda pol\u00edtica la marc\u00f3 siempre el gobierno. Las oposiciones flirteaban con el poder [&hellip;]<\/p>\n","protected":false},"author":2,"featured_media":0,"comment_status":"open","ping_status":"closed","sticky":false,"template":"","format":"standard","meta":{"site-sidebar-layout":"default","site-content-layout":"","ast-site-content-layout":"default","site-content-style":"default","site-sidebar-style":"default","ast-global-header-display":"","ast-banner-title-visibility":"","ast-main-header-display":"","ast-hfb-above-header-display":"","ast-hfb-below-header-display":"","ast-hfb-mobile-header-display":"","site-post-title":"","ast-breadcrumbs-content":"","ast-featured-img":"","footer-sml-layout":"","ast-disable-related-posts":"","theme-transparent-header-meta":"","adv-header-id-meta":"","stick-header-meta":"","header-above-stick-meta":"","header-main-stick-meta":"","header-below-stick-meta":"","astra-migrate-meta-layouts":"default","ast-page-background-enabled":"default","ast-page-background-meta":{"desktop":{"background-color":"var(--ast-global-color-4)","background-image":"","background-repeat":"repeat","background-position":"center center","background-size":"auto","background-attachment":"scroll","background-type":"","background-media":"","overlay-type":"","overlay-color":"","overlay-opacity":"","overlay-gradient":""},"tablet":{"background-color":"","background-image":"","background-repeat":"repeat","background-position":"center center","background-size":"auto","background-attachment":"scroll","background-type":"","background-media":"","overlay-type":"","overlay-color":"","overlay-opacity":"","overlay-gradient":""},"mobile":{"background-color":"","background-image":"","background-repeat":"repeat","background-position":"center center","background-size":"auto","background-attachment":"scroll","background-type":"","background-media":"","overlay-type":"","overlay-color":"","overlay-opacity":"","overlay-gradient":""}},"ast-content-background-meta":{"desktop":{"background-color":"var(--ast-global-color-5)","background-image":"","background-repeat":"repeat","background-position":"center center","background-size":"auto","background-attachment":"scroll","background-type":"","background-media":"","overlay-type":"","overlay-color":"","overlay-opacity":"","overlay-gradient":""},"tablet":{"background-color":"var(--ast-global-color-5)","background-image":"","background-repeat":"repeat","background-position":"center center","background-size":"auto","background-attachment":"scroll","background-type":"","background-media":"","overlay-type":"","overlay-color":"","overlay-opacity":"","overlay-gradient":""},"mobile":{"background-color":"var(--ast-global-color-5)","background-image":"","background-repeat":"repeat","background-position":"center center","background-size":"auto","background-attachment":"scroll","background-type":"","background-media":"","overlay-type":"","overlay-color":"","overlay-opacity":"","overlay-gradient":""}},"footnotes":""},"categories":[5],"tags":[5312],"class_list":["post-3976","post","type-post","status-publish","format-standard","hentry","category-politica","tag-nisman"],"yoast_head":"<!-- This site is optimized with the Yoast SEO plugin v23.2 - https:\/\/yoast.com\/wordpress\/plugins\/seo\/ -->\n<title>El pa\u00eds de &quot;la l\u00ednea Nisman&quot; - Sabado 100<\/title>\n<meta name=\"robots\" content=\"index, follow, max-snippet:-1, max-image-preview:large, max-video-preview:-1\" \/>\n<link rel=\"canonical\" href=\"https:\/\/sabado100.com.ar\/es-ar\/el-pais-de-la-linea-nisman\/\" \/>\n<meta property=\"og:locale\" content=\"es_ES\" \/>\n<meta property=\"og:type\" content=\"article\" \/>\n<meta property=\"og:title\" content=\"El pa\u00eds de &quot;la l\u00ednea Nisman&quot; - Sabado 100\" \/>\n<meta property=\"og:description\" content=\"Por Mar\u00eda Herminia Grande.- Hasta Nisman la agenda pol\u00edtica la marc\u00f3 siempre el gobierno. Las oposiciones flirteaban con el poder [&hellip;]\" \/>\n<meta property=\"og:url\" content=\"https:\/\/sabado100.com.ar\/es-ar\/el-pais-de-la-linea-nisman\/\" \/>\n<meta property=\"og:site_name\" content=\"Sabado 100\" \/>\n<meta property=\"article:publisher\" content=\"https:\/\/www.facebook.com\/sabadocien\/\" \/>\n<meta property=\"article:published_time\" content=\"2015-02-16T19:06:30+00:00\" \/>\n<meta name=\"author\" content=\"sabado cien\" \/>\n<meta name=\"twitter:card\" content=\"summary_large_image\" \/>\n<meta name=\"twitter:label1\" content=\"Escrito por\" \/>\n\t<meta name=\"twitter:data1\" content=\"sabado cien\" \/>\n\t<meta name=\"twitter:label2\" content=\"Tiempo de lectura\" \/>\n\t<meta name=\"twitter:data2\" content=\"3 minutos\" \/>\n<script type=\"application\/ld+json\" class=\"yoast-schema-graph\">{\"@context\":\"https:\/\/schema.org\",\"@graph\":[{\"@type\":\"Article\",\"@id\":\"https:\/\/sabado100.com.ar\/es-ar\/el-pais-de-la-linea-nisman\/#article\",\"isPartOf\":{\"@id\":\"https:\/\/sabado100.com.ar\/es-ar\/el-pais-de-la-linea-nisman\/\"},\"author\":{\"name\":\"sabado cien\",\"@id\":\"https:\/\/sabado100.com.ar\/es-ar\/#\/schema\/person\/58e38b918ef4e44b11398f25d4684c6d\"},\"headline\":\"El pa\u00eds de \u00abla l\u00ednea Nisman\u00bb\",\"datePublished\":\"2015-02-16T19:06:30+00:00\",\"dateModified\":\"2015-02-16T19:06:30+00:00\",\"mainEntityOfPage\":{\"@id\":\"https:\/\/sabado100.com.ar\/es-ar\/el-pais-de-la-linea-nisman\/\"},\"wordCount\":666,\"commentCount\":0,\"publisher\":{\"@id\":\"https:\/\/sabado100.com.ar\/es-ar\/#organization\"},\"keywords\":[\"Nisman\"],\"articleSection\":[\"Pol\u00edtica\"],\"inLanguage\":\"es\",\"potentialAction\":[{\"@type\":\"CommentAction\",\"name\":\"Comment\",\"target\":[\"https:\/\/sabado100.com.ar\/es-ar\/el-pais-de-la-linea-nisman\/#respond\"]}]},{\"@type\":\"WebPage\",\"@id\":\"https:\/\/sabado100.com.ar\/es-ar\/el-pais-de-la-linea-nisman\/\",\"url\":\"https:\/\/sabado100.com.ar\/es-ar\/el-pais-de-la-linea-nisman\/\",\"name\":\"El pa\u00eds de \\\"la l\u00ednea Nisman\\\" - Sabado 100\",\"isPartOf\":{\"@id\":\"https:\/\/sabado100.com.ar\/es-ar\/#website\"},\"datePublished\":\"2015-02-16T19:06:30+00:00\",\"dateModified\":\"2015-02-16T19:06:30+00:00\",\"breadcrumb\":{\"@id\":\"https:\/\/sabado100.com.ar\/es-ar\/el-pais-de-la-linea-nisman\/#breadcrumb\"},\"inLanguage\":\"es\",\"potentialAction\":[{\"@type\":\"ReadAction\",\"target\":[\"https:\/\/sabado100.com.ar\/es-ar\/el-pais-de-la-linea-nisman\/\"]}]},{\"@type\":\"BreadcrumbList\",\"@id\":\"https:\/\/sabado100.com.ar\/es-ar\/el-pais-de-la-linea-nisman\/#breadcrumb\",\"itemListElement\":[{\"@type\":\"ListItem\",\"position\":1,\"name\":\"Portada\",\"item\":\"https:\/\/sabado100.com.ar\/es-ar\/\"},{\"@type\":\"ListItem\",\"position\":2,\"name\":\"El pa\u00eds de \u00abla l\u00ednea Nisman\u00bb\"}]},{\"@type\":\"WebSite\",\"@id\":\"https:\/\/sabado100.com.ar\/es-ar\/#website\",\"url\":\"https:\/\/sabado100.com.ar\/es-ar\/\",\"name\":\"Sabado 100\",\"description\":\"\",\"publisher\":{\"@id\":\"https:\/\/sabado100.com.ar\/es-ar\/#organization\"},\"potentialAction\":[{\"@type\":\"SearchAction\",\"target\":{\"@type\":\"EntryPoint\",\"urlTemplate\":\"https:\/\/sabado100.com.ar\/es-ar\/?s={search_term_string}\"},\"query-input\":\"required name=search_term_string\"}],\"inLanguage\":\"es\"},{\"@type\":\"Organization\",\"@id\":\"https:\/\/sabado100.com.ar\/es-ar\/#organization\",\"name\":\"Sabado 100\",\"url\":\"https:\/\/sabado100.com.ar\/es-ar\/\",\"logo\":{\"@type\":\"ImageObject\",\"inLanguage\":\"es\",\"@id\":\"https:\/\/sabado100.com.ar\/es-ar\/#\/schema\/logo\/image\/\",\"url\":\"https:\/\/sabado100.com.ar\/es-ar\/wp-content\/uploads\/2024\/04\/logo3.jpg\",\"contentUrl\":\"https:\/\/sabado100.com.ar\/es-ar\/wp-content\/uploads\/2024\/04\/logo3.jpg\",\"width\":300,\"height\":174,\"caption\":\"Sabado 100\"},\"image\":{\"@id\":\"https:\/\/sabado100.com.ar\/es-ar\/#\/schema\/logo\/image\/\"},\"sameAs\":[\"https:\/\/www.facebook.com\/sabadocien\/\",\"https:\/\/www.instagram.com\/sabado100.com.ar\/\",\"https:\/\/www.youtube.com\/@sabado1003\"]},{\"@type\":\"Person\",\"@id\":\"https:\/\/sabado100.com.ar\/es-ar\/#\/schema\/person\/58e38b918ef4e44b11398f25d4684c6d\",\"name\":\"sabado cien\",\"image\":{\"@type\":\"ImageObject\",\"inLanguage\":\"es\",\"@id\":\"https:\/\/sabado100.com.ar\/es-ar\/#\/schema\/person\/image\/\",\"url\":\"https:\/\/sabado100.com.ar\/es-ar\/wp-content\/litespeed\/avatar\/484bccfbd493fbb703b0f1b8113dad61.jpg?ver=1787731622\",\"contentUrl\":\"https:\/\/sabado100.com.ar\/es-ar\/wp-content\/litespeed\/avatar\/484bccfbd493fbb703b0f1b8113dad61.jpg?ver=1787731622\",\"caption\":\"sabado cien\"},\"url\":\"https:\/\/sabado100.com.ar\/es-ar\/author\/sabado100\/\"}]}<\/script>\n<!-- \/ Yoast SEO plugin. -->","yoast_head_json":{"title":"El pa\u00eds de \"la l\u00ednea Nisman\" - Sabado 100","robots":{"index":"index","follow":"follow","max-snippet":"max-snippet:-1","max-image-preview":"max-image-preview:large","max-video-preview":"max-video-preview:-1"},"canonical":"https:\/\/sabado100.com.ar\/es-ar\/el-pais-de-la-linea-nisman\/","og_locale":"es_ES","og_type":"article","og_title":"El pa\u00eds de \"la l\u00ednea Nisman\" - Sabado 100","og_description":"Por Mar\u00eda Herminia Grande.- Hasta Nisman la agenda pol\u00edtica la marc\u00f3 siempre el gobierno. Las oposiciones flirteaban con el poder [&hellip;]","og_url":"https:\/\/sabado100.com.ar\/es-ar\/el-pais-de-la-linea-nisman\/","og_site_name":"Sabado 100","article_publisher":"https:\/\/www.facebook.com\/sabadocien\/","article_published_time":"2015-02-16T19:06:30+00:00","author":"sabado cien","twitter_card":"summary_large_image","twitter_misc":{"Escrito por":"sabado cien","Tiempo de lectura":"3 minutos"},"schema":{"@context":"https:\/\/schema.org","@graph":[{"@type":"Article","@id":"https:\/\/sabado100.com.ar\/es-ar\/el-pais-de-la-linea-nisman\/#article","isPartOf":{"@id":"https:\/\/sabado100.com.ar\/es-ar\/el-pais-de-la-linea-nisman\/"},"author":{"name":"sabado cien","@id":"https:\/\/sabado100.com.ar\/es-ar\/#\/schema\/person\/58e38b918ef4e44b11398f25d4684c6d"},"headline":"El pa\u00eds de \u00abla l\u00ednea Nisman\u00bb","datePublished":"2015-02-16T19:06:30+00:00","dateModified":"2015-02-16T19:06:30+00:00","mainEntityOfPage":{"@id":"https:\/\/sabado100.com.ar\/es-ar\/el-pais-de-la-linea-nisman\/"},"wordCount":666,"commentCount":0,"publisher":{"@id":"https:\/\/sabado100.com.ar\/es-ar\/#organization"},"keywords":["Nisman"],"articleSection":["Pol\u00edtica"],"inLanguage":"es","potentialAction":[{"@type":"CommentAction","name":"Comment","target":["https:\/\/sabado100.com.ar\/es-ar\/el-pais-de-la-linea-nisman\/#respond"]}]},{"@type":"WebPage","@id":"https:\/\/sabado100.com.ar\/es-ar\/el-pais-de-la-linea-nisman\/","url":"https:\/\/sabado100.com.ar\/es-ar\/el-pais-de-la-linea-nisman\/","name":"El pa\u00eds de \"la l\u00ednea Nisman\" - Sabado 100","isPartOf":{"@id":"https:\/\/sabado100.com.ar\/es-ar\/#website"},"datePublished":"2015-02-16T19:06:30+00:00","dateModified":"2015-02-16T19:06:30+00:00","breadcrumb":{"@id":"https:\/\/sabado100.com.ar\/es-ar\/el-pais-de-la-linea-nisman\/#breadcrumb"},"inLanguage":"es","potentialAction":[{"@type":"ReadAction","target":["https:\/\/sabado100.com.ar\/es-ar\/el-pais-de-la-linea-nisman\/"]}]},{"@type":"BreadcrumbList","@id":"https:\/\/sabado100.com.ar\/es-ar\/el-pais-de-la-linea-nisman\/#breadcrumb","itemListElement":[{"@type":"ListItem","position":1,"name":"Portada","item":"https:\/\/sabado100.com.ar\/es-ar\/"},{"@type":"ListItem","position":2,"name":"El pa\u00eds de \u00abla l\u00ednea Nisman\u00bb"}]},{"@type":"WebSite","@id":"https:\/\/sabado100.com.ar\/es-ar\/#website","url":"https:\/\/sabado100.com.ar\/es-ar\/","name":"Sabado 100","description":"","publisher":{"@id":"https:\/\/sabado100.com.ar\/es-ar\/#organization"},"potentialAction":[{"@type":"SearchAction","target":{"@type":"EntryPoint","urlTemplate":"https:\/\/sabado100.com.ar\/es-ar\/?s={search_term_string}"},"query-input":"required name=search_term_string"}],"inLanguage":"es"},{"@type":"Organization","@id":"https:\/\/sabado100.com.ar\/es-ar\/#organization","name":"Sabado 100","url":"https:\/\/sabado100.com.ar\/es-ar\/","logo":{"@type":"ImageObject","inLanguage":"es","@id":"https:\/\/sabado100.com.ar\/es-ar\/#\/schema\/logo\/image\/","url":"https:\/\/sabado100.com.ar\/es-ar\/wp-content\/uploads\/2024\/04\/logo3.jpg","contentUrl":"https:\/\/sabado100.com.ar\/es-ar\/wp-content\/uploads\/2024\/04\/logo3.jpg","width":300,"height":174,"caption":"Sabado 100"},"image":{"@id":"https:\/\/sabado100.com.ar\/es-ar\/#\/schema\/logo\/image\/"},"sameAs":["https:\/\/www.facebook.com\/sabadocien\/","https:\/\/www.instagram.com\/sabado100.com.ar\/","https:\/\/www.youtube.com\/@sabado1003"]},{"@type":"Person","@id":"https:\/\/sabado100.com.ar\/es-ar\/#\/schema\/person\/58e38b918ef4e44b11398f25d4684c6d","name":"sabado cien","image":{"@type":"ImageObject","inLanguage":"es","@id":"https:\/\/sabado100.com.ar\/es-ar\/#\/schema\/person\/image\/","url":"https:\/\/sabado100.com.ar\/es-ar\/wp-content\/litespeed\/avatar\/484bccfbd493fbb703b0f1b8113dad61.jpg?ver=1787731622","contentUrl":"https:\/\/sabado100.com.ar\/es-ar\/wp-content\/litespeed\/avatar\/484bccfbd493fbb703b0f1b8113dad61.jpg?ver=1787731622","caption":"sabado cien"},"url":"https:\/\/sabado100.com.ar\/es-ar\/author\/sabado100\/"}]}},"_links":{"self":[{"href":"https:\/\/sabado100.com.ar\/es-ar\/wp-json\/wp\/v2\/posts\/3976","targetHints":{"allow":["GET"]}}],"collection":[{"href":"https:\/\/sabado100.com.ar\/es-ar\/wp-json\/wp\/v2\/posts"}],"about":[{"href":"https:\/\/sabado100.com.ar\/es-ar\/wp-json\/wp\/v2\/types\/post"}],"author":[{"embeddable":true,"href":"https:\/\/sabado100.com.ar\/es-ar\/wp-json\/wp\/v2\/users\/2"}],"replies":[{"embeddable":true,"href":"https:\/\/sabado100.com.ar\/es-ar\/wp-json\/wp\/v2\/comments?post=3976"}],"version-history":[{"count":0,"href":"https:\/\/sabado100.com.ar\/es-ar\/wp-json\/wp\/v2\/posts\/3976\/revisions"}],"wp:attachment":[{"href":"https:\/\/sabado100.com.ar\/es-ar\/wp-json\/wp\/v2\/media?parent=3976"}],"wp:term":[{"taxonomy":"category","embeddable":true,"href":"https:\/\/sabado100.com.ar\/es-ar\/wp-json\/wp\/v2\/categories?post=3976"},{"taxonomy":"post_tag","embeddable":true,"href":"https:\/\/sabado100.com.ar\/es-ar\/wp-json\/wp\/v2\/tags?post=3976"}],"curies":[{"name":"wp","href":"https:\/\/api.w.org\/{rel}","templated":true}]}}