{"id":3972,"date":"2015-02-14T21:12:42","date_gmt":"2015-02-14T19:12:42","guid":{"rendered":"https:\/\/www.sabado100.com.ar\/?p=3972"},"modified":"2015-02-14T21:12:42","modified_gmt":"2015-02-14T19:12:42","slug":"sobre-el-caso-nisman-un-relato-casi-salvaje","status":"publish","type":"post","link":"https:\/\/sabado100.com.ar\/es-ar\/sobre-el-caso-nisman-un-relato-casi-salvaje\/","title":{"rendered":"Sobre el caso Nisman: un relato casi salvaje"},"content":{"rendered":"<p><strong>Por Rodolfo F. Zehnder.-<\/strong> A veces la distancia \u2013como el dolor- aclara la mirada. Estaba en el exterior cuando ocurri\u00f3 el desgraciado hecho de la muerte del fiscal Nisman.<br \/>\nEl impacto, tanto en Estados Unidos como en varios pa\u00edses europeos y latinoamericanos, fue realmente importante. Quiz\u00e1 sin demasiada repercusi\u00f3n para el ciudadano com\u00fan, fue ciertamente \u2013y sigue si\u00e9ndolo- tema obligado en los c\u00edrculos acad\u00e9micos, pol\u00edticos y period\u00edsticos que tuve la suerte de frecuentar por esos d\u00edas.<br \/>\nLa imagen del pa\u00eds en el exterior \u2013duele decirlo y uno no termina de aceptarlo- no puede ser peor. La credibilidad, cero. Para algunos, Argentina est\u00e1 alcanzando los l\u00edmites de una \u201crepubliqueta\u201d, t\u00e9rmino peyorativo para referirse a aquellos pa\u00edses que, bajo una apariencia republicana, no cumplen suficientemente con sus requisitos b\u00e1sicos. Si no hay divisi\u00f3n de poderes, porque un Poder Ejecutivo hace pr\u00e1cticamente lo que quiere, avasallando la independencia del Poder Judicial y convirtiendo al legislativo en un simple refrendador \u2013a-cr\u00edtico- de actos gubernamentales, sean cuales fueren (por ejemplo, el acuerdo con Ir\u00e1n, inconstitucional  por donde lo miren, y yerro absoluto de alcance geopol\u00edtico planetario), mal puede hablarse de rep\u00fablica. Si no hay responsabilidad de los funcionarios, porque el juicio pol\u00edtico es un f\u00f3sil prediluviano que nunca se aplica y en definitiva gana la batalla la impunidad, mal puede hablarse de rep\u00fablica. Si no hay publicidad de los actos de gobierno, porque existen diplomacias paralelas y negociaciones subterr\u00e1neas (contrariando, de paso, el informe 2009 de la Comisi\u00f3n Interamericana de Derechos Humanos), mal puede hablarse de rep\u00fablica. Si no hay verdadera soberan\u00eda del pueblo, porque la misma no se agota en el mero acto de votar sino que se ejerce cada vez que los gobernantes traicionan a sus mandantes, mal puede hablarse de rep\u00fablica. Ni de democracia, claro, cualquiera sea el concepto \u2013lato o restringido- que tengamos de ella.<br \/>\nLos c\u00edrculos a los que hac\u00eda referencia, y que me miran con ojos de absoluta incredulidad, no exenta de reproche y fastidio, no alcanzan a entender qu\u00e9 le pasa a Argentina. Enseguida les algo al cruce: no lo entendemos nosotros mismos. Con tantos valores subyacentes, con tantos que han hecho grande a este pa\u00eds, uno no acierta a comprender por qu\u00e9 oscuros mecanismos, por qu\u00e9 hier\u00e1ticas venas, se nos va escapando la ilusi\u00f3n de un pa\u00eds respetado en el mundo. Como alguna vez lo fue, por otra parte.<br \/>\n\u201cLa verg\u00fcenza de haber sido y el dolor de ya no ser\u201d, como dice el tango, encierra un sentido cr\u00edtico. Marchamos por el mundo avergonzados de nuestro presente, memoriosos de un pasado m\u00e1s ilustre, y con el dolor de habernos quedado a mitad de camino dejando a nuestros descendientes un legado inconcluso y pleno de incertidumbre. Es verg\u00fcenza por tener conciencia de lo que se fue, de lo que pudo haber sido en el futuro, de lo que pudo legarse a nuestros hijos. Y esa carencia de futuro, ese mea culpa que algunos todav\u00eda \u2013escondidos tras sus cargos y su poder y presos de sus ambiciones electoralistas- no se animan a formular, no puede sino provocar dolor, desasosiego.<br \/>\nRecelo, temor y desconfianza son los sustantivos que marcan nuestra impronta de hoy. Unidos en el espanto, como dir\u00eda Borges. Y el problema no es que los dem\u00e1s desconf\u00edan de nosotros: el problema es que desconfiamos de nosotros mismos.<br \/>\nEst\u00e1 la esperanza, claro. No hay males infinitos, ni verdades que permanezcan ocultas sine die. Pero una cosa es descorrer el velo a medias, con apariencia de b\u00fasqueda de  verdad y justicia, y otra ir al meollo, al coraz\u00f3n de los problemas y solucionarlos definitivamente (aun con la provisoriedad propia de la naturaleza humana).<br \/>\nLa tentaci\u00f3n de echarle la culpa a otros \u2013l\u00e9ase el \u201cImperio\u201d, \u201cla sinarqu\u00eda internacional\u201d, \u201clos fondos buitres\u201d- , en adolescente e irracional actitud, ha quedado sepultada con este hecho macabro, del que s\u00f3lo nosotros \u2013por desidia, traici\u00f3n o lo que fuere- somos responsables. Cierto es que algunos son  mucho m\u00e1s responsables que otros, y seguramente que Ud. amigo lector. Al que le quepa el sayo que se lo ponga, y quien quiera entender que entienda.<br \/>\n\u201cCosas veredes amigo Sancho que far\u00e1n fablar las piedras\u201d, dec\u00eda Don Quijote a su disc\u00edpulo; expresi\u00f3n que probablemente quepa atribuirle al romancero derivado del Cantar de Mio Cid, cuando Alfonso VI le dice a Rodrigo D\u00edaz de Vivar, cuando \u00e9ste le propone conquistar Cuenca: \u201cCosas tenedes, Cid, que far\u00e1n fablar las piedras\u201d. La expresi\u00f3n, cualquiera sea su origen, hace referencia a la perplejidad que nos invade al ver algunas de las cosas que ocurren a nuestro alrededor, porque \u00edntimamente pens\u00e1bamos que de ellas estar\u00edamos exentos.<br \/>\nPero algo dir\u00e9 de positivo. Si este hecho despreciable nos causa perplejidad, estupor, dolor, desconcierto e impotencia, es porque Argentina \u2013a pesar de todo y de ciertas p\u00e1ginas oscuras de su historia- tiene larga tradici\u00f3n y ganada reputaci\u00f3n en la defensa de ciertos valores que, en otras latitudes, brillan por una ancestral ausencia.  Si \u201cla muerte de cada hombre me disminuye porque estoy involucrado en la humanidad\u201d, como dec\u00eda el poeta John Donne (1572-1631) es porque, a la mayor\u00eda de nosotros, y mal que mal, no nos resulta indiferente ni la muerte, ni el crimen, ni la corrupci\u00f3n, ni el fracaso como comunidad.<br \/>\nValga esto de  consuelo. Pobre, lacerado y manchado con sangre, pero consuelo al fin.<\/p>\n","protected":false},"excerpt":{"rendered":"<p>Por Rodolfo F. Zehnder.- A veces la distancia \u2013como el dolor- aclara la mirada. Estaba en el exterior cuando ocurri\u00f3 [&hellip;]<\/p>\n","protected":false},"author":2,"featured_media":0,"comment_status":"open","ping_status":"closed","sticky":false,"template":"","format":"standard","meta":{"site-sidebar-layout":"default","site-content-layout":"","ast-site-content-layout":"default","site-content-style":"default","site-sidebar-style":"default","ast-global-header-display":"","ast-banner-title-visibility":"","ast-main-header-display":"","ast-hfb-above-header-display":"","ast-hfb-below-header-display":"","ast-hfb-mobile-header-display":"","site-post-title":"","ast-breadcrumbs-content":"","ast-featured-img":"","footer-sml-layout":"","ast-disable-related-posts":"","theme-transparent-header-meta":"","adv-header-id-meta":"","stick-header-meta":"","header-above-stick-meta":"","header-main-stick-meta":"","header-below-stick-meta":"","astra-migrate-meta-layouts":"default","ast-page-background-enabled":"default","ast-page-background-meta":{"desktop":{"background-color":"var(--ast-global-color-4)","background-image":"","background-repeat":"repeat","background-position":"center center","background-size":"auto","background-attachment":"scroll","background-type":"","background-media":"","overlay-type":"","overlay-color":"","overlay-opacity":"","overlay-gradient":""},"tablet":{"background-color":"","background-image":"","background-repeat":"repeat","background-position":"center center","background-size":"auto","background-attachment":"scroll","background-type":"","background-media":"","overlay-type":"","overlay-color":"","overlay-opacity":"","overlay-gradient":""},"mobile":{"background-color":"","background-image":"","background-repeat":"repeat","background-position":"center center","background-size":"auto","background-attachment":"scroll","background-type":"","background-media":"","overlay-type":"","overlay-color":"","overlay-opacity":"","overlay-gradient":""}},"ast-content-background-meta":{"desktop":{"background-color":"var(--ast-global-color-5)","background-image":"","background-repeat":"repeat","background-position":"center center","background-size":"auto","background-attachment":"scroll","background-type":"","background-media":"","overlay-type":"","overlay-color":"","overlay-opacity":"","overlay-gradient":""},"tablet":{"background-color":"var(--ast-global-color-5)","background-image":"","background-repeat":"repeat","background-position":"center center","background-size":"auto","background-attachment":"scroll","background-type":"","background-media":"","overlay-type":"","overlay-color":"","overlay-opacity":"","overlay-gradient":""},"mobile":{"background-color":"var(--ast-global-color-5)","background-image":"","background-repeat":"repeat","background-position":"center center","background-size":"auto","background-attachment":"scroll","background-type":"","background-media":"","overlay-type":"","overlay-color":"","overlay-opacity":"","overlay-gradient":""}},"footnotes":""},"categories":[4,5],"tags":[5310],"class_list":["post-3972","post","type-post","status-publish","format-standard","hentry","category-cultura-y-sociedad","category-politica","tag-nisman-un-relato-casi-salvaje"],"yoast_head":"<!-- This site is optimized with the Yoast SEO plugin v23.2 - https:\/\/yoast.com\/wordpress\/plugins\/seo\/ -->\n<title>Sobre el caso Nisman: un relato casi salvaje - Sabado 100<\/title>\n<meta name=\"robots\" content=\"index, follow, max-snippet:-1, max-image-preview:large, max-video-preview:-1\" \/>\n<link rel=\"canonical\" href=\"https:\/\/sabado100.com.ar\/es-ar\/sobre-el-caso-nisman-un-relato-casi-salvaje\/\" \/>\n<meta property=\"og:locale\" content=\"es_ES\" \/>\n<meta property=\"og:type\" content=\"article\" \/>\n<meta property=\"og:title\" content=\"Sobre el caso Nisman: un relato casi salvaje - Sabado 100\" \/>\n<meta property=\"og:description\" content=\"Por Rodolfo F. Zehnder.- A veces la distancia \u2013como el dolor- aclara la mirada. Estaba en el exterior cuando ocurri\u00f3 [&hellip;]\" \/>\n<meta property=\"og:url\" content=\"https:\/\/sabado100.com.ar\/es-ar\/sobre-el-caso-nisman-un-relato-casi-salvaje\/\" \/>\n<meta property=\"og:site_name\" content=\"Sabado 100\" \/>\n<meta property=\"article:publisher\" content=\"https:\/\/www.facebook.com\/sabadocien\/\" \/>\n<meta property=\"article:published_time\" content=\"2015-02-14T19:12:42+00:00\" \/>\n<meta name=\"author\" content=\"sabado cien\" \/>\n<meta name=\"twitter:card\" content=\"summary_large_image\" \/>\n<meta name=\"twitter:label1\" content=\"Escrito por\" \/>\n\t<meta name=\"twitter:data1\" content=\"sabado cien\" \/>\n\t<meta name=\"twitter:label2\" content=\"Tiempo de lectura\" \/>\n\t<meta name=\"twitter:data2\" content=\"5 minutos\" \/>\n<script type=\"application\/ld+json\" class=\"yoast-schema-graph\">{\"@context\":\"https:\/\/schema.org\",\"@graph\":[{\"@type\":\"Article\",\"@id\":\"https:\/\/sabado100.com.ar\/es-ar\/sobre-el-caso-nisman-un-relato-casi-salvaje\/#article\",\"isPartOf\":{\"@id\":\"https:\/\/sabado100.com.ar\/es-ar\/sobre-el-caso-nisman-un-relato-casi-salvaje\/\"},\"author\":{\"name\":\"sabado cien\",\"@id\":\"https:\/\/sabado100.com.ar\/es-ar\/#\/schema\/person\/58e38b918ef4e44b11398f25d4684c6d\"},\"headline\":\"Sobre el caso Nisman: un relato casi salvaje\",\"datePublished\":\"2015-02-14T19:12:42+00:00\",\"dateModified\":\"2015-02-14T19:12:42+00:00\",\"mainEntityOfPage\":{\"@id\":\"https:\/\/sabado100.com.ar\/es-ar\/sobre-el-caso-nisman-un-relato-casi-salvaje\/\"},\"wordCount\":953,\"commentCount\":0,\"publisher\":{\"@id\":\"https:\/\/sabado100.com.ar\/es-ar\/#organization\"},\"keywords\":[\"Nisman: un relato casi salvaje\"],\"articleSection\":[\"Cultura y Sociedad\",\"Pol\u00edtica\"],\"inLanguage\":\"es\",\"potentialAction\":[{\"@type\":\"CommentAction\",\"name\":\"Comment\",\"target\":[\"https:\/\/sabado100.com.ar\/es-ar\/sobre-el-caso-nisman-un-relato-casi-salvaje\/#respond\"]}]},{\"@type\":\"WebPage\",\"@id\":\"https:\/\/sabado100.com.ar\/es-ar\/sobre-el-caso-nisman-un-relato-casi-salvaje\/\",\"url\":\"https:\/\/sabado100.com.ar\/es-ar\/sobre-el-caso-nisman-un-relato-casi-salvaje\/\",\"name\":\"Sobre el caso Nisman: un relato casi salvaje - Sabado 100\",\"isPartOf\":{\"@id\":\"https:\/\/sabado100.com.ar\/es-ar\/#website\"},\"datePublished\":\"2015-02-14T19:12:42+00:00\",\"dateModified\":\"2015-02-14T19:12:42+00:00\",\"breadcrumb\":{\"@id\":\"https:\/\/sabado100.com.ar\/es-ar\/sobre-el-caso-nisman-un-relato-casi-salvaje\/#breadcrumb\"},\"inLanguage\":\"es\",\"potentialAction\":[{\"@type\":\"ReadAction\",\"target\":[\"https:\/\/sabado100.com.ar\/es-ar\/sobre-el-caso-nisman-un-relato-casi-salvaje\/\"]}]},{\"@type\":\"BreadcrumbList\",\"@id\":\"https:\/\/sabado100.com.ar\/es-ar\/sobre-el-caso-nisman-un-relato-casi-salvaje\/#breadcrumb\",\"itemListElement\":[{\"@type\":\"ListItem\",\"position\":1,\"name\":\"Portada\",\"item\":\"https:\/\/sabado100.com.ar\/es-ar\/\"},{\"@type\":\"ListItem\",\"position\":2,\"name\":\"Sobre el caso Nisman: un relato casi salvaje\"}]},{\"@type\":\"WebSite\",\"@id\":\"https:\/\/sabado100.com.ar\/es-ar\/#website\",\"url\":\"https:\/\/sabado100.com.ar\/es-ar\/\",\"name\":\"Sabado 100\",\"description\":\"\",\"publisher\":{\"@id\":\"https:\/\/sabado100.com.ar\/es-ar\/#organization\"},\"potentialAction\":[{\"@type\":\"SearchAction\",\"target\":{\"@type\":\"EntryPoint\",\"urlTemplate\":\"https:\/\/sabado100.com.ar\/es-ar\/?s={search_term_string}\"},\"query-input\":\"required name=search_term_string\"}],\"inLanguage\":\"es\"},{\"@type\":\"Organization\",\"@id\":\"https:\/\/sabado100.com.ar\/es-ar\/#organization\",\"name\":\"Sabado 100\",\"url\":\"https:\/\/sabado100.com.ar\/es-ar\/\",\"logo\":{\"@type\":\"ImageObject\",\"inLanguage\":\"es\",\"@id\":\"https:\/\/sabado100.com.ar\/es-ar\/#\/schema\/logo\/image\/\",\"url\":\"https:\/\/sabado100.com.ar\/es-ar\/wp-content\/uploads\/2024\/04\/logo3.jpg\",\"contentUrl\":\"https:\/\/sabado100.com.ar\/es-ar\/wp-content\/uploads\/2024\/04\/logo3.jpg\",\"width\":300,\"height\":174,\"caption\":\"Sabado 100\"},\"image\":{\"@id\":\"https:\/\/sabado100.com.ar\/es-ar\/#\/schema\/logo\/image\/\"},\"sameAs\":[\"https:\/\/www.facebook.com\/sabadocien\/\",\"https:\/\/www.instagram.com\/sabado100.com.ar\/\",\"https:\/\/www.youtube.com\/@sabado1003\"]},{\"@type\":\"Person\",\"@id\":\"https:\/\/sabado100.com.ar\/es-ar\/#\/schema\/person\/58e38b918ef4e44b11398f25d4684c6d\",\"name\":\"sabado cien\",\"image\":{\"@type\":\"ImageObject\",\"inLanguage\":\"es\",\"@id\":\"https:\/\/sabado100.com.ar\/es-ar\/#\/schema\/person\/image\/\",\"url\":\"https:\/\/sabado100.com.ar\/es-ar\/wp-content\/litespeed\/avatar\/484bccfbd493fbb703b0f1b8113dad61.jpg?ver=1787731622\",\"contentUrl\":\"https:\/\/sabado100.com.ar\/es-ar\/wp-content\/litespeed\/avatar\/484bccfbd493fbb703b0f1b8113dad61.jpg?ver=1787731622\",\"caption\":\"sabado cien\"},\"url\":\"https:\/\/sabado100.com.ar\/es-ar\/author\/sabado100\/\"}]}<\/script>\n<!-- \/ Yoast SEO plugin. -->","yoast_head_json":{"title":"Sobre el caso Nisman: un relato casi salvaje - Sabado 100","robots":{"index":"index","follow":"follow","max-snippet":"max-snippet:-1","max-image-preview":"max-image-preview:large","max-video-preview":"max-video-preview:-1"},"canonical":"https:\/\/sabado100.com.ar\/es-ar\/sobre-el-caso-nisman-un-relato-casi-salvaje\/","og_locale":"es_ES","og_type":"article","og_title":"Sobre el caso Nisman: un relato casi salvaje - Sabado 100","og_description":"Por Rodolfo F. Zehnder.- A veces la distancia \u2013como el dolor- aclara la mirada. Estaba en el exterior cuando ocurri\u00f3 [&hellip;]","og_url":"https:\/\/sabado100.com.ar\/es-ar\/sobre-el-caso-nisman-un-relato-casi-salvaje\/","og_site_name":"Sabado 100","article_publisher":"https:\/\/www.facebook.com\/sabadocien\/","article_published_time":"2015-02-14T19:12:42+00:00","author":"sabado cien","twitter_card":"summary_large_image","twitter_misc":{"Escrito por":"sabado cien","Tiempo de lectura":"5 minutos"},"schema":{"@context":"https:\/\/schema.org","@graph":[{"@type":"Article","@id":"https:\/\/sabado100.com.ar\/es-ar\/sobre-el-caso-nisman-un-relato-casi-salvaje\/#article","isPartOf":{"@id":"https:\/\/sabado100.com.ar\/es-ar\/sobre-el-caso-nisman-un-relato-casi-salvaje\/"},"author":{"name":"sabado cien","@id":"https:\/\/sabado100.com.ar\/es-ar\/#\/schema\/person\/58e38b918ef4e44b11398f25d4684c6d"},"headline":"Sobre el caso Nisman: un relato casi salvaje","datePublished":"2015-02-14T19:12:42+00:00","dateModified":"2015-02-14T19:12:42+00:00","mainEntityOfPage":{"@id":"https:\/\/sabado100.com.ar\/es-ar\/sobre-el-caso-nisman-un-relato-casi-salvaje\/"},"wordCount":953,"commentCount":0,"publisher":{"@id":"https:\/\/sabado100.com.ar\/es-ar\/#organization"},"keywords":["Nisman: un relato casi salvaje"],"articleSection":["Cultura y Sociedad","Pol\u00edtica"],"inLanguage":"es","potentialAction":[{"@type":"CommentAction","name":"Comment","target":["https:\/\/sabado100.com.ar\/es-ar\/sobre-el-caso-nisman-un-relato-casi-salvaje\/#respond"]}]},{"@type":"WebPage","@id":"https:\/\/sabado100.com.ar\/es-ar\/sobre-el-caso-nisman-un-relato-casi-salvaje\/","url":"https:\/\/sabado100.com.ar\/es-ar\/sobre-el-caso-nisman-un-relato-casi-salvaje\/","name":"Sobre el caso Nisman: un relato casi salvaje - Sabado 100","isPartOf":{"@id":"https:\/\/sabado100.com.ar\/es-ar\/#website"},"datePublished":"2015-02-14T19:12:42+00:00","dateModified":"2015-02-14T19:12:42+00:00","breadcrumb":{"@id":"https:\/\/sabado100.com.ar\/es-ar\/sobre-el-caso-nisman-un-relato-casi-salvaje\/#breadcrumb"},"inLanguage":"es","potentialAction":[{"@type":"ReadAction","target":["https:\/\/sabado100.com.ar\/es-ar\/sobre-el-caso-nisman-un-relato-casi-salvaje\/"]}]},{"@type":"BreadcrumbList","@id":"https:\/\/sabado100.com.ar\/es-ar\/sobre-el-caso-nisman-un-relato-casi-salvaje\/#breadcrumb","itemListElement":[{"@type":"ListItem","position":1,"name":"Portada","item":"https:\/\/sabado100.com.ar\/es-ar\/"},{"@type":"ListItem","position":2,"name":"Sobre el caso Nisman: un relato casi salvaje"}]},{"@type":"WebSite","@id":"https:\/\/sabado100.com.ar\/es-ar\/#website","url":"https:\/\/sabado100.com.ar\/es-ar\/","name":"Sabado 100","description":"","publisher":{"@id":"https:\/\/sabado100.com.ar\/es-ar\/#organization"},"potentialAction":[{"@type":"SearchAction","target":{"@type":"EntryPoint","urlTemplate":"https:\/\/sabado100.com.ar\/es-ar\/?s={search_term_string}"},"query-input":"required name=search_term_string"}],"inLanguage":"es"},{"@type":"Organization","@id":"https:\/\/sabado100.com.ar\/es-ar\/#organization","name":"Sabado 100","url":"https:\/\/sabado100.com.ar\/es-ar\/","logo":{"@type":"ImageObject","inLanguage":"es","@id":"https:\/\/sabado100.com.ar\/es-ar\/#\/schema\/logo\/image\/","url":"https:\/\/sabado100.com.ar\/es-ar\/wp-content\/uploads\/2024\/04\/logo3.jpg","contentUrl":"https:\/\/sabado100.com.ar\/es-ar\/wp-content\/uploads\/2024\/04\/logo3.jpg","width":300,"height":174,"caption":"Sabado 100"},"image":{"@id":"https:\/\/sabado100.com.ar\/es-ar\/#\/schema\/logo\/image\/"},"sameAs":["https:\/\/www.facebook.com\/sabadocien\/","https:\/\/www.instagram.com\/sabado100.com.ar\/","https:\/\/www.youtube.com\/@sabado1003"]},{"@type":"Person","@id":"https:\/\/sabado100.com.ar\/es-ar\/#\/schema\/person\/58e38b918ef4e44b11398f25d4684c6d","name":"sabado cien","image":{"@type":"ImageObject","inLanguage":"es","@id":"https:\/\/sabado100.com.ar\/es-ar\/#\/schema\/person\/image\/","url":"https:\/\/sabado100.com.ar\/es-ar\/wp-content\/litespeed\/avatar\/484bccfbd493fbb703b0f1b8113dad61.jpg?ver=1787731622","contentUrl":"https:\/\/sabado100.com.ar\/es-ar\/wp-content\/litespeed\/avatar\/484bccfbd493fbb703b0f1b8113dad61.jpg?ver=1787731622","caption":"sabado cien"},"url":"https:\/\/sabado100.com.ar\/es-ar\/author\/sabado100\/"}]}},"_links":{"self":[{"href":"https:\/\/sabado100.com.ar\/es-ar\/wp-json\/wp\/v2\/posts\/3972","targetHints":{"allow":["GET"]}}],"collection":[{"href":"https:\/\/sabado100.com.ar\/es-ar\/wp-json\/wp\/v2\/posts"}],"about":[{"href":"https:\/\/sabado100.com.ar\/es-ar\/wp-json\/wp\/v2\/types\/post"}],"author":[{"embeddable":true,"href":"https:\/\/sabado100.com.ar\/es-ar\/wp-json\/wp\/v2\/users\/2"}],"replies":[{"embeddable":true,"href":"https:\/\/sabado100.com.ar\/es-ar\/wp-json\/wp\/v2\/comments?post=3972"}],"version-history":[{"count":0,"href":"https:\/\/sabado100.com.ar\/es-ar\/wp-json\/wp\/v2\/posts\/3972\/revisions"}],"wp:attachment":[{"href":"https:\/\/sabado100.com.ar\/es-ar\/wp-json\/wp\/v2\/media?parent=3972"}],"wp:term":[{"taxonomy":"category","embeddable":true,"href":"https:\/\/sabado100.com.ar\/es-ar\/wp-json\/wp\/v2\/categories?post=3972"},{"taxonomy":"post_tag","embeddable":true,"href":"https:\/\/sabado100.com.ar\/es-ar\/wp-json\/wp\/v2\/tags?post=3972"}],"curies":[{"name":"wp","href":"https:\/\/api.w.org\/{rel}","templated":true}]}}