{"id":3969,"date":"2015-02-08T16:49:11","date_gmt":"2015-02-08T14:49:11","guid":{"rendered":"https:\/\/www.sabado100.com.ar\/?p=3969"},"modified":"2015-02-08T16:49:11","modified_gmt":"2015-02-08T14:49:11","slug":"los-execrados","status":"publish","type":"post","link":"https:\/\/sabado100.com.ar\/es-ar\/los-execrados\/","title":{"rendered":"Los execrados"},"content":{"rendered":"<p><strong>Por Ad\u00e1n Costa.-<\/strong> Caseros no s\u00f3lo ha sido una dura batalla m\u00e1s en la historia argentina ocurrida en una calurosa jornada del 3 de febrero de 1852, entre las nueve de la ma\u00f1ana y las tres de la tarde, en la estancia de la familia Caseros (actualmente en terrenos del Colegio Militar de la Naci\u00f3n) situada en las afueras de la ciudad-puerto de Buenos Aires en direcci\u00f3n a su poniente. Es un punto de alt\u00edsima significatividad hist\u00f3rica, ya que involucr\u00f3 en la arena de una batalla a dos concepciones pol\u00edticas antag\u00f3nicas en disputa, no s\u00f3lo para la Argentina sino para toda Indoam\u00e9rica. Por cierto, tambi\u00e9n, a una marea humana de muerte, hierro y artiller\u00eda, que super\u00f3 largamente las cincuenta mil almas batidas en feroz combate.<br \/>\nEs trascendente que se pueda ver este sentido, puesto los ecos de estas dos concepciones pol\u00edticas y econ\u00f3micas a\u00fan llegan a nuestros d\u00edas. Por eso no es museol\u00f3gico nuestro enfoque, sino, fundamentalmente pol\u00edtico, y, desde luego, hist\u00f3rico.<br \/>\nSobre este hecho, naturalmente, han convergido las principales plumas interpretativas de la historiograf\u00eda argentina. La llamada \u201cHistoria Oficial\u201d y el \u201cRevisionismo Hist\u00f3rico\u201d. Para la Historia Oficial -la que nos ense\u00f1an en nuestros colegios primarios y secundarios y se puede advertir sencillamente con s\u00f3lo detenerse en los bustos de pr\u00f3ceres, en los nombres de las plazas y en la toponimia geogr\u00e1fica-, la victoria obtenida por el Ej\u00e9rcito Grande, clausuraba un largo per\u00edodo de \u201cguerras civiles\u201d, plantando un relato, a modo de recitado laico incuestionable, por el cual Caseros sent\u00f3 las bases para la organizaci\u00f3n y la constituci\u00f3n nacional.<br \/>\nPara la otra historia, la que no se ha ense\u00f1ado en las escuelas, Caseros, enfrent\u00f3 por un lado a las fuerzas nacionales que ten\u00edan a Juan Manuel de Rosas como su jefe; por el otro, a un ej\u00e9rcito internacional de ocupaci\u00f3n compuesto por los unitarios liberales argentinos, por los colorados uruguayos, por el Imperio del Brasil, financiado principalmente por Inglaterra, y cuyo jefe nominal fue Justo Jos\u00e9 de Urquiza (en la batalla cada facci\u00f3n hizo lo que quiso o pudo, sin coordinaci\u00f3n estrat\u00e9gica real). No hubo aqu\u00ed una batalla nacional. Fue una batalla disputada en territorio argentino pero con una dimensi\u00f3n continental. Un detalle bien olvidado, que es el bot\u00f3n de muestra de la tensi\u00f3n y protagonismo entre los jefes de este ej\u00e9rcito internacional de ocupaci\u00f3n que triunf\u00f3 en Caseros el 3 de febrero, fue la imposici\u00f3n del jefe brasilero, el marqu\u00e9s de Caxias, para que la entrada en Buenos Aires con pompa y gala para celebrar la victoria, se retrasara reci\u00e9n hasta el d\u00eda 20 de febrero, salvando el honor perdido casi treinta a\u00f1os antes por el Imperio en  la batalla de Ituzaing\u00f3 en el a\u00f1o 1826.<br \/>\nLa victoria militar de los liberales, del \u201cpartido unitario\u201d, represent\u00f3 lisa y llanamente la incorporaci\u00f3n de la Argentina a la \u201cDivisi\u00f3n Internacional del Trabajo\u201d propiciada por Gran Breta\u00f1a y la oligarqu\u00eda terrateniente porte\u00f1a con su Aduana como eje, con la cual nuestro pa\u00eds ser\u00eda para siempre un proveedor internacional de materias primas (trigo y vacas, como puede ser hoy la soja), instalando una l\u00f3gica que ha perdurado hasta nuestros d\u00edas, donde el \u00fanico destino econ\u00f3mico  para la Indoam\u00e9rica era, y lo es hoy en alguna medida, la exportaci\u00f3n de las riquezas naturales, o agrarias o mineras, la denominada primarizaci\u00f3n de la econom\u00eda.<br \/>\nY el anunciado fin de la guerra civil narrado por la historia inaugurada por don Bartolom\u00e9 Mitre, tambi\u00e9n es falso de cabo a rabo, porque precisamente eludi\u00f3 narrar su propia responsabilidad en el sanguinario exterminio de los \u00faltimos federales en los a\u00f1os venideros a Caseros, los que llevaron (lanza de por medio) a la  cabeza de un dign\u00edsimo don \u00c1ngel Vicente Pe\u00f1aloza \u201cel Chacho\u201d a la plaza de Olta, en la provincia de La Rioja. Todo tenazmente alentado por la tinta y papel del \u00abinsigne\u00bb sanjuanino Domingo Faustino Sarmiento con su ya muy reconocida frase \u201cno economice sangre de gauchos, son abono \u00fatil para nuestras tierras\u201d. Con igual suerte fue perseguida la heroica resistencia de Felipe Varela y la del valiente entrerriano Ricardo L\u00f3pez Jord\u00e1n. Todo esto, en tiempos donde se acallaban cada una de las voces divergentes, fue denunciado casi en soledad por la pluma de Jos\u00e9 Hern\u00e1ndez, el autor del Mart\u00edn Fierro. En la misma l\u00ednea, el relato oficial, suaviz\u00f3 lo que en realidad fuera un genocidio americano,  la guerra del Paraguay de 1865, que tuvo en cabeza del propio Mitre la triple condici\u00f3n: presidente de la Naci\u00f3n, jefe militar y narrador monopolista. Muchos a\u00fan hoy descreen del poder de la palabra. Los sectores contendientes en tierras guaran\u00edes, id\u00e9nticos a los de Caseros, con Inglaterra como exclusivo director de orquesta, y  la sangre indoamericana  derramada hasta la \u00faltima gota de sus varones sin limitaci\u00f3n de su edad.<br \/>\nVolviendo, para finalizar, a la batalla de Caseros, recordaremos, a un h\u00e9roe tan corajudo como olvidado, el coronel Martiniano Chilavert, aunque de origen unitario, supo ponerse a las \u00f3rdenes del ej\u00e9rcito nacional de Rosas. El historiador Adolfo Sald\u00edas as\u00ed relata parte de aquellos sucesos \u00e9picos: \u201c\u2026Haciendo fuego contra el grueso de las tropas invasoras brasile\u00f1as hasta agotar la munici\u00f3n, la \u00faltima resistencia fue la de la artiller\u00eda de Chilavert y la infanter\u00eda de D\u00edaz (tambi\u00e9n de origen unitario). Como se agotaron las municiones, mand\u00f3 recoger los proyectiles del enemigo que estaban desparramados alrededor suyo y dispar\u00f3 con \u00e9stos. Y cuando no hubo nada m\u00e1s que disparar, finalmente la infanter\u00eda brasile\u00f1a pudo avanzar y as\u00ed termin\u00f3 la batalla.  Con tan s\u00f3lo 300 artilleros soport\u00f3 por todo el tiempo que dur\u00f3 la arremetida de casi 12.000 brasile\u00f1os, hasta que la impresionante superioridad num\u00e9rica y el agotamiento de las municiones rindieron al bravo coronel. Habiendo tenido ocasi\u00f3n de escapar, permaneci\u00f3 sin embargo fumando tranquilamente al pie del \u00faltimo ca\u00f1\u00f3n, que \u00e9l mismo dispar\u00f3\u2026\u201d<br \/>\nAl ser tomado prisionero, desde el campo de Caseros fue conducido a Palermo, donde Urquiza hab\u00eda instalado su cuartel general, all\u00ed fue reconvenido por Urquiza por su \u201cdefecci\u00f3n\u201d del bando unitario, a lo que Chilavert respondi\u00f3 \u201cMil veces lo volver\u00eda a hacer\u201d, lo que desat\u00f3 la ira de Urquiza que le espet\u00f3 \u201cvaya nom\u00e1s\u2026\u201d y orden\u00f3 que se le pegaran cuatro tiros por la espalda, ejecuci\u00f3n infamante que a modo de castigo se le propinaba a los cobardes y a los traidores.  Un protagonista de aquellos sucesos relat\u00f3: \u201cRecuerdo que el hombre iba con toda tranquilidad, pues lo llevaba a mi lado. Al llegar al paraje designado, le comuniqu\u00e9 la tremenda orden que portaba. Est\u00e1 bien, me contest\u00f3, perm\u00edtame se\u00f1or oficial, reconciliarme con Dios -y dio unos cuantos pasos rezando en voz baja- hasta que pasados algunos segundos dijo: estoy pronto, se\u00f1or oficial, sac\u00f3 su reloj y pidi\u00f3 lo entregasen a su hijo; se quit\u00f3 asimismo su peque\u00f1o tirador y arroj\u00e1ndolo al suelo, manifest\u00f3 que hab\u00eda en \u00e9l algunos cigarros y un poco de dinero. Tambi\u00e9n regal\u00f3 a los soldados su poncho y sombrero, pidi\u00e9ndoles no le destrozaran la cabeza.\u201d<br \/>\nLlevado al pared\u00f3n y cuando un oficial quiso ponerlo de espaldas para cumplir las \u00f3rdenes de Urquiza, lo rechaz\u00f3 de un violento bofet\u00f3n y luego mirando fijamente al pelot\u00f3n les grit\u00f3: \u201c\u00a1tirad, tirad aqu\u00ed, que as\u00ed mueren los hombres como yo!\u201d.  El pelot\u00f3n bajo sus armas. El oficial los contuvo. Son\u00f3 un tiro y Chilavert tambale\u00f3 y su rostro se cubri\u00f3 de sangre, pero manteni\u00e9ndose de pie les repiti\u00f3 a los gritos: \u201c\u00a1tirad, tirad al pecho!\u201d. El oficial y sus soldados quisieron asegurar a la v\u00edctima y se produjo una lucha salvaje, espantosa: las bayonetas, las culatas y la espada fueron los instrumentos de martirio que finalmente vencieron a aquel le\u00f3n. Envuelto en su sangre, con la cabeza partida de un hachazo y todo su cuerpo convulsionado por la agon\u00eda, hizo a\u00fan adem\u00e1n de llevarse la mano al pecho.<br \/>\nJuan Manuel de Rosas y Martiniano Chilavert, forman parte de una larga lista de figuras que nuestra historia ha execrado, deteriorado sus im\u00e1genes p\u00fablicas, minimizados sus \u00e9xitos y agigantados sus eventuales desaciertos, o sencillamente, interpretados fuera del contexto social y pol\u00edtico en los cuales hicieron lo que hicieron. La historia puesta en revisi\u00f3n, los ha recuperado en su justa dimensi\u00f3n, y, sobre todo, ha establecido el sano criterio de emparentar una riqu\u00edsima tradici\u00f3n emancipadora, originaria, federalista y de base indoamericana o latinoamericana, que trasciende a nuestros hasta nuestros d\u00edas, e impregna el sentido y la orientaci\u00f3n de muchas de las disputas que se dan en nuestra actualidad.<\/p>\n<p>03\/02\/15<\/p>\n","protected":false},"excerpt":{"rendered":"<p>Por Ad\u00e1n Costa.- Caseros no s\u00f3lo ha sido una dura batalla m\u00e1s en la historia argentina ocurrida en una calurosa [&hellip;]<\/p>\n","protected":false},"author":2,"featured_media":0,"comment_status":"open","ping_status":"closed","sticky":false,"template":"","format":"standard","meta":{"site-sidebar-layout":"default","site-content-layout":"","ast-site-content-layout":"default","site-content-style":"default","site-sidebar-style":"default","ast-global-header-display":"","ast-banner-title-visibility":"","ast-main-header-display":"","ast-hfb-above-header-display":"","ast-hfb-below-header-display":"","ast-hfb-mobile-header-display":"","site-post-title":"","ast-breadcrumbs-content":"","ast-featured-img":"","footer-sml-layout":"","ast-disable-related-posts":"","theme-transparent-header-meta":"","adv-header-id-meta":"","stick-header-meta":"","header-above-stick-meta":"","header-main-stick-meta":"","header-below-stick-meta":"","astra-migrate-meta-layouts":"default","ast-page-background-enabled":"default","ast-page-background-meta":{"desktop":{"background-color":"var(--ast-global-color-4)","background-image":"","background-repeat":"repeat","background-position":"center center","background-size":"auto","background-attachment":"scroll","background-type":"","background-media":"","overlay-type":"","overlay-color":"","overlay-opacity":"","overlay-gradient":""},"tablet":{"background-color":"","background-image":"","background-repeat":"repeat","background-position":"center center","background-size":"auto","background-attachment":"scroll","background-type":"","background-media":"","overlay-type":"","overlay-color":"","overlay-opacity":"","overlay-gradient":""},"mobile":{"background-color":"","background-image":"","background-repeat":"repeat","background-position":"center center","background-size":"auto","background-attachment":"scroll","background-type":"","background-media":"","overlay-type":"","overlay-color":"","overlay-opacity":"","overlay-gradient":""}},"ast-content-background-meta":{"desktop":{"background-color":"var(--ast-global-color-5)","background-image":"","background-repeat":"repeat","background-position":"center center","background-size":"auto","background-attachment":"scroll","background-type":"","background-media":"","overlay-type":"","overlay-color":"","overlay-opacity":"","overlay-gradient":""},"tablet":{"background-color":"var(--ast-global-color-5)","background-image":"","background-repeat":"repeat","background-position":"center center","background-size":"auto","background-attachment":"scroll","background-type":"","background-media":"","overlay-type":"","overlay-color":"","overlay-opacity":"","overlay-gradient":""},"mobile":{"background-color":"var(--ast-global-color-5)","background-image":"","background-repeat":"repeat","background-position":"center center","background-size":"auto","background-attachment":"scroll","background-type":"","background-media":"","overlay-type":"","overlay-color":"","overlay-opacity":"","overlay-gradient":""}},"footnotes":""},"categories":[4,5],"tags":[5309],"class_list":["post-3969","post","type-post","status-publish","format-standard","hentry","category-cultura-y-sociedad","category-politica","tag-caseros"],"yoast_head":"<!-- This site is optimized with the Yoast SEO plugin v23.2 - https:\/\/yoast.com\/wordpress\/plugins\/seo\/ -->\n<title>Los execrados - Sabado 100<\/title>\n<meta name=\"robots\" content=\"index, follow, max-snippet:-1, max-image-preview:large, max-video-preview:-1\" \/>\n<link rel=\"canonical\" href=\"https:\/\/sabado100.com.ar\/es-ar\/los-execrados\/\" \/>\n<meta property=\"og:locale\" content=\"es_ES\" \/>\n<meta property=\"og:type\" content=\"article\" \/>\n<meta property=\"og:title\" content=\"Los execrados - Sabado 100\" \/>\n<meta property=\"og:description\" content=\"Por Ad\u00e1n Costa.- Caseros no s\u00f3lo ha sido una dura batalla m\u00e1s en la historia argentina ocurrida en una calurosa [&hellip;]\" \/>\n<meta property=\"og:url\" content=\"https:\/\/sabado100.com.ar\/es-ar\/los-execrados\/\" \/>\n<meta property=\"og:site_name\" content=\"Sabado 100\" \/>\n<meta property=\"article:publisher\" content=\"https:\/\/www.facebook.com\/sabadocien\/\" \/>\n<meta property=\"article:published_time\" content=\"2015-02-08T14:49:11+00:00\" \/>\n<meta name=\"author\" content=\"sabado cien\" \/>\n<meta name=\"twitter:card\" content=\"summary_large_image\" \/>\n<meta name=\"twitter:label1\" content=\"Escrito por\" \/>\n\t<meta name=\"twitter:data1\" content=\"sabado cien\" \/>\n\t<meta name=\"twitter:label2\" content=\"Tiempo de lectura\" \/>\n\t<meta name=\"twitter:data2\" content=\"8 minutos\" \/>\n<script type=\"application\/ld+json\" class=\"yoast-schema-graph\">{\"@context\":\"https:\/\/schema.org\",\"@graph\":[{\"@type\":\"Article\",\"@id\":\"https:\/\/sabado100.com.ar\/es-ar\/los-execrados\/#article\",\"isPartOf\":{\"@id\":\"https:\/\/sabado100.com.ar\/es-ar\/los-execrados\/\"},\"author\":{\"name\":\"sabado cien\",\"@id\":\"https:\/\/sabado100.com.ar\/es-ar\/#\/schema\/person\/58e38b918ef4e44b11398f25d4684c6d\"},\"headline\":\"Los execrados\",\"datePublished\":\"2015-02-08T14:49:11+00:00\",\"dateModified\":\"2015-02-08T14:49:11+00:00\",\"mainEntityOfPage\":{\"@id\":\"https:\/\/sabado100.com.ar\/es-ar\/los-execrados\/\"},\"wordCount\":1516,\"commentCount\":0,\"publisher\":{\"@id\":\"https:\/\/sabado100.com.ar\/es-ar\/#organization\"},\"keywords\":[\"Caseros\"],\"articleSection\":[\"Cultura y Sociedad\",\"Pol\u00edtica\"],\"inLanguage\":\"es\",\"potentialAction\":[{\"@type\":\"CommentAction\",\"name\":\"Comment\",\"target\":[\"https:\/\/sabado100.com.ar\/es-ar\/los-execrados\/#respond\"]}]},{\"@type\":\"WebPage\",\"@id\":\"https:\/\/sabado100.com.ar\/es-ar\/los-execrados\/\",\"url\":\"https:\/\/sabado100.com.ar\/es-ar\/los-execrados\/\",\"name\":\"Los execrados - Sabado 100\",\"isPartOf\":{\"@id\":\"https:\/\/sabado100.com.ar\/es-ar\/#website\"},\"datePublished\":\"2015-02-08T14:49:11+00:00\",\"dateModified\":\"2015-02-08T14:49:11+00:00\",\"breadcrumb\":{\"@id\":\"https:\/\/sabado100.com.ar\/es-ar\/los-execrados\/#breadcrumb\"},\"inLanguage\":\"es\",\"potentialAction\":[{\"@type\":\"ReadAction\",\"target\":[\"https:\/\/sabado100.com.ar\/es-ar\/los-execrados\/\"]}]},{\"@type\":\"BreadcrumbList\",\"@id\":\"https:\/\/sabado100.com.ar\/es-ar\/los-execrados\/#breadcrumb\",\"itemListElement\":[{\"@type\":\"ListItem\",\"position\":1,\"name\":\"Portada\",\"item\":\"https:\/\/sabado100.com.ar\/es-ar\/\"},{\"@type\":\"ListItem\",\"position\":2,\"name\":\"Los execrados\"}]},{\"@type\":\"WebSite\",\"@id\":\"https:\/\/sabado100.com.ar\/es-ar\/#website\",\"url\":\"https:\/\/sabado100.com.ar\/es-ar\/\",\"name\":\"Sabado 100\",\"description\":\"\",\"publisher\":{\"@id\":\"https:\/\/sabado100.com.ar\/es-ar\/#organization\"},\"potentialAction\":[{\"@type\":\"SearchAction\",\"target\":{\"@type\":\"EntryPoint\",\"urlTemplate\":\"https:\/\/sabado100.com.ar\/es-ar\/?s={search_term_string}\"},\"query-input\":\"required name=search_term_string\"}],\"inLanguage\":\"es\"},{\"@type\":\"Organization\",\"@id\":\"https:\/\/sabado100.com.ar\/es-ar\/#organization\",\"name\":\"Sabado 100\",\"url\":\"https:\/\/sabado100.com.ar\/es-ar\/\",\"logo\":{\"@type\":\"ImageObject\",\"inLanguage\":\"es\",\"@id\":\"https:\/\/sabado100.com.ar\/es-ar\/#\/schema\/logo\/image\/\",\"url\":\"https:\/\/sabado100.com.ar\/es-ar\/wp-content\/uploads\/2024\/04\/logo3.jpg\",\"contentUrl\":\"https:\/\/sabado100.com.ar\/es-ar\/wp-content\/uploads\/2024\/04\/logo3.jpg\",\"width\":300,\"height\":174,\"caption\":\"Sabado 100\"},\"image\":{\"@id\":\"https:\/\/sabado100.com.ar\/es-ar\/#\/schema\/logo\/image\/\"},\"sameAs\":[\"https:\/\/www.facebook.com\/sabadocien\/\",\"https:\/\/www.instagram.com\/sabado100.com.ar\/\",\"https:\/\/www.youtube.com\/@sabado1003\"]},{\"@type\":\"Person\",\"@id\":\"https:\/\/sabado100.com.ar\/es-ar\/#\/schema\/person\/58e38b918ef4e44b11398f25d4684c6d\",\"name\":\"sabado cien\",\"image\":{\"@type\":\"ImageObject\",\"inLanguage\":\"es\",\"@id\":\"https:\/\/sabado100.com.ar\/es-ar\/#\/schema\/person\/image\/\",\"url\":\"https:\/\/sabado100.com.ar\/es-ar\/wp-content\/litespeed\/avatar\/484bccfbd493fbb703b0f1b8113dad61.jpg?ver=1787731622\",\"contentUrl\":\"https:\/\/sabado100.com.ar\/es-ar\/wp-content\/litespeed\/avatar\/484bccfbd493fbb703b0f1b8113dad61.jpg?ver=1787731622\",\"caption\":\"sabado cien\"},\"url\":\"https:\/\/sabado100.com.ar\/es-ar\/author\/sabado100\/\"}]}<\/script>\n<!-- \/ Yoast SEO plugin. -->","yoast_head_json":{"title":"Los execrados - Sabado 100","robots":{"index":"index","follow":"follow","max-snippet":"max-snippet:-1","max-image-preview":"max-image-preview:large","max-video-preview":"max-video-preview:-1"},"canonical":"https:\/\/sabado100.com.ar\/es-ar\/los-execrados\/","og_locale":"es_ES","og_type":"article","og_title":"Los execrados - Sabado 100","og_description":"Por Ad\u00e1n Costa.- Caseros no s\u00f3lo ha sido una dura batalla m\u00e1s en la historia argentina ocurrida en una calurosa [&hellip;]","og_url":"https:\/\/sabado100.com.ar\/es-ar\/los-execrados\/","og_site_name":"Sabado 100","article_publisher":"https:\/\/www.facebook.com\/sabadocien\/","article_published_time":"2015-02-08T14:49:11+00:00","author":"sabado cien","twitter_card":"summary_large_image","twitter_misc":{"Escrito por":"sabado cien","Tiempo de lectura":"8 minutos"},"schema":{"@context":"https:\/\/schema.org","@graph":[{"@type":"Article","@id":"https:\/\/sabado100.com.ar\/es-ar\/los-execrados\/#article","isPartOf":{"@id":"https:\/\/sabado100.com.ar\/es-ar\/los-execrados\/"},"author":{"name":"sabado cien","@id":"https:\/\/sabado100.com.ar\/es-ar\/#\/schema\/person\/58e38b918ef4e44b11398f25d4684c6d"},"headline":"Los execrados","datePublished":"2015-02-08T14:49:11+00:00","dateModified":"2015-02-08T14:49:11+00:00","mainEntityOfPage":{"@id":"https:\/\/sabado100.com.ar\/es-ar\/los-execrados\/"},"wordCount":1516,"commentCount":0,"publisher":{"@id":"https:\/\/sabado100.com.ar\/es-ar\/#organization"},"keywords":["Caseros"],"articleSection":["Cultura y Sociedad","Pol\u00edtica"],"inLanguage":"es","potentialAction":[{"@type":"CommentAction","name":"Comment","target":["https:\/\/sabado100.com.ar\/es-ar\/los-execrados\/#respond"]}]},{"@type":"WebPage","@id":"https:\/\/sabado100.com.ar\/es-ar\/los-execrados\/","url":"https:\/\/sabado100.com.ar\/es-ar\/los-execrados\/","name":"Los execrados - Sabado 100","isPartOf":{"@id":"https:\/\/sabado100.com.ar\/es-ar\/#website"},"datePublished":"2015-02-08T14:49:11+00:00","dateModified":"2015-02-08T14:49:11+00:00","breadcrumb":{"@id":"https:\/\/sabado100.com.ar\/es-ar\/los-execrados\/#breadcrumb"},"inLanguage":"es","potentialAction":[{"@type":"ReadAction","target":["https:\/\/sabado100.com.ar\/es-ar\/los-execrados\/"]}]},{"@type":"BreadcrumbList","@id":"https:\/\/sabado100.com.ar\/es-ar\/los-execrados\/#breadcrumb","itemListElement":[{"@type":"ListItem","position":1,"name":"Portada","item":"https:\/\/sabado100.com.ar\/es-ar\/"},{"@type":"ListItem","position":2,"name":"Los execrados"}]},{"@type":"WebSite","@id":"https:\/\/sabado100.com.ar\/es-ar\/#website","url":"https:\/\/sabado100.com.ar\/es-ar\/","name":"Sabado 100","description":"","publisher":{"@id":"https:\/\/sabado100.com.ar\/es-ar\/#organization"},"potentialAction":[{"@type":"SearchAction","target":{"@type":"EntryPoint","urlTemplate":"https:\/\/sabado100.com.ar\/es-ar\/?s={search_term_string}"},"query-input":"required name=search_term_string"}],"inLanguage":"es"},{"@type":"Organization","@id":"https:\/\/sabado100.com.ar\/es-ar\/#organization","name":"Sabado 100","url":"https:\/\/sabado100.com.ar\/es-ar\/","logo":{"@type":"ImageObject","inLanguage":"es","@id":"https:\/\/sabado100.com.ar\/es-ar\/#\/schema\/logo\/image\/","url":"https:\/\/sabado100.com.ar\/es-ar\/wp-content\/uploads\/2024\/04\/logo3.jpg","contentUrl":"https:\/\/sabado100.com.ar\/es-ar\/wp-content\/uploads\/2024\/04\/logo3.jpg","width":300,"height":174,"caption":"Sabado 100"},"image":{"@id":"https:\/\/sabado100.com.ar\/es-ar\/#\/schema\/logo\/image\/"},"sameAs":["https:\/\/www.facebook.com\/sabadocien\/","https:\/\/www.instagram.com\/sabado100.com.ar\/","https:\/\/www.youtube.com\/@sabado1003"]},{"@type":"Person","@id":"https:\/\/sabado100.com.ar\/es-ar\/#\/schema\/person\/58e38b918ef4e44b11398f25d4684c6d","name":"sabado cien","image":{"@type":"ImageObject","inLanguage":"es","@id":"https:\/\/sabado100.com.ar\/es-ar\/#\/schema\/person\/image\/","url":"https:\/\/sabado100.com.ar\/es-ar\/wp-content\/litespeed\/avatar\/484bccfbd493fbb703b0f1b8113dad61.jpg?ver=1787731622","contentUrl":"https:\/\/sabado100.com.ar\/es-ar\/wp-content\/litespeed\/avatar\/484bccfbd493fbb703b0f1b8113dad61.jpg?ver=1787731622","caption":"sabado cien"},"url":"https:\/\/sabado100.com.ar\/es-ar\/author\/sabado100\/"}]}},"_links":{"self":[{"href":"https:\/\/sabado100.com.ar\/es-ar\/wp-json\/wp\/v2\/posts\/3969","targetHints":{"allow":["GET"]}}],"collection":[{"href":"https:\/\/sabado100.com.ar\/es-ar\/wp-json\/wp\/v2\/posts"}],"about":[{"href":"https:\/\/sabado100.com.ar\/es-ar\/wp-json\/wp\/v2\/types\/post"}],"author":[{"embeddable":true,"href":"https:\/\/sabado100.com.ar\/es-ar\/wp-json\/wp\/v2\/users\/2"}],"replies":[{"embeddable":true,"href":"https:\/\/sabado100.com.ar\/es-ar\/wp-json\/wp\/v2\/comments?post=3969"}],"version-history":[{"count":0,"href":"https:\/\/sabado100.com.ar\/es-ar\/wp-json\/wp\/v2\/posts\/3969\/revisions"}],"wp:attachment":[{"href":"https:\/\/sabado100.com.ar\/es-ar\/wp-json\/wp\/v2\/media?parent=3969"}],"wp:term":[{"taxonomy":"category","embeddable":true,"href":"https:\/\/sabado100.com.ar\/es-ar\/wp-json\/wp\/v2\/categories?post=3969"},{"taxonomy":"post_tag","embeddable":true,"href":"https:\/\/sabado100.com.ar\/es-ar\/wp-json\/wp\/v2\/tags?post=3969"}],"curies":[{"name":"wp","href":"https:\/\/api.w.org\/{rel}","templated":true}]}}