{"id":3967,"date":"2015-02-03T22:09:42","date_gmt":"2015-02-03T20:09:42","guid":{"rendered":"https:\/\/www.sabado100.com.ar\/?p=3967"},"modified":"2015-02-03T22:09:42","modified_gmt":"2015-02-03T20:09:42","slug":"la-realidad-nunca-supera-la-ficcion","status":"publish","type":"post","link":"https:\/\/sabado100.com.ar\/es-ar\/la-realidad-nunca-supera-la-ficcion\/","title":{"rendered":"La realidad nunca supera la ficci\u00f3n"},"content":{"rendered":"<p><strong>Por Mar\u00eda Herminia Grande.-<\/strong> Si Argentina en los \u00faltimos largos tiempos viv\u00eda en estado de sospecha, luego de la muerte del fiscal Nisman much\u00edsimo m\u00e1s. Con el agravante de la dislocaci\u00f3n de funciones. Quien debe conducir y pacificar, juzga e irrita. Quien debe investigar, comenta. Quien debe esclarecer, oscurece. \u00a1Lo peor de todo es la opini\u00f3n generalizada de una sociedad que siente no llegar\u00e1 nunca a conocer la verdad!<br \/>\nComo nunca el caso Nisman puso sobre la mesa la debilidad del esqueleto institucional argentino. Francia sufri\u00f3 un atentado terrorista y hubo un pueblo entero que reaccion\u00f3 y un gobierno que debi\u00f3 acompa\u00f1ar semejante reacci\u00f3n. El pueblo argentino ante el caso Nisman tuvo sorpresa, estupor y muy poca reacci\u00f3n. Algunos dicen que es por miedo. Creo que falta apego al compromiso ciudadano. En cuanto al gobierno, es decir la Presidente, deshonr\u00f3 con su actitud el cargo para lo cual la mayor\u00eda de los argentinos la designaron y confiaron. La presidente Kirchner una vez m\u00e1s llega tarde y mal al abordaje de los problemas que su Naci\u00f3n transita. Especialmente \u00e9ste, donde muere un fiscal que la hab\u00eda acusado de traicionar a la Patria en las v\u00edsperas de fundamentar en el Congreso de la Naci\u00f3n tal imputaci\u00f3n.<br \/>\nCuando ocurren hechos de esta magnitud todo se aletarga salvo la r\u00e1pida b\u00fasqueda de culpables que resuelvan el problema de cada actor. Poco importa el camino de la verdad y la justicia. Manoseando a la verdad y la justicia, distorsion\u00e1ndolas s\u00f3lo se permanece en el estadio, cuanto menos, de la duda hiriente de la desconfianza. La Presidenta debi\u00f3 haber convocado r\u00e1pidamente a las oposiciones. R\u00e1pidamente debi\u00f3 tambi\u00e9n hablar al pa\u00eds. R\u00e1pidamente debi\u00f3 expresar sus sentidas condolencias. R\u00e1pidamente debi\u00f3 reunir a su gabinete, abrir el congreso, reunirse junto a \u00e9ste con la Corte Suprema de Justicia. La Presidenta est\u00e1 quebrada de \u00e1nimo, de reacci\u00f3n, de voluntad y llena de soledad.<br \/>\nEn cuanto a las oposiciones perdieron una posibilidad hist\u00f3rica de mostrarse distintos (si en realidad lo son), junt\u00e1ndose, hablando, consensuando. No esperando que el otro muestre primero su juego para luego (coach) mediante poner cara de circunstancia y expresarse.<br \/>\nEl Fiscal Julio Cesar Strassera me dijo algo tremendo para una Rep\u00fablica: \u201cten\u00eda la sospecha que robaban ahora tengo la sospecha que asesinan\u201d.<br \/>\nUn Fiscal muri\u00f3 con su verdad, verdad que pertenec\u00eda a todos. \u00a1Absolutamente de todos depende que la Rep\u00fablica no muera asfixiada por tantas verdades asesinadas!<br \/>\nArgentina necesita poner fin a la muerte como herramienta de negocios espurios. En definitiva, toda la larga lista de asesinatos son \u201cajustes de cuentas\u201d. Triste historia reciente la de nuestra Argentina atrapada por corruptos y narcos.<\/p>\n<p><strong>Politica en Santa Fe<\/strong><br \/>\nLuego de una reuni\u00f3n de tres donde el senador Lifschitz estuvo a punto de nocaut en su carrera a la gobernaci\u00f3n de Santa Fe present\u00f3 su f\u00f3rmula esta semana rodeado de Hermes Binner y Antonio Bonfatti, nunca mejor aplicado aquel dicho que dice \u201clo que no mata fortalece\u201d. En dicha presentaci\u00f3n aludi\u00f3 a un justicialismo ausente(al cierre de este an\u00e1lisis el oficialismo del PJ dispone de un solo candidato a gobernador Leandro Busatto); y alert\u00f3 sobre el peligro del PRO y el monje negro (nunca dijo Juan Carlos Mercier) que manejar\u00eda a Del Sel. Entiendo que de esta forma Lifschitz atiende a un Del Sel favorecido por las encuestas y a Reutemann por las dudas. En cuanto al primer aludido me dijo: \u201c\u00a1yo camino con mis propuestas dej\u00e1ndome acompa\u00f1ar por los que saben. Preparando las respuestas para una provincia que est\u00e1 llena de urgencias!\u201d.Por su parte, el senador Carlos Reutemann, dijo como al pasar \u201cel Frente Progresista tiene en Santa Fe con la inseguridad y el narcotr\u00e1fico una mancha negra\u201d.<\/p>\n<p>www.mariaherminia.com.ar<\/p>\n","protected":false},"excerpt":{"rendered":"<p>Por Mar\u00eda Herminia Grande.- Si Argentina en los \u00faltimos largos tiempos viv\u00eda en estado de sospecha, luego de la muerte [&hellip;]<\/p>\n","protected":false},"author":2,"featured_media":0,"comment_status":"open","ping_status":"closed","sticky":false,"template":"","format":"standard","meta":{"site-sidebar-layout":"default","site-content-layout":"","ast-site-content-layout":"default","site-content-style":"default","site-sidebar-style":"default","ast-global-header-display":"","ast-banner-title-visibility":"","ast-main-header-display":"","ast-hfb-above-header-display":"","ast-hfb-below-header-display":"","ast-hfb-mobile-header-display":"","site-post-title":"","ast-breadcrumbs-content":"","ast-featured-img":"","footer-sml-layout":"","ast-disable-related-posts":"","theme-transparent-header-meta":"","adv-header-id-meta":"","stick-header-meta":"","header-above-stick-meta":"","header-main-stick-meta":"","header-below-stick-meta":"","astra-migrate-meta-layouts":"default","ast-page-background-enabled":"default","ast-page-background-meta":{"desktop":{"background-color":"var(--ast-global-color-4)","background-image":"","background-repeat":"repeat","background-position":"center center","background-size":"auto","background-attachment":"scroll","background-type":"","background-media":"","overlay-type":"","overlay-color":"","overlay-opacity":"","overlay-gradient":""},"tablet":{"background-color":"","background-image":"","background-repeat":"repeat","background-position":"center center","background-size":"auto","background-attachment":"scroll","background-type":"","background-media":"","overlay-type":"","overlay-color":"","overlay-opacity":"","overlay-gradient":""},"mobile":{"background-color":"","background-image":"","background-repeat":"repeat","background-position":"center center","background-size":"auto","background-attachment":"scroll","background-type":"","background-media":"","overlay-type":"","overlay-color":"","overlay-opacity":"","overlay-gradient":""}},"ast-content-background-meta":{"desktop":{"background-color":"var(--ast-global-color-5)","background-image":"","background-repeat":"repeat","background-position":"center center","background-size":"auto","background-attachment":"scroll","background-type":"","background-media":"","overlay-type":"","overlay-color":"","overlay-opacity":"","overlay-gradient":""},"tablet":{"background-color":"var(--ast-global-color-5)","background-image":"","background-repeat":"repeat","background-position":"center center","background-size":"auto","background-attachment":"scroll","background-type":"","background-media":"","overlay-type":"","overlay-color":"","overlay-opacity":"","overlay-gradient":""},"mobile":{"background-color":"var(--ast-global-color-5)","background-image":"","background-repeat":"repeat","background-position":"center center","background-size":"auto","background-attachment":"scroll","background-type":"","background-media":"","overlay-type":"","overlay-color":"","overlay-opacity":"","overlay-gradient":""}},"footnotes":""},"categories":[5],"tags":[5308],"class_list":["post-3967","post","type-post","status-publish","format-standard","hentry","category-politica","tag-realidad-nunca-supera-la-ficcion"],"yoast_head":"<!-- This site is optimized with the Yoast SEO plugin v23.2 - https:\/\/yoast.com\/wordpress\/plugins\/seo\/ -->\n<title>La realidad nunca supera la ficci\u00f3n - Sabado 100<\/title>\n<meta name=\"robots\" content=\"index, follow, max-snippet:-1, max-image-preview:large, max-video-preview:-1\" \/>\n<link rel=\"canonical\" href=\"https:\/\/sabado100.com.ar\/es-ar\/la-realidad-nunca-supera-la-ficcion\/\" \/>\n<meta property=\"og:locale\" content=\"es_ES\" \/>\n<meta property=\"og:type\" content=\"article\" \/>\n<meta property=\"og:title\" content=\"La realidad nunca supera la ficci\u00f3n - Sabado 100\" \/>\n<meta property=\"og:description\" content=\"Por Mar\u00eda Herminia Grande.- Si Argentina en los \u00faltimos largos tiempos viv\u00eda en estado de sospecha, luego de la muerte [&hellip;]\" \/>\n<meta property=\"og:url\" content=\"https:\/\/sabado100.com.ar\/es-ar\/la-realidad-nunca-supera-la-ficcion\/\" \/>\n<meta property=\"og:site_name\" content=\"Sabado 100\" \/>\n<meta property=\"article:publisher\" content=\"https:\/\/www.facebook.com\/sabadocien\/\" \/>\n<meta property=\"article:published_time\" content=\"2015-02-03T20:09:42+00:00\" \/>\n<meta name=\"author\" content=\"sabado cien\" \/>\n<meta name=\"twitter:card\" content=\"summary_large_image\" \/>\n<meta name=\"twitter:label1\" content=\"Escrito por\" \/>\n\t<meta name=\"twitter:data1\" content=\"sabado cien\" \/>\n\t<meta name=\"twitter:label2\" content=\"Tiempo de lectura\" \/>\n\t<meta name=\"twitter:data2\" content=\"3 minutos\" \/>\n<script type=\"application\/ld+json\" class=\"yoast-schema-graph\">{\"@context\":\"https:\/\/schema.org\",\"@graph\":[{\"@type\":\"Article\",\"@id\":\"https:\/\/sabado100.com.ar\/es-ar\/la-realidad-nunca-supera-la-ficcion\/#article\",\"isPartOf\":{\"@id\":\"https:\/\/sabado100.com.ar\/es-ar\/la-realidad-nunca-supera-la-ficcion\/\"},\"author\":{\"name\":\"sabado cien\",\"@id\":\"https:\/\/sabado100.com.ar\/es-ar\/#\/schema\/person\/58e38b918ef4e44b11398f25d4684c6d\"},\"headline\":\"La realidad nunca supera la ficci\u00f3n\",\"datePublished\":\"2015-02-03T20:09:42+00:00\",\"dateModified\":\"2015-02-03T20:09:42+00:00\",\"mainEntityOfPage\":{\"@id\":\"https:\/\/sabado100.com.ar\/es-ar\/la-realidad-nunca-supera-la-ficcion\/\"},\"wordCount\":666,\"commentCount\":0,\"publisher\":{\"@id\":\"https:\/\/sabado100.com.ar\/es-ar\/#organization\"},\"keywords\":[\"realidad nunca supera la ficci\u00f3n\"],\"articleSection\":[\"Pol\u00edtica\"],\"inLanguage\":\"es\",\"potentialAction\":[{\"@type\":\"CommentAction\",\"name\":\"Comment\",\"target\":[\"https:\/\/sabado100.com.ar\/es-ar\/la-realidad-nunca-supera-la-ficcion\/#respond\"]}]},{\"@type\":\"WebPage\",\"@id\":\"https:\/\/sabado100.com.ar\/es-ar\/la-realidad-nunca-supera-la-ficcion\/\",\"url\":\"https:\/\/sabado100.com.ar\/es-ar\/la-realidad-nunca-supera-la-ficcion\/\",\"name\":\"La realidad nunca supera la ficci\u00f3n - Sabado 100\",\"isPartOf\":{\"@id\":\"https:\/\/sabado100.com.ar\/es-ar\/#website\"},\"datePublished\":\"2015-02-03T20:09:42+00:00\",\"dateModified\":\"2015-02-03T20:09:42+00:00\",\"breadcrumb\":{\"@id\":\"https:\/\/sabado100.com.ar\/es-ar\/la-realidad-nunca-supera-la-ficcion\/#breadcrumb\"},\"inLanguage\":\"es\",\"potentialAction\":[{\"@type\":\"ReadAction\",\"target\":[\"https:\/\/sabado100.com.ar\/es-ar\/la-realidad-nunca-supera-la-ficcion\/\"]}]},{\"@type\":\"BreadcrumbList\",\"@id\":\"https:\/\/sabado100.com.ar\/es-ar\/la-realidad-nunca-supera-la-ficcion\/#breadcrumb\",\"itemListElement\":[{\"@type\":\"ListItem\",\"position\":1,\"name\":\"Portada\",\"item\":\"https:\/\/sabado100.com.ar\/es-ar\/\"},{\"@type\":\"ListItem\",\"position\":2,\"name\":\"La realidad nunca supera la ficci\u00f3n\"}]},{\"@type\":\"WebSite\",\"@id\":\"https:\/\/sabado100.com.ar\/es-ar\/#website\",\"url\":\"https:\/\/sabado100.com.ar\/es-ar\/\",\"name\":\"Sabado 100\",\"description\":\"\",\"publisher\":{\"@id\":\"https:\/\/sabado100.com.ar\/es-ar\/#organization\"},\"potentialAction\":[{\"@type\":\"SearchAction\",\"target\":{\"@type\":\"EntryPoint\",\"urlTemplate\":\"https:\/\/sabado100.com.ar\/es-ar\/?s={search_term_string}\"},\"query-input\":\"required name=search_term_string\"}],\"inLanguage\":\"es\"},{\"@type\":\"Organization\",\"@id\":\"https:\/\/sabado100.com.ar\/es-ar\/#organization\",\"name\":\"Sabado 100\",\"url\":\"https:\/\/sabado100.com.ar\/es-ar\/\",\"logo\":{\"@type\":\"ImageObject\",\"inLanguage\":\"es\",\"@id\":\"https:\/\/sabado100.com.ar\/es-ar\/#\/schema\/logo\/image\/\",\"url\":\"https:\/\/sabado100.com.ar\/es-ar\/wp-content\/uploads\/2024\/04\/logo3.jpg\",\"contentUrl\":\"https:\/\/sabado100.com.ar\/es-ar\/wp-content\/uploads\/2024\/04\/logo3.jpg\",\"width\":300,\"height\":174,\"caption\":\"Sabado 100\"},\"image\":{\"@id\":\"https:\/\/sabado100.com.ar\/es-ar\/#\/schema\/logo\/image\/\"},\"sameAs\":[\"https:\/\/www.facebook.com\/sabadocien\/\",\"https:\/\/www.instagram.com\/sabado100.com.ar\/\",\"https:\/\/www.youtube.com\/@sabado1003\"]},{\"@type\":\"Person\",\"@id\":\"https:\/\/sabado100.com.ar\/es-ar\/#\/schema\/person\/58e38b918ef4e44b11398f25d4684c6d\",\"name\":\"sabado cien\",\"image\":{\"@type\":\"ImageObject\",\"inLanguage\":\"es\",\"@id\":\"https:\/\/sabado100.com.ar\/es-ar\/#\/schema\/person\/image\/\",\"url\":\"https:\/\/sabado100.com.ar\/es-ar\/wp-content\/litespeed\/avatar\/484bccfbd493fbb703b0f1b8113dad61.jpg?ver=1787731622\",\"contentUrl\":\"https:\/\/sabado100.com.ar\/es-ar\/wp-content\/litespeed\/avatar\/484bccfbd493fbb703b0f1b8113dad61.jpg?ver=1787731622\",\"caption\":\"sabado cien\"},\"url\":\"https:\/\/sabado100.com.ar\/es-ar\/author\/sabado100\/\"}]}<\/script>\n<!-- \/ Yoast SEO plugin. -->","yoast_head_json":{"title":"La realidad nunca supera la ficci\u00f3n - Sabado 100","robots":{"index":"index","follow":"follow","max-snippet":"max-snippet:-1","max-image-preview":"max-image-preview:large","max-video-preview":"max-video-preview:-1"},"canonical":"https:\/\/sabado100.com.ar\/es-ar\/la-realidad-nunca-supera-la-ficcion\/","og_locale":"es_ES","og_type":"article","og_title":"La realidad nunca supera la ficci\u00f3n - Sabado 100","og_description":"Por Mar\u00eda Herminia Grande.- Si Argentina en los \u00faltimos largos tiempos viv\u00eda en estado de sospecha, luego de la muerte [&hellip;]","og_url":"https:\/\/sabado100.com.ar\/es-ar\/la-realidad-nunca-supera-la-ficcion\/","og_site_name":"Sabado 100","article_publisher":"https:\/\/www.facebook.com\/sabadocien\/","article_published_time":"2015-02-03T20:09:42+00:00","author":"sabado cien","twitter_card":"summary_large_image","twitter_misc":{"Escrito por":"sabado cien","Tiempo de lectura":"3 minutos"},"schema":{"@context":"https:\/\/schema.org","@graph":[{"@type":"Article","@id":"https:\/\/sabado100.com.ar\/es-ar\/la-realidad-nunca-supera-la-ficcion\/#article","isPartOf":{"@id":"https:\/\/sabado100.com.ar\/es-ar\/la-realidad-nunca-supera-la-ficcion\/"},"author":{"name":"sabado cien","@id":"https:\/\/sabado100.com.ar\/es-ar\/#\/schema\/person\/58e38b918ef4e44b11398f25d4684c6d"},"headline":"La realidad nunca supera la ficci\u00f3n","datePublished":"2015-02-03T20:09:42+00:00","dateModified":"2015-02-03T20:09:42+00:00","mainEntityOfPage":{"@id":"https:\/\/sabado100.com.ar\/es-ar\/la-realidad-nunca-supera-la-ficcion\/"},"wordCount":666,"commentCount":0,"publisher":{"@id":"https:\/\/sabado100.com.ar\/es-ar\/#organization"},"keywords":["realidad nunca supera la ficci\u00f3n"],"articleSection":["Pol\u00edtica"],"inLanguage":"es","potentialAction":[{"@type":"CommentAction","name":"Comment","target":["https:\/\/sabado100.com.ar\/es-ar\/la-realidad-nunca-supera-la-ficcion\/#respond"]}]},{"@type":"WebPage","@id":"https:\/\/sabado100.com.ar\/es-ar\/la-realidad-nunca-supera-la-ficcion\/","url":"https:\/\/sabado100.com.ar\/es-ar\/la-realidad-nunca-supera-la-ficcion\/","name":"La realidad nunca supera la ficci\u00f3n - Sabado 100","isPartOf":{"@id":"https:\/\/sabado100.com.ar\/es-ar\/#website"},"datePublished":"2015-02-03T20:09:42+00:00","dateModified":"2015-02-03T20:09:42+00:00","breadcrumb":{"@id":"https:\/\/sabado100.com.ar\/es-ar\/la-realidad-nunca-supera-la-ficcion\/#breadcrumb"},"inLanguage":"es","potentialAction":[{"@type":"ReadAction","target":["https:\/\/sabado100.com.ar\/es-ar\/la-realidad-nunca-supera-la-ficcion\/"]}]},{"@type":"BreadcrumbList","@id":"https:\/\/sabado100.com.ar\/es-ar\/la-realidad-nunca-supera-la-ficcion\/#breadcrumb","itemListElement":[{"@type":"ListItem","position":1,"name":"Portada","item":"https:\/\/sabado100.com.ar\/es-ar\/"},{"@type":"ListItem","position":2,"name":"La realidad nunca supera la ficci\u00f3n"}]},{"@type":"WebSite","@id":"https:\/\/sabado100.com.ar\/es-ar\/#website","url":"https:\/\/sabado100.com.ar\/es-ar\/","name":"Sabado 100","description":"","publisher":{"@id":"https:\/\/sabado100.com.ar\/es-ar\/#organization"},"potentialAction":[{"@type":"SearchAction","target":{"@type":"EntryPoint","urlTemplate":"https:\/\/sabado100.com.ar\/es-ar\/?s={search_term_string}"},"query-input":"required name=search_term_string"}],"inLanguage":"es"},{"@type":"Organization","@id":"https:\/\/sabado100.com.ar\/es-ar\/#organization","name":"Sabado 100","url":"https:\/\/sabado100.com.ar\/es-ar\/","logo":{"@type":"ImageObject","inLanguage":"es","@id":"https:\/\/sabado100.com.ar\/es-ar\/#\/schema\/logo\/image\/","url":"https:\/\/sabado100.com.ar\/es-ar\/wp-content\/uploads\/2024\/04\/logo3.jpg","contentUrl":"https:\/\/sabado100.com.ar\/es-ar\/wp-content\/uploads\/2024\/04\/logo3.jpg","width":300,"height":174,"caption":"Sabado 100"},"image":{"@id":"https:\/\/sabado100.com.ar\/es-ar\/#\/schema\/logo\/image\/"},"sameAs":["https:\/\/www.facebook.com\/sabadocien\/","https:\/\/www.instagram.com\/sabado100.com.ar\/","https:\/\/www.youtube.com\/@sabado1003"]},{"@type":"Person","@id":"https:\/\/sabado100.com.ar\/es-ar\/#\/schema\/person\/58e38b918ef4e44b11398f25d4684c6d","name":"sabado cien","image":{"@type":"ImageObject","inLanguage":"es","@id":"https:\/\/sabado100.com.ar\/es-ar\/#\/schema\/person\/image\/","url":"https:\/\/sabado100.com.ar\/es-ar\/wp-content\/litespeed\/avatar\/484bccfbd493fbb703b0f1b8113dad61.jpg?ver=1787731622","contentUrl":"https:\/\/sabado100.com.ar\/es-ar\/wp-content\/litespeed\/avatar\/484bccfbd493fbb703b0f1b8113dad61.jpg?ver=1787731622","caption":"sabado cien"},"url":"https:\/\/sabado100.com.ar\/es-ar\/author\/sabado100\/"}]}},"_links":{"self":[{"href":"https:\/\/sabado100.com.ar\/es-ar\/wp-json\/wp\/v2\/posts\/3967","targetHints":{"allow":["GET"]}}],"collection":[{"href":"https:\/\/sabado100.com.ar\/es-ar\/wp-json\/wp\/v2\/posts"}],"about":[{"href":"https:\/\/sabado100.com.ar\/es-ar\/wp-json\/wp\/v2\/types\/post"}],"author":[{"embeddable":true,"href":"https:\/\/sabado100.com.ar\/es-ar\/wp-json\/wp\/v2\/users\/2"}],"replies":[{"embeddable":true,"href":"https:\/\/sabado100.com.ar\/es-ar\/wp-json\/wp\/v2\/comments?post=3967"}],"version-history":[{"count":0,"href":"https:\/\/sabado100.com.ar\/es-ar\/wp-json\/wp\/v2\/posts\/3967\/revisions"}],"wp:attachment":[{"href":"https:\/\/sabado100.com.ar\/es-ar\/wp-json\/wp\/v2\/media?parent=3967"}],"wp:term":[{"taxonomy":"category","embeddable":true,"href":"https:\/\/sabado100.com.ar\/es-ar\/wp-json\/wp\/v2\/categories?post=3967"},{"taxonomy":"post_tag","embeddable":true,"href":"https:\/\/sabado100.com.ar\/es-ar\/wp-json\/wp\/v2\/tags?post=3967"}],"curies":[{"name":"wp","href":"https:\/\/api.w.org\/{rel}","templated":true}]}}