{"id":3947,"date":"2014-12-28T21:06:28","date_gmt":"2014-12-28T19:06:28","guid":{"rendered":"https:\/\/www.sabado100.com.ar\/?p=3947"},"modified":"2014-12-28T21:06:28","modified_gmt":"2014-12-28T19:06:28","slug":"francisco-y-la-politica-internacional","status":"publish","type":"post","link":"https:\/\/sabado100.com.ar\/es-ar\/francisco-y-la-politica-internacional\/","title":{"rendered":"Francisco y la politica internacional"},"content":{"rendered":"<p><strong>Por Rodolfo Zehnder.-<\/strong> Es de comentario asiduo en estos d\u00edas el inicio del restablecimiento de relaciones diplom\u00e1ticas plenas entre Estados Unidos y Cuba, adoptando un camino de di\u00e1logo que podr\u00eda generar en v\u00ednculos comerciales, abolici\u00f3n del anacr\u00f3nico bloqueo, y otros acercamientos culturales y econ\u00f3micos. Se comenta  y resalta, al respecto, el rol que le cupo al papa Francisco en este hist\u00f3rico reacercamiento entre esos pa\u00edses.<br \/>\n     Sin perjuicio de que no trascendieron detalles de la actuaci\u00f3n del Papa en la cuesti\u00f3n, y ellos no saldr\u00e1n a la  luz por mucho tiempo, por la prudencia que impera en este campo diplom\u00e1tico, cabe se\u00f1alar en primer lugar que la intervenci\u00f3n papal no puede resultar sorpresiva. El involucramiento de Francisco en cuestiones que ata\u00f1en a la paz mundial es una constante de su corto pero ya fecundo pontificado. Francisco estuvo presente en la cuesti\u00f3n de la guerra civil en Siria; tambi\u00e9n en la no resuelta cuesti\u00f3n en Ucrania con los separatistas prorrusos (si bien en el marco de una gran discreci\u00f3n); en la \u00faltima guerra entre Israel y los palestinos; y como tiene la convicci\u00f3n de que la violencia que aqueja a muchas partes del planeta obedece a menudo a causas econ\u00f3micas, no pierde oportunidad de clamar por el esc\u00e1ndalo que significan la pobreza y la desigualdad crecientes en el mundo, abogando por una dr\u00e1stica modificaci\u00f3n de las estructuras anacr\u00f3nicas de un capitalismo improductivo. Tambi\u00e9n es sabido su reiterado \u00e9nfasis en denunciar todas las estructuras de explotaci\u00f3n del hombre por el hombre, como por ejemplo el drama de los migrantes, en tanto la migraci\u00f3n es un fen\u00f3meno mundial in crescendo que deriva muchas veces en una nueva forma de explotaci\u00f3n; y sus esfuerzos en pro del ecumenismo, y de la superaci\u00f3n del consumismo desenfrenado y de los negociados derivados del tr\u00e1fico de armas y de estupefacientes.<br \/>\n     No es nueva la intervenci\u00f3n de la Iglesia Cat\u00f3lica en cuestiones trascendentales que afectan los derechos humanos y la paz de los pueblos, pero cada  Papa le da un sello distintivo, adecuado a carismas personales y problem\u00e1ticas propias de cada situaci\u00f3n hist\u00f3rica. Sin remontarnos demasiado al pasado, la genial intuici\u00f3n y decisi\u00f3n de San Juan XXIII, en 1963, de convocar a un Concilio (el Vaticano II) tuvo que ver con la necesidad de aggiornamiento de una Iglesia que hab\u00eda perdido parte de su impronta y de su \u00edmpetu en la b\u00fasqueda de la paz y el bien com\u00fan. El siguiente papa Pablo VI condujo la Iglesia con magistral decisi\u00f3n e inspiraci\u00f3n en tiempos dif\u00edciles y tumultuosos, (es todav\u00eda recordado su magistral discurso ante la Asamblea General de Naciones Unidas clamando por la paz: \u201cJamais la guerre!\u201d, imploraba a un  mundo que se estaba acostumbrando a la violencia como forma de solucionar problemas e injusticias instaladas; y a un mundo poco acostumbrado a esas intervenciones papales en instituciones laicas de colectivo alcance. San Juan Pablo II eligi\u00f3 dos caminos: sin descuidar la intervenci\u00f3n activa en cuestiones pol\u00edticas puntuales (a\u00fan no se ha descorrido de todo  el velo de su intervenci\u00f3n en la ca\u00edda del comunismo, a fines de la d\u00e9cada del 80 y principios de la 90), prefiri\u00f3 privilegiar su  calidad de misionero: el Pastor que, cuidando su reba\u00f1o, tantas veces esquivo,  pastore\u00f3, mision\u00f3, por todo el mundo, como un peregrino que llamaba a todos absolutamente a todos a construir un mundo mejor. Benedicto XVI, fiel a su calidad de eximio te\u00f3logo, no pod\u00eda estar ausente en esa construcci\u00f3n, leg\u00e1ndonos enc\u00edclicas de indiscutible valor. El papa Francisco ha elegido varios caminos o frentes simult\u00e1neos, antes se\u00f1alados, siempre partiendo de su sencillez: su intervenci\u00f3n, a veces abierta, campechana, y otras veces discreta, sobria, no dir\u00eda secreta para no minimizarla pero ciertamente sin exteriorizaciones, en cada cuesti\u00f3n pol\u00edtica, apelando siempre a la raz\u00f3n y a la conciencia moral.  Intervenci\u00f3n que, huelga decirlo, no puede medirse en \u00e9xitos concretos, inmediatos, sino en el tiempo, por aquello de que \u201cel tiempo es superior al espacio\u201d, como lo describiera en su Evangelii Gaudium.<br \/>\n     Pero cuidado: no caben hacerse ilusiones y extraer conclusiones desmedidas en lo que acontezca en Cuba. Se trata del inicio de un proceso de cambio, que no sabemos d\u00f3nde y cu\u00e1ndo y c\u00f3mo do terminar\u00e1. Obama encontrar\u00e1 fuertes disensos y oposici\u00f3n, mayormente por parte de sectores muy conservadores, normalmente alineados con el Partido Republicano. De todos modos, se sabe que una necesidad ontol\u00f3gicamente imperativa del capitalismo es la apertura de nuevos mercados, y en eso a\u00fan los sectores m\u00e1s recalcitrantes de la pol\u00edtica exterior de Estados Unidos coinciden.<br \/>\n     Creo que este hecho ense\u00f1a que los conceptos de insuperabilidad e inevitabilidad de los conflictos  mundiales, con su secuela de realismo envuelto en resignaci\u00f3n, cuando no de fatalismo, han sido puestos en duda. Pereciera ser que la superaci\u00f3n de los obst\u00e1culos pude ser posible, por formidables que sean o parezcan, si predominan la cordura, la sensatez, la racionalidad, y si estos conceptos vienen  de la mano de personas o instituciones dotados como resaltara el mismo Obama en referencia a Francisco de \u201cejemplariedad moral\u201d. La \u00e9tica y el sentido com\u00fan, amigo lector, a veces prevalecen, y eso no deja de ser una buena noticia en este dif\u00edcil a\u00f1o que dejamos.<\/p>\n<p><strong>El autor es miembro de la Asociaci\u00f3n Argentina de Derecho Internacional (AADI) y del Consejo Argentino de Relaciones Internacionales (CARI).<\/strong><\/p>\n","protected":false},"excerpt":{"rendered":"<p>Por Rodolfo Zehnder.- Es de comentario asiduo en estos d\u00edas el inicio del restablecimiento de relaciones diplom\u00e1ticas plenas entre Estados [&hellip;]<\/p>\n","protected":false},"author":2,"featured_media":0,"comment_status":"open","ping_status":"closed","sticky":false,"template":"","format":"standard","meta":{"site-sidebar-layout":"default","site-content-layout":"","ast-site-content-layout":"default","site-content-style":"default","site-sidebar-style":"default","ast-global-header-display":"","ast-banner-title-visibility":"","ast-main-header-display":"","ast-hfb-above-header-display":"","ast-hfb-below-header-display":"","ast-hfb-mobile-header-display":"","site-post-title":"","ast-breadcrumbs-content":"","ast-featured-img":"","footer-sml-layout":"","ast-disable-related-posts":"","theme-transparent-header-meta":"","adv-header-id-meta":"","stick-header-meta":"","header-above-stick-meta":"","header-main-stick-meta":"","header-below-stick-meta":"","astra-migrate-meta-layouts":"default","ast-page-background-enabled":"default","ast-page-background-meta":{"desktop":{"background-color":"var(--ast-global-color-4)","background-image":"","background-repeat":"repeat","background-position":"center center","background-size":"auto","background-attachment":"scroll","background-type":"","background-media":"","overlay-type":"","overlay-color":"","overlay-opacity":"","overlay-gradient":""},"tablet":{"background-color":"","background-image":"","background-repeat":"repeat","background-position":"center center","background-size":"auto","background-attachment":"scroll","background-type":"","background-media":"","overlay-type":"","overlay-color":"","overlay-opacity":"","overlay-gradient":""},"mobile":{"background-color":"","background-image":"","background-repeat":"repeat","background-position":"center center","background-size":"auto","background-attachment":"scroll","background-type":"","background-media":"","overlay-type":"","overlay-color":"","overlay-opacity":"","overlay-gradient":""}},"ast-content-background-meta":{"desktop":{"background-color":"var(--ast-global-color-5)","background-image":"","background-repeat":"repeat","background-position":"center center","background-size":"auto","background-attachment":"scroll","background-type":"","background-media":"","overlay-type":"","overlay-color":"","overlay-opacity":"","overlay-gradient":""},"tablet":{"background-color":"var(--ast-global-color-5)","background-image":"","background-repeat":"repeat","background-position":"center center","background-size":"auto","background-attachment":"scroll","background-type":"","background-media":"","overlay-type":"","overlay-color":"","overlay-opacity":"","overlay-gradient":""},"mobile":{"background-color":"var(--ast-global-color-5)","background-image":"","background-repeat":"repeat","background-position":"center center","background-size":"auto","background-attachment":"scroll","background-type":"","background-media":"","overlay-type":"","overlay-color":"","overlay-opacity":"","overlay-gradient":""}},"footnotes":""},"categories":[4,5],"tags":[5304],"class_list":["post-3947","post","type-post","status-publish","format-standard","hentry","category-cultura-y-sociedad","category-politica","tag-francisco-y-la-politica-internacional"],"yoast_head":"<!-- This site is optimized with the Yoast SEO plugin v23.2 - https:\/\/yoast.com\/wordpress\/plugins\/seo\/ -->\n<title>Francisco y la politica internacional - Sabado 100<\/title>\n<meta name=\"robots\" content=\"index, follow, max-snippet:-1, max-image-preview:large, max-video-preview:-1\" \/>\n<link rel=\"canonical\" href=\"https:\/\/sabado100.com.ar\/es-ar\/francisco-y-la-politica-internacional\/\" \/>\n<meta property=\"og:locale\" content=\"es_ES\" \/>\n<meta property=\"og:type\" content=\"article\" \/>\n<meta property=\"og:title\" content=\"Francisco y la politica internacional - Sabado 100\" \/>\n<meta property=\"og:description\" content=\"Por Rodolfo Zehnder.- Es de comentario asiduo en estos d\u00edas el inicio del restablecimiento de relaciones diplom\u00e1ticas plenas entre Estados [&hellip;]\" \/>\n<meta property=\"og:url\" content=\"https:\/\/sabado100.com.ar\/es-ar\/francisco-y-la-politica-internacional\/\" \/>\n<meta property=\"og:site_name\" content=\"Sabado 100\" \/>\n<meta property=\"article:publisher\" content=\"https:\/\/www.facebook.com\/sabadocien\/\" \/>\n<meta property=\"article:published_time\" content=\"2014-12-28T19:06:28+00:00\" \/>\n<meta name=\"author\" content=\"sabado cien\" \/>\n<meta name=\"twitter:card\" content=\"summary_large_image\" \/>\n<meta name=\"twitter:label1\" content=\"Escrito por\" \/>\n\t<meta name=\"twitter:data1\" content=\"sabado cien\" \/>\n\t<meta name=\"twitter:label2\" content=\"Tiempo de lectura\" \/>\n\t<meta name=\"twitter:data2\" content=\"5 minutos\" \/>\n<script type=\"application\/ld+json\" class=\"yoast-schema-graph\">{\"@context\":\"https:\/\/schema.org\",\"@graph\":[{\"@type\":\"Article\",\"@id\":\"https:\/\/sabado100.com.ar\/es-ar\/francisco-y-la-politica-internacional\/#article\",\"isPartOf\":{\"@id\":\"https:\/\/sabado100.com.ar\/es-ar\/francisco-y-la-politica-internacional\/\"},\"author\":{\"name\":\"sabado cien\",\"@id\":\"https:\/\/sabado100.com.ar\/es-ar\/#\/schema\/person\/58e38b918ef4e44b11398f25d4684c6d\"},\"headline\":\"Francisco y la politica internacional\",\"datePublished\":\"2014-12-28T19:06:28+00:00\",\"dateModified\":\"2014-12-28T19:06:28+00:00\",\"mainEntityOfPage\":{\"@id\":\"https:\/\/sabado100.com.ar\/es-ar\/francisco-y-la-politica-internacional\/\"},\"wordCount\":963,\"commentCount\":0,\"publisher\":{\"@id\":\"https:\/\/sabado100.com.ar\/es-ar\/#organization\"},\"keywords\":[\"Francisco y la politica internacional\"],\"articleSection\":[\"Cultura y Sociedad\",\"Pol\u00edtica\"],\"inLanguage\":\"es\",\"potentialAction\":[{\"@type\":\"CommentAction\",\"name\":\"Comment\",\"target\":[\"https:\/\/sabado100.com.ar\/es-ar\/francisco-y-la-politica-internacional\/#respond\"]}]},{\"@type\":\"WebPage\",\"@id\":\"https:\/\/sabado100.com.ar\/es-ar\/francisco-y-la-politica-internacional\/\",\"url\":\"https:\/\/sabado100.com.ar\/es-ar\/francisco-y-la-politica-internacional\/\",\"name\":\"Francisco y la politica internacional - Sabado 100\",\"isPartOf\":{\"@id\":\"https:\/\/sabado100.com.ar\/es-ar\/#website\"},\"datePublished\":\"2014-12-28T19:06:28+00:00\",\"dateModified\":\"2014-12-28T19:06:28+00:00\",\"breadcrumb\":{\"@id\":\"https:\/\/sabado100.com.ar\/es-ar\/francisco-y-la-politica-internacional\/#breadcrumb\"},\"inLanguage\":\"es\",\"potentialAction\":[{\"@type\":\"ReadAction\",\"target\":[\"https:\/\/sabado100.com.ar\/es-ar\/francisco-y-la-politica-internacional\/\"]}]},{\"@type\":\"BreadcrumbList\",\"@id\":\"https:\/\/sabado100.com.ar\/es-ar\/francisco-y-la-politica-internacional\/#breadcrumb\",\"itemListElement\":[{\"@type\":\"ListItem\",\"position\":1,\"name\":\"Portada\",\"item\":\"https:\/\/sabado100.com.ar\/es-ar\/\"},{\"@type\":\"ListItem\",\"position\":2,\"name\":\"Francisco y la politica internacional\"}]},{\"@type\":\"WebSite\",\"@id\":\"https:\/\/sabado100.com.ar\/es-ar\/#website\",\"url\":\"https:\/\/sabado100.com.ar\/es-ar\/\",\"name\":\"Sabado 100\",\"description\":\"\",\"publisher\":{\"@id\":\"https:\/\/sabado100.com.ar\/es-ar\/#organization\"},\"potentialAction\":[{\"@type\":\"SearchAction\",\"target\":{\"@type\":\"EntryPoint\",\"urlTemplate\":\"https:\/\/sabado100.com.ar\/es-ar\/?s={search_term_string}\"},\"query-input\":\"required name=search_term_string\"}],\"inLanguage\":\"es\"},{\"@type\":\"Organization\",\"@id\":\"https:\/\/sabado100.com.ar\/es-ar\/#organization\",\"name\":\"Sabado 100\",\"url\":\"https:\/\/sabado100.com.ar\/es-ar\/\",\"logo\":{\"@type\":\"ImageObject\",\"inLanguage\":\"es\",\"@id\":\"https:\/\/sabado100.com.ar\/es-ar\/#\/schema\/logo\/image\/\",\"url\":\"https:\/\/sabado100.com.ar\/es-ar\/wp-content\/uploads\/2024\/04\/logo3.jpg\",\"contentUrl\":\"https:\/\/sabado100.com.ar\/es-ar\/wp-content\/uploads\/2024\/04\/logo3.jpg\",\"width\":300,\"height\":174,\"caption\":\"Sabado 100\"},\"image\":{\"@id\":\"https:\/\/sabado100.com.ar\/es-ar\/#\/schema\/logo\/image\/\"},\"sameAs\":[\"https:\/\/www.facebook.com\/sabadocien\/\",\"https:\/\/www.instagram.com\/sabado100.com.ar\/\",\"https:\/\/www.youtube.com\/@sabado1003\"]},{\"@type\":\"Person\",\"@id\":\"https:\/\/sabado100.com.ar\/es-ar\/#\/schema\/person\/58e38b918ef4e44b11398f25d4684c6d\",\"name\":\"sabado cien\",\"image\":{\"@type\":\"ImageObject\",\"inLanguage\":\"es\",\"@id\":\"https:\/\/sabado100.com.ar\/es-ar\/#\/schema\/person\/image\/\",\"url\":\"https:\/\/sabado100.com.ar\/es-ar\/wp-content\/litespeed\/avatar\/484bccfbd493fbb703b0f1b8113dad61.jpg?ver=1787731622\",\"contentUrl\":\"https:\/\/sabado100.com.ar\/es-ar\/wp-content\/litespeed\/avatar\/484bccfbd493fbb703b0f1b8113dad61.jpg?ver=1787731622\",\"caption\":\"sabado cien\"},\"url\":\"https:\/\/sabado100.com.ar\/es-ar\/author\/sabado100\/\"}]}<\/script>\n<!-- \/ Yoast SEO plugin. -->","yoast_head_json":{"title":"Francisco y la politica internacional - Sabado 100","robots":{"index":"index","follow":"follow","max-snippet":"max-snippet:-1","max-image-preview":"max-image-preview:large","max-video-preview":"max-video-preview:-1"},"canonical":"https:\/\/sabado100.com.ar\/es-ar\/francisco-y-la-politica-internacional\/","og_locale":"es_ES","og_type":"article","og_title":"Francisco y la politica internacional - Sabado 100","og_description":"Por Rodolfo Zehnder.- Es de comentario asiduo en estos d\u00edas el inicio del restablecimiento de relaciones diplom\u00e1ticas plenas entre Estados [&hellip;]","og_url":"https:\/\/sabado100.com.ar\/es-ar\/francisco-y-la-politica-internacional\/","og_site_name":"Sabado 100","article_publisher":"https:\/\/www.facebook.com\/sabadocien\/","article_published_time":"2014-12-28T19:06:28+00:00","author":"sabado cien","twitter_card":"summary_large_image","twitter_misc":{"Escrito por":"sabado cien","Tiempo de lectura":"5 minutos"},"schema":{"@context":"https:\/\/schema.org","@graph":[{"@type":"Article","@id":"https:\/\/sabado100.com.ar\/es-ar\/francisco-y-la-politica-internacional\/#article","isPartOf":{"@id":"https:\/\/sabado100.com.ar\/es-ar\/francisco-y-la-politica-internacional\/"},"author":{"name":"sabado cien","@id":"https:\/\/sabado100.com.ar\/es-ar\/#\/schema\/person\/58e38b918ef4e44b11398f25d4684c6d"},"headline":"Francisco y la politica internacional","datePublished":"2014-12-28T19:06:28+00:00","dateModified":"2014-12-28T19:06:28+00:00","mainEntityOfPage":{"@id":"https:\/\/sabado100.com.ar\/es-ar\/francisco-y-la-politica-internacional\/"},"wordCount":963,"commentCount":0,"publisher":{"@id":"https:\/\/sabado100.com.ar\/es-ar\/#organization"},"keywords":["Francisco y la politica internacional"],"articleSection":["Cultura y Sociedad","Pol\u00edtica"],"inLanguage":"es","potentialAction":[{"@type":"CommentAction","name":"Comment","target":["https:\/\/sabado100.com.ar\/es-ar\/francisco-y-la-politica-internacional\/#respond"]}]},{"@type":"WebPage","@id":"https:\/\/sabado100.com.ar\/es-ar\/francisco-y-la-politica-internacional\/","url":"https:\/\/sabado100.com.ar\/es-ar\/francisco-y-la-politica-internacional\/","name":"Francisco y la politica internacional - Sabado 100","isPartOf":{"@id":"https:\/\/sabado100.com.ar\/es-ar\/#website"},"datePublished":"2014-12-28T19:06:28+00:00","dateModified":"2014-12-28T19:06:28+00:00","breadcrumb":{"@id":"https:\/\/sabado100.com.ar\/es-ar\/francisco-y-la-politica-internacional\/#breadcrumb"},"inLanguage":"es","potentialAction":[{"@type":"ReadAction","target":["https:\/\/sabado100.com.ar\/es-ar\/francisco-y-la-politica-internacional\/"]}]},{"@type":"BreadcrumbList","@id":"https:\/\/sabado100.com.ar\/es-ar\/francisco-y-la-politica-internacional\/#breadcrumb","itemListElement":[{"@type":"ListItem","position":1,"name":"Portada","item":"https:\/\/sabado100.com.ar\/es-ar\/"},{"@type":"ListItem","position":2,"name":"Francisco y la politica internacional"}]},{"@type":"WebSite","@id":"https:\/\/sabado100.com.ar\/es-ar\/#website","url":"https:\/\/sabado100.com.ar\/es-ar\/","name":"Sabado 100","description":"","publisher":{"@id":"https:\/\/sabado100.com.ar\/es-ar\/#organization"},"potentialAction":[{"@type":"SearchAction","target":{"@type":"EntryPoint","urlTemplate":"https:\/\/sabado100.com.ar\/es-ar\/?s={search_term_string}"},"query-input":"required name=search_term_string"}],"inLanguage":"es"},{"@type":"Organization","@id":"https:\/\/sabado100.com.ar\/es-ar\/#organization","name":"Sabado 100","url":"https:\/\/sabado100.com.ar\/es-ar\/","logo":{"@type":"ImageObject","inLanguage":"es","@id":"https:\/\/sabado100.com.ar\/es-ar\/#\/schema\/logo\/image\/","url":"https:\/\/sabado100.com.ar\/es-ar\/wp-content\/uploads\/2024\/04\/logo3.jpg","contentUrl":"https:\/\/sabado100.com.ar\/es-ar\/wp-content\/uploads\/2024\/04\/logo3.jpg","width":300,"height":174,"caption":"Sabado 100"},"image":{"@id":"https:\/\/sabado100.com.ar\/es-ar\/#\/schema\/logo\/image\/"},"sameAs":["https:\/\/www.facebook.com\/sabadocien\/","https:\/\/www.instagram.com\/sabado100.com.ar\/","https:\/\/www.youtube.com\/@sabado1003"]},{"@type":"Person","@id":"https:\/\/sabado100.com.ar\/es-ar\/#\/schema\/person\/58e38b918ef4e44b11398f25d4684c6d","name":"sabado cien","image":{"@type":"ImageObject","inLanguage":"es","@id":"https:\/\/sabado100.com.ar\/es-ar\/#\/schema\/person\/image\/","url":"https:\/\/sabado100.com.ar\/es-ar\/wp-content\/litespeed\/avatar\/484bccfbd493fbb703b0f1b8113dad61.jpg?ver=1787731622","contentUrl":"https:\/\/sabado100.com.ar\/es-ar\/wp-content\/litespeed\/avatar\/484bccfbd493fbb703b0f1b8113dad61.jpg?ver=1787731622","caption":"sabado cien"},"url":"https:\/\/sabado100.com.ar\/es-ar\/author\/sabado100\/"}]}},"_links":{"self":[{"href":"https:\/\/sabado100.com.ar\/es-ar\/wp-json\/wp\/v2\/posts\/3947","targetHints":{"allow":["GET"]}}],"collection":[{"href":"https:\/\/sabado100.com.ar\/es-ar\/wp-json\/wp\/v2\/posts"}],"about":[{"href":"https:\/\/sabado100.com.ar\/es-ar\/wp-json\/wp\/v2\/types\/post"}],"author":[{"embeddable":true,"href":"https:\/\/sabado100.com.ar\/es-ar\/wp-json\/wp\/v2\/users\/2"}],"replies":[{"embeddable":true,"href":"https:\/\/sabado100.com.ar\/es-ar\/wp-json\/wp\/v2\/comments?post=3947"}],"version-history":[{"count":0,"href":"https:\/\/sabado100.com.ar\/es-ar\/wp-json\/wp\/v2\/posts\/3947\/revisions"}],"wp:attachment":[{"href":"https:\/\/sabado100.com.ar\/es-ar\/wp-json\/wp\/v2\/media?parent=3947"}],"wp:term":[{"taxonomy":"category","embeddable":true,"href":"https:\/\/sabado100.com.ar\/es-ar\/wp-json\/wp\/v2\/categories?post=3947"},{"taxonomy":"post_tag","embeddable":true,"href":"https:\/\/sabado100.com.ar\/es-ar\/wp-json\/wp\/v2\/tags?post=3947"}],"curies":[{"name":"wp","href":"https:\/\/api.w.org\/{rel}","templated":true}]}}