{"id":3935,"date":"2014-12-21T14:10:53","date_gmt":"2014-12-21T12:10:53","guid":{"rendered":"https:\/\/www.sabado100.com.ar\/?p=3935"},"modified":"2014-12-21T14:10:53","modified_gmt":"2014-12-21T12:10:53","slug":"diciembre-del-83-aquel-grito-de-libertad","status":"publish","type":"post","link":"https:\/\/sabado100.com.ar\/es-ar\/diciembre-del-83-aquel-grito-de-libertad\/","title":{"rendered":"Diciembre del 83: aquel grito de libertad"},"content":{"rendered":"<p><strong>Por Mar\u00eda Herminia Grande.-<\/strong> Este 10 de diciembre  pas\u00f3 inadvertido, la pol\u00edtica no se anim\u00f3 a hacer un balance por temor al saldo en rojo.<br \/>\nNunca un 10 de diciembre como este \u00faltimo,  pas\u00f3 tan desapercibido desde la reinstalaci\u00f3n de la democracia en nuestro pa\u00eds.  La pol\u00edtica no se anim\u00f3 a hacer un balance por temor al saldo en rojo. Tal vez el ignorar esta fecha fundante se deba al hecho que hace un a\u00f1o atr\u00e1s las cosas estaban mal en nuestro pa\u00eds, pero no tan mal como hoy, dado que los mismos problemas sufrieron inflaci\u00f3n, uno de ellos especialmente: el narcotr\u00e1fico. En ciudades como Rosario la preocupaci\u00f3n de la gente  aumenta considerablemente. Las encuestas de Andr\u00e9s Mautone de setiembre y noviembre del corriente a\u00f1o siguen teniendo dos protagonistas: inseguridad y narcotr\u00e1fico. En setiembre ambos guarismos sumaban 60.5%, en noviembre 66.5%: luego y con porcentajes muy lejanos (7% aproximadamente) el transporte.<br \/>\nEl trabajo de Mautone tambi\u00e9n evidencia que no estamos viviendo en una sociedad normal. En los pa\u00edses en donde la vida no est\u00e1 en peligro todos los d\u00edas, los problemas son transporte, cloacas, salud, empleo, educaci\u00f3n, alumbrado, barrido, recolecci\u00f3n residuos\u2026<br \/>\nTambi\u00e9n es cierto que el pr\u00f3ximo 10 de diciembre vuelve a ser una oportunidad para revertir este hoy donde el vivir mal est\u00e1 a un paso de naturalizarse. La  naturalizaci\u00f3n de aquel lejano \u201croban pero hacen\u201d fue avanzando y la sociedad fue permitiendo. Tambi\u00e9n fuimos perdiendo la sensibilidad y con ello los valores. Las instituciones se resquebrajaron hasta llegar  a una  justicia que dej\u00f3 de ser justa, la polic\u00eda dej\u00f3 de cuidar a la gente, la pol\u00edtica dej\u00f3 de representar al ciudadano, y el ciudadano se convirti\u00f3 solo en un habitante. El a\u00f1o pr\u00f3ximo todos tenemos una oportunidad para refortalecernos. Si esta mirada no fuese certera por qu\u00e9, un grupo importante de sacerdotes trabajan sobre las \u201cpistas para la paz y la convivencia social,\u201d donde a modo de dec\u00e1logo intentan revertir la anomia de valores. \u201cNo saquear\u00e1s\u201d. \u201cNo comprar\u00e1s nada robado\u201d. \u201cNo linchar\u00e1s\u201d. \u201cNo dir\u00e1s hay que matarlos a todos\u201d. \u201cNo har\u00e1s del futbol o de un club un dios en donde sacrificar vidas humanas\u201d. \u201cNo te justificar\u00e1s diciendo: total si todos lo hacen por qu\u00e9 yo no\u201d<br \/>\nEl papa Francisco dijo \u201cme gusta usar la imagen del hospital de campa\u00f1a, hay gente muy herida que est\u00e1 esperando que vayamos a curarles las heridas\u201d. Si la pol\u00edtica en Argentina aprehendiese este concepto quiz\u00e1 las cosas empezaran a ser distintas.<br \/>\nTengo la absoluta convicci\u00f3n que tanto en el plano nacional como en el provincial  dividir por cuatro es fortalecer a los oficialismos. A hoy todo indica que Massa, Scioli y Macri alternando por momentos este  orden, est\u00e1n pr\u00e1cticamente en una paridad. FAUNEN sigue siendo una coalici\u00f3n netamente electoral sin contenido de gobierno y sin candidato para un espacio que tiene un potencial de un 26% de intenci\u00f3n de voto. Los tres candidatos antes mencionados no logran diferenciarse. Tal vez el valor agregado est\u00e9 en los equipos de trabajo.  En este aspecto Massa cuenta con ventajas. En el orden local esta semana se incorpor\u00f3 un nuevo candidato a gobernador por el Frente Renovador: Eduardo Buzzi. Su lanzamiento fue abrazado por los principales referentes nacionales de Massa.  Los tiempos para insertarse en el inter\u00e9s del electorado son escasos, tendr\u00e1 que saber aprovecharlos. No se descarta la posibilidad de competir en las PASO con el candidato Mart\u00ednez quien ha reafirmado su voluntad de postularse para el mismo cargo. El mismo problema lo tiene Miguel Lifschitz dado que no ha logrado la tan ansiada unidad que busc\u00f3. Barletta estar\u00eda a punto de quedarse no s\u00f3lo con Giustiniani  (esto ya es conocido) sino con Palo Oliver el radical pretendido por Lifschitz.<br \/>\nQuienes desde Buenos Aires han golpeado la puerta de Mar\u00eda Eugenia Bielsa, la misma les ha contestado dici\u00e9ndoles \u201custedes me quieren como candidata (del kirchnerismo) pero siguen asociados al socialismo\u201d<br \/>\nMiguel Del  Sel inaugurar\u00e1 junto a Mauricio Macri la pr\u00f3xima semana en la ciudad de  Santa Fe  la Casa de la Fundaci\u00f3n Pensar. Luego har\u00edan lo propio en Rosario. Consultado sobre el lanzamiento de la candidatura de Buzzi dijo \u201cme parece muy bien lo de Eduardo, la gente tiene que tener muchas opciones, cuantos m\u00e1s lleguen a la pol\u00edtica mejor para el ciudadano\u201d. Del Sel est\u00e1 mostrando parte de su equipo. Claudio Zapata ser\u00e1 su hombre \u2013en caso de ser gobierno- en temas de seguridad. Conversando con \u00e9l nos dijo: \u201cAntes nos ve\u00edan como el m\u00e9dico, como el enfermero, el cura, ten\u00edamos una soluci\u00f3n\u2026 de un tiempo a esta parte la gente entendi\u00f3 que esa soluci\u00f3n que se ten\u00eda en la comisaria, en el polic\u00eda que estaba parado en la esquina, hoy no la tiene. Yo siempre he destacado que esto no es culpa de la polic\u00eda, el que tiene que estar arriba de todo esto es el estado.  El problema est\u00e1 en los ajustes que han querido hacer los gobiernos en estos \u00faltimos 8 a\u00f1os; y lo digo porque esa es la realidad, yo trabaj\u00e9 con otros gobiernos y recib\u00edamos \u00f3rdenes de los gobernadores, y tenga en cuenta que no soy de ning\u00fan partido, soy polic\u00eda y trabajo de polic\u00eda y recibo \u00f3rdenes. Pero hace unos a\u00f1os que la gente comenz\u00f3 a ver que la polic\u00eda no le resolv\u00eda los problemas y el estado en este caso fij\u00f3 la vista en otro lado y trat\u00f3 de buscar variables de resoluci\u00f3n en ajustes a la instituci\u00f3n y no de buscar ajustes en variables m\u00e1s complejas. La gente dej\u00f3 de ver que la polic\u00eda le era \u00fatil. Y eso es lamentable\u201d.<\/p>\n","protected":false},"excerpt":{"rendered":"<p>Por Mar\u00eda Herminia Grande.- Este 10 de diciembre pas\u00f3 inadvertido, la pol\u00edtica no se anim\u00f3 a hacer un balance por [&hellip;]<\/p>\n","protected":false},"author":2,"featured_media":0,"comment_status":"open","ping_status":"closed","sticky":false,"template":"","format":"standard","meta":{"site-sidebar-layout":"default","site-content-layout":"","ast-site-content-layout":"default","site-content-style":"default","site-sidebar-style":"default","ast-global-header-display":"","ast-banner-title-visibility":"","ast-main-header-display":"","ast-hfb-above-header-display":"","ast-hfb-below-header-display":"","ast-hfb-mobile-header-display":"","site-post-title":"","ast-breadcrumbs-content":"","ast-featured-img":"","footer-sml-layout":"","ast-disable-related-posts":"","theme-transparent-header-meta":"","adv-header-id-meta":"","stick-header-meta":"","header-above-stick-meta":"","header-main-stick-meta":"","header-below-stick-meta":"","astra-migrate-meta-layouts":"default","ast-page-background-enabled":"default","ast-page-background-meta":{"desktop":{"background-color":"var(--ast-global-color-4)","background-image":"","background-repeat":"repeat","background-position":"center center","background-size":"auto","background-attachment":"scroll","background-type":"","background-media":"","overlay-type":"","overlay-color":"","overlay-opacity":"","overlay-gradient":""},"tablet":{"background-color":"","background-image":"","background-repeat":"repeat","background-position":"center center","background-size":"auto","background-attachment":"scroll","background-type":"","background-media":"","overlay-type":"","overlay-color":"","overlay-opacity":"","overlay-gradient":""},"mobile":{"background-color":"","background-image":"","background-repeat":"repeat","background-position":"center center","background-size":"auto","background-attachment":"scroll","background-type":"","background-media":"","overlay-type":"","overlay-color":"","overlay-opacity":"","overlay-gradient":""}},"ast-content-background-meta":{"desktop":{"background-color":"var(--ast-global-color-5)","background-image":"","background-repeat":"repeat","background-position":"center center","background-size":"auto","background-attachment":"scroll","background-type":"","background-media":"","overlay-type":"","overlay-color":"","overlay-opacity":"","overlay-gradient":""},"tablet":{"background-color":"var(--ast-global-color-5)","background-image":"","background-repeat":"repeat","background-position":"center center","background-size":"auto","background-attachment":"scroll","background-type":"","background-media":"","overlay-type":"","overlay-color":"","overlay-opacity":"","overlay-gradient":""},"mobile":{"background-color":"var(--ast-global-color-5)","background-image":"","background-repeat":"repeat","background-position":"center center","background-size":"auto","background-attachment":"scroll","background-type":"","background-media":"","overlay-type":"","overlay-color":"","overlay-opacity":"","overlay-gradient":""}},"footnotes":""},"categories":[5],"tags":[5301],"class_list":["post-3935","post","type-post","status-publish","format-standard","hentry","category-politica","tag-democracia-y-libertad"],"yoast_head":"<!-- This site is optimized with the Yoast SEO plugin v23.2 - https:\/\/yoast.com\/wordpress\/plugins\/seo\/ -->\n<title>Diciembre del 83: aquel grito de libertad - Sabado 100<\/title>\n<meta name=\"robots\" content=\"index, follow, max-snippet:-1, max-image-preview:large, max-video-preview:-1\" \/>\n<link rel=\"canonical\" href=\"https:\/\/sabado100.com.ar\/es-ar\/diciembre-del-83-aquel-grito-de-libertad\/\" \/>\n<meta property=\"og:locale\" content=\"es_ES\" \/>\n<meta property=\"og:type\" content=\"article\" \/>\n<meta property=\"og:title\" content=\"Diciembre del 83: aquel grito de libertad - Sabado 100\" \/>\n<meta property=\"og:description\" content=\"Por Mar\u00eda Herminia Grande.- Este 10 de diciembre pas\u00f3 inadvertido, la pol\u00edtica no se anim\u00f3 a hacer un balance por [&hellip;]\" \/>\n<meta property=\"og:url\" content=\"https:\/\/sabado100.com.ar\/es-ar\/diciembre-del-83-aquel-grito-de-libertad\/\" \/>\n<meta property=\"og:site_name\" content=\"Sabado 100\" \/>\n<meta property=\"article:publisher\" content=\"https:\/\/www.facebook.com\/sabadocien\/\" \/>\n<meta property=\"article:published_time\" content=\"2014-12-21T12:10:53+00:00\" \/>\n<meta name=\"author\" content=\"sabado cien\" \/>\n<meta name=\"twitter:card\" content=\"summary_large_image\" \/>\n<meta name=\"twitter:label1\" content=\"Escrito por\" \/>\n\t<meta name=\"twitter:data1\" content=\"sabado cien\" \/>\n\t<meta name=\"twitter:label2\" content=\"Tiempo de lectura\" \/>\n\t<meta name=\"twitter:data2\" content=\"5 minutos\" \/>\n<script type=\"application\/ld+json\" class=\"yoast-schema-graph\">{\"@context\":\"https:\/\/schema.org\",\"@graph\":[{\"@type\":\"Article\",\"@id\":\"https:\/\/sabado100.com.ar\/es-ar\/diciembre-del-83-aquel-grito-de-libertad\/#article\",\"isPartOf\":{\"@id\":\"https:\/\/sabado100.com.ar\/es-ar\/diciembre-del-83-aquel-grito-de-libertad\/\"},\"author\":{\"name\":\"sabado cien\",\"@id\":\"https:\/\/sabado100.com.ar\/es-ar\/#\/schema\/person\/58e38b918ef4e44b11398f25d4684c6d\"},\"headline\":\"Diciembre del 83: aquel grito de libertad\",\"datePublished\":\"2014-12-21T12:10:53+00:00\",\"dateModified\":\"2014-12-21T12:10:53+00:00\",\"mainEntityOfPage\":{\"@id\":\"https:\/\/sabado100.com.ar\/es-ar\/diciembre-del-83-aquel-grito-de-libertad\/\"},\"wordCount\":997,\"commentCount\":0,\"publisher\":{\"@id\":\"https:\/\/sabado100.com.ar\/es-ar\/#organization\"},\"keywords\":[\"democracia y libertad\"],\"articleSection\":[\"Pol\u00edtica\"],\"inLanguage\":\"es\",\"potentialAction\":[{\"@type\":\"CommentAction\",\"name\":\"Comment\",\"target\":[\"https:\/\/sabado100.com.ar\/es-ar\/diciembre-del-83-aquel-grito-de-libertad\/#respond\"]}]},{\"@type\":\"WebPage\",\"@id\":\"https:\/\/sabado100.com.ar\/es-ar\/diciembre-del-83-aquel-grito-de-libertad\/\",\"url\":\"https:\/\/sabado100.com.ar\/es-ar\/diciembre-del-83-aquel-grito-de-libertad\/\",\"name\":\"Diciembre del 83: aquel grito de libertad - Sabado 100\",\"isPartOf\":{\"@id\":\"https:\/\/sabado100.com.ar\/es-ar\/#website\"},\"datePublished\":\"2014-12-21T12:10:53+00:00\",\"dateModified\":\"2014-12-21T12:10:53+00:00\",\"breadcrumb\":{\"@id\":\"https:\/\/sabado100.com.ar\/es-ar\/diciembre-del-83-aquel-grito-de-libertad\/#breadcrumb\"},\"inLanguage\":\"es\",\"potentialAction\":[{\"@type\":\"ReadAction\",\"target\":[\"https:\/\/sabado100.com.ar\/es-ar\/diciembre-del-83-aquel-grito-de-libertad\/\"]}]},{\"@type\":\"BreadcrumbList\",\"@id\":\"https:\/\/sabado100.com.ar\/es-ar\/diciembre-del-83-aquel-grito-de-libertad\/#breadcrumb\",\"itemListElement\":[{\"@type\":\"ListItem\",\"position\":1,\"name\":\"Portada\",\"item\":\"https:\/\/sabado100.com.ar\/es-ar\/\"},{\"@type\":\"ListItem\",\"position\":2,\"name\":\"Diciembre del 83: aquel grito de libertad\"}]},{\"@type\":\"WebSite\",\"@id\":\"https:\/\/sabado100.com.ar\/es-ar\/#website\",\"url\":\"https:\/\/sabado100.com.ar\/es-ar\/\",\"name\":\"Sabado 100\",\"description\":\"\",\"publisher\":{\"@id\":\"https:\/\/sabado100.com.ar\/es-ar\/#organization\"},\"potentialAction\":[{\"@type\":\"SearchAction\",\"target\":{\"@type\":\"EntryPoint\",\"urlTemplate\":\"https:\/\/sabado100.com.ar\/es-ar\/?s={search_term_string}\"},\"query-input\":\"required name=search_term_string\"}],\"inLanguage\":\"es\"},{\"@type\":\"Organization\",\"@id\":\"https:\/\/sabado100.com.ar\/es-ar\/#organization\",\"name\":\"Sabado 100\",\"url\":\"https:\/\/sabado100.com.ar\/es-ar\/\",\"logo\":{\"@type\":\"ImageObject\",\"inLanguage\":\"es\",\"@id\":\"https:\/\/sabado100.com.ar\/es-ar\/#\/schema\/logo\/image\/\",\"url\":\"https:\/\/sabado100.com.ar\/es-ar\/wp-content\/uploads\/2024\/04\/logo3.jpg\",\"contentUrl\":\"https:\/\/sabado100.com.ar\/es-ar\/wp-content\/uploads\/2024\/04\/logo3.jpg\",\"width\":300,\"height\":174,\"caption\":\"Sabado 100\"},\"image\":{\"@id\":\"https:\/\/sabado100.com.ar\/es-ar\/#\/schema\/logo\/image\/\"},\"sameAs\":[\"https:\/\/www.facebook.com\/sabadocien\/\",\"https:\/\/www.instagram.com\/sabado100.com.ar\/\",\"https:\/\/www.youtube.com\/@sabado1003\"]},{\"@type\":\"Person\",\"@id\":\"https:\/\/sabado100.com.ar\/es-ar\/#\/schema\/person\/58e38b918ef4e44b11398f25d4684c6d\",\"name\":\"sabado cien\",\"image\":{\"@type\":\"ImageObject\",\"inLanguage\":\"es\",\"@id\":\"https:\/\/sabado100.com.ar\/es-ar\/#\/schema\/person\/image\/\",\"url\":\"https:\/\/sabado100.com.ar\/es-ar\/wp-content\/litespeed\/avatar\/484bccfbd493fbb703b0f1b8113dad61.jpg?ver=1787731622\",\"contentUrl\":\"https:\/\/sabado100.com.ar\/es-ar\/wp-content\/litespeed\/avatar\/484bccfbd493fbb703b0f1b8113dad61.jpg?ver=1787731622\",\"caption\":\"sabado cien\"},\"url\":\"https:\/\/sabado100.com.ar\/es-ar\/author\/sabado100\/\"}]}<\/script>\n<!-- \/ Yoast SEO plugin. -->","yoast_head_json":{"title":"Diciembre del 83: aquel grito de libertad - Sabado 100","robots":{"index":"index","follow":"follow","max-snippet":"max-snippet:-1","max-image-preview":"max-image-preview:large","max-video-preview":"max-video-preview:-1"},"canonical":"https:\/\/sabado100.com.ar\/es-ar\/diciembre-del-83-aquel-grito-de-libertad\/","og_locale":"es_ES","og_type":"article","og_title":"Diciembre del 83: aquel grito de libertad - Sabado 100","og_description":"Por Mar\u00eda Herminia Grande.- Este 10 de diciembre pas\u00f3 inadvertido, la pol\u00edtica no se anim\u00f3 a hacer un balance por [&hellip;]","og_url":"https:\/\/sabado100.com.ar\/es-ar\/diciembre-del-83-aquel-grito-de-libertad\/","og_site_name":"Sabado 100","article_publisher":"https:\/\/www.facebook.com\/sabadocien\/","article_published_time":"2014-12-21T12:10:53+00:00","author":"sabado cien","twitter_card":"summary_large_image","twitter_misc":{"Escrito por":"sabado cien","Tiempo de lectura":"5 minutos"},"schema":{"@context":"https:\/\/schema.org","@graph":[{"@type":"Article","@id":"https:\/\/sabado100.com.ar\/es-ar\/diciembre-del-83-aquel-grito-de-libertad\/#article","isPartOf":{"@id":"https:\/\/sabado100.com.ar\/es-ar\/diciembre-del-83-aquel-grito-de-libertad\/"},"author":{"name":"sabado cien","@id":"https:\/\/sabado100.com.ar\/es-ar\/#\/schema\/person\/58e38b918ef4e44b11398f25d4684c6d"},"headline":"Diciembre del 83: aquel grito de libertad","datePublished":"2014-12-21T12:10:53+00:00","dateModified":"2014-12-21T12:10:53+00:00","mainEntityOfPage":{"@id":"https:\/\/sabado100.com.ar\/es-ar\/diciembre-del-83-aquel-grito-de-libertad\/"},"wordCount":997,"commentCount":0,"publisher":{"@id":"https:\/\/sabado100.com.ar\/es-ar\/#organization"},"keywords":["democracia y libertad"],"articleSection":["Pol\u00edtica"],"inLanguage":"es","potentialAction":[{"@type":"CommentAction","name":"Comment","target":["https:\/\/sabado100.com.ar\/es-ar\/diciembre-del-83-aquel-grito-de-libertad\/#respond"]}]},{"@type":"WebPage","@id":"https:\/\/sabado100.com.ar\/es-ar\/diciembre-del-83-aquel-grito-de-libertad\/","url":"https:\/\/sabado100.com.ar\/es-ar\/diciembre-del-83-aquel-grito-de-libertad\/","name":"Diciembre del 83: aquel grito de libertad - Sabado 100","isPartOf":{"@id":"https:\/\/sabado100.com.ar\/es-ar\/#website"},"datePublished":"2014-12-21T12:10:53+00:00","dateModified":"2014-12-21T12:10:53+00:00","breadcrumb":{"@id":"https:\/\/sabado100.com.ar\/es-ar\/diciembre-del-83-aquel-grito-de-libertad\/#breadcrumb"},"inLanguage":"es","potentialAction":[{"@type":"ReadAction","target":["https:\/\/sabado100.com.ar\/es-ar\/diciembre-del-83-aquel-grito-de-libertad\/"]}]},{"@type":"BreadcrumbList","@id":"https:\/\/sabado100.com.ar\/es-ar\/diciembre-del-83-aquel-grito-de-libertad\/#breadcrumb","itemListElement":[{"@type":"ListItem","position":1,"name":"Portada","item":"https:\/\/sabado100.com.ar\/es-ar\/"},{"@type":"ListItem","position":2,"name":"Diciembre del 83: aquel grito de libertad"}]},{"@type":"WebSite","@id":"https:\/\/sabado100.com.ar\/es-ar\/#website","url":"https:\/\/sabado100.com.ar\/es-ar\/","name":"Sabado 100","description":"","publisher":{"@id":"https:\/\/sabado100.com.ar\/es-ar\/#organization"},"potentialAction":[{"@type":"SearchAction","target":{"@type":"EntryPoint","urlTemplate":"https:\/\/sabado100.com.ar\/es-ar\/?s={search_term_string}"},"query-input":"required name=search_term_string"}],"inLanguage":"es"},{"@type":"Organization","@id":"https:\/\/sabado100.com.ar\/es-ar\/#organization","name":"Sabado 100","url":"https:\/\/sabado100.com.ar\/es-ar\/","logo":{"@type":"ImageObject","inLanguage":"es","@id":"https:\/\/sabado100.com.ar\/es-ar\/#\/schema\/logo\/image\/","url":"https:\/\/sabado100.com.ar\/es-ar\/wp-content\/uploads\/2024\/04\/logo3.jpg","contentUrl":"https:\/\/sabado100.com.ar\/es-ar\/wp-content\/uploads\/2024\/04\/logo3.jpg","width":300,"height":174,"caption":"Sabado 100"},"image":{"@id":"https:\/\/sabado100.com.ar\/es-ar\/#\/schema\/logo\/image\/"},"sameAs":["https:\/\/www.facebook.com\/sabadocien\/","https:\/\/www.instagram.com\/sabado100.com.ar\/","https:\/\/www.youtube.com\/@sabado1003"]},{"@type":"Person","@id":"https:\/\/sabado100.com.ar\/es-ar\/#\/schema\/person\/58e38b918ef4e44b11398f25d4684c6d","name":"sabado cien","image":{"@type":"ImageObject","inLanguage":"es","@id":"https:\/\/sabado100.com.ar\/es-ar\/#\/schema\/person\/image\/","url":"https:\/\/sabado100.com.ar\/es-ar\/wp-content\/litespeed\/avatar\/484bccfbd493fbb703b0f1b8113dad61.jpg?ver=1787731622","contentUrl":"https:\/\/sabado100.com.ar\/es-ar\/wp-content\/litespeed\/avatar\/484bccfbd493fbb703b0f1b8113dad61.jpg?ver=1787731622","caption":"sabado cien"},"url":"https:\/\/sabado100.com.ar\/es-ar\/author\/sabado100\/"}]}},"_links":{"self":[{"href":"https:\/\/sabado100.com.ar\/es-ar\/wp-json\/wp\/v2\/posts\/3935","targetHints":{"allow":["GET"]}}],"collection":[{"href":"https:\/\/sabado100.com.ar\/es-ar\/wp-json\/wp\/v2\/posts"}],"about":[{"href":"https:\/\/sabado100.com.ar\/es-ar\/wp-json\/wp\/v2\/types\/post"}],"author":[{"embeddable":true,"href":"https:\/\/sabado100.com.ar\/es-ar\/wp-json\/wp\/v2\/users\/2"}],"replies":[{"embeddable":true,"href":"https:\/\/sabado100.com.ar\/es-ar\/wp-json\/wp\/v2\/comments?post=3935"}],"version-history":[{"count":0,"href":"https:\/\/sabado100.com.ar\/es-ar\/wp-json\/wp\/v2\/posts\/3935\/revisions"}],"wp:attachment":[{"href":"https:\/\/sabado100.com.ar\/es-ar\/wp-json\/wp\/v2\/media?parent=3935"}],"wp:term":[{"taxonomy":"category","embeddable":true,"href":"https:\/\/sabado100.com.ar\/es-ar\/wp-json\/wp\/v2\/categories?post=3935"},{"taxonomy":"post_tag","embeddable":true,"href":"https:\/\/sabado100.com.ar\/es-ar\/wp-json\/wp\/v2\/tags?post=3935"}],"curies":[{"name":"wp","href":"https:\/\/api.w.org\/{rel}","templated":true}]}}