{"id":3925,"date":"2014-12-16T21:58:32","date_gmt":"2014-12-16T19:58:32","guid":{"rendered":"https:\/\/www.sabado100.com.ar\/?p=3925"},"modified":"2014-12-16T21:58:32","modified_gmt":"2014-12-16T19:58:32","slug":"doble-festejo-tiene-el-padre-antonio-grande-35-anos-de-sacerdote-y-60-anos-de-vida","status":"publish","type":"post","link":"https:\/\/sabado100.com.ar\/es-ar\/doble-festejo-tiene-el-padre-antonio-grande-35-anos-de-sacerdote-y-60-anos-de-vida\/","title":{"rendered":"Doble festejo tiene el padre Antonio Grande: 35 a\u00f1os de sacerdote y 60 a\u00f1os de vida"},"content":{"rendered":"<p>Una vez instalado en la ciudad de Frontera a partir de setiembre pasado en la parroquia Guadalupe, en estos d\u00edas el padre Antonio Grande tiene un doble festejo: el domingo 14 de diciembre pasado cumpli\u00f3 35 a\u00f1os de sacerdote (ordenado por el ex obispo Jorge Casaretto), bajo el lema \u00abvayan por todo el mundo y anuncien el evangelio a toda la creaci\u00f3n (Mc 16,38), y hoy cumple 60 a\u00f1os de vida, rodeado del afecto de familiares y amigos de all\u00e1 y de ac\u00e1&#8230;<br \/>\nEn Frontera el domingo el padre Antonio lo festej\u00f3 con una misa presidida por el obispo diocesano Luis Fern\u00e1ndez, quien hoy viaj\u00f3 a Buenos Aires a la reuni\u00f3n de la Comisi\u00f3n Permanente (ver aparte), y concelebrada por el par Arturo Jos\u00e9 Porcel de Peralta (ex p\u00e1rroco de Josefina, retirado por sus 83 a\u00f1os y residente en San Francisco), como as\u00ed tambi\u00e9n el di\u00e1cono permanente Dar\u00edo Kemerer de Rafaela, asistiendo tambi\u00e9n la comunidad de las hermanas misioneras de la caridad, cuya fundadora fue la Madre Teresa de Calcuta, entre otros fieles.<br \/>\n\u00abAntonio vive este ministerio sacerdotal en esta actual comunidad y podr\u00e1 repetir al profeta Isa\u00edas en la palabra de Dios &#8216;el esp\u00edritu del Se\u00f1or est\u00e1 sobre m\u00ed&#8217;, te env\u00eda al mundo a llevar la buena noticia, vendar los corazones heridos, anunciar la palabra de Dios y sacar de la esclavitud del pecado\u00bb, destac\u00f3 monse\u00f1or Fern\u00e1ndez.<br \/>\nRecord\u00f3 su paso en F\u00e1tima de Rafaela (1997-2011), en Ceres (primeros a\u00f1os de la d\u00e9cada de los 90), ex rector del Colegio Sacerdotal Argentina en Roma (2011-14). \u00abEl poco tiempo que conozco a Antonio veo que vive en serio, una vida serena y alegre, como dice San Pablo no extingan el Esp\u00edritu, qu\u00e9dense con lo bueno\u00bb, agreg\u00f3.<br \/>\nCasi al t\u00e9rmino de la ceremonia, el cura rafaelino dirigi\u00f3 unas improvisadas palabras, expresando que agradec\u00eda a Dios por la vida, el ministerio, record\u00f3 a su mam\u00e1 Bety (muri\u00f3 en 1995), a los familiares y amigos de la parroquia de F\u00e1tima de Rafaela, con quienes comparti\u00f3 muchas momentos y cosas. \u00abAhora ac\u00e1 haciendo este camino en Frontera m\u00e1s la parroquia de Josefina, el Se\u00f1or va sembrando, la experiencia de anteayer en la fiesta de Guadalupe en el marco de la misi\u00f3n de Navidad\u00bb, se\u00f1al\u00f3.<br \/>\nHizo hincapi\u00e9 en la met\u00e1fora de la \u00abperla fina y preciosa encontrada como valor evang\u00e9lico, que permite iluminar y discernir esta experiencia en Roma, en encuentros con el Papa en tres oportunidades, quien cumpli\u00f3 45 a\u00f1os de sacerdote, movi\u00e9ndolo como a Jes\u00fas al desprendimiento de lo material, al silencio, la soledad, la fidelidad hasta la entrega en la cruz que da vida nueva\u00bb, compar\u00f3.<br \/>\n\u00abEn este momento en este barrio marginal de San Francisco, en la periferia de la di\u00f3cesis, por la fuerza del Esp\u00edritu que me envi\u00f3 ac\u00e1\u00bb, dijo el sacerdote Grande quien ya se sum\u00f3 (invitado por Fern\u00e1ndez) a las reuniones del colegio sacerdotal que est\u00e1 preparando la asamblea diocesana en 2015 y a partir de marzo pr\u00f3ximo retomar\u00e1 con las clases en los seminarios de Paran\u00e1 y Santa Fe.<br \/>\nFinalmente, hubo un almuerzo de camarader\u00eda con la asistencia de m\u00e1s de un centenar de comensales, en su mayor\u00eda de Frontera y en menor medida de Rafaela y Josefina, tambi\u00e9n con el p\u00e1rroco de F\u00e1tima de la vecina ciudad V\u00edctor Balangero.<\/p>\n","protected":false},"excerpt":{"rendered":"<p>Una vez instalado en la ciudad de Frontera a partir de setiembre pasado en la parroquia Guadalupe, en estos d\u00edas [&hellip;]<\/p>\n","protected":false},"author":2,"featured_media":0,"comment_status":"open","ping_status":"closed","sticky":false,"template":"","format":"standard","meta":{"site-sidebar-layout":"default","site-content-layout":"","ast-site-content-layout":"default","site-content-style":"default","site-sidebar-style":"default","ast-global-header-display":"","ast-banner-title-visibility":"","ast-main-header-display":"","ast-hfb-above-header-display":"","ast-hfb-below-header-display":"","ast-hfb-mobile-header-display":"","site-post-title":"","ast-breadcrumbs-content":"","ast-featured-img":"","footer-sml-layout":"","ast-disable-related-posts":"","theme-transparent-header-meta":"","adv-header-id-meta":"","stick-header-meta":"","header-above-stick-meta":"","header-main-stick-meta":"","header-below-stick-meta":"","astra-migrate-meta-layouts":"default","ast-page-background-enabled":"default","ast-page-background-meta":{"desktop":{"background-color":"var(--ast-global-color-4)","background-image":"","background-repeat":"repeat","background-position":"center center","background-size":"auto","background-attachment":"scroll","background-type":"","background-media":"","overlay-type":"","overlay-color":"","overlay-opacity":"","overlay-gradient":""},"tablet":{"background-color":"","background-image":"","background-repeat":"repeat","background-position":"center center","background-size":"auto","background-attachment":"scroll","background-type":"","background-media":"","overlay-type":"","overlay-color":"","overlay-opacity":"","overlay-gradient":""},"mobile":{"background-color":"","background-image":"","background-repeat":"repeat","background-position":"center center","background-size":"auto","background-attachment":"scroll","background-type":"","background-media":"","overlay-type":"","overlay-color":"","overlay-opacity":"","overlay-gradient":""}},"ast-content-background-meta":{"desktop":{"background-color":"var(--ast-global-color-5)","background-image":"","background-repeat":"repeat","background-position":"center center","background-size":"auto","background-attachment":"scroll","background-type":"","background-media":"","overlay-type":"","overlay-color":"","overlay-opacity":"","overlay-gradient":""},"tablet":{"background-color":"var(--ast-global-color-5)","background-image":"","background-repeat":"repeat","background-position":"center center","background-size":"auto","background-attachment":"scroll","background-type":"","background-media":"","overlay-type":"","overlay-color":"","overlay-opacity":"","overlay-gradient":""},"mobile":{"background-color":"var(--ast-global-color-5)","background-image":"","background-repeat":"repeat","background-position":"center center","background-size":"auto","background-attachment":"scroll","background-type":"","background-media":"","overlay-type":"","overlay-color":"","overlay-opacity":"","overlay-gradient":""}},"footnotes":""},"categories":[4,29],"tags":[5300],"class_list":["post-3925","post","type-post","status-publish","format-standard","hentry","category-cultura-y-sociedad","category-religion","tag-padre-antonio-grande"],"yoast_head":"<!-- This site is optimized with the Yoast SEO plugin v23.2 - https:\/\/yoast.com\/wordpress\/plugins\/seo\/ -->\n<title>Doble festejo tiene el padre Antonio Grande: 35 a\u00f1os de sacerdote y 60 a\u00f1os de vida - Sabado 100<\/title>\n<meta name=\"robots\" content=\"index, follow, max-snippet:-1, max-image-preview:large, max-video-preview:-1\" \/>\n<link rel=\"canonical\" href=\"https:\/\/sabado100.com.ar\/es-ar\/doble-festejo-tiene-el-padre-antonio-grande-35-anos-de-sacerdote-y-60-anos-de-vida\/\" \/>\n<meta property=\"og:locale\" content=\"es_ES\" \/>\n<meta property=\"og:type\" content=\"article\" \/>\n<meta property=\"og:title\" content=\"Doble festejo tiene el padre Antonio Grande: 35 a\u00f1os de sacerdote y 60 a\u00f1os de vida - Sabado 100\" \/>\n<meta property=\"og:description\" content=\"Una vez instalado en la ciudad de Frontera a partir de setiembre pasado en la parroquia Guadalupe, en estos d\u00edas [&hellip;]\" \/>\n<meta property=\"og:url\" content=\"https:\/\/sabado100.com.ar\/es-ar\/doble-festejo-tiene-el-padre-antonio-grande-35-anos-de-sacerdote-y-60-anos-de-vida\/\" \/>\n<meta property=\"og:site_name\" content=\"Sabado 100\" \/>\n<meta property=\"article:publisher\" content=\"https:\/\/www.facebook.com\/sabadocien\/\" \/>\n<meta property=\"article:published_time\" content=\"2014-12-16T19:58:32+00:00\" \/>\n<meta name=\"author\" content=\"sabado cien\" \/>\n<meta name=\"twitter:card\" content=\"summary_large_image\" \/>\n<meta name=\"twitter:label1\" content=\"Escrito por\" \/>\n\t<meta name=\"twitter:data1\" content=\"sabado cien\" \/>\n\t<meta name=\"twitter:label2\" content=\"Tiempo de lectura\" \/>\n\t<meta name=\"twitter:data2\" content=\"3 minutos\" \/>\n<script type=\"application\/ld+json\" class=\"yoast-schema-graph\">{\"@context\":\"https:\/\/schema.org\",\"@graph\":[{\"@type\":\"Article\",\"@id\":\"https:\/\/sabado100.com.ar\/es-ar\/doble-festejo-tiene-el-padre-antonio-grande-35-anos-de-sacerdote-y-60-anos-de-vida\/#article\",\"isPartOf\":{\"@id\":\"https:\/\/sabado100.com.ar\/es-ar\/doble-festejo-tiene-el-padre-antonio-grande-35-anos-de-sacerdote-y-60-anos-de-vida\/\"},\"author\":{\"name\":\"sabado cien\",\"@id\":\"https:\/\/sabado100.com.ar\/es-ar\/#\/schema\/person\/58e38b918ef4e44b11398f25d4684c6d\"},\"headline\":\"Doble festejo tiene el padre Antonio Grande: 35 a\u00f1os de sacerdote y 60 a\u00f1os de vida\",\"datePublished\":\"2014-12-16T19:58:32+00:00\",\"dateModified\":\"2014-12-16T19:58:32+00:00\",\"mainEntityOfPage\":{\"@id\":\"https:\/\/sabado100.com.ar\/es-ar\/doble-festejo-tiene-el-padre-antonio-grande-35-anos-de-sacerdote-y-60-anos-de-vida\/\"},\"wordCount\":597,\"commentCount\":0,\"publisher\":{\"@id\":\"https:\/\/sabado100.com.ar\/es-ar\/#organization\"},\"keywords\":[\"padre Antonio Grande\"],\"articleSection\":[\"Cultura y Sociedad\",\"Religi\u00f3n\"],\"inLanguage\":\"es\",\"potentialAction\":[{\"@type\":\"CommentAction\",\"name\":\"Comment\",\"target\":[\"https:\/\/sabado100.com.ar\/es-ar\/doble-festejo-tiene-el-padre-antonio-grande-35-anos-de-sacerdote-y-60-anos-de-vida\/#respond\"]}]},{\"@type\":\"WebPage\",\"@id\":\"https:\/\/sabado100.com.ar\/es-ar\/doble-festejo-tiene-el-padre-antonio-grande-35-anos-de-sacerdote-y-60-anos-de-vida\/\",\"url\":\"https:\/\/sabado100.com.ar\/es-ar\/doble-festejo-tiene-el-padre-antonio-grande-35-anos-de-sacerdote-y-60-anos-de-vida\/\",\"name\":\"Doble festejo tiene el padre Antonio Grande: 35 a\u00f1os de sacerdote y 60 a\u00f1os de vida - Sabado 100\",\"isPartOf\":{\"@id\":\"https:\/\/sabado100.com.ar\/es-ar\/#website\"},\"datePublished\":\"2014-12-16T19:58:32+00:00\",\"dateModified\":\"2014-12-16T19:58:32+00:00\",\"breadcrumb\":{\"@id\":\"https:\/\/sabado100.com.ar\/es-ar\/doble-festejo-tiene-el-padre-antonio-grande-35-anos-de-sacerdote-y-60-anos-de-vida\/#breadcrumb\"},\"inLanguage\":\"es\",\"potentialAction\":[{\"@type\":\"ReadAction\",\"target\":[\"https:\/\/sabado100.com.ar\/es-ar\/doble-festejo-tiene-el-padre-antonio-grande-35-anos-de-sacerdote-y-60-anos-de-vida\/\"]}]},{\"@type\":\"BreadcrumbList\",\"@id\":\"https:\/\/sabado100.com.ar\/es-ar\/doble-festejo-tiene-el-padre-antonio-grande-35-anos-de-sacerdote-y-60-anos-de-vida\/#breadcrumb\",\"itemListElement\":[{\"@type\":\"ListItem\",\"position\":1,\"name\":\"Portada\",\"item\":\"https:\/\/sabado100.com.ar\/es-ar\/\"},{\"@type\":\"ListItem\",\"position\":2,\"name\":\"Doble festejo tiene el padre Antonio Grande: 35 a\u00f1os de sacerdote y 60 a\u00f1os de vida\"}]},{\"@type\":\"WebSite\",\"@id\":\"https:\/\/sabado100.com.ar\/es-ar\/#website\",\"url\":\"https:\/\/sabado100.com.ar\/es-ar\/\",\"name\":\"Sabado 100\",\"description\":\"\",\"publisher\":{\"@id\":\"https:\/\/sabado100.com.ar\/es-ar\/#organization\"},\"potentialAction\":[{\"@type\":\"SearchAction\",\"target\":{\"@type\":\"EntryPoint\",\"urlTemplate\":\"https:\/\/sabado100.com.ar\/es-ar\/?s={search_term_string}\"},\"query-input\":\"required name=search_term_string\"}],\"inLanguage\":\"es\"},{\"@type\":\"Organization\",\"@id\":\"https:\/\/sabado100.com.ar\/es-ar\/#organization\",\"name\":\"Sabado 100\",\"url\":\"https:\/\/sabado100.com.ar\/es-ar\/\",\"logo\":{\"@type\":\"ImageObject\",\"inLanguage\":\"es\",\"@id\":\"https:\/\/sabado100.com.ar\/es-ar\/#\/schema\/logo\/image\/\",\"url\":\"https:\/\/sabado100.com.ar\/es-ar\/wp-content\/uploads\/2024\/04\/logo3.jpg\",\"contentUrl\":\"https:\/\/sabado100.com.ar\/es-ar\/wp-content\/uploads\/2024\/04\/logo3.jpg\",\"width\":300,\"height\":174,\"caption\":\"Sabado 100\"},\"image\":{\"@id\":\"https:\/\/sabado100.com.ar\/es-ar\/#\/schema\/logo\/image\/\"},\"sameAs\":[\"https:\/\/www.facebook.com\/sabadocien\/\",\"https:\/\/www.instagram.com\/sabado100.com.ar\/\",\"https:\/\/www.youtube.com\/@sabado1003\"]},{\"@type\":\"Person\",\"@id\":\"https:\/\/sabado100.com.ar\/es-ar\/#\/schema\/person\/58e38b918ef4e44b11398f25d4684c6d\",\"name\":\"sabado cien\",\"image\":{\"@type\":\"ImageObject\",\"inLanguage\":\"es\",\"@id\":\"https:\/\/sabado100.com.ar\/es-ar\/#\/schema\/person\/image\/\",\"url\":\"https:\/\/sabado100.com.ar\/es-ar\/wp-content\/litespeed\/avatar\/484bccfbd493fbb703b0f1b8113dad61.jpg?ver=1787731622\",\"contentUrl\":\"https:\/\/sabado100.com.ar\/es-ar\/wp-content\/litespeed\/avatar\/484bccfbd493fbb703b0f1b8113dad61.jpg?ver=1787731622\",\"caption\":\"sabado cien\"},\"url\":\"https:\/\/sabado100.com.ar\/es-ar\/author\/sabado100\/\"}]}<\/script>\n<!-- \/ Yoast SEO plugin. -->","yoast_head_json":{"title":"Doble festejo tiene el padre Antonio Grande: 35 a\u00f1os de sacerdote y 60 a\u00f1os de vida - Sabado 100","robots":{"index":"index","follow":"follow","max-snippet":"max-snippet:-1","max-image-preview":"max-image-preview:large","max-video-preview":"max-video-preview:-1"},"canonical":"https:\/\/sabado100.com.ar\/es-ar\/doble-festejo-tiene-el-padre-antonio-grande-35-anos-de-sacerdote-y-60-anos-de-vida\/","og_locale":"es_ES","og_type":"article","og_title":"Doble festejo tiene el padre Antonio Grande: 35 a\u00f1os de sacerdote y 60 a\u00f1os de vida - Sabado 100","og_description":"Una vez instalado en la ciudad de Frontera a partir de setiembre pasado en la parroquia Guadalupe, en estos d\u00edas [&hellip;]","og_url":"https:\/\/sabado100.com.ar\/es-ar\/doble-festejo-tiene-el-padre-antonio-grande-35-anos-de-sacerdote-y-60-anos-de-vida\/","og_site_name":"Sabado 100","article_publisher":"https:\/\/www.facebook.com\/sabadocien\/","article_published_time":"2014-12-16T19:58:32+00:00","author":"sabado cien","twitter_card":"summary_large_image","twitter_misc":{"Escrito por":"sabado cien","Tiempo de lectura":"3 minutos"},"schema":{"@context":"https:\/\/schema.org","@graph":[{"@type":"Article","@id":"https:\/\/sabado100.com.ar\/es-ar\/doble-festejo-tiene-el-padre-antonio-grande-35-anos-de-sacerdote-y-60-anos-de-vida\/#article","isPartOf":{"@id":"https:\/\/sabado100.com.ar\/es-ar\/doble-festejo-tiene-el-padre-antonio-grande-35-anos-de-sacerdote-y-60-anos-de-vida\/"},"author":{"name":"sabado cien","@id":"https:\/\/sabado100.com.ar\/es-ar\/#\/schema\/person\/58e38b918ef4e44b11398f25d4684c6d"},"headline":"Doble festejo tiene el padre Antonio Grande: 35 a\u00f1os de sacerdote y 60 a\u00f1os de vida","datePublished":"2014-12-16T19:58:32+00:00","dateModified":"2014-12-16T19:58:32+00:00","mainEntityOfPage":{"@id":"https:\/\/sabado100.com.ar\/es-ar\/doble-festejo-tiene-el-padre-antonio-grande-35-anos-de-sacerdote-y-60-anos-de-vida\/"},"wordCount":597,"commentCount":0,"publisher":{"@id":"https:\/\/sabado100.com.ar\/es-ar\/#organization"},"keywords":["padre Antonio Grande"],"articleSection":["Cultura y Sociedad","Religi\u00f3n"],"inLanguage":"es","potentialAction":[{"@type":"CommentAction","name":"Comment","target":["https:\/\/sabado100.com.ar\/es-ar\/doble-festejo-tiene-el-padre-antonio-grande-35-anos-de-sacerdote-y-60-anos-de-vida\/#respond"]}]},{"@type":"WebPage","@id":"https:\/\/sabado100.com.ar\/es-ar\/doble-festejo-tiene-el-padre-antonio-grande-35-anos-de-sacerdote-y-60-anos-de-vida\/","url":"https:\/\/sabado100.com.ar\/es-ar\/doble-festejo-tiene-el-padre-antonio-grande-35-anos-de-sacerdote-y-60-anos-de-vida\/","name":"Doble festejo tiene el padre Antonio Grande: 35 a\u00f1os de sacerdote y 60 a\u00f1os de vida - Sabado 100","isPartOf":{"@id":"https:\/\/sabado100.com.ar\/es-ar\/#website"},"datePublished":"2014-12-16T19:58:32+00:00","dateModified":"2014-12-16T19:58:32+00:00","breadcrumb":{"@id":"https:\/\/sabado100.com.ar\/es-ar\/doble-festejo-tiene-el-padre-antonio-grande-35-anos-de-sacerdote-y-60-anos-de-vida\/#breadcrumb"},"inLanguage":"es","potentialAction":[{"@type":"ReadAction","target":["https:\/\/sabado100.com.ar\/es-ar\/doble-festejo-tiene-el-padre-antonio-grande-35-anos-de-sacerdote-y-60-anos-de-vida\/"]}]},{"@type":"BreadcrumbList","@id":"https:\/\/sabado100.com.ar\/es-ar\/doble-festejo-tiene-el-padre-antonio-grande-35-anos-de-sacerdote-y-60-anos-de-vida\/#breadcrumb","itemListElement":[{"@type":"ListItem","position":1,"name":"Portada","item":"https:\/\/sabado100.com.ar\/es-ar\/"},{"@type":"ListItem","position":2,"name":"Doble festejo tiene el padre Antonio Grande: 35 a\u00f1os de sacerdote y 60 a\u00f1os de vida"}]},{"@type":"WebSite","@id":"https:\/\/sabado100.com.ar\/es-ar\/#website","url":"https:\/\/sabado100.com.ar\/es-ar\/","name":"Sabado 100","description":"","publisher":{"@id":"https:\/\/sabado100.com.ar\/es-ar\/#organization"},"potentialAction":[{"@type":"SearchAction","target":{"@type":"EntryPoint","urlTemplate":"https:\/\/sabado100.com.ar\/es-ar\/?s={search_term_string}"},"query-input":"required name=search_term_string"}],"inLanguage":"es"},{"@type":"Organization","@id":"https:\/\/sabado100.com.ar\/es-ar\/#organization","name":"Sabado 100","url":"https:\/\/sabado100.com.ar\/es-ar\/","logo":{"@type":"ImageObject","inLanguage":"es","@id":"https:\/\/sabado100.com.ar\/es-ar\/#\/schema\/logo\/image\/","url":"https:\/\/sabado100.com.ar\/es-ar\/wp-content\/uploads\/2024\/04\/logo3.jpg","contentUrl":"https:\/\/sabado100.com.ar\/es-ar\/wp-content\/uploads\/2024\/04\/logo3.jpg","width":300,"height":174,"caption":"Sabado 100"},"image":{"@id":"https:\/\/sabado100.com.ar\/es-ar\/#\/schema\/logo\/image\/"},"sameAs":["https:\/\/www.facebook.com\/sabadocien\/","https:\/\/www.instagram.com\/sabado100.com.ar\/","https:\/\/www.youtube.com\/@sabado1003"]},{"@type":"Person","@id":"https:\/\/sabado100.com.ar\/es-ar\/#\/schema\/person\/58e38b918ef4e44b11398f25d4684c6d","name":"sabado cien","image":{"@type":"ImageObject","inLanguage":"es","@id":"https:\/\/sabado100.com.ar\/es-ar\/#\/schema\/person\/image\/","url":"https:\/\/sabado100.com.ar\/es-ar\/wp-content\/litespeed\/avatar\/484bccfbd493fbb703b0f1b8113dad61.jpg?ver=1787731622","contentUrl":"https:\/\/sabado100.com.ar\/es-ar\/wp-content\/litespeed\/avatar\/484bccfbd493fbb703b0f1b8113dad61.jpg?ver=1787731622","caption":"sabado cien"},"url":"https:\/\/sabado100.com.ar\/es-ar\/author\/sabado100\/"}]}},"_links":{"self":[{"href":"https:\/\/sabado100.com.ar\/es-ar\/wp-json\/wp\/v2\/posts\/3925","targetHints":{"allow":["GET"]}}],"collection":[{"href":"https:\/\/sabado100.com.ar\/es-ar\/wp-json\/wp\/v2\/posts"}],"about":[{"href":"https:\/\/sabado100.com.ar\/es-ar\/wp-json\/wp\/v2\/types\/post"}],"author":[{"embeddable":true,"href":"https:\/\/sabado100.com.ar\/es-ar\/wp-json\/wp\/v2\/users\/2"}],"replies":[{"embeddable":true,"href":"https:\/\/sabado100.com.ar\/es-ar\/wp-json\/wp\/v2\/comments?post=3925"}],"version-history":[{"count":0,"href":"https:\/\/sabado100.com.ar\/es-ar\/wp-json\/wp\/v2\/posts\/3925\/revisions"}],"wp:attachment":[{"href":"https:\/\/sabado100.com.ar\/es-ar\/wp-json\/wp\/v2\/media?parent=3925"}],"wp:term":[{"taxonomy":"category","embeddable":true,"href":"https:\/\/sabado100.com.ar\/es-ar\/wp-json\/wp\/v2\/categories?post=3925"},{"taxonomy":"post_tag","embeddable":true,"href":"https:\/\/sabado100.com.ar\/es-ar\/wp-json\/wp\/v2\/tags?post=3925"}],"curies":[{"name":"wp","href":"https:\/\/api.w.org\/{rel}","templated":true}]}}