{"id":3900,"date":"2014-11-29T23:25:51","date_gmt":"2014-11-29T21:25:51","guid":{"rendered":"https:\/\/www.sabado100.com.ar\/?p=3900"},"modified":"2014-11-29T23:25:51","modified_gmt":"2014-11-29T21:25:51","slug":"150-000-personas-murieron-en-los-ultimos-20-anos-en-argentina","status":"publish","type":"post","link":"https:\/\/sabado100.com.ar\/es-ar\/150-000-personas-murieron-en-los-ultimos-20-anos-en-argentina\/","title":{"rendered":"150.000 personas murieron en los \u00faltimos 20 a\u00f1os en Argentina"},"content":{"rendered":"<p>Se trata del editorial del programa \u00abS\u00e1bado 100\u00bb por radio Sol Rafaela FM 90,9 conducido por Emilio Grande (h.).- Lamentablemente, las muertes por accidentes de tr\u00e1nsito siguen produci\u00e9ndose en nuestro pa\u00eds, siendo una materia pendiente para la dirigencia pol\u00edtica en no reaccionar ante este drama humano para realizar autopistas y, al mismo tiempo, la gente sigue conduciendo desastrosamente.<br \/>\nHace unos d\u00edas, estuvo en Rafaela el director ejecutivo de la Fundaci\u00f3n Metas Siglo XXI, Osvaldo Ottaviano, expresando que \u00abla cantidad de v\u00edctimas que tenemos en las rutas puede reducirse dr\u00e1sticamente transformando el dise\u00f1o de estas carreteras. Si vos separ\u00e1s los flujos de tr\u00e1nsito en dos rutas paralelas, es inimaginable un choque frontal, que hoy te causa el 66% de las muertes en las rutas\u00bb.<br \/>\nEl proyecto de Autopistas Inteligentes denominado \u201cPlan Laura\u201d, proyecto principal de la Fundaci\u00f3n Metas siglo XXI de la d\u00e9cada de los 90, que ya cuenta con la aprobaci\u00f3n de 17 legislaturas provinciales y que el doctor Guillermo Laura, presidente de la Fundaci\u00f3n, fue presentado en el Congreso de la Naci\u00f3n.<br \/>\n\u00abEs un tema de dificil\u00edsima resoluci\u00f3n si se pretende supeditarse a la partida presupuestaria, cualquiera sea el Gobierno de turno, en el listado de cosas que hoy tiene el pa\u00eds. Es por eso que nosotros desde hace varios a\u00f1os y visto los fracasos que son recurrentes, vemos que hay que pensar en algo nuevo, en algo diferente, hay que cambiar el modelo de gesti\u00f3n en primera instancia, ya que nunca es dif\u00edcil emprender obras de gran escala y de semejante magnitud\u00bb, dijo Ottaviano.<br \/>\nEn este contexto, la Asociaci\u00f3n Civil Luchemos por la Vida difundi\u00f3 estad\u00edsticas escalofriantes: en Argentina en los \u00faltimos 20 a\u00f1os murieron 150.000 personas (7.500 por a\u00f1o) por esta causa y millones han resultado heridas, sufriendo discapacidades permanentes.<br \/>\nTambi\u00e9n hay que tener presente a millones de personas que nunca se cuentan entre las v\u00edctimas de tr\u00e1nsito, que son sus familiares y seres queridos, que son muchas m\u00e1s que las que se ven en el lugar del siniestro.<br \/>\nA decir verdad, en nuestro pa\u00eds ninguna guerra, ni cat\u00e1strofe o desastre natural ha producido semejante tragedia. Todos los esfuerzos que se hagan para evitar estas tragedias lo valen. En cada vida que se va, hay muchas m\u00e1s da\u00f1adas para siempre.<br \/>\nEl mejor homenaje que como sociedad se les puede brindar es hacer lo necesario para que estas muertes evitables no sigan repiti\u00e9ndose.<br \/>\n\u00bfPor qu\u00e9 los \u00faltimos gobiernos nacionales no realizan las obras de infraestructura para contar con autopistas como tienen otros pa\u00edses que evitar\u00edan miles de muertes? La respuesta es sencilla no pueden recibir coimas porque es un emprendimiento privado\u2026<\/p>\n","protected":false},"excerpt":{"rendered":"<p>Se trata del editorial del programa \u00abS\u00e1bado 100\u00bb por radio Sol Rafaela FM 90,9 conducido por Emilio Grande (h.).- Lamentablemente, [&hellip;]<\/p>\n","protected":false},"author":2,"featured_media":0,"comment_status":"open","ping_status":"closed","sticky":false,"template":"","format":"standard","meta":{"site-sidebar-layout":"default","site-content-layout":"","ast-site-content-layout":"default","site-content-style":"default","site-sidebar-style":"default","ast-global-header-display":"","ast-banner-title-visibility":"","ast-main-header-display":"","ast-hfb-above-header-display":"","ast-hfb-below-header-display":"","ast-hfb-mobile-header-display":"","site-post-title":"","ast-breadcrumbs-content":"","ast-featured-img":"","footer-sml-layout":"","ast-disable-related-posts":"","theme-transparent-header-meta":"","adv-header-id-meta":"","stick-header-meta":"","header-above-stick-meta":"","header-main-stick-meta":"","header-below-stick-meta":"","astra-migrate-meta-layouts":"default","ast-page-background-enabled":"default","ast-page-background-meta":{"desktop":{"background-color":"var(--ast-global-color-4)","background-image":"","background-repeat":"repeat","background-position":"center center","background-size":"auto","background-attachment":"scroll","background-type":"","background-media":"","overlay-type":"","overlay-color":"","overlay-opacity":"","overlay-gradient":""},"tablet":{"background-color":"","background-image":"","background-repeat":"repeat","background-position":"center center","background-size":"auto","background-attachment":"scroll","background-type":"","background-media":"","overlay-type":"","overlay-color":"","overlay-opacity":"","overlay-gradient":""},"mobile":{"background-color":"","background-image":"","background-repeat":"repeat","background-position":"center center","background-size":"auto","background-attachment":"scroll","background-type":"","background-media":"","overlay-type":"","overlay-color":"","overlay-opacity":"","overlay-gradient":""}},"ast-content-background-meta":{"desktop":{"background-color":"var(--ast-global-color-5)","background-image":"","background-repeat":"repeat","background-position":"center center","background-size":"auto","background-attachment":"scroll","background-type":"","background-media":"","overlay-type":"","overlay-color":"","overlay-opacity":"","overlay-gradient":""},"tablet":{"background-color":"var(--ast-global-color-5)","background-image":"","background-repeat":"repeat","background-position":"center center","background-size":"auto","background-attachment":"scroll","background-type":"","background-media":"","overlay-type":"","overlay-color":"","overlay-opacity":"","overlay-gradient":""},"mobile":{"background-color":"var(--ast-global-color-5)","background-image":"","background-repeat":"repeat","background-position":"center center","background-size":"auto","background-attachment":"scroll","background-type":"","background-media":"","overlay-type":"","overlay-color":"","overlay-opacity":"","overlay-gradient":""}},"footnotes":""},"categories":[4,5],"tags":[5295],"class_list":["post-3900","post","type-post","status-publish","format-standard","hentry","category-cultura-y-sociedad","category-politica","tag-150-000-personas-murieron-en-los-ultimos-20-anos-en-argentina"],"yoast_head":"<!-- This site is optimized with the Yoast SEO plugin v23.2 - https:\/\/yoast.com\/wordpress\/plugins\/seo\/ -->\n<title>150.000 personas murieron en los \u00faltimos 20 a\u00f1os en Argentina - Sabado 100<\/title>\n<meta name=\"robots\" content=\"index, follow, max-snippet:-1, max-image-preview:large, max-video-preview:-1\" \/>\n<link rel=\"canonical\" href=\"https:\/\/sabado100.com.ar\/es-ar\/150-000-personas-murieron-en-los-ultimos-20-anos-en-argentina\/\" \/>\n<meta property=\"og:locale\" content=\"es_ES\" \/>\n<meta property=\"og:type\" content=\"article\" \/>\n<meta property=\"og:title\" content=\"150.000 personas murieron en los \u00faltimos 20 a\u00f1os en Argentina - Sabado 100\" \/>\n<meta property=\"og:description\" content=\"Se trata del editorial del programa \u00abS\u00e1bado 100\u00bb por radio Sol Rafaela FM 90,9 conducido por Emilio Grande (h.).- Lamentablemente, [&hellip;]\" \/>\n<meta property=\"og:url\" content=\"https:\/\/sabado100.com.ar\/es-ar\/150-000-personas-murieron-en-los-ultimos-20-anos-en-argentina\/\" \/>\n<meta property=\"og:site_name\" content=\"Sabado 100\" \/>\n<meta property=\"article:publisher\" content=\"https:\/\/www.facebook.com\/sabadocien\/\" \/>\n<meta property=\"article:published_time\" content=\"2014-11-29T21:25:51+00:00\" \/>\n<meta name=\"author\" content=\"sabado cien\" \/>\n<meta name=\"twitter:card\" content=\"summary_large_image\" \/>\n<meta name=\"twitter:label1\" content=\"Escrito por\" \/>\n\t<meta name=\"twitter:data1\" content=\"sabado cien\" \/>\n\t<meta name=\"twitter:label2\" content=\"Tiempo de lectura\" \/>\n\t<meta name=\"twitter:data2\" content=\"2 minutos\" \/>\n<script type=\"application\/ld+json\" class=\"yoast-schema-graph\">{\"@context\":\"https:\/\/schema.org\",\"@graph\":[{\"@type\":\"Article\",\"@id\":\"https:\/\/sabado100.com.ar\/es-ar\/150-000-personas-murieron-en-los-ultimos-20-anos-en-argentina\/#article\",\"isPartOf\":{\"@id\":\"https:\/\/sabado100.com.ar\/es-ar\/150-000-personas-murieron-en-los-ultimos-20-anos-en-argentina\/\"},\"author\":{\"name\":\"sabado cien\",\"@id\":\"https:\/\/sabado100.com.ar\/es-ar\/#\/schema\/person\/58e38b918ef4e44b11398f25d4684c6d\"},\"headline\":\"150.000 personas murieron en los \u00faltimos 20 a\u00f1os en Argentina\",\"datePublished\":\"2014-11-29T21:25:51+00:00\",\"dateModified\":\"2014-11-29T21:25:51+00:00\",\"mainEntityOfPage\":{\"@id\":\"https:\/\/sabado100.com.ar\/es-ar\/150-000-personas-murieron-en-los-ultimos-20-anos-en-argentina\/\"},\"wordCount\":473,\"commentCount\":0,\"publisher\":{\"@id\":\"https:\/\/sabado100.com.ar\/es-ar\/#organization\"},\"keywords\":[\"150.000 personas murieron en los \u00faltimos 20 a\u00f1os en Argentina\"],\"articleSection\":[\"Cultura y Sociedad\",\"Pol\u00edtica\"],\"inLanguage\":\"es\",\"potentialAction\":[{\"@type\":\"CommentAction\",\"name\":\"Comment\",\"target\":[\"https:\/\/sabado100.com.ar\/es-ar\/150-000-personas-murieron-en-los-ultimos-20-anos-en-argentina\/#respond\"]}]},{\"@type\":\"WebPage\",\"@id\":\"https:\/\/sabado100.com.ar\/es-ar\/150-000-personas-murieron-en-los-ultimos-20-anos-en-argentina\/\",\"url\":\"https:\/\/sabado100.com.ar\/es-ar\/150-000-personas-murieron-en-los-ultimos-20-anos-en-argentina\/\",\"name\":\"150.000 personas murieron en los \u00faltimos 20 a\u00f1os en Argentina - Sabado 100\",\"isPartOf\":{\"@id\":\"https:\/\/sabado100.com.ar\/es-ar\/#website\"},\"datePublished\":\"2014-11-29T21:25:51+00:00\",\"dateModified\":\"2014-11-29T21:25:51+00:00\",\"breadcrumb\":{\"@id\":\"https:\/\/sabado100.com.ar\/es-ar\/150-000-personas-murieron-en-los-ultimos-20-anos-en-argentina\/#breadcrumb\"},\"inLanguage\":\"es\",\"potentialAction\":[{\"@type\":\"ReadAction\",\"target\":[\"https:\/\/sabado100.com.ar\/es-ar\/150-000-personas-murieron-en-los-ultimos-20-anos-en-argentina\/\"]}]},{\"@type\":\"BreadcrumbList\",\"@id\":\"https:\/\/sabado100.com.ar\/es-ar\/150-000-personas-murieron-en-los-ultimos-20-anos-en-argentina\/#breadcrumb\",\"itemListElement\":[{\"@type\":\"ListItem\",\"position\":1,\"name\":\"Portada\",\"item\":\"https:\/\/sabado100.com.ar\/es-ar\/\"},{\"@type\":\"ListItem\",\"position\":2,\"name\":\"150.000 personas murieron en los \u00faltimos 20 a\u00f1os en Argentina\"}]},{\"@type\":\"WebSite\",\"@id\":\"https:\/\/sabado100.com.ar\/es-ar\/#website\",\"url\":\"https:\/\/sabado100.com.ar\/es-ar\/\",\"name\":\"Sabado 100\",\"description\":\"\",\"publisher\":{\"@id\":\"https:\/\/sabado100.com.ar\/es-ar\/#organization\"},\"potentialAction\":[{\"@type\":\"SearchAction\",\"target\":{\"@type\":\"EntryPoint\",\"urlTemplate\":\"https:\/\/sabado100.com.ar\/es-ar\/?s={search_term_string}\"},\"query-input\":\"required name=search_term_string\"}],\"inLanguage\":\"es\"},{\"@type\":\"Organization\",\"@id\":\"https:\/\/sabado100.com.ar\/es-ar\/#organization\",\"name\":\"Sabado 100\",\"url\":\"https:\/\/sabado100.com.ar\/es-ar\/\",\"logo\":{\"@type\":\"ImageObject\",\"inLanguage\":\"es\",\"@id\":\"https:\/\/sabado100.com.ar\/es-ar\/#\/schema\/logo\/image\/\",\"url\":\"https:\/\/sabado100.com.ar\/es-ar\/wp-content\/uploads\/2024\/04\/logo3.jpg\",\"contentUrl\":\"https:\/\/sabado100.com.ar\/es-ar\/wp-content\/uploads\/2024\/04\/logo3.jpg\",\"width\":300,\"height\":174,\"caption\":\"Sabado 100\"},\"image\":{\"@id\":\"https:\/\/sabado100.com.ar\/es-ar\/#\/schema\/logo\/image\/\"},\"sameAs\":[\"https:\/\/www.facebook.com\/sabadocien\/\",\"https:\/\/www.instagram.com\/sabado100.com.ar\/\",\"https:\/\/www.youtube.com\/@sabado1003\"]},{\"@type\":\"Person\",\"@id\":\"https:\/\/sabado100.com.ar\/es-ar\/#\/schema\/person\/58e38b918ef4e44b11398f25d4684c6d\",\"name\":\"sabado cien\",\"image\":{\"@type\":\"ImageObject\",\"inLanguage\":\"es\",\"@id\":\"https:\/\/sabado100.com.ar\/es-ar\/#\/schema\/person\/image\/\",\"url\":\"https:\/\/sabado100.com.ar\/es-ar\/wp-content\/litespeed\/avatar\/484bccfbd493fbb703b0f1b8113dad61.jpg?ver=1787731622\",\"contentUrl\":\"https:\/\/sabado100.com.ar\/es-ar\/wp-content\/litespeed\/avatar\/484bccfbd493fbb703b0f1b8113dad61.jpg?ver=1787731622\",\"caption\":\"sabado cien\"},\"url\":\"https:\/\/sabado100.com.ar\/es-ar\/author\/sabado100\/\"}]}<\/script>\n<!-- \/ Yoast SEO plugin. -->","yoast_head_json":{"title":"150.000 personas murieron en los \u00faltimos 20 a\u00f1os en Argentina - Sabado 100","robots":{"index":"index","follow":"follow","max-snippet":"max-snippet:-1","max-image-preview":"max-image-preview:large","max-video-preview":"max-video-preview:-1"},"canonical":"https:\/\/sabado100.com.ar\/es-ar\/150-000-personas-murieron-en-los-ultimos-20-anos-en-argentina\/","og_locale":"es_ES","og_type":"article","og_title":"150.000 personas murieron en los \u00faltimos 20 a\u00f1os en Argentina - Sabado 100","og_description":"Se trata del editorial del programa \u00abS\u00e1bado 100\u00bb por radio Sol Rafaela FM 90,9 conducido por Emilio Grande (h.).- Lamentablemente, [&hellip;]","og_url":"https:\/\/sabado100.com.ar\/es-ar\/150-000-personas-murieron-en-los-ultimos-20-anos-en-argentina\/","og_site_name":"Sabado 100","article_publisher":"https:\/\/www.facebook.com\/sabadocien\/","article_published_time":"2014-11-29T21:25:51+00:00","author":"sabado cien","twitter_card":"summary_large_image","twitter_misc":{"Escrito por":"sabado cien","Tiempo de lectura":"2 minutos"},"schema":{"@context":"https:\/\/schema.org","@graph":[{"@type":"Article","@id":"https:\/\/sabado100.com.ar\/es-ar\/150-000-personas-murieron-en-los-ultimos-20-anos-en-argentina\/#article","isPartOf":{"@id":"https:\/\/sabado100.com.ar\/es-ar\/150-000-personas-murieron-en-los-ultimos-20-anos-en-argentina\/"},"author":{"name":"sabado cien","@id":"https:\/\/sabado100.com.ar\/es-ar\/#\/schema\/person\/58e38b918ef4e44b11398f25d4684c6d"},"headline":"150.000 personas murieron en los \u00faltimos 20 a\u00f1os en Argentina","datePublished":"2014-11-29T21:25:51+00:00","dateModified":"2014-11-29T21:25:51+00:00","mainEntityOfPage":{"@id":"https:\/\/sabado100.com.ar\/es-ar\/150-000-personas-murieron-en-los-ultimos-20-anos-en-argentina\/"},"wordCount":473,"commentCount":0,"publisher":{"@id":"https:\/\/sabado100.com.ar\/es-ar\/#organization"},"keywords":["150.000 personas murieron en los \u00faltimos 20 a\u00f1os en Argentina"],"articleSection":["Cultura y Sociedad","Pol\u00edtica"],"inLanguage":"es","potentialAction":[{"@type":"CommentAction","name":"Comment","target":["https:\/\/sabado100.com.ar\/es-ar\/150-000-personas-murieron-en-los-ultimos-20-anos-en-argentina\/#respond"]}]},{"@type":"WebPage","@id":"https:\/\/sabado100.com.ar\/es-ar\/150-000-personas-murieron-en-los-ultimos-20-anos-en-argentina\/","url":"https:\/\/sabado100.com.ar\/es-ar\/150-000-personas-murieron-en-los-ultimos-20-anos-en-argentina\/","name":"150.000 personas murieron en los \u00faltimos 20 a\u00f1os en Argentina - Sabado 100","isPartOf":{"@id":"https:\/\/sabado100.com.ar\/es-ar\/#website"},"datePublished":"2014-11-29T21:25:51+00:00","dateModified":"2014-11-29T21:25:51+00:00","breadcrumb":{"@id":"https:\/\/sabado100.com.ar\/es-ar\/150-000-personas-murieron-en-los-ultimos-20-anos-en-argentina\/#breadcrumb"},"inLanguage":"es","potentialAction":[{"@type":"ReadAction","target":["https:\/\/sabado100.com.ar\/es-ar\/150-000-personas-murieron-en-los-ultimos-20-anos-en-argentina\/"]}]},{"@type":"BreadcrumbList","@id":"https:\/\/sabado100.com.ar\/es-ar\/150-000-personas-murieron-en-los-ultimos-20-anos-en-argentina\/#breadcrumb","itemListElement":[{"@type":"ListItem","position":1,"name":"Portada","item":"https:\/\/sabado100.com.ar\/es-ar\/"},{"@type":"ListItem","position":2,"name":"150.000 personas murieron en los \u00faltimos 20 a\u00f1os en Argentina"}]},{"@type":"WebSite","@id":"https:\/\/sabado100.com.ar\/es-ar\/#website","url":"https:\/\/sabado100.com.ar\/es-ar\/","name":"Sabado 100","description":"","publisher":{"@id":"https:\/\/sabado100.com.ar\/es-ar\/#organization"},"potentialAction":[{"@type":"SearchAction","target":{"@type":"EntryPoint","urlTemplate":"https:\/\/sabado100.com.ar\/es-ar\/?s={search_term_string}"},"query-input":"required name=search_term_string"}],"inLanguage":"es"},{"@type":"Organization","@id":"https:\/\/sabado100.com.ar\/es-ar\/#organization","name":"Sabado 100","url":"https:\/\/sabado100.com.ar\/es-ar\/","logo":{"@type":"ImageObject","inLanguage":"es","@id":"https:\/\/sabado100.com.ar\/es-ar\/#\/schema\/logo\/image\/","url":"https:\/\/sabado100.com.ar\/es-ar\/wp-content\/uploads\/2024\/04\/logo3.jpg","contentUrl":"https:\/\/sabado100.com.ar\/es-ar\/wp-content\/uploads\/2024\/04\/logo3.jpg","width":300,"height":174,"caption":"Sabado 100"},"image":{"@id":"https:\/\/sabado100.com.ar\/es-ar\/#\/schema\/logo\/image\/"},"sameAs":["https:\/\/www.facebook.com\/sabadocien\/","https:\/\/www.instagram.com\/sabado100.com.ar\/","https:\/\/www.youtube.com\/@sabado1003"]},{"@type":"Person","@id":"https:\/\/sabado100.com.ar\/es-ar\/#\/schema\/person\/58e38b918ef4e44b11398f25d4684c6d","name":"sabado cien","image":{"@type":"ImageObject","inLanguage":"es","@id":"https:\/\/sabado100.com.ar\/es-ar\/#\/schema\/person\/image\/","url":"https:\/\/sabado100.com.ar\/es-ar\/wp-content\/litespeed\/avatar\/484bccfbd493fbb703b0f1b8113dad61.jpg?ver=1787731622","contentUrl":"https:\/\/sabado100.com.ar\/es-ar\/wp-content\/litespeed\/avatar\/484bccfbd493fbb703b0f1b8113dad61.jpg?ver=1787731622","caption":"sabado cien"},"url":"https:\/\/sabado100.com.ar\/es-ar\/author\/sabado100\/"}]}},"_links":{"self":[{"href":"https:\/\/sabado100.com.ar\/es-ar\/wp-json\/wp\/v2\/posts\/3900","targetHints":{"allow":["GET"]}}],"collection":[{"href":"https:\/\/sabado100.com.ar\/es-ar\/wp-json\/wp\/v2\/posts"}],"about":[{"href":"https:\/\/sabado100.com.ar\/es-ar\/wp-json\/wp\/v2\/types\/post"}],"author":[{"embeddable":true,"href":"https:\/\/sabado100.com.ar\/es-ar\/wp-json\/wp\/v2\/users\/2"}],"replies":[{"embeddable":true,"href":"https:\/\/sabado100.com.ar\/es-ar\/wp-json\/wp\/v2\/comments?post=3900"}],"version-history":[{"count":0,"href":"https:\/\/sabado100.com.ar\/es-ar\/wp-json\/wp\/v2\/posts\/3900\/revisions"}],"wp:attachment":[{"href":"https:\/\/sabado100.com.ar\/es-ar\/wp-json\/wp\/v2\/media?parent=3900"}],"wp:term":[{"taxonomy":"category","embeddable":true,"href":"https:\/\/sabado100.com.ar\/es-ar\/wp-json\/wp\/v2\/categories?post=3900"},{"taxonomy":"post_tag","embeddable":true,"href":"https:\/\/sabado100.com.ar\/es-ar\/wp-json\/wp\/v2\/tags?post=3900"}],"curies":[{"name":"wp","href":"https:\/\/api.w.org\/{rel}","templated":true}]}}