{"id":3888,"date":"2014-11-25T21:38:18","date_gmt":"2014-11-25T19:38:18","guid":{"rendered":"https:\/\/www.sabado100.com.ar\/?p=3888"},"modified":"2014-11-25T21:38:18","modified_gmt":"2014-11-25T19:38:18","slug":"el-programa-de-radio-sabado-100-recibio-dos-distinciones-en-la-entrega-de-los-premios-santa-fe-de-oro-federal-2014-en-rafaela","status":"publish","type":"post","link":"https:\/\/sabado100.com.ar\/es-ar\/el-programa-de-radio-sabado-100-recibio-dos-distinciones-en-la-entrega-de-los-premios-santa-fe-de-oro-federal-2014-en-rafaela\/","title":{"rendered":"El programa de radio \u00abS\u00e1bado 100\u00bb recibi\u00f3 dos distinciones en la entrega de los premios \u00abSanta Fe de oro federal\u00bb 2014 en Rafaela"},"content":{"rendered":"<p><a href=\"https:\/\/www.sabado100.com.ar\/wp-content\/uploads\/2014\/11\/premio-santafe-orofederal-2014.jpg\"><img fetchpriority=\"high\" decoding=\"async\" src=\"https:\/\/www.sabado100.com.ar\/wp-content\/uploads\/2014\/11\/premio-santafe-orofederal-2014-199x300.jpg\" alt=\"premio-santafe-orofederal-2014\" width=\"199\" height=\"300\" class=\"alignnone size-medium wp-image-3891\" \/><\/a><br \/>\nEn la noche del domingo se llev\u00f3 a cabo la entrega del los premios \u201cSanta Fe Oro Federal 2014\u201d en el sal\u00f3n del Club Ben Hur, pegado a la cancha de f\u00fatbol, cuya primera edici\u00f3n es el puntapi\u00e9 inicial para que los periodistas tengan a\u00f1o a a\u00f1o su fiesta de encuentro y reconocimiento de su tarea profesional.<br \/>\nISAPREN (Instituto Santafesino de la Prensa), entidad que impulsa el premio ha concebido una instancia federal que permite asegurarse un lugar en los \u201cSanta Fe Oro Nacional y del Mercosur\u201d. Una noche de muchas emociones, recuerdos de quienes ya no est\u00e1n, reconocimientos del trabajo de aquellos profesionales que han entregado sus d\u00edas a escribir parte de la historia del periodismo en Rafaela, y los profesionales que se inscribieron para que el prestigioso jurado eval\u00fae sus trabajos y premie esa entrega.<br \/>\nMomentos significativos para una noche donde los \u201cSanta Fe Oro Federal\u201d fueron los protagonistas. La conducci\u00f3n estuvo a cargo de los organizadores Luis Gudi\u00f1o de Santa Fe y de Alicia Riquel Canteros de nuestra ciudad. La noche tuvo la presencia de la reina del Santa Fe Oro nacional y del Mercosur: Fiorella Bergesio, la reina del federal Nerea Tolosa de Rafaela y la primera princesa Fiama Priolo de Estaci\u00f3n Clucellas. Estuvieron entregando los premios Wanda Tardivo Peretti reina provincial de la Bagna Cauda y participante de la elecci\u00f3n reina de Santa Fe Oro Federal como as\u00ed tambi\u00e9n Araceli Castillo de San Crist\u00f3bal. A continuaci\u00f3n se publican los ganadores:<br \/>\n1) Radio-rubro 31: (grupo nacional) conducci\u00f3n masculina: Antonio Dominguez, \u201cLos domingos con Dominguez\u201d, FM Identidad 103.3 (Salta).<br \/>\n2) Radio-rubro 31: (grupo provincial) conducci\u00f3n masculina: Bryan Mayer, \u201cContender, un espacio de ideas\u201d, radio San Patricio (Rafaela).<br \/>\n3) Radio-rubro 29:  jineteadas: \u00abJineteando por la Folc\u201d, Emilia Musolino, FM 104.5 La Celeste y Blanca (Jun\u00edn, Buenos Aires).<br \/>\n4) TV-Rubro 5: (grupo nacional) m\u00fasica nativa-tradicionalista: Juan Mario Baleman, \u201cUna copla en la llanura\u201d, canal Cable Visi\u00f3n Canal Dos (Coronel Su\u00e1rez, Buenos Aires).<br \/>\n5) TV-rubro 35: direcci\u00f3n, producci\u00f3n y edici\u00f3n: \u201cFelicia y su gente\u201d, Fernanda B\u00f3 Mora, Pilar Video Cable (Felicia, Santa Fe).<br \/>\n6) Radio-rubro 32: (grupo nacional) conducci\u00f3n femenina: Sandra Olivo, \u201cEl Espejo\u201d, (Paran\u00e1, Entre R\u00edos).<br \/>\n7) Radio-rubro 4: locuci\u00f3n femenina: M\u00f3nica Segovia, \u201cC\u00f3digos del amor\u201d, FM Uruguay 87.9 (Rosario).<br \/>\n8) Radio-rubro 26: comentarista deportivo: Laura Monz\u00f3n, \u201cDesde el Jard\u00edn urbano\u201d, FM radio Regi\u00f3n 92.9 (Rafaela).<br \/>\n9) P\u00e1gina web: informaci\u00f3n pol\u00edtica, nacional e internacional: Nova, Adriana Pacheco (Rosario).<br \/>\n10) Radio-rubro 34: cultural colectividades (grupo provincial): Oscar Gareis \u201cRinc\u00f3n Suizo\u201d, FM Sol 90.9 (Rafaela).<br \/>\n11) Radio-rubro 16: servicios: \u201cRecursos humanos + humanos\u201d, Mar\u00eda Estela Farini, Signos FM 92.5 (Vicente L\u00f3pez, Buenos Aires).<br \/>\n12) Radio-rubro 17: (grupo nacional) period\u00edstico documental testimonial: Juan Carlos Natale, \u201cMa\u00f1anitas Garrenses\u201d, FM Garr\u00e9 91.9 (Garr\u00e9, Buenos Aires). 13) Radio-rubro 6: tango: Laureano S\u00e1nchez, \u201cTango, cont\u00e1 tu historia\u201d, radio Universidad Nacional de Salta 93.9 FM (Salta).<br \/>\n14) Gr\u00e1fica-rubro 53: peri\u00f3dicos: \u201cLa Invencible\u201d (Santo Tom\u00e9), Magdalena Arzamendia.<br \/>\n15) P\u00e1gina web: m\u00fasica tropical-cuarteto: Jonathan Sicurella, \u201cDifusi\u00f3n santafesina\u201d (Rafaela).<br \/>\n<strong>16) Radio-rubro 36: programas pol\u00edticos: \u201cS\u00e1bado 100\u201d, Emilio Grande (h.), FM Sol 90.9 (Rafaela).<\/strong><br \/>\n17) Radio-rubro 14: programa dirigido a la juventud: Daniel Abraham, \u201cContactos\u201d, FM ADN (Rafaela).<br \/>\n19) TV-Rubro 35: direcci\u00f3n, producci\u00f3n, edici\u00f3n: \u201cEsencia de mujer\u201d, Dolores Godoy, Somos Rafaela Cablevisi\u00f3n (Rafaela).<br \/>\n20) P\u00e1ginas web-rubro 54: informaci\u00f3n general: \u201cRafaelanoticias.com\u201d, Marcelo Arias (Rafaela).<br \/>\nReconocimientos especiales: 1) Club de Leones Rafaela: ONG comprometida con campa\u00f1a de control visual y lucha contra la ceguera. Impulsora de servicios de padrinazgo de instituciones educativas de la ciudad, en forma ininterrumpida. 2) Leonardo Belleze, 89 a\u00f1os, periodista en actividad deportivo y automovil\u00edstico. Por su tarea de 60 a\u00f1os en la actividad, un ejemplo de vida profesional y hacedor de programas legendarios en LT28 Radio Rafaela. 3) UMTE (Universidad de la Mediana y Tercera Edad): 21 a\u00f1os por su compromiso en la formaci\u00f3n y difusi\u00f3n de la mediana y tercera edad. Instituci\u00f3n reconocida a nivel latinoamericano, integrante de la RUA. 4) Roberto Actis (secretario de Redacci\u00f3n del diario LA OPINION), con 50 a\u00f1os de labor ininterrumpida en el periodismo gr\u00e1fico, recientemente jubilado. 5) Empresa Farmar, Entre R\u00edos, Mariela Pauluk.<br \/>\nReconocimiento a quienes brindaron su apoyo para la realizaci\u00f3n del Santa Fe Oro Federal en la ciudad, ofreciendo instalaciones por considerar que la tarea period\u00edstica contribuye a informar y difundir la tarea de servicio y social de los diferentes sindicatos. 6) A la CGT Rafaela, secretario general Roberto Oesquer (UOM Rafaela). 7) Marcelo Lombardo, SOIVA. 8) Sergio Bo, ATILRA.<br \/>\n22) Radio: rubro 32: conducci\u00f3n femenina: \u201cRecursos humanos + humanos\u201d, Mar\u00eda Estela Farini, Signos FM 92.5 (Vicente L\u00f3pez, Buenos Aires).<br \/>\n23) Radio-rubro 2: (grupo nacional) informativo e inter\u00e9s general, m\u00fasica- noticias: \u201cSalte\u00f1\u00edsimo\u201d, Antonio Dominguez, AM 840 Salta.<br \/>\n24) TV-rubro 8: m\u00fasica nativa: \u201cUna copla en la llanura\u201d, Mario Baleman, canal Cable Visi\u00f3n Canal Dos (Coronel Su\u00e1rez, Buenos Aires).<br \/>\n25) Radio-rubro 8: m\u00fasica folcl\u00f3rica:  Juan Carlos Natale, \u201cMa\u00f1anitas Garrenses\u201d, FM Garr\u00e9 (Garr\u00e9, Buenos Aires).<br \/>\n26) Radio-rubro 14: programa infantil:  Emilia Musolino, \u201cJugando con los m\u00e1s chiquitos\u201d, FM 104.5 La Celeste y Blanca (Jun\u00edn, Buenos Aires).<br \/>\n27) TV-rubro 2: (grupo provincial) inter\u00e9s general: \u201cEntre nosotros\u201d, Marcelo Arias, Somos Rafaela.<br \/>\n28) Radio-rubro 2: informativo e inter\u00e9s general: Sandra Olivo, \u201cEl Espejo\u201d, (Paran\u00e1, Entre R\u00edos).<br \/>\n<strong>29) Radio-rubro 31: (grupo provincial) conducci\u00f3n masculina: Emilio Grande (h.), programa \u201cS\u00e1bado 100\u201d, FM Sol 90.9 (Rafaela).<\/strong><br \/>\n30) Radio-rubro 2: (grupo nacional) informativo e inter\u00e9s general: N\u00e9stor Salgado, \u201cRazones Para Vivir\u201d, FM Frecuencia 9 Garr\u00e9 91.1 (Garr\u00e9, Buenos Aires).<br \/>\n31) Radio-rubro 34: cultural\/general: \u201cRecorriendo lo nuestro\u201d, Oscar Gareis (Rafaela, FM Sol 90.9).<br \/>\n32) Radio-rubro 10: m\u00fasica rom\u00e1ntica:  M\u00f3nica Segovia, \u201cC\u00f3digos del Amor\u201d, FM Uruguay 87.9 (Rosario).<br \/>\n33) Radio-rubro 35: direcci\u00f3n, producci\u00f3n y edici\u00f3n: \u201cAmigos de amigos\u00bb, M\u00f3nica Aguerreberry, radio del Plata Rosario FM 107.5.<br \/>\n34) Rubro radio-corresponsales: Horacio Pucheta.<br \/>\n35) Rubro 38-radios comunitarias: FM Puerto 89.89, Santo Tom\u00e9, Santa Fe.<br \/>\nPremios especiales del comit\u00e9 organizador: amistad, Antonio Dominguez, Salta; solidaridad, Emilia Musolino, Jun\u00edn- Buenos Aires. Premios especiales del jurado: revelaci\u00f3n: Bryan Mayer, Rafaela; consagraci\u00f3n Mar\u00eda Estela Farini, Vicente L\u00f3pez, Buenos Aires; trayectoria Oscar Gareis, Rafaela.<\/p>\n","protected":false},"excerpt":{"rendered":"<p>En la noche del domingo se llev\u00f3 a cabo la entrega del los premios \u201cSanta Fe Oro Federal 2014\u201d en [&hellip;]<\/p>\n","protected":false},"author":2,"featured_media":3891,"comment_status":"open","ping_status":"closed","sticky":false,"template":"","format":"standard","meta":{"site-sidebar-layout":"default","site-content-layout":"","ast-site-content-layout":"default","site-content-style":"default","site-sidebar-style":"default","ast-global-header-display":"","ast-banner-title-visibility":"","ast-main-header-display":"","ast-hfb-above-header-display":"","ast-hfb-below-header-display":"","ast-hfb-mobile-header-display":"","site-post-title":"","ast-breadcrumbs-content":"","ast-featured-img":"","footer-sml-layout":"","ast-disable-related-posts":"","theme-transparent-header-meta":"","adv-header-id-meta":"","stick-header-meta":"","header-above-stick-meta":"","header-main-stick-meta":"","header-below-stick-meta":"","astra-migrate-meta-layouts":"default","ast-page-background-enabled":"default","ast-page-background-meta":{"desktop":{"background-color":"var(--ast-global-color-4)","background-image":"","background-repeat":"repeat","background-position":"center center","background-size":"auto","background-attachment":"scroll","background-type":"","background-media":"","overlay-type":"","overlay-color":"","overlay-opacity":"","overlay-gradient":""},"tablet":{"background-color":"","background-image":"","background-repeat":"repeat","background-position":"center center","background-size":"auto","background-attachment":"scroll","background-type":"","background-media":"","overlay-type":"","overlay-color":"","overlay-opacity":"","overlay-gradient":""},"mobile":{"background-color":"","background-image":"","background-repeat":"repeat","background-position":"center center","background-size":"auto","background-attachment":"scroll","background-type":"","background-media":"","overlay-type":"","overlay-color":"","overlay-opacity":"","overlay-gradient":""}},"ast-content-background-meta":{"desktop":{"background-color":"var(--ast-global-color-5)","background-image":"","background-repeat":"repeat","background-position":"center center","background-size":"auto","background-attachment":"scroll","background-type":"","background-media":"","overlay-type":"","overlay-color":"","overlay-opacity":"","overlay-gradient":""},"tablet":{"background-color":"var(--ast-global-color-5)","background-image":"","background-repeat":"repeat","background-position":"center center","background-size":"auto","background-attachment":"scroll","background-type":"","background-media":"","overlay-type":"","overlay-color":"","overlay-opacity":"","overlay-gradient":""},"mobile":{"background-color":"var(--ast-global-color-5)","background-image":"","background-repeat":"repeat","background-position":"center center","background-size":"auto","background-attachment":"scroll","background-type":"","background-media":"","overlay-type":"","overlay-color":"","overlay-opacity":"","overlay-gradient":""}},"footnotes":""},"categories":[4],"tags":[],"class_list":["post-3888","post","type-post","status-publish","format-standard","has-post-thumbnail","hentry","category-cultura-y-sociedad"],"yoast_head":"<!-- This site is optimized with the Yoast SEO plugin v23.2 - https:\/\/yoast.com\/wordpress\/plugins\/seo\/ -->\n<title>El programa de radio &quot;S\u00e1bado 100&quot; recibi\u00f3 dos distinciones en la entrega de los premios &quot;Santa Fe de oro federal&quot; 2014 en Rafaela - Sabado 100<\/title>\n<meta name=\"robots\" content=\"index, follow, max-snippet:-1, max-image-preview:large, max-video-preview:-1\" \/>\n<link rel=\"canonical\" href=\"https:\/\/sabado100.com.ar\/es-ar\/el-programa-de-radio-sabado-100-recibio-dos-distinciones-en-la-entrega-de-los-premios-santa-fe-de-oro-federal-2014-en-rafaela\/\" \/>\n<meta property=\"og:locale\" content=\"es_ES\" \/>\n<meta property=\"og:type\" content=\"article\" \/>\n<meta property=\"og:title\" content=\"El programa de radio &quot;S\u00e1bado 100&quot; recibi\u00f3 dos distinciones en la entrega de los premios &quot;Santa Fe de oro federal&quot; 2014 en Rafaela - Sabado 100\" \/>\n<meta property=\"og:description\" content=\"En la noche del domingo se llev\u00f3 a cabo la entrega del los premios \u201cSanta Fe Oro Federal 2014\u201d en [&hellip;]\" \/>\n<meta property=\"og:url\" content=\"https:\/\/sabado100.com.ar\/es-ar\/el-programa-de-radio-sabado-100-recibio-dos-distinciones-en-la-entrega-de-los-premios-santa-fe-de-oro-federal-2014-en-rafaela\/\" \/>\n<meta property=\"og:site_name\" content=\"Sabado 100\" \/>\n<meta property=\"article:publisher\" content=\"https:\/\/www.facebook.com\/sabadocien\/\" \/>\n<meta property=\"article:published_time\" content=\"2014-11-25T19:38:18+00:00\" \/>\n<meta name=\"author\" content=\"sabado cien\" \/>\n<meta name=\"twitter:card\" content=\"summary_large_image\" \/>\n<meta name=\"twitter:label1\" content=\"Escrito por\" \/>\n\t<meta name=\"twitter:data1\" content=\"sabado cien\" \/>\n\t<meta name=\"twitter:label2\" content=\"Tiempo de lectura\" \/>\n\t<meta name=\"twitter:data2\" content=\"5 minutos\" \/>\n<script type=\"application\/ld+json\" class=\"yoast-schema-graph\">{\"@context\":\"https:\/\/schema.org\",\"@graph\":[{\"@type\":\"Article\",\"@id\":\"https:\/\/sabado100.com.ar\/es-ar\/el-programa-de-radio-sabado-100-recibio-dos-distinciones-en-la-entrega-de-los-premios-santa-fe-de-oro-federal-2014-en-rafaela\/#article\",\"isPartOf\":{\"@id\":\"https:\/\/sabado100.com.ar\/es-ar\/el-programa-de-radio-sabado-100-recibio-dos-distinciones-en-la-entrega-de-los-premios-santa-fe-de-oro-federal-2014-en-rafaela\/\"},\"author\":{\"name\":\"sabado cien\",\"@id\":\"https:\/\/sabado100.com.ar\/es-ar\/#\/schema\/person\/58e38b918ef4e44b11398f25d4684c6d\"},\"headline\":\"El programa de radio \u00abS\u00e1bado 100\u00bb recibi\u00f3 dos distinciones en la entrega de los premios \u00abSanta Fe de oro federal\u00bb 2014 en Rafaela\",\"datePublished\":\"2014-11-25T19:38:18+00:00\",\"dateModified\":\"2014-11-25T19:38:18+00:00\",\"mainEntityOfPage\":{\"@id\":\"https:\/\/sabado100.com.ar\/es-ar\/el-programa-de-radio-sabado-100-recibio-dos-distinciones-en-la-entrega-de-los-premios-santa-fe-de-oro-federal-2014-en-rafaela\/\"},\"wordCount\":1015,\"commentCount\":0,\"publisher\":{\"@id\":\"https:\/\/sabado100.com.ar\/es-ar\/#organization\"},\"image\":{\"@id\":\"https:\/\/sabado100.com.ar\/es-ar\/el-programa-de-radio-sabado-100-recibio-dos-distinciones-en-la-entrega-de-los-premios-santa-fe-de-oro-federal-2014-en-rafaela\/#primaryimage\"},\"thumbnailUrl\":\"\",\"articleSection\":[\"Cultura y Sociedad\"],\"inLanguage\":\"es\",\"potentialAction\":[{\"@type\":\"CommentAction\",\"name\":\"Comment\",\"target\":[\"https:\/\/sabado100.com.ar\/es-ar\/el-programa-de-radio-sabado-100-recibio-dos-distinciones-en-la-entrega-de-los-premios-santa-fe-de-oro-federal-2014-en-rafaela\/#respond\"]}]},{\"@type\":\"WebPage\",\"@id\":\"https:\/\/sabado100.com.ar\/es-ar\/el-programa-de-radio-sabado-100-recibio-dos-distinciones-en-la-entrega-de-los-premios-santa-fe-de-oro-federal-2014-en-rafaela\/\",\"url\":\"https:\/\/sabado100.com.ar\/es-ar\/el-programa-de-radio-sabado-100-recibio-dos-distinciones-en-la-entrega-de-los-premios-santa-fe-de-oro-federal-2014-en-rafaela\/\",\"name\":\"El programa de radio \\\"S\u00e1bado 100\\\" recibi\u00f3 dos distinciones en la entrega de los premios \\\"Santa Fe de oro federal\\\" 2014 en Rafaela - Sabado 100\",\"isPartOf\":{\"@id\":\"https:\/\/sabado100.com.ar\/es-ar\/#website\"},\"primaryImageOfPage\":{\"@id\":\"https:\/\/sabado100.com.ar\/es-ar\/el-programa-de-radio-sabado-100-recibio-dos-distinciones-en-la-entrega-de-los-premios-santa-fe-de-oro-federal-2014-en-rafaela\/#primaryimage\"},\"image\":{\"@id\":\"https:\/\/sabado100.com.ar\/es-ar\/el-programa-de-radio-sabado-100-recibio-dos-distinciones-en-la-entrega-de-los-premios-santa-fe-de-oro-federal-2014-en-rafaela\/#primaryimage\"},\"thumbnailUrl\":\"\",\"datePublished\":\"2014-11-25T19:38:18+00:00\",\"dateModified\":\"2014-11-25T19:38:18+00:00\",\"breadcrumb\":{\"@id\":\"https:\/\/sabado100.com.ar\/es-ar\/el-programa-de-radio-sabado-100-recibio-dos-distinciones-en-la-entrega-de-los-premios-santa-fe-de-oro-federal-2014-en-rafaela\/#breadcrumb\"},\"inLanguage\":\"es\",\"potentialAction\":[{\"@type\":\"ReadAction\",\"target\":[\"https:\/\/sabado100.com.ar\/es-ar\/el-programa-de-radio-sabado-100-recibio-dos-distinciones-en-la-entrega-de-los-premios-santa-fe-de-oro-federal-2014-en-rafaela\/\"]}]},{\"@type\":\"ImageObject\",\"inLanguage\":\"es\",\"@id\":\"https:\/\/sabado100.com.ar\/es-ar\/el-programa-de-radio-sabado-100-recibio-dos-distinciones-en-la-entrega-de-los-premios-santa-fe-de-oro-federal-2014-en-rafaela\/#primaryimage\",\"url\":\"\",\"contentUrl\":\"\"},{\"@type\":\"BreadcrumbList\",\"@id\":\"https:\/\/sabado100.com.ar\/es-ar\/el-programa-de-radio-sabado-100-recibio-dos-distinciones-en-la-entrega-de-los-premios-santa-fe-de-oro-federal-2014-en-rafaela\/#breadcrumb\",\"itemListElement\":[{\"@type\":\"ListItem\",\"position\":1,\"name\":\"Portada\",\"item\":\"https:\/\/sabado100.com.ar\/es-ar\/\"},{\"@type\":\"ListItem\",\"position\":2,\"name\":\"El programa de radio \u00abS\u00e1bado 100\u00bb recibi\u00f3 dos distinciones en la entrega de los premios \u00abSanta Fe de oro federal\u00bb 2014 en Rafaela\"}]},{\"@type\":\"WebSite\",\"@id\":\"https:\/\/sabado100.com.ar\/es-ar\/#website\",\"url\":\"https:\/\/sabado100.com.ar\/es-ar\/\",\"name\":\"Sabado 100\",\"description\":\"\",\"publisher\":{\"@id\":\"https:\/\/sabado100.com.ar\/es-ar\/#organization\"},\"potentialAction\":[{\"@type\":\"SearchAction\",\"target\":{\"@type\":\"EntryPoint\",\"urlTemplate\":\"https:\/\/sabado100.com.ar\/es-ar\/?s={search_term_string}\"},\"query-input\":\"required name=search_term_string\"}],\"inLanguage\":\"es\"},{\"@type\":\"Organization\",\"@id\":\"https:\/\/sabado100.com.ar\/es-ar\/#organization\",\"name\":\"Sabado 100\",\"url\":\"https:\/\/sabado100.com.ar\/es-ar\/\",\"logo\":{\"@type\":\"ImageObject\",\"inLanguage\":\"es\",\"@id\":\"https:\/\/sabado100.com.ar\/es-ar\/#\/schema\/logo\/image\/\",\"url\":\"https:\/\/sabado100.com.ar\/es-ar\/wp-content\/uploads\/2024\/04\/logo3.jpg\",\"contentUrl\":\"https:\/\/sabado100.com.ar\/es-ar\/wp-content\/uploads\/2024\/04\/logo3.jpg\",\"width\":300,\"height\":174,\"caption\":\"Sabado 100\"},\"image\":{\"@id\":\"https:\/\/sabado100.com.ar\/es-ar\/#\/schema\/logo\/image\/\"},\"sameAs\":[\"https:\/\/www.facebook.com\/sabadocien\/\",\"https:\/\/www.instagram.com\/sabado100.com.ar\/\",\"https:\/\/www.youtube.com\/@sabado1003\"]},{\"@type\":\"Person\",\"@id\":\"https:\/\/sabado100.com.ar\/es-ar\/#\/schema\/person\/58e38b918ef4e44b11398f25d4684c6d\",\"name\":\"sabado cien\",\"image\":{\"@type\":\"ImageObject\",\"inLanguage\":\"es\",\"@id\":\"https:\/\/sabado100.com.ar\/es-ar\/#\/schema\/person\/image\/\",\"url\":\"https:\/\/sabado100.com.ar\/es-ar\/wp-content\/litespeed\/avatar\/484bccfbd493fbb703b0f1b8113dad61.jpg?ver=1787731622\",\"contentUrl\":\"https:\/\/sabado100.com.ar\/es-ar\/wp-content\/litespeed\/avatar\/484bccfbd493fbb703b0f1b8113dad61.jpg?ver=1787731622\",\"caption\":\"sabado cien\"},\"url\":\"https:\/\/sabado100.com.ar\/es-ar\/author\/sabado100\/\"}]}<\/script>\n<!-- \/ Yoast SEO plugin. -->","yoast_head_json":{"title":"El programa de radio \"S\u00e1bado 100\" recibi\u00f3 dos distinciones en la entrega de los premios \"Santa Fe de oro federal\" 2014 en Rafaela - Sabado 100","robots":{"index":"index","follow":"follow","max-snippet":"max-snippet:-1","max-image-preview":"max-image-preview:large","max-video-preview":"max-video-preview:-1"},"canonical":"https:\/\/sabado100.com.ar\/es-ar\/el-programa-de-radio-sabado-100-recibio-dos-distinciones-en-la-entrega-de-los-premios-santa-fe-de-oro-federal-2014-en-rafaela\/","og_locale":"es_ES","og_type":"article","og_title":"El programa de radio \"S\u00e1bado 100\" recibi\u00f3 dos distinciones en la entrega de los premios \"Santa Fe de oro federal\" 2014 en Rafaela - Sabado 100","og_description":"En la noche del domingo se llev\u00f3 a cabo la entrega del los premios \u201cSanta Fe Oro Federal 2014\u201d en [&hellip;]","og_url":"https:\/\/sabado100.com.ar\/es-ar\/el-programa-de-radio-sabado-100-recibio-dos-distinciones-en-la-entrega-de-los-premios-santa-fe-de-oro-federal-2014-en-rafaela\/","og_site_name":"Sabado 100","article_publisher":"https:\/\/www.facebook.com\/sabadocien\/","article_published_time":"2014-11-25T19:38:18+00:00","author":"sabado cien","twitter_card":"summary_large_image","twitter_misc":{"Escrito por":"sabado cien","Tiempo de lectura":"5 minutos"},"schema":{"@context":"https:\/\/schema.org","@graph":[{"@type":"Article","@id":"https:\/\/sabado100.com.ar\/es-ar\/el-programa-de-radio-sabado-100-recibio-dos-distinciones-en-la-entrega-de-los-premios-santa-fe-de-oro-federal-2014-en-rafaela\/#article","isPartOf":{"@id":"https:\/\/sabado100.com.ar\/es-ar\/el-programa-de-radio-sabado-100-recibio-dos-distinciones-en-la-entrega-de-los-premios-santa-fe-de-oro-federal-2014-en-rafaela\/"},"author":{"name":"sabado cien","@id":"https:\/\/sabado100.com.ar\/es-ar\/#\/schema\/person\/58e38b918ef4e44b11398f25d4684c6d"},"headline":"El programa de radio \u00abS\u00e1bado 100\u00bb recibi\u00f3 dos distinciones en la entrega de los premios \u00abSanta Fe de oro federal\u00bb 2014 en Rafaela","datePublished":"2014-11-25T19:38:18+00:00","dateModified":"2014-11-25T19:38:18+00:00","mainEntityOfPage":{"@id":"https:\/\/sabado100.com.ar\/es-ar\/el-programa-de-radio-sabado-100-recibio-dos-distinciones-en-la-entrega-de-los-premios-santa-fe-de-oro-federal-2014-en-rafaela\/"},"wordCount":1015,"commentCount":0,"publisher":{"@id":"https:\/\/sabado100.com.ar\/es-ar\/#organization"},"image":{"@id":"https:\/\/sabado100.com.ar\/es-ar\/el-programa-de-radio-sabado-100-recibio-dos-distinciones-en-la-entrega-de-los-premios-santa-fe-de-oro-federal-2014-en-rafaela\/#primaryimage"},"thumbnailUrl":"","articleSection":["Cultura y Sociedad"],"inLanguage":"es","potentialAction":[{"@type":"CommentAction","name":"Comment","target":["https:\/\/sabado100.com.ar\/es-ar\/el-programa-de-radio-sabado-100-recibio-dos-distinciones-en-la-entrega-de-los-premios-santa-fe-de-oro-federal-2014-en-rafaela\/#respond"]}]},{"@type":"WebPage","@id":"https:\/\/sabado100.com.ar\/es-ar\/el-programa-de-radio-sabado-100-recibio-dos-distinciones-en-la-entrega-de-los-premios-santa-fe-de-oro-federal-2014-en-rafaela\/","url":"https:\/\/sabado100.com.ar\/es-ar\/el-programa-de-radio-sabado-100-recibio-dos-distinciones-en-la-entrega-de-los-premios-santa-fe-de-oro-federal-2014-en-rafaela\/","name":"El programa de radio \"S\u00e1bado 100\" recibi\u00f3 dos distinciones en la entrega de los premios \"Santa Fe de oro federal\" 2014 en Rafaela - Sabado 100","isPartOf":{"@id":"https:\/\/sabado100.com.ar\/es-ar\/#website"},"primaryImageOfPage":{"@id":"https:\/\/sabado100.com.ar\/es-ar\/el-programa-de-radio-sabado-100-recibio-dos-distinciones-en-la-entrega-de-los-premios-santa-fe-de-oro-federal-2014-en-rafaela\/#primaryimage"},"image":{"@id":"https:\/\/sabado100.com.ar\/es-ar\/el-programa-de-radio-sabado-100-recibio-dos-distinciones-en-la-entrega-de-los-premios-santa-fe-de-oro-federal-2014-en-rafaela\/#primaryimage"},"thumbnailUrl":"","datePublished":"2014-11-25T19:38:18+00:00","dateModified":"2014-11-25T19:38:18+00:00","breadcrumb":{"@id":"https:\/\/sabado100.com.ar\/es-ar\/el-programa-de-radio-sabado-100-recibio-dos-distinciones-en-la-entrega-de-los-premios-santa-fe-de-oro-federal-2014-en-rafaela\/#breadcrumb"},"inLanguage":"es","potentialAction":[{"@type":"ReadAction","target":["https:\/\/sabado100.com.ar\/es-ar\/el-programa-de-radio-sabado-100-recibio-dos-distinciones-en-la-entrega-de-los-premios-santa-fe-de-oro-federal-2014-en-rafaela\/"]}]},{"@type":"ImageObject","inLanguage":"es","@id":"https:\/\/sabado100.com.ar\/es-ar\/el-programa-de-radio-sabado-100-recibio-dos-distinciones-en-la-entrega-de-los-premios-santa-fe-de-oro-federal-2014-en-rafaela\/#primaryimage","url":"","contentUrl":""},{"@type":"BreadcrumbList","@id":"https:\/\/sabado100.com.ar\/es-ar\/el-programa-de-radio-sabado-100-recibio-dos-distinciones-en-la-entrega-de-los-premios-santa-fe-de-oro-federal-2014-en-rafaela\/#breadcrumb","itemListElement":[{"@type":"ListItem","position":1,"name":"Portada","item":"https:\/\/sabado100.com.ar\/es-ar\/"},{"@type":"ListItem","position":2,"name":"El programa de radio \u00abS\u00e1bado 100\u00bb recibi\u00f3 dos distinciones en la entrega de los premios \u00abSanta Fe de oro federal\u00bb 2014 en Rafaela"}]},{"@type":"WebSite","@id":"https:\/\/sabado100.com.ar\/es-ar\/#website","url":"https:\/\/sabado100.com.ar\/es-ar\/","name":"Sabado 100","description":"","publisher":{"@id":"https:\/\/sabado100.com.ar\/es-ar\/#organization"},"potentialAction":[{"@type":"SearchAction","target":{"@type":"EntryPoint","urlTemplate":"https:\/\/sabado100.com.ar\/es-ar\/?s={search_term_string}"},"query-input":"required name=search_term_string"}],"inLanguage":"es"},{"@type":"Organization","@id":"https:\/\/sabado100.com.ar\/es-ar\/#organization","name":"Sabado 100","url":"https:\/\/sabado100.com.ar\/es-ar\/","logo":{"@type":"ImageObject","inLanguage":"es","@id":"https:\/\/sabado100.com.ar\/es-ar\/#\/schema\/logo\/image\/","url":"https:\/\/sabado100.com.ar\/es-ar\/wp-content\/uploads\/2024\/04\/logo3.jpg","contentUrl":"https:\/\/sabado100.com.ar\/es-ar\/wp-content\/uploads\/2024\/04\/logo3.jpg","width":300,"height":174,"caption":"Sabado 100"},"image":{"@id":"https:\/\/sabado100.com.ar\/es-ar\/#\/schema\/logo\/image\/"},"sameAs":["https:\/\/www.facebook.com\/sabadocien\/","https:\/\/www.instagram.com\/sabado100.com.ar\/","https:\/\/www.youtube.com\/@sabado1003"]},{"@type":"Person","@id":"https:\/\/sabado100.com.ar\/es-ar\/#\/schema\/person\/58e38b918ef4e44b11398f25d4684c6d","name":"sabado cien","image":{"@type":"ImageObject","inLanguage":"es","@id":"https:\/\/sabado100.com.ar\/es-ar\/#\/schema\/person\/image\/","url":"https:\/\/sabado100.com.ar\/es-ar\/wp-content\/litespeed\/avatar\/484bccfbd493fbb703b0f1b8113dad61.jpg?ver=1787731622","contentUrl":"https:\/\/sabado100.com.ar\/es-ar\/wp-content\/litespeed\/avatar\/484bccfbd493fbb703b0f1b8113dad61.jpg?ver=1787731622","caption":"sabado cien"},"url":"https:\/\/sabado100.com.ar\/es-ar\/author\/sabado100\/"}]}},"_links":{"self":[{"href":"https:\/\/sabado100.com.ar\/es-ar\/wp-json\/wp\/v2\/posts\/3888","targetHints":{"allow":["GET"]}}],"collection":[{"href":"https:\/\/sabado100.com.ar\/es-ar\/wp-json\/wp\/v2\/posts"}],"about":[{"href":"https:\/\/sabado100.com.ar\/es-ar\/wp-json\/wp\/v2\/types\/post"}],"author":[{"embeddable":true,"href":"https:\/\/sabado100.com.ar\/es-ar\/wp-json\/wp\/v2\/users\/2"}],"replies":[{"embeddable":true,"href":"https:\/\/sabado100.com.ar\/es-ar\/wp-json\/wp\/v2\/comments?post=3888"}],"version-history":[{"count":0,"href":"https:\/\/sabado100.com.ar\/es-ar\/wp-json\/wp\/v2\/posts\/3888\/revisions"}],"wp:attachment":[{"href":"https:\/\/sabado100.com.ar\/es-ar\/wp-json\/wp\/v2\/media?parent=3888"}],"wp:term":[{"taxonomy":"category","embeddable":true,"href":"https:\/\/sabado100.com.ar\/es-ar\/wp-json\/wp\/v2\/categories?post=3888"},{"taxonomy":"post_tag","embeddable":true,"href":"https:\/\/sabado100.com.ar\/es-ar\/wp-json\/wp\/v2\/tags?post=3888"}],"curies":[{"name":"wp","href":"https:\/\/api.w.org\/{rel}","templated":true}]}}