{"id":3845,"date":"2014-10-24T21:18:27","date_gmt":"2014-10-24T19:18:27","guid":{"rendered":"https:\/\/www.sabado100.com.ar\/?p=3845"},"modified":"2014-10-24T21:18:27","modified_gmt":"2014-10-24T19:18:27","slug":"la-politica-distraida-que-gambetea-su-derrota","status":"publish","type":"post","link":"https:\/\/sabado100.com.ar\/es-ar\/la-politica-distraida-que-gambetea-su-derrota\/","title":{"rendered":"La pol\u00edtica distra\u00edda que gambetea su derrota"},"content":{"rendered":"<p><strong>Por Mar\u00eda Herminia Grande.-<\/strong> La pol\u00edtica se hace la distra\u00edda ante una sociedad que cruje. Muchos han sido los momentos en la vida institucional argentina donde el desorden ped\u00eda a gritos: \u201c\u00a1Orden!\u201d. Orden en democracia significa cauce institucional; r\u00edo por el que navegan por igual libertad, racionalidad, serenidad, divergencia, tolerancia. Ahora es muy dif\u00edcil lograr lo expresado cuando la pol\u00edtica se ha despatarrado. Muchas veces hemos dicho que la claudicaci\u00f3n de la actividad partidaria ha inducido al peor de los clientelismos: el conchabo pol\u00edtico. Incre\u00edblemente un candidato hoy mide su potencialidad sumando cu\u00e1ntas veces fue mencionado en las redes sociales, cu\u00e1ntas apariciones ha logrado en televisi\u00f3n, cu\u00e1ntos seguidores tiene en Twitter. A esta altura, aunque parezca innecesario, hay que recordar qu\u00e9 debiese preocuparle a un candidato: primero, interiorizarse en persona sobre la realidad en la cual deber\u00e1 tener injerencia; segundo, detectados los problemas a resolver, es imperiosa la conformaci\u00f3n de equipos interdisciplinarios para elaborar la propuesta que deber\u00e1 asimilar primeramente para luego transmitirla con soluciones concretas al pueblo elector. Despu\u00e9s, si quiere, puede interesarse por la repercusi\u00f3n en las redes sociales, televisi\u00f3n, Twitter\u2026 Una vez m\u00e1s debi\u00e9ramos recordar que popularidad y reconocimiento no necesariamente van de la mano de idoneidad y eficiencia. La pol\u00edtica viene gambeteando su derrota desde hace mucho tiempo. El recurrir a personas notorias en vez de notables avalan mi concepto anterior.<\/p>\n<p>La necesidad de orden citada anteriormente lleva en su cauce institucional hoy dos elementos que si se quisiese el reordenamiento sugerido son vitales: la conformaci\u00f3n y el accionar de la Corte Suprema de Justicia de la Naci\u00f3n y el recientemente sancionado C\u00f3digo Civil y Comercial. El fallecimiento del miembro de la Corte Enrique Petracchi m\u00e1s el anunciado alejamiento a fin de a\u00f1o del de Eugenio Zaffaroni, ponen sobre la mesa diversas versiones, incluso la de forzar la conformaci\u00f3n de una Corte a medida. Consultado el doctor Daniel Sabsay al respecto me dijo: \u201cEl art\u00edculo 99 de la Constituci\u00f3n Nacional que trata de las atribuciones del poder Ejecutivo en su art\u00edculo 4\u00ba dice: nombra los magistrados de la Corte suprema con dos tercios de los miembros del Senado presentes en sesi\u00f3n p\u00fablica convocada al efecto. Este art\u00edculo no da posibilidad de ninguna otra interpretaci\u00f3n. La gran cortapisa son los miembros del Senado. Al oficialismo le faltan de 10 a 12 votos, lo que no es poco. La llave la tiene el radicalismo; espero que no entre en negociaci\u00f3n rara de producirse dos vacantes aceptando \u00abun amigo tuyo y un amigo de ellos\u00bb. De suceder esto cualquier candidato radical se hundir\u00eda. Sobre la sanci\u00f3n del C\u00f3digo Civil y Comercial hay un problema de forma que es sustantivo: no se lo sancion\u00f3 conforme al procedimiento establecido en la Constituci\u00f3n y en el reglamento de la c\u00e1mara de Diputados a esos efectos. Se viol\u00f3 la Constituci\u00f3n. Ese c\u00f3digo no es una ley, es un esperpento. Hay que derogarlo antes de que entre en vigencia. Hay que terminar con la sanci\u00f3n de leyes de modo espurio; no entro a juzgar el contenido porque hay una llave que es la forma que se viol\u00f3\u201d. Por \u00faltimo, le pregunt\u00e9 si ve\u00eda a las oposiciones 2015 con una actitud de apego a la ley. Me contest\u00f3: \u201cLo deseo de coraz\u00f3n, porque es la \u00fanica salida para el pa\u00eds. El pa\u00eds est\u00e1 enfermo de corrupci\u00f3n, est\u00e1 enfermo de violaci\u00f3n a la ley, est\u00e1 enfermo de trampas, est\u00e1 enfermo de enfrentamientos desde el poder y eso lo debemos superar si queremos ser un pa\u00eds desarrollado\u201d.<\/p>\n<p>La pol\u00edtica y sus dirigentes tienen la oportunidad, al igual que el papa Francisco, de convocar a un s\u00ednodo y poner sobre la mesa todos los temas que hoy guardan bajo la alfombra, porque la alfombra de la tolerancia de la sociedad no cubre m\u00e1s.<br \/>\n<strong>Fuente:<\/strong> Diario El Ciudadano, Rosario.<\/p>\n","protected":false},"excerpt":{"rendered":"<p>Por Mar\u00eda Herminia Grande.- La pol\u00edtica se hace la distra\u00edda ante una sociedad que cruje. Muchos han sido los momentos [&hellip;]<\/p>\n","protected":false},"author":2,"featured_media":0,"comment_status":"open","ping_status":"closed","sticky":false,"template":"","format":"standard","meta":{"site-sidebar-layout":"default","site-content-layout":"","ast-site-content-layout":"default","site-content-style":"default","site-sidebar-style":"default","ast-global-header-display":"","ast-banner-title-visibility":"","ast-main-header-display":"","ast-hfb-above-header-display":"","ast-hfb-below-header-display":"","ast-hfb-mobile-header-display":"","site-post-title":"","ast-breadcrumbs-content":"","ast-featured-img":"","footer-sml-layout":"","ast-disable-related-posts":"","theme-transparent-header-meta":"","adv-header-id-meta":"","stick-header-meta":"","header-above-stick-meta":"","header-main-stick-meta":"","header-below-stick-meta":"","astra-migrate-meta-layouts":"default","ast-page-background-enabled":"default","ast-page-background-meta":{"desktop":{"background-color":"var(--ast-global-color-4)","background-image":"","background-repeat":"repeat","background-position":"center center","background-size":"auto","background-attachment":"scroll","background-type":"","background-media":"","overlay-type":"","overlay-color":"","overlay-opacity":"","overlay-gradient":""},"tablet":{"background-color":"","background-image":"","background-repeat":"repeat","background-position":"center center","background-size":"auto","background-attachment":"scroll","background-type":"","background-media":"","overlay-type":"","overlay-color":"","overlay-opacity":"","overlay-gradient":""},"mobile":{"background-color":"","background-image":"","background-repeat":"repeat","background-position":"center center","background-size":"auto","background-attachment":"scroll","background-type":"","background-media":"","overlay-type":"","overlay-color":"","overlay-opacity":"","overlay-gradient":""}},"ast-content-background-meta":{"desktop":{"background-color":"var(--ast-global-color-5)","background-image":"","background-repeat":"repeat","background-position":"center center","background-size":"auto","background-attachment":"scroll","background-type":"","background-media":"","overlay-type":"","overlay-color":"","overlay-opacity":"","overlay-gradient":""},"tablet":{"background-color":"var(--ast-global-color-5)","background-image":"","background-repeat":"repeat","background-position":"center center","background-size":"auto","background-attachment":"scroll","background-type":"","background-media":"","overlay-type":"","overlay-color":"","overlay-opacity":"","overlay-gradient":""},"mobile":{"background-color":"var(--ast-global-color-5)","background-image":"","background-repeat":"repeat","background-position":"center center","background-size":"auto","background-attachment":"scroll","background-type":"","background-media":"","overlay-type":"","overlay-color":"","overlay-opacity":"","overlay-gradient":""}},"footnotes":""},"categories":[5],"tags":[5282],"class_list":["post-3845","post","type-post","status-publish","format-standard","hentry","category-politica","tag-politica-distraida"],"yoast_head":"<!-- This site is optimized with the Yoast SEO plugin v23.2 - https:\/\/yoast.com\/wordpress\/plugins\/seo\/ -->\n<title>La pol\u00edtica distra\u00edda que gambetea su derrota - Sabado 100<\/title>\n<meta name=\"robots\" content=\"index, follow, max-snippet:-1, max-image-preview:large, max-video-preview:-1\" \/>\n<link rel=\"canonical\" href=\"https:\/\/sabado100.com.ar\/es-ar\/la-politica-distraida-que-gambetea-su-derrota\/\" \/>\n<meta property=\"og:locale\" content=\"es_ES\" \/>\n<meta property=\"og:type\" content=\"article\" \/>\n<meta property=\"og:title\" content=\"La pol\u00edtica distra\u00edda que gambetea su derrota - Sabado 100\" \/>\n<meta property=\"og:description\" content=\"Por Mar\u00eda Herminia Grande.- La pol\u00edtica se hace la distra\u00edda ante una sociedad que cruje. Muchos han sido los momentos [&hellip;]\" \/>\n<meta property=\"og:url\" content=\"https:\/\/sabado100.com.ar\/es-ar\/la-politica-distraida-que-gambetea-su-derrota\/\" \/>\n<meta property=\"og:site_name\" content=\"Sabado 100\" \/>\n<meta property=\"article:publisher\" content=\"https:\/\/www.facebook.com\/sabadocien\/\" \/>\n<meta property=\"article:published_time\" content=\"2014-10-24T19:18:27+00:00\" \/>\n<meta name=\"author\" content=\"sabado cien\" \/>\n<meta name=\"twitter:card\" content=\"summary_large_image\" \/>\n<meta name=\"twitter:label1\" content=\"Escrito por\" \/>\n\t<meta name=\"twitter:data1\" content=\"sabado cien\" \/>\n\t<meta name=\"twitter:label2\" content=\"Tiempo de lectura\" \/>\n\t<meta name=\"twitter:data2\" content=\"3 minutos\" \/>\n<script type=\"application\/ld+json\" class=\"yoast-schema-graph\">{\"@context\":\"https:\/\/schema.org\",\"@graph\":[{\"@type\":\"Article\",\"@id\":\"https:\/\/sabado100.com.ar\/es-ar\/la-politica-distraida-que-gambetea-su-derrota\/#article\",\"isPartOf\":{\"@id\":\"https:\/\/sabado100.com.ar\/es-ar\/la-politica-distraida-que-gambetea-su-derrota\/\"},\"author\":{\"name\":\"sabado cien\",\"@id\":\"https:\/\/sabado100.com.ar\/es-ar\/#\/schema\/person\/58e38b918ef4e44b11398f25d4684c6d\"},\"headline\":\"La pol\u00edtica distra\u00edda que gambetea su derrota\",\"datePublished\":\"2014-10-24T19:18:27+00:00\",\"dateModified\":\"2014-10-24T19:18:27+00:00\",\"mainEntityOfPage\":{\"@id\":\"https:\/\/sabado100.com.ar\/es-ar\/la-politica-distraida-que-gambetea-su-derrota\/\"},\"wordCount\":688,\"commentCount\":0,\"publisher\":{\"@id\":\"https:\/\/sabado100.com.ar\/es-ar\/#organization\"},\"keywords\":[\"pol\u00edtica distra\u00edda\"],\"articleSection\":[\"Pol\u00edtica\"],\"inLanguage\":\"es\",\"potentialAction\":[{\"@type\":\"CommentAction\",\"name\":\"Comment\",\"target\":[\"https:\/\/sabado100.com.ar\/es-ar\/la-politica-distraida-que-gambetea-su-derrota\/#respond\"]}]},{\"@type\":\"WebPage\",\"@id\":\"https:\/\/sabado100.com.ar\/es-ar\/la-politica-distraida-que-gambetea-su-derrota\/\",\"url\":\"https:\/\/sabado100.com.ar\/es-ar\/la-politica-distraida-que-gambetea-su-derrota\/\",\"name\":\"La pol\u00edtica distra\u00edda que gambetea su derrota - Sabado 100\",\"isPartOf\":{\"@id\":\"https:\/\/sabado100.com.ar\/es-ar\/#website\"},\"datePublished\":\"2014-10-24T19:18:27+00:00\",\"dateModified\":\"2014-10-24T19:18:27+00:00\",\"breadcrumb\":{\"@id\":\"https:\/\/sabado100.com.ar\/es-ar\/la-politica-distraida-que-gambetea-su-derrota\/#breadcrumb\"},\"inLanguage\":\"es\",\"potentialAction\":[{\"@type\":\"ReadAction\",\"target\":[\"https:\/\/sabado100.com.ar\/es-ar\/la-politica-distraida-que-gambetea-su-derrota\/\"]}]},{\"@type\":\"BreadcrumbList\",\"@id\":\"https:\/\/sabado100.com.ar\/es-ar\/la-politica-distraida-que-gambetea-su-derrota\/#breadcrumb\",\"itemListElement\":[{\"@type\":\"ListItem\",\"position\":1,\"name\":\"Portada\",\"item\":\"https:\/\/sabado100.com.ar\/es-ar\/\"},{\"@type\":\"ListItem\",\"position\":2,\"name\":\"La pol\u00edtica distra\u00edda que gambetea su derrota\"}]},{\"@type\":\"WebSite\",\"@id\":\"https:\/\/sabado100.com.ar\/es-ar\/#website\",\"url\":\"https:\/\/sabado100.com.ar\/es-ar\/\",\"name\":\"Sabado 100\",\"description\":\"\",\"publisher\":{\"@id\":\"https:\/\/sabado100.com.ar\/es-ar\/#organization\"},\"potentialAction\":[{\"@type\":\"SearchAction\",\"target\":{\"@type\":\"EntryPoint\",\"urlTemplate\":\"https:\/\/sabado100.com.ar\/es-ar\/?s={search_term_string}\"},\"query-input\":\"required name=search_term_string\"}],\"inLanguage\":\"es\"},{\"@type\":\"Organization\",\"@id\":\"https:\/\/sabado100.com.ar\/es-ar\/#organization\",\"name\":\"Sabado 100\",\"url\":\"https:\/\/sabado100.com.ar\/es-ar\/\",\"logo\":{\"@type\":\"ImageObject\",\"inLanguage\":\"es\",\"@id\":\"https:\/\/sabado100.com.ar\/es-ar\/#\/schema\/logo\/image\/\",\"url\":\"https:\/\/sabado100.com.ar\/es-ar\/wp-content\/uploads\/2024\/04\/logo3.jpg\",\"contentUrl\":\"https:\/\/sabado100.com.ar\/es-ar\/wp-content\/uploads\/2024\/04\/logo3.jpg\",\"width\":300,\"height\":174,\"caption\":\"Sabado 100\"},\"image\":{\"@id\":\"https:\/\/sabado100.com.ar\/es-ar\/#\/schema\/logo\/image\/\"},\"sameAs\":[\"https:\/\/www.facebook.com\/sabadocien\/\",\"https:\/\/www.instagram.com\/sabado100.com.ar\/\",\"https:\/\/www.youtube.com\/@sabado1003\"]},{\"@type\":\"Person\",\"@id\":\"https:\/\/sabado100.com.ar\/es-ar\/#\/schema\/person\/58e38b918ef4e44b11398f25d4684c6d\",\"name\":\"sabado cien\",\"image\":{\"@type\":\"ImageObject\",\"inLanguage\":\"es\",\"@id\":\"https:\/\/sabado100.com.ar\/es-ar\/#\/schema\/person\/image\/\",\"url\":\"https:\/\/sabado100.com.ar\/es-ar\/wp-content\/litespeed\/avatar\/484bccfbd493fbb703b0f1b8113dad61.jpg?ver=1787731622\",\"contentUrl\":\"https:\/\/sabado100.com.ar\/es-ar\/wp-content\/litespeed\/avatar\/484bccfbd493fbb703b0f1b8113dad61.jpg?ver=1787731622\",\"caption\":\"sabado cien\"},\"url\":\"https:\/\/sabado100.com.ar\/es-ar\/author\/sabado100\/\"}]}<\/script>\n<!-- \/ Yoast SEO plugin. -->","yoast_head_json":{"title":"La pol\u00edtica distra\u00edda que gambetea su derrota - Sabado 100","robots":{"index":"index","follow":"follow","max-snippet":"max-snippet:-1","max-image-preview":"max-image-preview:large","max-video-preview":"max-video-preview:-1"},"canonical":"https:\/\/sabado100.com.ar\/es-ar\/la-politica-distraida-que-gambetea-su-derrota\/","og_locale":"es_ES","og_type":"article","og_title":"La pol\u00edtica distra\u00edda que gambetea su derrota - Sabado 100","og_description":"Por Mar\u00eda Herminia Grande.- La pol\u00edtica se hace la distra\u00edda ante una sociedad que cruje. Muchos han sido los momentos [&hellip;]","og_url":"https:\/\/sabado100.com.ar\/es-ar\/la-politica-distraida-que-gambetea-su-derrota\/","og_site_name":"Sabado 100","article_publisher":"https:\/\/www.facebook.com\/sabadocien\/","article_published_time":"2014-10-24T19:18:27+00:00","author":"sabado cien","twitter_card":"summary_large_image","twitter_misc":{"Escrito por":"sabado cien","Tiempo de lectura":"3 minutos"},"schema":{"@context":"https:\/\/schema.org","@graph":[{"@type":"Article","@id":"https:\/\/sabado100.com.ar\/es-ar\/la-politica-distraida-que-gambetea-su-derrota\/#article","isPartOf":{"@id":"https:\/\/sabado100.com.ar\/es-ar\/la-politica-distraida-que-gambetea-su-derrota\/"},"author":{"name":"sabado cien","@id":"https:\/\/sabado100.com.ar\/es-ar\/#\/schema\/person\/58e38b918ef4e44b11398f25d4684c6d"},"headline":"La pol\u00edtica distra\u00edda que gambetea su derrota","datePublished":"2014-10-24T19:18:27+00:00","dateModified":"2014-10-24T19:18:27+00:00","mainEntityOfPage":{"@id":"https:\/\/sabado100.com.ar\/es-ar\/la-politica-distraida-que-gambetea-su-derrota\/"},"wordCount":688,"commentCount":0,"publisher":{"@id":"https:\/\/sabado100.com.ar\/es-ar\/#organization"},"keywords":["pol\u00edtica distra\u00edda"],"articleSection":["Pol\u00edtica"],"inLanguage":"es","potentialAction":[{"@type":"CommentAction","name":"Comment","target":["https:\/\/sabado100.com.ar\/es-ar\/la-politica-distraida-que-gambetea-su-derrota\/#respond"]}]},{"@type":"WebPage","@id":"https:\/\/sabado100.com.ar\/es-ar\/la-politica-distraida-que-gambetea-su-derrota\/","url":"https:\/\/sabado100.com.ar\/es-ar\/la-politica-distraida-que-gambetea-su-derrota\/","name":"La pol\u00edtica distra\u00edda que gambetea su derrota - Sabado 100","isPartOf":{"@id":"https:\/\/sabado100.com.ar\/es-ar\/#website"},"datePublished":"2014-10-24T19:18:27+00:00","dateModified":"2014-10-24T19:18:27+00:00","breadcrumb":{"@id":"https:\/\/sabado100.com.ar\/es-ar\/la-politica-distraida-que-gambetea-su-derrota\/#breadcrumb"},"inLanguage":"es","potentialAction":[{"@type":"ReadAction","target":["https:\/\/sabado100.com.ar\/es-ar\/la-politica-distraida-que-gambetea-su-derrota\/"]}]},{"@type":"BreadcrumbList","@id":"https:\/\/sabado100.com.ar\/es-ar\/la-politica-distraida-que-gambetea-su-derrota\/#breadcrumb","itemListElement":[{"@type":"ListItem","position":1,"name":"Portada","item":"https:\/\/sabado100.com.ar\/es-ar\/"},{"@type":"ListItem","position":2,"name":"La pol\u00edtica distra\u00edda que gambetea su derrota"}]},{"@type":"WebSite","@id":"https:\/\/sabado100.com.ar\/es-ar\/#website","url":"https:\/\/sabado100.com.ar\/es-ar\/","name":"Sabado 100","description":"","publisher":{"@id":"https:\/\/sabado100.com.ar\/es-ar\/#organization"},"potentialAction":[{"@type":"SearchAction","target":{"@type":"EntryPoint","urlTemplate":"https:\/\/sabado100.com.ar\/es-ar\/?s={search_term_string}"},"query-input":"required name=search_term_string"}],"inLanguage":"es"},{"@type":"Organization","@id":"https:\/\/sabado100.com.ar\/es-ar\/#organization","name":"Sabado 100","url":"https:\/\/sabado100.com.ar\/es-ar\/","logo":{"@type":"ImageObject","inLanguage":"es","@id":"https:\/\/sabado100.com.ar\/es-ar\/#\/schema\/logo\/image\/","url":"https:\/\/sabado100.com.ar\/es-ar\/wp-content\/uploads\/2024\/04\/logo3.jpg","contentUrl":"https:\/\/sabado100.com.ar\/es-ar\/wp-content\/uploads\/2024\/04\/logo3.jpg","width":300,"height":174,"caption":"Sabado 100"},"image":{"@id":"https:\/\/sabado100.com.ar\/es-ar\/#\/schema\/logo\/image\/"},"sameAs":["https:\/\/www.facebook.com\/sabadocien\/","https:\/\/www.instagram.com\/sabado100.com.ar\/","https:\/\/www.youtube.com\/@sabado1003"]},{"@type":"Person","@id":"https:\/\/sabado100.com.ar\/es-ar\/#\/schema\/person\/58e38b918ef4e44b11398f25d4684c6d","name":"sabado cien","image":{"@type":"ImageObject","inLanguage":"es","@id":"https:\/\/sabado100.com.ar\/es-ar\/#\/schema\/person\/image\/","url":"https:\/\/sabado100.com.ar\/es-ar\/wp-content\/litespeed\/avatar\/484bccfbd493fbb703b0f1b8113dad61.jpg?ver=1787731622","contentUrl":"https:\/\/sabado100.com.ar\/es-ar\/wp-content\/litespeed\/avatar\/484bccfbd493fbb703b0f1b8113dad61.jpg?ver=1787731622","caption":"sabado cien"},"url":"https:\/\/sabado100.com.ar\/es-ar\/author\/sabado100\/"}]}},"_links":{"self":[{"href":"https:\/\/sabado100.com.ar\/es-ar\/wp-json\/wp\/v2\/posts\/3845","targetHints":{"allow":["GET"]}}],"collection":[{"href":"https:\/\/sabado100.com.ar\/es-ar\/wp-json\/wp\/v2\/posts"}],"about":[{"href":"https:\/\/sabado100.com.ar\/es-ar\/wp-json\/wp\/v2\/types\/post"}],"author":[{"embeddable":true,"href":"https:\/\/sabado100.com.ar\/es-ar\/wp-json\/wp\/v2\/users\/2"}],"replies":[{"embeddable":true,"href":"https:\/\/sabado100.com.ar\/es-ar\/wp-json\/wp\/v2\/comments?post=3845"}],"version-history":[{"count":0,"href":"https:\/\/sabado100.com.ar\/es-ar\/wp-json\/wp\/v2\/posts\/3845\/revisions"}],"wp:attachment":[{"href":"https:\/\/sabado100.com.ar\/es-ar\/wp-json\/wp\/v2\/media?parent=3845"}],"wp:term":[{"taxonomy":"category","embeddable":true,"href":"https:\/\/sabado100.com.ar\/es-ar\/wp-json\/wp\/v2\/categories?post=3845"},{"taxonomy":"post_tag","embeddable":true,"href":"https:\/\/sabado100.com.ar\/es-ar\/wp-json\/wp\/v2\/tags?post=3845"}],"curies":[{"name":"wp","href":"https:\/\/api.w.org\/{rel}","templated":true}]}}