{"id":3836,"date":"2014-10-17T21:47:07","date_gmt":"2014-10-17T19:47:07","guid":{"rendered":"https:\/\/www.sabado100.com.ar\/?p=3836"},"modified":"2014-10-17T21:47:07","modified_gmt":"2014-10-17T19:47:07","slug":"tarifas-de-gas-el-gobierno-en-alerta-por-la-extension-de-los-amparos-que-frenan-el-ajuste-en-la-region-metropolitana","status":"publish","type":"post","link":"https:\/\/sabado100.com.ar\/es-ar\/tarifas-de-gas-el-gobierno-en-alerta-por-la-extension-de-los-amparos-que-frenan-el-ajuste-en-la-region-metropolitana\/","title":{"rendered":"Tarifas de gas: el Gobierno en alerta por la extensi\u00f3n de los amparos que frenan el ajuste en la regi\u00f3n metropolitana"},"content":{"rendered":"<p><strong>Por Antonio Rossi.-<\/strong> Los amparos judiciales que ponen un freno a los fuertes aumentos en las tarifas de gas han encendido las luces de alerta entre los funcionarios de Econom\u00eda y Planificaci\u00f3n.<br \/>\nEl principal motivo de la preocupaci\u00f3n oficial radica en la posible extensi\u00f3n del reciente fallo de la justicia de Avellaneda a la Capital Federal y otras ciudades del Gran Buenos Aires que hasta la semana pasada estaban al margen de las trabas judiciales que impiden la aplicaci\u00f3n plena de los ajustes tarifarios.<br \/>\nPara los asesores de los ministros de Econom\u00eda, Axel Kicillof  y de Planificaci\u00f3n, Julio De Vido la ramificaci\u00f3n de los amparos a favor de los usuarios  en la regi\u00f3n metropolitana implicar\u00eda un duro golpe al esquema de aumentos en el servicio de gas que se viene aplicando desde abril.<br \/>\n\u201cSi aparecen en el \u00e1mbito de la Capital y el Conurbano  cuatro o cinco amparos m\u00e1s similares al registrado la semana pasada en Avellaneda se llegar\u00eda al extremo de tener exceptuados del pago de los aumentos a casi el 50% de todos los hogares del pa\u00eds que est\u00e1n alcanzados por el ajuste\u201d, admitieron los t\u00e9cnicos oficiales que siguen este tema d\u00eda a d\u00eda.<br \/>\nLa actualizaci\u00f3n tarifaria que ahora complica al Gobierno comprendi\u00f3 tres subas  escalonadas que entraron en vigencia en abril, junio y agosto.<br \/>\nPese a que el Gobierno hab\u00eda presentado la modificaci\u00f3n tarifaria  como una \u201cquita de subsidios\u201d y un \u201cuso racional y eficiente del gas natural\u201d, en la pr\u00e1ctica lo que se implement\u00f3 fue un doble ajuste. Por un lado, se redujeron entre un 20% y un 80% los niveles de subsidios existentes para las distintas categor\u00edas de usuarios. Y por otro lado, se dispuso una fuerte actualizaci\u00f3n en el precio del gas que oscil\u00f3 entre el 200% y el 700%.<br \/>\nPese a que los t\u00e9cnicos del sector hab\u00edan propuesto aplicar un \u00fanico aumento antes del invierno, fue el ministro Axel Kicillof  el que decidi\u00f3 en \u00faltima instancia avanzar con la variante de los tres ajustes consecutivos que potenciaron el malhumor y las protestas de los usuarios.<br \/>\nEl fallo que por estas horas inquieta a los funcionarios sali\u00f3 del Juzgado de Garant\u00edas N\u00ba 9 del Polo Judicial de Avellaneda, a cargo de Luis Carzoglia.<br \/>\nEl magistrado resolvi\u00f3 darle curso a la acci\u00f3n de amparo que hab\u00eda solicitado el Defensor del Pueblo de Avellaneda, Sebasti\u00e1n Vinagre contra los aumentos en el servicio de gas que autoriz\u00f3 el Gobierno y llev\u00f3 adelante la empresa Metrogas, la cual tiene como principal accionista a la petrolera YPF que conduce Miguel Galuccio.<br \/>\nEl fallo &#8211;que beneficia a unos 120.000 hogares bonaerenses&#8211;ordena suspender la aplicaci\u00f3n de los incrementos dispuestos desde abril y facturar la pr\u00f3xima boleta con los valores que estaban vigentes al 31 de marzo hasta tanto se resuelva la cuesti\u00f3n de fondo.<br \/>\nSeg\u00fan lo dispuesto por el juez, la empresa deber\u00e1  emitir las pr\u00f3ximas  facturas con dos valores distintos (con y sin los aumentos en danza) para que cada usuario pueda optar por el pago de un monto u otro.<br \/>\nEste amparo \u201cantiaumento\u201d se suma a los que se vienen registrando desde mayo y benefician a los clientes residenciales de San Nicol\u00e1s, Ramallo, Pergamino, San Pedro, Baradero, Bartolom\u00e9 Mitre, Col\u00f3n, Necochea, Mar del Plata, Miramar, Mar Chiquita, Balcarce, Mendoza y San Luis.<br \/>\nTambi\u00e9n rigen amparos que frenan los aumentos en Olavarr\u00eda, Azul, Tandil, Rauch, Las Flores, Roque P\u00e9rez, Saladillo, Alvear y Tapalqu\u00e9.<br \/>\nY en el caso de la empresa Litoral Gas, el fallo vigente alcanza a todos los usuarios hogare\u00f1os de la provincia de Santa Fe que no tienen que afrontar las nuevas tarifas hasta que se resuelve la cuesti\u00f3n de fondo sobre la legalidad de los  aumentos en juego.<\/p>\n<p><strong>El autor es de Rafaela y ejerce el periodismo en Buenos Aires.<\/strong><\/p>\n","protected":false},"excerpt":{"rendered":"<p>Por Antonio Rossi.- Los amparos judiciales que ponen un freno a los fuertes aumentos en las tarifas de gas han [&hellip;]<\/p>\n","protected":false},"author":2,"featured_media":0,"comment_status":"open","ping_status":"closed","sticky":false,"template":"","format":"standard","meta":{"site-sidebar-layout":"default","site-content-layout":"","ast-site-content-layout":"default","site-content-style":"default","site-sidebar-style":"default","ast-global-header-display":"","ast-banner-title-visibility":"","ast-main-header-display":"","ast-hfb-above-header-display":"","ast-hfb-below-header-display":"","ast-hfb-mobile-header-display":"","site-post-title":"","ast-breadcrumbs-content":"","ast-featured-img":"","footer-sml-layout":"","ast-disable-related-posts":"","theme-transparent-header-meta":"","adv-header-id-meta":"","stick-header-meta":"","header-above-stick-meta":"","header-main-stick-meta":"","header-below-stick-meta":"","astra-migrate-meta-layouts":"default","ast-page-background-enabled":"default","ast-page-background-meta":{"desktop":{"background-color":"var(--ast-global-color-4)","background-image":"","background-repeat":"repeat","background-position":"center center","background-size":"auto","background-attachment":"scroll","background-type":"","background-media":"","overlay-type":"","overlay-color":"","overlay-opacity":"","overlay-gradient":""},"tablet":{"background-color":"","background-image":"","background-repeat":"repeat","background-position":"center center","background-size":"auto","background-attachment":"scroll","background-type":"","background-media":"","overlay-type":"","overlay-color":"","overlay-opacity":"","overlay-gradient":""},"mobile":{"background-color":"","background-image":"","background-repeat":"repeat","background-position":"center center","background-size":"auto","background-attachment":"scroll","background-type":"","background-media":"","overlay-type":"","overlay-color":"","overlay-opacity":"","overlay-gradient":""}},"ast-content-background-meta":{"desktop":{"background-color":"var(--ast-global-color-5)","background-image":"","background-repeat":"repeat","background-position":"center center","background-size":"auto","background-attachment":"scroll","background-type":"","background-media":"","overlay-type":"","overlay-color":"","overlay-opacity":"","overlay-gradient":""},"tablet":{"background-color":"var(--ast-global-color-5)","background-image":"","background-repeat":"repeat","background-position":"center center","background-size":"auto","background-attachment":"scroll","background-type":"","background-media":"","overlay-type":"","overlay-color":"","overlay-opacity":"","overlay-gradient":""},"mobile":{"background-color":"var(--ast-global-color-5)","background-image":"","background-repeat":"repeat","background-position":"center center","background-size":"auto","background-attachment":"scroll","background-type":"","background-media":"","overlay-type":"","overlay-color":"","overlay-opacity":"","overlay-gradient":""}},"footnotes":""},"categories":[5],"tags":[],"class_list":["post-3836","post","type-post","status-publish","format-standard","hentry","category-politica"],"yoast_head":"<!-- This site is optimized with the Yoast SEO plugin v23.2 - https:\/\/yoast.com\/wordpress\/plugins\/seo\/ -->\n<title>Tarifas de gas: el Gobierno en alerta por la extensi\u00f3n de los amparos que frenan el ajuste en la regi\u00f3n metropolitana - Sabado 100<\/title>\n<meta name=\"robots\" content=\"index, follow, max-snippet:-1, max-image-preview:large, max-video-preview:-1\" \/>\n<link rel=\"canonical\" href=\"https:\/\/sabado100.com.ar\/es-ar\/tarifas-de-gas-el-gobierno-en-alerta-por-la-extension-de-los-amparos-que-frenan-el-ajuste-en-la-region-metropolitana\/\" \/>\n<meta property=\"og:locale\" content=\"es_ES\" \/>\n<meta property=\"og:type\" content=\"article\" \/>\n<meta property=\"og:title\" content=\"Tarifas de gas: el Gobierno en alerta por la extensi\u00f3n de los amparos que frenan el ajuste en la regi\u00f3n metropolitana - Sabado 100\" \/>\n<meta property=\"og:description\" content=\"Por Antonio Rossi.- Los amparos judiciales que ponen un freno a los fuertes aumentos en las tarifas de gas han [&hellip;]\" \/>\n<meta property=\"og:url\" content=\"https:\/\/sabado100.com.ar\/es-ar\/tarifas-de-gas-el-gobierno-en-alerta-por-la-extension-de-los-amparos-que-frenan-el-ajuste-en-la-region-metropolitana\/\" \/>\n<meta property=\"og:site_name\" content=\"Sabado 100\" \/>\n<meta property=\"article:publisher\" content=\"https:\/\/www.facebook.com\/sabadocien\/\" \/>\n<meta property=\"article:published_time\" content=\"2014-10-17T19:47:07+00:00\" \/>\n<meta name=\"author\" content=\"sabado cien\" \/>\n<meta name=\"twitter:card\" content=\"summary_large_image\" \/>\n<meta name=\"twitter:label1\" content=\"Escrito por\" \/>\n\t<meta name=\"twitter:data1\" content=\"sabado cien\" \/>\n\t<meta name=\"twitter:label2\" content=\"Tiempo de lectura\" \/>\n\t<meta name=\"twitter:data2\" content=\"3 minutos\" \/>\n<script type=\"application\/ld+json\" class=\"yoast-schema-graph\">{\"@context\":\"https:\/\/schema.org\",\"@graph\":[{\"@type\":\"Article\",\"@id\":\"https:\/\/sabado100.com.ar\/es-ar\/tarifas-de-gas-el-gobierno-en-alerta-por-la-extension-de-los-amparos-que-frenan-el-ajuste-en-la-region-metropolitana\/#article\",\"isPartOf\":{\"@id\":\"https:\/\/sabado100.com.ar\/es-ar\/tarifas-de-gas-el-gobierno-en-alerta-por-la-extension-de-los-amparos-que-frenan-el-ajuste-en-la-region-metropolitana\/\"},\"author\":{\"name\":\"sabado cien\",\"@id\":\"https:\/\/sabado100.com.ar\/es-ar\/#\/schema\/person\/58e38b918ef4e44b11398f25d4684c6d\"},\"headline\":\"Tarifas de gas: el Gobierno en alerta por la extensi\u00f3n de los amparos que frenan el ajuste en la regi\u00f3n metropolitana\",\"datePublished\":\"2014-10-17T19:47:07+00:00\",\"dateModified\":\"2014-10-17T19:47:07+00:00\",\"mainEntityOfPage\":{\"@id\":\"https:\/\/sabado100.com.ar\/es-ar\/tarifas-de-gas-el-gobierno-en-alerta-por-la-extension-de-los-amparos-que-frenan-el-ajuste-en-la-region-metropolitana\/\"},\"wordCount\":680,\"commentCount\":0,\"publisher\":{\"@id\":\"https:\/\/sabado100.com.ar\/es-ar\/#organization\"},\"articleSection\":[\"Pol\u00edtica\"],\"inLanguage\":\"es\",\"potentialAction\":[{\"@type\":\"CommentAction\",\"name\":\"Comment\",\"target\":[\"https:\/\/sabado100.com.ar\/es-ar\/tarifas-de-gas-el-gobierno-en-alerta-por-la-extension-de-los-amparos-que-frenan-el-ajuste-en-la-region-metropolitana\/#respond\"]}]},{\"@type\":\"WebPage\",\"@id\":\"https:\/\/sabado100.com.ar\/es-ar\/tarifas-de-gas-el-gobierno-en-alerta-por-la-extension-de-los-amparos-que-frenan-el-ajuste-en-la-region-metropolitana\/\",\"url\":\"https:\/\/sabado100.com.ar\/es-ar\/tarifas-de-gas-el-gobierno-en-alerta-por-la-extension-de-los-amparos-que-frenan-el-ajuste-en-la-region-metropolitana\/\",\"name\":\"Tarifas de gas: el Gobierno en alerta por la extensi\u00f3n de los amparos que frenan el ajuste en la regi\u00f3n metropolitana - Sabado 100\",\"isPartOf\":{\"@id\":\"https:\/\/sabado100.com.ar\/es-ar\/#website\"},\"datePublished\":\"2014-10-17T19:47:07+00:00\",\"dateModified\":\"2014-10-17T19:47:07+00:00\",\"breadcrumb\":{\"@id\":\"https:\/\/sabado100.com.ar\/es-ar\/tarifas-de-gas-el-gobierno-en-alerta-por-la-extension-de-los-amparos-que-frenan-el-ajuste-en-la-region-metropolitana\/#breadcrumb\"},\"inLanguage\":\"es\",\"potentialAction\":[{\"@type\":\"ReadAction\",\"target\":[\"https:\/\/sabado100.com.ar\/es-ar\/tarifas-de-gas-el-gobierno-en-alerta-por-la-extension-de-los-amparos-que-frenan-el-ajuste-en-la-region-metropolitana\/\"]}]},{\"@type\":\"BreadcrumbList\",\"@id\":\"https:\/\/sabado100.com.ar\/es-ar\/tarifas-de-gas-el-gobierno-en-alerta-por-la-extension-de-los-amparos-que-frenan-el-ajuste-en-la-region-metropolitana\/#breadcrumb\",\"itemListElement\":[{\"@type\":\"ListItem\",\"position\":1,\"name\":\"Portada\",\"item\":\"https:\/\/sabado100.com.ar\/es-ar\/\"},{\"@type\":\"ListItem\",\"position\":2,\"name\":\"Tarifas de gas: el Gobierno en alerta por la extensi\u00f3n de los amparos que frenan el ajuste en la regi\u00f3n metropolitana\"}]},{\"@type\":\"WebSite\",\"@id\":\"https:\/\/sabado100.com.ar\/es-ar\/#website\",\"url\":\"https:\/\/sabado100.com.ar\/es-ar\/\",\"name\":\"Sabado 100\",\"description\":\"\",\"publisher\":{\"@id\":\"https:\/\/sabado100.com.ar\/es-ar\/#organization\"},\"potentialAction\":[{\"@type\":\"SearchAction\",\"target\":{\"@type\":\"EntryPoint\",\"urlTemplate\":\"https:\/\/sabado100.com.ar\/es-ar\/?s={search_term_string}\"},\"query-input\":\"required name=search_term_string\"}],\"inLanguage\":\"es\"},{\"@type\":\"Organization\",\"@id\":\"https:\/\/sabado100.com.ar\/es-ar\/#organization\",\"name\":\"Sabado 100\",\"url\":\"https:\/\/sabado100.com.ar\/es-ar\/\",\"logo\":{\"@type\":\"ImageObject\",\"inLanguage\":\"es\",\"@id\":\"https:\/\/sabado100.com.ar\/es-ar\/#\/schema\/logo\/image\/\",\"url\":\"https:\/\/sabado100.com.ar\/es-ar\/wp-content\/uploads\/2024\/04\/logo3.jpg\",\"contentUrl\":\"https:\/\/sabado100.com.ar\/es-ar\/wp-content\/uploads\/2024\/04\/logo3.jpg\",\"width\":300,\"height\":174,\"caption\":\"Sabado 100\"},\"image\":{\"@id\":\"https:\/\/sabado100.com.ar\/es-ar\/#\/schema\/logo\/image\/\"},\"sameAs\":[\"https:\/\/www.facebook.com\/sabadocien\/\",\"https:\/\/www.instagram.com\/sabado100.com.ar\/\",\"https:\/\/www.youtube.com\/@sabado1003\"]},{\"@type\":\"Person\",\"@id\":\"https:\/\/sabado100.com.ar\/es-ar\/#\/schema\/person\/58e38b918ef4e44b11398f25d4684c6d\",\"name\":\"sabado cien\",\"image\":{\"@type\":\"ImageObject\",\"inLanguage\":\"es\",\"@id\":\"https:\/\/sabado100.com.ar\/es-ar\/#\/schema\/person\/image\/\",\"url\":\"https:\/\/sabado100.com.ar\/es-ar\/wp-content\/litespeed\/avatar\/484bccfbd493fbb703b0f1b8113dad61.jpg?ver=1787731622\",\"contentUrl\":\"https:\/\/sabado100.com.ar\/es-ar\/wp-content\/litespeed\/avatar\/484bccfbd493fbb703b0f1b8113dad61.jpg?ver=1787731622\",\"caption\":\"sabado cien\"},\"url\":\"https:\/\/sabado100.com.ar\/es-ar\/author\/sabado100\/\"}]}<\/script>\n<!-- \/ Yoast SEO plugin. -->","yoast_head_json":{"title":"Tarifas de gas: el Gobierno en alerta por la extensi\u00f3n de los amparos que frenan el ajuste en la regi\u00f3n metropolitana - Sabado 100","robots":{"index":"index","follow":"follow","max-snippet":"max-snippet:-1","max-image-preview":"max-image-preview:large","max-video-preview":"max-video-preview:-1"},"canonical":"https:\/\/sabado100.com.ar\/es-ar\/tarifas-de-gas-el-gobierno-en-alerta-por-la-extension-de-los-amparos-que-frenan-el-ajuste-en-la-region-metropolitana\/","og_locale":"es_ES","og_type":"article","og_title":"Tarifas de gas: el Gobierno en alerta por la extensi\u00f3n de los amparos que frenan el ajuste en la regi\u00f3n metropolitana - Sabado 100","og_description":"Por Antonio Rossi.- Los amparos judiciales que ponen un freno a los fuertes aumentos en las tarifas de gas han [&hellip;]","og_url":"https:\/\/sabado100.com.ar\/es-ar\/tarifas-de-gas-el-gobierno-en-alerta-por-la-extension-de-los-amparos-que-frenan-el-ajuste-en-la-region-metropolitana\/","og_site_name":"Sabado 100","article_publisher":"https:\/\/www.facebook.com\/sabadocien\/","article_published_time":"2014-10-17T19:47:07+00:00","author":"sabado cien","twitter_card":"summary_large_image","twitter_misc":{"Escrito por":"sabado cien","Tiempo de lectura":"3 minutos"},"schema":{"@context":"https:\/\/schema.org","@graph":[{"@type":"Article","@id":"https:\/\/sabado100.com.ar\/es-ar\/tarifas-de-gas-el-gobierno-en-alerta-por-la-extension-de-los-amparos-que-frenan-el-ajuste-en-la-region-metropolitana\/#article","isPartOf":{"@id":"https:\/\/sabado100.com.ar\/es-ar\/tarifas-de-gas-el-gobierno-en-alerta-por-la-extension-de-los-amparos-que-frenan-el-ajuste-en-la-region-metropolitana\/"},"author":{"name":"sabado cien","@id":"https:\/\/sabado100.com.ar\/es-ar\/#\/schema\/person\/58e38b918ef4e44b11398f25d4684c6d"},"headline":"Tarifas de gas: el Gobierno en alerta por la extensi\u00f3n de los amparos que frenan el ajuste en la regi\u00f3n metropolitana","datePublished":"2014-10-17T19:47:07+00:00","dateModified":"2014-10-17T19:47:07+00:00","mainEntityOfPage":{"@id":"https:\/\/sabado100.com.ar\/es-ar\/tarifas-de-gas-el-gobierno-en-alerta-por-la-extension-de-los-amparos-que-frenan-el-ajuste-en-la-region-metropolitana\/"},"wordCount":680,"commentCount":0,"publisher":{"@id":"https:\/\/sabado100.com.ar\/es-ar\/#organization"},"articleSection":["Pol\u00edtica"],"inLanguage":"es","potentialAction":[{"@type":"CommentAction","name":"Comment","target":["https:\/\/sabado100.com.ar\/es-ar\/tarifas-de-gas-el-gobierno-en-alerta-por-la-extension-de-los-amparos-que-frenan-el-ajuste-en-la-region-metropolitana\/#respond"]}]},{"@type":"WebPage","@id":"https:\/\/sabado100.com.ar\/es-ar\/tarifas-de-gas-el-gobierno-en-alerta-por-la-extension-de-los-amparos-que-frenan-el-ajuste-en-la-region-metropolitana\/","url":"https:\/\/sabado100.com.ar\/es-ar\/tarifas-de-gas-el-gobierno-en-alerta-por-la-extension-de-los-amparos-que-frenan-el-ajuste-en-la-region-metropolitana\/","name":"Tarifas de gas: el Gobierno en alerta por la extensi\u00f3n de los amparos que frenan el ajuste en la regi\u00f3n metropolitana - Sabado 100","isPartOf":{"@id":"https:\/\/sabado100.com.ar\/es-ar\/#website"},"datePublished":"2014-10-17T19:47:07+00:00","dateModified":"2014-10-17T19:47:07+00:00","breadcrumb":{"@id":"https:\/\/sabado100.com.ar\/es-ar\/tarifas-de-gas-el-gobierno-en-alerta-por-la-extension-de-los-amparos-que-frenan-el-ajuste-en-la-region-metropolitana\/#breadcrumb"},"inLanguage":"es","potentialAction":[{"@type":"ReadAction","target":["https:\/\/sabado100.com.ar\/es-ar\/tarifas-de-gas-el-gobierno-en-alerta-por-la-extension-de-los-amparos-que-frenan-el-ajuste-en-la-region-metropolitana\/"]}]},{"@type":"BreadcrumbList","@id":"https:\/\/sabado100.com.ar\/es-ar\/tarifas-de-gas-el-gobierno-en-alerta-por-la-extension-de-los-amparos-que-frenan-el-ajuste-en-la-region-metropolitana\/#breadcrumb","itemListElement":[{"@type":"ListItem","position":1,"name":"Portada","item":"https:\/\/sabado100.com.ar\/es-ar\/"},{"@type":"ListItem","position":2,"name":"Tarifas de gas: el Gobierno en alerta por la extensi\u00f3n de los amparos que frenan el ajuste en la regi\u00f3n metropolitana"}]},{"@type":"WebSite","@id":"https:\/\/sabado100.com.ar\/es-ar\/#website","url":"https:\/\/sabado100.com.ar\/es-ar\/","name":"Sabado 100","description":"","publisher":{"@id":"https:\/\/sabado100.com.ar\/es-ar\/#organization"},"potentialAction":[{"@type":"SearchAction","target":{"@type":"EntryPoint","urlTemplate":"https:\/\/sabado100.com.ar\/es-ar\/?s={search_term_string}"},"query-input":"required name=search_term_string"}],"inLanguage":"es"},{"@type":"Organization","@id":"https:\/\/sabado100.com.ar\/es-ar\/#organization","name":"Sabado 100","url":"https:\/\/sabado100.com.ar\/es-ar\/","logo":{"@type":"ImageObject","inLanguage":"es","@id":"https:\/\/sabado100.com.ar\/es-ar\/#\/schema\/logo\/image\/","url":"https:\/\/sabado100.com.ar\/es-ar\/wp-content\/uploads\/2024\/04\/logo3.jpg","contentUrl":"https:\/\/sabado100.com.ar\/es-ar\/wp-content\/uploads\/2024\/04\/logo3.jpg","width":300,"height":174,"caption":"Sabado 100"},"image":{"@id":"https:\/\/sabado100.com.ar\/es-ar\/#\/schema\/logo\/image\/"},"sameAs":["https:\/\/www.facebook.com\/sabadocien\/","https:\/\/www.instagram.com\/sabado100.com.ar\/","https:\/\/www.youtube.com\/@sabado1003"]},{"@type":"Person","@id":"https:\/\/sabado100.com.ar\/es-ar\/#\/schema\/person\/58e38b918ef4e44b11398f25d4684c6d","name":"sabado cien","image":{"@type":"ImageObject","inLanguage":"es","@id":"https:\/\/sabado100.com.ar\/es-ar\/#\/schema\/person\/image\/","url":"https:\/\/sabado100.com.ar\/es-ar\/wp-content\/litespeed\/avatar\/484bccfbd493fbb703b0f1b8113dad61.jpg?ver=1787731622","contentUrl":"https:\/\/sabado100.com.ar\/es-ar\/wp-content\/litespeed\/avatar\/484bccfbd493fbb703b0f1b8113dad61.jpg?ver=1787731622","caption":"sabado cien"},"url":"https:\/\/sabado100.com.ar\/es-ar\/author\/sabado100\/"}]}},"_links":{"self":[{"href":"https:\/\/sabado100.com.ar\/es-ar\/wp-json\/wp\/v2\/posts\/3836","targetHints":{"allow":["GET"]}}],"collection":[{"href":"https:\/\/sabado100.com.ar\/es-ar\/wp-json\/wp\/v2\/posts"}],"about":[{"href":"https:\/\/sabado100.com.ar\/es-ar\/wp-json\/wp\/v2\/types\/post"}],"author":[{"embeddable":true,"href":"https:\/\/sabado100.com.ar\/es-ar\/wp-json\/wp\/v2\/users\/2"}],"replies":[{"embeddable":true,"href":"https:\/\/sabado100.com.ar\/es-ar\/wp-json\/wp\/v2\/comments?post=3836"}],"version-history":[{"count":0,"href":"https:\/\/sabado100.com.ar\/es-ar\/wp-json\/wp\/v2\/posts\/3836\/revisions"}],"wp:attachment":[{"href":"https:\/\/sabado100.com.ar\/es-ar\/wp-json\/wp\/v2\/media?parent=3836"}],"wp:term":[{"taxonomy":"category","embeddable":true,"href":"https:\/\/sabado100.com.ar\/es-ar\/wp-json\/wp\/v2\/categories?post=3836"},{"taxonomy":"post_tag","embeddable":true,"href":"https:\/\/sabado100.com.ar\/es-ar\/wp-json\/wp\/v2\/tags?post=3836"}],"curies":[{"name":"wp","href":"https:\/\/api.w.org\/{rel}","templated":true}]}}