{"id":3831,"date":"2014-10-14T16:11:05","date_gmt":"2014-10-14T14:11:05","guid":{"rendered":"https:\/\/www.sabado100.com.ar\/?p=3831"},"modified":"2014-10-14T16:11:05","modified_gmt":"2014-10-14T14:11:05","slug":"el-futuro-germinado","status":"publish","type":"post","link":"https:\/\/sabado100.com.ar\/es-ar\/el-futuro-germinado\/","title":{"rendered":"El futuro germinado"},"content":{"rendered":"<p>Por Adan Costa.- Quienes tenemos el privilegio de poder viajar  a visitar comunidades originarias de todo el pa\u00eds, como la comunidad qom de Pampa del Indio en la Provincia del Chaco, por citar uno de tantos casos, somos plenamente conscientes que en la tarea se nos entrecruzan sensaciones variopintas, encontradas, a veces amargas, otras tantas de incertidumbre, pero otras de francas esperanzas fundadas.<br \/>\nLa ma\u00f1ana de jueves ya no era ma\u00f1ana, sino mediod\u00eda bien entrado y ardiente, por lo que est\u00e1bamos trabajando r\u00e1pido, procurando hacer \u00fatil al tiempo, y sobre todo, procurando no molestar ni alterar el momento de la preparaci\u00f3n del almuerzo familiar, entrevistando las familias que viven en comunidad, dialogando, a veces entendi\u00e9ndonos, otras observando, pero siempre aprendiendo.<br \/>\nLas dificultades apreciadas son de \u00edndole diversa, muchas materiales, pero dos voces proliferan persistentemente  con una lengua que s\u00f3lo se expresa con miradas silenciosas: derecho a las tierras de uso ancestral y  necesidad apremiante de flujos sostenidos de agua potable.<br \/>\nSin duda alguna, son estructurales las causas de estas necesidades, y con sus peculiaridades culturales, son de una naturaleza similar a las causas que inciden sobre los sectores populares urbanos del pa\u00eds, tanto que reposan en el signo de la matriz cultural en la que se ha conformado nuestro pa\u00eds desde centurias. A los sectores de poder real jam\u00e1s se interesaron efectivamente por los derechos de los originarios o de los sectores populares, y, desde siempre, conspiraron en contra de sus posibilidades de organizaci\u00f3n.<br \/>\nLa orientaci\u00f3n de una pol\u00edtica p\u00fablica nacional, a\u00fan con las contradicciones que implica cualquier implementaci\u00f3n de una pol\u00edtica, pero que en su esencia reconoce la hondura de estas causas, se ha encaminado a reparar y restituir los derechos de las comunidades ancestrales. Pero una d\u00e9cada en este sentido no es m\u00e1s que una semilla en un desierto conformado por una matriz de siglos de soslayo cultural.<br \/>\nSalimos de esa casa de ladrillo cocido de esas mismas entra\u00f1as de tierra, chapas de zinc y paneles de energ\u00eda solar, con cierta amarga alegr\u00eda, pero en el espacio de tierra crujiente abierto a nuestros ojos  modo de gran patio comunitario nos estaba aguardando la buena nueva del d\u00eda.<br \/>\nUn grupo de ni\u00f1itos y ni\u00f1itas qom de entre 4 y 12 a\u00f1os estaba jugando en ese solar comunal. Un juego de ni\u00f1os de esa edad no generar\u00eda mayor detenimiento para los ojos de cualquiera. Pero la singularidad no estaba en el hecho de que estaban jugando en s\u00ed, sino a lo qu\u00e9 estaban jugando. Se trataba de una bulliciosa y alegre carrera de postas, con envases pl\u00e1sticos usados como objeto de traslado.<br \/>\nUn juego de postas, no s\u00f3lo es un trabajo de equipos. No s\u00f3lo implica esfuerzo y resistencia f\u00edsica. Implica jugar con la virtud del otro, hacer com\u00fan el esfuerzo del otro asociado al propio, complementar la destreza de uno y transformarla en colectiva. Extremando la imaginaci\u00f3n, hasta podemos pensar que la aquiescencia del individualismo liberal, concentrada en el esfuerzo individual a rajatablas, se pone en cuesti\u00f3n, inconscientemente, con este juego.<br \/>\nEs importante el esfuerzo individual pero no se realiza sustantiva y decisivamente, si no es a trav\u00e9s de un resultado del colectivo. Una persona no puede ser absolutamente libre si la comunidad en la que vive no lo es.<br \/>\nEl juego de postas jugado por estos sabios ni\u00f1os qom del Chaco es el germen mismo del futuro. A\u00fan quiz\u00e1 sin darse cuenta, est\u00e1n modelando, con la inapelable fuerza de lo l\u00fadico, el valor de la solidaridad, de lo asociativo, del esfuerzo comunitario, y m\u00e1s que ninguna otra cosa, se est\u00e1n preparando las bases de la organizaci\u00f3n popular. Que se corra la voz. Hag\u00e1moslo conocer.<\/p>\n<p>Apostillas forjadas al calor de la Encuesta Nacional de Condiciones de Vida de Pueblos y Comunidades Originaras, Provincia de Chaco, mes de octubre de 2.014.<\/p>\n","protected":false},"excerpt":{"rendered":"<p>Por Adan Costa.- Quienes tenemos el privilegio de poder viajar a visitar comunidades originarias de todo el pa\u00eds, como la [&hellip;]<\/p>\n","protected":false},"author":2,"featured_media":0,"comment_status":"open","ping_status":"closed","sticky":false,"template":"","format":"standard","meta":{"site-sidebar-layout":"default","site-content-layout":"","ast-site-content-layout":"default","site-content-style":"default","site-sidebar-style":"default","ast-global-header-display":"","ast-banner-title-visibility":"","ast-main-header-display":"","ast-hfb-above-header-display":"","ast-hfb-below-header-display":"","ast-hfb-mobile-header-display":"","site-post-title":"","ast-breadcrumbs-content":"","ast-featured-img":"","footer-sml-layout":"","ast-disable-related-posts":"","theme-transparent-header-meta":"","adv-header-id-meta":"","stick-header-meta":"","header-above-stick-meta":"","header-main-stick-meta":"","header-below-stick-meta":"","astra-migrate-meta-layouts":"default","ast-page-background-enabled":"default","ast-page-background-meta":{"desktop":{"background-color":"var(--ast-global-color-4)","background-image":"","background-repeat":"repeat","background-position":"center center","background-size":"auto","background-attachment":"scroll","background-type":"","background-media":"","overlay-type":"","overlay-color":"","overlay-opacity":"","overlay-gradient":""},"tablet":{"background-color":"","background-image":"","background-repeat":"repeat","background-position":"center center","background-size":"auto","background-attachment":"scroll","background-type":"","background-media":"","overlay-type":"","overlay-color":"","overlay-opacity":"","overlay-gradient":""},"mobile":{"background-color":"","background-image":"","background-repeat":"repeat","background-position":"center center","background-size":"auto","background-attachment":"scroll","background-type":"","background-media":"","overlay-type":"","overlay-color":"","overlay-opacity":"","overlay-gradient":""}},"ast-content-background-meta":{"desktop":{"background-color":"var(--ast-global-color-5)","background-image":"","background-repeat":"repeat","background-position":"center center","background-size":"auto","background-attachment":"scroll","background-type":"","background-media":"","overlay-type":"","overlay-color":"","overlay-opacity":"","overlay-gradient":""},"tablet":{"background-color":"var(--ast-global-color-5)","background-image":"","background-repeat":"repeat","background-position":"center center","background-size":"auto","background-attachment":"scroll","background-type":"","background-media":"","overlay-type":"","overlay-color":"","overlay-opacity":"","overlay-gradient":""},"mobile":{"background-color":"var(--ast-global-color-5)","background-image":"","background-repeat":"repeat","background-position":"center center","background-size":"auto","background-attachment":"scroll","background-type":"","background-media":"","overlay-type":"","overlay-color":"","overlay-opacity":"","overlay-gradient":""}},"footnotes":""},"categories":[4],"tags":[],"class_list":["post-3831","post","type-post","status-publish","format-standard","hentry","category-cultura-y-sociedad"],"yoast_head":"<!-- This site is optimized with the Yoast SEO plugin v23.2 - https:\/\/yoast.com\/wordpress\/plugins\/seo\/ -->\n<title>El futuro germinado - Sabado 100<\/title>\n<meta name=\"robots\" content=\"index, follow, max-snippet:-1, max-image-preview:large, max-video-preview:-1\" \/>\n<link rel=\"canonical\" href=\"https:\/\/sabado100.com.ar\/es-ar\/el-futuro-germinado\/\" \/>\n<meta property=\"og:locale\" content=\"es_ES\" \/>\n<meta property=\"og:type\" content=\"article\" \/>\n<meta property=\"og:title\" content=\"El futuro germinado - Sabado 100\" \/>\n<meta property=\"og:description\" content=\"Por Adan Costa.- Quienes tenemos el privilegio de poder viajar a visitar comunidades originarias de todo el pa\u00eds, como la [&hellip;]\" \/>\n<meta property=\"og:url\" content=\"https:\/\/sabado100.com.ar\/es-ar\/el-futuro-germinado\/\" \/>\n<meta property=\"og:site_name\" content=\"Sabado 100\" \/>\n<meta property=\"article:publisher\" content=\"https:\/\/www.facebook.com\/sabadocien\/\" \/>\n<meta property=\"article:published_time\" content=\"2014-10-14T14:11:05+00:00\" \/>\n<meta name=\"author\" content=\"sabado cien\" \/>\n<meta name=\"twitter:card\" content=\"summary_large_image\" \/>\n<meta name=\"twitter:label1\" content=\"Escrito por\" \/>\n\t<meta name=\"twitter:data1\" content=\"sabado cien\" \/>\n\t<meta name=\"twitter:label2\" content=\"Tiempo de lectura\" \/>\n\t<meta name=\"twitter:data2\" content=\"3 minutos\" \/>\n<script type=\"application\/ld+json\" class=\"yoast-schema-graph\">{\"@context\":\"https:\/\/schema.org\",\"@graph\":[{\"@type\":\"Article\",\"@id\":\"https:\/\/sabado100.com.ar\/es-ar\/el-futuro-germinado\/#article\",\"isPartOf\":{\"@id\":\"https:\/\/sabado100.com.ar\/es-ar\/el-futuro-germinado\/\"},\"author\":{\"name\":\"sabado cien\",\"@id\":\"https:\/\/sabado100.com.ar\/es-ar\/#\/schema\/person\/58e38b918ef4e44b11398f25d4684c6d\"},\"headline\":\"El futuro germinado\",\"datePublished\":\"2014-10-14T14:11:05+00:00\",\"dateModified\":\"2014-10-14T14:11:05+00:00\",\"mainEntityOfPage\":{\"@id\":\"https:\/\/sabado100.com.ar\/es-ar\/el-futuro-germinado\/\"},\"wordCount\":678,\"commentCount\":0,\"publisher\":{\"@id\":\"https:\/\/sabado100.com.ar\/es-ar\/#organization\"},\"articleSection\":[\"Cultura y Sociedad\"],\"inLanguage\":\"es\",\"potentialAction\":[{\"@type\":\"CommentAction\",\"name\":\"Comment\",\"target\":[\"https:\/\/sabado100.com.ar\/es-ar\/el-futuro-germinado\/#respond\"]}]},{\"@type\":\"WebPage\",\"@id\":\"https:\/\/sabado100.com.ar\/es-ar\/el-futuro-germinado\/\",\"url\":\"https:\/\/sabado100.com.ar\/es-ar\/el-futuro-germinado\/\",\"name\":\"El futuro germinado - Sabado 100\",\"isPartOf\":{\"@id\":\"https:\/\/sabado100.com.ar\/es-ar\/#website\"},\"datePublished\":\"2014-10-14T14:11:05+00:00\",\"dateModified\":\"2014-10-14T14:11:05+00:00\",\"breadcrumb\":{\"@id\":\"https:\/\/sabado100.com.ar\/es-ar\/el-futuro-germinado\/#breadcrumb\"},\"inLanguage\":\"es\",\"potentialAction\":[{\"@type\":\"ReadAction\",\"target\":[\"https:\/\/sabado100.com.ar\/es-ar\/el-futuro-germinado\/\"]}]},{\"@type\":\"BreadcrumbList\",\"@id\":\"https:\/\/sabado100.com.ar\/es-ar\/el-futuro-germinado\/#breadcrumb\",\"itemListElement\":[{\"@type\":\"ListItem\",\"position\":1,\"name\":\"Portada\",\"item\":\"https:\/\/sabado100.com.ar\/es-ar\/\"},{\"@type\":\"ListItem\",\"position\":2,\"name\":\"El futuro germinado\"}]},{\"@type\":\"WebSite\",\"@id\":\"https:\/\/sabado100.com.ar\/es-ar\/#website\",\"url\":\"https:\/\/sabado100.com.ar\/es-ar\/\",\"name\":\"Sabado 100\",\"description\":\"\",\"publisher\":{\"@id\":\"https:\/\/sabado100.com.ar\/es-ar\/#organization\"},\"potentialAction\":[{\"@type\":\"SearchAction\",\"target\":{\"@type\":\"EntryPoint\",\"urlTemplate\":\"https:\/\/sabado100.com.ar\/es-ar\/?s={search_term_string}\"},\"query-input\":\"required name=search_term_string\"}],\"inLanguage\":\"es\"},{\"@type\":\"Organization\",\"@id\":\"https:\/\/sabado100.com.ar\/es-ar\/#organization\",\"name\":\"Sabado 100\",\"url\":\"https:\/\/sabado100.com.ar\/es-ar\/\",\"logo\":{\"@type\":\"ImageObject\",\"inLanguage\":\"es\",\"@id\":\"https:\/\/sabado100.com.ar\/es-ar\/#\/schema\/logo\/image\/\",\"url\":\"https:\/\/sabado100.com.ar\/es-ar\/wp-content\/uploads\/2024\/04\/logo3.jpg\",\"contentUrl\":\"https:\/\/sabado100.com.ar\/es-ar\/wp-content\/uploads\/2024\/04\/logo3.jpg\",\"width\":300,\"height\":174,\"caption\":\"Sabado 100\"},\"image\":{\"@id\":\"https:\/\/sabado100.com.ar\/es-ar\/#\/schema\/logo\/image\/\"},\"sameAs\":[\"https:\/\/www.facebook.com\/sabadocien\/\",\"https:\/\/www.instagram.com\/sabado100.com.ar\/\",\"https:\/\/www.youtube.com\/@sabado1003\"]},{\"@type\":\"Person\",\"@id\":\"https:\/\/sabado100.com.ar\/es-ar\/#\/schema\/person\/58e38b918ef4e44b11398f25d4684c6d\",\"name\":\"sabado cien\",\"image\":{\"@type\":\"ImageObject\",\"inLanguage\":\"es\",\"@id\":\"https:\/\/sabado100.com.ar\/es-ar\/#\/schema\/person\/image\/\",\"url\":\"https:\/\/sabado100.com.ar\/es-ar\/wp-content\/litespeed\/avatar\/484bccfbd493fbb703b0f1b8113dad61.jpg?ver=1787731622\",\"contentUrl\":\"https:\/\/sabado100.com.ar\/es-ar\/wp-content\/litespeed\/avatar\/484bccfbd493fbb703b0f1b8113dad61.jpg?ver=1787731622\",\"caption\":\"sabado cien\"},\"url\":\"https:\/\/sabado100.com.ar\/es-ar\/author\/sabado100\/\"}]}<\/script>\n<!-- \/ Yoast SEO plugin. -->","yoast_head_json":{"title":"El futuro germinado - Sabado 100","robots":{"index":"index","follow":"follow","max-snippet":"max-snippet:-1","max-image-preview":"max-image-preview:large","max-video-preview":"max-video-preview:-1"},"canonical":"https:\/\/sabado100.com.ar\/es-ar\/el-futuro-germinado\/","og_locale":"es_ES","og_type":"article","og_title":"El futuro germinado - Sabado 100","og_description":"Por Adan Costa.- Quienes tenemos el privilegio de poder viajar a visitar comunidades originarias de todo el pa\u00eds, como la [&hellip;]","og_url":"https:\/\/sabado100.com.ar\/es-ar\/el-futuro-germinado\/","og_site_name":"Sabado 100","article_publisher":"https:\/\/www.facebook.com\/sabadocien\/","article_published_time":"2014-10-14T14:11:05+00:00","author":"sabado cien","twitter_card":"summary_large_image","twitter_misc":{"Escrito por":"sabado cien","Tiempo de lectura":"3 minutos"},"schema":{"@context":"https:\/\/schema.org","@graph":[{"@type":"Article","@id":"https:\/\/sabado100.com.ar\/es-ar\/el-futuro-germinado\/#article","isPartOf":{"@id":"https:\/\/sabado100.com.ar\/es-ar\/el-futuro-germinado\/"},"author":{"name":"sabado cien","@id":"https:\/\/sabado100.com.ar\/es-ar\/#\/schema\/person\/58e38b918ef4e44b11398f25d4684c6d"},"headline":"El futuro germinado","datePublished":"2014-10-14T14:11:05+00:00","dateModified":"2014-10-14T14:11:05+00:00","mainEntityOfPage":{"@id":"https:\/\/sabado100.com.ar\/es-ar\/el-futuro-germinado\/"},"wordCount":678,"commentCount":0,"publisher":{"@id":"https:\/\/sabado100.com.ar\/es-ar\/#organization"},"articleSection":["Cultura y Sociedad"],"inLanguage":"es","potentialAction":[{"@type":"CommentAction","name":"Comment","target":["https:\/\/sabado100.com.ar\/es-ar\/el-futuro-germinado\/#respond"]}]},{"@type":"WebPage","@id":"https:\/\/sabado100.com.ar\/es-ar\/el-futuro-germinado\/","url":"https:\/\/sabado100.com.ar\/es-ar\/el-futuro-germinado\/","name":"El futuro germinado - Sabado 100","isPartOf":{"@id":"https:\/\/sabado100.com.ar\/es-ar\/#website"},"datePublished":"2014-10-14T14:11:05+00:00","dateModified":"2014-10-14T14:11:05+00:00","breadcrumb":{"@id":"https:\/\/sabado100.com.ar\/es-ar\/el-futuro-germinado\/#breadcrumb"},"inLanguage":"es","potentialAction":[{"@type":"ReadAction","target":["https:\/\/sabado100.com.ar\/es-ar\/el-futuro-germinado\/"]}]},{"@type":"BreadcrumbList","@id":"https:\/\/sabado100.com.ar\/es-ar\/el-futuro-germinado\/#breadcrumb","itemListElement":[{"@type":"ListItem","position":1,"name":"Portada","item":"https:\/\/sabado100.com.ar\/es-ar\/"},{"@type":"ListItem","position":2,"name":"El futuro germinado"}]},{"@type":"WebSite","@id":"https:\/\/sabado100.com.ar\/es-ar\/#website","url":"https:\/\/sabado100.com.ar\/es-ar\/","name":"Sabado 100","description":"","publisher":{"@id":"https:\/\/sabado100.com.ar\/es-ar\/#organization"},"potentialAction":[{"@type":"SearchAction","target":{"@type":"EntryPoint","urlTemplate":"https:\/\/sabado100.com.ar\/es-ar\/?s={search_term_string}"},"query-input":"required name=search_term_string"}],"inLanguage":"es"},{"@type":"Organization","@id":"https:\/\/sabado100.com.ar\/es-ar\/#organization","name":"Sabado 100","url":"https:\/\/sabado100.com.ar\/es-ar\/","logo":{"@type":"ImageObject","inLanguage":"es","@id":"https:\/\/sabado100.com.ar\/es-ar\/#\/schema\/logo\/image\/","url":"https:\/\/sabado100.com.ar\/es-ar\/wp-content\/uploads\/2024\/04\/logo3.jpg","contentUrl":"https:\/\/sabado100.com.ar\/es-ar\/wp-content\/uploads\/2024\/04\/logo3.jpg","width":300,"height":174,"caption":"Sabado 100"},"image":{"@id":"https:\/\/sabado100.com.ar\/es-ar\/#\/schema\/logo\/image\/"},"sameAs":["https:\/\/www.facebook.com\/sabadocien\/","https:\/\/www.instagram.com\/sabado100.com.ar\/","https:\/\/www.youtube.com\/@sabado1003"]},{"@type":"Person","@id":"https:\/\/sabado100.com.ar\/es-ar\/#\/schema\/person\/58e38b918ef4e44b11398f25d4684c6d","name":"sabado cien","image":{"@type":"ImageObject","inLanguage":"es","@id":"https:\/\/sabado100.com.ar\/es-ar\/#\/schema\/person\/image\/","url":"https:\/\/sabado100.com.ar\/es-ar\/wp-content\/litespeed\/avatar\/484bccfbd493fbb703b0f1b8113dad61.jpg?ver=1787731622","contentUrl":"https:\/\/sabado100.com.ar\/es-ar\/wp-content\/litespeed\/avatar\/484bccfbd493fbb703b0f1b8113dad61.jpg?ver=1787731622","caption":"sabado cien"},"url":"https:\/\/sabado100.com.ar\/es-ar\/author\/sabado100\/"}]}},"_links":{"self":[{"href":"https:\/\/sabado100.com.ar\/es-ar\/wp-json\/wp\/v2\/posts\/3831","targetHints":{"allow":["GET"]}}],"collection":[{"href":"https:\/\/sabado100.com.ar\/es-ar\/wp-json\/wp\/v2\/posts"}],"about":[{"href":"https:\/\/sabado100.com.ar\/es-ar\/wp-json\/wp\/v2\/types\/post"}],"author":[{"embeddable":true,"href":"https:\/\/sabado100.com.ar\/es-ar\/wp-json\/wp\/v2\/users\/2"}],"replies":[{"embeddable":true,"href":"https:\/\/sabado100.com.ar\/es-ar\/wp-json\/wp\/v2\/comments?post=3831"}],"version-history":[{"count":0,"href":"https:\/\/sabado100.com.ar\/es-ar\/wp-json\/wp\/v2\/posts\/3831\/revisions"}],"wp:attachment":[{"href":"https:\/\/sabado100.com.ar\/es-ar\/wp-json\/wp\/v2\/media?parent=3831"}],"wp:term":[{"taxonomy":"category","embeddable":true,"href":"https:\/\/sabado100.com.ar\/es-ar\/wp-json\/wp\/v2\/categories?post=3831"},{"taxonomy":"post_tag","embeddable":true,"href":"https:\/\/sabado100.com.ar\/es-ar\/wp-json\/wp\/v2\/tags?post=3831"}],"curies":[{"name":"wp","href":"https:\/\/api.w.org\/{rel}","templated":true}]}}