{"id":3820,"date":"2014-10-02T15:23:33","date_gmt":"2014-10-02T13:23:33","guid":{"rendered":"https:\/\/www.sabado100.com.ar\/?p=3820"},"modified":"2014-10-02T15:23:33","modified_gmt":"2014-10-02T13:23:33","slug":"los-relatos-salvajes-de-la-vida-en-el-pais-y-el-mundo","status":"publish","type":"post","link":"https:\/\/sabado100.com.ar\/es-ar\/los-relatos-salvajes-de-la-vida-en-el-pais-y-el-mundo\/","title":{"rendered":"Los relatos salvajes de la vida en el pa\u00eds y el mundo"},"content":{"rendered":"<p>Por Mar\u00eda Herminia Grande.- Seg\u00fan las palabras del director de la pel\u00edcula Relatos salvajes, Dami\u00e1n Szifron, la conexi\u00f3n tem\u00e1tica entre los relatos se refiere a la difusa frontera que separa a la civilizaci\u00f3n de la barbarie, del v\u00e9rtigo de perder los estribos y del innegable placer de perder el control. Esta conclusi\u00f3n desnuda una sociedad con un profundo deterioro moral. Aqu\u00ed aparece la gran pregunta vinculada a su g\u00e9nesis: \u00bfesto es culpa de la pol\u00edtica o de la sociedad que permite determinadas pol\u00edticas? Cuando se vive en per\u00edodos democr\u00e1ticos como en la Argentina de este siglo, no existe la posibilidad de excusarse diciendo \u201ceste poder pol\u00edtico no lo eleg\u00ed, no me representa\u201d. Los pueblos en democracia definen el camino que desean transitar a trav\u00e9s de sus preferencias o convicciones. Los treinta y un a\u00f1os de ejercicio electoral deber\u00edan ser parte del afianzamiento, madurez y responsabilidad que indica la decisi\u00f3n de optar por un modelo de pa\u00eds.<\/p>\n<p>El polit\u00f3logo Guillermo O\u2019Donnell refer\u00eda sobre cierta simplificaci\u00f3n que la ciudadan\u00eda realiza al desentenderse de su responsabilidad c\u00edvica luego de emitir un voto. \u00c9l denominaba a esa actitud democracia delegativa. Tal vez sea este el tema central no superado a\u00fan.<\/p>\n<p>La pol\u00edtica en su mala praxis puede ser una bala que no deja de matar m\u00e1s all\u00e1 que el rev\u00f3lver flote en el r\u00edo. Si las desviaciones de la pol\u00edtica fuesen monitoreadas por el inter\u00e9s de la ciudadan\u00eda seguramente no llegar\u00edamos a instancias tan terribles como las que hoy debemos padecer. A prop\u00f3sito de esto por momentos pareciese que todos los argentinos asistimos a la proyecci\u00f3n de una reality llamado el reino del rev\u00e9s, el cual se muestra en todas las pantallas televisivas y tiene su adaptaci\u00f3n radial en el g\u00e9nero radioteatro. Podr\u00edamos decir que \u201cme contaron que en el reino del rev\u00e9s el ladr\u00f3n y el corrupto es m\u00e1s que el juez\u201d. Hay otras figuras de admiraci\u00f3n en esta Argentina del rev\u00e9s. El narco es una de ellas, el vicepresidente corrupto es otra.<\/p>\n<p>Esta semana el ladr\u00f3n que estuvo a punto de convertirse en asesino de un turista extranjero, tuvo sus cinco minutos de \u201cbig star\u201d. Las pantallas de la decadencia argentina ofrec\u00edan el relato de este hombre, o el cuerpo irreconocible de Melina o el arresto domiciliario otorgado por la Justicia a un padre violador de su hija, o supergatitas.com o los asesinos de David Moreira\u2026 (\u00a1por suerte est\u00e1 la ficci\u00f3n!).<\/p>\n<p>L\u00e1stima que todas estas horas de triste decadencia no sean utilizadas para lograr encontrar con vida a los mellizos robados en la localidad de Zavalla a Liliana Montenegro.<\/p>\n<p>Si la mirada nos lleva al mundo que nos rodea, la crueldad del reality muestra las decapitaciones que el grupo terrorista Isis filma y env\u00eda no en bandeja como el rey Herodes, sino en video con el testimonio de sus ejecuciones. En Albania, cuna de la Madre Teresa, el papa Francisco, con la autoridad de su investidura, no le tembl\u00f3 la voz al decir: \u201cMatar en nombre de Dios es un gran sacrilegio! \u00a1Nadie puede usar el nombre de Dios para cometer violencia! \u00a1La religi\u00f3n aut\u00e9ntica es fuente de paz y no de violencia!\u201d.<\/p>\n<p>Cuando nos involucramos en las realidades que acabo de describir siento que la presi\u00f3n constante y desbordante de la inflaci\u00f3n generadora de brutal incertidumbre; la inseguridad militante de los m\u00e1s profundos miedos; el maltrato de bailar en el Titanic en un pa\u00eds posibilitador de estabilidades econ\u00f3micas si se lo sabe conducir; pueden desaparecer con el tiempo, pero la intolerancia y el autoritarismo que habitan por igual a la pol\u00edtica como a la sociedad argentina son okupas muy dif\u00edciles de echar. \u00a1Pareciera que eso de perder el control es un \u00e9xtasis generador de profundo placer!<\/p>\n<p>La sociedad toda deber\u00eda estar de luto ante el desgarrador testimonio de la maestra rosarina Jorgelina Recondo, vicedirectora de la escuela N\u00ba 1078 John F. Kennedy, cuando dijo: \u201cCon el dolor en el alma tengo que decir que la mayor\u00eda de mis alumnos que terminaron 7\u00ba grado han muerto\u201d.<\/p>\n<p>No se necesita marketing ni encuestas, hemos fracasado absolutamente. El duelo deber\u00eda servirnos para interrogarnos sobre qu\u00e9 hemos hecho o dejado de hacer cada uno de nosotros para lograr tanto fracaso.<\/p>\n<p><strong>Fuente:<\/strong> diario El Ciudadano, Rosario.<\/p>\n","protected":false},"excerpt":{"rendered":"<p>Por Mar\u00eda Herminia Grande.- Seg\u00fan las palabras del director de la pel\u00edcula Relatos salvajes, Dami\u00e1n Szifron, la conexi\u00f3n tem\u00e1tica entre [&hellip;]<\/p>\n","protected":false},"author":2,"featured_media":0,"comment_status":"open","ping_status":"closed","sticky":false,"template":"","format":"standard","meta":{"site-sidebar-layout":"default","site-content-layout":"","ast-site-content-layout":"default","site-content-style":"default","site-sidebar-style":"default","ast-global-header-display":"","ast-banner-title-visibility":"","ast-main-header-display":"","ast-hfb-above-header-display":"","ast-hfb-below-header-display":"","ast-hfb-mobile-header-display":"","site-post-title":"","ast-breadcrumbs-content":"","ast-featured-img":"","footer-sml-layout":"","ast-disable-related-posts":"","theme-transparent-header-meta":"","adv-header-id-meta":"","stick-header-meta":"","header-above-stick-meta":"","header-main-stick-meta":"","header-below-stick-meta":"","astra-migrate-meta-layouts":"default","ast-page-background-enabled":"default","ast-page-background-meta":{"desktop":{"background-color":"var(--ast-global-color-4)","background-image":"","background-repeat":"repeat","background-position":"center center","background-size":"auto","background-attachment":"scroll","background-type":"","background-media":"","overlay-type":"","overlay-color":"","overlay-opacity":"","overlay-gradient":""},"tablet":{"background-color":"","background-image":"","background-repeat":"repeat","background-position":"center center","background-size":"auto","background-attachment":"scroll","background-type":"","background-media":"","overlay-type":"","overlay-color":"","overlay-opacity":"","overlay-gradient":""},"mobile":{"background-color":"","background-image":"","background-repeat":"repeat","background-position":"center center","background-size":"auto","background-attachment":"scroll","background-type":"","background-media":"","overlay-type":"","overlay-color":"","overlay-opacity":"","overlay-gradient":""}},"ast-content-background-meta":{"desktop":{"background-color":"var(--ast-global-color-5)","background-image":"","background-repeat":"repeat","background-position":"center center","background-size":"auto","background-attachment":"scroll","background-type":"","background-media":"","overlay-type":"","overlay-color":"","overlay-opacity":"","overlay-gradient":""},"tablet":{"background-color":"var(--ast-global-color-5)","background-image":"","background-repeat":"repeat","background-position":"center center","background-size":"auto","background-attachment":"scroll","background-type":"","background-media":"","overlay-type":"","overlay-color":"","overlay-opacity":"","overlay-gradient":""},"mobile":{"background-color":"var(--ast-global-color-5)","background-image":"","background-repeat":"repeat","background-position":"center center","background-size":"auto","background-attachment":"scroll","background-type":"","background-media":"","overlay-type":"","overlay-color":"","overlay-opacity":"","overlay-gradient":""}},"footnotes":""},"categories":[4,5],"tags":[5279],"class_list":["post-3820","post","type-post","status-publish","format-standard","hentry","category-cultura-y-sociedad","category-politica","tag-relatos-salvajes-de-la-vida"],"yoast_head":"<!-- This site is optimized with the Yoast SEO plugin v23.2 - https:\/\/yoast.com\/wordpress\/plugins\/seo\/ -->\n<title>Los relatos salvajes de la vida en el pa\u00eds y el mundo - Sabado 100<\/title>\n<meta name=\"robots\" content=\"index, follow, max-snippet:-1, max-image-preview:large, max-video-preview:-1\" \/>\n<link rel=\"canonical\" href=\"https:\/\/sabado100.com.ar\/es-ar\/los-relatos-salvajes-de-la-vida-en-el-pais-y-el-mundo\/\" \/>\n<meta property=\"og:locale\" content=\"es_ES\" \/>\n<meta property=\"og:type\" content=\"article\" \/>\n<meta property=\"og:title\" content=\"Los relatos salvajes de la vida en el pa\u00eds y el mundo - Sabado 100\" \/>\n<meta property=\"og:description\" content=\"Por Mar\u00eda Herminia Grande.- Seg\u00fan las palabras del director de la pel\u00edcula Relatos salvajes, Dami\u00e1n Szifron, la conexi\u00f3n tem\u00e1tica entre [&hellip;]\" \/>\n<meta property=\"og:url\" content=\"https:\/\/sabado100.com.ar\/es-ar\/los-relatos-salvajes-de-la-vida-en-el-pais-y-el-mundo\/\" \/>\n<meta property=\"og:site_name\" content=\"Sabado 100\" \/>\n<meta property=\"article:publisher\" content=\"https:\/\/www.facebook.com\/sabadocien\/\" \/>\n<meta property=\"article:published_time\" content=\"2014-10-02T13:23:33+00:00\" \/>\n<meta name=\"author\" content=\"sabado cien\" \/>\n<meta name=\"twitter:card\" content=\"summary_large_image\" \/>\n<meta name=\"twitter:label1\" content=\"Escrito por\" \/>\n\t<meta name=\"twitter:data1\" content=\"sabado cien\" \/>\n\t<meta name=\"twitter:label2\" content=\"Tiempo de lectura\" \/>\n\t<meta name=\"twitter:data2\" content=\"4 minutos\" \/>\n<script type=\"application\/ld+json\" class=\"yoast-schema-graph\">{\"@context\":\"https:\/\/schema.org\",\"@graph\":[{\"@type\":\"Article\",\"@id\":\"https:\/\/sabado100.com.ar\/es-ar\/los-relatos-salvajes-de-la-vida-en-el-pais-y-el-mundo\/#article\",\"isPartOf\":{\"@id\":\"https:\/\/sabado100.com.ar\/es-ar\/los-relatos-salvajes-de-la-vida-en-el-pais-y-el-mundo\/\"},\"author\":{\"name\":\"sabado cien\",\"@id\":\"https:\/\/sabado100.com.ar\/es-ar\/#\/schema\/person\/58e38b918ef4e44b11398f25d4684c6d\"},\"headline\":\"Los relatos salvajes de la vida en el pa\u00eds y el mundo\",\"datePublished\":\"2014-10-02T13:23:33+00:00\",\"dateModified\":\"2014-10-02T13:23:33+00:00\",\"mainEntityOfPage\":{\"@id\":\"https:\/\/sabado100.com.ar\/es-ar\/los-relatos-salvajes-de-la-vida-en-el-pais-y-el-mundo\/\"},\"wordCount\":776,\"commentCount\":0,\"publisher\":{\"@id\":\"https:\/\/sabado100.com.ar\/es-ar\/#organization\"},\"keywords\":[\"relatos salvajes de la vida\"],\"articleSection\":[\"Cultura y Sociedad\",\"Pol\u00edtica\"],\"inLanguage\":\"es\",\"potentialAction\":[{\"@type\":\"CommentAction\",\"name\":\"Comment\",\"target\":[\"https:\/\/sabado100.com.ar\/es-ar\/los-relatos-salvajes-de-la-vida-en-el-pais-y-el-mundo\/#respond\"]}]},{\"@type\":\"WebPage\",\"@id\":\"https:\/\/sabado100.com.ar\/es-ar\/los-relatos-salvajes-de-la-vida-en-el-pais-y-el-mundo\/\",\"url\":\"https:\/\/sabado100.com.ar\/es-ar\/los-relatos-salvajes-de-la-vida-en-el-pais-y-el-mundo\/\",\"name\":\"Los relatos salvajes de la vida en el pa\u00eds y el mundo - Sabado 100\",\"isPartOf\":{\"@id\":\"https:\/\/sabado100.com.ar\/es-ar\/#website\"},\"datePublished\":\"2014-10-02T13:23:33+00:00\",\"dateModified\":\"2014-10-02T13:23:33+00:00\",\"breadcrumb\":{\"@id\":\"https:\/\/sabado100.com.ar\/es-ar\/los-relatos-salvajes-de-la-vida-en-el-pais-y-el-mundo\/#breadcrumb\"},\"inLanguage\":\"es\",\"potentialAction\":[{\"@type\":\"ReadAction\",\"target\":[\"https:\/\/sabado100.com.ar\/es-ar\/los-relatos-salvajes-de-la-vida-en-el-pais-y-el-mundo\/\"]}]},{\"@type\":\"BreadcrumbList\",\"@id\":\"https:\/\/sabado100.com.ar\/es-ar\/los-relatos-salvajes-de-la-vida-en-el-pais-y-el-mundo\/#breadcrumb\",\"itemListElement\":[{\"@type\":\"ListItem\",\"position\":1,\"name\":\"Portada\",\"item\":\"https:\/\/sabado100.com.ar\/es-ar\/\"},{\"@type\":\"ListItem\",\"position\":2,\"name\":\"Los relatos salvajes de la vida en el pa\u00eds y el mundo\"}]},{\"@type\":\"WebSite\",\"@id\":\"https:\/\/sabado100.com.ar\/es-ar\/#website\",\"url\":\"https:\/\/sabado100.com.ar\/es-ar\/\",\"name\":\"Sabado 100\",\"description\":\"\",\"publisher\":{\"@id\":\"https:\/\/sabado100.com.ar\/es-ar\/#organization\"},\"potentialAction\":[{\"@type\":\"SearchAction\",\"target\":{\"@type\":\"EntryPoint\",\"urlTemplate\":\"https:\/\/sabado100.com.ar\/es-ar\/?s={search_term_string}\"},\"query-input\":\"required name=search_term_string\"}],\"inLanguage\":\"es\"},{\"@type\":\"Organization\",\"@id\":\"https:\/\/sabado100.com.ar\/es-ar\/#organization\",\"name\":\"Sabado 100\",\"url\":\"https:\/\/sabado100.com.ar\/es-ar\/\",\"logo\":{\"@type\":\"ImageObject\",\"inLanguage\":\"es\",\"@id\":\"https:\/\/sabado100.com.ar\/es-ar\/#\/schema\/logo\/image\/\",\"url\":\"https:\/\/sabado100.com.ar\/es-ar\/wp-content\/uploads\/2024\/04\/logo3.jpg\",\"contentUrl\":\"https:\/\/sabado100.com.ar\/es-ar\/wp-content\/uploads\/2024\/04\/logo3.jpg\",\"width\":300,\"height\":174,\"caption\":\"Sabado 100\"},\"image\":{\"@id\":\"https:\/\/sabado100.com.ar\/es-ar\/#\/schema\/logo\/image\/\"},\"sameAs\":[\"https:\/\/www.facebook.com\/sabadocien\/\",\"https:\/\/www.instagram.com\/sabado100.com.ar\/\",\"https:\/\/www.youtube.com\/@sabado1003\"]},{\"@type\":\"Person\",\"@id\":\"https:\/\/sabado100.com.ar\/es-ar\/#\/schema\/person\/58e38b918ef4e44b11398f25d4684c6d\",\"name\":\"sabado cien\",\"image\":{\"@type\":\"ImageObject\",\"inLanguage\":\"es\",\"@id\":\"https:\/\/sabado100.com.ar\/es-ar\/#\/schema\/person\/image\/\",\"url\":\"https:\/\/sabado100.com.ar\/es-ar\/wp-content\/litespeed\/avatar\/484bccfbd493fbb703b0f1b8113dad61.jpg?ver=1787731622\",\"contentUrl\":\"https:\/\/sabado100.com.ar\/es-ar\/wp-content\/litespeed\/avatar\/484bccfbd493fbb703b0f1b8113dad61.jpg?ver=1787731622\",\"caption\":\"sabado cien\"},\"url\":\"https:\/\/sabado100.com.ar\/es-ar\/author\/sabado100\/\"}]}<\/script>\n<!-- \/ Yoast SEO plugin. -->","yoast_head_json":{"title":"Los relatos salvajes de la vida en el pa\u00eds y el mundo - Sabado 100","robots":{"index":"index","follow":"follow","max-snippet":"max-snippet:-1","max-image-preview":"max-image-preview:large","max-video-preview":"max-video-preview:-1"},"canonical":"https:\/\/sabado100.com.ar\/es-ar\/los-relatos-salvajes-de-la-vida-en-el-pais-y-el-mundo\/","og_locale":"es_ES","og_type":"article","og_title":"Los relatos salvajes de la vida en el pa\u00eds y el mundo - Sabado 100","og_description":"Por Mar\u00eda Herminia Grande.- Seg\u00fan las palabras del director de la pel\u00edcula Relatos salvajes, Dami\u00e1n Szifron, la conexi\u00f3n tem\u00e1tica entre [&hellip;]","og_url":"https:\/\/sabado100.com.ar\/es-ar\/los-relatos-salvajes-de-la-vida-en-el-pais-y-el-mundo\/","og_site_name":"Sabado 100","article_publisher":"https:\/\/www.facebook.com\/sabadocien\/","article_published_time":"2014-10-02T13:23:33+00:00","author":"sabado cien","twitter_card":"summary_large_image","twitter_misc":{"Escrito por":"sabado cien","Tiempo de lectura":"4 minutos"},"schema":{"@context":"https:\/\/schema.org","@graph":[{"@type":"Article","@id":"https:\/\/sabado100.com.ar\/es-ar\/los-relatos-salvajes-de-la-vida-en-el-pais-y-el-mundo\/#article","isPartOf":{"@id":"https:\/\/sabado100.com.ar\/es-ar\/los-relatos-salvajes-de-la-vida-en-el-pais-y-el-mundo\/"},"author":{"name":"sabado cien","@id":"https:\/\/sabado100.com.ar\/es-ar\/#\/schema\/person\/58e38b918ef4e44b11398f25d4684c6d"},"headline":"Los relatos salvajes de la vida en el pa\u00eds y el mundo","datePublished":"2014-10-02T13:23:33+00:00","dateModified":"2014-10-02T13:23:33+00:00","mainEntityOfPage":{"@id":"https:\/\/sabado100.com.ar\/es-ar\/los-relatos-salvajes-de-la-vida-en-el-pais-y-el-mundo\/"},"wordCount":776,"commentCount":0,"publisher":{"@id":"https:\/\/sabado100.com.ar\/es-ar\/#organization"},"keywords":["relatos salvajes de la vida"],"articleSection":["Cultura y Sociedad","Pol\u00edtica"],"inLanguage":"es","potentialAction":[{"@type":"CommentAction","name":"Comment","target":["https:\/\/sabado100.com.ar\/es-ar\/los-relatos-salvajes-de-la-vida-en-el-pais-y-el-mundo\/#respond"]}]},{"@type":"WebPage","@id":"https:\/\/sabado100.com.ar\/es-ar\/los-relatos-salvajes-de-la-vida-en-el-pais-y-el-mundo\/","url":"https:\/\/sabado100.com.ar\/es-ar\/los-relatos-salvajes-de-la-vida-en-el-pais-y-el-mundo\/","name":"Los relatos salvajes de la vida en el pa\u00eds y el mundo - Sabado 100","isPartOf":{"@id":"https:\/\/sabado100.com.ar\/es-ar\/#website"},"datePublished":"2014-10-02T13:23:33+00:00","dateModified":"2014-10-02T13:23:33+00:00","breadcrumb":{"@id":"https:\/\/sabado100.com.ar\/es-ar\/los-relatos-salvajes-de-la-vida-en-el-pais-y-el-mundo\/#breadcrumb"},"inLanguage":"es","potentialAction":[{"@type":"ReadAction","target":["https:\/\/sabado100.com.ar\/es-ar\/los-relatos-salvajes-de-la-vida-en-el-pais-y-el-mundo\/"]}]},{"@type":"BreadcrumbList","@id":"https:\/\/sabado100.com.ar\/es-ar\/los-relatos-salvajes-de-la-vida-en-el-pais-y-el-mundo\/#breadcrumb","itemListElement":[{"@type":"ListItem","position":1,"name":"Portada","item":"https:\/\/sabado100.com.ar\/es-ar\/"},{"@type":"ListItem","position":2,"name":"Los relatos salvajes de la vida en el pa\u00eds y el mundo"}]},{"@type":"WebSite","@id":"https:\/\/sabado100.com.ar\/es-ar\/#website","url":"https:\/\/sabado100.com.ar\/es-ar\/","name":"Sabado 100","description":"","publisher":{"@id":"https:\/\/sabado100.com.ar\/es-ar\/#organization"},"potentialAction":[{"@type":"SearchAction","target":{"@type":"EntryPoint","urlTemplate":"https:\/\/sabado100.com.ar\/es-ar\/?s={search_term_string}"},"query-input":"required name=search_term_string"}],"inLanguage":"es"},{"@type":"Organization","@id":"https:\/\/sabado100.com.ar\/es-ar\/#organization","name":"Sabado 100","url":"https:\/\/sabado100.com.ar\/es-ar\/","logo":{"@type":"ImageObject","inLanguage":"es","@id":"https:\/\/sabado100.com.ar\/es-ar\/#\/schema\/logo\/image\/","url":"https:\/\/sabado100.com.ar\/es-ar\/wp-content\/uploads\/2024\/04\/logo3.jpg","contentUrl":"https:\/\/sabado100.com.ar\/es-ar\/wp-content\/uploads\/2024\/04\/logo3.jpg","width":300,"height":174,"caption":"Sabado 100"},"image":{"@id":"https:\/\/sabado100.com.ar\/es-ar\/#\/schema\/logo\/image\/"},"sameAs":["https:\/\/www.facebook.com\/sabadocien\/","https:\/\/www.instagram.com\/sabado100.com.ar\/","https:\/\/www.youtube.com\/@sabado1003"]},{"@type":"Person","@id":"https:\/\/sabado100.com.ar\/es-ar\/#\/schema\/person\/58e38b918ef4e44b11398f25d4684c6d","name":"sabado cien","image":{"@type":"ImageObject","inLanguage":"es","@id":"https:\/\/sabado100.com.ar\/es-ar\/#\/schema\/person\/image\/","url":"https:\/\/sabado100.com.ar\/es-ar\/wp-content\/litespeed\/avatar\/484bccfbd493fbb703b0f1b8113dad61.jpg?ver=1787731622","contentUrl":"https:\/\/sabado100.com.ar\/es-ar\/wp-content\/litespeed\/avatar\/484bccfbd493fbb703b0f1b8113dad61.jpg?ver=1787731622","caption":"sabado cien"},"url":"https:\/\/sabado100.com.ar\/es-ar\/author\/sabado100\/"}]}},"_links":{"self":[{"href":"https:\/\/sabado100.com.ar\/es-ar\/wp-json\/wp\/v2\/posts\/3820","targetHints":{"allow":["GET"]}}],"collection":[{"href":"https:\/\/sabado100.com.ar\/es-ar\/wp-json\/wp\/v2\/posts"}],"about":[{"href":"https:\/\/sabado100.com.ar\/es-ar\/wp-json\/wp\/v2\/types\/post"}],"author":[{"embeddable":true,"href":"https:\/\/sabado100.com.ar\/es-ar\/wp-json\/wp\/v2\/users\/2"}],"replies":[{"embeddable":true,"href":"https:\/\/sabado100.com.ar\/es-ar\/wp-json\/wp\/v2\/comments?post=3820"}],"version-history":[{"count":0,"href":"https:\/\/sabado100.com.ar\/es-ar\/wp-json\/wp\/v2\/posts\/3820\/revisions"}],"wp:attachment":[{"href":"https:\/\/sabado100.com.ar\/es-ar\/wp-json\/wp\/v2\/media?parent=3820"}],"wp:term":[{"taxonomy":"category","embeddable":true,"href":"https:\/\/sabado100.com.ar\/es-ar\/wp-json\/wp\/v2\/categories?post=3820"},{"taxonomy":"post_tag","embeddable":true,"href":"https:\/\/sabado100.com.ar\/es-ar\/wp-json\/wp\/v2\/tags?post=3820"}],"curies":[{"name":"wp","href":"https:\/\/api.w.org\/{rel}","templated":true}]}}