{"id":3810,"date":"2014-09-23T14:53:07","date_gmt":"2014-09-23T12:53:07","guid":{"rendered":"https:\/\/www.sabado100.com.ar\/?p=3810"},"modified":"2014-09-23T14:53:07","modified_gmt":"2014-09-23T12:53:07","slug":"el-concejo-municipal-de-rafaela-rebaja-sus-dietas","status":"publish","type":"post","link":"https:\/\/sabado100.com.ar\/es-ar\/el-concejo-municipal-de-rafaela-rebaja-sus-dietas\/","title":{"rendered":"El Concejo Municipal de Rafaela rebaja sus dietas"},"content":{"rendered":"<p><strong>Por Daniel Pustilnik.-<\/strong> Que no lo olviden los viejos: fue el 11 de abril de 1986.<br \/>\nSITUACI\u00d3N: primeros pasos de la democracia.Inflaci\u00f3n galopante: entre la enorme deuda externa e interna dejada por el \u201cProceso\u201d, el pacto sindical-militar, que consigui\u00f3 abortar la Ley Mucci (democratizar los Sindicatos) a los 7 d\u00edas de asumir Alfons\u00edn.<br \/>\nPlan Austral en Junio de 1985 tratando de frenar la inflaci\u00f3n y poner en marcha la econom\u00eda. Octubre negro con estado de sitio por 60 d\u00edas, con amenazas de bombas en las Escuelas, auto-quemas de veh\u00edculos militares (gest\u00e1ndose la Rebeli\u00f3n Militar de Semana Santa). Al ruego de austeridad y ejemplos que ped\u00eda el Gobierno (que ten\u00eda buenas intenciones pero no el PODER), el Concejo Municipal de Rafaela en lugar de poner su coraz\u00f3n. responde con el bolsillo del pueblo y se aumenta las Dietas a cifras que  enardecieron a la Opini\u00f3n P\u00fablica Rafaelina.<br \/>\n        Le toc\u00f3 al que suscribe pedir la palabra y por la presi\u00f3n de la gente el Concejo se la concedi\u00f3.<br \/>\nRecuerden algunos: luego de hacer un balance de la situaci\u00f3n pol\u00edtica, de lo inoportuno del aumento, el descr\u00e9dito en la Democracia vacilante si \u00e9stos aumentos se generalizaban, etc, igualmente sacaron \u00e9sa noche una resoluci\u00f3n (N\u00ba 1229), d\u00f3nde se incrementaban jugosamente la Dieta.-<br \/>\n        Pocos d\u00edas despu\u00e9s, acompa\u00f1ado de un grupo de vecinos pon\u00edamos 2 o 3 mesas en Av. Santa F\u00e9, donde la gente firmaba un petitorio urgiendo la rebaja de las mismas. Muchas colas para firmar \u00e9ste justo reclamo popular.<br \/>\n        Aclaro que un proyecto alternativo de Presupuesto Municipal se hab\u00eda elaborado anteriormente dirigido al Intentende Muriel, Concejales y Opini\u00f3n P\u00fablica.<br \/>\nEntre otras cosas dec\u00eda en su p\u00e1gina 4 \u201cEn lo que respecta a los sueldos proponemos para el personal pol\u00edtico los siguientes niveles<br \/>\n        INTENDENTE: 6 sueldos minimos. vitales y m\u00f3viles por todo concepto.<br \/>\n       AUTORIDADES DE GOB.: 4 SUELDOS MINIMOS<br \/>\n       CONCEJALES: 3 SUELDOS M\u00cdNIMOS.<br \/>\nEn pocos d\u00edas, el descontento fue tal que a los Se\u00f1ores Concejales se les hac\u00eda dif\u00edcil salir a la calle sin recibir improperios de ciudadanos y vecinos.-<br \/>\n    Fue as\u00ed que 41 d\u00edas despu\u00e9s, el 22 de Mayo firmaron la Resoluci\u00f3n  que textualmente dec\u00eda:<br \/>\n    Art. 1\u00ba) Der\u00f3gase el art. 1\u00ba de la Resoluci\u00f3n 1229 del 11\/04\/86.<br \/>\n    Art.2\u00ba) F\u00edjanse las dietas de los Sres Concejales ,en un importe equivalente tres(3) salarios b\u00e1sicos m\u00ednimos  de los haberes del personal de la Municipalidad de Rafaela.<br \/>\n    Art.3\u00ba) D\u00e9 forma.<br \/>\nGran triunfo popular gracias a la enorme participaci\u00f3n de la gente.-<br \/>\n     Cabe aclarar que entre los considerandos de la Rebaja entre otras cosas se nos acusaba a los iniciadores de \u00e9sta protesta de \u201ccometer el delito de sedici\u00f3n\u201d, golpistas y desestabilizadores, que confundieron a la Opini\u00f3n P\u00fablica alentando entre la poblaci\u00f3n un clima de enfrentamiento, etc, etc\u201d.<br \/>\n     Por \u00faltimo, y como uno de los principales promotores debo aclarar para los j\u00f3venes que milit\u00e9 p\u00fablicamente contra el proceso militar desde 1979. Pregunto: que hac\u00edan por \u00e9sa \u00e9poca muchos que ya ten\u00edan uso de Raz\u00f3n y ahora son veteranos dirigentes pol\u00edticos, gremiales, etc???<\/p>\n<p>                      Icho Cruz(Cba),Setiembre de 2014<\/p>\n","protected":false},"excerpt":{"rendered":"<p>Por Daniel Pustilnik.- Que no lo olviden los viejos: fue el 11 de abril de 1986. SITUACI\u00d3N: primeros pasos de [&hellip;]<\/p>\n","protected":false},"author":2,"featured_media":0,"comment_status":"open","ping_status":"closed","sticky":false,"template":"","format":"standard","meta":{"site-sidebar-layout":"default","site-content-layout":"","ast-site-content-layout":"default","site-content-style":"default","site-sidebar-style":"default","ast-global-header-display":"","ast-banner-title-visibility":"","ast-main-header-display":"","ast-hfb-above-header-display":"","ast-hfb-below-header-display":"","ast-hfb-mobile-header-display":"","site-post-title":"","ast-breadcrumbs-content":"","ast-featured-img":"","footer-sml-layout":"","ast-disable-related-posts":"","theme-transparent-header-meta":"","adv-header-id-meta":"","stick-header-meta":"","header-above-stick-meta":"","header-main-stick-meta":"","header-below-stick-meta":"","astra-migrate-meta-layouts":"default","ast-page-background-enabled":"default","ast-page-background-meta":{"desktop":{"background-color":"var(--ast-global-color-4)","background-image":"","background-repeat":"repeat","background-position":"center center","background-size":"auto","background-attachment":"scroll","background-type":"","background-media":"","overlay-type":"","overlay-color":"","overlay-opacity":"","overlay-gradient":""},"tablet":{"background-color":"","background-image":"","background-repeat":"repeat","background-position":"center center","background-size":"auto","background-attachment":"scroll","background-type":"","background-media":"","overlay-type":"","overlay-color":"","overlay-opacity":"","overlay-gradient":""},"mobile":{"background-color":"","background-image":"","background-repeat":"repeat","background-position":"center center","background-size":"auto","background-attachment":"scroll","background-type":"","background-media":"","overlay-type":"","overlay-color":"","overlay-opacity":"","overlay-gradient":""}},"ast-content-background-meta":{"desktop":{"background-color":"var(--ast-global-color-5)","background-image":"","background-repeat":"repeat","background-position":"center center","background-size":"auto","background-attachment":"scroll","background-type":"","background-media":"","overlay-type":"","overlay-color":"","overlay-opacity":"","overlay-gradient":""},"tablet":{"background-color":"var(--ast-global-color-5)","background-image":"","background-repeat":"repeat","background-position":"center center","background-size":"auto","background-attachment":"scroll","background-type":"","background-media":"","overlay-type":"","overlay-color":"","overlay-opacity":"","overlay-gradient":""},"mobile":{"background-color":"var(--ast-global-color-5)","background-image":"","background-repeat":"repeat","background-position":"center center","background-size":"auto","background-attachment":"scroll","background-type":"","background-media":"","overlay-type":"","overlay-color":"","overlay-opacity":"","overlay-gradient":""}},"footnotes":""},"categories":[4,5],"tags":[5276],"class_list":["post-3810","post","type-post","status-publish","format-standard","hentry","category-cultura-y-sociedad","category-politica","tag-concejo-de-rafaela"],"yoast_head":"<!-- This site is optimized with the Yoast SEO plugin v23.2 - https:\/\/yoast.com\/wordpress\/plugins\/seo\/ -->\n<title>El Concejo Municipal de Rafaela rebaja sus dietas - Sabado 100<\/title>\n<meta name=\"robots\" content=\"index, follow, max-snippet:-1, max-image-preview:large, max-video-preview:-1\" \/>\n<link rel=\"canonical\" href=\"https:\/\/sabado100.com.ar\/es-ar\/el-concejo-municipal-de-rafaela-rebaja-sus-dietas\/\" \/>\n<meta property=\"og:locale\" content=\"es_ES\" \/>\n<meta property=\"og:type\" content=\"article\" \/>\n<meta property=\"og:title\" content=\"El Concejo Municipal de Rafaela rebaja sus dietas - Sabado 100\" \/>\n<meta property=\"og:description\" content=\"Por Daniel Pustilnik.- Que no lo olviden los viejos: fue el 11 de abril de 1986. SITUACI\u00d3N: primeros pasos de [&hellip;]\" \/>\n<meta property=\"og:url\" content=\"https:\/\/sabado100.com.ar\/es-ar\/el-concejo-municipal-de-rafaela-rebaja-sus-dietas\/\" \/>\n<meta property=\"og:site_name\" content=\"Sabado 100\" \/>\n<meta property=\"article:publisher\" content=\"https:\/\/www.facebook.com\/sabadocien\/\" \/>\n<meta property=\"article:published_time\" content=\"2014-09-23T12:53:07+00:00\" \/>\n<meta name=\"author\" content=\"sabado cien\" \/>\n<meta name=\"twitter:card\" content=\"summary_large_image\" \/>\n<meta name=\"twitter:label1\" content=\"Escrito por\" \/>\n\t<meta name=\"twitter:data1\" content=\"sabado cien\" \/>\n\t<meta name=\"twitter:label2\" content=\"Tiempo de lectura\" \/>\n\t<meta name=\"twitter:data2\" content=\"3 minutos\" \/>\n<script type=\"application\/ld+json\" class=\"yoast-schema-graph\">{\"@context\":\"https:\/\/schema.org\",\"@graph\":[{\"@type\":\"Article\",\"@id\":\"https:\/\/sabado100.com.ar\/es-ar\/el-concejo-municipal-de-rafaela-rebaja-sus-dietas\/#article\",\"isPartOf\":{\"@id\":\"https:\/\/sabado100.com.ar\/es-ar\/el-concejo-municipal-de-rafaela-rebaja-sus-dietas\/\"},\"author\":{\"name\":\"sabado cien\",\"@id\":\"https:\/\/sabado100.com.ar\/es-ar\/#\/schema\/person\/58e38b918ef4e44b11398f25d4684c6d\"},\"headline\":\"El Concejo Municipal de Rafaela rebaja sus dietas\",\"datePublished\":\"2014-09-23T12:53:07+00:00\",\"dateModified\":\"2014-09-23T12:53:07+00:00\",\"mainEntityOfPage\":{\"@id\":\"https:\/\/sabado100.com.ar\/es-ar\/el-concejo-municipal-de-rafaela-rebaja-sus-dietas\/\"},\"wordCount\":550,\"commentCount\":0,\"publisher\":{\"@id\":\"https:\/\/sabado100.com.ar\/es-ar\/#organization\"},\"keywords\":[\"Concejo de Rafaela\"],\"articleSection\":[\"Cultura y Sociedad\",\"Pol\u00edtica\"],\"inLanguage\":\"es\",\"potentialAction\":[{\"@type\":\"CommentAction\",\"name\":\"Comment\",\"target\":[\"https:\/\/sabado100.com.ar\/es-ar\/el-concejo-municipal-de-rafaela-rebaja-sus-dietas\/#respond\"]}]},{\"@type\":\"WebPage\",\"@id\":\"https:\/\/sabado100.com.ar\/es-ar\/el-concejo-municipal-de-rafaela-rebaja-sus-dietas\/\",\"url\":\"https:\/\/sabado100.com.ar\/es-ar\/el-concejo-municipal-de-rafaela-rebaja-sus-dietas\/\",\"name\":\"El Concejo Municipal de Rafaela rebaja sus dietas - Sabado 100\",\"isPartOf\":{\"@id\":\"https:\/\/sabado100.com.ar\/es-ar\/#website\"},\"datePublished\":\"2014-09-23T12:53:07+00:00\",\"dateModified\":\"2014-09-23T12:53:07+00:00\",\"breadcrumb\":{\"@id\":\"https:\/\/sabado100.com.ar\/es-ar\/el-concejo-municipal-de-rafaela-rebaja-sus-dietas\/#breadcrumb\"},\"inLanguage\":\"es\",\"potentialAction\":[{\"@type\":\"ReadAction\",\"target\":[\"https:\/\/sabado100.com.ar\/es-ar\/el-concejo-municipal-de-rafaela-rebaja-sus-dietas\/\"]}]},{\"@type\":\"BreadcrumbList\",\"@id\":\"https:\/\/sabado100.com.ar\/es-ar\/el-concejo-municipal-de-rafaela-rebaja-sus-dietas\/#breadcrumb\",\"itemListElement\":[{\"@type\":\"ListItem\",\"position\":1,\"name\":\"Portada\",\"item\":\"https:\/\/sabado100.com.ar\/es-ar\/\"},{\"@type\":\"ListItem\",\"position\":2,\"name\":\"El Concejo Municipal de Rafaela rebaja sus dietas\"}]},{\"@type\":\"WebSite\",\"@id\":\"https:\/\/sabado100.com.ar\/es-ar\/#website\",\"url\":\"https:\/\/sabado100.com.ar\/es-ar\/\",\"name\":\"Sabado 100\",\"description\":\"\",\"publisher\":{\"@id\":\"https:\/\/sabado100.com.ar\/es-ar\/#organization\"},\"potentialAction\":[{\"@type\":\"SearchAction\",\"target\":{\"@type\":\"EntryPoint\",\"urlTemplate\":\"https:\/\/sabado100.com.ar\/es-ar\/?s={search_term_string}\"},\"query-input\":\"required name=search_term_string\"}],\"inLanguage\":\"es\"},{\"@type\":\"Organization\",\"@id\":\"https:\/\/sabado100.com.ar\/es-ar\/#organization\",\"name\":\"Sabado 100\",\"url\":\"https:\/\/sabado100.com.ar\/es-ar\/\",\"logo\":{\"@type\":\"ImageObject\",\"inLanguage\":\"es\",\"@id\":\"https:\/\/sabado100.com.ar\/es-ar\/#\/schema\/logo\/image\/\",\"url\":\"https:\/\/sabado100.com.ar\/es-ar\/wp-content\/uploads\/2024\/04\/logo3.jpg\",\"contentUrl\":\"https:\/\/sabado100.com.ar\/es-ar\/wp-content\/uploads\/2024\/04\/logo3.jpg\",\"width\":300,\"height\":174,\"caption\":\"Sabado 100\"},\"image\":{\"@id\":\"https:\/\/sabado100.com.ar\/es-ar\/#\/schema\/logo\/image\/\"},\"sameAs\":[\"https:\/\/www.facebook.com\/sabadocien\/\",\"https:\/\/www.instagram.com\/sabado100.com.ar\/\",\"https:\/\/www.youtube.com\/@sabado1003\"]},{\"@type\":\"Person\",\"@id\":\"https:\/\/sabado100.com.ar\/es-ar\/#\/schema\/person\/58e38b918ef4e44b11398f25d4684c6d\",\"name\":\"sabado cien\",\"image\":{\"@type\":\"ImageObject\",\"inLanguage\":\"es\",\"@id\":\"https:\/\/sabado100.com.ar\/es-ar\/#\/schema\/person\/image\/\",\"url\":\"https:\/\/sabado100.com.ar\/es-ar\/wp-content\/litespeed\/avatar\/484bccfbd493fbb703b0f1b8113dad61.jpg?ver=1787731622\",\"contentUrl\":\"https:\/\/sabado100.com.ar\/es-ar\/wp-content\/litespeed\/avatar\/484bccfbd493fbb703b0f1b8113dad61.jpg?ver=1787731622\",\"caption\":\"sabado cien\"},\"url\":\"https:\/\/sabado100.com.ar\/es-ar\/author\/sabado100\/\"}]}<\/script>\n<!-- \/ Yoast SEO plugin. -->","yoast_head_json":{"title":"El Concejo Municipal de Rafaela rebaja sus dietas - Sabado 100","robots":{"index":"index","follow":"follow","max-snippet":"max-snippet:-1","max-image-preview":"max-image-preview:large","max-video-preview":"max-video-preview:-1"},"canonical":"https:\/\/sabado100.com.ar\/es-ar\/el-concejo-municipal-de-rafaela-rebaja-sus-dietas\/","og_locale":"es_ES","og_type":"article","og_title":"El Concejo Municipal de Rafaela rebaja sus dietas - Sabado 100","og_description":"Por Daniel Pustilnik.- Que no lo olviden los viejos: fue el 11 de abril de 1986. SITUACI\u00d3N: primeros pasos de [&hellip;]","og_url":"https:\/\/sabado100.com.ar\/es-ar\/el-concejo-municipal-de-rafaela-rebaja-sus-dietas\/","og_site_name":"Sabado 100","article_publisher":"https:\/\/www.facebook.com\/sabadocien\/","article_published_time":"2014-09-23T12:53:07+00:00","author":"sabado cien","twitter_card":"summary_large_image","twitter_misc":{"Escrito por":"sabado cien","Tiempo de lectura":"3 minutos"},"schema":{"@context":"https:\/\/schema.org","@graph":[{"@type":"Article","@id":"https:\/\/sabado100.com.ar\/es-ar\/el-concejo-municipal-de-rafaela-rebaja-sus-dietas\/#article","isPartOf":{"@id":"https:\/\/sabado100.com.ar\/es-ar\/el-concejo-municipal-de-rafaela-rebaja-sus-dietas\/"},"author":{"name":"sabado cien","@id":"https:\/\/sabado100.com.ar\/es-ar\/#\/schema\/person\/58e38b918ef4e44b11398f25d4684c6d"},"headline":"El Concejo Municipal de Rafaela rebaja sus dietas","datePublished":"2014-09-23T12:53:07+00:00","dateModified":"2014-09-23T12:53:07+00:00","mainEntityOfPage":{"@id":"https:\/\/sabado100.com.ar\/es-ar\/el-concejo-municipal-de-rafaela-rebaja-sus-dietas\/"},"wordCount":550,"commentCount":0,"publisher":{"@id":"https:\/\/sabado100.com.ar\/es-ar\/#organization"},"keywords":["Concejo de Rafaela"],"articleSection":["Cultura y Sociedad","Pol\u00edtica"],"inLanguage":"es","potentialAction":[{"@type":"CommentAction","name":"Comment","target":["https:\/\/sabado100.com.ar\/es-ar\/el-concejo-municipal-de-rafaela-rebaja-sus-dietas\/#respond"]}]},{"@type":"WebPage","@id":"https:\/\/sabado100.com.ar\/es-ar\/el-concejo-municipal-de-rafaela-rebaja-sus-dietas\/","url":"https:\/\/sabado100.com.ar\/es-ar\/el-concejo-municipal-de-rafaela-rebaja-sus-dietas\/","name":"El Concejo Municipal de Rafaela rebaja sus dietas - Sabado 100","isPartOf":{"@id":"https:\/\/sabado100.com.ar\/es-ar\/#website"},"datePublished":"2014-09-23T12:53:07+00:00","dateModified":"2014-09-23T12:53:07+00:00","breadcrumb":{"@id":"https:\/\/sabado100.com.ar\/es-ar\/el-concejo-municipal-de-rafaela-rebaja-sus-dietas\/#breadcrumb"},"inLanguage":"es","potentialAction":[{"@type":"ReadAction","target":["https:\/\/sabado100.com.ar\/es-ar\/el-concejo-municipal-de-rafaela-rebaja-sus-dietas\/"]}]},{"@type":"BreadcrumbList","@id":"https:\/\/sabado100.com.ar\/es-ar\/el-concejo-municipal-de-rafaela-rebaja-sus-dietas\/#breadcrumb","itemListElement":[{"@type":"ListItem","position":1,"name":"Portada","item":"https:\/\/sabado100.com.ar\/es-ar\/"},{"@type":"ListItem","position":2,"name":"El Concejo Municipal de Rafaela rebaja sus dietas"}]},{"@type":"WebSite","@id":"https:\/\/sabado100.com.ar\/es-ar\/#website","url":"https:\/\/sabado100.com.ar\/es-ar\/","name":"Sabado 100","description":"","publisher":{"@id":"https:\/\/sabado100.com.ar\/es-ar\/#organization"},"potentialAction":[{"@type":"SearchAction","target":{"@type":"EntryPoint","urlTemplate":"https:\/\/sabado100.com.ar\/es-ar\/?s={search_term_string}"},"query-input":"required name=search_term_string"}],"inLanguage":"es"},{"@type":"Organization","@id":"https:\/\/sabado100.com.ar\/es-ar\/#organization","name":"Sabado 100","url":"https:\/\/sabado100.com.ar\/es-ar\/","logo":{"@type":"ImageObject","inLanguage":"es","@id":"https:\/\/sabado100.com.ar\/es-ar\/#\/schema\/logo\/image\/","url":"https:\/\/sabado100.com.ar\/es-ar\/wp-content\/uploads\/2024\/04\/logo3.jpg","contentUrl":"https:\/\/sabado100.com.ar\/es-ar\/wp-content\/uploads\/2024\/04\/logo3.jpg","width":300,"height":174,"caption":"Sabado 100"},"image":{"@id":"https:\/\/sabado100.com.ar\/es-ar\/#\/schema\/logo\/image\/"},"sameAs":["https:\/\/www.facebook.com\/sabadocien\/","https:\/\/www.instagram.com\/sabado100.com.ar\/","https:\/\/www.youtube.com\/@sabado1003"]},{"@type":"Person","@id":"https:\/\/sabado100.com.ar\/es-ar\/#\/schema\/person\/58e38b918ef4e44b11398f25d4684c6d","name":"sabado cien","image":{"@type":"ImageObject","inLanguage":"es","@id":"https:\/\/sabado100.com.ar\/es-ar\/#\/schema\/person\/image\/","url":"https:\/\/sabado100.com.ar\/es-ar\/wp-content\/litespeed\/avatar\/484bccfbd493fbb703b0f1b8113dad61.jpg?ver=1787731622","contentUrl":"https:\/\/sabado100.com.ar\/es-ar\/wp-content\/litespeed\/avatar\/484bccfbd493fbb703b0f1b8113dad61.jpg?ver=1787731622","caption":"sabado cien"},"url":"https:\/\/sabado100.com.ar\/es-ar\/author\/sabado100\/"}]}},"_links":{"self":[{"href":"https:\/\/sabado100.com.ar\/es-ar\/wp-json\/wp\/v2\/posts\/3810","targetHints":{"allow":["GET"]}}],"collection":[{"href":"https:\/\/sabado100.com.ar\/es-ar\/wp-json\/wp\/v2\/posts"}],"about":[{"href":"https:\/\/sabado100.com.ar\/es-ar\/wp-json\/wp\/v2\/types\/post"}],"author":[{"embeddable":true,"href":"https:\/\/sabado100.com.ar\/es-ar\/wp-json\/wp\/v2\/users\/2"}],"replies":[{"embeddable":true,"href":"https:\/\/sabado100.com.ar\/es-ar\/wp-json\/wp\/v2\/comments?post=3810"}],"version-history":[{"count":0,"href":"https:\/\/sabado100.com.ar\/es-ar\/wp-json\/wp\/v2\/posts\/3810\/revisions"}],"wp:attachment":[{"href":"https:\/\/sabado100.com.ar\/es-ar\/wp-json\/wp\/v2\/media?parent=3810"}],"wp:term":[{"taxonomy":"category","embeddable":true,"href":"https:\/\/sabado100.com.ar\/es-ar\/wp-json\/wp\/v2\/categories?post=3810"},{"taxonomy":"post_tag","embeddable":true,"href":"https:\/\/sabado100.com.ar\/es-ar\/wp-json\/wp\/v2\/tags?post=3810"}],"curies":[{"name":"wp","href":"https:\/\/api.w.org\/{rel}","templated":true}]}}