{"id":3808,"date":"2014-09-23T14:39:19","date_gmt":"2014-09-23T12:39:19","guid":{"rendered":"https:\/\/www.sabado100.com.ar\/?p=3808"},"modified":"2014-09-23T14:39:19","modified_gmt":"2014-09-23T12:39:19","slug":"macri-apoyara-construccion-de-la-red-de-autopistas","status":"publish","type":"post","link":"https:\/\/sabado100.com.ar\/es-ar\/macri-apoyara-construccion-de-la-red-de-autopistas\/","title":{"rendered":"Macri apoyar\u00e1 construcci\u00f3n de la red de autopistas"},"content":{"rendered":"<p><strong>Por Emilio J. Grande.-<\/strong> El \u00faltimo viernes, el jefe de la ciudad de Buenos Aires y l\u00edder de PRO Mauricio Macri visit\u00f3 esta ciudad.<br \/>\nDurante la extensa conferencia de prensa en Cyrano -de lo que se inform\u00f3 en la edici\u00f3n del s\u00e1bado-, quien firma esta cr\u00f3nica le pregunt\u00f3 qu\u00e9 opinaba sobre el proyecto del doctor Guillermo Laura para construir una red de autopistas de 13.000 km que cubrir\u00eda la totalidad del territorio argentino, actualmente con rutas en estado deplorable en un alto porcentaje, unas 8.000 muertes anuales, da\u00f1os materiales e infinidad de personas con discapacidades.<br \/>\n\u00abEs un buen proyecto y tenemos en carpeta que vamos a hacer 600-700 km de autov\u00eda por a\u00f1o, empezando por las rutas troncales. Claramente como usted dice es inadmisible e incre\u00edble que no hayamos hecho nada frente a casi 9.000 muertos por a\u00f1o que tenemos en nuestras rutas. Y es mentira que esos muertos son porque manejamos mal. Les aseguro que si traj\u00e9semos ac\u00e1 a manejar, por ejemplo, a los americanos se matar\u00edan 90.000 por a\u00f1o, cruzando a un cami\u00f3n a medio metro de distancia durante cuatro horas. Es una locura, un atentado contra la vida manejar en las rutas argentinas en mal estado y con el nivel de camiones que tenemos porque antes se transportaban 20 millones de toneladas y ahora 100 millones de toneladas\u00bb.<br \/>\nAnte otra consulta, tambi\u00e9n habl\u00f3 del sistema ferroviario: \u00abes parte de nuestro proyecto estrat\u00e9gico para el tema de cargas, en los primeros cuatro a\u00f1os es revitalizar los cuatro sistemas troncales: se\u00f1alizaci\u00f3n, las v\u00edas, el equipamiento para que el transporte de larga distancia vuelva en tren y el cami\u00f3n alimente ese transporte, al igual que la hidrov\u00eda, totalmente desaprovechada\u00bb.<br \/>\nEste periodista mencion\u00f3 que los \u00faltimos gobiernos hicieron caso omiso de lo que significa construir la autopista.<br \/>\n<strong>-\u00bfCu\u00e1l es el motivo por el que no le dan espacio a esta iniciativa que significar\u00eda empleo de mano de obra, materiales y un movimiento importante?<\/strong><br \/>\n-Es muy simple, m\u00e1s de 20 a\u00f1os de mala pol\u00edtica que se olvidaron de la gente, han relegado la inversi\u00f3n que es lo que cambia la vida de la gente, que inviertas en dinero y no que lo gastes. Han privilegiado usar el dinero para hacer clientelismo barato, metiendo en el Estado a la novia, a la t\u00eda, a la amante, en vez de hacer las rutas que salvan vidas y genera m\u00e1s trabajo, trayendo mejores v\u00edas de comunicaci\u00f3n, se puede producir m\u00e1s y transportar lo que uno produce. Eso es lo que hay que cambiar. Es como vos dec\u00eds hay proyectos que est\u00e1n previstos de m\u00e1s de 20-30 a\u00f1os prometidos y no cumplidos.<br \/>\n<strong>-Hasta ahora ning\u00fan candidato a presidente menciona el proyecto de las autopistas. \u00bfLo va a incluir en su campa\u00f1a electoral?<\/strong><br \/>\n-Ya le he dicho que s\u00ed, se ve que no me cree (lo que produjo risas en los presentes).<\/p>\n","protected":false},"excerpt":{"rendered":"<p>Por Emilio J. Grande.- El \u00faltimo viernes, el jefe de la ciudad de Buenos Aires y l\u00edder de PRO Mauricio [&hellip;]<\/p>\n","protected":false},"author":2,"featured_media":0,"comment_status":"open","ping_status":"closed","sticky":false,"template":"","format":"standard","meta":{"site-sidebar-layout":"default","site-content-layout":"","ast-site-content-layout":"default","site-content-style":"default","site-sidebar-style":"default","ast-global-header-display":"","ast-banner-title-visibility":"","ast-main-header-display":"","ast-hfb-above-header-display":"","ast-hfb-below-header-display":"","ast-hfb-mobile-header-display":"","site-post-title":"","ast-breadcrumbs-content":"","ast-featured-img":"","footer-sml-layout":"","ast-disable-related-posts":"","theme-transparent-header-meta":"","adv-header-id-meta":"","stick-header-meta":"","header-above-stick-meta":"","header-main-stick-meta":"","header-below-stick-meta":"","astra-migrate-meta-layouts":"default","ast-page-background-enabled":"default","ast-page-background-meta":{"desktop":{"background-color":"var(--ast-global-color-4)","background-image":"","background-repeat":"repeat","background-position":"center center","background-size":"auto","background-attachment":"scroll","background-type":"","background-media":"","overlay-type":"","overlay-color":"","overlay-opacity":"","overlay-gradient":""},"tablet":{"background-color":"","background-image":"","background-repeat":"repeat","background-position":"center center","background-size":"auto","background-attachment":"scroll","background-type":"","background-media":"","overlay-type":"","overlay-color":"","overlay-opacity":"","overlay-gradient":""},"mobile":{"background-color":"","background-image":"","background-repeat":"repeat","background-position":"center center","background-size":"auto","background-attachment":"scroll","background-type":"","background-media":"","overlay-type":"","overlay-color":"","overlay-opacity":"","overlay-gradient":""}},"ast-content-background-meta":{"desktop":{"background-color":"var(--ast-global-color-5)","background-image":"","background-repeat":"repeat","background-position":"center center","background-size":"auto","background-attachment":"scroll","background-type":"","background-media":"","overlay-type":"","overlay-color":"","overlay-opacity":"","overlay-gradient":""},"tablet":{"background-color":"var(--ast-global-color-5)","background-image":"","background-repeat":"repeat","background-position":"center center","background-size":"auto","background-attachment":"scroll","background-type":"","background-media":"","overlay-type":"","overlay-color":"","overlay-opacity":"","overlay-gradient":""},"mobile":{"background-color":"var(--ast-global-color-5)","background-image":"","background-repeat":"repeat","background-position":"center center","background-size":"auto","background-attachment":"scroll","background-type":"","background-media":"","overlay-type":"","overlay-color":"","overlay-opacity":"","overlay-gradient":""}},"footnotes":""},"categories":[4,5],"tags":[5275],"class_list":["post-3808","post","type-post","status-publish","format-standard","hentry","category-cultura-y-sociedad","category-politica","tag-red-de-autopistas"],"yoast_head":"<!-- This site is optimized with the Yoast SEO plugin v23.2 - https:\/\/yoast.com\/wordpress\/plugins\/seo\/ -->\n<title>Macri apoyar\u00e1 construcci\u00f3n de la red de autopistas - Sabado 100<\/title>\n<meta name=\"robots\" content=\"index, follow, max-snippet:-1, max-image-preview:large, max-video-preview:-1\" \/>\n<link rel=\"canonical\" href=\"https:\/\/sabado100.com.ar\/es-ar\/macri-apoyara-construccion-de-la-red-de-autopistas\/\" \/>\n<meta property=\"og:locale\" content=\"es_ES\" \/>\n<meta property=\"og:type\" content=\"article\" \/>\n<meta property=\"og:title\" content=\"Macri apoyar\u00e1 construcci\u00f3n de la red de autopistas - Sabado 100\" \/>\n<meta property=\"og:description\" content=\"Por Emilio J. Grande.- El \u00faltimo viernes, el jefe de la ciudad de Buenos Aires y l\u00edder de PRO Mauricio [&hellip;]\" \/>\n<meta property=\"og:url\" content=\"https:\/\/sabado100.com.ar\/es-ar\/macri-apoyara-construccion-de-la-red-de-autopistas\/\" \/>\n<meta property=\"og:site_name\" content=\"Sabado 100\" \/>\n<meta property=\"article:publisher\" content=\"https:\/\/www.facebook.com\/sabadocien\/\" \/>\n<meta property=\"article:published_time\" content=\"2014-09-23T12:39:19+00:00\" \/>\n<meta name=\"author\" content=\"sabado cien\" \/>\n<meta name=\"twitter:card\" content=\"summary_large_image\" \/>\n<meta name=\"twitter:label1\" content=\"Escrito por\" \/>\n\t<meta name=\"twitter:data1\" content=\"sabado cien\" \/>\n\t<meta name=\"twitter:label2\" content=\"Tiempo de lectura\" \/>\n\t<meta name=\"twitter:data2\" content=\"3 minutos\" \/>\n<script type=\"application\/ld+json\" class=\"yoast-schema-graph\">{\"@context\":\"https:\/\/schema.org\",\"@graph\":[{\"@type\":\"Article\",\"@id\":\"https:\/\/sabado100.com.ar\/es-ar\/macri-apoyara-construccion-de-la-red-de-autopistas\/#article\",\"isPartOf\":{\"@id\":\"https:\/\/sabado100.com.ar\/es-ar\/macri-apoyara-construccion-de-la-red-de-autopistas\/\"},\"author\":{\"name\":\"sabado cien\",\"@id\":\"https:\/\/sabado100.com.ar\/es-ar\/#\/schema\/person\/58e38b918ef4e44b11398f25d4684c6d\"},\"headline\":\"Macri apoyar\u00e1 construcci\u00f3n de la red de autopistas\",\"datePublished\":\"2014-09-23T12:39:19+00:00\",\"dateModified\":\"2014-09-23T12:39:19+00:00\",\"mainEntityOfPage\":{\"@id\":\"https:\/\/sabado100.com.ar\/es-ar\/macri-apoyara-construccion-de-la-red-de-autopistas\/\"},\"wordCount\":518,\"commentCount\":0,\"publisher\":{\"@id\":\"https:\/\/sabado100.com.ar\/es-ar\/#organization\"},\"keywords\":[\"red de autopistas\"],\"articleSection\":[\"Cultura y Sociedad\",\"Pol\u00edtica\"],\"inLanguage\":\"es\",\"potentialAction\":[{\"@type\":\"CommentAction\",\"name\":\"Comment\",\"target\":[\"https:\/\/sabado100.com.ar\/es-ar\/macri-apoyara-construccion-de-la-red-de-autopistas\/#respond\"]}]},{\"@type\":\"WebPage\",\"@id\":\"https:\/\/sabado100.com.ar\/es-ar\/macri-apoyara-construccion-de-la-red-de-autopistas\/\",\"url\":\"https:\/\/sabado100.com.ar\/es-ar\/macri-apoyara-construccion-de-la-red-de-autopistas\/\",\"name\":\"Macri apoyar\u00e1 construcci\u00f3n de la red de autopistas - Sabado 100\",\"isPartOf\":{\"@id\":\"https:\/\/sabado100.com.ar\/es-ar\/#website\"},\"datePublished\":\"2014-09-23T12:39:19+00:00\",\"dateModified\":\"2014-09-23T12:39:19+00:00\",\"breadcrumb\":{\"@id\":\"https:\/\/sabado100.com.ar\/es-ar\/macri-apoyara-construccion-de-la-red-de-autopistas\/#breadcrumb\"},\"inLanguage\":\"es\",\"potentialAction\":[{\"@type\":\"ReadAction\",\"target\":[\"https:\/\/sabado100.com.ar\/es-ar\/macri-apoyara-construccion-de-la-red-de-autopistas\/\"]}]},{\"@type\":\"BreadcrumbList\",\"@id\":\"https:\/\/sabado100.com.ar\/es-ar\/macri-apoyara-construccion-de-la-red-de-autopistas\/#breadcrumb\",\"itemListElement\":[{\"@type\":\"ListItem\",\"position\":1,\"name\":\"Portada\",\"item\":\"https:\/\/sabado100.com.ar\/es-ar\/\"},{\"@type\":\"ListItem\",\"position\":2,\"name\":\"Macri apoyar\u00e1 construcci\u00f3n de la red de autopistas\"}]},{\"@type\":\"WebSite\",\"@id\":\"https:\/\/sabado100.com.ar\/es-ar\/#website\",\"url\":\"https:\/\/sabado100.com.ar\/es-ar\/\",\"name\":\"Sabado 100\",\"description\":\"\",\"publisher\":{\"@id\":\"https:\/\/sabado100.com.ar\/es-ar\/#organization\"},\"potentialAction\":[{\"@type\":\"SearchAction\",\"target\":{\"@type\":\"EntryPoint\",\"urlTemplate\":\"https:\/\/sabado100.com.ar\/es-ar\/?s={search_term_string}\"},\"query-input\":\"required name=search_term_string\"}],\"inLanguage\":\"es\"},{\"@type\":\"Organization\",\"@id\":\"https:\/\/sabado100.com.ar\/es-ar\/#organization\",\"name\":\"Sabado 100\",\"url\":\"https:\/\/sabado100.com.ar\/es-ar\/\",\"logo\":{\"@type\":\"ImageObject\",\"inLanguage\":\"es\",\"@id\":\"https:\/\/sabado100.com.ar\/es-ar\/#\/schema\/logo\/image\/\",\"url\":\"https:\/\/sabado100.com.ar\/es-ar\/wp-content\/uploads\/2024\/04\/logo3.jpg\",\"contentUrl\":\"https:\/\/sabado100.com.ar\/es-ar\/wp-content\/uploads\/2024\/04\/logo3.jpg\",\"width\":300,\"height\":174,\"caption\":\"Sabado 100\"},\"image\":{\"@id\":\"https:\/\/sabado100.com.ar\/es-ar\/#\/schema\/logo\/image\/\"},\"sameAs\":[\"https:\/\/www.facebook.com\/sabadocien\/\",\"https:\/\/www.instagram.com\/sabado100.com.ar\/\",\"https:\/\/www.youtube.com\/@sabado1003\"]},{\"@type\":\"Person\",\"@id\":\"https:\/\/sabado100.com.ar\/es-ar\/#\/schema\/person\/58e38b918ef4e44b11398f25d4684c6d\",\"name\":\"sabado cien\",\"image\":{\"@type\":\"ImageObject\",\"inLanguage\":\"es\",\"@id\":\"https:\/\/sabado100.com.ar\/es-ar\/#\/schema\/person\/image\/\",\"url\":\"https:\/\/sabado100.com.ar\/es-ar\/wp-content\/litespeed\/avatar\/484bccfbd493fbb703b0f1b8113dad61.jpg?ver=1787731622\",\"contentUrl\":\"https:\/\/sabado100.com.ar\/es-ar\/wp-content\/litespeed\/avatar\/484bccfbd493fbb703b0f1b8113dad61.jpg?ver=1787731622\",\"caption\":\"sabado cien\"},\"url\":\"https:\/\/sabado100.com.ar\/es-ar\/author\/sabado100\/\"}]}<\/script>\n<!-- \/ Yoast SEO plugin. -->","yoast_head_json":{"title":"Macri apoyar\u00e1 construcci\u00f3n de la red de autopistas - Sabado 100","robots":{"index":"index","follow":"follow","max-snippet":"max-snippet:-1","max-image-preview":"max-image-preview:large","max-video-preview":"max-video-preview:-1"},"canonical":"https:\/\/sabado100.com.ar\/es-ar\/macri-apoyara-construccion-de-la-red-de-autopistas\/","og_locale":"es_ES","og_type":"article","og_title":"Macri apoyar\u00e1 construcci\u00f3n de la red de autopistas - Sabado 100","og_description":"Por Emilio J. Grande.- El \u00faltimo viernes, el jefe de la ciudad de Buenos Aires y l\u00edder de PRO Mauricio [&hellip;]","og_url":"https:\/\/sabado100.com.ar\/es-ar\/macri-apoyara-construccion-de-la-red-de-autopistas\/","og_site_name":"Sabado 100","article_publisher":"https:\/\/www.facebook.com\/sabadocien\/","article_published_time":"2014-09-23T12:39:19+00:00","author":"sabado cien","twitter_card":"summary_large_image","twitter_misc":{"Escrito por":"sabado cien","Tiempo de lectura":"3 minutos"},"schema":{"@context":"https:\/\/schema.org","@graph":[{"@type":"Article","@id":"https:\/\/sabado100.com.ar\/es-ar\/macri-apoyara-construccion-de-la-red-de-autopistas\/#article","isPartOf":{"@id":"https:\/\/sabado100.com.ar\/es-ar\/macri-apoyara-construccion-de-la-red-de-autopistas\/"},"author":{"name":"sabado cien","@id":"https:\/\/sabado100.com.ar\/es-ar\/#\/schema\/person\/58e38b918ef4e44b11398f25d4684c6d"},"headline":"Macri apoyar\u00e1 construcci\u00f3n de la red de autopistas","datePublished":"2014-09-23T12:39:19+00:00","dateModified":"2014-09-23T12:39:19+00:00","mainEntityOfPage":{"@id":"https:\/\/sabado100.com.ar\/es-ar\/macri-apoyara-construccion-de-la-red-de-autopistas\/"},"wordCount":518,"commentCount":0,"publisher":{"@id":"https:\/\/sabado100.com.ar\/es-ar\/#organization"},"keywords":["red de autopistas"],"articleSection":["Cultura y Sociedad","Pol\u00edtica"],"inLanguage":"es","potentialAction":[{"@type":"CommentAction","name":"Comment","target":["https:\/\/sabado100.com.ar\/es-ar\/macri-apoyara-construccion-de-la-red-de-autopistas\/#respond"]}]},{"@type":"WebPage","@id":"https:\/\/sabado100.com.ar\/es-ar\/macri-apoyara-construccion-de-la-red-de-autopistas\/","url":"https:\/\/sabado100.com.ar\/es-ar\/macri-apoyara-construccion-de-la-red-de-autopistas\/","name":"Macri apoyar\u00e1 construcci\u00f3n de la red de autopistas - Sabado 100","isPartOf":{"@id":"https:\/\/sabado100.com.ar\/es-ar\/#website"},"datePublished":"2014-09-23T12:39:19+00:00","dateModified":"2014-09-23T12:39:19+00:00","breadcrumb":{"@id":"https:\/\/sabado100.com.ar\/es-ar\/macri-apoyara-construccion-de-la-red-de-autopistas\/#breadcrumb"},"inLanguage":"es","potentialAction":[{"@type":"ReadAction","target":["https:\/\/sabado100.com.ar\/es-ar\/macri-apoyara-construccion-de-la-red-de-autopistas\/"]}]},{"@type":"BreadcrumbList","@id":"https:\/\/sabado100.com.ar\/es-ar\/macri-apoyara-construccion-de-la-red-de-autopistas\/#breadcrumb","itemListElement":[{"@type":"ListItem","position":1,"name":"Portada","item":"https:\/\/sabado100.com.ar\/es-ar\/"},{"@type":"ListItem","position":2,"name":"Macri apoyar\u00e1 construcci\u00f3n de la red de autopistas"}]},{"@type":"WebSite","@id":"https:\/\/sabado100.com.ar\/es-ar\/#website","url":"https:\/\/sabado100.com.ar\/es-ar\/","name":"Sabado 100","description":"","publisher":{"@id":"https:\/\/sabado100.com.ar\/es-ar\/#organization"},"potentialAction":[{"@type":"SearchAction","target":{"@type":"EntryPoint","urlTemplate":"https:\/\/sabado100.com.ar\/es-ar\/?s={search_term_string}"},"query-input":"required name=search_term_string"}],"inLanguage":"es"},{"@type":"Organization","@id":"https:\/\/sabado100.com.ar\/es-ar\/#organization","name":"Sabado 100","url":"https:\/\/sabado100.com.ar\/es-ar\/","logo":{"@type":"ImageObject","inLanguage":"es","@id":"https:\/\/sabado100.com.ar\/es-ar\/#\/schema\/logo\/image\/","url":"https:\/\/sabado100.com.ar\/es-ar\/wp-content\/uploads\/2024\/04\/logo3.jpg","contentUrl":"https:\/\/sabado100.com.ar\/es-ar\/wp-content\/uploads\/2024\/04\/logo3.jpg","width":300,"height":174,"caption":"Sabado 100"},"image":{"@id":"https:\/\/sabado100.com.ar\/es-ar\/#\/schema\/logo\/image\/"},"sameAs":["https:\/\/www.facebook.com\/sabadocien\/","https:\/\/www.instagram.com\/sabado100.com.ar\/","https:\/\/www.youtube.com\/@sabado1003"]},{"@type":"Person","@id":"https:\/\/sabado100.com.ar\/es-ar\/#\/schema\/person\/58e38b918ef4e44b11398f25d4684c6d","name":"sabado cien","image":{"@type":"ImageObject","inLanguage":"es","@id":"https:\/\/sabado100.com.ar\/es-ar\/#\/schema\/person\/image\/","url":"https:\/\/sabado100.com.ar\/es-ar\/wp-content\/litespeed\/avatar\/484bccfbd493fbb703b0f1b8113dad61.jpg?ver=1787731622","contentUrl":"https:\/\/sabado100.com.ar\/es-ar\/wp-content\/litespeed\/avatar\/484bccfbd493fbb703b0f1b8113dad61.jpg?ver=1787731622","caption":"sabado cien"},"url":"https:\/\/sabado100.com.ar\/es-ar\/author\/sabado100\/"}]}},"_links":{"self":[{"href":"https:\/\/sabado100.com.ar\/es-ar\/wp-json\/wp\/v2\/posts\/3808","targetHints":{"allow":["GET"]}}],"collection":[{"href":"https:\/\/sabado100.com.ar\/es-ar\/wp-json\/wp\/v2\/posts"}],"about":[{"href":"https:\/\/sabado100.com.ar\/es-ar\/wp-json\/wp\/v2\/types\/post"}],"author":[{"embeddable":true,"href":"https:\/\/sabado100.com.ar\/es-ar\/wp-json\/wp\/v2\/users\/2"}],"replies":[{"embeddable":true,"href":"https:\/\/sabado100.com.ar\/es-ar\/wp-json\/wp\/v2\/comments?post=3808"}],"version-history":[{"count":0,"href":"https:\/\/sabado100.com.ar\/es-ar\/wp-json\/wp\/v2\/posts\/3808\/revisions"}],"wp:attachment":[{"href":"https:\/\/sabado100.com.ar\/es-ar\/wp-json\/wp\/v2\/media?parent=3808"}],"wp:term":[{"taxonomy":"category","embeddable":true,"href":"https:\/\/sabado100.com.ar\/es-ar\/wp-json\/wp\/v2\/categories?post=3808"},{"taxonomy":"post_tag","embeddable":true,"href":"https:\/\/sabado100.com.ar\/es-ar\/wp-json\/wp\/v2\/tags?post=3808"}],"curies":[{"name":"wp","href":"https:\/\/api.w.org\/{rel}","templated":true}]}}