{"id":3786,"date":"2014-09-02T17:55:51","date_gmt":"2014-09-02T15:55:51","guid":{"rendered":"https:\/\/www.sabado100.com.ar\/?p=3786"},"modified":"2014-09-02T17:55:51","modified_gmt":"2014-09-02T15:55:51","slug":"la-evaluacion-de-la-politica-social-mas-intenciones-que-presupuesto","status":"publish","type":"post","link":"https:\/\/sabado100.com.ar\/es-ar\/la-evaluacion-de-la-politica-social-mas-intenciones-que-presupuesto\/","title":{"rendered":"La evaluaci\u00f3n de la pol\u00edtica social: m\u00e1s intenciones que presupuesto"},"content":{"rendered":"<p>Por Natalia Aquilino.- El crecimiento econ\u00f3mico registrado entre 2003 y 2013 estuvo acompa\u00f1ado por un activo rol del Estado en materia social, y por un crecimiento sostenido del gasto social, que pas\u00f3 del 19% del PBI en 2003 al 32% en 2013. En este contexto mejoraron los principales indicadores sociales, y se ampliaron los derechos para sectores hist\u00f3ricamente excluidos. Actualmente, la cartera de planes y programas sociales implementados por el Estado Nacional beneficia a casi un cuarto de la poblaci\u00f3n total del pa\u00eds y representa un importante esfuerzo fiscal.<\/p>\n<p>Sin embargo, un estudio reciente de CIPPEC sobre diecis\u00e9is programas de la cartera social muestra que s\u00f3lo el 43,75% de los programas y planes sociales analizados est\u00e1 en condiciones de ser evaluados y de producir informaci\u00f3n confiable que alimente la toma de decisiones.<\/p>\n<p>Aun as\u00ed, los planes y programas sociales tienen buen dise\u00f1o. El 81% de los programas diagnostic\u00f3 los problemas e identific\u00f3 sus causas. Todos los programas analizados definen sus objetivos expl\u00edcitamente, responden a las necesidades y problemas detectados y son medibles. Adem\u00e1s, una de cada tres intervenciones establece los plazos para alcanzar estos objetivos. Alrededor de la mitad de las intervenciones define un sistema de informaci\u00f3n formal con indicadores, fuentes de informaci\u00f3n y mecanismos de recolecci\u00f3n de datos expl\u00edcitos. Las matrices de seguimiento y evaluaci\u00f3n de la mitad de los casos analizados emplean indicadores de impacto.<\/p>\n<p>El 75% de las pol\u00edticas sociales revisadas incluyen una estrategia de evaluaci\u00f3n y en m\u00e1s de la mitad de los programas analizados se genera alg\u00fan mecanismo para incorporar las recomendaciones de la evaluaci\u00f3n a la gesti\u00f3n de la pol\u00edtica. Sin embargo, s\u00f3lo el 37% de los programas y planes tiene un presupuesto espec\u00edfico para implementar actividades de seguimiento o evaluaci\u00f3n. Este porcentaje (a excepci\u00f3n del Programa Conectar Igualdad) est\u00e1 compuesto por planes o programas con financiamiento internacional. Esto ayuda a entender por qu\u00e9 la evaluaci\u00f3n es m\u00e1s una expresi\u00f3n de deseo a nivel del dise\u00f1o de la pol\u00edtica p\u00fablica que un compromiso efectivo en los presupuestos de implementaci\u00f3n.<\/p>\n<p>En Am\u00e9rica Latina existen experiencias valiosas de dise\u00f1o e implementaci\u00f3n de estrategias y sistemas de monitoreo y evaluaci\u00f3n de planes y programas sociales. M\u00e9xico y Colombia, por ejemplo, impulsan, regulan y coordinan desde el Estado la evaluaci\u00f3n sistem\u00e1tica de pol\u00edticas p\u00fablicas. En el caso mexicano, el Consejo Nacional de Evaluaci\u00f3n de la Pol\u00edtica de Desarrollo Social regula y coordina la evaluaci\u00f3n de la Pol\u00edtica Nacional de Desarrollo Social. En Colombia, la Direcci\u00f3n de Evaluaci\u00f3n de Pol\u00edticas P\u00fablicas, a trav\u00e9s del Sistema Nacional de Evaluaci\u00f3n y Gesti\u00f3n de Resultados, mide y eval\u00faa la gesti\u00f3n, la ejecuci\u00f3n y el impacto de las principales pol\u00edticas y programas gubernamentales. Estos organismos evidencian una cultura de evaluaci\u00f3n liderada desde el nivel estatal.<\/p>\n<p>En este contexto, programas como \u201cDe Cero a Siempre\u201d (Colombia) y \u201c70 y m\u00e1s\u201d (M\u00e9xico) tienen sistemas de informaci\u00f3n y estrategias de evaluaci\u00f3n elaborados con lineamientos del Estado. Esto garantiza que todos los programas cumplan con est\u00e1ndares m\u00ednimos de evaluabilidad.<\/p>\n<p>En la Argentina no existe un organismo an\u00e1logo a los de Colombia y M\u00e9xico. Por el contrario, las tareas de monitoreo y evaluaci\u00f3n est\u00e1n supeditadas a la iniciativa pol\u00edtica y a la voluntad t\u00e9cnica de las gerencias de los planes y programas o a las exigencias de los organismos financiadores. As\u00ed, en nuestro escenario conviven experiencias muy dis\u00edmiles en calidad y rigor t\u00e9cnico. La evaluaci\u00f3n como pol\u00edtica est\u00e1 m\u00e1s sujeta a la voluntad de actores individuales que al convencimiento institucional del Estado.<\/p>\n<p>La iniciativa de las Naciones Unidas para la Evaluaci\u00f3n, EvalPartners en ingl\u00e9s, declar\u00f3 al a\u00f1o 2015 como el A\u00f1o Internacional de la Evaluaci\u00f3n. Es una buena oportunidad para pensar un sistema nacional orientado a responder sobre la efectividad de las pol\u00edticas p\u00fablicas desde un enfoque basado en la equidad y los derechos humanos que alienta la participaci\u00f3n de distintas organizaciones en el proceso.<\/p>\n<p><strong>La autora es directora del Programa de Incidencia, Monitoreo y Evaluaci\u00f3n de CIPPEC.<br \/>\nFuente:<\/strong> http:\/\/elestadista.com.ar\/?p=4712.<\/p>\n","protected":false},"excerpt":{"rendered":"<p>Por Natalia Aquilino.- El crecimiento econ\u00f3mico registrado entre 2003 y 2013 estuvo acompa\u00f1ado por un activo rol del Estado en [&hellip;]<\/p>\n","protected":false},"author":2,"featured_media":0,"comment_status":"open","ping_status":"closed","sticky":false,"template":"","format":"standard","meta":{"site-sidebar-layout":"default","site-content-layout":"","ast-site-content-layout":"default","site-content-style":"default","site-sidebar-style":"default","ast-global-header-display":"","ast-banner-title-visibility":"","ast-main-header-display":"","ast-hfb-above-header-display":"","ast-hfb-below-header-display":"","ast-hfb-mobile-header-display":"","site-post-title":"","ast-breadcrumbs-content":"","ast-featured-img":"","footer-sml-layout":"","ast-disable-related-posts":"","theme-transparent-header-meta":"","adv-header-id-meta":"","stick-header-meta":"","header-above-stick-meta":"","header-main-stick-meta":"","header-below-stick-meta":"","astra-migrate-meta-layouts":"default","ast-page-background-enabled":"default","ast-page-background-meta":{"desktop":{"background-color":"var(--ast-global-color-4)","background-image":"","background-repeat":"repeat","background-position":"center center","background-size":"auto","background-attachment":"scroll","background-type":"","background-media":"","overlay-type":"","overlay-color":"","overlay-opacity":"","overlay-gradient":""},"tablet":{"background-color":"","background-image":"","background-repeat":"repeat","background-position":"center center","background-size":"auto","background-attachment":"scroll","background-type":"","background-media":"","overlay-type":"","overlay-color":"","overlay-opacity":"","overlay-gradient":""},"mobile":{"background-color":"","background-image":"","background-repeat":"repeat","background-position":"center center","background-size":"auto","background-attachment":"scroll","background-type":"","background-media":"","overlay-type":"","overlay-color":"","overlay-opacity":"","overlay-gradient":""}},"ast-content-background-meta":{"desktop":{"background-color":"var(--ast-global-color-5)","background-image":"","background-repeat":"repeat","background-position":"center center","background-size":"auto","background-attachment":"scroll","background-type":"","background-media":"","overlay-type":"","overlay-color":"","overlay-opacity":"","overlay-gradient":""},"tablet":{"background-color":"var(--ast-global-color-5)","background-image":"","background-repeat":"repeat","background-position":"center center","background-size":"auto","background-attachment":"scroll","background-type":"","background-media":"","overlay-type":"","overlay-color":"","overlay-opacity":"","overlay-gradient":""},"mobile":{"background-color":"var(--ast-global-color-5)","background-image":"","background-repeat":"repeat","background-position":"center center","background-size":"auto","background-attachment":"scroll","background-type":"","background-media":"","overlay-type":"","overlay-color":"","overlay-opacity":"","overlay-gradient":""}},"footnotes":""},"categories":[5],"tags":[5270],"class_list":["post-3786","post","type-post","status-publish","format-standard","hentry","category-politica","tag-evaluacion-de-la-politica-social"],"yoast_head":"<!-- This site is optimized with the Yoast SEO plugin v23.2 - https:\/\/yoast.com\/wordpress\/plugins\/seo\/ -->\n<title>La evaluaci\u00f3n de la pol\u00edtica social: m\u00e1s intenciones que presupuesto - Sabado 100<\/title>\n<meta name=\"robots\" content=\"index, follow, max-snippet:-1, max-image-preview:large, max-video-preview:-1\" \/>\n<link rel=\"canonical\" href=\"https:\/\/sabado100.com.ar\/es-ar\/la-evaluacion-de-la-politica-social-mas-intenciones-que-presupuesto\/\" \/>\n<meta property=\"og:locale\" content=\"es_ES\" \/>\n<meta property=\"og:type\" content=\"article\" \/>\n<meta property=\"og:title\" content=\"La evaluaci\u00f3n de la pol\u00edtica social: m\u00e1s intenciones que presupuesto - Sabado 100\" \/>\n<meta property=\"og:description\" content=\"Por Natalia Aquilino.- El crecimiento econ\u00f3mico registrado entre 2003 y 2013 estuvo acompa\u00f1ado por un activo rol del Estado en [&hellip;]\" \/>\n<meta property=\"og:url\" content=\"https:\/\/sabado100.com.ar\/es-ar\/la-evaluacion-de-la-politica-social-mas-intenciones-que-presupuesto\/\" \/>\n<meta property=\"og:site_name\" content=\"Sabado 100\" \/>\n<meta property=\"article:publisher\" content=\"https:\/\/www.facebook.com\/sabadocien\/\" \/>\n<meta property=\"article:published_time\" content=\"2014-09-02T15:55:51+00:00\" \/>\n<meta name=\"author\" content=\"sabado cien\" \/>\n<meta name=\"twitter:card\" content=\"summary_large_image\" \/>\n<meta name=\"twitter:label1\" content=\"Escrito por\" \/>\n\t<meta name=\"twitter:data1\" content=\"sabado cien\" \/>\n\t<meta name=\"twitter:label2\" content=\"Tiempo de lectura\" \/>\n\t<meta name=\"twitter:data2\" content=\"4 minutos\" \/>\n<script type=\"application\/ld+json\" class=\"yoast-schema-graph\">{\"@context\":\"https:\/\/schema.org\",\"@graph\":[{\"@type\":\"Article\",\"@id\":\"https:\/\/sabado100.com.ar\/es-ar\/la-evaluacion-de-la-politica-social-mas-intenciones-que-presupuesto\/#article\",\"isPartOf\":{\"@id\":\"https:\/\/sabado100.com.ar\/es-ar\/la-evaluacion-de-la-politica-social-mas-intenciones-que-presupuesto\/\"},\"author\":{\"name\":\"sabado cien\",\"@id\":\"https:\/\/sabado100.com.ar\/es-ar\/#\/schema\/person\/58e38b918ef4e44b11398f25d4684c6d\"},\"headline\":\"La evaluaci\u00f3n de la pol\u00edtica social: m\u00e1s intenciones que presupuesto\",\"datePublished\":\"2014-09-02T15:55:51+00:00\",\"dateModified\":\"2014-09-02T15:55:51+00:00\",\"mainEntityOfPage\":{\"@id\":\"https:\/\/sabado100.com.ar\/es-ar\/la-evaluacion-de-la-politica-social-mas-intenciones-que-presupuesto\/\"},\"wordCount\":743,\"commentCount\":0,\"publisher\":{\"@id\":\"https:\/\/sabado100.com.ar\/es-ar\/#organization\"},\"keywords\":[\"evaluaci\u00f3n de la pol\u00edtica social\"],\"articleSection\":[\"Pol\u00edtica\"],\"inLanguage\":\"es\",\"potentialAction\":[{\"@type\":\"CommentAction\",\"name\":\"Comment\",\"target\":[\"https:\/\/sabado100.com.ar\/es-ar\/la-evaluacion-de-la-politica-social-mas-intenciones-que-presupuesto\/#respond\"]}]},{\"@type\":\"WebPage\",\"@id\":\"https:\/\/sabado100.com.ar\/es-ar\/la-evaluacion-de-la-politica-social-mas-intenciones-que-presupuesto\/\",\"url\":\"https:\/\/sabado100.com.ar\/es-ar\/la-evaluacion-de-la-politica-social-mas-intenciones-que-presupuesto\/\",\"name\":\"La evaluaci\u00f3n de la pol\u00edtica social: m\u00e1s intenciones que presupuesto - Sabado 100\",\"isPartOf\":{\"@id\":\"https:\/\/sabado100.com.ar\/es-ar\/#website\"},\"datePublished\":\"2014-09-02T15:55:51+00:00\",\"dateModified\":\"2014-09-02T15:55:51+00:00\",\"breadcrumb\":{\"@id\":\"https:\/\/sabado100.com.ar\/es-ar\/la-evaluacion-de-la-politica-social-mas-intenciones-que-presupuesto\/#breadcrumb\"},\"inLanguage\":\"es\",\"potentialAction\":[{\"@type\":\"ReadAction\",\"target\":[\"https:\/\/sabado100.com.ar\/es-ar\/la-evaluacion-de-la-politica-social-mas-intenciones-que-presupuesto\/\"]}]},{\"@type\":\"BreadcrumbList\",\"@id\":\"https:\/\/sabado100.com.ar\/es-ar\/la-evaluacion-de-la-politica-social-mas-intenciones-que-presupuesto\/#breadcrumb\",\"itemListElement\":[{\"@type\":\"ListItem\",\"position\":1,\"name\":\"Portada\",\"item\":\"https:\/\/sabado100.com.ar\/es-ar\/\"},{\"@type\":\"ListItem\",\"position\":2,\"name\":\"La evaluaci\u00f3n de la pol\u00edtica social: m\u00e1s intenciones que presupuesto\"}]},{\"@type\":\"WebSite\",\"@id\":\"https:\/\/sabado100.com.ar\/es-ar\/#website\",\"url\":\"https:\/\/sabado100.com.ar\/es-ar\/\",\"name\":\"Sabado 100\",\"description\":\"\",\"publisher\":{\"@id\":\"https:\/\/sabado100.com.ar\/es-ar\/#organization\"},\"potentialAction\":[{\"@type\":\"SearchAction\",\"target\":{\"@type\":\"EntryPoint\",\"urlTemplate\":\"https:\/\/sabado100.com.ar\/es-ar\/?s={search_term_string}\"},\"query-input\":\"required name=search_term_string\"}],\"inLanguage\":\"es\"},{\"@type\":\"Organization\",\"@id\":\"https:\/\/sabado100.com.ar\/es-ar\/#organization\",\"name\":\"Sabado 100\",\"url\":\"https:\/\/sabado100.com.ar\/es-ar\/\",\"logo\":{\"@type\":\"ImageObject\",\"inLanguage\":\"es\",\"@id\":\"https:\/\/sabado100.com.ar\/es-ar\/#\/schema\/logo\/image\/\",\"url\":\"https:\/\/sabado100.com.ar\/es-ar\/wp-content\/uploads\/2024\/04\/logo3.jpg\",\"contentUrl\":\"https:\/\/sabado100.com.ar\/es-ar\/wp-content\/uploads\/2024\/04\/logo3.jpg\",\"width\":300,\"height\":174,\"caption\":\"Sabado 100\"},\"image\":{\"@id\":\"https:\/\/sabado100.com.ar\/es-ar\/#\/schema\/logo\/image\/\"},\"sameAs\":[\"https:\/\/www.facebook.com\/sabadocien\/\",\"https:\/\/www.instagram.com\/sabado100.com.ar\/\",\"https:\/\/www.youtube.com\/@sabado1003\"]},{\"@type\":\"Person\",\"@id\":\"https:\/\/sabado100.com.ar\/es-ar\/#\/schema\/person\/58e38b918ef4e44b11398f25d4684c6d\",\"name\":\"sabado cien\",\"image\":{\"@type\":\"ImageObject\",\"inLanguage\":\"es\",\"@id\":\"https:\/\/sabado100.com.ar\/es-ar\/#\/schema\/person\/image\/\",\"url\":\"https:\/\/sabado100.com.ar\/es-ar\/wp-content\/litespeed\/avatar\/484bccfbd493fbb703b0f1b8113dad61.jpg?ver=1788336601\",\"contentUrl\":\"https:\/\/sabado100.com.ar\/es-ar\/wp-content\/litespeed\/avatar\/484bccfbd493fbb703b0f1b8113dad61.jpg?ver=1788336601\",\"caption\":\"sabado cien\"},\"url\":\"https:\/\/sabado100.com.ar\/es-ar\/author\/sabado100\/\"}]}<\/script>\n<!-- \/ Yoast SEO plugin. -->","yoast_head_json":{"title":"La evaluaci\u00f3n de la pol\u00edtica social: m\u00e1s intenciones que presupuesto - Sabado 100","robots":{"index":"index","follow":"follow","max-snippet":"max-snippet:-1","max-image-preview":"max-image-preview:large","max-video-preview":"max-video-preview:-1"},"canonical":"https:\/\/sabado100.com.ar\/es-ar\/la-evaluacion-de-la-politica-social-mas-intenciones-que-presupuesto\/","og_locale":"es_ES","og_type":"article","og_title":"La evaluaci\u00f3n de la pol\u00edtica social: m\u00e1s intenciones que presupuesto - Sabado 100","og_description":"Por Natalia Aquilino.- El crecimiento econ\u00f3mico registrado entre 2003 y 2013 estuvo acompa\u00f1ado por un activo rol del Estado en [&hellip;]","og_url":"https:\/\/sabado100.com.ar\/es-ar\/la-evaluacion-de-la-politica-social-mas-intenciones-que-presupuesto\/","og_site_name":"Sabado 100","article_publisher":"https:\/\/www.facebook.com\/sabadocien\/","article_published_time":"2014-09-02T15:55:51+00:00","author":"sabado cien","twitter_card":"summary_large_image","twitter_misc":{"Escrito por":"sabado cien","Tiempo de lectura":"4 minutos"},"schema":{"@context":"https:\/\/schema.org","@graph":[{"@type":"Article","@id":"https:\/\/sabado100.com.ar\/es-ar\/la-evaluacion-de-la-politica-social-mas-intenciones-que-presupuesto\/#article","isPartOf":{"@id":"https:\/\/sabado100.com.ar\/es-ar\/la-evaluacion-de-la-politica-social-mas-intenciones-que-presupuesto\/"},"author":{"name":"sabado cien","@id":"https:\/\/sabado100.com.ar\/es-ar\/#\/schema\/person\/58e38b918ef4e44b11398f25d4684c6d"},"headline":"La evaluaci\u00f3n de la pol\u00edtica social: m\u00e1s intenciones que presupuesto","datePublished":"2014-09-02T15:55:51+00:00","dateModified":"2014-09-02T15:55:51+00:00","mainEntityOfPage":{"@id":"https:\/\/sabado100.com.ar\/es-ar\/la-evaluacion-de-la-politica-social-mas-intenciones-que-presupuesto\/"},"wordCount":743,"commentCount":0,"publisher":{"@id":"https:\/\/sabado100.com.ar\/es-ar\/#organization"},"keywords":["evaluaci\u00f3n de la pol\u00edtica social"],"articleSection":["Pol\u00edtica"],"inLanguage":"es","potentialAction":[{"@type":"CommentAction","name":"Comment","target":["https:\/\/sabado100.com.ar\/es-ar\/la-evaluacion-de-la-politica-social-mas-intenciones-que-presupuesto\/#respond"]}]},{"@type":"WebPage","@id":"https:\/\/sabado100.com.ar\/es-ar\/la-evaluacion-de-la-politica-social-mas-intenciones-que-presupuesto\/","url":"https:\/\/sabado100.com.ar\/es-ar\/la-evaluacion-de-la-politica-social-mas-intenciones-que-presupuesto\/","name":"La evaluaci\u00f3n de la pol\u00edtica social: m\u00e1s intenciones que presupuesto - Sabado 100","isPartOf":{"@id":"https:\/\/sabado100.com.ar\/es-ar\/#website"},"datePublished":"2014-09-02T15:55:51+00:00","dateModified":"2014-09-02T15:55:51+00:00","breadcrumb":{"@id":"https:\/\/sabado100.com.ar\/es-ar\/la-evaluacion-de-la-politica-social-mas-intenciones-que-presupuesto\/#breadcrumb"},"inLanguage":"es","potentialAction":[{"@type":"ReadAction","target":["https:\/\/sabado100.com.ar\/es-ar\/la-evaluacion-de-la-politica-social-mas-intenciones-que-presupuesto\/"]}]},{"@type":"BreadcrumbList","@id":"https:\/\/sabado100.com.ar\/es-ar\/la-evaluacion-de-la-politica-social-mas-intenciones-que-presupuesto\/#breadcrumb","itemListElement":[{"@type":"ListItem","position":1,"name":"Portada","item":"https:\/\/sabado100.com.ar\/es-ar\/"},{"@type":"ListItem","position":2,"name":"La evaluaci\u00f3n de la pol\u00edtica social: m\u00e1s intenciones que presupuesto"}]},{"@type":"WebSite","@id":"https:\/\/sabado100.com.ar\/es-ar\/#website","url":"https:\/\/sabado100.com.ar\/es-ar\/","name":"Sabado 100","description":"","publisher":{"@id":"https:\/\/sabado100.com.ar\/es-ar\/#organization"},"potentialAction":[{"@type":"SearchAction","target":{"@type":"EntryPoint","urlTemplate":"https:\/\/sabado100.com.ar\/es-ar\/?s={search_term_string}"},"query-input":"required name=search_term_string"}],"inLanguage":"es"},{"@type":"Organization","@id":"https:\/\/sabado100.com.ar\/es-ar\/#organization","name":"Sabado 100","url":"https:\/\/sabado100.com.ar\/es-ar\/","logo":{"@type":"ImageObject","inLanguage":"es","@id":"https:\/\/sabado100.com.ar\/es-ar\/#\/schema\/logo\/image\/","url":"https:\/\/sabado100.com.ar\/es-ar\/wp-content\/uploads\/2024\/04\/logo3.jpg","contentUrl":"https:\/\/sabado100.com.ar\/es-ar\/wp-content\/uploads\/2024\/04\/logo3.jpg","width":300,"height":174,"caption":"Sabado 100"},"image":{"@id":"https:\/\/sabado100.com.ar\/es-ar\/#\/schema\/logo\/image\/"},"sameAs":["https:\/\/www.facebook.com\/sabadocien\/","https:\/\/www.instagram.com\/sabado100.com.ar\/","https:\/\/www.youtube.com\/@sabado1003"]},{"@type":"Person","@id":"https:\/\/sabado100.com.ar\/es-ar\/#\/schema\/person\/58e38b918ef4e44b11398f25d4684c6d","name":"sabado cien","image":{"@type":"ImageObject","inLanguage":"es","@id":"https:\/\/sabado100.com.ar\/es-ar\/#\/schema\/person\/image\/","url":"https:\/\/sabado100.com.ar\/es-ar\/wp-content\/litespeed\/avatar\/484bccfbd493fbb703b0f1b8113dad61.jpg?ver=1788336601","contentUrl":"https:\/\/sabado100.com.ar\/es-ar\/wp-content\/litespeed\/avatar\/484bccfbd493fbb703b0f1b8113dad61.jpg?ver=1788336601","caption":"sabado cien"},"url":"https:\/\/sabado100.com.ar\/es-ar\/author\/sabado100\/"}]}},"_links":{"self":[{"href":"https:\/\/sabado100.com.ar\/es-ar\/wp-json\/wp\/v2\/posts\/3786","targetHints":{"allow":["GET"]}}],"collection":[{"href":"https:\/\/sabado100.com.ar\/es-ar\/wp-json\/wp\/v2\/posts"}],"about":[{"href":"https:\/\/sabado100.com.ar\/es-ar\/wp-json\/wp\/v2\/types\/post"}],"author":[{"embeddable":true,"href":"https:\/\/sabado100.com.ar\/es-ar\/wp-json\/wp\/v2\/users\/2"}],"replies":[{"embeddable":true,"href":"https:\/\/sabado100.com.ar\/es-ar\/wp-json\/wp\/v2\/comments?post=3786"}],"version-history":[{"count":0,"href":"https:\/\/sabado100.com.ar\/es-ar\/wp-json\/wp\/v2\/posts\/3786\/revisions"}],"wp:attachment":[{"href":"https:\/\/sabado100.com.ar\/es-ar\/wp-json\/wp\/v2\/media?parent=3786"}],"wp:term":[{"taxonomy":"category","embeddable":true,"href":"https:\/\/sabado100.com.ar\/es-ar\/wp-json\/wp\/v2\/categories?post=3786"},{"taxonomy":"post_tag","embeddable":true,"href":"https:\/\/sabado100.com.ar\/es-ar\/wp-json\/wp\/v2\/tags?post=3786"}],"curies":[{"name":"wp","href":"https:\/\/api.w.org\/{rel}","templated":true}]}}