{"id":3744,"date":"2014-07-25T21:44:57","date_gmt":"2014-07-25T19:44:57","guid":{"rendered":"https:\/\/www.sabado100.com.ar\/?p=3744"},"modified":"2014-07-25T21:44:57","modified_gmt":"2014-07-25T19:44:57","slug":"centro-de-radioterapia-nacio-un-movimiento-que-crea-expectativas","status":"publish","type":"post","link":"https:\/\/sabado100.com.ar\/es-ar\/centro-de-radioterapia-nacio-un-movimiento-que-crea-expectativas\/","title":{"rendered":"Centro de Radioterapia: naci\u00f3 un movimiento que crea expectativas"},"content":{"rendered":"<p><strong>Por Emilio J. Grande.-<\/strong> Mi padre, don Antonio, cuando yo era peque\u00f1o me inculc\u00f3 muy saludables consejos, uno dec\u00eda: \u00abcuando quieras poner un clavo en madera dura, lo lograr\u00e1s con muchos martillazos.\u00bb Es lo que estoy haciendo con referencia al Centro de Radioterapia.<\/p>\n<p>Eso explica mi reiteraci\u00f3n acaso un tanto cansadora, pero que se justifica y toma mayor vuelo en este presente al haber nacido en las \u00faltimas semanas un movimiento que no dudamos crecer\u00e1 en volumen y acci\u00f3n.<\/p>\n<p>La nota publicada en este diario el 25 de Mayo pasado con la entrevista de mi hijo Emilito al doctor Jorge Sar -uno de los propietarios de los centros de radioterapia de R\u00edo IV y San Francisco- hizo que visitaran el de la vecina ciudad cordobesa nuestros concejales Hugo Menossi y Lalo Bonino, quienes regresaron sumamente entusiasmados por varias razones, porque si en San Francisco con una menor poblaci\u00f3n se autofinancia con 30-35 enfermos tratados mensualmente, dijo el doctor Sar: \u00abser\u00e1 m\u00e1s factible en Rafaela con la atenci\u00f3n de 40-45 enfermos\u00bb, quien agreg\u00f3 adem\u00e1s -lo que sigue es muy importante- su inter\u00e9s en asociarse al anhelado centro de Rafaela con su experiencia -l\u00e9ase lo que sigue detenidamente- aportar\u00eda un acelerador lineal de los que est\u00e1n instalados en R\u00edo IV.<\/p>\n<p>Los ediles Bonino y Menossi tambi\u00e9n comprobaron que, dando un rotundo ment\u00eds a lo que el ministro de Salud de Santa Fe doctor Mario Drissun quien opinara negativamente contra la instalaci\u00f3n y funcionamiento de tal servicio, porque era inviable en una ciudad como Rafaela. En cambio ten\u00eda raz\u00f3n el desaparecido Jorge Obeid quien en 2006 a poco de finalizar su mandato dej\u00f3 listo el llamado a licitaci\u00f3n que dejara caer su sucesor Hermes Binner (nacido en Rafaela) y que tampoco le interes\u00f3 al actual Gobernador.<\/p>\n<p>Esta demostraci\u00f3n de los cordobeses que \u00absi se quiere, se puede\u00bb, no dudamos que tocar\u00e1 la sensibilidad del gobernador Bonfatti, del intendente Castellano, del diputado nacional Perotti y de los legisladores provinciales rafaelinos Calvo, Mirabella y Cristiani, para encarar un proyecto serio y responsable de modo que en un futuro no tan lejano tengamos que quitar del pie de la p\u00e1gina 2 de La Opini\u00f3n el espacio permanente que reza: \u00abRafaela espera por el Centro de Radioterapia\u00bb.<\/p>\n<p>A nuestro intendente y al diputado nacional -que a este muchos califican como el m\u00e1s eficiente de los legisladores rafaelinos que ocuparon una banca en el Congreso de la Naci\u00f3n- que dada su buena relaci\u00f3n con el gobierno de Cristina obtuvieron mucho dinero para distintas obras, deber\u00edan gestionar un monto para el Centro de Radioterapia. Muy agradecida debe estar Rafaela por la repavimentaci\u00f3n del aut\u00f3dromo, la construcci\u00f3n de la pista de skate, la escuela de m\u00fasica, el nuevo edificio del Instituto del Profesorado, la obra de museos en el ex Mercado y ex Estaci\u00f3n de \u00d3mnibus, el Festival de Teatro, el ensanche de la ruta 34 en la planta urbana, por todo lo cual se invirtieron m\u00e1s de 80 millones de pesos, pero de todos esos emprendimientos debi\u00f3 ser prioritario el Centro de Radioterapia que con 16 o 20 millones de pesos se hubiera aportado un servicio invalorable a favor de la salud, tan necesaria para disfrutar de las carreras de autos, asistir al teatro, visitar museos, facilitar el egreso de profesionales de varias disciplinas.<\/p>\n<p>De todos modos, lo m\u00e1s importante es que en los \u00faltimos 20 a\u00f1os de acciones y suspiros fallidos para dotar a Rafaela de tan ansiado servicio de salud para combatir una enfermedad tan temida pensamos, de darse ciertas condiciones de entendimiento, deber\u00eda encararse la obra con una comisi\u00f3n mixta, con actores del oficialismo, la oposici\u00f3n y del sector privado, este que si advirtiera que quienes nos gobiernan act\u00faan y toman la debida decisi\u00f3n pol\u00edtica, se sumar\u00edan numerosos aportantes del empresariado, como lo hicieron en innumerables veces para concretar otros emprendimientos.<\/p>\n<p>Parafraseando a Ortega y Gasset que dijo \u00abargentinos a las cosas\u00bb, para lo que nos ocupa y preocupa, \u00abrafaelinos a las cosas\u00bb.<\/p>\n","protected":false},"excerpt":{"rendered":"<p>Por Emilio J. Grande.- Mi padre, don Antonio, cuando yo era peque\u00f1o me inculc\u00f3 muy saludables consejos, uno dec\u00eda: \u00abcuando [&hellip;]<\/p>\n","protected":false},"author":2,"featured_media":0,"comment_status":"open","ping_status":"closed","sticky":false,"template":"","format":"standard","meta":{"site-sidebar-layout":"default","site-content-layout":"","ast-site-content-layout":"default","site-content-style":"default","site-sidebar-style":"default","ast-global-header-display":"","ast-banner-title-visibility":"","ast-main-header-display":"","ast-hfb-above-header-display":"","ast-hfb-below-header-display":"","ast-hfb-mobile-header-display":"","site-post-title":"","ast-breadcrumbs-content":"","ast-featured-img":"","footer-sml-layout":"","ast-disable-related-posts":"","theme-transparent-header-meta":"","adv-header-id-meta":"","stick-header-meta":"","header-above-stick-meta":"","header-main-stick-meta":"","header-below-stick-meta":"","astra-migrate-meta-layouts":"default","ast-page-background-enabled":"default","ast-page-background-meta":{"desktop":{"background-color":"var(--ast-global-color-4)","background-image":"","background-repeat":"repeat","background-position":"center center","background-size":"auto","background-attachment":"scroll","background-type":"","background-media":"","overlay-type":"","overlay-color":"","overlay-opacity":"","overlay-gradient":""},"tablet":{"background-color":"","background-image":"","background-repeat":"repeat","background-position":"center center","background-size":"auto","background-attachment":"scroll","background-type":"","background-media":"","overlay-type":"","overlay-color":"","overlay-opacity":"","overlay-gradient":""},"mobile":{"background-color":"","background-image":"","background-repeat":"repeat","background-position":"center center","background-size":"auto","background-attachment":"scroll","background-type":"","background-media":"","overlay-type":"","overlay-color":"","overlay-opacity":"","overlay-gradient":""}},"ast-content-background-meta":{"desktop":{"background-color":"var(--ast-global-color-5)","background-image":"","background-repeat":"repeat","background-position":"center center","background-size":"auto","background-attachment":"scroll","background-type":"","background-media":"","overlay-type":"","overlay-color":"","overlay-opacity":"","overlay-gradient":""},"tablet":{"background-color":"var(--ast-global-color-5)","background-image":"","background-repeat":"repeat","background-position":"center center","background-size":"auto","background-attachment":"scroll","background-type":"","background-media":"","overlay-type":"","overlay-color":"","overlay-opacity":"","overlay-gradient":""},"mobile":{"background-color":"var(--ast-global-color-5)","background-image":"","background-repeat":"repeat","background-position":"center center","background-size":"auto","background-attachment":"scroll","background-type":"","background-media":"","overlay-type":"","overlay-color":"","overlay-opacity":"","overlay-gradient":""}},"footnotes":""},"categories":[4,5],"tags":[5167],"class_list":["post-3744","post","type-post","status-publish","format-standard","hentry","category-cultura-y-sociedad","category-politica","tag-centro-de-radioterapia-en-rafaela"],"yoast_head":"<!-- This site is optimized with the Yoast SEO plugin v23.2 - https:\/\/yoast.com\/wordpress\/plugins\/seo\/ -->\n<title>Centro de Radioterapia: naci\u00f3 un movimiento que crea expectativas - Sabado 100<\/title>\n<meta name=\"robots\" content=\"index, follow, max-snippet:-1, max-image-preview:large, max-video-preview:-1\" \/>\n<link rel=\"canonical\" href=\"https:\/\/sabado100.com.ar\/es-ar\/centro-de-radioterapia-nacio-un-movimiento-que-crea-expectativas\/\" \/>\n<meta property=\"og:locale\" content=\"es_ES\" \/>\n<meta property=\"og:type\" content=\"article\" \/>\n<meta property=\"og:title\" content=\"Centro de Radioterapia: naci\u00f3 un movimiento que crea expectativas - Sabado 100\" \/>\n<meta property=\"og:description\" content=\"Por Emilio J. Grande.- Mi padre, don Antonio, cuando yo era peque\u00f1o me inculc\u00f3 muy saludables consejos, uno dec\u00eda: \u00abcuando [&hellip;]\" \/>\n<meta property=\"og:url\" content=\"https:\/\/sabado100.com.ar\/es-ar\/centro-de-radioterapia-nacio-un-movimiento-que-crea-expectativas\/\" \/>\n<meta property=\"og:site_name\" content=\"Sabado 100\" \/>\n<meta property=\"article:publisher\" content=\"https:\/\/www.facebook.com\/sabadocien\/\" \/>\n<meta property=\"article:published_time\" content=\"2014-07-25T19:44:57+00:00\" \/>\n<meta name=\"author\" content=\"sabado cien\" \/>\n<meta name=\"twitter:card\" content=\"summary_large_image\" \/>\n<meta name=\"twitter:label1\" content=\"Escrito por\" \/>\n\t<meta name=\"twitter:data1\" content=\"sabado cien\" \/>\n\t<meta name=\"twitter:label2\" content=\"Tiempo de lectura\" \/>\n\t<meta name=\"twitter:data2\" content=\"3 minutos\" \/>\n<script type=\"application\/ld+json\" class=\"yoast-schema-graph\">{\"@context\":\"https:\/\/schema.org\",\"@graph\":[{\"@type\":\"Article\",\"@id\":\"https:\/\/sabado100.com.ar\/es-ar\/centro-de-radioterapia-nacio-un-movimiento-que-crea-expectativas\/#article\",\"isPartOf\":{\"@id\":\"https:\/\/sabado100.com.ar\/es-ar\/centro-de-radioterapia-nacio-un-movimiento-que-crea-expectativas\/\"},\"author\":{\"name\":\"sabado cien\",\"@id\":\"https:\/\/sabado100.com.ar\/es-ar\/#\/schema\/person\/58e38b918ef4e44b11398f25d4684c6d\"},\"headline\":\"Centro de Radioterapia: naci\u00f3 un movimiento que crea expectativas\",\"datePublished\":\"2014-07-25T19:44:57+00:00\",\"dateModified\":\"2014-07-25T19:44:57+00:00\",\"mainEntityOfPage\":{\"@id\":\"https:\/\/sabado100.com.ar\/es-ar\/centro-de-radioterapia-nacio-un-movimiento-que-crea-expectativas\/\"},\"wordCount\":702,\"commentCount\":0,\"publisher\":{\"@id\":\"https:\/\/sabado100.com.ar\/es-ar\/#organization\"},\"keywords\":[\"centro de radioterapia en Rafaela\"],\"articleSection\":[\"Cultura y Sociedad\",\"Pol\u00edtica\"],\"inLanguage\":\"es\",\"potentialAction\":[{\"@type\":\"CommentAction\",\"name\":\"Comment\",\"target\":[\"https:\/\/sabado100.com.ar\/es-ar\/centro-de-radioterapia-nacio-un-movimiento-que-crea-expectativas\/#respond\"]}]},{\"@type\":\"WebPage\",\"@id\":\"https:\/\/sabado100.com.ar\/es-ar\/centro-de-radioterapia-nacio-un-movimiento-que-crea-expectativas\/\",\"url\":\"https:\/\/sabado100.com.ar\/es-ar\/centro-de-radioterapia-nacio-un-movimiento-que-crea-expectativas\/\",\"name\":\"Centro de Radioterapia: naci\u00f3 un movimiento que crea expectativas - Sabado 100\",\"isPartOf\":{\"@id\":\"https:\/\/sabado100.com.ar\/es-ar\/#website\"},\"datePublished\":\"2014-07-25T19:44:57+00:00\",\"dateModified\":\"2014-07-25T19:44:57+00:00\",\"breadcrumb\":{\"@id\":\"https:\/\/sabado100.com.ar\/es-ar\/centro-de-radioterapia-nacio-un-movimiento-que-crea-expectativas\/#breadcrumb\"},\"inLanguage\":\"es\",\"potentialAction\":[{\"@type\":\"ReadAction\",\"target\":[\"https:\/\/sabado100.com.ar\/es-ar\/centro-de-radioterapia-nacio-un-movimiento-que-crea-expectativas\/\"]}]},{\"@type\":\"BreadcrumbList\",\"@id\":\"https:\/\/sabado100.com.ar\/es-ar\/centro-de-radioterapia-nacio-un-movimiento-que-crea-expectativas\/#breadcrumb\",\"itemListElement\":[{\"@type\":\"ListItem\",\"position\":1,\"name\":\"Portada\",\"item\":\"https:\/\/sabado100.com.ar\/es-ar\/\"},{\"@type\":\"ListItem\",\"position\":2,\"name\":\"Centro de Radioterapia: naci\u00f3 un movimiento que crea expectativas\"}]},{\"@type\":\"WebSite\",\"@id\":\"https:\/\/sabado100.com.ar\/es-ar\/#website\",\"url\":\"https:\/\/sabado100.com.ar\/es-ar\/\",\"name\":\"Sabado 100\",\"description\":\"\",\"publisher\":{\"@id\":\"https:\/\/sabado100.com.ar\/es-ar\/#organization\"},\"potentialAction\":[{\"@type\":\"SearchAction\",\"target\":{\"@type\":\"EntryPoint\",\"urlTemplate\":\"https:\/\/sabado100.com.ar\/es-ar\/?s={search_term_string}\"},\"query-input\":\"required name=search_term_string\"}],\"inLanguage\":\"es\"},{\"@type\":\"Organization\",\"@id\":\"https:\/\/sabado100.com.ar\/es-ar\/#organization\",\"name\":\"Sabado 100\",\"url\":\"https:\/\/sabado100.com.ar\/es-ar\/\",\"logo\":{\"@type\":\"ImageObject\",\"inLanguage\":\"es\",\"@id\":\"https:\/\/sabado100.com.ar\/es-ar\/#\/schema\/logo\/image\/\",\"url\":\"https:\/\/sabado100.com.ar\/es-ar\/wp-content\/uploads\/2024\/04\/logo3.jpg\",\"contentUrl\":\"https:\/\/sabado100.com.ar\/es-ar\/wp-content\/uploads\/2024\/04\/logo3.jpg\",\"width\":300,\"height\":174,\"caption\":\"Sabado 100\"},\"image\":{\"@id\":\"https:\/\/sabado100.com.ar\/es-ar\/#\/schema\/logo\/image\/\"},\"sameAs\":[\"https:\/\/www.facebook.com\/sabadocien\/\",\"https:\/\/www.instagram.com\/sabado100.com.ar\/\",\"https:\/\/www.youtube.com\/@sabado1003\"]},{\"@type\":\"Person\",\"@id\":\"https:\/\/sabado100.com.ar\/es-ar\/#\/schema\/person\/58e38b918ef4e44b11398f25d4684c6d\",\"name\":\"sabado cien\",\"image\":{\"@type\":\"ImageObject\",\"inLanguage\":\"es\",\"@id\":\"https:\/\/sabado100.com.ar\/es-ar\/#\/schema\/person\/image\/\",\"url\":\"https:\/\/sabado100.com.ar\/es-ar\/wp-content\/litespeed\/avatar\/484bccfbd493fbb703b0f1b8113dad61.jpg?ver=1787731622\",\"contentUrl\":\"https:\/\/sabado100.com.ar\/es-ar\/wp-content\/litespeed\/avatar\/484bccfbd493fbb703b0f1b8113dad61.jpg?ver=1787731622\",\"caption\":\"sabado cien\"},\"url\":\"https:\/\/sabado100.com.ar\/es-ar\/author\/sabado100\/\"}]}<\/script>\n<!-- \/ Yoast SEO plugin. -->","yoast_head_json":{"title":"Centro de Radioterapia: naci\u00f3 un movimiento que crea expectativas - Sabado 100","robots":{"index":"index","follow":"follow","max-snippet":"max-snippet:-1","max-image-preview":"max-image-preview:large","max-video-preview":"max-video-preview:-1"},"canonical":"https:\/\/sabado100.com.ar\/es-ar\/centro-de-radioterapia-nacio-un-movimiento-que-crea-expectativas\/","og_locale":"es_ES","og_type":"article","og_title":"Centro de Radioterapia: naci\u00f3 un movimiento que crea expectativas - Sabado 100","og_description":"Por Emilio J. Grande.- Mi padre, don Antonio, cuando yo era peque\u00f1o me inculc\u00f3 muy saludables consejos, uno dec\u00eda: \u00abcuando [&hellip;]","og_url":"https:\/\/sabado100.com.ar\/es-ar\/centro-de-radioterapia-nacio-un-movimiento-que-crea-expectativas\/","og_site_name":"Sabado 100","article_publisher":"https:\/\/www.facebook.com\/sabadocien\/","article_published_time":"2014-07-25T19:44:57+00:00","author":"sabado cien","twitter_card":"summary_large_image","twitter_misc":{"Escrito por":"sabado cien","Tiempo de lectura":"3 minutos"},"schema":{"@context":"https:\/\/schema.org","@graph":[{"@type":"Article","@id":"https:\/\/sabado100.com.ar\/es-ar\/centro-de-radioterapia-nacio-un-movimiento-que-crea-expectativas\/#article","isPartOf":{"@id":"https:\/\/sabado100.com.ar\/es-ar\/centro-de-radioterapia-nacio-un-movimiento-que-crea-expectativas\/"},"author":{"name":"sabado cien","@id":"https:\/\/sabado100.com.ar\/es-ar\/#\/schema\/person\/58e38b918ef4e44b11398f25d4684c6d"},"headline":"Centro de Radioterapia: naci\u00f3 un movimiento que crea expectativas","datePublished":"2014-07-25T19:44:57+00:00","dateModified":"2014-07-25T19:44:57+00:00","mainEntityOfPage":{"@id":"https:\/\/sabado100.com.ar\/es-ar\/centro-de-radioterapia-nacio-un-movimiento-que-crea-expectativas\/"},"wordCount":702,"commentCount":0,"publisher":{"@id":"https:\/\/sabado100.com.ar\/es-ar\/#organization"},"keywords":["centro de radioterapia en Rafaela"],"articleSection":["Cultura y Sociedad","Pol\u00edtica"],"inLanguage":"es","potentialAction":[{"@type":"CommentAction","name":"Comment","target":["https:\/\/sabado100.com.ar\/es-ar\/centro-de-radioterapia-nacio-un-movimiento-que-crea-expectativas\/#respond"]}]},{"@type":"WebPage","@id":"https:\/\/sabado100.com.ar\/es-ar\/centro-de-radioterapia-nacio-un-movimiento-que-crea-expectativas\/","url":"https:\/\/sabado100.com.ar\/es-ar\/centro-de-radioterapia-nacio-un-movimiento-que-crea-expectativas\/","name":"Centro de Radioterapia: naci\u00f3 un movimiento que crea expectativas - Sabado 100","isPartOf":{"@id":"https:\/\/sabado100.com.ar\/es-ar\/#website"},"datePublished":"2014-07-25T19:44:57+00:00","dateModified":"2014-07-25T19:44:57+00:00","breadcrumb":{"@id":"https:\/\/sabado100.com.ar\/es-ar\/centro-de-radioterapia-nacio-un-movimiento-que-crea-expectativas\/#breadcrumb"},"inLanguage":"es","potentialAction":[{"@type":"ReadAction","target":["https:\/\/sabado100.com.ar\/es-ar\/centro-de-radioterapia-nacio-un-movimiento-que-crea-expectativas\/"]}]},{"@type":"BreadcrumbList","@id":"https:\/\/sabado100.com.ar\/es-ar\/centro-de-radioterapia-nacio-un-movimiento-que-crea-expectativas\/#breadcrumb","itemListElement":[{"@type":"ListItem","position":1,"name":"Portada","item":"https:\/\/sabado100.com.ar\/es-ar\/"},{"@type":"ListItem","position":2,"name":"Centro de Radioterapia: naci\u00f3 un movimiento que crea expectativas"}]},{"@type":"WebSite","@id":"https:\/\/sabado100.com.ar\/es-ar\/#website","url":"https:\/\/sabado100.com.ar\/es-ar\/","name":"Sabado 100","description":"","publisher":{"@id":"https:\/\/sabado100.com.ar\/es-ar\/#organization"},"potentialAction":[{"@type":"SearchAction","target":{"@type":"EntryPoint","urlTemplate":"https:\/\/sabado100.com.ar\/es-ar\/?s={search_term_string}"},"query-input":"required name=search_term_string"}],"inLanguage":"es"},{"@type":"Organization","@id":"https:\/\/sabado100.com.ar\/es-ar\/#organization","name":"Sabado 100","url":"https:\/\/sabado100.com.ar\/es-ar\/","logo":{"@type":"ImageObject","inLanguage":"es","@id":"https:\/\/sabado100.com.ar\/es-ar\/#\/schema\/logo\/image\/","url":"https:\/\/sabado100.com.ar\/es-ar\/wp-content\/uploads\/2024\/04\/logo3.jpg","contentUrl":"https:\/\/sabado100.com.ar\/es-ar\/wp-content\/uploads\/2024\/04\/logo3.jpg","width":300,"height":174,"caption":"Sabado 100"},"image":{"@id":"https:\/\/sabado100.com.ar\/es-ar\/#\/schema\/logo\/image\/"},"sameAs":["https:\/\/www.facebook.com\/sabadocien\/","https:\/\/www.instagram.com\/sabado100.com.ar\/","https:\/\/www.youtube.com\/@sabado1003"]},{"@type":"Person","@id":"https:\/\/sabado100.com.ar\/es-ar\/#\/schema\/person\/58e38b918ef4e44b11398f25d4684c6d","name":"sabado cien","image":{"@type":"ImageObject","inLanguage":"es","@id":"https:\/\/sabado100.com.ar\/es-ar\/#\/schema\/person\/image\/","url":"https:\/\/sabado100.com.ar\/es-ar\/wp-content\/litespeed\/avatar\/484bccfbd493fbb703b0f1b8113dad61.jpg?ver=1787731622","contentUrl":"https:\/\/sabado100.com.ar\/es-ar\/wp-content\/litespeed\/avatar\/484bccfbd493fbb703b0f1b8113dad61.jpg?ver=1787731622","caption":"sabado cien"},"url":"https:\/\/sabado100.com.ar\/es-ar\/author\/sabado100\/"}]}},"_links":{"self":[{"href":"https:\/\/sabado100.com.ar\/es-ar\/wp-json\/wp\/v2\/posts\/3744","targetHints":{"allow":["GET"]}}],"collection":[{"href":"https:\/\/sabado100.com.ar\/es-ar\/wp-json\/wp\/v2\/posts"}],"about":[{"href":"https:\/\/sabado100.com.ar\/es-ar\/wp-json\/wp\/v2\/types\/post"}],"author":[{"embeddable":true,"href":"https:\/\/sabado100.com.ar\/es-ar\/wp-json\/wp\/v2\/users\/2"}],"replies":[{"embeddable":true,"href":"https:\/\/sabado100.com.ar\/es-ar\/wp-json\/wp\/v2\/comments?post=3744"}],"version-history":[{"count":0,"href":"https:\/\/sabado100.com.ar\/es-ar\/wp-json\/wp\/v2\/posts\/3744\/revisions"}],"wp:attachment":[{"href":"https:\/\/sabado100.com.ar\/es-ar\/wp-json\/wp\/v2\/media?parent=3744"}],"wp:term":[{"taxonomy":"category","embeddable":true,"href":"https:\/\/sabado100.com.ar\/es-ar\/wp-json\/wp\/v2\/categories?post=3744"},{"taxonomy":"post_tag","embeddable":true,"href":"https:\/\/sabado100.com.ar\/es-ar\/wp-json\/wp\/v2\/tags?post=3744"}],"curies":[{"name":"wp","href":"https:\/\/api.w.org\/{rel}","templated":true}]}}