{"id":3676,"date":"2014-05-29T21:31:30","date_gmt":"2014-05-29T19:31:30","guid":{"rendered":"https:\/\/www.sabado100.com.ar\/?p=3676"},"modified":"2014-05-29T21:31:30","modified_gmt":"2014-05-29T19:31:30","slug":"centro-de-radioterpaia-lo-que-no-se-quiere-hacer-con-argumentos-falsos","status":"publish","type":"post","link":"https:\/\/sabado100.com.ar\/es-ar\/centro-de-radioterpaia-lo-que-no-se-quiere-hacer-con-argumentos-falsos\/","title":{"rendered":"Centro de radioterpaia: lo que no se quiere hacer con argumentos falsos"},"content":{"rendered":"<p><strong>Por Emilio J. Grande.-<\/strong> En recientes semanas esta ciudad fue visitada por el ministro de Salud de Santa Fe, Dr. Mario Drisun, y, separadamente, por el secretario de esa cartera, Dr. Miguel Gonz\u00e1lez.<br \/>\nAmbos funcionarios aqu\u00ed convocados por otros temas tambi\u00e9n se refirieron a un anhelado por a\u00f1os servicio de radioterapia. Especialmente, el Ministro insisti\u00f3 con referencias en contra de ese proyecto, sosteniendo que Rafaela es una ciudad peque\u00f1a que no re\u00fane necesarios argumentos s\u00f3lidos, consistentes para que se construya un centro por la baja cantidad de pacientes que podr\u00eda atender; por el costo del equipo a instalarse, por la costosa cantidad de personal que requerir\u00eda brindar tal servicio, entre otros.<br \/>\nContra ese argumento debemos recordar lo manifestado por el concejal Silvio Bonafede: en 2012 se hab\u00edan relevado alrededor de 500 pacientes en tratamiento oncol\u00f3gico, residentes en un territorio poblado por unas 250.000 personas entre Rafaela y la regi\u00f3n (ver La Opini\u00f3n del 3 de abril de ese a\u00f1o).<br \/>\nTales consideraciones contrastan de plano con el pensamiento que en su momento hab\u00eda expuesto el gobierno del ingeniero Jorge Obeid, a tal punto que antes de finalizar su mandato en 2007 hab\u00eda elaborado el llamado a licitaci\u00f3n para la compra e instalaci\u00f3n de la tecnolog\u00eda de radioterapia, intento que el posterior gobierno de Hermes Binner primero cajone\u00f3 y finalmente sepult\u00f3.<br \/>\nQueda claro que la decisi\u00f3n pol\u00edtica no se sostiene en una necesidad crucial para combatir la tan temida enfermedad, sino que depende del signo ideol\u00f3gico de quien detenta el poder. Un gobernador justicialista comprend\u00eda la urgencia de atender el dolor e intentar la curaci\u00f3n de enfermos oncol\u00f3gicos de Rafaela y su extensa zona de influencia, que para tratarse deben recorrer cientos de kil\u00f3metros con lo que ello conlleva de molestias y sufrimientos, gastos y p\u00e9rdidas de tiempo; en tanto que el convencimiento al respecto de dos mandatarios socialistas -primero Binner y ahora Bonfatti- con evidente insensibilidad, sus funcionarios enf\u00e1ticamente sostienen el \u201cno a la aspiraci\u00f3n de Rafaela y sus localidades vecinas\u201d, con argumentos f\u00e1cilmente rebatibles y realidades que pasamos a exponer, lo que constituye un rotundo ment\u00eds.<br \/>\nEn la edici\u00f3n de este Diario del domingo 25 de mayo \u00faltimo, mi hijo Emilio Oscar firm\u00f3 una nota titulada \u201cC\u00f3mo funciona la radioterapia en San Francisco y R\u00edo Cuarto\u201d, transcribiendo las respuestas a preguntas formuladas al doctor Jorge Sar, propietario de sendos centros oncol\u00f3gicos establecidos en las citadas ciudades cordobesas que prestan servicios desde hace varios a\u00f1os. Como son de car\u00e1cter privado se desprende que si no redituara beneficio econ\u00f3mico no existir\u00edan. Y cabe acotar que tambi\u00e9n la ciudad de Villa Mar\u00eda de la vecina provincia cuenta con similar centro.<br \/>\nO sea, que con relativa cercan\u00eda en un sector del centro-este-sur en territorio cordob\u00e9s, se\u00f1ores ministro y secretario de Salud de Santa Fe, esos tres establecimientos no trabajan a p\u00e9rdida, atendiendo exclusivamente a enfermos oncol\u00f3gicos.<br \/>\nAnte tal contundente realidad de esos emprendimientos del sector privado, doctores Drisun y Gonz\u00e1lez, deber\u00edan cambiar sus err\u00f3neos argumentos para no reiterar el \u201cno a Rafaela\u201d, considerando que a\u00fan trabajando a p\u00e9rdida el Estado tiene la obligaci\u00f3n de atender la salud de la poblaci\u00f3n, que con la recaudaci\u00f3n a trav\u00e9s de impuestos tiene todo el derecho a reclamar lo que merece y no recibe por decisi\u00f3n de este tipo de funcionarios que quiz\u00e1s s\u00ed aprueban otros proyectos que le redit\u00faan beneficios pol\u00edticos.<br \/>\nEntre los empresarios y profesionales m\u00e9dicos de Rafaela y zona de influencia, \u00bfno podr\u00edan impulsar la iniciativa para constituir una sociedad con el objetivo de construcci\u00f3n de un centro de radioterapia? \u00a1Si vecinos cordobeses pudieron, por qu\u00e9 no los rafaelinos! Por empezar, ya se contar\u00eda con dos terrenos provinciales: en el actual Hospital del barrio 9 de Julio y en el que proyecta, ubicado al norte de nuestra ciudad.<\/p>\n<p>Fuente: diario La Opini\u00f3n, Rafaela, 29 de mayo de 2014.<\/p>\n","protected":false},"excerpt":{"rendered":"<p>Por Emilio J. Grande.- En recientes semanas esta ciudad fue visitada por el ministro de Salud de Santa Fe, Dr. [&hellip;]<\/p>\n","protected":false},"author":2,"featured_media":0,"comment_status":"open","ping_status":"closed","sticky":false,"template":"","format":"standard","meta":{"site-sidebar-layout":"default","site-content-layout":"","ast-site-content-layout":"default","site-content-style":"default","site-sidebar-style":"default","ast-global-header-display":"","ast-banner-title-visibility":"","ast-main-header-display":"","ast-hfb-above-header-display":"","ast-hfb-below-header-display":"","ast-hfb-mobile-header-display":"","site-post-title":"","ast-breadcrumbs-content":"","ast-featured-img":"","footer-sml-layout":"","ast-disable-related-posts":"","theme-transparent-header-meta":"","adv-header-id-meta":"","stick-header-meta":"","header-above-stick-meta":"","header-main-stick-meta":"","header-below-stick-meta":"","astra-migrate-meta-layouts":"default","ast-page-background-enabled":"default","ast-page-background-meta":{"desktop":{"background-color":"var(--ast-global-color-4)","background-image":"","background-repeat":"repeat","background-position":"center center","background-size":"auto","background-attachment":"scroll","background-type":"","background-media":"","overlay-type":"","overlay-color":"","overlay-opacity":"","overlay-gradient":""},"tablet":{"background-color":"","background-image":"","background-repeat":"repeat","background-position":"center center","background-size":"auto","background-attachment":"scroll","background-type":"","background-media":"","overlay-type":"","overlay-color":"","overlay-opacity":"","overlay-gradient":""},"mobile":{"background-color":"","background-image":"","background-repeat":"repeat","background-position":"center center","background-size":"auto","background-attachment":"scroll","background-type":"","background-media":"","overlay-type":"","overlay-color":"","overlay-opacity":"","overlay-gradient":""}},"ast-content-background-meta":{"desktop":{"background-color":"var(--ast-global-color-5)","background-image":"","background-repeat":"repeat","background-position":"center center","background-size":"auto","background-attachment":"scroll","background-type":"","background-media":"","overlay-type":"","overlay-color":"","overlay-opacity":"","overlay-gradient":""},"tablet":{"background-color":"var(--ast-global-color-5)","background-image":"","background-repeat":"repeat","background-position":"center center","background-size":"auto","background-attachment":"scroll","background-type":"","background-media":"","overlay-type":"","overlay-color":"","overlay-opacity":"","overlay-gradient":""},"mobile":{"background-color":"var(--ast-global-color-5)","background-image":"","background-repeat":"repeat","background-position":"center center","background-size":"auto","background-attachment":"scroll","background-type":"","background-media":"","overlay-type":"","overlay-color":"","overlay-opacity":"","overlay-gradient":""}},"footnotes":""},"categories":[4,5],"tags":[5235],"class_list":["post-3676","post","type-post","status-publish","format-standard","hentry","category-cultura-y-sociedad","category-politica","tag-radioterapia-en-rafaela"],"yoast_head":"<!-- This site is optimized with the Yoast SEO plugin v23.2 - https:\/\/yoast.com\/wordpress\/plugins\/seo\/ -->\n<title>Centro de radioterpaia: lo que no se quiere hacer con argumentos falsos - Sabado 100<\/title>\n<meta name=\"robots\" content=\"index, follow, max-snippet:-1, max-image-preview:large, max-video-preview:-1\" \/>\n<link rel=\"canonical\" href=\"https:\/\/sabado100.com.ar\/es-ar\/centro-de-radioterpaia-lo-que-no-se-quiere-hacer-con-argumentos-falsos\/\" \/>\n<meta property=\"og:locale\" content=\"es_ES\" \/>\n<meta property=\"og:type\" content=\"article\" \/>\n<meta property=\"og:title\" content=\"Centro de radioterpaia: lo que no se quiere hacer con argumentos falsos - Sabado 100\" \/>\n<meta property=\"og:description\" content=\"Por Emilio J. Grande.- En recientes semanas esta ciudad fue visitada por el ministro de Salud de Santa Fe, Dr. [&hellip;]\" \/>\n<meta property=\"og:url\" content=\"https:\/\/sabado100.com.ar\/es-ar\/centro-de-radioterpaia-lo-que-no-se-quiere-hacer-con-argumentos-falsos\/\" \/>\n<meta property=\"og:site_name\" content=\"Sabado 100\" \/>\n<meta property=\"article:publisher\" content=\"https:\/\/www.facebook.com\/sabadocien\/\" \/>\n<meta property=\"article:published_time\" content=\"2014-05-29T19:31:30+00:00\" \/>\n<meta name=\"author\" content=\"sabado cien\" \/>\n<meta name=\"twitter:card\" content=\"summary_large_image\" \/>\n<meta name=\"twitter:label1\" content=\"Escrito por\" \/>\n\t<meta name=\"twitter:data1\" content=\"sabado cien\" \/>\n\t<meta name=\"twitter:label2\" content=\"Tiempo de lectura\" \/>\n\t<meta name=\"twitter:data2\" content=\"3 minutos\" \/>\n<script type=\"application\/ld+json\" class=\"yoast-schema-graph\">{\"@context\":\"https:\/\/schema.org\",\"@graph\":[{\"@type\":\"Article\",\"@id\":\"https:\/\/sabado100.com.ar\/es-ar\/centro-de-radioterpaia-lo-que-no-se-quiere-hacer-con-argumentos-falsos\/#article\",\"isPartOf\":{\"@id\":\"https:\/\/sabado100.com.ar\/es-ar\/centro-de-radioterpaia-lo-que-no-se-quiere-hacer-con-argumentos-falsos\/\"},\"author\":{\"name\":\"sabado cien\",\"@id\":\"https:\/\/sabado100.com.ar\/es-ar\/#\/schema\/person\/58e38b918ef4e44b11398f25d4684c6d\"},\"headline\":\"Centro de radioterpaia: lo que no se quiere hacer con argumentos falsos\",\"datePublished\":\"2014-05-29T19:31:30+00:00\",\"dateModified\":\"2014-05-29T19:31:30+00:00\",\"mainEntityOfPage\":{\"@id\":\"https:\/\/sabado100.com.ar\/es-ar\/centro-de-radioterpaia-lo-que-no-se-quiere-hacer-con-argumentos-falsos\/\"},\"wordCount\":700,\"commentCount\":0,\"publisher\":{\"@id\":\"https:\/\/sabado100.com.ar\/es-ar\/#organization\"},\"keywords\":[\"radioterapia en Rafaela\"],\"articleSection\":[\"Cultura y Sociedad\",\"Pol\u00edtica\"],\"inLanguage\":\"es\",\"potentialAction\":[{\"@type\":\"CommentAction\",\"name\":\"Comment\",\"target\":[\"https:\/\/sabado100.com.ar\/es-ar\/centro-de-radioterpaia-lo-que-no-se-quiere-hacer-con-argumentos-falsos\/#respond\"]}]},{\"@type\":\"WebPage\",\"@id\":\"https:\/\/sabado100.com.ar\/es-ar\/centro-de-radioterpaia-lo-que-no-se-quiere-hacer-con-argumentos-falsos\/\",\"url\":\"https:\/\/sabado100.com.ar\/es-ar\/centro-de-radioterpaia-lo-que-no-se-quiere-hacer-con-argumentos-falsos\/\",\"name\":\"Centro de radioterpaia: lo que no se quiere hacer con argumentos falsos - Sabado 100\",\"isPartOf\":{\"@id\":\"https:\/\/sabado100.com.ar\/es-ar\/#website\"},\"datePublished\":\"2014-05-29T19:31:30+00:00\",\"dateModified\":\"2014-05-29T19:31:30+00:00\",\"breadcrumb\":{\"@id\":\"https:\/\/sabado100.com.ar\/es-ar\/centro-de-radioterpaia-lo-que-no-se-quiere-hacer-con-argumentos-falsos\/#breadcrumb\"},\"inLanguage\":\"es\",\"potentialAction\":[{\"@type\":\"ReadAction\",\"target\":[\"https:\/\/sabado100.com.ar\/es-ar\/centro-de-radioterpaia-lo-que-no-se-quiere-hacer-con-argumentos-falsos\/\"]}]},{\"@type\":\"BreadcrumbList\",\"@id\":\"https:\/\/sabado100.com.ar\/es-ar\/centro-de-radioterpaia-lo-que-no-se-quiere-hacer-con-argumentos-falsos\/#breadcrumb\",\"itemListElement\":[{\"@type\":\"ListItem\",\"position\":1,\"name\":\"Portada\",\"item\":\"https:\/\/sabado100.com.ar\/es-ar\/\"},{\"@type\":\"ListItem\",\"position\":2,\"name\":\"Centro de radioterpaia: lo que no se quiere hacer con argumentos falsos\"}]},{\"@type\":\"WebSite\",\"@id\":\"https:\/\/sabado100.com.ar\/es-ar\/#website\",\"url\":\"https:\/\/sabado100.com.ar\/es-ar\/\",\"name\":\"Sabado 100\",\"description\":\"\",\"publisher\":{\"@id\":\"https:\/\/sabado100.com.ar\/es-ar\/#organization\"},\"potentialAction\":[{\"@type\":\"SearchAction\",\"target\":{\"@type\":\"EntryPoint\",\"urlTemplate\":\"https:\/\/sabado100.com.ar\/es-ar\/?s={search_term_string}\"},\"query-input\":\"required name=search_term_string\"}],\"inLanguage\":\"es\"},{\"@type\":\"Organization\",\"@id\":\"https:\/\/sabado100.com.ar\/es-ar\/#organization\",\"name\":\"Sabado 100\",\"url\":\"https:\/\/sabado100.com.ar\/es-ar\/\",\"logo\":{\"@type\":\"ImageObject\",\"inLanguage\":\"es\",\"@id\":\"https:\/\/sabado100.com.ar\/es-ar\/#\/schema\/logo\/image\/\",\"url\":\"https:\/\/sabado100.com.ar\/es-ar\/wp-content\/uploads\/2024\/04\/logo3.jpg\",\"contentUrl\":\"https:\/\/sabado100.com.ar\/es-ar\/wp-content\/uploads\/2024\/04\/logo3.jpg\",\"width\":300,\"height\":174,\"caption\":\"Sabado 100\"},\"image\":{\"@id\":\"https:\/\/sabado100.com.ar\/es-ar\/#\/schema\/logo\/image\/\"},\"sameAs\":[\"https:\/\/www.facebook.com\/sabadocien\/\",\"https:\/\/www.instagram.com\/sabado100.com.ar\/\",\"https:\/\/www.youtube.com\/@sabado1003\"]},{\"@type\":\"Person\",\"@id\":\"https:\/\/sabado100.com.ar\/es-ar\/#\/schema\/person\/58e38b918ef4e44b11398f25d4684c6d\",\"name\":\"sabado cien\",\"image\":{\"@type\":\"ImageObject\",\"inLanguage\":\"es\",\"@id\":\"https:\/\/sabado100.com.ar\/es-ar\/#\/schema\/person\/image\/\",\"url\":\"https:\/\/sabado100.com.ar\/es-ar\/wp-content\/litespeed\/avatar\/484bccfbd493fbb703b0f1b8113dad61.jpg?ver=1787731622\",\"contentUrl\":\"https:\/\/sabado100.com.ar\/es-ar\/wp-content\/litespeed\/avatar\/484bccfbd493fbb703b0f1b8113dad61.jpg?ver=1787731622\",\"caption\":\"sabado cien\"},\"url\":\"https:\/\/sabado100.com.ar\/es-ar\/author\/sabado100\/\"}]}<\/script>\n<!-- \/ Yoast SEO plugin. -->","yoast_head_json":{"title":"Centro de radioterpaia: lo que no se quiere hacer con argumentos falsos - Sabado 100","robots":{"index":"index","follow":"follow","max-snippet":"max-snippet:-1","max-image-preview":"max-image-preview:large","max-video-preview":"max-video-preview:-1"},"canonical":"https:\/\/sabado100.com.ar\/es-ar\/centro-de-radioterpaia-lo-que-no-se-quiere-hacer-con-argumentos-falsos\/","og_locale":"es_ES","og_type":"article","og_title":"Centro de radioterpaia: lo que no se quiere hacer con argumentos falsos - Sabado 100","og_description":"Por Emilio J. Grande.- En recientes semanas esta ciudad fue visitada por el ministro de Salud de Santa Fe, Dr. [&hellip;]","og_url":"https:\/\/sabado100.com.ar\/es-ar\/centro-de-radioterpaia-lo-que-no-se-quiere-hacer-con-argumentos-falsos\/","og_site_name":"Sabado 100","article_publisher":"https:\/\/www.facebook.com\/sabadocien\/","article_published_time":"2014-05-29T19:31:30+00:00","author":"sabado cien","twitter_card":"summary_large_image","twitter_misc":{"Escrito por":"sabado cien","Tiempo de lectura":"3 minutos"},"schema":{"@context":"https:\/\/schema.org","@graph":[{"@type":"Article","@id":"https:\/\/sabado100.com.ar\/es-ar\/centro-de-radioterpaia-lo-que-no-se-quiere-hacer-con-argumentos-falsos\/#article","isPartOf":{"@id":"https:\/\/sabado100.com.ar\/es-ar\/centro-de-radioterpaia-lo-que-no-se-quiere-hacer-con-argumentos-falsos\/"},"author":{"name":"sabado cien","@id":"https:\/\/sabado100.com.ar\/es-ar\/#\/schema\/person\/58e38b918ef4e44b11398f25d4684c6d"},"headline":"Centro de radioterpaia: lo que no se quiere hacer con argumentos falsos","datePublished":"2014-05-29T19:31:30+00:00","dateModified":"2014-05-29T19:31:30+00:00","mainEntityOfPage":{"@id":"https:\/\/sabado100.com.ar\/es-ar\/centro-de-radioterpaia-lo-que-no-se-quiere-hacer-con-argumentos-falsos\/"},"wordCount":700,"commentCount":0,"publisher":{"@id":"https:\/\/sabado100.com.ar\/es-ar\/#organization"},"keywords":["radioterapia en Rafaela"],"articleSection":["Cultura y Sociedad","Pol\u00edtica"],"inLanguage":"es","potentialAction":[{"@type":"CommentAction","name":"Comment","target":["https:\/\/sabado100.com.ar\/es-ar\/centro-de-radioterpaia-lo-que-no-se-quiere-hacer-con-argumentos-falsos\/#respond"]}]},{"@type":"WebPage","@id":"https:\/\/sabado100.com.ar\/es-ar\/centro-de-radioterpaia-lo-que-no-se-quiere-hacer-con-argumentos-falsos\/","url":"https:\/\/sabado100.com.ar\/es-ar\/centro-de-radioterpaia-lo-que-no-se-quiere-hacer-con-argumentos-falsos\/","name":"Centro de radioterpaia: lo que no se quiere hacer con argumentos falsos - Sabado 100","isPartOf":{"@id":"https:\/\/sabado100.com.ar\/es-ar\/#website"},"datePublished":"2014-05-29T19:31:30+00:00","dateModified":"2014-05-29T19:31:30+00:00","breadcrumb":{"@id":"https:\/\/sabado100.com.ar\/es-ar\/centro-de-radioterpaia-lo-que-no-se-quiere-hacer-con-argumentos-falsos\/#breadcrumb"},"inLanguage":"es","potentialAction":[{"@type":"ReadAction","target":["https:\/\/sabado100.com.ar\/es-ar\/centro-de-radioterpaia-lo-que-no-se-quiere-hacer-con-argumentos-falsos\/"]}]},{"@type":"BreadcrumbList","@id":"https:\/\/sabado100.com.ar\/es-ar\/centro-de-radioterpaia-lo-que-no-se-quiere-hacer-con-argumentos-falsos\/#breadcrumb","itemListElement":[{"@type":"ListItem","position":1,"name":"Portada","item":"https:\/\/sabado100.com.ar\/es-ar\/"},{"@type":"ListItem","position":2,"name":"Centro de radioterpaia: lo que no se quiere hacer con argumentos falsos"}]},{"@type":"WebSite","@id":"https:\/\/sabado100.com.ar\/es-ar\/#website","url":"https:\/\/sabado100.com.ar\/es-ar\/","name":"Sabado 100","description":"","publisher":{"@id":"https:\/\/sabado100.com.ar\/es-ar\/#organization"},"potentialAction":[{"@type":"SearchAction","target":{"@type":"EntryPoint","urlTemplate":"https:\/\/sabado100.com.ar\/es-ar\/?s={search_term_string}"},"query-input":"required name=search_term_string"}],"inLanguage":"es"},{"@type":"Organization","@id":"https:\/\/sabado100.com.ar\/es-ar\/#organization","name":"Sabado 100","url":"https:\/\/sabado100.com.ar\/es-ar\/","logo":{"@type":"ImageObject","inLanguage":"es","@id":"https:\/\/sabado100.com.ar\/es-ar\/#\/schema\/logo\/image\/","url":"https:\/\/sabado100.com.ar\/es-ar\/wp-content\/uploads\/2024\/04\/logo3.jpg","contentUrl":"https:\/\/sabado100.com.ar\/es-ar\/wp-content\/uploads\/2024\/04\/logo3.jpg","width":300,"height":174,"caption":"Sabado 100"},"image":{"@id":"https:\/\/sabado100.com.ar\/es-ar\/#\/schema\/logo\/image\/"},"sameAs":["https:\/\/www.facebook.com\/sabadocien\/","https:\/\/www.instagram.com\/sabado100.com.ar\/","https:\/\/www.youtube.com\/@sabado1003"]},{"@type":"Person","@id":"https:\/\/sabado100.com.ar\/es-ar\/#\/schema\/person\/58e38b918ef4e44b11398f25d4684c6d","name":"sabado cien","image":{"@type":"ImageObject","inLanguage":"es","@id":"https:\/\/sabado100.com.ar\/es-ar\/#\/schema\/person\/image\/","url":"https:\/\/sabado100.com.ar\/es-ar\/wp-content\/litespeed\/avatar\/484bccfbd493fbb703b0f1b8113dad61.jpg?ver=1787731622","contentUrl":"https:\/\/sabado100.com.ar\/es-ar\/wp-content\/litespeed\/avatar\/484bccfbd493fbb703b0f1b8113dad61.jpg?ver=1787731622","caption":"sabado cien"},"url":"https:\/\/sabado100.com.ar\/es-ar\/author\/sabado100\/"}]}},"_links":{"self":[{"href":"https:\/\/sabado100.com.ar\/es-ar\/wp-json\/wp\/v2\/posts\/3676","targetHints":{"allow":["GET"]}}],"collection":[{"href":"https:\/\/sabado100.com.ar\/es-ar\/wp-json\/wp\/v2\/posts"}],"about":[{"href":"https:\/\/sabado100.com.ar\/es-ar\/wp-json\/wp\/v2\/types\/post"}],"author":[{"embeddable":true,"href":"https:\/\/sabado100.com.ar\/es-ar\/wp-json\/wp\/v2\/users\/2"}],"replies":[{"embeddable":true,"href":"https:\/\/sabado100.com.ar\/es-ar\/wp-json\/wp\/v2\/comments?post=3676"}],"version-history":[{"count":0,"href":"https:\/\/sabado100.com.ar\/es-ar\/wp-json\/wp\/v2\/posts\/3676\/revisions"}],"wp:attachment":[{"href":"https:\/\/sabado100.com.ar\/es-ar\/wp-json\/wp\/v2\/media?parent=3676"}],"wp:term":[{"taxonomy":"category","embeddable":true,"href":"https:\/\/sabado100.com.ar\/es-ar\/wp-json\/wp\/v2\/categories?post=3676"},{"taxonomy":"post_tag","embeddable":true,"href":"https:\/\/sabado100.com.ar\/es-ar\/wp-json\/wp\/v2\/tags?post=3676"}],"curies":[{"name":"wp","href":"https:\/\/api.w.org\/{rel}","templated":true}]}}