{"id":3657,"date":"2014-05-15T16:41:56","date_gmt":"2014-05-15T14:41:56","guid":{"rendered":"https:\/\/www.sabado100.com.ar\/?p=3657"},"modified":"2014-05-15T16:41:56","modified_gmt":"2014-05-15T14:41:56","slug":"severos-reclamos-para-soluciones-muy-demoradas","status":"publish","type":"post","link":"https:\/\/sabado100.com.ar\/es-ar\/severos-reclamos-para-soluciones-muy-demoradas\/","title":{"rendered":"Severos reclamos para soluciones muy demoradas"},"content":{"rendered":"<p><strong>Por Emilio J. Grande.-<\/strong> La confrontaci\u00f3n sigue siendo parte medular del estilo que la Presidenta de la Naci\u00f3n parece dispuesta a mantener hasta el fin de su mandato. La Corte Suprema de Justicia y la Iglesia a trav\u00e9s de su m\u00e1ximo organismo que es la Conferencia Episcopal Argentina, en recientes d\u00edas hicieron p\u00fablicas referencias a problemas de extrema gravedad que afectan a nuestra sociedad, que originados en los \u00faltimos a\u00f1os de administraci\u00f3n kirchnerista han llegado a un punto tal sin antecedentes en la historia del pa\u00eds.<br \/>\nLa Corte llam\u00f3 severamente la atenci\u00f3n a la Presidenta por el incumplimiento de sentencias que martirizan a la clase pasiva y los obispos dieron una declaraci\u00f3n abordando distintos aspectos agravados severamente en la \u201cd\u00e9cada ganada\u201d; tales como la inseguridad, la violencia, la pobreza y el narcotr\u00e1fico.<br \/>\nCristina, lejos de aceptar humildemente tales se\u00f1alamientos de rigurosa realidad, altiva y soberbia, los rechaza perdiendo la oportunidad de cambiar su imagen ante la poblaci\u00f3n argentina y la comunidad mundial de la que con frecuencia desde distintos puntos tambi\u00e9n se cuestiona el \u201cmodelo\u201d, ya superados los 10 a\u00f1os iniciados por N\u00e9stor Kirchner y continuados con firmeza en aumento por su esposa.<br \/>\nEl 8 de octubre de 2012 en estas p\u00e1ginas firm\u00e9 una nota sosteniendo que con el martirio a que se somet\u00eda a la clase pasiva la presidenta Cristina incurr\u00eda en el delito de lesa humanidad, calificaci\u00f3n que origin\u00f3 una serie de cr\u00edticas a trav\u00e9s del Opif\u00f3n, cartas de lectores, comunicaciones telef\u00f3nicas y mensajes en las redes sociales.<br \/>\nDe aquella nota citada a la fecha ha transcurrido un a\u00f1o y siete meses y la situaci\u00f3n de los pasivos por efecto de la inflaci\u00f3n, de peregrinar por un v\u00eda crucis hoy directamente est\u00e1n al borde del infierno, raz\u00f3n que me impulsa a ratificar que Cristina sigue cometiendo el mismo delito de lesa humanidad.<br \/>\nSi en Alemania eso sucedi\u00f3 por orden de Adolf Hitler con el holocausto de 6 millones de jud\u00edos (hombres, mujeres y ni\u00f1os inocentes), hoy en la Argentina son casi 5 millones de hombres y mujeres que sufren el martirio por la angustia que origina la miserable asignaci\u00f3n m\u00ednima de 2.757 pesos mensuales porque la Presidenta vet\u00f3 la ley del 82%, arguyendo que si la aplicaba se desfinanciaba la ANSES. Y de esa plata que estando activos aportaron los jubilados durante 30, 40 o m\u00e1s a\u00f1os, ese organismo por decisi\u00f3n del Gobierno dispone de miles y miles de millones a destinos con fines pol\u00edticos, por ejemplo para financiar \u201cF\u00fatbol para todos\u201d y partidas para el Tesoro Nacional, entre otros.<br \/>\n\u00bfPuede tolerarse semejante ingratitud que padece tal masa de argentinos, que con dignidad fueron hacedores del sostenimiento del pa\u00eds, que en cambio hundi\u00f3 la mayor\u00eda de los gobiernos de distintos signos pol\u00edticos, a los que superan estos dos \u00faltimos con r\u00e9cords notables de corrupci\u00f3n, impunidad, enriquecimiento sin disimulos, violencia extrema, inseguridad e incumplimiento de lo que establece la Constituci\u00f3n?<br \/>\n\u00bfPuede aceptarse que premeditadamente se liquiden con error las asignaciones a los jubilados, estos que se ven obligados a iniciar juicios que resultan ganados pero las sentencias no se cumplen y a la fecha en esa condici\u00f3n suman m\u00e1s de 340.000?<br \/>\nCon tales realidades que aceleran la agon\u00eda de tantos millones de jubilados, \u00bfno se comete el delito de lesa humanidad?<\/p>\n","protected":false},"excerpt":{"rendered":"<p>Por Emilio J. Grande.- La confrontaci\u00f3n sigue siendo parte medular del estilo que la Presidenta de la Naci\u00f3n parece dispuesta [&hellip;]<\/p>\n","protected":false},"author":2,"featured_media":0,"comment_status":"open","ping_status":"closed","sticky":false,"template":"","format":"standard","meta":{"site-sidebar-layout":"default","site-content-layout":"","ast-site-content-layout":"default","site-content-style":"default","site-sidebar-style":"default","ast-global-header-display":"","ast-banner-title-visibility":"","ast-main-header-display":"","ast-hfb-above-header-display":"","ast-hfb-below-header-display":"","ast-hfb-mobile-header-display":"","site-post-title":"","ast-breadcrumbs-content":"","ast-featured-img":"","footer-sml-layout":"","ast-disable-related-posts":"","theme-transparent-header-meta":"","adv-header-id-meta":"","stick-header-meta":"","header-above-stick-meta":"","header-main-stick-meta":"","header-below-stick-meta":"","astra-migrate-meta-layouts":"default","ast-page-background-enabled":"default","ast-page-background-meta":{"desktop":{"background-color":"var(--ast-global-color-4)","background-image":"","background-repeat":"repeat","background-position":"center center","background-size":"auto","background-attachment":"scroll","background-type":"","background-media":"","overlay-type":"","overlay-color":"","overlay-opacity":"","overlay-gradient":""},"tablet":{"background-color":"","background-image":"","background-repeat":"repeat","background-position":"center center","background-size":"auto","background-attachment":"scroll","background-type":"","background-media":"","overlay-type":"","overlay-color":"","overlay-opacity":"","overlay-gradient":""},"mobile":{"background-color":"","background-image":"","background-repeat":"repeat","background-position":"center center","background-size":"auto","background-attachment":"scroll","background-type":"","background-media":"","overlay-type":"","overlay-color":"","overlay-opacity":"","overlay-gradient":""}},"ast-content-background-meta":{"desktop":{"background-color":"var(--ast-global-color-5)","background-image":"","background-repeat":"repeat","background-position":"center center","background-size":"auto","background-attachment":"scroll","background-type":"","background-media":"","overlay-type":"","overlay-color":"","overlay-opacity":"","overlay-gradient":""},"tablet":{"background-color":"var(--ast-global-color-5)","background-image":"","background-repeat":"repeat","background-position":"center center","background-size":"auto","background-attachment":"scroll","background-type":"","background-media":"","overlay-type":"","overlay-color":"","overlay-opacity":"","overlay-gradient":""},"mobile":{"background-color":"var(--ast-global-color-5)","background-image":"","background-repeat":"repeat","background-position":"center center","background-size":"auto","background-attachment":"scroll","background-type":"","background-media":"","overlay-type":"","overlay-color":"","overlay-opacity":"","overlay-gradient":""}},"footnotes":""},"categories":[4,5],"tags":[5230],"class_list":["post-3657","post","type-post","status-publish","format-standard","hentry","category-cultura-y-sociedad","category-politica","tag-reclamo-de-jubilados"],"yoast_head":"<!-- This site is optimized with the Yoast SEO plugin v23.2 - https:\/\/yoast.com\/wordpress\/plugins\/seo\/ -->\n<title>Severos reclamos para soluciones muy demoradas - Sabado 100<\/title>\n<meta name=\"robots\" content=\"index, follow, max-snippet:-1, max-image-preview:large, max-video-preview:-1\" \/>\n<link rel=\"canonical\" href=\"https:\/\/sabado100.com.ar\/es-ar\/severos-reclamos-para-soluciones-muy-demoradas\/\" \/>\n<meta property=\"og:locale\" content=\"es_ES\" \/>\n<meta property=\"og:type\" content=\"article\" \/>\n<meta property=\"og:title\" content=\"Severos reclamos para soluciones muy demoradas - Sabado 100\" \/>\n<meta property=\"og:description\" content=\"Por Emilio J. Grande.- La confrontaci\u00f3n sigue siendo parte medular del estilo que la Presidenta de la Naci\u00f3n parece dispuesta [&hellip;]\" \/>\n<meta property=\"og:url\" content=\"https:\/\/sabado100.com.ar\/es-ar\/severos-reclamos-para-soluciones-muy-demoradas\/\" \/>\n<meta property=\"og:site_name\" content=\"Sabado 100\" \/>\n<meta property=\"article:publisher\" content=\"https:\/\/www.facebook.com\/sabadocien\/\" \/>\n<meta property=\"article:published_time\" content=\"2014-05-15T14:41:56+00:00\" \/>\n<meta name=\"author\" content=\"sabado cien\" \/>\n<meta name=\"twitter:card\" content=\"summary_large_image\" \/>\n<meta name=\"twitter:label1\" content=\"Escrito por\" \/>\n\t<meta name=\"twitter:data1\" content=\"sabado cien\" \/>\n\t<meta name=\"twitter:label2\" content=\"Tiempo de lectura\" \/>\n\t<meta name=\"twitter:data2\" content=\"3 minutos\" \/>\n<script type=\"application\/ld+json\" class=\"yoast-schema-graph\">{\"@context\":\"https:\/\/schema.org\",\"@graph\":[{\"@type\":\"Article\",\"@id\":\"https:\/\/sabado100.com.ar\/es-ar\/severos-reclamos-para-soluciones-muy-demoradas\/#article\",\"isPartOf\":{\"@id\":\"https:\/\/sabado100.com.ar\/es-ar\/severos-reclamos-para-soluciones-muy-demoradas\/\"},\"author\":{\"name\":\"sabado cien\",\"@id\":\"https:\/\/sabado100.com.ar\/es-ar\/#\/schema\/person\/58e38b918ef4e44b11398f25d4684c6d\"},\"headline\":\"Severos reclamos para soluciones muy demoradas\",\"datePublished\":\"2014-05-15T14:41:56+00:00\",\"dateModified\":\"2014-05-15T14:41:56+00:00\",\"mainEntityOfPage\":{\"@id\":\"https:\/\/sabado100.com.ar\/es-ar\/severos-reclamos-para-soluciones-muy-demoradas\/\"},\"wordCount\":589,\"commentCount\":0,\"publisher\":{\"@id\":\"https:\/\/sabado100.com.ar\/es-ar\/#organization\"},\"keywords\":[\"reclamo de jubilados\"],\"articleSection\":[\"Cultura y Sociedad\",\"Pol\u00edtica\"],\"inLanguage\":\"es\",\"potentialAction\":[{\"@type\":\"CommentAction\",\"name\":\"Comment\",\"target\":[\"https:\/\/sabado100.com.ar\/es-ar\/severos-reclamos-para-soluciones-muy-demoradas\/#respond\"]}]},{\"@type\":\"WebPage\",\"@id\":\"https:\/\/sabado100.com.ar\/es-ar\/severos-reclamos-para-soluciones-muy-demoradas\/\",\"url\":\"https:\/\/sabado100.com.ar\/es-ar\/severos-reclamos-para-soluciones-muy-demoradas\/\",\"name\":\"Severos reclamos para soluciones muy demoradas - Sabado 100\",\"isPartOf\":{\"@id\":\"https:\/\/sabado100.com.ar\/es-ar\/#website\"},\"datePublished\":\"2014-05-15T14:41:56+00:00\",\"dateModified\":\"2014-05-15T14:41:56+00:00\",\"breadcrumb\":{\"@id\":\"https:\/\/sabado100.com.ar\/es-ar\/severos-reclamos-para-soluciones-muy-demoradas\/#breadcrumb\"},\"inLanguage\":\"es\",\"potentialAction\":[{\"@type\":\"ReadAction\",\"target\":[\"https:\/\/sabado100.com.ar\/es-ar\/severos-reclamos-para-soluciones-muy-demoradas\/\"]}]},{\"@type\":\"BreadcrumbList\",\"@id\":\"https:\/\/sabado100.com.ar\/es-ar\/severos-reclamos-para-soluciones-muy-demoradas\/#breadcrumb\",\"itemListElement\":[{\"@type\":\"ListItem\",\"position\":1,\"name\":\"Portada\",\"item\":\"https:\/\/sabado100.com.ar\/es-ar\/\"},{\"@type\":\"ListItem\",\"position\":2,\"name\":\"Severos reclamos para soluciones muy demoradas\"}]},{\"@type\":\"WebSite\",\"@id\":\"https:\/\/sabado100.com.ar\/es-ar\/#website\",\"url\":\"https:\/\/sabado100.com.ar\/es-ar\/\",\"name\":\"Sabado 100\",\"description\":\"\",\"publisher\":{\"@id\":\"https:\/\/sabado100.com.ar\/es-ar\/#organization\"},\"potentialAction\":[{\"@type\":\"SearchAction\",\"target\":{\"@type\":\"EntryPoint\",\"urlTemplate\":\"https:\/\/sabado100.com.ar\/es-ar\/?s={search_term_string}\"},\"query-input\":\"required name=search_term_string\"}],\"inLanguage\":\"es\"},{\"@type\":\"Organization\",\"@id\":\"https:\/\/sabado100.com.ar\/es-ar\/#organization\",\"name\":\"Sabado 100\",\"url\":\"https:\/\/sabado100.com.ar\/es-ar\/\",\"logo\":{\"@type\":\"ImageObject\",\"inLanguage\":\"es\",\"@id\":\"https:\/\/sabado100.com.ar\/es-ar\/#\/schema\/logo\/image\/\",\"url\":\"https:\/\/sabado100.com.ar\/es-ar\/wp-content\/uploads\/2024\/04\/logo3.jpg\",\"contentUrl\":\"https:\/\/sabado100.com.ar\/es-ar\/wp-content\/uploads\/2024\/04\/logo3.jpg\",\"width\":300,\"height\":174,\"caption\":\"Sabado 100\"},\"image\":{\"@id\":\"https:\/\/sabado100.com.ar\/es-ar\/#\/schema\/logo\/image\/\"},\"sameAs\":[\"https:\/\/www.facebook.com\/sabadocien\/\",\"https:\/\/www.instagram.com\/sabado100.com.ar\/\",\"https:\/\/www.youtube.com\/@sabado1003\"]},{\"@type\":\"Person\",\"@id\":\"https:\/\/sabado100.com.ar\/es-ar\/#\/schema\/person\/58e38b918ef4e44b11398f25d4684c6d\",\"name\":\"sabado cien\",\"image\":{\"@type\":\"ImageObject\",\"inLanguage\":\"es\",\"@id\":\"https:\/\/sabado100.com.ar\/es-ar\/#\/schema\/person\/image\/\",\"url\":\"https:\/\/sabado100.com.ar\/es-ar\/wp-content\/litespeed\/avatar\/484bccfbd493fbb703b0f1b8113dad61.jpg?ver=1787731622\",\"contentUrl\":\"https:\/\/sabado100.com.ar\/es-ar\/wp-content\/litespeed\/avatar\/484bccfbd493fbb703b0f1b8113dad61.jpg?ver=1787731622\",\"caption\":\"sabado cien\"},\"url\":\"https:\/\/sabado100.com.ar\/es-ar\/author\/sabado100\/\"}]}<\/script>\n<!-- \/ Yoast SEO plugin. -->","yoast_head_json":{"title":"Severos reclamos para soluciones muy demoradas - Sabado 100","robots":{"index":"index","follow":"follow","max-snippet":"max-snippet:-1","max-image-preview":"max-image-preview:large","max-video-preview":"max-video-preview:-1"},"canonical":"https:\/\/sabado100.com.ar\/es-ar\/severos-reclamos-para-soluciones-muy-demoradas\/","og_locale":"es_ES","og_type":"article","og_title":"Severos reclamos para soluciones muy demoradas - Sabado 100","og_description":"Por Emilio J. Grande.- La confrontaci\u00f3n sigue siendo parte medular del estilo que la Presidenta de la Naci\u00f3n parece dispuesta [&hellip;]","og_url":"https:\/\/sabado100.com.ar\/es-ar\/severos-reclamos-para-soluciones-muy-demoradas\/","og_site_name":"Sabado 100","article_publisher":"https:\/\/www.facebook.com\/sabadocien\/","article_published_time":"2014-05-15T14:41:56+00:00","author":"sabado cien","twitter_card":"summary_large_image","twitter_misc":{"Escrito por":"sabado cien","Tiempo de lectura":"3 minutos"},"schema":{"@context":"https:\/\/schema.org","@graph":[{"@type":"Article","@id":"https:\/\/sabado100.com.ar\/es-ar\/severos-reclamos-para-soluciones-muy-demoradas\/#article","isPartOf":{"@id":"https:\/\/sabado100.com.ar\/es-ar\/severos-reclamos-para-soluciones-muy-demoradas\/"},"author":{"name":"sabado cien","@id":"https:\/\/sabado100.com.ar\/es-ar\/#\/schema\/person\/58e38b918ef4e44b11398f25d4684c6d"},"headline":"Severos reclamos para soluciones muy demoradas","datePublished":"2014-05-15T14:41:56+00:00","dateModified":"2014-05-15T14:41:56+00:00","mainEntityOfPage":{"@id":"https:\/\/sabado100.com.ar\/es-ar\/severos-reclamos-para-soluciones-muy-demoradas\/"},"wordCount":589,"commentCount":0,"publisher":{"@id":"https:\/\/sabado100.com.ar\/es-ar\/#organization"},"keywords":["reclamo de jubilados"],"articleSection":["Cultura y Sociedad","Pol\u00edtica"],"inLanguage":"es","potentialAction":[{"@type":"CommentAction","name":"Comment","target":["https:\/\/sabado100.com.ar\/es-ar\/severos-reclamos-para-soluciones-muy-demoradas\/#respond"]}]},{"@type":"WebPage","@id":"https:\/\/sabado100.com.ar\/es-ar\/severos-reclamos-para-soluciones-muy-demoradas\/","url":"https:\/\/sabado100.com.ar\/es-ar\/severos-reclamos-para-soluciones-muy-demoradas\/","name":"Severos reclamos para soluciones muy demoradas - Sabado 100","isPartOf":{"@id":"https:\/\/sabado100.com.ar\/es-ar\/#website"},"datePublished":"2014-05-15T14:41:56+00:00","dateModified":"2014-05-15T14:41:56+00:00","breadcrumb":{"@id":"https:\/\/sabado100.com.ar\/es-ar\/severos-reclamos-para-soluciones-muy-demoradas\/#breadcrumb"},"inLanguage":"es","potentialAction":[{"@type":"ReadAction","target":["https:\/\/sabado100.com.ar\/es-ar\/severos-reclamos-para-soluciones-muy-demoradas\/"]}]},{"@type":"BreadcrumbList","@id":"https:\/\/sabado100.com.ar\/es-ar\/severos-reclamos-para-soluciones-muy-demoradas\/#breadcrumb","itemListElement":[{"@type":"ListItem","position":1,"name":"Portada","item":"https:\/\/sabado100.com.ar\/es-ar\/"},{"@type":"ListItem","position":2,"name":"Severos reclamos para soluciones muy demoradas"}]},{"@type":"WebSite","@id":"https:\/\/sabado100.com.ar\/es-ar\/#website","url":"https:\/\/sabado100.com.ar\/es-ar\/","name":"Sabado 100","description":"","publisher":{"@id":"https:\/\/sabado100.com.ar\/es-ar\/#organization"},"potentialAction":[{"@type":"SearchAction","target":{"@type":"EntryPoint","urlTemplate":"https:\/\/sabado100.com.ar\/es-ar\/?s={search_term_string}"},"query-input":"required name=search_term_string"}],"inLanguage":"es"},{"@type":"Organization","@id":"https:\/\/sabado100.com.ar\/es-ar\/#organization","name":"Sabado 100","url":"https:\/\/sabado100.com.ar\/es-ar\/","logo":{"@type":"ImageObject","inLanguage":"es","@id":"https:\/\/sabado100.com.ar\/es-ar\/#\/schema\/logo\/image\/","url":"https:\/\/sabado100.com.ar\/es-ar\/wp-content\/uploads\/2024\/04\/logo3.jpg","contentUrl":"https:\/\/sabado100.com.ar\/es-ar\/wp-content\/uploads\/2024\/04\/logo3.jpg","width":300,"height":174,"caption":"Sabado 100"},"image":{"@id":"https:\/\/sabado100.com.ar\/es-ar\/#\/schema\/logo\/image\/"},"sameAs":["https:\/\/www.facebook.com\/sabadocien\/","https:\/\/www.instagram.com\/sabado100.com.ar\/","https:\/\/www.youtube.com\/@sabado1003"]},{"@type":"Person","@id":"https:\/\/sabado100.com.ar\/es-ar\/#\/schema\/person\/58e38b918ef4e44b11398f25d4684c6d","name":"sabado cien","image":{"@type":"ImageObject","inLanguage":"es","@id":"https:\/\/sabado100.com.ar\/es-ar\/#\/schema\/person\/image\/","url":"https:\/\/sabado100.com.ar\/es-ar\/wp-content\/litespeed\/avatar\/484bccfbd493fbb703b0f1b8113dad61.jpg?ver=1787731622","contentUrl":"https:\/\/sabado100.com.ar\/es-ar\/wp-content\/litespeed\/avatar\/484bccfbd493fbb703b0f1b8113dad61.jpg?ver=1787731622","caption":"sabado cien"},"url":"https:\/\/sabado100.com.ar\/es-ar\/author\/sabado100\/"}]}},"_links":{"self":[{"href":"https:\/\/sabado100.com.ar\/es-ar\/wp-json\/wp\/v2\/posts\/3657","targetHints":{"allow":["GET"]}}],"collection":[{"href":"https:\/\/sabado100.com.ar\/es-ar\/wp-json\/wp\/v2\/posts"}],"about":[{"href":"https:\/\/sabado100.com.ar\/es-ar\/wp-json\/wp\/v2\/types\/post"}],"author":[{"embeddable":true,"href":"https:\/\/sabado100.com.ar\/es-ar\/wp-json\/wp\/v2\/users\/2"}],"replies":[{"embeddable":true,"href":"https:\/\/sabado100.com.ar\/es-ar\/wp-json\/wp\/v2\/comments?post=3657"}],"version-history":[{"count":0,"href":"https:\/\/sabado100.com.ar\/es-ar\/wp-json\/wp\/v2\/posts\/3657\/revisions"}],"wp:attachment":[{"href":"https:\/\/sabado100.com.ar\/es-ar\/wp-json\/wp\/v2\/media?parent=3657"}],"wp:term":[{"taxonomy":"category","embeddable":true,"href":"https:\/\/sabado100.com.ar\/es-ar\/wp-json\/wp\/v2\/categories?post=3657"},{"taxonomy":"post_tag","embeddable":true,"href":"https:\/\/sabado100.com.ar\/es-ar\/wp-json\/wp\/v2\/tags?post=3657"}],"curies":[{"name":"wp","href":"https:\/\/api.w.org\/{rel}","templated":true}]}}