{"id":3637,"date":"2014-04-28T14:30:09","date_gmt":"2014-04-28T12:30:09","guid":{"rendered":"https:\/\/www.sabado100.com.ar\/?p=3637"},"modified":"2014-04-28T14:30:09","modified_gmt":"2014-04-28T12:30:09","slug":"testimonio-sobre-las-canonizaciones-de-juan-xxiii-y-juan-pablo-ii","status":"publish","type":"post","link":"https:\/\/sabado100.com.ar\/es-ar\/testimonio-sobre-las-canonizaciones-de-juan-xxiii-y-juan-pablo-ii\/","title":{"rendered":"Testimonio sobre las canonizaciones de Juan XXIII y Juan Pablo II"},"content":{"rendered":"<p><strong>ROMA (Por Antonio Grande).-<\/strong> En la ma\u00f1ana de ayer pude participar de la fiesta del pueblo de Dios por la canonizaci\u00f3n que realiz\u00f3 el papa Francisco de dos de sus antecesores: Juan XXIII y Juan Pablo II (de lo que se informa en p\u00e1gina 18).<br \/>\nEl tiempo y el espacio fueron originales. En la Plaza San Pedro hubo un amanecer nublado seguido de unos minutos de llovizna y la irradiaci\u00f3n del sol al final de la ma\u00f1ana. Una multitud que se fue formando y creciendo con personas diversas en su procedencia, en su edad y su actividad cotidianas, integradas por querer celebrar juntos a Dios. Y a dos sacerdotes, luego obispos y finalmente papas, que el actual Pont\u00edfice proclamar\u00eda santos con la presencia del papa em\u00e9rito Benedicto XVI.<br \/>\nComparto la propia experiencia de percibir como resuenan en el coraz\u00f3n las expresiones hondas frente a quien transmite belleza, capacidad humana delicada. En este caso personas animadas por una experiencia religiosa que es capaz de integrar din\u00e1mica y progresivamente todas las dimensiones y v\u00ednculos del ser humano.<br \/>\nEl papa Francisco en la homil\u00eda de la misa del segundo domingo de Pascua present\u00f3 que las llagas glorificadas de Jes\u00fas fueron un signo del amor misericordioso de Dios para Tom\u00e1s. El poder tocarlas le posibilit\u00f3 realizar el camino de quien pone condiciones para creer a llegar a ser quien proclam\u00f3 a Jes\u00fas resucitado \u201cSe\u00f1or m\u00edo y Dios m\u00edo\u201d.<br \/>\nEsta experiencia humanizadora se sigue manifestando a lo largo de los siglos en personas y comunidades concretas, pertenecientes a diversos pueblos en todas las latitudes. El Santo Padre afirm\u00f3 que en un tiempo relativamente reciente \u201cJuan XXIII y Juan Pablo II tuvieron el valor de mirar las heridas de Jes\u00fas, de tocar sus manos llagadas y su costado traspasado. No se avergonzaron de la carne de Cristo, no se escandalizaron de \u00e9l, de su cruz; no se avergonzaron de la carne del hermano, porque en cada persona que sufr\u00eda ve\u00edan a Jes\u00fas. Fueron dos hombres valerosos, llenos de la parresia del Esp\u00edritu Santo, y dieron testimonio ante la Iglesia y el mundo de la bondad de Dios, de su misericordia\u201d.<br \/>\nAgradezco a Dios que durante el desarrollo de esta fiesta de la fe pude hacer memoria, interpretar y celebrar el evento como participante activo. Siendo ni\u00f1o escuch\u00e9 que el papa Juan XXIII hab\u00eda convocado al Concilio Ecum\u00e9nico Vaticano II y lo hab\u00eda iniciado. Luego fui conociendo y dimensionando la lucidez y magnanimidad de su gesto prof\u00e9tico que abri\u00f3 senderos para que la Iglesia Cat\u00f3lica se fuera renovando seg\u00fan la misi\u00f3n que le confiri\u00f3 su fundador. Las sendas que \u00e9l se\u00f1al\u00f3 vienen siendo recorridas e inspirando nuevas iniciativas.<br \/>\nEl inicio de mi servicio sacerdotal tuvo como referencia al Papa polaco. He podido recoger mucho de la irradiaci\u00f3n de su persona, de sus gestos y de sus ense\u00f1anzas. Supo animar una nueva evangelizaci\u00f3n atenta a la dignidad del hombre y de los pueblos en su caminar hist\u00f3rico signados por el incesante cambio de modos de vida y valoraciones. Visit\u00f3 incansablemente un centenar de pa\u00edses, entre ellos el nuestro. En 1987, en Buenos Aires, compart\u00ed con un buen n\u00famero de rafaelinos el inicio de las jornadas mundiales de la juventud que con tanto fruto se siguen organizando peri\u00f3dicamente.<br \/>\nEs muy sugerente la propuesta que el papa Francisco realiz\u00f3 ayer: \u201cJuan XXIII y Juan Pablo II colaboraron con el Esp\u00edritu Santo para restaurar y actualizar la Iglesia seg\u00fan su fisonom\u00eda originaria, la fisonom\u00eda que le dieron los santos a lo largo de los siglos. No olvidemos que son precisamente los santos quienes llevan adelante y hacen crecer la Iglesia\u201d.<\/p>\n<p>El autor es rector del Colegio Sacerdotal Argentino y de la Iglesia Nacional Argentina en Roma.<\/p>\n","protected":false},"excerpt":{"rendered":"<p>ROMA (Por Antonio Grande).- En la ma\u00f1ana de ayer pude participar de la fiesta del pueblo de Dios por la [&hellip;]<\/p>\n","protected":false},"author":2,"featured_media":0,"comment_status":"open","ping_status":"closed","sticky":false,"template":"","format":"standard","meta":{"site-sidebar-layout":"default","site-content-layout":"","ast-site-content-layout":"default","site-content-style":"default","site-sidebar-style":"default","ast-global-header-display":"","ast-banner-title-visibility":"","ast-main-header-display":"","ast-hfb-above-header-display":"","ast-hfb-below-header-display":"","ast-hfb-mobile-header-display":"","site-post-title":"","ast-breadcrumbs-content":"","ast-featured-img":"","footer-sml-layout":"","ast-disable-related-posts":"","theme-transparent-header-meta":"","adv-header-id-meta":"","stick-header-meta":"","header-above-stick-meta":"","header-main-stick-meta":"","header-below-stick-meta":"","astra-migrate-meta-layouts":"default","ast-page-background-enabled":"default","ast-page-background-meta":{"desktop":{"background-color":"var(--ast-global-color-4)","background-image":"","background-repeat":"repeat","background-position":"center center","background-size":"auto","background-attachment":"scroll","background-type":"","background-media":"","overlay-type":"","overlay-color":"","overlay-opacity":"","overlay-gradient":""},"tablet":{"background-color":"","background-image":"","background-repeat":"repeat","background-position":"center center","background-size":"auto","background-attachment":"scroll","background-type":"","background-media":"","overlay-type":"","overlay-color":"","overlay-opacity":"","overlay-gradient":""},"mobile":{"background-color":"","background-image":"","background-repeat":"repeat","background-position":"center center","background-size":"auto","background-attachment":"scroll","background-type":"","background-media":"","overlay-type":"","overlay-color":"","overlay-opacity":"","overlay-gradient":""}},"ast-content-background-meta":{"desktop":{"background-color":"var(--ast-global-color-5)","background-image":"","background-repeat":"repeat","background-position":"center center","background-size":"auto","background-attachment":"scroll","background-type":"","background-media":"","overlay-type":"","overlay-color":"","overlay-opacity":"","overlay-gradient":""},"tablet":{"background-color":"var(--ast-global-color-5)","background-image":"","background-repeat":"repeat","background-position":"center center","background-size":"auto","background-attachment":"scroll","background-type":"","background-media":"","overlay-type":"","overlay-color":"","overlay-opacity":"","overlay-gradient":""},"mobile":{"background-color":"var(--ast-global-color-5)","background-image":"","background-repeat":"repeat","background-position":"center center","background-size":"auto","background-attachment":"scroll","background-type":"","background-media":"","overlay-type":"","overlay-color":"","overlay-opacity":"","overlay-gradient":""}},"footnotes":""},"categories":[4,29],"tags":[5223],"class_list":["post-3637","post","type-post","status-publish","format-standard","hentry","category-cultura-y-sociedad","category-religion","tag-juan-xxiii-y-juan-pablo-ii"],"yoast_head":"<!-- This site is optimized with the Yoast SEO plugin v23.2 - https:\/\/yoast.com\/wordpress\/plugins\/seo\/ -->\n<title>Testimonio sobre las canonizaciones de Juan XXIII y Juan Pablo II - Sabado 100<\/title>\n<meta name=\"robots\" content=\"index, follow, max-snippet:-1, max-image-preview:large, max-video-preview:-1\" \/>\n<link rel=\"canonical\" href=\"https:\/\/sabado100.com.ar\/es-ar\/testimonio-sobre-las-canonizaciones-de-juan-xxiii-y-juan-pablo-ii\/\" \/>\n<meta property=\"og:locale\" content=\"es_ES\" \/>\n<meta property=\"og:type\" content=\"article\" \/>\n<meta property=\"og:title\" content=\"Testimonio sobre las canonizaciones de Juan XXIII y Juan Pablo II - Sabado 100\" \/>\n<meta property=\"og:description\" content=\"ROMA (Por Antonio Grande).- En la ma\u00f1ana de ayer pude participar de la fiesta del pueblo de Dios por la [&hellip;]\" \/>\n<meta property=\"og:url\" content=\"https:\/\/sabado100.com.ar\/es-ar\/testimonio-sobre-las-canonizaciones-de-juan-xxiii-y-juan-pablo-ii\/\" \/>\n<meta property=\"og:site_name\" content=\"Sabado 100\" \/>\n<meta property=\"article:publisher\" content=\"https:\/\/www.facebook.com\/sabadocien\/\" \/>\n<meta property=\"article:published_time\" content=\"2014-04-28T12:30:09+00:00\" \/>\n<meta name=\"author\" content=\"sabado cien\" \/>\n<meta name=\"twitter:card\" content=\"summary_large_image\" \/>\n<meta name=\"twitter:label1\" content=\"Escrito por\" \/>\n\t<meta name=\"twitter:data1\" content=\"sabado cien\" \/>\n\t<meta name=\"twitter:label2\" content=\"Tiempo de lectura\" \/>\n\t<meta name=\"twitter:data2\" content=\"3 minutos\" \/>\n<script type=\"application\/ld+json\" class=\"yoast-schema-graph\">{\"@context\":\"https:\/\/schema.org\",\"@graph\":[{\"@type\":\"Article\",\"@id\":\"https:\/\/sabado100.com.ar\/es-ar\/testimonio-sobre-las-canonizaciones-de-juan-xxiii-y-juan-pablo-ii\/#article\",\"isPartOf\":{\"@id\":\"https:\/\/sabado100.com.ar\/es-ar\/testimonio-sobre-las-canonizaciones-de-juan-xxiii-y-juan-pablo-ii\/\"},\"author\":{\"name\":\"sabado cien\",\"@id\":\"https:\/\/sabado100.com.ar\/es-ar\/#\/schema\/person\/58e38b918ef4e44b11398f25d4684c6d\"},\"headline\":\"Testimonio sobre las canonizaciones de Juan XXIII y Juan Pablo II\",\"datePublished\":\"2014-04-28T12:30:09+00:00\",\"dateModified\":\"2014-04-28T12:30:09+00:00\",\"mainEntityOfPage\":{\"@id\":\"https:\/\/sabado100.com.ar\/es-ar\/testimonio-sobre-las-canonizaciones-de-juan-xxiii-y-juan-pablo-ii\/\"},\"wordCount\":668,\"commentCount\":0,\"publisher\":{\"@id\":\"https:\/\/sabado100.com.ar\/es-ar\/#organization\"},\"keywords\":[\"Juan XXIII y Juan Pablo II\"],\"articleSection\":[\"Cultura y Sociedad\",\"Religi\u00f3n\"],\"inLanguage\":\"es\",\"potentialAction\":[{\"@type\":\"CommentAction\",\"name\":\"Comment\",\"target\":[\"https:\/\/sabado100.com.ar\/es-ar\/testimonio-sobre-las-canonizaciones-de-juan-xxiii-y-juan-pablo-ii\/#respond\"]}]},{\"@type\":\"WebPage\",\"@id\":\"https:\/\/sabado100.com.ar\/es-ar\/testimonio-sobre-las-canonizaciones-de-juan-xxiii-y-juan-pablo-ii\/\",\"url\":\"https:\/\/sabado100.com.ar\/es-ar\/testimonio-sobre-las-canonizaciones-de-juan-xxiii-y-juan-pablo-ii\/\",\"name\":\"Testimonio sobre las canonizaciones de Juan XXIII y Juan Pablo II - Sabado 100\",\"isPartOf\":{\"@id\":\"https:\/\/sabado100.com.ar\/es-ar\/#website\"},\"datePublished\":\"2014-04-28T12:30:09+00:00\",\"dateModified\":\"2014-04-28T12:30:09+00:00\",\"breadcrumb\":{\"@id\":\"https:\/\/sabado100.com.ar\/es-ar\/testimonio-sobre-las-canonizaciones-de-juan-xxiii-y-juan-pablo-ii\/#breadcrumb\"},\"inLanguage\":\"es\",\"potentialAction\":[{\"@type\":\"ReadAction\",\"target\":[\"https:\/\/sabado100.com.ar\/es-ar\/testimonio-sobre-las-canonizaciones-de-juan-xxiii-y-juan-pablo-ii\/\"]}]},{\"@type\":\"BreadcrumbList\",\"@id\":\"https:\/\/sabado100.com.ar\/es-ar\/testimonio-sobre-las-canonizaciones-de-juan-xxiii-y-juan-pablo-ii\/#breadcrumb\",\"itemListElement\":[{\"@type\":\"ListItem\",\"position\":1,\"name\":\"Portada\",\"item\":\"https:\/\/sabado100.com.ar\/es-ar\/\"},{\"@type\":\"ListItem\",\"position\":2,\"name\":\"Testimonio sobre las canonizaciones de Juan XXIII y Juan Pablo II\"}]},{\"@type\":\"WebSite\",\"@id\":\"https:\/\/sabado100.com.ar\/es-ar\/#website\",\"url\":\"https:\/\/sabado100.com.ar\/es-ar\/\",\"name\":\"Sabado 100\",\"description\":\"\",\"publisher\":{\"@id\":\"https:\/\/sabado100.com.ar\/es-ar\/#organization\"},\"potentialAction\":[{\"@type\":\"SearchAction\",\"target\":{\"@type\":\"EntryPoint\",\"urlTemplate\":\"https:\/\/sabado100.com.ar\/es-ar\/?s={search_term_string}\"},\"query-input\":\"required name=search_term_string\"}],\"inLanguage\":\"es\"},{\"@type\":\"Organization\",\"@id\":\"https:\/\/sabado100.com.ar\/es-ar\/#organization\",\"name\":\"Sabado 100\",\"url\":\"https:\/\/sabado100.com.ar\/es-ar\/\",\"logo\":{\"@type\":\"ImageObject\",\"inLanguage\":\"es\",\"@id\":\"https:\/\/sabado100.com.ar\/es-ar\/#\/schema\/logo\/image\/\",\"url\":\"https:\/\/sabado100.com.ar\/es-ar\/wp-content\/uploads\/2024\/04\/logo3.jpg\",\"contentUrl\":\"https:\/\/sabado100.com.ar\/es-ar\/wp-content\/uploads\/2024\/04\/logo3.jpg\",\"width\":300,\"height\":174,\"caption\":\"Sabado 100\"},\"image\":{\"@id\":\"https:\/\/sabado100.com.ar\/es-ar\/#\/schema\/logo\/image\/\"},\"sameAs\":[\"https:\/\/www.facebook.com\/sabadocien\/\",\"https:\/\/www.instagram.com\/sabado100.com.ar\/\",\"https:\/\/www.youtube.com\/@sabado1003\"]},{\"@type\":\"Person\",\"@id\":\"https:\/\/sabado100.com.ar\/es-ar\/#\/schema\/person\/58e38b918ef4e44b11398f25d4684c6d\",\"name\":\"sabado cien\",\"image\":{\"@type\":\"ImageObject\",\"inLanguage\":\"es\",\"@id\":\"https:\/\/sabado100.com.ar\/es-ar\/#\/schema\/person\/image\/\",\"url\":\"https:\/\/sabado100.com.ar\/es-ar\/wp-content\/litespeed\/avatar\/484bccfbd493fbb703b0f1b8113dad61.jpg?ver=1787731622\",\"contentUrl\":\"https:\/\/sabado100.com.ar\/es-ar\/wp-content\/litespeed\/avatar\/484bccfbd493fbb703b0f1b8113dad61.jpg?ver=1787731622\",\"caption\":\"sabado cien\"},\"url\":\"https:\/\/sabado100.com.ar\/es-ar\/author\/sabado100\/\"}]}<\/script>\n<!-- \/ Yoast SEO plugin. -->","yoast_head_json":{"title":"Testimonio sobre las canonizaciones de Juan XXIII y Juan Pablo II - Sabado 100","robots":{"index":"index","follow":"follow","max-snippet":"max-snippet:-1","max-image-preview":"max-image-preview:large","max-video-preview":"max-video-preview:-1"},"canonical":"https:\/\/sabado100.com.ar\/es-ar\/testimonio-sobre-las-canonizaciones-de-juan-xxiii-y-juan-pablo-ii\/","og_locale":"es_ES","og_type":"article","og_title":"Testimonio sobre las canonizaciones de Juan XXIII y Juan Pablo II - Sabado 100","og_description":"ROMA (Por Antonio Grande).- En la ma\u00f1ana de ayer pude participar de la fiesta del pueblo de Dios por la [&hellip;]","og_url":"https:\/\/sabado100.com.ar\/es-ar\/testimonio-sobre-las-canonizaciones-de-juan-xxiii-y-juan-pablo-ii\/","og_site_name":"Sabado 100","article_publisher":"https:\/\/www.facebook.com\/sabadocien\/","article_published_time":"2014-04-28T12:30:09+00:00","author":"sabado cien","twitter_card":"summary_large_image","twitter_misc":{"Escrito por":"sabado cien","Tiempo de lectura":"3 minutos"},"schema":{"@context":"https:\/\/schema.org","@graph":[{"@type":"Article","@id":"https:\/\/sabado100.com.ar\/es-ar\/testimonio-sobre-las-canonizaciones-de-juan-xxiii-y-juan-pablo-ii\/#article","isPartOf":{"@id":"https:\/\/sabado100.com.ar\/es-ar\/testimonio-sobre-las-canonizaciones-de-juan-xxiii-y-juan-pablo-ii\/"},"author":{"name":"sabado cien","@id":"https:\/\/sabado100.com.ar\/es-ar\/#\/schema\/person\/58e38b918ef4e44b11398f25d4684c6d"},"headline":"Testimonio sobre las canonizaciones de Juan XXIII y Juan Pablo II","datePublished":"2014-04-28T12:30:09+00:00","dateModified":"2014-04-28T12:30:09+00:00","mainEntityOfPage":{"@id":"https:\/\/sabado100.com.ar\/es-ar\/testimonio-sobre-las-canonizaciones-de-juan-xxiii-y-juan-pablo-ii\/"},"wordCount":668,"commentCount":0,"publisher":{"@id":"https:\/\/sabado100.com.ar\/es-ar\/#organization"},"keywords":["Juan XXIII y Juan Pablo II"],"articleSection":["Cultura y Sociedad","Religi\u00f3n"],"inLanguage":"es","potentialAction":[{"@type":"CommentAction","name":"Comment","target":["https:\/\/sabado100.com.ar\/es-ar\/testimonio-sobre-las-canonizaciones-de-juan-xxiii-y-juan-pablo-ii\/#respond"]}]},{"@type":"WebPage","@id":"https:\/\/sabado100.com.ar\/es-ar\/testimonio-sobre-las-canonizaciones-de-juan-xxiii-y-juan-pablo-ii\/","url":"https:\/\/sabado100.com.ar\/es-ar\/testimonio-sobre-las-canonizaciones-de-juan-xxiii-y-juan-pablo-ii\/","name":"Testimonio sobre las canonizaciones de Juan XXIII y Juan Pablo II - Sabado 100","isPartOf":{"@id":"https:\/\/sabado100.com.ar\/es-ar\/#website"},"datePublished":"2014-04-28T12:30:09+00:00","dateModified":"2014-04-28T12:30:09+00:00","breadcrumb":{"@id":"https:\/\/sabado100.com.ar\/es-ar\/testimonio-sobre-las-canonizaciones-de-juan-xxiii-y-juan-pablo-ii\/#breadcrumb"},"inLanguage":"es","potentialAction":[{"@type":"ReadAction","target":["https:\/\/sabado100.com.ar\/es-ar\/testimonio-sobre-las-canonizaciones-de-juan-xxiii-y-juan-pablo-ii\/"]}]},{"@type":"BreadcrumbList","@id":"https:\/\/sabado100.com.ar\/es-ar\/testimonio-sobre-las-canonizaciones-de-juan-xxiii-y-juan-pablo-ii\/#breadcrumb","itemListElement":[{"@type":"ListItem","position":1,"name":"Portada","item":"https:\/\/sabado100.com.ar\/es-ar\/"},{"@type":"ListItem","position":2,"name":"Testimonio sobre las canonizaciones de Juan XXIII y Juan Pablo II"}]},{"@type":"WebSite","@id":"https:\/\/sabado100.com.ar\/es-ar\/#website","url":"https:\/\/sabado100.com.ar\/es-ar\/","name":"Sabado 100","description":"","publisher":{"@id":"https:\/\/sabado100.com.ar\/es-ar\/#organization"},"potentialAction":[{"@type":"SearchAction","target":{"@type":"EntryPoint","urlTemplate":"https:\/\/sabado100.com.ar\/es-ar\/?s={search_term_string}"},"query-input":"required name=search_term_string"}],"inLanguage":"es"},{"@type":"Organization","@id":"https:\/\/sabado100.com.ar\/es-ar\/#organization","name":"Sabado 100","url":"https:\/\/sabado100.com.ar\/es-ar\/","logo":{"@type":"ImageObject","inLanguage":"es","@id":"https:\/\/sabado100.com.ar\/es-ar\/#\/schema\/logo\/image\/","url":"https:\/\/sabado100.com.ar\/es-ar\/wp-content\/uploads\/2024\/04\/logo3.jpg","contentUrl":"https:\/\/sabado100.com.ar\/es-ar\/wp-content\/uploads\/2024\/04\/logo3.jpg","width":300,"height":174,"caption":"Sabado 100"},"image":{"@id":"https:\/\/sabado100.com.ar\/es-ar\/#\/schema\/logo\/image\/"},"sameAs":["https:\/\/www.facebook.com\/sabadocien\/","https:\/\/www.instagram.com\/sabado100.com.ar\/","https:\/\/www.youtube.com\/@sabado1003"]},{"@type":"Person","@id":"https:\/\/sabado100.com.ar\/es-ar\/#\/schema\/person\/58e38b918ef4e44b11398f25d4684c6d","name":"sabado cien","image":{"@type":"ImageObject","inLanguage":"es","@id":"https:\/\/sabado100.com.ar\/es-ar\/#\/schema\/person\/image\/","url":"https:\/\/sabado100.com.ar\/es-ar\/wp-content\/litespeed\/avatar\/484bccfbd493fbb703b0f1b8113dad61.jpg?ver=1787731622","contentUrl":"https:\/\/sabado100.com.ar\/es-ar\/wp-content\/litespeed\/avatar\/484bccfbd493fbb703b0f1b8113dad61.jpg?ver=1787731622","caption":"sabado cien"},"url":"https:\/\/sabado100.com.ar\/es-ar\/author\/sabado100\/"}]}},"_links":{"self":[{"href":"https:\/\/sabado100.com.ar\/es-ar\/wp-json\/wp\/v2\/posts\/3637","targetHints":{"allow":["GET"]}}],"collection":[{"href":"https:\/\/sabado100.com.ar\/es-ar\/wp-json\/wp\/v2\/posts"}],"about":[{"href":"https:\/\/sabado100.com.ar\/es-ar\/wp-json\/wp\/v2\/types\/post"}],"author":[{"embeddable":true,"href":"https:\/\/sabado100.com.ar\/es-ar\/wp-json\/wp\/v2\/users\/2"}],"replies":[{"embeddable":true,"href":"https:\/\/sabado100.com.ar\/es-ar\/wp-json\/wp\/v2\/comments?post=3637"}],"version-history":[{"count":0,"href":"https:\/\/sabado100.com.ar\/es-ar\/wp-json\/wp\/v2\/posts\/3637\/revisions"}],"wp:attachment":[{"href":"https:\/\/sabado100.com.ar\/es-ar\/wp-json\/wp\/v2\/media?parent=3637"}],"wp:term":[{"taxonomy":"category","embeddable":true,"href":"https:\/\/sabado100.com.ar\/es-ar\/wp-json\/wp\/v2\/categories?post=3637"},{"taxonomy":"post_tag","embeddable":true,"href":"https:\/\/sabado100.com.ar\/es-ar\/wp-json\/wp\/v2\/tags?post=3637"}],"curies":[{"name":"wp","href":"https:\/\/api.w.org\/{rel}","templated":true}]}}