{"id":3625,"date":"2014-04-17T15:55:07","date_gmt":"2014-04-17T13:55:07","guid":{"rendered":"https:\/\/www.sabado100.com.ar\/?p=3625"},"modified":"2014-04-17T15:55:07","modified_gmt":"2014-04-17T13:55:07","slug":"la-cruz-que-llevamos-con-jesus-conduce-a-la-alegria-pascual-2","status":"publish","type":"post","link":"https:\/\/sabado100.com.ar\/es-ar\/la-cruz-que-llevamos-con-jesus-conduce-a-la-alegria-pascual-2\/","title":{"rendered":"La cruz que llevamos con Jes\u00fas conduce a la alegr\u00eda pascual"},"content":{"rendered":"<p>Mensaje del obispo Luis Fern\u00e1ndez al pueblo de Dios que peregrina en la Di\u00f3cesis de Rafaela. Queridos hermanos, la Cuaresma vivida ha sido una vez m\u00e1s, tiempo <em>propicio y favorable<\/em> para crecer en la confianza en el Dios de Jesucristo, tiempo en el que fuimos invitados a acompa\u00f1ar a Jes\u00fas sufriente, con la certeza de saber que asumiendo la Cruz de cada d\u00eda, caminamos\u00a0 hacia la Pascua. Ella es <em>Vida Plena y definitiva<\/em> en cuanto triunfo absoluto sobre el pecado y la muerte, y la \u00fanica capaz de darnos la respuesta \u00faltima de nuestra existencia. En efecto, en la Resurrecci\u00f3n de Jesucristo se hace actual la promesa de ser <em>felices de verdad<\/em>, para siempre, a pesar de recorrer caminos muchas veces escarpados.<\/p>\n<p>Quiero, con este primer mensaje llegar a ustedes, expresando, antes que nada una alabanza por los misterios que se entretejen y tienen por destinatario a cada uno de nosotros, sin excepci\u00f3n.<\/p>\n<p><em>\u00a0<\/em><\/p>\n<p><strong><em>La alegr\u00eda de la Pascua<\/em><\/strong><\/p>\n<p>2.- \u00bfC\u00f3mo no asombrarse y admirarse ante la misericordia del amor del Padre que tanto am\u00f3 al mundo y nos envi\u00f3 a su propio Hijo, el unig\u00e9nito, Jesucristo, quien padeci\u00f3, muri\u00f3 y resucit\u00f3 para rescatarnos del poder del pecado?<\/p>\n<p>\u00bfC\u00f3mo no sensibilizarnos ante la <em>ternura <\/em>y el<em> amor<\/em> de quien, pendiendo en la cruz, no s\u00f3lo nos hace part\u00edcipes de la Vida Nueva de los hijos de Dios, sino que nos da por madre a la sant\u00edsima Virgen Mar\u00eda?<\/p>\n<p>\u00bfC\u00f3mo no agradecer el Don del Esp\u00edritu que se derrama en nuestros corazones para clamar a Dios llam\u00e1ndolo Pap\u00e1 y reconocernos hijos en el Hijo?<\/p>\n<p>3. Deseo acercarme a cada uno de ustedes como hermano y amigo, con las manos abiertas para poder estrecharlas. Quiero llegar a los ni\u00f1os y a los ancianos, a los hermanos que construyendo la unidad profesamos al Se\u00f1or Jes\u00fas, a todos los sacerdotes y di\u00e1conos, a las religiosas y consagrados y a todos los hombres de buena voluntad que habitan esta querida porci\u00f3n del Pueblo de Dios y que trabajan para hacer de \u00e9ste un mundo m\u00e1s justo y solidario. \u00a0A todos llegue la <em>alegr\u00eda y la paz<\/em>.<\/p>\n<p>4.- Si Cristo ha resucitado nuestro mensaje no puede ser m\u00e1s que de <em>esperanza<\/em>. \u00c9l est\u00e1 <em>vivo <\/em>y nos llama a ser <em>hombres nuevos<\/em>, <em>fraternos<\/em> y <em>serviciales<\/em>. Hombres y mujeres que miran el futuro, no con resignaci\u00f3n y desconfianza, sino con serena alegr\u00eda a pesar de las dificultades que nos presenta nuestro tiempo. En efecto, a veces vivimos momentos <em>angustiantes <\/em>marcados por una <em>cultura individualista<\/em>, que suele arrastrarnos a la <em>tristeza y al encierro<\/em> en nosotros mismos. Este modo de vida, el cual quiere hacernos creer que todo es <em>relativo y ef\u00edmero,<\/em> s\u00f3lo nos ofrece caminos <em>intrascendentes <\/em>que nos dejan cada d\u00eda m\u00e1s <em>vac\u00edos<\/em>. Ellos nos anuncian que no vale la pena jugarse por algo o por alguien. Estas v\u00edas carecen de ideales, se presentan sin entusiasmo y anuncian que s\u00f3lo importa el <em>consumo material<\/em> como \u00fanica <em>meta o ideal de vida<\/em>. \u00a1Pero no es as\u00ed! Afirmo esto, tanto desde la <em>certeza de la fe<\/em>, como desde la experiencia pastoral misma.<\/p>\n<p>En efecto, desde mi llegada a la di\u00f3cesis de Rafaela como Pastor de este Pueblo a m\u00ed encomendado, me siento muy feliz. Estoy contento de trabajar junto a todos ustedes. En las visitas a las parroquias, ciudades y pueblos, he sido recibido con mucha cordialidad. Pero, adem\u00e1s, quedo sorprendido gratamente por el entusiasmo que hay en ustedes. S\u00ed, al ver tanta generosidad me siento animado a poner lo mejor de m\u00ed y a seguir recorriendo el camino iniciado hace m\u00e1s de cincuenta a\u00f1os. En esta Pascua, viviendo la grata sorpresa que nos ha regalado el Santo Padre Francisco al elegir a un hijo de esta di\u00f3cesis, el sacerdote Gustavo Montini, como sucesor de los Ap\u00f3stoles, \u00a0para servir a la hermana Iglesia de Roque S. Pe\u00f1a. C\u00f3mo no seguir confiando en la gu\u00eda trazada por hombres como Mons. Zaspe, Brasca y Romero, que gastaron su vida en esta tierra y nos ayudan desde la eternidad. S\u00e9 que ellos han podido caminar por esas sendas pues fueron acompa\u00f1ados por el clero y laicos generosos. \u00a1Demos gracias a Dios por todos ellos!<\/p>\n<p><strong><em>Les abro el coraz\u00f3n, compartiendo mis sentimientos<\/em><\/strong><\/p>\n<p>5.- Con pudor tengo que mencionar algunas cosas que hacen a mi mundo interior. Lo hago simplemente porque muchos se preguntar\u00e1n qu\u00e9 es lo que traigo como proyecto, qu\u00e9 tengo para ofrecer, por d\u00f3nde debemos seguir.<\/p>\n<p>Queridos amigos, no tengo otra cosa<em>, ni dinero, ni t\u00edtulos ni poder<\/em>; s\u00f3lo tengo para compartir lo que tiene la Iglesia: <em>a Jesucristo, su Vida, amor y<\/em> <em>entrega. <\/em><\/p>\n<p>6.- Vivir conforme a Jesucristo ha de ser nuestro proyecto, m\u00e1s all\u00e1 de todos los proyectos que como mediaciones implementemos en nuestra querida Di\u00f3cesis. Jes\u00fas es el Plan de Salvaci\u00f3n del Padre realizado en la historia de los hombres. Nuestro desaf\u00edo ser\u00e1 llevarlo a \u00c9l y a su mensaje no tanto con palabras bien sonantes, sino con nuestras vidas. Y, si la <strong>Misericordia <\/strong>es la expresi\u00f3n que m\u00e1s lo define, nuestro sentir, pensar y obrar han de ser <em>misericordiosos<\/em>. Tener el coraz\u00f3n de Jes\u00fas ha de ser nuestra especial invocaci\u00f3n al Padre. Tener sus sentimientos es lo que har\u00e1 cre\u00edble la Palabra que llevamos.<\/p>\n<p>7.- Los padres o abuelos \u201cgringos\u201d de la mayor\u00eda de ustedes han sido hombres de Fe que atravesaron un inmenso oc\u00e9ano en busca de trabajo, alimento y felicidad; trabajadores humildes y honestos que, desde tierras lejanas, vinieron a quedarse en estos lugares que pasar\u00edan a ser su nueva patria. As\u00ed, con esfuerzo y amor, cultivaron estas tierras para hacer de ellas un lugar donde valga la pena tener hijos y, cuando fuese el tiempo, dejar los huesos como testimonio del profundo arraigo. Ustedes, sus hijos y nietos recibieron la mejor herencia: junto con <em>la fe, el respeto<\/em> y reconocimiento de la <em>dignidad humana<\/em>. Pero esta <em>fe venida del otro lado<\/em> se <em>encontr\u00f3 en comuni\u00f3n con la ya existente<\/em>. Aquella que proven\u00eda de tantas <em>mujeres y hombres llamados originarios y criollos<\/em>, hombres buenos, mansos, solidarios y de gran ternura, quienes con coraz\u00f3n contemplativo y servicial se abr\u00edan no solo al Trascendente, \u00a0sino a todos sus hermanos. En este <em>mezclarse de culturas surgi\u00f3 este hermoso pueblo,<\/em> el cual sabe compartir la vida y celebrarla con alegr\u00eda. Sus bailes y sus rezos cantan las maravillas de Dios, tal como lo hizo la Virgencita de Guadalupe. Y, como el Cura Brochero, son capaces de dar la vida para construir una patria de hermanos con m\u00e1s justicia y equidad.<\/p>\n<p>Por tanto, el camino a seguir no es otro que el que ya vienen recorriendo en esta querida Di\u00f3cesis. De todos modos, vale la pena escuchar las indicaciones que marca el Papa Francisco a toda la Iglesia, para luego ver c\u00f3mo podemos <em>encarnarla <\/em>en nuestra realidad.<\/p>\n<p>&nbsp;<\/p>\n<p><strong><em>\u00a0Exhortaci\u00f3n Apost\u00f3lica \u201cLa alegr\u00eda del evangelio\u201d<\/em><\/strong><\/p>\n<p>8.- El Papa Francisco nos pide que, a partir de la experiencia liberadora de la Pascua de Cristo, vivamos en la <em>alegr\u00eda de evangelizar<\/em> sin que arraigue en nosotros la tristeza, la angustia, el abatimiento, la depresi\u00f3n, y tantas otras maneras de vac\u00edo interior.<\/p>\n<p>Estamos llamados a la <em>alegr\u00eda<\/em> que nos trajo el amanecer del Domingo de Pascua. La muerte ha sido vencida, por eso no nos puede dominar la tristeza o la angustia.<\/p>\n<p>9.-\u00a0 Muchas veces esta tristeza se nutre del <em>individualismo <\/em>generado por <em>miedos o inseguridades<\/em>, o algunas otras veces por una desmedida dedicaci\u00f3n a las nuevas t\u00e9cnicas que brindan la ilusi\u00f3n de estar m\u00e1s comunicados. En efecto, si bien podemos <em>conectarnos m\u00e1s,<\/em> esto no siempre significa <em>verdadera comuni\u00f3n.<\/em> Y, en no pocas ocasiones olvidamos el <em>di\u00e1logo en familia<\/em>, o el poder hablar <em>cara a cara con nuestros amigos<\/em>, o incluso con aquellas personas con las cuales compartimos el d\u00eda a d\u00eda y que suelen sentirse muy solas, como es el <em>caso de muchos ancianos<\/em>, o <em>hijos que<\/em> <em>extra\u00f1an la ternura de sus padres<\/em>.<\/p>\n<p>10.-\u00a0 Nuestro coraz\u00f3n, nacido en la Pascua, no est\u00e1 hecho para permanecer <em>avaro, c\u00f3modo y encerrado en sus placeres enfermizos<\/em>. No fuimos hechos para vivir <em>quejosos, enojados y enfrentados<\/em> con los dem\u00e1s, no escuchando la voz de Dios, ni la de los <em>familiares y amigos<\/em>. Estamos hechos a su <em>imagen y a su semejanza<\/em> para vivir sabi\u00e9ndonos <em>amados por Dios<\/em>, <em>compartiendo con los hermanos<\/em>, dej\u00e1ndonos <em>encontrar por Cristo<\/em>, a quien con cari\u00f1o le expresamos: <em>te necesito, no puedo vivir sin vos<\/em>. <em>El Se\u00f1or sale<\/em> <em>a nuestro encuentro y nos carga sobre sus hombros<\/em>. \u00c9l nos devuelve la alegr\u00eda de vivir sabi\u00e9ndonos hermanos. Nos abraza con la ternura de una madre-padre que ama profundamente. Somos sus hijos de verdad. Somos el \u00a0fruto del amor del Padre. Esto es lo que en cada Pascua Jesucristo actualiza. \u00c9l entrega su vida a fin de mostrarnos hasta qu\u00e9 extremo nos ama.<\/p>\n<p>11.- Jes\u00fas nos espera con los brazos abiertos. <em>\u00c9l no se cansa de perdonar.<\/em> <em>Somos nosotros los que a veces nos cansamos de seguir confiando en \u00c9l.<\/em> Como el \u201chijo pr\u00f3digo\u201d tenemos que reconocer nuestro pecado, levantar la cabeza y volver a \u00c9l, sabiendo que es la mejor manera de recuperar la verdadera dignidad humana. Esta dignidad no nos la puede dar ni el <em>dinero<\/em>, ni el poder de la <em>droga<\/em>, ni el poder de las <em>armas<\/em> o de la <em>violencia<\/em>, ni un cargo o un t\u00edtulo logrado. Esta dignidad s\u00f3lo se obtiene con una <em>vida sencilla, pobre y humilde; con una vida abierta a Dios y al servicio de los hermanos<\/em>. Se obtiene cuando, con serenidad de esp\u00edritu, optamos por una vida <em>en comuni\u00f3n<\/em> con deseos de buscar siempre el bien de toda la humanidad. Cuando tenemos <em>pasi\u00f3n por la verdad<\/em> y actuamos con <strong><em>misericordia<\/em><\/strong><em>.<\/em> Hermanos, \u00e9ste es el estilo de Jes\u00fas, es la vida del Dios verdadero, es la verdadera vida humana manifestada en Jesucristo.<\/p>\n<p>12.-\u00a0 El Se\u00f1or no nos desilusion\u00f3, sino que nos llen\u00f3 de \u00a0<em>alegr\u00eda.<\/em> Esta alegr\u00eda la experimentaron los disc\u00edpulos cuando vieron con Vida al mismo que contemplaron muerto en la Cruz. <em>No huyamos de la Resurrecci\u00f3n<\/em>. No nos quedemos s\u00f3lo en la Cruz. \u00a1\u00c9l ha vencido a la muerte! En la noche de Pascua brilla la Luz del Cirio, el cual victorioso rompe la oscuridad de la noche de la vida. Hay, tanto en Cristo como en nosotros, una <em>Vida Plena<\/em>. Esta Vida es la que estamos llamados a anunciar, en primer lugar, porque la vivimos. De eso se trata: no anunciamos algo <em>le\u00eddo en los libros<\/em>, o algo que <em>nos contaron<\/em>, sino que anunciamos <em>lo que hemos visto y o\u00eddo<\/em> (Cfr. 1 Jn. 1,1). Es la victoria de la vida sobre la muerte, s\u00ed, es cierto, \u00a1Cristo ha Resucitado!<\/p>\n<p>13.- Nos dice el Papa Francisco que las maneras m\u00e1s variadas de la alegr\u00eda humana <em>\u201cbeben en la fuente del amor, siempre m\u00e1s grande de Dios, que se nos manifest\u00f3 en Jesucristo\u201d<\/em> (EG, 7). Por eso, <em>ser cristiano<\/em> no consiste en afirmar una idea o una ense\u00f1anza, sino que supone <em>encontrarnos<\/em> con una persona que da un nuevo horizonte a nuestras vidas. Supone el encuentro con <em>alguien<\/em> que nos lleva a una <em>decisi\u00f3n<\/em> para toda la vida. Solo la vida de Jes\u00fas es capaz de <em>sacarnos del aburrimiento y de nuestros aislamientos<\/em> para llevarnos a tener <em>ganas de vivir.<\/em> \u00c9l nos lleva a realizarnos como personas plenas, rescat\u00e1ndonos de nuestras esclavitudes y devolvi\u00e9ndonos el sentido de nuestra existencia, poniendo en nosotros el anhelo de transmitirlo, de llevarlo a los dem\u00e1s. Sabemos que la vida y la alegr\u00eda pueden debilitarse a lo largo del tiempo e incluso pueden desaparecer o transformarse en tristeza y muerte. Esto ocurre cuando nos las <em>guardamos<\/em> para nosotros solos, <em>encerr\u00e1ndolas, aisl\u00e1ndolas, reteni\u00e9ndolas<\/em>. De este modo perderemos la alegr\u00eda de vivir, y nos quedaremos vac\u00edos, <em>hechos para la nada<\/em>, de la cual Dios nos ha sacado d\u00e1ndonos la vida Plena.<\/p>\n<p>En cambio, si <em>entregamos la vida sirviendo a los dem\u00e1s<\/em> tal como lo hizo Jes\u00fas, la tendremos y acrecentaremos para siempre. Cuanto m\u00e1s compartimos, m\u00e1s gozaremos y seremos felices. \u201cLa vida se acrecienta, d\u00e1ndola y se debilita en el aislamiento\u201d (EG, 10).<\/p>\n<p>En nuestras comunidades, de hecho, los que m\u00e1s disfrutan de la vida son los que dejan la seguridad de la orilla y, adentr\u00e1ndose en la profundidad de los mares, se apasionan en la misi\u00f3n de llevar vida a los dem\u00e1s.<\/p>\n<p>14.-\u00a0 La vida \u2013 en estas tierras lo saben bien \u2013 s\u00f3lo alcanza su madurez cuando el grano que cae en tierra muere. La Buena Noticia se transmite, no a trav\u00e9s <em>de evangelizadores tristes, desalentados, impacientes o ansiosos<\/em>, que tratan de imponer sus principios, por m\u00e1s santos que estos sean.<\/p>\n<p>Los disc\u00edpulos de Jes\u00fas son hombres y mujeres con <em>ardor misionero<\/em>. Ellos siguen respondiendo a la <em>hermosa aventura de comunicar la vida<\/em> que primero han experimentado en su propia existencia y que los ha transformado en <em>testigos valientes<\/em> de un evangelio que no pueden callar. Ellos, con <em>su sencillez y humildad<\/em> invitan a todos a compartir este tesoro que no quieren guardar ni retener para ellos solos.<\/p>\n<p>15.- Sabemos que la evangelizaci\u00f3n no es cosa nuestra. Esta tarea no consiste en <em>hero\u00edsmos o protagonismos personales<\/em>. Somos conscientes que <em>la obra, ante todo, siempre es de Dios.<\/em> Jes\u00fas es el primero y el m\u00e1s grande evangelizador. \u00c9l nos <em>primerea<\/em> (Cfr. EG, 24), dice Francisco, nos llama a colaborar con \u00c9l y nos da la fuerza del Esp\u00edritu. No transmitimos una novedad nuestra. Si as\u00ed fuese, esto cansar\u00eda, hastiar\u00eda, como ocurre con tantas novedades que ofrecen las mujeres y hombres de este tiempo. La novedad que nosotros llevamos es la que Dios mismo quiere producir misteriosamente.Ella no es fantasiosa, <em>un simple encandilamiento pasajero<\/em>, sino que consiste en una Vida Nueva inspirada por el Esp\u00edritu que provoca, orienta y nos da fuerza para caminar,\u00a0 llev\u00e1ndonos a aguas puras y pastos abundantes. <em>La iniciativa es siempre de Dios<\/em>. \u00c9l camina como Buen Pastor, a veces va adelante guiando, a veces en el medio, porque es \u00a0parte del reba\u00f1o y tambi\u00e9n, en otras ocasiones, camina detr\u00e1s porque sabe que sus ovejas poseen un buen olfato como para intuir d\u00f3nde est\u00e1n las fuentes de salvaci\u00f3n.<\/p>\n<p>16.-\u00a0 S\u00ed, \u00c9l <em>\u201cnos am\u00f3 primero\u201d<\/em> (1 Jn 4,19), es <em>\u00c9l quien hace crecer <\/em>(1 Cor 3,7). Esta convicci\u00f3n nos permite conservar la alegr\u00eda en medio de una tarea exigente y desafiante que toma por entero nuestra vida <em>pidi\u00e9ndonos todo.<\/em> Pero, al mismo tiempo, quien nos convoca a semejante misi\u00f3n nos <em>ofrece todo<\/em>. Por eso, no podemos ser testigos tristes, ni tampoco podemos ir aislados <em>cada uno en la suya<\/em>, pues es una tarea en com\u00fan. No creamos que todo depende de nosotros, ni nos enojemos si nuestras ideas, proyectos, o m\u00e9todos que proponemos no salen como hemos esperado. Tengamos <em>siempre la humildad de Jes\u00fas, que siendo grande se hizo peque\u00f1o, siendo rico se hizo pobre, y siendo el primero se hizo el \u00faltimo de todos.<\/em> Como \u00c9l, confiemos estar siempre <em>en las manos del Padre<\/em>, sobretodo cuando aparecen las cruces de nuestras enfermedades, debilidades y derrotas que tambi\u00e9n llevan vida.<\/p>\n<p>17.-\u00a0 Hermanos, lo m\u00e1s grande de Dios, lo que nos tiene que impactar, antes que nada, es su <strong>Misericordia<\/strong> (Cfr. EG, 37). Me gusta tanto mirar los signos que el Papa Francisco ense\u00f1a con su vida: no son principalmente palabras, sino <em>gestos que hablan tanto o m\u00e1s que las palabras<\/em>. \u00a1C\u00f3mo admiran al mundo sus <em>gestos de ternura<\/em> hacia los enfermos, los ni\u00f1os, los ancianos! <em>El Pueblo de Dios sabe reconocer en esos gestos las caricias de un Dios cercano para con su Pueblo. \u00a0<\/em><\/p>\n<p><strong><em>No dejemos de so\u00f1ar la vida de Dios<\/em><\/strong><\/p>\n<p>18.- Hermanos, no dejemos de so\u00f1ar un futuro lleno de la Vida de Dios, un futuro hecho desde la\u00a0 Pascua de Jes\u00fas. Que no nos inquieten ni desalienten las guerras violentas y las cat\u00e1strofes, miremos de frente la Pascua de Cristo para que sea esta realidad la que nos anime a caminar como hermanos.<\/p>\n<p>19.- Nos dice el Papa Francisco que <em>la Iglesia est\u00e1 llamada a ser <\/em>siempre la <em>casa \u00a0abierta del Padre<\/em>. Uno de los signos concretos de esa apertura es tener templos con las <em>puertas abiertas, <\/em>\u00a0en <em>todas partes<\/em>. Claro que esta apertura de puertas ha de ser un signo de una apertura mucho m\u00e1s profunda. Me refiero a <em>abrir<\/em> las puertas de <em>nuestro coraz\u00f3n<\/em> individual y de <em>nuestras comunidades<\/em> para que todos puedan <em>participar<\/em>, pues todos son convocados a integrarlas y enriquecerlas con los dones recibidos del Padre.<\/p>\n<p>20.- La Iglesia no es un espacio para <em>los perfectos<\/em>, sino un lugar de <strong>misericordia<\/strong>, de <em>encuentro<\/em>. Al respecto nos pide Francisco: <em>\u201cno ser controladores, sino facilitadores\u2026 la Iglesia no es una aduana, es la casa paterna donde hay lugar para cada uno con su vida a cuestas\u201d <\/em>(EG, 47).<\/p>\n<p>21.- Sigamos privilegiando, tal como lo hizo Jes\u00fas y nos remarca el Papa Francisco, a los m\u00e1s <em>pobres y enfermos<\/em>, a esos que suelen ser <em>descartados <\/em>de la sociedad, los <em>despreciados y olvidados<\/em>. Qu\u00e9 hermoso en este sentido el tradicional ya, en nuestra di\u00f3cesis, <em>Gesto solidario\u00a0 de Cuaresma,<\/em> que cada a\u00f1o nos propone C\u00e1ritas diocesana. Vayamos en b\u00fasqueda, principalmente, de los que no pueden recompensarnos con nada, de aquellos que son <em>valiosos a los ojos de Dios<\/em>, los que no son los protagonistas de nuestra sociedad. A ellos especialmente ha de estar destinada esta evangelizaci\u00f3n de la <strong>Misericordia<\/strong>.<\/p>\n<p>22.- Junto con el Papa optamos por una <em>Iglesia accidentada<\/em>, <em>herida y<\/em> <em>manchada<\/em> por <em>salir a la calle<\/em>, antes que una Iglesia que enferma por quedarse encerrada y confortablemente aferrada a sus propias seguridades.<\/p>\n<p>No tengamos miedo a equivocarnos \u2013 dice Francisco \u2013 sino a quedar <em>encerrados en las estructuras<\/em> que nos dan una falsa contenci\u00f3n. Tampoco <em>las normas pueden ser nuestra seguridad<\/em>, pues podemos <em>volvernos jueces<\/em> <em>implacables<\/em>. <em>Ni siquiera pongamos nuestra solidez en las costumbres<\/em>, pues <em>ellas simplemente nos tranquilizan<\/em>, mientras <em>afuera hay una multitud<\/em> <em>hambrienta<\/em>. Jes\u00fas nos repite sin cansarse: <em>\u201cdenles ustedes de comer\u201d<\/em> (Mc. 6,37; \u00a0Cfr. EG, 49).<\/p>\n<p>23.- So\u00f1emos, hermanos, trabajemos por una sociedad <em>sin excluidos<\/em>, una sociedad donde <em>no haya ni una familia sin vivienda<\/em>, donde cada cual pueda ganarse el pan con el <em>sudor de la frente<\/em> sin <em>vivir de arriba<\/em>; una sociedad <em>donde los ni\u00f1os puedan tener un plan de salud y un estudio digno<\/em>; una sociedad donde <em>los ancianos no sean abandonados<\/em>, ni haya gente en <em>situaci\u00f3n de calle; una sociedad donde no exista \u201cla trata\u201d, ni quienes \u2013 por la droga \u2013 arrebaten la vida de nuestros j\u00f3venes.<\/em><\/p>\n<p>So\u00f1emos con una vida que se puede compartir en la <em>austeridad y la<\/em> <em>sencillez, donde no se idolatra el dinero ni el consumo es el ideal, donde se valora el esfuerzo y el sacrificio, donde todos puedan acceder a una vida digna, y la posibilidad de progresar no sea para unos pocos<\/em>. Una vida en la cual se valore la <em>sabidur\u00eda de los ancianos<\/em>, <em>se respete la vida desde la<\/em> <em>concepci\u00f3n y en todas sus etapas, y se conceda m\u00e1s protagonismo a los j\u00f3venes<\/em>. So\u00f1emos con un mundo \u2013 y trabajemos por ello \u2013 donde se pueda <em>acceder a la verdad en la informaci\u00f3n, sin competencias y enfrentamientos desleales que terminan desvirtuando la misma realidad.<\/em><\/p>\n<p>24.- Hermanos, estamos llamados a acompa\u00f1ar, <em>cuidar y fortalecer<\/em> la <em>riqueza que ya existe en la cultura de nuestros pueblos<\/em>: tanto <em>riquezas de la<\/em> <em>fe, como riquezas humanas, naturales y materiales<\/em>. Ellas siguen siendo motivo de asombro, y encuentran su expresi\u00f3n agradecida en la <em>piedad popular<\/em>, manifestada en m\u00faltiples <em>celebraciones religiosas<\/em>. Estas celebraciones, centradas en <em>Cristo Crucificado<\/em> y en la devoci\u00f3n por la <em>Virgen Mar\u00eda<\/em> (tal como se da entre nosotros con el particular amor por la Guadalupana, patrona de la di\u00f3cesis de Rafaela), as\u00ed como en la de los santos y beatos al estilo del &lt;&lt;Cura Brochero&gt;&gt;, son un regocijo para nuestros corazones.<\/p>\n<p>25.- Estamos llamados a vivir como <em>Pueblo de Dios,<\/em> por eso superamos en nuestras comunidades, <em>guerras, envidias, celos, luchas de poder<\/em>, <em>prestigios que dejan de lado a los dem\u00e1s<\/em> o nos hacen sentir m\u00e1s que los <em>otros.<\/em> Queremos vivir una pertenencia <em>cordial a la Iglesia<\/em>, para eliminar todo esp\u00edritu de <em>internas<\/em>. La diversidad nos enriquece, y lo diferente \u2013 cuando es mirado desde Dios \u2013 nos llama a no quedarnos en nuestros <em>ego\u00edsmos.<\/em><\/p>\n<p>Francisco, al poco tiempo de asumir como Pont\u00edfice, nos ped\u00eda a los argentinos saber <em>cuidarnos entre nosotros<\/em>, no <em>sacarnos el cuero<\/em>; por el contrario, ser <em>testigos<\/em> de la <em>comuni\u00f3n fraterna<\/em>. Que los dem\u00e1s se puedan admirar, de c\u00f3mo <em>nos queremos<\/em>, c\u00f3mo <em>nos damos aliento<\/em> unos a otros, c\u00f3mo <em>nos acompa\u00f1amos<\/em> (cfr. Jn. 13,35).<\/p>\n<p>26.- Los Laicos, que son la mayor\u00eda del Pueblo de Dios, sepan que los ministros ordenados estamos al <em>servicio <\/em>de ustedes para que puedan crecer en el compromiso de la caridad, de la catequesis y participando activamente en las celebraciones de la fe; para que puedan estar presentes en las realidades temporales, en especial en la vocaci\u00f3n primera y fundamental de la <em>vida familiar<\/em>, en los ambientes <em>del trabajo,<\/em> en <em>el barrio<\/em> y en <em>toda actividad social y cultural<\/em> para hacer un mundo m\u00e1s justo, gozoso, y as\u00ed puedan llevar con alegr\u00eda la responsabilidad laical nacida en el Bautismo.<\/p>\n<p>27.-\u00a0 Roguemos al Buen Pastor para que muchos j\u00f3venes sigan encontrando en el <em>seguimiento de Jes\u00fas<\/em>, el regalo m\u00e1s grande de sus vidas, y puedan as\u00ed responder con <em>prontitud y generosidad<\/em> a su llamado. En este sentido llevo todav\u00eda grabado en mi coraz\u00f3n la hermosa experiencia que he vivido junto a muchos j\u00f3venes, en el Retiro Espiritual de Cuaresma, organizado por la Pastoral Juvenil.<\/p>\n<p>Todos sin distinci\u00f3n y desde el Bautismo <em>somos,<\/em> y no por un rato o para alguna misi\u00f3n, sino siempre: <em>disc\u00edpulos misioneros. <\/em>En cada uno act\u00faa la fuerza santificadora del Esp\u00edritu que nos impulsa a evangelizar.<\/p>\n<p>28.- Nos dice el Papa Francisco: \u201cCada uno de los Bautizados, cualquiera que sea su participaci\u00f3n en la Iglesia, y el grado de ilustraci\u00f3n de su fe, es un\u00a0 agente evangelizador, y ser\u00eda inadecuado, pensar en un esquema de evangelizaci\u00f3n, llevado adelante solo por actores calificados, donde el resto del pueblo fiel sea s\u00f3lo receptivo de sus acciones. La nueva evangelizaci\u00f3n debe implicar un nuevo protagonismo de cada uno de los bautizados. Esta convicci\u00f3n se convierte en un llamado dirigido a cada cristiano, para que nadie postergue su compromiso con la evangelizaci\u00f3n, pues si uno de verdad ha hecho experiencia del amor de Dios que lo salva, no necesita mucho tiempo de preparaci\u00f3n para salir a anunciarlo, no puede esperar que le den muchos cursos o largas instrucciones. Todo cristiano es misionero en la medida que se ha encontrado con el amor de Dios en Cristo Jes\u00fas (\u2026) Si no nos convencemos, miremos a los primeros disc\u00edpulos, quienes inmediatamente despu\u00e9s de conocer la mirada de Jes\u00fas, sal\u00edan a proclamarlo gozosos: \u00abHemos encontrado al Mes\u00edas\u00bb (Jn 1,41)\u201d. ( Cfr. EG, 120)<\/p>\n<p>&nbsp;<\/p>\n<p><strong><em>Sigamos caminando y celebrando \u00a0la Asamblea Diocesana<\/em><\/strong><\/p>\n<p>29.- Siempre animados por la fuerza del Esp\u00edritu, hoy en el 2014, queremos seguir caminando como <em>Pueblo de Dios. <\/em><\/p>\n<p>El a\u00f1o pasado, se trabaj\u00f3 en las comunidades <strong><em>mirando la realidad<\/em><\/strong> y ustedes, en comuni\u00f3n (Parroquias, Decanatos, Pastorales Diocesanas, Deplai, etc.), \u00a0fueron enumerando las principales <em>realidades <\/em>que vive la gente, y que se transforman para la di\u00f3cesis en <em>desaf\u00edos pastorales<\/em>. Ahora continuamos este <strong><em>camino<\/em><\/strong> dando un paso importante que es \u00a0<strong><em>iluminar <\/em><\/strong>los hechos m\u00e1s <em>significativos<\/em> de ese marco de la <em>realidad.<\/em><\/p>\n<p>30.- El rico aporte que nos viene regalando el Papa Francisco con sus <em>gestos <\/em>elocuentes, su <em>palabra<\/em> orientadora en la exhortaci\u00f3n apost\u00f3lica <strong><em>\u00abLa<\/em><\/strong> <strong><em>alegr\u00eda del evangelio\u00bb,<\/em><\/strong> el <em>Documento de Aparecida, y el presente mensaje<\/em>, \u00a0tienen como finalidad dar ese <em>marco doctrinal,<\/em> sum\u00e1ndose al trabajo iniciado por ustedes.<\/p>\n<p>31.-\u00a0 Hoy, en el comienzo de las actividades parroquiales y continuando el <em>estado de asamblea<\/em> que se viene viviendo en la di\u00f3cesis, las comunidades, movimientos, colegios y grupos<strong>, recibir\u00e1n un nuevo material<\/strong> (dos folletos) que desde el Consejo Diocesano de Pastoral les vamos a ir acercando en los pr\u00f3ximos meses, para que ustedes \u2013 luego de <strong><em>reflexionarlos y trabajarlos<\/em><\/strong> parroquial y decanalmente \u2013 nos los puedan remitir, para elaborar el <strong><em>diagnostico pastoral<\/em><\/strong> como comunidad diocesana. \u00a0\u00a0\u00a0As\u00ed, Dios mediante, en el a\u00f1o 2015, en este clima de Asamblea, <strong>delinear juntos el camino pastoral<\/strong> \u00a0del pr\u00f3ximo tiempo diocesano a recorrer, siempre en <em>comuni\u00f3n con toda la Iglesia.<\/em><\/p>\n<p>32.- Queridos hermanos todos en El Se\u00f1or Resucitado, el estado de <em>Asamblea<\/em> es un proceso largo y tiene lo maravilloso de ser <em>participado<\/em> por todo el <em>Pueblo de Dios<\/em>; es a \u00e9ste, <em>\u00absu Pueblo\u00bb, <\/em>que Dios habla como siempre lo hizo a lo largo de la historia. \u00a1Ojala escuchemos hoy la voz de Dios! (Cfr Sal 94), para ir en b\u00fasqueda de muchos hermanos que esperan que alguien les tienda una mano, que les anuncie que la vida tiene sentido, que vale la pena vivir.<\/p>\n<p>Vayamos y anunciemos <em>que haber conocido a Jes\u00fas<\/em>, \u201ces lo mejor que nos ha ocurrido en la vida\u201d (Aparecida, 32). Vamos de la mano de nuestra Madre, la Virgen de Guadalupe y al estilo del beato \u201cCura Brochero\u201d, gastando la vida para que todos, tengan Vida Plena.<\/p>\n<p>Felices Pascuas.<\/p>\n","protected":false},"excerpt":{"rendered":"<p>Mensaje del obispo Luis Fern\u00e1ndez al pueblo de Dios que peregrina en la Di\u00f3cesis de Rafaela. Queridos hermanos, la Cuaresma [&hellip;]<\/p>\n","protected":false},"author":2,"featured_media":0,"comment_status":"open","ping_status":"closed","sticky":false,"template":"","format":"standard","meta":{"site-sidebar-layout":"default","site-content-layout":"","ast-site-content-layout":"default","site-content-style":"default","site-sidebar-style":"default","ast-global-header-display":"","ast-banner-title-visibility":"","ast-main-header-display":"","ast-hfb-above-header-display":"","ast-hfb-below-header-display":"","ast-hfb-mobile-header-display":"","site-post-title":"","ast-breadcrumbs-content":"","ast-featured-img":"","footer-sml-layout":"","ast-disable-related-posts":"","theme-transparent-header-meta":"","adv-header-id-meta":"","stick-header-meta":"","header-above-stick-meta":"","header-main-stick-meta":"","header-below-stick-meta":"","astra-migrate-meta-layouts":"default","ast-page-background-enabled":"default","ast-page-background-meta":{"desktop":{"background-color":"var(--ast-global-color-4)","background-image":"","background-repeat":"repeat","background-position":"center center","background-size":"auto","background-attachment":"scroll","background-type":"","background-media":"","overlay-type":"","overlay-color":"","overlay-opacity":"","overlay-gradient":""},"tablet":{"background-color":"","background-image":"","background-repeat":"repeat","background-position":"center center","background-size":"auto","background-attachment":"scroll","background-type":"","background-media":"","overlay-type":"","overlay-color":"","overlay-opacity":"","overlay-gradient":""},"mobile":{"background-color":"","background-image":"","background-repeat":"repeat","background-position":"center center","background-size":"auto","background-attachment":"scroll","background-type":"","background-media":"","overlay-type":"","overlay-color":"","overlay-opacity":"","overlay-gradient":""}},"ast-content-background-meta":{"desktop":{"background-color":"var(--ast-global-color-5)","background-image":"","background-repeat":"repeat","background-position":"center center","background-size":"auto","background-attachment":"scroll","background-type":"","background-media":"","overlay-type":"","overlay-color":"","overlay-opacity":"","overlay-gradient":""},"tablet":{"background-color":"var(--ast-global-color-5)","background-image":"","background-repeat":"repeat","background-position":"center center","background-size":"auto","background-attachment":"scroll","background-type":"","background-media":"","overlay-type":"","overlay-color":"","overlay-opacity":"","overlay-gradient":""},"mobile":{"background-color":"var(--ast-global-color-5)","background-image":"","background-repeat":"repeat","background-position":"center center","background-size":"auto","background-attachment":"scroll","background-type":"","background-media":"","overlay-type":"","overlay-color":"","overlay-opacity":"","overlay-gradient":""}},"footnotes":""},"categories":[29],"tags":[5219],"class_list":["post-3625","post","type-post","status-publish","format-standard","hentry","category-religion","tag-mensaje-pascual-del-obispo-fernandez"],"yoast_head":"<!-- This site is optimized with the Yoast SEO plugin v23.2 - https:\/\/yoast.com\/wordpress\/plugins\/seo\/ -->\n<title>La cruz que llevamos con Jes\u00fas conduce a la alegr\u00eda pascual - Sabado 100<\/title>\n<meta name=\"robots\" content=\"index, follow, max-snippet:-1, max-image-preview:large, max-video-preview:-1\" \/>\n<link rel=\"canonical\" href=\"https:\/\/sabado100.com.ar\/es-ar\/la-cruz-que-llevamos-con-jesus-conduce-a-la-alegria-pascual-2\/\" \/>\n<meta property=\"og:locale\" content=\"es_ES\" \/>\n<meta property=\"og:type\" content=\"article\" \/>\n<meta property=\"og:title\" content=\"La cruz que llevamos con Jes\u00fas conduce a la alegr\u00eda pascual - Sabado 100\" \/>\n<meta property=\"og:description\" content=\"Mensaje del obispo Luis Fern\u00e1ndez al pueblo de Dios que peregrina en la Di\u00f3cesis de Rafaela. Queridos hermanos, la Cuaresma [&hellip;]\" \/>\n<meta property=\"og:url\" content=\"https:\/\/sabado100.com.ar\/es-ar\/la-cruz-que-llevamos-con-jesus-conduce-a-la-alegria-pascual-2\/\" \/>\n<meta property=\"og:site_name\" content=\"Sabado 100\" \/>\n<meta property=\"article:publisher\" content=\"https:\/\/www.facebook.com\/sabadocien\/\" \/>\n<meta property=\"article:published_time\" content=\"2014-04-17T13:55:07+00:00\" \/>\n<meta name=\"author\" content=\"sabado cien\" \/>\n<meta name=\"twitter:card\" content=\"summary_large_image\" \/>\n<meta name=\"twitter:label1\" content=\"Escrito por\" \/>\n\t<meta name=\"twitter:data1\" content=\"sabado cien\" \/>\n\t<meta name=\"twitter:label2\" content=\"Tiempo de lectura\" \/>\n\t<meta name=\"twitter:data2\" content=\"22 minutos\" \/>\n<script type=\"application\/ld+json\" class=\"yoast-schema-graph\">{\"@context\":\"https:\/\/schema.org\",\"@graph\":[{\"@type\":\"Article\",\"@id\":\"https:\/\/sabado100.com.ar\/es-ar\/la-cruz-que-llevamos-con-jesus-conduce-a-la-alegria-pascual-2\/#article\",\"isPartOf\":{\"@id\":\"https:\/\/sabado100.com.ar\/es-ar\/la-cruz-que-llevamos-con-jesus-conduce-a-la-alegria-pascual-2\/\"},\"author\":{\"name\":\"sabado cien\",\"@id\":\"https:\/\/sabado100.com.ar\/es-ar\/#\/schema\/person\/58e38b918ef4e44b11398f25d4684c6d\"},\"headline\":\"La cruz que llevamos con Jes\u00fas conduce a la alegr\u00eda pascual\",\"datePublished\":\"2014-04-17T13:55:07+00:00\",\"dateModified\":\"2014-04-17T13:55:07+00:00\",\"mainEntityOfPage\":{\"@id\":\"https:\/\/sabado100.com.ar\/es-ar\/la-cruz-que-llevamos-con-jesus-conduce-a-la-alegria-pascual-2\/\"},\"wordCount\":4401,\"commentCount\":0,\"publisher\":{\"@id\":\"https:\/\/sabado100.com.ar\/es-ar\/#organization\"},\"keywords\":[\"mensaje pascual del obispo Fernandez\"],\"articleSection\":[\"Religi\u00f3n\"],\"inLanguage\":\"es\",\"potentialAction\":[{\"@type\":\"CommentAction\",\"name\":\"Comment\",\"target\":[\"https:\/\/sabado100.com.ar\/es-ar\/la-cruz-que-llevamos-con-jesus-conduce-a-la-alegria-pascual-2\/#respond\"]}]},{\"@type\":\"WebPage\",\"@id\":\"https:\/\/sabado100.com.ar\/es-ar\/la-cruz-que-llevamos-con-jesus-conduce-a-la-alegria-pascual-2\/\",\"url\":\"https:\/\/sabado100.com.ar\/es-ar\/la-cruz-que-llevamos-con-jesus-conduce-a-la-alegria-pascual-2\/\",\"name\":\"La cruz que llevamos con Jes\u00fas conduce a la alegr\u00eda pascual - Sabado 100\",\"isPartOf\":{\"@id\":\"https:\/\/sabado100.com.ar\/es-ar\/#website\"},\"datePublished\":\"2014-04-17T13:55:07+00:00\",\"dateModified\":\"2014-04-17T13:55:07+00:00\",\"breadcrumb\":{\"@id\":\"https:\/\/sabado100.com.ar\/es-ar\/la-cruz-que-llevamos-con-jesus-conduce-a-la-alegria-pascual-2\/#breadcrumb\"},\"inLanguage\":\"es\",\"potentialAction\":[{\"@type\":\"ReadAction\",\"target\":[\"https:\/\/sabado100.com.ar\/es-ar\/la-cruz-que-llevamos-con-jesus-conduce-a-la-alegria-pascual-2\/\"]}]},{\"@type\":\"BreadcrumbList\",\"@id\":\"https:\/\/sabado100.com.ar\/es-ar\/la-cruz-que-llevamos-con-jesus-conduce-a-la-alegria-pascual-2\/#breadcrumb\",\"itemListElement\":[{\"@type\":\"ListItem\",\"position\":1,\"name\":\"Portada\",\"item\":\"https:\/\/sabado100.com.ar\/es-ar\/\"},{\"@type\":\"ListItem\",\"position\":2,\"name\":\"La cruz que llevamos con Jes\u00fas conduce a la alegr\u00eda pascual\"}]},{\"@type\":\"WebSite\",\"@id\":\"https:\/\/sabado100.com.ar\/es-ar\/#website\",\"url\":\"https:\/\/sabado100.com.ar\/es-ar\/\",\"name\":\"Sabado 100\",\"description\":\"\",\"publisher\":{\"@id\":\"https:\/\/sabado100.com.ar\/es-ar\/#organization\"},\"potentialAction\":[{\"@type\":\"SearchAction\",\"target\":{\"@type\":\"EntryPoint\",\"urlTemplate\":\"https:\/\/sabado100.com.ar\/es-ar\/?s={search_term_string}\"},\"query-input\":\"required name=search_term_string\"}],\"inLanguage\":\"es\"},{\"@type\":\"Organization\",\"@id\":\"https:\/\/sabado100.com.ar\/es-ar\/#organization\",\"name\":\"Sabado 100\",\"url\":\"https:\/\/sabado100.com.ar\/es-ar\/\",\"logo\":{\"@type\":\"ImageObject\",\"inLanguage\":\"es\",\"@id\":\"https:\/\/sabado100.com.ar\/es-ar\/#\/schema\/logo\/image\/\",\"url\":\"https:\/\/sabado100.com.ar\/es-ar\/wp-content\/uploads\/2024\/04\/logo3.jpg\",\"contentUrl\":\"https:\/\/sabado100.com.ar\/es-ar\/wp-content\/uploads\/2024\/04\/logo3.jpg\",\"width\":300,\"height\":174,\"caption\":\"Sabado 100\"},\"image\":{\"@id\":\"https:\/\/sabado100.com.ar\/es-ar\/#\/schema\/logo\/image\/\"},\"sameAs\":[\"https:\/\/www.facebook.com\/sabadocien\/\",\"https:\/\/www.instagram.com\/sabado100.com.ar\/\",\"https:\/\/www.youtube.com\/@sabado1003\"]},{\"@type\":\"Person\",\"@id\":\"https:\/\/sabado100.com.ar\/es-ar\/#\/schema\/person\/58e38b918ef4e44b11398f25d4684c6d\",\"name\":\"sabado cien\",\"image\":{\"@type\":\"ImageObject\",\"inLanguage\":\"es\",\"@id\":\"https:\/\/sabado100.com.ar\/es-ar\/#\/schema\/person\/image\/\",\"url\":\"https:\/\/sabado100.com.ar\/es-ar\/wp-content\/litespeed\/avatar\/484bccfbd493fbb703b0f1b8113dad61.jpg?ver=1787731622\",\"contentUrl\":\"https:\/\/sabado100.com.ar\/es-ar\/wp-content\/litespeed\/avatar\/484bccfbd493fbb703b0f1b8113dad61.jpg?ver=1787731622\",\"caption\":\"sabado cien\"},\"url\":\"https:\/\/sabado100.com.ar\/es-ar\/author\/sabado100\/\"}]}<\/script>\n<!-- \/ Yoast SEO plugin. -->","yoast_head_json":{"title":"La cruz que llevamos con Jes\u00fas conduce a la alegr\u00eda pascual - Sabado 100","robots":{"index":"index","follow":"follow","max-snippet":"max-snippet:-1","max-image-preview":"max-image-preview:large","max-video-preview":"max-video-preview:-1"},"canonical":"https:\/\/sabado100.com.ar\/es-ar\/la-cruz-que-llevamos-con-jesus-conduce-a-la-alegria-pascual-2\/","og_locale":"es_ES","og_type":"article","og_title":"La cruz que llevamos con Jes\u00fas conduce a la alegr\u00eda pascual - Sabado 100","og_description":"Mensaje del obispo Luis Fern\u00e1ndez al pueblo de Dios que peregrina en la Di\u00f3cesis de Rafaela. Queridos hermanos, la Cuaresma [&hellip;]","og_url":"https:\/\/sabado100.com.ar\/es-ar\/la-cruz-que-llevamos-con-jesus-conduce-a-la-alegria-pascual-2\/","og_site_name":"Sabado 100","article_publisher":"https:\/\/www.facebook.com\/sabadocien\/","article_published_time":"2014-04-17T13:55:07+00:00","author":"sabado cien","twitter_card":"summary_large_image","twitter_misc":{"Escrito por":"sabado cien","Tiempo de lectura":"22 minutos"},"schema":{"@context":"https:\/\/schema.org","@graph":[{"@type":"Article","@id":"https:\/\/sabado100.com.ar\/es-ar\/la-cruz-que-llevamos-con-jesus-conduce-a-la-alegria-pascual-2\/#article","isPartOf":{"@id":"https:\/\/sabado100.com.ar\/es-ar\/la-cruz-que-llevamos-con-jesus-conduce-a-la-alegria-pascual-2\/"},"author":{"name":"sabado cien","@id":"https:\/\/sabado100.com.ar\/es-ar\/#\/schema\/person\/58e38b918ef4e44b11398f25d4684c6d"},"headline":"La cruz que llevamos con Jes\u00fas conduce a la alegr\u00eda pascual","datePublished":"2014-04-17T13:55:07+00:00","dateModified":"2014-04-17T13:55:07+00:00","mainEntityOfPage":{"@id":"https:\/\/sabado100.com.ar\/es-ar\/la-cruz-que-llevamos-con-jesus-conduce-a-la-alegria-pascual-2\/"},"wordCount":4401,"commentCount":0,"publisher":{"@id":"https:\/\/sabado100.com.ar\/es-ar\/#organization"},"keywords":["mensaje pascual del obispo Fernandez"],"articleSection":["Religi\u00f3n"],"inLanguage":"es","potentialAction":[{"@type":"CommentAction","name":"Comment","target":["https:\/\/sabado100.com.ar\/es-ar\/la-cruz-que-llevamos-con-jesus-conduce-a-la-alegria-pascual-2\/#respond"]}]},{"@type":"WebPage","@id":"https:\/\/sabado100.com.ar\/es-ar\/la-cruz-que-llevamos-con-jesus-conduce-a-la-alegria-pascual-2\/","url":"https:\/\/sabado100.com.ar\/es-ar\/la-cruz-que-llevamos-con-jesus-conduce-a-la-alegria-pascual-2\/","name":"La cruz que llevamos con Jes\u00fas conduce a la alegr\u00eda pascual - Sabado 100","isPartOf":{"@id":"https:\/\/sabado100.com.ar\/es-ar\/#website"},"datePublished":"2014-04-17T13:55:07+00:00","dateModified":"2014-04-17T13:55:07+00:00","breadcrumb":{"@id":"https:\/\/sabado100.com.ar\/es-ar\/la-cruz-que-llevamos-con-jesus-conduce-a-la-alegria-pascual-2\/#breadcrumb"},"inLanguage":"es","potentialAction":[{"@type":"ReadAction","target":["https:\/\/sabado100.com.ar\/es-ar\/la-cruz-que-llevamos-con-jesus-conduce-a-la-alegria-pascual-2\/"]}]},{"@type":"BreadcrumbList","@id":"https:\/\/sabado100.com.ar\/es-ar\/la-cruz-que-llevamos-con-jesus-conduce-a-la-alegria-pascual-2\/#breadcrumb","itemListElement":[{"@type":"ListItem","position":1,"name":"Portada","item":"https:\/\/sabado100.com.ar\/es-ar\/"},{"@type":"ListItem","position":2,"name":"La cruz que llevamos con Jes\u00fas conduce a la alegr\u00eda pascual"}]},{"@type":"WebSite","@id":"https:\/\/sabado100.com.ar\/es-ar\/#website","url":"https:\/\/sabado100.com.ar\/es-ar\/","name":"Sabado 100","description":"","publisher":{"@id":"https:\/\/sabado100.com.ar\/es-ar\/#organization"},"potentialAction":[{"@type":"SearchAction","target":{"@type":"EntryPoint","urlTemplate":"https:\/\/sabado100.com.ar\/es-ar\/?s={search_term_string}"},"query-input":"required name=search_term_string"}],"inLanguage":"es"},{"@type":"Organization","@id":"https:\/\/sabado100.com.ar\/es-ar\/#organization","name":"Sabado 100","url":"https:\/\/sabado100.com.ar\/es-ar\/","logo":{"@type":"ImageObject","inLanguage":"es","@id":"https:\/\/sabado100.com.ar\/es-ar\/#\/schema\/logo\/image\/","url":"https:\/\/sabado100.com.ar\/es-ar\/wp-content\/uploads\/2024\/04\/logo3.jpg","contentUrl":"https:\/\/sabado100.com.ar\/es-ar\/wp-content\/uploads\/2024\/04\/logo3.jpg","width":300,"height":174,"caption":"Sabado 100"},"image":{"@id":"https:\/\/sabado100.com.ar\/es-ar\/#\/schema\/logo\/image\/"},"sameAs":["https:\/\/www.facebook.com\/sabadocien\/","https:\/\/www.instagram.com\/sabado100.com.ar\/","https:\/\/www.youtube.com\/@sabado1003"]},{"@type":"Person","@id":"https:\/\/sabado100.com.ar\/es-ar\/#\/schema\/person\/58e38b918ef4e44b11398f25d4684c6d","name":"sabado cien","image":{"@type":"ImageObject","inLanguage":"es","@id":"https:\/\/sabado100.com.ar\/es-ar\/#\/schema\/person\/image\/","url":"https:\/\/sabado100.com.ar\/es-ar\/wp-content\/litespeed\/avatar\/484bccfbd493fbb703b0f1b8113dad61.jpg?ver=1787731622","contentUrl":"https:\/\/sabado100.com.ar\/es-ar\/wp-content\/litespeed\/avatar\/484bccfbd493fbb703b0f1b8113dad61.jpg?ver=1787731622","caption":"sabado cien"},"url":"https:\/\/sabado100.com.ar\/es-ar\/author\/sabado100\/"}]}},"_links":{"self":[{"href":"https:\/\/sabado100.com.ar\/es-ar\/wp-json\/wp\/v2\/posts\/3625","targetHints":{"allow":["GET"]}}],"collection":[{"href":"https:\/\/sabado100.com.ar\/es-ar\/wp-json\/wp\/v2\/posts"}],"about":[{"href":"https:\/\/sabado100.com.ar\/es-ar\/wp-json\/wp\/v2\/types\/post"}],"author":[{"embeddable":true,"href":"https:\/\/sabado100.com.ar\/es-ar\/wp-json\/wp\/v2\/users\/2"}],"replies":[{"embeddable":true,"href":"https:\/\/sabado100.com.ar\/es-ar\/wp-json\/wp\/v2\/comments?post=3625"}],"version-history":[{"count":0,"href":"https:\/\/sabado100.com.ar\/es-ar\/wp-json\/wp\/v2\/posts\/3625\/revisions"}],"wp:attachment":[{"href":"https:\/\/sabado100.com.ar\/es-ar\/wp-json\/wp\/v2\/media?parent=3625"}],"wp:term":[{"taxonomy":"category","embeddable":true,"href":"https:\/\/sabado100.com.ar\/es-ar\/wp-json\/wp\/v2\/categories?post=3625"},{"taxonomy":"post_tag","embeddable":true,"href":"https:\/\/sabado100.com.ar\/es-ar\/wp-json\/wp\/v2\/tags?post=3625"}],"curies":[{"name":"wp","href":"https:\/\/api.w.org\/{rel}","templated":true}]}}