{"id":3573,"date":"2014-03-15T16:22:00","date_gmt":"2014-03-15T14:22:00","guid":{"rendered":"https:\/\/www.sabado100.com.ar\/?p=3573"},"modified":"2014-03-15T16:22:00","modified_gmt":"2014-03-15T14:22:00","slug":"el-ejemplo-de-francisco","status":"publish","type":"post","link":"https:\/\/sabado100.com.ar\/es-ar\/el-ejemplo-de-francisco\/","title":{"rendered":"El ejemplo de Francisco"},"content":{"rendered":"<p><strong>Por Mar\u00eda Herminia Grande.-<\/strong>\u00a0Esta semana se cumple un a\u00f1o de la era Francisco, ese obispo sencillo e inteligente que abraz\u00f3 el Evangelio dando testimonio de ello en cada acto. En sus primeros 365 d\u00edas de papado nunca dej\u00f3 de sorprender. Tal vez Bergoglio no termine de entender por qu\u00e9 sorprende al mundo haciendo lo que debe: no mentir, no robar, amar a Dios por sobre todas las cosas y amar a un hermano como a s\u00ed mismo. Lleg\u00f3 al Vaticano en momentos en donde la feligres\u00eda cat\u00f3lica se distanciaba d\u00eda a d\u00eda, no s\u00f3lo de la pr\u00e1ctica religiosa sino de su propia fe. No faltaron elementos para justificar tal distanciamiento dado que actitudes de hombres que dec\u00edan representar a Dios produc\u00edan tal efecto. Sacerdotes y obispos pederastas, sacerdotes y obispos ricos entre pobres, el banco Ambrosiano. Podr\u00edamos decir que Francisco lleg\u00f3 al sill\u00f3n de Pedro en momentos donde la credibilidad del catolicismo se desbarrancaba. Sin perder la alegr\u00eda, el Papa jesuita que abraz\u00f3 a Francisco marc\u00f3 los temas m\u00e1s profundos. Aquella preocupaci\u00f3n evidenciada en 2007 en Aparecida: \u201cLos pobres sobran\u201d, se manifest\u00f3 nuevamente cuando dijo que \u201cel Episcopado no es para s\u00ed, sino para la Iglesia, para la grey, para los dem\u00e1s, pero sobre todo para quienes para el mundo son descartables\u201d. Durante este a\u00f1o tambi\u00e9n puso en agenda temas que permanec\u00edan bajo llave: la homosexualidad, los divorciados vueltos a casar, la importancia de la mujer en la iglesia; y por otro lado se convirti\u00f3 en el gran \u201cfabricante\u201d de sacerdotes y obispos que llevan su sello: vivir de acuerdo a la fe que se profesa. Sus pastores tienen que estar al servicio de su comunidad, dispuestos a todo sacrificio por los necesitados y deben vivir como les indic\u00f3 en junio del a\u00f1o pasado: de una manera simple y humilde. Cuando el Papa designa a nuevos obispos est\u00e1 buscando constituir el mejor equipo para el gran desaf\u00edo cual es, resta\u00f1ar la credibilidad perdida para propios y ajenos. Para con los cat\u00f3licos debe lograr su vuelta a casa. Para quienes no comparten su fe, el respeto.<\/p>\n<p>Al escribir estas breves l\u00edneas sobre el papa Francisco me resulta imposible no asociar su conducta y su acci\u00f3n pol\u00edtica evang\u00e9lica con la pol\u00edtica terrenal argentina. Sin lugar a dudas Argentina podr\u00e1 volver a ser una patria justa, si desde la pol\u00edtica quien pretenda gobernarnos, da muestra con su propia actitud de simpleza, entrega, servicio y humildad. Tambi\u00e9n es necesario que seleccione a su equipo de colaboradores teniendo en cuenta estas caracter\u00edsticas. Y ese equipo debe dar cuenta con su accionar que est\u00e1 trabajando por quienes sobran, por quienes son descartables. Parafraseando al papa Francisco cuando dice que no quiere obispos de aeropuerto, ni obispos con psicolog\u00eda de pr\u00edncipe, tampoco obispos \u201cm\u00e1nager\u201d o CEO; se necesitan pol\u00edticos que caminen el barrio, que est\u00e9n en el \u00f3mnibus o en el taxi cuando arrecian las balas, que visiten las f\u00e1bricas, que vayan a las villas miserias, que concurran por las noches a los hospitales, que recorran las calles a bordo de un patrullero, que su vida y su accionar sean cre\u00edbles. La pol\u00edtica tampoco necesita de m\u00e1nager, gerentes o CEO, la pol\u00edtica necesita hombres y mujeres comprometidos con los valores.<\/p>\n<p>En definitiva, nuestra pol\u00edtica argentina necesita encontrar en sus representantes pol\u00edticos alguien que, como dijo Michelle Bachellet en su discurso de asunci\u00f3n, represente la urgencia de millones de personas. Los pol\u00edticos deben sorprender a la sociedad que s\u00f3lo les pide que hagan lo que deben: no mentir, no robar, amar al otro como a uno mismo.<\/p>\n<p>Hoy tenemos una sociedad dividida donde los que pudieron tener familia, valores, comida y educaci\u00f3n, deben hacer el esfuerzo de abrazar la pol\u00edtica del cambio. La propia sociedad alberga en su cuerpo un porcentaje importante de personas que no han crecido en familia, que no han sido educados en valores, que han vivido la escasez de la comida. Es sobre este sector, peligrosamente hu\u00e9rfano, donde el Estado, la pol\u00edtica y la sociedad deben coincidir para lograr la reorganizaci\u00f3n de este presente con una desbocada comunidad (\u00bfalguna vez hemos visto c\u00f3mo tiran con naturalidad a un hombre discapacitado desde un puente como sucedi\u00f3 en Avellaneda?).<\/p>\n<p>No dejo de mirar con atenci\u00f3n los esfuerzos de la intendenta Fein ante la realidad del narcotr\u00e1fico. Esta semana se reuni\u00f3 en Buenos Aires con la ministra de Seguridad de la Naci\u00f3n, Mar\u00eda Cecilia Rodr\u00edguez, con quien recorri\u00f3 lugares donde trabaja la polic\u00eda comunitaria. Quiero al respecto, recordar lo que el doctor Alberto Binder, jurista y especialista en sistema de seguridad, hombre de consulta del socialismo, me dijo el 26 de enero de 2013 a prop\u00f3sito del anuncio que la propia intendenta hac\u00eda sobre el sistema de polic\u00eda comunitaria para barrios con problemas graves de seguridad: \u201cLos municipios tienen que cambiar fuertemente, yo creo mucho en la polic\u00eda municipal, pero \u00e9sta no puede resolver los problemas que son muy graves. Si usted tiene un barrio en el que se instal\u00f3 una mini banda de droga, eso no es un problema de polic\u00eda municipal, ah\u00ed intervienen la investigaci\u00f3n provincial y federal, lo municipal necesita otro tipo de trabajo o para resolver otros problemas. Pero el delito duro no lo resuelve la polic\u00eda municipal, sino otras \u00e1reas de la polic\u00eda que es, donde insisto, no se est\u00e1n resolviendo bien las cosas. Porque no es tan sencillo, porque si la cosa fuera poner 20 polic\u00edas en un barrio tendr\u00edan que ser muy tontos los pol\u00edticos para no hacerlo o la misma polic\u00eda. El problema es que las bandas cambian de lugares, tienen redes, no es tan simple en ese sentido. Pero esto se hace con capacidad de investigaci\u00f3n y al mismo tiempo en que uno tiene logros en la desarticulaci\u00f3n de esos mercados, va entrando a otras \u00e1reas del Estado para evitar que se reproduzca, esto implica una tenacidad y una consistencia en el trabajo que hace rato que no tenemos\u201d.<\/p>\n<p><strong>Fuente:<\/strong> diario El Ciudadano, Rosario, 15 de marzo de 2014.<\/p>\n","protected":false},"excerpt":{"rendered":"<p>Por Mar\u00eda Herminia Grande.-\u00a0Esta semana se cumple un a\u00f1o de la era Francisco, ese obispo sencillo e inteligente que abraz\u00f3 [&hellip;]<\/p>\n","protected":false},"author":2,"featured_media":0,"comment_status":"open","ping_status":"closed","sticky":false,"template":"","format":"standard","meta":{"site-sidebar-layout":"default","site-content-layout":"","ast-site-content-layout":"default","site-content-style":"default","site-sidebar-style":"default","ast-global-header-display":"","ast-banner-title-visibility":"","ast-main-header-display":"","ast-hfb-above-header-display":"","ast-hfb-below-header-display":"","ast-hfb-mobile-header-display":"","site-post-title":"","ast-breadcrumbs-content":"","ast-featured-img":"","footer-sml-layout":"","ast-disable-related-posts":"","theme-transparent-header-meta":"","adv-header-id-meta":"","stick-header-meta":"","header-above-stick-meta":"","header-main-stick-meta":"","header-below-stick-meta":"","astra-migrate-meta-layouts":"default","ast-page-background-enabled":"default","ast-page-background-meta":{"desktop":{"background-color":"var(--ast-global-color-4)","background-image":"","background-repeat":"repeat","background-position":"center center","background-size":"auto","background-attachment":"scroll","background-type":"","background-media":"","overlay-type":"","overlay-color":"","overlay-opacity":"","overlay-gradient":""},"tablet":{"background-color":"","background-image":"","background-repeat":"repeat","background-position":"center center","background-size":"auto","background-attachment":"scroll","background-type":"","background-media":"","overlay-type":"","overlay-color":"","overlay-opacity":"","overlay-gradient":""},"mobile":{"background-color":"","background-image":"","background-repeat":"repeat","background-position":"center center","background-size":"auto","background-attachment":"scroll","background-type":"","background-media":"","overlay-type":"","overlay-color":"","overlay-opacity":"","overlay-gradient":""}},"ast-content-background-meta":{"desktop":{"background-color":"var(--ast-global-color-5)","background-image":"","background-repeat":"repeat","background-position":"center center","background-size":"auto","background-attachment":"scroll","background-type":"","background-media":"","overlay-type":"","overlay-color":"","overlay-opacity":"","overlay-gradient":""},"tablet":{"background-color":"var(--ast-global-color-5)","background-image":"","background-repeat":"repeat","background-position":"center center","background-size":"auto","background-attachment":"scroll","background-type":"","background-media":"","overlay-type":"","overlay-color":"","overlay-opacity":"","overlay-gradient":""},"mobile":{"background-color":"var(--ast-global-color-5)","background-image":"","background-repeat":"repeat","background-position":"center center","background-size":"auto","background-attachment":"scroll","background-type":"","background-media":"","overlay-type":"","overlay-color":"","overlay-opacity":"","overlay-gradient":""}},"footnotes":""},"categories":[4,5,29],"tags":[5206],"class_list":["post-3573","post","type-post","status-publish","format-standard","hentry","category-cultura-y-sociedad","category-politica","category-religion","tag-francisco"],"yoast_head":"<!-- This site is optimized with the Yoast SEO plugin v23.2 - https:\/\/yoast.com\/wordpress\/plugins\/seo\/ -->\n<title>El ejemplo de Francisco - Sabado 100<\/title>\n<meta name=\"robots\" content=\"index, follow, max-snippet:-1, max-image-preview:large, max-video-preview:-1\" \/>\n<link rel=\"canonical\" href=\"https:\/\/sabado100.com.ar\/es-ar\/el-ejemplo-de-francisco\/\" \/>\n<meta property=\"og:locale\" content=\"es_ES\" \/>\n<meta property=\"og:type\" content=\"article\" \/>\n<meta property=\"og:title\" content=\"El ejemplo de Francisco - Sabado 100\" \/>\n<meta property=\"og:description\" content=\"Por Mar\u00eda Herminia Grande.-\u00a0Esta semana se cumple un a\u00f1o de la era Francisco, ese obispo sencillo e inteligente que abraz\u00f3 [&hellip;]\" \/>\n<meta property=\"og:url\" content=\"https:\/\/sabado100.com.ar\/es-ar\/el-ejemplo-de-francisco\/\" \/>\n<meta property=\"og:site_name\" content=\"Sabado 100\" \/>\n<meta property=\"article:publisher\" content=\"https:\/\/www.facebook.com\/sabadocien\/\" \/>\n<meta property=\"article:published_time\" content=\"2014-03-15T14:22:00+00:00\" \/>\n<meta name=\"author\" content=\"sabado cien\" \/>\n<meta name=\"twitter:card\" content=\"summary_large_image\" \/>\n<meta name=\"twitter:label1\" content=\"Escrito por\" \/>\n\t<meta name=\"twitter:data1\" content=\"sabado cien\" \/>\n\t<meta name=\"twitter:label2\" content=\"Tiempo de lectura\" \/>\n\t<meta name=\"twitter:data2\" content=\"5 minutos\" \/>\n<script type=\"application\/ld+json\" class=\"yoast-schema-graph\">{\"@context\":\"https:\/\/schema.org\",\"@graph\":[{\"@type\":\"Article\",\"@id\":\"https:\/\/sabado100.com.ar\/es-ar\/el-ejemplo-de-francisco\/#article\",\"isPartOf\":{\"@id\":\"https:\/\/sabado100.com.ar\/es-ar\/el-ejemplo-de-francisco\/\"},\"author\":{\"name\":\"sabado cien\",\"@id\":\"https:\/\/sabado100.com.ar\/es-ar\/#\/schema\/person\/58e38b918ef4e44b11398f25d4684c6d\"},\"headline\":\"El ejemplo de Francisco\",\"datePublished\":\"2014-03-15T14:22:00+00:00\",\"dateModified\":\"2014-03-15T14:22:00+00:00\",\"mainEntityOfPage\":{\"@id\":\"https:\/\/sabado100.com.ar\/es-ar\/el-ejemplo-de-francisco\/\"},\"wordCount\":1064,\"commentCount\":0,\"publisher\":{\"@id\":\"https:\/\/sabado100.com.ar\/es-ar\/#organization\"},\"keywords\":[\"Francisco\"],\"articleSection\":[\"Cultura y Sociedad\",\"Pol\u00edtica\",\"Religi\u00f3n\"],\"inLanguage\":\"es\",\"potentialAction\":[{\"@type\":\"CommentAction\",\"name\":\"Comment\",\"target\":[\"https:\/\/sabado100.com.ar\/es-ar\/el-ejemplo-de-francisco\/#respond\"]}]},{\"@type\":\"WebPage\",\"@id\":\"https:\/\/sabado100.com.ar\/es-ar\/el-ejemplo-de-francisco\/\",\"url\":\"https:\/\/sabado100.com.ar\/es-ar\/el-ejemplo-de-francisco\/\",\"name\":\"El ejemplo de Francisco - Sabado 100\",\"isPartOf\":{\"@id\":\"https:\/\/sabado100.com.ar\/es-ar\/#website\"},\"datePublished\":\"2014-03-15T14:22:00+00:00\",\"dateModified\":\"2014-03-15T14:22:00+00:00\",\"breadcrumb\":{\"@id\":\"https:\/\/sabado100.com.ar\/es-ar\/el-ejemplo-de-francisco\/#breadcrumb\"},\"inLanguage\":\"es\",\"potentialAction\":[{\"@type\":\"ReadAction\",\"target\":[\"https:\/\/sabado100.com.ar\/es-ar\/el-ejemplo-de-francisco\/\"]}]},{\"@type\":\"BreadcrumbList\",\"@id\":\"https:\/\/sabado100.com.ar\/es-ar\/el-ejemplo-de-francisco\/#breadcrumb\",\"itemListElement\":[{\"@type\":\"ListItem\",\"position\":1,\"name\":\"Portada\",\"item\":\"https:\/\/sabado100.com.ar\/es-ar\/\"},{\"@type\":\"ListItem\",\"position\":2,\"name\":\"El ejemplo de Francisco\"}]},{\"@type\":\"WebSite\",\"@id\":\"https:\/\/sabado100.com.ar\/es-ar\/#website\",\"url\":\"https:\/\/sabado100.com.ar\/es-ar\/\",\"name\":\"Sabado 100\",\"description\":\"\",\"publisher\":{\"@id\":\"https:\/\/sabado100.com.ar\/es-ar\/#organization\"},\"potentialAction\":[{\"@type\":\"SearchAction\",\"target\":{\"@type\":\"EntryPoint\",\"urlTemplate\":\"https:\/\/sabado100.com.ar\/es-ar\/?s={search_term_string}\"},\"query-input\":\"required name=search_term_string\"}],\"inLanguage\":\"es\"},{\"@type\":\"Organization\",\"@id\":\"https:\/\/sabado100.com.ar\/es-ar\/#organization\",\"name\":\"Sabado 100\",\"url\":\"https:\/\/sabado100.com.ar\/es-ar\/\",\"logo\":{\"@type\":\"ImageObject\",\"inLanguage\":\"es\",\"@id\":\"https:\/\/sabado100.com.ar\/es-ar\/#\/schema\/logo\/image\/\",\"url\":\"https:\/\/sabado100.com.ar\/es-ar\/wp-content\/uploads\/2024\/04\/logo3.jpg\",\"contentUrl\":\"https:\/\/sabado100.com.ar\/es-ar\/wp-content\/uploads\/2024\/04\/logo3.jpg\",\"width\":300,\"height\":174,\"caption\":\"Sabado 100\"},\"image\":{\"@id\":\"https:\/\/sabado100.com.ar\/es-ar\/#\/schema\/logo\/image\/\"},\"sameAs\":[\"https:\/\/www.facebook.com\/sabadocien\/\",\"https:\/\/www.instagram.com\/sabado100.com.ar\/\",\"https:\/\/www.youtube.com\/@sabado1003\"]},{\"@type\":\"Person\",\"@id\":\"https:\/\/sabado100.com.ar\/es-ar\/#\/schema\/person\/58e38b918ef4e44b11398f25d4684c6d\",\"name\":\"sabado cien\",\"image\":{\"@type\":\"ImageObject\",\"inLanguage\":\"es\",\"@id\":\"https:\/\/sabado100.com.ar\/es-ar\/#\/schema\/person\/image\/\",\"url\":\"https:\/\/sabado100.com.ar\/es-ar\/wp-content\/litespeed\/avatar\/484bccfbd493fbb703b0f1b8113dad61.jpg?ver=1787731622\",\"contentUrl\":\"https:\/\/sabado100.com.ar\/es-ar\/wp-content\/litespeed\/avatar\/484bccfbd493fbb703b0f1b8113dad61.jpg?ver=1787731622\",\"caption\":\"sabado cien\"},\"url\":\"https:\/\/sabado100.com.ar\/es-ar\/author\/sabado100\/\"}]}<\/script>\n<!-- \/ Yoast SEO plugin. -->","yoast_head_json":{"title":"El ejemplo de Francisco - Sabado 100","robots":{"index":"index","follow":"follow","max-snippet":"max-snippet:-1","max-image-preview":"max-image-preview:large","max-video-preview":"max-video-preview:-1"},"canonical":"https:\/\/sabado100.com.ar\/es-ar\/el-ejemplo-de-francisco\/","og_locale":"es_ES","og_type":"article","og_title":"El ejemplo de Francisco - Sabado 100","og_description":"Por Mar\u00eda Herminia Grande.-\u00a0Esta semana se cumple un a\u00f1o de la era Francisco, ese obispo sencillo e inteligente que abraz\u00f3 [&hellip;]","og_url":"https:\/\/sabado100.com.ar\/es-ar\/el-ejemplo-de-francisco\/","og_site_name":"Sabado 100","article_publisher":"https:\/\/www.facebook.com\/sabadocien\/","article_published_time":"2014-03-15T14:22:00+00:00","author":"sabado cien","twitter_card":"summary_large_image","twitter_misc":{"Escrito por":"sabado cien","Tiempo de lectura":"5 minutos"},"schema":{"@context":"https:\/\/schema.org","@graph":[{"@type":"Article","@id":"https:\/\/sabado100.com.ar\/es-ar\/el-ejemplo-de-francisco\/#article","isPartOf":{"@id":"https:\/\/sabado100.com.ar\/es-ar\/el-ejemplo-de-francisco\/"},"author":{"name":"sabado cien","@id":"https:\/\/sabado100.com.ar\/es-ar\/#\/schema\/person\/58e38b918ef4e44b11398f25d4684c6d"},"headline":"El ejemplo de Francisco","datePublished":"2014-03-15T14:22:00+00:00","dateModified":"2014-03-15T14:22:00+00:00","mainEntityOfPage":{"@id":"https:\/\/sabado100.com.ar\/es-ar\/el-ejemplo-de-francisco\/"},"wordCount":1064,"commentCount":0,"publisher":{"@id":"https:\/\/sabado100.com.ar\/es-ar\/#organization"},"keywords":["Francisco"],"articleSection":["Cultura y Sociedad","Pol\u00edtica","Religi\u00f3n"],"inLanguage":"es","potentialAction":[{"@type":"CommentAction","name":"Comment","target":["https:\/\/sabado100.com.ar\/es-ar\/el-ejemplo-de-francisco\/#respond"]}]},{"@type":"WebPage","@id":"https:\/\/sabado100.com.ar\/es-ar\/el-ejemplo-de-francisco\/","url":"https:\/\/sabado100.com.ar\/es-ar\/el-ejemplo-de-francisco\/","name":"El ejemplo de Francisco - Sabado 100","isPartOf":{"@id":"https:\/\/sabado100.com.ar\/es-ar\/#website"},"datePublished":"2014-03-15T14:22:00+00:00","dateModified":"2014-03-15T14:22:00+00:00","breadcrumb":{"@id":"https:\/\/sabado100.com.ar\/es-ar\/el-ejemplo-de-francisco\/#breadcrumb"},"inLanguage":"es","potentialAction":[{"@type":"ReadAction","target":["https:\/\/sabado100.com.ar\/es-ar\/el-ejemplo-de-francisco\/"]}]},{"@type":"BreadcrumbList","@id":"https:\/\/sabado100.com.ar\/es-ar\/el-ejemplo-de-francisco\/#breadcrumb","itemListElement":[{"@type":"ListItem","position":1,"name":"Portada","item":"https:\/\/sabado100.com.ar\/es-ar\/"},{"@type":"ListItem","position":2,"name":"El ejemplo de Francisco"}]},{"@type":"WebSite","@id":"https:\/\/sabado100.com.ar\/es-ar\/#website","url":"https:\/\/sabado100.com.ar\/es-ar\/","name":"Sabado 100","description":"","publisher":{"@id":"https:\/\/sabado100.com.ar\/es-ar\/#organization"},"potentialAction":[{"@type":"SearchAction","target":{"@type":"EntryPoint","urlTemplate":"https:\/\/sabado100.com.ar\/es-ar\/?s={search_term_string}"},"query-input":"required name=search_term_string"}],"inLanguage":"es"},{"@type":"Organization","@id":"https:\/\/sabado100.com.ar\/es-ar\/#organization","name":"Sabado 100","url":"https:\/\/sabado100.com.ar\/es-ar\/","logo":{"@type":"ImageObject","inLanguage":"es","@id":"https:\/\/sabado100.com.ar\/es-ar\/#\/schema\/logo\/image\/","url":"https:\/\/sabado100.com.ar\/es-ar\/wp-content\/uploads\/2024\/04\/logo3.jpg","contentUrl":"https:\/\/sabado100.com.ar\/es-ar\/wp-content\/uploads\/2024\/04\/logo3.jpg","width":300,"height":174,"caption":"Sabado 100"},"image":{"@id":"https:\/\/sabado100.com.ar\/es-ar\/#\/schema\/logo\/image\/"},"sameAs":["https:\/\/www.facebook.com\/sabadocien\/","https:\/\/www.instagram.com\/sabado100.com.ar\/","https:\/\/www.youtube.com\/@sabado1003"]},{"@type":"Person","@id":"https:\/\/sabado100.com.ar\/es-ar\/#\/schema\/person\/58e38b918ef4e44b11398f25d4684c6d","name":"sabado cien","image":{"@type":"ImageObject","inLanguage":"es","@id":"https:\/\/sabado100.com.ar\/es-ar\/#\/schema\/person\/image\/","url":"https:\/\/sabado100.com.ar\/es-ar\/wp-content\/litespeed\/avatar\/484bccfbd493fbb703b0f1b8113dad61.jpg?ver=1787731622","contentUrl":"https:\/\/sabado100.com.ar\/es-ar\/wp-content\/litespeed\/avatar\/484bccfbd493fbb703b0f1b8113dad61.jpg?ver=1787731622","caption":"sabado cien"},"url":"https:\/\/sabado100.com.ar\/es-ar\/author\/sabado100\/"}]}},"_links":{"self":[{"href":"https:\/\/sabado100.com.ar\/es-ar\/wp-json\/wp\/v2\/posts\/3573","targetHints":{"allow":["GET"]}}],"collection":[{"href":"https:\/\/sabado100.com.ar\/es-ar\/wp-json\/wp\/v2\/posts"}],"about":[{"href":"https:\/\/sabado100.com.ar\/es-ar\/wp-json\/wp\/v2\/types\/post"}],"author":[{"embeddable":true,"href":"https:\/\/sabado100.com.ar\/es-ar\/wp-json\/wp\/v2\/users\/2"}],"replies":[{"embeddable":true,"href":"https:\/\/sabado100.com.ar\/es-ar\/wp-json\/wp\/v2\/comments?post=3573"}],"version-history":[{"count":0,"href":"https:\/\/sabado100.com.ar\/es-ar\/wp-json\/wp\/v2\/posts\/3573\/revisions"}],"wp:attachment":[{"href":"https:\/\/sabado100.com.ar\/es-ar\/wp-json\/wp\/v2\/media?parent=3573"}],"wp:term":[{"taxonomy":"category","embeddable":true,"href":"https:\/\/sabado100.com.ar\/es-ar\/wp-json\/wp\/v2\/categories?post=3573"},{"taxonomy":"post_tag","embeddable":true,"href":"https:\/\/sabado100.com.ar\/es-ar\/wp-json\/wp\/v2\/tags?post=3573"}],"curies":[{"name":"wp","href":"https:\/\/api.w.org\/{rel}","templated":true}]}}