{"id":3549,"date":"2014-01-08T14:57:21","date_gmt":"2014-01-08T12:57:21","guid":{"rendered":"https:\/\/www.sabado100.com.ar\/?p=3549"},"modified":"2014-01-08T14:57:21","modified_gmt":"2014-01-08T12:57:21","slug":"carmelo-greco-nos-dejo-repentinamente","status":"publish","type":"post","link":"https:\/\/sabado100.com.ar\/es-ar\/carmelo-greco-nos-dejo-repentinamente\/","title":{"rendered":"Carmelo Greco nos dej\u00f3 repentinamente"},"content":{"rendered":"<p>Por Emilio Grande.-\u00a0Su partida fue en forma r\u00e1pida e inesperada para sus familiares, amigos y todos quienes lo conocimos en la ciudad de Rafaela, en nuestra Di\u00f3cesis, en otros lugares de nuestro pa\u00eds. Actualmente estaba incardinado en la di\u00f3cesis italiana de Salerno.<br \/>\nSe trata de Carmelo Greco, quien a pesar de haber dejado Rafaela hace un tiempo, volv\u00eda todos los a\u00f1os de visita a la Perla del Oeste. En realidad siempre estuvo su coraz\u00f3n repartido entre Italia -naci\u00f3 en Salerno- y la Argentina. En ambos pa\u00edses vivi\u00f3, estudi\u00f3, ejerci\u00f3 la docencia, brind\u00f3 sus distintos ministerios primero como hermano marista y luego como sacerdote.<br \/>\nSe desempe\u00f1\u00f3 como hermano marista en Buenos Aires, San Rafael, Pilar y Rafaela donde fue director del nivel primario del Colegio San Jos\u00e9, en la d\u00e9cada de los 70, a\u00f1os en los que estudi\u00e9 en ese establecimiento marista, pero despu\u00e9s volvi\u00f3 a\u00f1os m\u00e1s tarde como director general.<br \/>\nSus b\u00fasquedas interiores continuaron y luego de ser admitido seminarista, estudi\u00f3 Teolog\u00eda en Roma, fue ordenado di\u00e1cono en esa ciudad \u00abeterna\u00bb y m\u00e1s tarde ordenado sacerdote en Rafaela junto a Enrique Engler, en una ceremonia presidida por el entonces obispo Jorge Casaretto en la Catedral San Rafael el 18 de diciembre de 1981.<br \/>\nEn ese tiempo fue designado canciller en el Obispado de Rafaela, vicario en la Catedral mientras atend\u00eda la capilla de Lourdes frente a la Plaza Honda, tambi\u00e9n estuvo atendiendo en Zen\u00f3n Pereyra hasta ser p\u00e1rroco en\u00a0\u201cNuestra Se\u00f1ora del Carmen\u201d\u00a0en la ciudad de Ceres, departamento San Crist\u00f3bal.<br \/>\nSu vida de aprendizaje no ten\u00eda l\u00edmites y se fue a estudiar Derecho Can\u00f3nico (licenciatura y doctorado) a la Pontificia Universidad Lateranense de la capital italiana entre 1987 y 1995, siendo su tesis doctoral \u00abConseguenze giuridiche della distruzione dell\u00b4opera di Santa Galla in Roma\u00bb, publicada en formato de libro de 409 p\u00e1ginas en Imprimatur de Roma.<br \/>\nVolvi\u00f3 a nuestra ciudad para asumir en la parroquia San Antonio (1995-2006) donde hizo reformas edilicias al templo del barrio Alberdi, abri\u00f3 la Casa Santa Galla para la tercera edad y la capilla Mar\u00eda Reina de la Paz en el barrio Sarmiento. Integr\u00f3 distintos servicios en el Obispado, entre ellos\u00a0fue responsable legal y director general del Colegio San Jos\u00e9, como as\u00ed tambi\u00e9n en el Tribunal\u00a0Interdiocesano\u00a0de Santa Fe, siendo muy recordado en esos lugares.<br \/>\nLuego de un discernimiento personal y aceptado por el obispo Carlos Franzini, su \u00edmpetu de n\u00f3made aflor\u00f3 en sus pensamientos y sus caminos se dirigieron nuevamente a la pen\u00ednsula,\u00a0retornando a su Salerno hasta el presente, en donde integr\u00f3 el Tribunal Eclesi\u00e1stico de Salerno y fue responsable de 7 iglesias del centro hist\u00f3rico (la m\u00e1s antigua es del 850) de las cuales en 3 hay afluencia de fieles y las restantes son monumentos hist\u00f3ricos.<br \/>\nEl 25 de junio de 2013 estuvo Carmelo concelebrando misa en la capilla Santa Marta con el papa Francisco en el Vaticano (ver foto tapa del diario).<\/p>\n<p><strong>PALABRA CRISIS<\/strong><br \/>\n\u00abEstamos viviendo momentos que son muy particulares y dif\u00edciles. La palabra que m\u00e1s se emplea en Italia y Argentina es crisis, hay una cantidad de cosas que desestabilizan a la persona. La Navidad es una vida que se abre ante nosotros, Dios quiere vivir en medio nuestro, recordarnos el misterio de la encarnaci\u00f3n, nos viene a decir que tenemos que seguir caminando y la Navidad es una invitaci\u00f3n a la esperanza y con la base de fe seguir creciendo, hacer presente ese Dios que nos ama y nos va a dar los medios para poder confrontarnos con la dificultad, la adversidad, la crisis. La nueva Navidad es un llamado a que nos demos la mano todos porque de las cosas dif\u00edciles se sale adelante cuando uno est\u00e1 unido, consciente de que todos remamos para el mismo lado. Los grandes desastres en la humanidad se producen cuando hay confrontaci\u00f3n, enemistad, guerra, desconfianza de unos con otros, entonces no se construye, no se consigue hacer ninguna cosa buena\u00bb,\u00a0reflexion\u00f3 Greco durante la entrevista de este cronista publicada el 24 de diciembre de 2012 en el diario La Opini\u00f3n de Rafaela.<br \/>\nPor encargo del entonces obispo H\u00e9ctor Gabino, fue uno de los impulsores\u00a0de la creaci\u00f3n de la Universidad Cat\u00f3lica de Santiago del Estero en esta ciudad en 1997: \u00abCuando volv\u00ed a Rafaela en 1995 me dijo que los pueblos quedaban vac\u00edos, que los j\u00f3venes se iban a estudiar a otros lados y si ten\u00edan trabajo y se casaban quedaban en el lugar y no volv\u00edan m\u00e1s. Era necesario crear una estructura de tercer nivel universitario en esta ciudad. Algunas personas apoyaban el proyecto, muchas otras desconfiaban o eran indiferentes y tambi\u00e9n hab\u00eda un grupo considerable opuesto en los medios (de comunicaci\u00f3n), en el \u00e1mbito profesional, en la parte pol\u00edtica, porque a nivel pol\u00edtico se pensaba en algo totalmente laico y no con una connotaci\u00f3n cat\u00f3lica. Se fueron superando los obst\u00e1culos y se pudo concretar esta iniciativa\u00bb, opin\u00f3 en la citada entrevista.<br \/>\nEn el mes de julio \u00faltimo Greco viaj\u00f3 con su hermana Teresa y el rafaelino Jorge Ghiano a Rusia. En ese momento empezaron algunas molestias en una de las piernas, pero aparentemente no le dio mucha importancia. En los \u00faltimos tiempos estuvo internado primero en Salerno y luego en el Hospital Gemelli de Roma donde le detectaron un tumor en el h\u00edgado. Ya era demasiado tarde, continu\u00f3 la traves\u00eda hospitalaria en Salerno, donde falleci\u00f3 ayer a la edad de 68 a\u00f1os. Su funeral ser\u00e1 este viernes con una misa concelebrada en la mencionada ciudad.<br \/>\nA pesar de su partida terrenal, sus aportes ministeriales y acad\u00e9micos seguir\u00e1n estando presentes en diversos \u00e1mbitos en los que dej\u00f3 una huella de valores, pensamientos, miradas y servicios en ambos lados del Oc\u00e9ano Atl\u00e1ntico, siempre al servicio de la nueva evangelizaci\u00f3n. Ten\u00eda una personalidad y convicciones fuertes, algunos no lo llegaron a comprender&#8230;<\/p>\n","protected":false},"excerpt":{"rendered":"<p>Por Emilio Grande.-\u00a0Su partida fue en forma r\u00e1pida e inesperada para sus familiares, amigos y todos quienes lo conocimos en [&hellip;]<\/p>\n","protected":false},"author":2,"featured_media":0,"comment_status":"open","ping_status":"closed","sticky":false,"template":"","format":"standard","meta":{"site-sidebar-layout":"default","site-content-layout":"","ast-site-content-layout":"default","site-content-style":"default","site-sidebar-style":"default","ast-global-header-display":"","ast-banner-title-visibility":"","ast-main-header-display":"","ast-hfb-above-header-display":"","ast-hfb-below-header-display":"","ast-hfb-mobile-header-display":"","site-post-title":"","ast-breadcrumbs-content":"","ast-featured-img":"","footer-sml-layout":"","ast-disable-related-posts":"","theme-transparent-header-meta":"","adv-header-id-meta":"","stick-header-meta":"","header-above-stick-meta":"","header-main-stick-meta":"","header-below-stick-meta":"","astra-migrate-meta-layouts":"default","ast-page-background-enabled":"default","ast-page-background-meta":{"desktop":{"background-color":"var(--ast-global-color-4)","background-image":"","background-repeat":"repeat","background-position":"center center","background-size":"auto","background-attachment":"scroll","background-type":"","background-media":"","overlay-type":"","overlay-color":"","overlay-opacity":"","overlay-gradient":""},"tablet":{"background-color":"","background-image":"","background-repeat":"repeat","background-position":"center center","background-size":"auto","background-attachment":"scroll","background-type":"","background-media":"","overlay-type":"","overlay-color":"","overlay-opacity":"","overlay-gradient":""},"mobile":{"background-color":"","background-image":"","background-repeat":"repeat","background-position":"center center","background-size":"auto","background-attachment":"scroll","background-type":"","background-media":"","overlay-type":"","overlay-color":"","overlay-opacity":"","overlay-gradient":""}},"ast-content-background-meta":{"desktop":{"background-color":"var(--ast-global-color-5)","background-image":"","background-repeat":"repeat","background-position":"center center","background-size":"auto","background-attachment":"scroll","background-type":"","background-media":"","overlay-type":"","overlay-color":"","overlay-opacity":"","overlay-gradient":""},"tablet":{"background-color":"var(--ast-global-color-5)","background-image":"","background-repeat":"repeat","background-position":"center center","background-size":"auto","background-attachment":"scroll","background-type":"","background-media":"","overlay-type":"","overlay-color":"","overlay-opacity":"","overlay-gradient":""},"mobile":{"background-color":"var(--ast-global-color-5)","background-image":"","background-repeat":"repeat","background-position":"center center","background-size":"auto","background-attachment":"scroll","background-type":"","background-media":"","overlay-type":"","overlay-color":"","overlay-opacity":"","overlay-gradient":""}},"footnotes":""},"categories":[4,29],"tags":[5198],"class_list":["post-3549","post","type-post","status-publish","format-standard","hentry","category-cultura-y-sociedad","category-religion","tag-muerte-de-carmelo-greco"],"yoast_head":"<!-- This site is optimized with the Yoast SEO plugin v23.2 - https:\/\/yoast.com\/wordpress\/plugins\/seo\/ -->\n<title>Carmelo Greco nos dej\u00f3 repentinamente - Sabado 100<\/title>\n<meta name=\"robots\" content=\"index, follow, max-snippet:-1, max-image-preview:large, max-video-preview:-1\" \/>\n<link rel=\"canonical\" href=\"https:\/\/sabado100.com.ar\/es-ar\/carmelo-greco-nos-dejo-repentinamente\/\" \/>\n<meta property=\"og:locale\" content=\"es_ES\" \/>\n<meta property=\"og:type\" content=\"article\" \/>\n<meta property=\"og:title\" content=\"Carmelo Greco nos dej\u00f3 repentinamente - Sabado 100\" \/>\n<meta property=\"og:description\" content=\"Por Emilio Grande.-\u00a0Su partida fue en forma r\u00e1pida e inesperada para sus familiares, amigos y todos quienes lo conocimos en [&hellip;]\" \/>\n<meta property=\"og:url\" content=\"https:\/\/sabado100.com.ar\/es-ar\/carmelo-greco-nos-dejo-repentinamente\/\" \/>\n<meta property=\"og:site_name\" content=\"Sabado 100\" \/>\n<meta property=\"article:publisher\" content=\"https:\/\/www.facebook.com\/sabadocien\/\" \/>\n<meta property=\"article:published_time\" content=\"2014-01-08T12:57:21+00:00\" \/>\n<meta name=\"author\" content=\"sabado cien\" \/>\n<meta name=\"twitter:card\" content=\"summary_large_image\" \/>\n<meta name=\"twitter:label1\" content=\"Escrito por\" \/>\n\t<meta name=\"twitter:data1\" content=\"sabado cien\" \/>\n\t<meta name=\"twitter:label2\" content=\"Tiempo de lectura\" \/>\n\t<meta name=\"twitter:data2\" content=\"5 minutos\" \/>\n<script type=\"application\/ld+json\" class=\"yoast-schema-graph\">{\"@context\":\"https:\/\/schema.org\",\"@graph\":[{\"@type\":\"Article\",\"@id\":\"https:\/\/sabado100.com.ar\/es-ar\/carmelo-greco-nos-dejo-repentinamente\/#article\",\"isPartOf\":{\"@id\":\"https:\/\/sabado100.com.ar\/es-ar\/carmelo-greco-nos-dejo-repentinamente\/\"},\"author\":{\"name\":\"sabado cien\",\"@id\":\"https:\/\/sabado100.com.ar\/es-ar\/#\/schema\/person\/58e38b918ef4e44b11398f25d4684c6d\"},\"headline\":\"Carmelo Greco nos dej\u00f3 repentinamente\",\"datePublished\":\"2014-01-08T12:57:21+00:00\",\"dateModified\":\"2014-01-08T12:57:21+00:00\",\"mainEntityOfPage\":{\"@id\":\"https:\/\/sabado100.com.ar\/es-ar\/carmelo-greco-nos-dejo-repentinamente\/\"},\"wordCount\":1022,\"commentCount\":0,\"publisher\":{\"@id\":\"https:\/\/sabado100.com.ar\/es-ar\/#organization\"},\"keywords\":[\"muerte de Carmelo Greco\"],\"articleSection\":[\"Cultura y Sociedad\",\"Religi\u00f3n\"],\"inLanguage\":\"es\",\"potentialAction\":[{\"@type\":\"CommentAction\",\"name\":\"Comment\",\"target\":[\"https:\/\/sabado100.com.ar\/es-ar\/carmelo-greco-nos-dejo-repentinamente\/#respond\"]}]},{\"@type\":\"WebPage\",\"@id\":\"https:\/\/sabado100.com.ar\/es-ar\/carmelo-greco-nos-dejo-repentinamente\/\",\"url\":\"https:\/\/sabado100.com.ar\/es-ar\/carmelo-greco-nos-dejo-repentinamente\/\",\"name\":\"Carmelo Greco nos dej\u00f3 repentinamente - Sabado 100\",\"isPartOf\":{\"@id\":\"https:\/\/sabado100.com.ar\/es-ar\/#website\"},\"datePublished\":\"2014-01-08T12:57:21+00:00\",\"dateModified\":\"2014-01-08T12:57:21+00:00\",\"breadcrumb\":{\"@id\":\"https:\/\/sabado100.com.ar\/es-ar\/carmelo-greco-nos-dejo-repentinamente\/#breadcrumb\"},\"inLanguage\":\"es\",\"potentialAction\":[{\"@type\":\"ReadAction\",\"target\":[\"https:\/\/sabado100.com.ar\/es-ar\/carmelo-greco-nos-dejo-repentinamente\/\"]}]},{\"@type\":\"BreadcrumbList\",\"@id\":\"https:\/\/sabado100.com.ar\/es-ar\/carmelo-greco-nos-dejo-repentinamente\/#breadcrumb\",\"itemListElement\":[{\"@type\":\"ListItem\",\"position\":1,\"name\":\"Portada\",\"item\":\"https:\/\/sabado100.com.ar\/es-ar\/\"},{\"@type\":\"ListItem\",\"position\":2,\"name\":\"Carmelo Greco nos dej\u00f3 repentinamente\"}]},{\"@type\":\"WebSite\",\"@id\":\"https:\/\/sabado100.com.ar\/es-ar\/#website\",\"url\":\"https:\/\/sabado100.com.ar\/es-ar\/\",\"name\":\"Sabado 100\",\"description\":\"\",\"publisher\":{\"@id\":\"https:\/\/sabado100.com.ar\/es-ar\/#organization\"},\"potentialAction\":[{\"@type\":\"SearchAction\",\"target\":{\"@type\":\"EntryPoint\",\"urlTemplate\":\"https:\/\/sabado100.com.ar\/es-ar\/?s={search_term_string}\"},\"query-input\":\"required name=search_term_string\"}],\"inLanguage\":\"es\"},{\"@type\":\"Organization\",\"@id\":\"https:\/\/sabado100.com.ar\/es-ar\/#organization\",\"name\":\"Sabado 100\",\"url\":\"https:\/\/sabado100.com.ar\/es-ar\/\",\"logo\":{\"@type\":\"ImageObject\",\"inLanguage\":\"es\",\"@id\":\"https:\/\/sabado100.com.ar\/es-ar\/#\/schema\/logo\/image\/\",\"url\":\"https:\/\/sabado100.com.ar\/es-ar\/wp-content\/uploads\/2024\/04\/logo3.jpg\",\"contentUrl\":\"https:\/\/sabado100.com.ar\/es-ar\/wp-content\/uploads\/2024\/04\/logo3.jpg\",\"width\":300,\"height\":174,\"caption\":\"Sabado 100\"},\"image\":{\"@id\":\"https:\/\/sabado100.com.ar\/es-ar\/#\/schema\/logo\/image\/\"},\"sameAs\":[\"https:\/\/www.facebook.com\/sabadocien\/\",\"https:\/\/www.instagram.com\/sabado100.com.ar\/\",\"https:\/\/www.youtube.com\/@sabado1003\"]},{\"@type\":\"Person\",\"@id\":\"https:\/\/sabado100.com.ar\/es-ar\/#\/schema\/person\/58e38b918ef4e44b11398f25d4684c6d\",\"name\":\"sabado cien\",\"image\":{\"@type\":\"ImageObject\",\"inLanguage\":\"es\",\"@id\":\"https:\/\/sabado100.com.ar\/es-ar\/#\/schema\/person\/image\/\",\"url\":\"https:\/\/sabado100.com.ar\/es-ar\/wp-content\/litespeed\/avatar\/484bccfbd493fbb703b0f1b8113dad61.jpg?ver=1787731622\",\"contentUrl\":\"https:\/\/sabado100.com.ar\/es-ar\/wp-content\/litespeed\/avatar\/484bccfbd493fbb703b0f1b8113dad61.jpg?ver=1787731622\",\"caption\":\"sabado cien\"},\"url\":\"https:\/\/sabado100.com.ar\/es-ar\/author\/sabado100\/\"}]}<\/script>\n<!-- \/ Yoast SEO plugin. -->","yoast_head_json":{"title":"Carmelo Greco nos dej\u00f3 repentinamente - Sabado 100","robots":{"index":"index","follow":"follow","max-snippet":"max-snippet:-1","max-image-preview":"max-image-preview:large","max-video-preview":"max-video-preview:-1"},"canonical":"https:\/\/sabado100.com.ar\/es-ar\/carmelo-greco-nos-dejo-repentinamente\/","og_locale":"es_ES","og_type":"article","og_title":"Carmelo Greco nos dej\u00f3 repentinamente - Sabado 100","og_description":"Por Emilio Grande.-\u00a0Su partida fue en forma r\u00e1pida e inesperada para sus familiares, amigos y todos quienes lo conocimos en [&hellip;]","og_url":"https:\/\/sabado100.com.ar\/es-ar\/carmelo-greco-nos-dejo-repentinamente\/","og_site_name":"Sabado 100","article_publisher":"https:\/\/www.facebook.com\/sabadocien\/","article_published_time":"2014-01-08T12:57:21+00:00","author":"sabado cien","twitter_card":"summary_large_image","twitter_misc":{"Escrito por":"sabado cien","Tiempo de lectura":"5 minutos"},"schema":{"@context":"https:\/\/schema.org","@graph":[{"@type":"Article","@id":"https:\/\/sabado100.com.ar\/es-ar\/carmelo-greco-nos-dejo-repentinamente\/#article","isPartOf":{"@id":"https:\/\/sabado100.com.ar\/es-ar\/carmelo-greco-nos-dejo-repentinamente\/"},"author":{"name":"sabado cien","@id":"https:\/\/sabado100.com.ar\/es-ar\/#\/schema\/person\/58e38b918ef4e44b11398f25d4684c6d"},"headline":"Carmelo Greco nos dej\u00f3 repentinamente","datePublished":"2014-01-08T12:57:21+00:00","dateModified":"2014-01-08T12:57:21+00:00","mainEntityOfPage":{"@id":"https:\/\/sabado100.com.ar\/es-ar\/carmelo-greco-nos-dejo-repentinamente\/"},"wordCount":1022,"commentCount":0,"publisher":{"@id":"https:\/\/sabado100.com.ar\/es-ar\/#organization"},"keywords":["muerte de Carmelo Greco"],"articleSection":["Cultura y Sociedad","Religi\u00f3n"],"inLanguage":"es","potentialAction":[{"@type":"CommentAction","name":"Comment","target":["https:\/\/sabado100.com.ar\/es-ar\/carmelo-greco-nos-dejo-repentinamente\/#respond"]}]},{"@type":"WebPage","@id":"https:\/\/sabado100.com.ar\/es-ar\/carmelo-greco-nos-dejo-repentinamente\/","url":"https:\/\/sabado100.com.ar\/es-ar\/carmelo-greco-nos-dejo-repentinamente\/","name":"Carmelo Greco nos dej\u00f3 repentinamente - Sabado 100","isPartOf":{"@id":"https:\/\/sabado100.com.ar\/es-ar\/#website"},"datePublished":"2014-01-08T12:57:21+00:00","dateModified":"2014-01-08T12:57:21+00:00","breadcrumb":{"@id":"https:\/\/sabado100.com.ar\/es-ar\/carmelo-greco-nos-dejo-repentinamente\/#breadcrumb"},"inLanguage":"es","potentialAction":[{"@type":"ReadAction","target":["https:\/\/sabado100.com.ar\/es-ar\/carmelo-greco-nos-dejo-repentinamente\/"]}]},{"@type":"BreadcrumbList","@id":"https:\/\/sabado100.com.ar\/es-ar\/carmelo-greco-nos-dejo-repentinamente\/#breadcrumb","itemListElement":[{"@type":"ListItem","position":1,"name":"Portada","item":"https:\/\/sabado100.com.ar\/es-ar\/"},{"@type":"ListItem","position":2,"name":"Carmelo Greco nos dej\u00f3 repentinamente"}]},{"@type":"WebSite","@id":"https:\/\/sabado100.com.ar\/es-ar\/#website","url":"https:\/\/sabado100.com.ar\/es-ar\/","name":"Sabado 100","description":"","publisher":{"@id":"https:\/\/sabado100.com.ar\/es-ar\/#organization"},"potentialAction":[{"@type":"SearchAction","target":{"@type":"EntryPoint","urlTemplate":"https:\/\/sabado100.com.ar\/es-ar\/?s={search_term_string}"},"query-input":"required name=search_term_string"}],"inLanguage":"es"},{"@type":"Organization","@id":"https:\/\/sabado100.com.ar\/es-ar\/#organization","name":"Sabado 100","url":"https:\/\/sabado100.com.ar\/es-ar\/","logo":{"@type":"ImageObject","inLanguage":"es","@id":"https:\/\/sabado100.com.ar\/es-ar\/#\/schema\/logo\/image\/","url":"https:\/\/sabado100.com.ar\/es-ar\/wp-content\/uploads\/2024\/04\/logo3.jpg","contentUrl":"https:\/\/sabado100.com.ar\/es-ar\/wp-content\/uploads\/2024\/04\/logo3.jpg","width":300,"height":174,"caption":"Sabado 100"},"image":{"@id":"https:\/\/sabado100.com.ar\/es-ar\/#\/schema\/logo\/image\/"},"sameAs":["https:\/\/www.facebook.com\/sabadocien\/","https:\/\/www.instagram.com\/sabado100.com.ar\/","https:\/\/www.youtube.com\/@sabado1003"]},{"@type":"Person","@id":"https:\/\/sabado100.com.ar\/es-ar\/#\/schema\/person\/58e38b918ef4e44b11398f25d4684c6d","name":"sabado cien","image":{"@type":"ImageObject","inLanguage":"es","@id":"https:\/\/sabado100.com.ar\/es-ar\/#\/schema\/person\/image\/","url":"https:\/\/sabado100.com.ar\/es-ar\/wp-content\/litespeed\/avatar\/484bccfbd493fbb703b0f1b8113dad61.jpg?ver=1787731622","contentUrl":"https:\/\/sabado100.com.ar\/es-ar\/wp-content\/litespeed\/avatar\/484bccfbd493fbb703b0f1b8113dad61.jpg?ver=1787731622","caption":"sabado cien"},"url":"https:\/\/sabado100.com.ar\/es-ar\/author\/sabado100\/"}]}},"_links":{"self":[{"href":"https:\/\/sabado100.com.ar\/es-ar\/wp-json\/wp\/v2\/posts\/3549","targetHints":{"allow":["GET"]}}],"collection":[{"href":"https:\/\/sabado100.com.ar\/es-ar\/wp-json\/wp\/v2\/posts"}],"about":[{"href":"https:\/\/sabado100.com.ar\/es-ar\/wp-json\/wp\/v2\/types\/post"}],"author":[{"embeddable":true,"href":"https:\/\/sabado100.com.ar\/es-ar\/wp-json\/wp\/v2\/users\/2"}],"replies":[{"embeddable":true,"href":"https:\/\/sabado100.com.ar\/es-ar\/wp-json\/wp\/v2\/comments?post=3549"}],"version-history":[{"count":0,"href":"https:\/\/sabado100.com.ar\/es-ar\/wp-json\/wp\/v2\/posts\/3549\/revisions"}],"wp:attachment":[{"href":"https:\/\/sabado100.com.ar\/es-ar\/wp-json\/wp\/v2\/media?parent=3549"}],"wp:term":[{"taxonomy":"category","embeddable":true,"href":"https:\/\/sabado100.com.ar\/es-ar\/wp-json\/wp\/v2\/categories?post=3549"},{"taxonomy":"post_tag","embeddable":true,"href":"https:\/\/sabado100.com.ar\/es-ar\/wp-json\/wp\/v2\/tags?post=3549"}],"curies":[{"name":"wp","href":"https:\/\/api.w.org\/{rel}","templated":true}]}}