{"id":3547,"date":"2014-01-08T14:55:09","date_gmt":"2014-01-08T12:55:09","guid":{"rendered":"https:\/\/www.sabado100.com.ar\/?p=3547"},"modified":"2014-01-08T14:55:09","modified_gmt":"2014-01-08T12:55:09","slug":"limites-y-vicios-del-aparato-peronista","status":"publish","type":"post","link":"https:\/\/sabado100.com.ar\/es-ar\/limites-y-vicios-del-aparato-peronista\/","title":{"rendered":"L\u00edmites y vicios del aparato peronista"},"content":{"rendered":"<p>Por\u00a0<a itemprop=\"url\" title=\"Ver todas las notas de Rodrigo Zarazaga\" href=\"http:\/\/www.lanacion.com.ar\/autor\/rodrigo-zarazaga-3504\" rel=\"author,up\">Rodrigo Zarazaga<\/a>.-<b itemprop=\"name\">\u00a0<\/b>\u00abEn pol\u00edtica triunfa quien pone la vela donde sopla el viento, no quien pretende que sople donde pone la vela.\u00bb El peronismo ha incorporado con naturalidad a lo largo de su historia esta m\u00e1xima de Antonio Machado y se apresta hoy a una nueva transformaci\u00f3n que lo mantenga en el poder. Sus candidatos m\u00e1s importantes huelen nuevos aires y comienzan a tesar la botavara.<a href=\"http:\/\/www.lanacion.com.ar\/1652234-impulsan-una-gran-interna-en-el-kirchnerismo-para-definir-el-candidato-de-2015\" target=\"_blank\" rel=\"noopener noreferrer\">\u00a0Aspirantes peronistas a la Presidencia\u00a0<\/a>asumen discursos m\u00e1s conciliadores con el capital prometiendo mayor estabilidad y seguridad jur\u00eddica. Intuyen el agotamiento de un discurso y esperan cosechar voluntades y votos migrando, hasta donde digan las encuestas, hacia otro polo. El cambio que se insin\u00faa, sin embargo, no pertenece exclusivamente a la esfera econ\u00f3mica. Otro cambio, tal vez m\u00e1s profundo, se da a la par y con independencia de los rumbos econ\u00f3micos.<\/p>\n<p>La simbolog\u00eda peronista comienza a atrasar. A los votantes menores de 50 a\u00f1os dif\u00edcilmente la foto de Per\u00f3n o la marcha les provoquen esos fuertes sentimientos de identidad y pertenencia peronista que marcaron a parte de una generaci\u00f3n hoy ya m\u00e1s avanzada en edad. Conscientes de eso, los candidatos peronistas desarrollan una nueva est\u00e9tica para sus campa\u00f1as. Si bien es cierto que el kirchnerismo recurri\u00f3 a lo popular\u00a0<a href=\"http:\/\/www.lanacion.com.ar\/1650704-unidos-y-organizados-perdio-fuerza-y-debate-su-papel-en-la-nueva-etapa\" target=\"_blank\" rel=\"noopener noreferrer\">para cautivar con especial \u00e9xito a los j\u00f3venes<\/a>, lo hizo ya con una simbolog\u00eda aggiornada que incorpora los papelitos de colores, \u00abAvanti morocha\u00bb y la figura de N\u00e9stor como el Eternauta.<\/p>\n<p>El cambio es m\u00e1s llamativo en las figuras peronistas no oficialistas, que intentan ante todo presentarse como j\u00f3venes y modernos gestores. Contratan creativos que desarrollan conceptos publicitarios algo alejados del viejo folklore peronista. En la campa\u00f1a de Sergio Massa, por ejemplo, los s\u00edmbolos peronistas brillaron por su ausencia. El traje oscuro y la camisa clara sin corbata parecen ser el uniforme dictado por los asesores de imagen, preocupados m\u00e1s porque los candidatos luzcan j\u00f3venes que populares. Atr\u00e1s quedo la hist\u00f3rica identificaci\u00f3n con los descamisados.<\/p>\n<p>Con el cambio de imagen, los candidatos peronistas no s\u00f3lo acusan recibo del paso del tiempo, sino que tambi\u00e9n intentan separarse de un perfil que podr\u00eda imponerles costos electorales. La nueva camada de intendentes y gobernadores peronistas, elegidos por primera vez entre 2007 y 2011, busca tomar distancia de los intendentes cuasi vitalicios del conurbano que van por la cuarta o quinta reelecci\u00f3n y de los gobernadores feudales, identificados con el manejo del aparato clientelar. Si reconocen en estos gobernadores e intendentes capacidad para acumular poder, tambi\u00e9n ven en ellos una fuente de crecientes problemas.<\/p>\n<p>El peronismo cultiv\u00f3 hist\u00f3ricamente el trabajo social en los barrios. Sus referentes constituyen una red de contenci\u00f3n social que, aun cuando presta sus servicios de manera discrecional e interesada, todav\u00eda soluciona algunos problemas a sus vecinos. A lo largo del tiempo, sus militantes multiplicaron en cada barrio obrero clubes sociales y deportivos, salas m\u00e9dicas, centros de apoyo escolar y de consultor\u00eda legal, entre otros muchos servicios. Los punteros siempre realizaron manejos clientelares, pero definieron su trabajo como fundamentalmente social. En las \u00faltimas d\u00e9cadas, esta dimensi\u00f3n social se viene evaporando bajo el peso del inter\u00e9s pecuniario y del entremezclamiento del aparato con actividades ilegales.<\/p>\n<p>En la pol\u00edtica barrial hoy todo tiene precio; desde la asistencia a una marcha hasta la cl\u00e1sica pintada. Son pocos los punteros que trabajan por convicci\u00f3n, y hay un tarifario bien conocido por los candidatos. Los fiscales les cuestan entre 300 y 500 pesos por elecci\u00f3n. Un pol\u00edtico de fuste me dec\u00eda que la inversi\u00f3n en trabajo social ya no le rinde como antes, \u00abporque ahora el d\u00eda de la elecci\u00f3n te aparece uno repartiendo 150 pesos por voto y te qued\u00e1s sin nada\u00bb. Un letrista famoso por sus grafitis en un municipio de la zona oeste cotiza la pintada de una serie de paredones en 5000 d\u00f3lares. No s\u00f3lo garantiza la buena letra de sus grafitis, sino tambi\u00e9n que nadie se anime a pintar encima. Un puntero me dec\u00eda: \u00abAntes cant\u00e1bamos \u00abcombatiendo al capital\u00bb, ahora s\u00f3lo hacemos pol\u00edtica por capital\u00bb.<\/p>\n<p>La afianzada maquinaria empieza a mostrar sus l\u00edmites. Los jefes pol\u00edticos saben que muy r\u00e1pido pueden ver a sus punteros trabajando para sus opositores. Peor a\u00fan, saben que estas redes se superponen con las redes de actividades ilegales como el narcotr\u00e1fico y la trata, de las que no resulta f\u00e1cil despegarse. En los recientes saqueos en C\u00f3rdoba salieron a luz redes que defienden sus intereses oscuros sin ning\u00fan escr\u00fapulo y que pueden dejar atrapado al poder pol\u00edtico. Estos grupos de poder, que crecieron bajo la omisi\u00f3n o la mirada c\u00f3mplice de la pol\u00edtica, no aceptan f\u00e1cilmente que se les recorten ganancias por cuestiones electorales. Su poder se ha cobrado en este diciembre algunas posibles candidaturas presidenciales.<\/p>\n<p>La nueva generaci\u00f3n de intendentes y gobernadores, al interpretar la condena social que el aparato puede significar, se va despegando de \u00e9l en cuanto puede. El problema que enfrentan es que la gobernabilidad de los distritos que ellos y sus aliados gobiernan depende tambi\u00e9n, en parte, de mantener aceitada y en paz a esa maquinaria de la que buscan distanciarse frente a la opini\u00f3n p\u00fablica. Gobernabilidad que a su vez, parad\u00f3jicamente, les granjea votos aun dentro de los sectores que critican al aparato clientelar. Por su control del territorio, el peronismo es hoy fundamentalmente un sello de gobernabilidad. Los j\u00f3venes candidatos peronistas enfrentan entonces un dilema de dif\u00edcil soluci\u00f3n: \u00bfc\u00f3mo deshacerse de los vicios del aparato sin perder el poder que representa?<\/p>\n<p>No est\u00e1 claro que los pol\u00edticos peronistas que aparecen hoy con mayor proyecci\u00f3n vayan a dar el paso a un nuevo peronismo o a un posperonismo que, apoy\u00e1ndose una vez m\u00e1s en la incorporaci\u00f3n de los pobres, prescinda del viciado aparato. S\u00ed est\u00e1 m\u00e1s claro que hay costos por no hacerlo. Apoyarse cada vez m\u00e1s en la m\u00e1quina clientelar que se superpone con las redes de ilegalidad en los lugares de pobreza supone exponerse a perder el apoyo no s\u00f3lo de las clases medias, sino tambi\u00e9n de las clases bajas. Los saqueos, el narcotr\u00e1fico y la trata perjudican a los pobres. El clientelismo supone la extorsi\u00f3n del pobre; pagarle el precio m\u00ednimo posible para que asista a marchas y vote a favor.<\/p>\n<p>El peronismo, que accedi\u00f3 al poder mediante la incorporaci\u00f3n de los pobres a la vida pol\u00edtica, enfrenta hoy el desaf\u00edo de no transformarse en parte de los problemas de los pobres. Descifrar a las mayor\u00edas, que le son tan ajenas a la oposici\u00f3n, y tratar con ellas ha sido su capital pol\u00edtico. Sin esa br\u00fajula est\u00e1 perdido, ser\u00e1 un partido de cotill\u00f3n, mientras a los pobres se los lleva puestos la realidad.<\/p>\n<p>Los pol\u00edticos como grandes jefes de aparatos clientelares corruptos son un anacronismo peligroso. Un anacronismo que puede enterrar no s\u00f3lo alguna que otra candidatura, sino tambi\u00e9n al pa\u00eds entero. La esperanza de un cambio reside en la intolerancia de la sociedad a una pol\u00edtica que explota al pobre y se mezcla con los negocios m\u00e1s turbios. Algunos candidatos sugieren cambios a trav\u00e9s de los gestos; resta saber si estos gestos ir\u00e1n acompa\u00f1ados de contenidos o ser\u00e1n s\u00f3lo papelitos de colores. Resta saber si alguien, cambiando las formas, ser\u00e1 capaz de hacerse cargo en serio de los acuciantes problemas del pa\u00eds y, sobre todo, de c\u00f3mo afectan a los m\u00e1s pobres.<\/p>\n<p><strong>Fuente:<\/strong> diario La Naci\u00f3n, 7 de enero de 2014.<\/p>\n","protected":false},"excerpt":{"rendered":"<p>Por\u00a0Rodrigo Zarazaga.-\u00a0\u00abEn pol\u00edtica triunfa quien pone la vela donde sopla el viento, no quien pretende que sople donde pone la [&hellip;]<\/p>\n","protected":false},"author":2,"featured_media":0,"comment_status":"open","ping_status":"closed","sticky":false,"template":"","format":"standard","meta":{"site-sidebar-layout":"default","site-content-layout":"","ast-site-content-layout":"default","site-content-style":"default","site-sidebar-style":"default","ast-global-header-display":"","ast-banner-title-visibility":"","ast-main-header-display":"","ast-hfb-above-header-display":"","ast-hfb-below-header-display":"","ast-hfb-mobile-header-display":"","site-post-title":"","ast-breadcrumbs-content":"","ast-featured-img":"","footer-sml-layout":"","ast-disable-related-posts":"","theme-transparent-header-meta":"","adv-header-id-meta":"","stick-header-meta":"","header-above-stick-meta":"","header-main-stick-meta":"","header-below-stick-meta":"","astra-migrate-meta-layouts":"default","ast-page-background-enabled":"default","ast-page-background-meta":{"desktop":{"background-color":"var(--ast-global-color-4)","background-image":"","background-repeat":"repeat","background-position":"center center","background-size":"auto","background-attachment":"scroll","background-type":"","background-media":"","overlay-type":"","overlay-color":"","overlay-opacity":"","overlay-gradient":""},"tablet":{"background-color":"","background-image":"","background-repeat":"repeat","background-position":"center center","background-size":"auto","background-attachment":"scroll","background-type":"","background-media":"","overlay-type":"","overlay-color":"","overlay-opacity":"","overlay-gradient":""},"mobile":{"background-color":"","background-image":"","background-repeat":"repeat","background-position":"center center","background-size":"auto","background-attachment":"scroll","background-type":"","background-media":"","overlay-type":"","overlay-color":"","overlay-opacity":"","overlay-gradient":""}},"ast-content-background-meta":{"desktop":{"background-color":"var(--ast-global-color-5)","background-image":"","background-repeat":"repeat","background-position":"center center","background-size":"auto","background-attachment":"scroll","background-type":"","background-media":"","overlay-type":"","overlay-color":"","overlay-opacity":"","overlay-gradient":""},"tablet":{"background-color":"var(--ast-global-color-5)","background-image":"","background-repeat":"repeat","background-position":"center center","background-size":"auto","background-attachment":"scroll","background-type":"","background-media":"","overlay-type":"","overlay-color":"","overlay-opacity":"","overlay-gradient":""},"mobile":{"background-color":"var(--ast-global-color-5)","background-image":"","background-repeat":"repeat","background-position":"center center","background-size":"auto","background-attachment":"scroll","background-type":"","background-media":"","overlay-type":"","overlay-color":"","overlay-opacity":"","overlay-gradient":""}},"footnotes":""},"categories":[4,5],"tags":[5197],"class_list":["post-3547","post","type-post","status-publish","format-standard","hentry","category-cultura-y-sociedad","category-politica","tag-limites-y-vicios-del-aparato-peronista"],"yoast_head":"<!-- This site is optimized with the Yoast SEO plugin v23.2 - https:\/\/yoast.com\/wordpress\/plugins\/seo\/ -->\n<title>L\u00edmites y vicios del aparato peronista - Sabado 100<\/title>\n<meta name=\"robots\" content=\"index, follow, max-snippet:-1, max-image-preview:large, max-video-preview:-1\" \/>\n<link rel=\"canonical\" href=\"https:\/\/sabado100.com.ar\/es-ar\/limites-y-vicios-del-aparato-peronista\/\" \/>\n<meta property=\"og:locale\" content=\"es_ES\" \/>\n<meta property=\"og:type\" content=\"article\" \/>\n<meta property=\"og:title\" content=\"L\u00edmites y vicios del aparato peronista - Sabado 100\" \/>\n<meta property=\"og:description\" content=\"Por\u00a0Rodrigo Zarazaga.-\u00a0\u00abEn pol\u00edtica triunfa quien pone la vela donde sopla el viento, no quien pretende que sople donde pone la [&hellip;]\" \/>\n<meta property=\"og:url\" content=\"https:\/\/sabado100.com.ar\/es-ar\/limites-y-vicios-del-aparato-peronista\/\" \/>\n<meta property=\"og:site_name\" content=\"Sabado 100\" \/>\n<meta property=\"article:publisher\" content=\"https:\/\/www.facebook.com\/sabadocien\/\" \/>\n<meta property=\"article:published_time\" content=\"2014-01-08T12:55:09+00:00\" \/>\n<meta name=\"author\" content=\"sabado cien\" \/>\n<meta name=\"twitter:card\" content=\"summary_large_image\" \/>\n<meta name=\"twitter:label1\" content=\"Escrito por\" \/>\n\t<meta name=\"twitter:data1\" content=\"sabado cien\" \/>\n\t<meta name=\"twitter:label2\" content=\"Tiempo de lectura\" \/>\n\t<meta name=\"twitter:data2\" content=\"7 minutos\" \/>\n<script type=\"application\/ld+json\" class=\"yoast-schema-graph\">{\"@context\":\"https:\/\/schema.org\",\"@graph\":[{\"@type\":\"Article\",\"@id\":\"https:\/\/sabado100.com.ar\/es-ar\/limites-y-vicios-del-aparato-peronista\/#article\",\"isPartOf\":{\"@id\":\"https:\/\/sabado100.com.ar\/es-ar\/limites-y-vicios-del-aparato-peronista\/\"},\"author\":{\"name\":\"sabado cien\",\"@id\":\"https:\/\/sabado100.com.ar\/es-ar\/#\/schema\/person\/58e38b918ef4e44b11398f25d4684c6d\"},\"headline\":\"L\u00edmites y vicios del aparato peronista\",\"datePublished\":\"2014-01-08T12:55:09+00:00\",\"dateModified\":\"2014-01-08T12:55:09+00:00\",\"mainEntityOfPage\":{\"@id\":\"https:\/\/sabado100.com.ar\/es-ar\/limites-y-vicios-del-aparato-peronista\/\"},\"wordCount\":1329,\"commentCount\":0,\"publisher\":{\"@id\":\"https:\/\/sabado100.com.ar\/es-ar\/#organization\"},\"keywords\":[\"L\u00edmites y vicios del aparato peronista\"],\"articleSection\":[\"Cultura y Sociedad\",\"Pol\u00edtica\"],\"inLanguage\":\"es\",\"potentialAction\":[{\"@type\":\"CommentAction\",\"name\":\"Comment\",\"target\":[\"https:\/\/sabado100.com.ar\/es-ar\/limites-y-vicios-del-aparato-peronista\/#respond\"]}]},{\"@type\":\"WebPage\",\"@id\":\"https:\/\/sabado100.com.ar\/es-ar\/limites-y-vicios-del-aparato-peronista\/\",\"url\":\"https:\/\/sabado100.com.ar\/es-ar\/limites-y-vicios-del-aparato-peronista\/\",\"name\":\"L\u00edmites y vicios del aparato peronista - Sabado 100\",\"isPartOf\":{\"@id\":\"https:\/\/sabado100.com.ar\/es-ar\/#website\"},\"datePublished\":\"2014-01-08T12:55:09+00:00\",\"dateModified\":\"2014-01-08T12:55:09+00:00\",\"breadcrumb\":{\"@id\":\"https:\/\/sabado100.com.ar\/es-ar\/limites-y-vicios-del-aparato-peronista\/#breadcrumb\"},\"inLanguage\":\"es\",\"potentialAction\":[{\"@type\":\"ReadAction\",\"target\":[\"https:\/\/sabado100.com.ar\/es-ar\/limites-y-vicios-del-aparato-peronista\/\"]}]},{\"@type\":\"BreadcrumbList\",\"@id\":\"https:\/\/sabado100.com.ar\/es-ar\/limites-y-vicios-del-aparato-peronista\/#breadcrumb\",\"itemListElement\":[{\"@type\":\"ListItem\",\"position\":1,\"name\":\"Portada\",\"item\":\"https:\/\/sabado100.com.ar\/es-ar\/\"},{\"@type\":\"ListItem\",\"position\":2,\"name\":\"L\u00edmites y vicios del aparato peronista\"}]},{\"@type\":\"WebSite\",\"@id\":\"https:\/\/sabado100.com.ar\/es-ar\/#website\",\"url\":\"https:\/\/sabado100.com.ar\/es-ar\/\",\"name\":\"Sabado 100\",\"description\":\"\",\"publisher\":{\"@id\":\"https:\/\/sabado100.com.ar\/es-ar\/#organization\"},\"potentialAction\":[{\"@type\":\"SearchAction\",\"target\":{\"@type\":\"EntryPoint\",\"urlTemplate\":\"https:\/\/sabado100.com.ar\/es-ar\/?s={search_term_string}\"},\"query-input\":\"required name=search_term_string\"}],\"inLanguage\":\"es\"},{\"@type\":\"Organization\",\"@id\":\"https:\/\/sabado100.com.ar\/es-ar\/#organization\",\"name\":\"Sabado 100\",\"url\":\"https:\/\/sabado100.com.ar\/es-ar\/\",\"logo\":{\"@type\":\"ImageObject\",\"inLanguage\":\"es\",\"@id\":\"https:\/\/sabado100.com.ar\/es-ar\/#\/schema\/logo\/image\/\",\"url\":\"https:\/\/sabado100.com.ar\/es-ar\/wp-content\/uploads\/2024\/04\/logo3.jpg\",\"contentUrl\":\"https:\/\/sabado100.com.ar\/es-ar\/wp-content\/uploads\/2024\/04\/logo3.jpg\",\"width\":300,\"height\":174,\"caption\":\"Sabado 100\"},\"image\":{\"@id\":\"https:\/\/sabado100.com.ar\/es-ar\/#\/schema\/logo\/image\/\"},\"sameAs\":[\"https:\/\/www.facebook.com\/sabadocien\/\",\"https:\/\/www.instagram.com\/sabado100.com.ar\/\",\"https:\/\/www.youtube.com\/@sabado1003\"]},{\"@type\":\"Person\",\"@id\":\"https:\/\/sabado100.com.ar\/es-ar\/#\/schema\/person\/58e38b918ef4e44b11398f25d4684c6d\",\"name\":\"sabado cien\",\"image\":{\"@type\":\"ImageObject\",\"inLanguage\":\"es\",\"@id\":\"https:\/\/sabado100.com.ar\/es-ar\/#\/schema\/person\/image\/\",\"url\":\"https:\/\/sabado100.com.ar\/es-ar\/wp-content\/litespeed\/avatar\/484bccfbd493fbb703b0f1b8113dad61.jpg?ver=1787731622\",\"contentUrl\":\"https:\/\/sabado100.com.ar\/es-ar\/wp-content\/litespeed\/avatar\/484bccfbd493fbb703b0f1b8113dad61.jpg?ver=1787731622\",\"caption\":\"sabado cien\"},\"url\":\"https:\/\/sabado100.com.ar\/es-ar\/author\/sabado100\/\"}]}<\/script>\n<!-- \/ Yoast SEO plugin. -->","yoast_head_json":{"title":"L\u00edmites y vicios del aparato peronista - Sabado 100","robots":{"index":"index","follow":"follow","max-snippet":"max-snippet:-1","max-image-preview":"max-image-preview:large","max-video-preview":"max-video-preview:-1"},"canonical":"https:\/\/sabado100.com.ar\/es-ar\/limites-y-vicios-del-aparato-peronista\/","og_locale":"es_ES","og_type":"article","og_title":"L\u00edmites y vicios del aparato peronista - Sabado 100","og_description":"Por\u00a0Rodrigo Zarazaga.-\u00a0\u00abEn pol\u00edtica triunfa quien pone la vela donde sopla el viento, no quien pretende que sople donde pone la [&hellip;]","og_url":"https:\/\/sabado100.com.ar\/es-ar\/limites-y-vicios-del-aparato-peronista\/","og_site_name":"Sabado 100","article_publisher":"https:\/\/www.facebook.com\/sabadocien\/","article_published_time":"2014-01-08T12:55:09+00:00","author":"sabado cien","twitter_card":"summary_large_image","twitter_misc":{"Escrito por":"sabado cien","Tiempo de lectura":"7 minutos"},"schema":{"@context":"https:\/\/schema.org","@graph":[{"@type":"Article","@id":"https:\/\/sabado100.com.ar\/es-ar\/limites-y-vicios-del-aparato-peronista\/#article","isPartOf":{"@id":"https:\/\/sabado100.com.ar\/es-ar\/limites-y-vicios-del-aparato-peronista\/"},"author":{"name":"sabado cien","@id":"https:\/\/sabado100.com.ar\/es-ar\/#\/schema\/person\/58e38b918ef4e44b11398f25d4684c6d"},"headline":"L\u00edmites y vicios del aparato peronista","datePublished":"2014-01-08T12:55:09+00:00","dateModified":"2014-01-08T12:55:09+00:00","mainEntityOfPage":{"@id":"https:\/\/sabado100.com.ar\/es-ar\/limites-y-vicios-del-aparato-peronista\/"},"wordCount":1329,"commentCount":0,"publisher":{"@id":"https:\/\/sabado100.com.ar\/es-ar\/#organization"},"keywords":["L\u00edmites y vicios del aparato peronista"],"articleSection":["Cultura y Sociedad","Pol\u00edtica"],"inLanguage":"es","potentialAction":[{"@type":"CommentAction","name":"Comment","target":["https:\/\/sabado100.com.ar\/es-ar\/limites-y-vicios-del-aparato-peronista\/#respond"]}]},{"@type":"WebPage","@id":"https:\/\/sabado100.com.ar\/es-ar\/limites-y-vicios-del-aparato-peronista\/","url":"https:\/\/sabado100.com.ar\/es-ar\/limites-y-vicios-del-aparato-peronista\/","name":"L\u00edmites y vicios del aparato peronista - Sabado 100","isPartOf":{"@id":"https:\/\/sabado100.com.ar\/es-ar\/#website"},"datePublished":"2014-01-08T12:55:09+00:00","dateModified":"2014-01-08T12:55:09+00:00","breadcrumb":{"@id":"https:\/\/sabado100.com.ar\/es-ar\/limites-y-vicios-del-aparato-peronista\/#breadcrumb"},"inLanguage":"es","potentialAction":[{"@type":"ReadAction","target":["https:\/\/sabado100.com.ar\/es-ar\/limites-y-vicios-del-aparato-peronista\/"]}]},{"@type":"BreadcrumbList","@id":"https:\/\/sabado100.com.ar\/es-ar\/limites-y-vicios-del-aparato-peronista\/#breadcrumb","itemListElement":[{"@type":"ListItem","position":1,"name":"Portada","item":"https:\/\/sabado100.com.ar\/es-ar\/"},{"@type":"ListItem","position":2,"name":"L\u00edmites y vicios del aparato peronista"}]},{"@type":"WebSite","@id":"https:\/\/sabado100.com.ar\/es-ar\/#website","url":"https:\/\/sabado100.com.ar\/es-ar\/","name":"Sabado 100","description":"","publisher":{"@id":"https:\/\/sabado100.com.ar\/es-ar\/#organization"},"potentialAction":[{"@type":"SearchAction","target":{"@type":"EntryPoint","urlTemplate":"https:\/\/sabado100.com.ar\/es-ar\/?s={search_term_string}"},"query-input":"required name=search_term_string"}],"inLanguage":"es"},{"@type":"Organization","@id":"https:\/\/sabado100.com.ar\/es-ar\/#organization","name":"Sabado 100","url":"https:\/\/sabado100.com.ar\/es-ar\/","logo":{"@type":"ImageObject","inLanguage":"es","@id":"https:\/\/sabado100.com.ar\/es-ar\/#\/schema\/logo\/image\/","url":"https:\/\/sabado100.com.ar\/es-ar\/wp-content\/uploads\/2024\/04\/logo3.jpg","contentUrl":"https:\/\/sabado100.com.ar\/es-ar\/wp-content\/uploads\/2024\/04\/logo3.jpg","width":300,"height":174,"caption":"Sabado 100"},"image":{"@id":"https:\/\/sabado100.com.ar\/es-ar\/#\/schema\/logo\/image\/"},"sameAs":["https:\/\/www.facebook.com\/sabadocien\/","https:\/\/www.instagram.com\/sabado100.com.ar\/","https:\/\/www.youtube.com\/@sabado1003"]},{"@type":"Person","@id":"https:\/\/sabado100.com.ar\/es-ar\/#\/schema\/person\/58e38b918ef4e44b11398f25d4684c6d","name":"sabado cien","image":{"@type":"ImageObject","inLanguage":"es","@id":"https:\/\/sabado100.com.ar\/es-ar\/#\/schema\/person\/image\/","url":"https:\/\/sabado100.com.ar\/es-ar\/wp-content\/litespeed\/avatar\/484bccfbd493fbb703b0f1b8113dad61.jpg?ver=1787731622","contentUrl":"https:\/\/sabado100.com.ar\/es-ar\/wp-content\/litespeed\/avatar\/484bccfbd493fbb703b0f1b8113dad61.jpg?ver=1787731622","caption":"sabado cien"},"url":"https:\/\/sabado100.com.ar\/es-ar\/author\/sabado100\/"}]}},"_links":{"self":[{"href":"https:\/\/sabado100.com.ar\/es-ar\/wp-json\/wp\/v2\/posts\/3547","targetHints":{"allow":["GET"]}}],"collection":[{"href":"https:\/\/sabado100.com.ar\/es-ar\/wp-json\/wp\/v2\/posts"}],"about":[{"href":"https:\/\/sabado100.com.ar\/es-ar\/wp-json\/wp\/v2\/types\/post"}],"author":[{"embeddable":true,"href":"https:\/\/sabado100.com.ar\/es-ar\/wp-json\/wp\/v2\/users\/2"}],"replies":[{"embeddable":true,"href":"https:\/\/sabado100.com.ar\/es-ar\/wp-json\/wp\/v2\/comments?post=3547"}],"version-history":[{"count":0,"href":"https:\/\/sabado100.com.ar\/es-ar\/wp-json\/wp\/v2\/posts\/3547\/revisions"}],"wp:attachment":[{"href":"https:\/\/sabado100.com.ar\/es-ar\/wp-json\/wp\/v2\/media?parent=3547"}],"wp:term":[{"taxonomy":"category","embeddable":true,"href":"https:\/\/sabado100.com.ar\/es-ar\/wp-json\/wp\/v2\/categories?post=3547"},{"taxonomy":"post_tag","embeddable":true,"href":"https:\/\/sabado100.com.ar\/es-ar\/wp-json\/wp\/v2\/tags?post=3547"}],"curies":[{"name":"wp","href":"https:\/\/api.w.org\/{rel}","templated":true}]}}