{"id":3524,"date":"2013-12-23T14:01:40","date_gmt":"2013-12-23T12:01:40","guid":{"rendered":"https:\/\/www.sabado100.com.ar\/?p=3524"},"modified":"2013-12-23T14:01:40","modified_gmt":"2013-12-23T12:01:40","slug":"un-pais-gobernado-por-el-capricho","status":"publish","type":"post","link":"https:\/\/sabado100.com.ar\/es-ar\/un-pais-gobernado-por-el-capricho\/","title":{"rendered":"Un pa\u00eds gobernado por el capricho"},"content":{"rendered":"<p><strong>Por\u00a0<a itemprop=\"url\" title=\"&lt;br \/&gt;\n            Ver todas las notas de Joaqu\u00edn Morales Sol\u00e1\" href=\"http:\/\/www.lanacion.com.ar\/autor\/joaquin-morales-sola-51\" rel=\"author,up\">Joaqu\u00edn Morales Sol\u00e1<\/a>.-\u00a0<\/strong>Cuando casi todo se ha ido, al kirchnerismo le quedar\u00e1 siempre el apriete. Jueces presionados y fiscales suspendidos. La mancha del caso L\u00e1zaro B\u00e1ez podr\u00eda mojar las alfombras que pisa Cristina Kirchner. Un general de Inteligencia salt\u00f3 sobre todos los cuestionamientos morales y pol\u00edticos para encaramarse en la jefatura del Ej\u00e9rcito. El espionaje atemoriza a muchos, pero no a todos. Un acuerdo \u00abvoluntario\u00bb de precios fue firmado por empresarios rodeados de militantes uniformados de La C\u00e1mpora. Pareci\u00f3 tan voluntario como un acto hecho con el rev\u00f3lver en la cabeza.<\/p>\n<p>No queda, en efecto, m\u00e1s que el apriete, que todav\u00eda consigue funcionar en algunos sectores del Estado y de la sociedad civil<\/p>\n<p>Los actos de autoridad, muchas veces confundidos con simples caprichos, deben reemplazar a las dos columnas del poder kirchnerista que ya no existen: la fuerza electoral y la abundancia de dinero. En apenas un mes, la Presidenta ha sufrido la ca\u00edda m\u00e1s profunda en las encuestas de toda su historia en el gobierno. Lleg\u00f3 antes a niveles m\u00e1s bajos, pero nunca el derrumbe fue tan r\u00e1pido.<\/p>\n<p>Distintas mediciones indican que cay\u00f3 unos diez puntos entre su reincorporaci\u00f3n a la actividad despu\u00e9s de la enfermedad, en los primeros d\u00edas de noviembre, y la primera semana de diciembre. Casi todas los sondeos se estaban haciendo en los d\u00edas de saqueos y sublevaciones. Es posible que esos esc\u00e1ndalos de sangre y violencia no hayan estado todav\u00eda en la conciencia colectiva. No estaban, desde ya, los posteriores estragos del calor y la falta de energ\u00eda, que conden\u00f3 a miles de argentinos a vivir sin luz.<\/p>\n<p>Nadie puede explicar el colapso argentino de ahora. Al Estado argentino ingresaron en los diez a\u00f1os que gobern\u00f3 un Kirchner m\u00e1s de 900.000 millones de d\u00f3lares, seg\u00fan un estudio del economista Carlos Melconian. \u00bfQu\u00e9 se hizo con semejante cantidad de dinero? Suena pat\u00e9tico que el Estado amenace a las empresas el\u00e9ctricas con estatizar el servicio cuando manej\u00f3 tan mal sus propios recursos. Es el mismo Estado que congel\u00f3 durante una d\u00e9cada todas las tarifas de servicios p\u00fablicos. El populismo hipoteca hasta el futuro de sus propios arquitectos. Jorge Capitanich hab\u00eda comenzado por reconocer la crisis energ\u00e9tica y propuso un sistema de cortes programados de energ\u00eda. No era una soluci\u00f3n ideal, pero no hab\u00eda otra mejor.<\/p>\n<p>Cristina Kirchner levant\u00f3 el tel\u00e9fono y orden\u00f3 a Julio De Vido que desmintiera a Capitanich. Ni siquiera le dio la oportunidad de que se rectificara \u00e9l mismo. Lo desminti\u00f3 un ministro, que tiene rango inferior al de jefe de Gabinete. Se necesita carecer de est\u00f3mago para tolerar la crueldad pol\u00edtica del kirchnerismo. El Gobierno, instruy\u00f3 la Presidenta, deb\u00eda recuperar la l\u00ednea hist\u00f3rica: la culpa de los cortes es de las empresas el\u00e9ctricas y no se deben tomar medidas parecidas a los cortes programados del gobierno de Ra\u00fal Alfons\u00edn. Capitanich hizo luego una autocr\u00edtica p\u00fablica, como en el viejo sistema sovi\u00e9tico.<\/p>\n<p>El Gobierno destina anualmente 210.000 millones de pesos a subsidios. De ese monumental monto, 140.000 millones son subsidios econ\u00f3micos. Los subsidios sociales alcanzan nada m\u00e1s que los 70.000 millones y la Asignaci\u00f3n Universal por Hijo, con la que el gobierno pavonea su sensibilidad social, requiere s\u00f3lo de 15.000 millones de pesos. Esa famosa conquista social significa menos del 7 por ciento del total de los subsidios que financia el Estado. En 2004 no hab\u00eda subsidios econ\u00f3micos. En 2011, poco antes de Cristina Kirchner anunciara un plan de sinceramiento tarifario (que nunca se hizo), los subsidios econ\u00f3micos eran de 85.000 millones de pesos. Dos a\u00f1os despu\u00e9s, se gastan 65.000 millones m\u00e1s.<\/p>\n<p>\u00bfHay, acaso, un pa\u00eds mejor despu\u00e9s de semejante derroche? No. En un largo an\u00e1lisis de la econom\u00eda en los 30 a\u00f1os de democracia, el ex ministro Jorge Remes Lenicov se\u00f1ala que la pobreza ronda ahora el 25% de la poblaci\u00f3n (aunque podr\u00eda ser mayor); que el 50% de los argentinos no tiene cloacas; que dos millones y medio de personas viven hacinadas en villas miserias, y que seis millones necesitan de programas sociales para llegar a fin de mes. Entre tanto, el pa\u00eds kirchnerista liquid\u00f3 el stock ganadero y el energ\u00e9tico, y vio evaporarse las reservas de d\u00f3lares. La inflaci\u00f3n se comi\u00f3, como se\u00f1al\u00f3 hace poco el vocero de la Conferencia Episcopal Argentina, hasta el valor de los planes sociales.<\/p>\n<p>La vida no es un para\u00edso para los sectores sociales con mejores ingresos. Los tel\u00e9fonos celulares funcionan mal; la energ\u00eda, sea la electricidad o el gas, escasean cuando se la necesita y colaps\u00f3, entre la corrupci\u00f3n y la ineficiencia, el transporte p\u00fablico. El desplazamiento por la ciudad o por las autopistas cercanas a ella es una visita cotidiana al infierno para los argentinos que viven en la metr\u00f3polis argentina.<\/p>\n<p>El Gobierno dej\u00f3 trascender, otra vez, que comenzar\u00eda un proceso de aumentos en las tarifas p\u00fablicas. Fue antes de los saqueos y las rebeliones policiales. Despu\u00e9s call\u00f3, tal vez para siempre. Cristina Kirchner no quiere hacer eso cuando ella tambi\u00e9n sabe que se desplom\u00f3 en las encuestas. Para peor, le est\u00e1n golpeando las puertas todos los gremios, hasta los amigos, para pedirle aumentos salariales parecidos a los que recibieron las fuerzas de seguridad.<\/p>\n<p>El programa para elaborar un amplio compromiso sobre precios y salarios, explicado por Capitanich cuando asumi\u00f3, se redujo a un acuerdo \u00abvoluntario\u00bb de precios m\u00e1ximos. Capitanich vir\u00f3 de cierto pragmatismo ortodoxo a una mezcla intelectual (para llamarla de alg\u00fan modo) entre Guillermo Moreno y La C\u00e1mpora. Los ejecutivos de los supermercados firmaron el acuerdo cercados por j\u00f3venes de La C\u00e1mpora, que les advirtieron que har\u00e1n un \u00abcontrol popular\u00bb de su cumplimiento. Las cosas se parec\u00edan ya m\u00e1s a la extravagante ferocidad de Corea del Norte que a los sovi\u00e9ticos. Es la \u00fanica receta que hay para enfrentar la devastadora inflaci\u00f3n de las \u00faltimas semanas. El dinero ya no es lo que era para nadie.<\/p>\n<p>Cristina s\u00f3lo acept\u00f3 una devaluaci\u00f3n gradual del d\u00f3lar. Ese tema la saca de quicio. Cree que le est\u00e1n torciendo el brazo. Pero le dijeron que es la \u00fanica manera que queda de licuar el d\u00e9ficit fiscal y de frenar la fuga de d\u00f3lares. Acept\u00f3 de malas ganas. Mientras no haya un horizonte claro sobre el valor del d\u00f3lar y una decidida pol\u00edtica fiscal para reducir el gasto, y una pol\u00edtica monetaria para limitar la emisi\u00f3n, cualquier precio del d\u00f3lar en el mercado paralelo resultar\u00e1 barato.<\/p>\n<p>La sociedad est\u00e1 tensa, expectante. \u00abEn el conurbano las cosas parecen bajo control, pero todo depende de un f\u00f3sforo mal prendido y de cinco minutos. El incendio podr\u00eda ser enorme\u00bb, dijo un intendente del coraz\u00f3n del conurbano. Ninguna sociedad puede vivir mucho tiempo con expectativas tan cortas, cuando el futuro se reduce al pr\u00f3ximo corte de luz o a los saqueos. Esa falta de un destino m\u00e1s largo que los pr\u00f3ximos d\u00edas o semanas golpea a todo el cuerpo social, incluidos los sectores m\u00e1s pobres. \u00c9stos necesitan tambi\u00e9n saber algo m\u00e1s del porvenir que la seguridad de la asistencia econ\u00f3mica.<\/p>\n<p>El problema de Cristina Kirchner consiste en convertir sus deseos, sus ganas o sus caprichos en una pol\u00edtica de Estado. El caso de C\u00e9sar Milani, un general cuestionado por su pasado durante la dictadura y durante la democracia, la despoj\u00f3 definitivamente de su discurso sobre los derechos humanos. Milani no tiene ning\u00fan m\u00e9rito para estar donde est\u00e1, salvo su h\u00e1bil manejo de la informaci\u00f3n reservada sobre las personas y las cosas. Pero, \u00bfes \u00e9sa la tarea que la democracia le pide al jefe del Ej\u00e9rcito? La aparici\u00f3n de militares oficialistas y opositores es una involuci\u00f3n de la pol\u00edtica, que termina aterrizando cerca de la experiencia del \u00fanico gobierno civil de la d\u00e9cada del 70.<\/p>\n<p>El caso que eyect\u00f3 al fiscal Jos\u00e9 Mar\u00eda Campagnoli (probablemente pasar\u00e1 lo mismo con Guillermo Marijuan) convirti\u00f3 en papel quemado sus discursos sobre \u00abjusticia leg\u00edtima\u00bb o \u00abdemocratizaci\u00f3n de la Justicia\u00bb. Ya ni siquiera la batalla es ideol\u00f3gica o cultural. La cruzada reside en atrincherarse en la incansable copia de la experiencia de Santa Cruz, donde hicieron de la Justicia una unidad b\u00e1sica kirchnerista y erigieron el temor como la principal herramienta pol\u00edtica. Esas cosas sirven para muy poco cuando los d\u00edas de popularidad, victorias y dinero pertenecen al pasado, cuando todo eso ya ha sido.<\/p>\n<p><strong>Fuente:<\/strong> diario La Naci\u00f3n, 22 de diciembre de 2013.<\/p>\n","protected":false},"excerpt":{"rendered":"<p>Por\u00a0Joaqu\u00edn Morales Sol\u00e1.-\u00a0Cuando casi todo se ha ido, al kirchnerismo le quedar\u00e1 siempre el apriete. Jueces presionados y fiscales suspendidos. [&hellip;]<\/p>\n","protected":false},"author":2,"featured_media":0,"comment_status":"open","ping_status":"closed","sticky":false,"template":"","format":"standard","meta":{"site-sidebar-layout":"default","site-content-layout":"","ast-site-content-layout":"default","site-content-style":"default","site-sidebar-style":"default","ast-global-header-display":"","ast-banner-title-visibility":"","ast-main-header-display":"","ast-hfb-above-header-display":"","ast-hfb-below-header-display":"","ast-hfb-mobile-header-display":"","site-post-title":"","ast-breadcrumbs-content":"","ast-featured-img":"","footer-sml-layout":"","ast-disable-related-posts":"","theme-transparent-header-meta":"","adv-header-id-meta":"","stick-header-meta":"","header-above-stick-meta":"","header-main-stick-meta":"","header-below-stick-meta":"","astra-migrate-meta-layouts":"default","ast-page-background-enabled":"default","ast-page-background-meta":{"desktop":{"background-color":"var(--ast-global-color-4)","background-image":"","background-repeat":"repeat","background-position":"center center","background-size":"auto","background-attachment":"scroll","background-type":"","background-media":"","overlay-type":"","overlay-color":"","overlay-opacity":"","overlay-gradient":""},"tablet":{"background-color":"","background-image":"","background-repeat":"repeat","background-position":"center center","background-size":"auto","background-attachment":"scroll","background-type":"","background-media":"","overlay-type":"","overlay-color":"","overlay-opacity":"","overlay-gradient":""},"mobile":{"background-color":"","background-image":"","background-repeat":"repeat","background-position":"center center","background-size":"auto","background-attachment":"scroll","background-type":"","background-media":"","overlay-type":"","overlay-color":"","overlay-opacity":"","overlay-gradient":""}},"ast-content-background-meta":{"desktop":{"background-color":"var(--ast-global-color-5)","background-image":"","background-repeat":"repeat","background-position":"center center","background-size":"auto","background-attachment":"scroll","background-type":"","background-media":"","overlay-type":"","overlay-color":"","overlay-opacity":"","overlay-gradient":""},"tablet":{"background-color":"var(--ast-global-color-5)","background-image":"","background-repeat":"repeat","background-position":"center center","background-size":"auto","background-attachment":"scroll","background-type":"","background-media":"","overlay-type":"","overlay-color":"","overlay-opacity":"","overlay-gradient":""},"mobile":{"background-color":"var(--ast-global-color-5)","background-image":"","background-repeat":"repeat","background-position":"center center","background-size":"auto","background-attachment":"scroll","background-type":"","background-media":"","overlay-type":"","overlay-color":"","overlay-opacity":"","overlay-gradient":""}},"footnotes":""},"categories":[5],"tags":[5189],"class_list":["post-3524","post","type-post","status-publish","format-standard","hentry","category-politica","tag-pais-gobernado-por-el-capricho"],"yoast_head":"<!-- This site is optimized with the Yoast SEO plugin v23.2 - https:\/\/yoast.com\/wordpress\/plugins\/seo\/ -->\n<title>Un pa\u00eds gobernado por el capricho - Sabado 100<\/title>\n<meta name=\"robots\" content=\"index, follow, max-snippet:-1, max-image-preview:large, max-video-preview:-1\" \/>\n<link rel=\"canonical\" href=\"https:\/\/sabado100.com.ar\/es-ar\/un-pais-gobernado-por-el-capricho\/\" \/>\n<meta property=\"og:locale\" content=\"es_ES\" \/>\n<meta property=\"og:type\" content=\"article\" \/>\n<meta property=\"og:title\" content=\"Un pa\u00eds gobernado por el capricho - Sabado 100\" \/>\n<meta property=\"og:description\" content=\"Por\u00a0Joaqu\u00edn Morales Sol\u00e1.-\u00a0Cuando casi todo se ha ido, al kirchnerismo le quedar\u00e1 siempre el apriete. Jueces presionados y fiscales suspendidos. [&hellip;]\" \/>\n<meta property=\"og:url\" content=\"https:\/\/sabado100.com.ar\/es-ar\/un-pais-gobernado-por-el-capricho\/\" \/>\n<meta property=\"og:site_name\" content=\"Sabado 100\" \/>\n<meta property=\"article:publisher\" content=\"https:\/\/www.facebook.com\/sabadocien\/\" \/>\n<meta property=\"article:published_time\" content=\"2013-12-23T12:01:40+00:00\" \/>\n<meta name=\"author\" content=\"sabado cien\" \/>\n<meta name=\"twitter:card\" content=\"summary_large_image\" \/>\n<meta name=\"twitter:label1\" content=\"Escrito por\" \/>\n\t<meta name=\"twitter:data1\" content=\"sabado cien\" \/>\n\t<meta name=\"twitter:label2\" content=\"Tiempo de lectura\" \/>\n\t<meta name=\"twitter:data2\" content=\"7 minutos\" \/>\n<script type=\"application\/ld+json\" class=\"yoast-schema-graph\">{\"@context\":\"https:\/\/schema.org\",\"@graph\":[{\"@type\":\"Article\",\"@id\":\"https:\/\/sabado100.com.ar\/es-ar\/un-pais-gobernado-por-el-capricho\/#article\",\"isPartOf\":{\"@id\":\"https:\/\/sabado100.com.ar\/es-ar\/un-pais-gobernado-por-el-capricho\/\"},\"author\":{\"name\":\"sabado cien\",\"@id\":\"https:\/\/sabado100.com.ar\/es-ar\/#\/schema\/person\/58e38b918ef4e44b11398f25d4684c6d\"},\"headline\":\"Un pa\u00eds gobernado por el capricho\",\"datePublished\":\"2013-12-23T12:01:40+00:00\",\"dateModified\":\"2013-12-23T12:01:40+00:00\",\"mainEntityOfPage\":{\"@id\":\"https:\/\/sabado100.com.ar\/es-ar\/un-pais-gobernado-por-el-capricho\/\"},\"wordCount\":1493,\"commentCount\":0,\"publisher\":{\"@id\":\"https:\/\/sabado100.com.ar\/es-ar\/#organization\"},\"keywords\":[\"pa\u00eds gobernado por el capricho\"],\"articleSection\":[\"Pol\u00edtica\"],\"inLanguage\":\"es\",\"potentialAction\":[{\"@type\":\"CommentAction\",\"name\":\"Comment\",\"target\":[\"https:\/\/sabado100.com.ar\/es-ar\/un-pais-gobernado-por-el-capricho\/#respond\"]}]},{\"@type\":\"WebPage\",\"@id\":\"https:\/\/sabado100.com.ar\/es-ar\/un-pais-gobernado-por-el-capricho\/\",\"url\":\"https:\/\/sabado100.com.ar\/es-ar\/un-pais-gobernado-por-el-capricho\/\",\"name\":\"Un pa\u00eds gobernado por el capricho - Sabado 100\",\"isPartOf\":{\"@id\":\"https:\/\/sabado100.com.ar\/es-ar\/#website\"},\"datePublished\":\"2013-12-23T12:01:40+00:00\",\"dateModified\":\"2013-12-23T12:01:40+00:00\",\"breadcrumb\":{\"@id\":\"https:\/\/sabado100.com.ar\/es-ar\/un-pais-gobernado-por-el-capricho\/#breadcrumb\"},\"inLanguage\":\"es\",\"potentialAction\":[{\"@type\":\"ReadAction\",\"target\":[\"https:\/\/sabado100.com.ar\/es-ar\/un-pais-gobernado-por-el-capricho\/\"]}]},{\"@type\":\"BreadcrumbList\",\"@id\":\"https:\/\/sabado100.com.ar\/es-ar\/un-pais-gobernado-por-el-capricho\/#breadcrumb\",\"itemListElement\":[{\"@type\":\"ListItem\",\"position\":1,\"name\":\"Portada\",\"item\":\"https:\/\/sabado100.com.ar\/es-ar\/\"},{\"@type\":\"ListItem\",\"position\":2,\"name\":\"Un pa\u00eds gobernado por el capricho\"}]},{\"@type\":\"WebSite\",\"@id\":\"https:\/\/sabado100.com.ar\/es-ar\/#website\",\"url\":\"https:\/\/sabado100.com.ar\/es-ar\/\",\"name\":\"Sabado 100\",\"description\":\"\",\"publisher\":{\"@id\":\"https:\/\/sabado100.com.ar\/es-ar\/#organization\"},\"potentialAction\":[{\"@type\":\"SearchAction\",\"target\":{\"@type\":\"EntryPoint\",\"urlTemplate\":\"https:\/\/sabado100.com.ar\/es-ar\/?s={search_term_string}\"},\"query-input\":\"required name=search_term_string\"}],\"inLanguage\":\"es\"},{\"@type\":\"Organization\",\"@id\":\"https:\/\/sabado100.com.ar\/es-ar\/#organization\",\"name\":\"Sabado 100\",\"url\":\"https:\/\/sabado100.com.ar\/es-ar\/\",\"logo\":{\"@type\":\"ImageObject\",\"inLanguage\":\"es\",\"@id\":\"https:\/\/sabado100.com.ar\/es-ar\/#\/schema\/logo\/image\/\",\"url\":\"https:\/\/sabado100.com.ar\/es-ar\/wp-content\/uploads\/2024\/04\/logo3.jpg\",\"contentUrl\":\"https:\/\/sabado100.com.ar\/es-ar\/wp-content\/uploads\/2024\/04\/logo3.jpg\",\"width\":300,\"height\":174,\"caption\":\"Sabado 100\"},\"image\":{\"@id\":\"https:\/\/sabado100.com.ar\/es-ar\/#\/schema\/logo\/image\/\"},\"sameAs\":[\"https:\/\/www.facebook.com\/sabadocien\/\",\"https:\/\/www.instagram.com\/sabado100.com.ar\/\",\"https:\/\/www.youtube.com\/@sabado1003\"]},{\"@type\":\"Person\",\"@id\":\"https:\/\/sabado100.com.ar\/es-ar\/#\/schema\/person\/58e38b918ef4e44b11398f25d4684c6d\",\"name\":\"sabado cien\",\"image\":{\"@type\":\"ImageObject\",\"inLanguage\":\"es\",\"@id\":\"https:\/\/sabado100.com.ar\/es-ar\/#\/schema\/person\/image\/\",\"url\":\"https:\/\/sabado100.com.ar\/es-ar\/wp-content\/litespeed\/avatar\/484bccfbd493fbb703b0f1b8113dad61.jpg?ver=1788336601\",\"contentUrl\":\"https:\/\/sabado100.com.ar\/es-ar\/wp-content\/litespeed\/avatar\/484bccfbd493fbb703b0f1b8113dad61.jpg?ver=1788336601\",\"caption\":\"sabado cien\"},\"url\":\"https:\/\/sabado100.com.ar\/es-ar\/author\/sabado100\/\"}]}<\/script>\n<!-- \/ Yoast SEO plugin. -->","yoast_head_json":{"title":"Un pa\u00eds gobernado por el capricho - Sabado 100","robots":{"index":"index","follow":"follow","max-snippet":"max-snippet:-1","max-image-preview":"max-image-preview:large","max-video-preview":"max-video-preview:-1"},"canonical":"https:\/\/sabado100.com.ar\/es-ar\/un-pais-gobernado-por-el-capricho\/","og_locale":"es_ES","og_type":"article","og_title":"Un pa\u00eds gobernado por el capricho - Sabado 100","og_description":"Por\u00a0Joaqu\u00edn Morales Sol\u00e1.-\u00a0Cuando casi todo se ha ido, al kirchnerismo le quedar\u00e1 siempre el apriete. Jueces presionados y fiscales suspendidos. [&hellip;]","og_url":"https:\/\/sabado100.com.ar\/es-ar\/un-pais-gobernado-por-el-capricho\/","og_site_name":"Sabado 100","article_publisher":"https:\/\/www.facebook.com\/sabadocien\/","article_published_time":"2013-12-23T12:01:40+00:00","author":"sabado cien","twitter_card":"summary_large_image","twitter_misc":{"Escrito por":"sabado cien","Tiempo de lectura":"7 minutos"},"schema":{"@context":"https:\/\/schema.org","@graph":[{"@type":"Article","@id":"https:\/\/sabado100.com.ar\/es-ar\/un-pais-gobernado-por-el-capricho\/#article","isPartOf":{"@id":"https:\/\/sabado100.com.ar\/es-ar\/un-pais-gobernado-por-el-capricho\/"},"author":{"name":"sabado cien","@id":"https:\/\/sabado100.com.ar\/es-ar\/#\/schema\/person\/58e38b918ef4e44b11398f25d4684c6d"},"headline":"Un pa\u00eds gobernado por el capricho","datePublished":"2013-12-23T12:01:40+00:00","dateModified":"2013-12-23T12:01:40+00:00","mainEntityOfPage":{"@id":"https:\/\/sabado100.com.ar\/es-ar\/un-pais-gobernado-por-el-capricho\/"},"wordCount":1493,"commentCount":0,"publisher":{"@id":"https:\/\/sabado100.com.ar\/es-ar\/#organization"},"keywords":["pa\u00eds gobernado por el capricho"],"articleSection":["Pol\u00edtica"],"inLanguage":"es","potentialAction":[{"@type":"CommentAction","name":"Comment","target":["https:\/\/sabado100.com.ar\/es-ar\/un-pais-gobernado-por-el-capricho\/#respond"]}]},{"@type":"WebPage","@id":"https:\/\/sabado100.com.ar\/es-ar\/un-pais-gobernado-por-el-capricho\/","url":"https:\/\/sabado100.com.ar\/es-ar\/un-pais-gobernado-por-el-capricho\/","name":"Un pa\u00eds gobernado por el capricho - Sabado 100","isPartOf":{"@id":"https:\/\/sabado100.com.ar\/es-ar\/#website"},"datePublished":"2013-12-23T12:01:40+00:00","dateModified":"2013-12-23T12:01:40+00:00","breadcrumb":{"@id":"https:\/\/sabado100.com.ar\/es-ar\/un-pais-gobernado-por-el-capricho\/#breadcrumb"},"inLanguage":"es","potentialAction":[{"@type":"ReadAction","target":["https:\/\/sabado100.com.ar\/es-ar\/un-pais-gobernado-por-el-capricho\/"]}]},{"@type":"BreadcrumbList","@id":"https:\/\/sabado100.com.ar\/es-ar\/un-pais-gobernado-por-el-capricho\/#breadcrumb","itemListElement":[{"@type":"ListItem","position":1,"name":"Portada","item":"https:\/\/sabado100.com.ar\/es-ar\/"},{"@type":"ListItem","position":2,"name":"Un pa\u00eds gobernado por el capricho"}]},{"@type":"WebSite","@id":"https:\/\/sabado100.com.ar\/es-ar\/#website","url":"https:\/\/sabado100.com.ar\/es-ar\/","name":"Sabado 100","description":"","publisher":{"@id":"https:\/\/sabado100.com.ar\/es-ar\/#organization"},"potentialAction":[{"@type":"SearchAction","target":{"@type":"EntryPoint","urlTemplate":"https:\/\/sabado100.com.ar\/es-ar\/?s={search_term_string}"},"query-input":"required name=search_term_string"}],"inLanguage":"es"},{"@type":"Organization","@id":"https:\/\/sabado100.com.ar\/es-ar\/#organization","name":"Sabado 100","url":"https:\/\/sabado100.com.ar\/es-ar\/","logo":{"@type":"ImageObject","inLanguage":"es","@id":"https:\/\/sabado100.com.ar\/es-ar\/#\/schema\/logo\/image\/","url":"https:\/\/sabado100.com.ar\/es-ar\/wp-content\/uploads\/2024\/04\/logo3.jpg","contentUrl":"https:\/\/sabado100.com.ar\/es-ar\/wp-content\/uploads\/2024\/04\/logo3.jpg","width":300,"height":174,"caption":"Sabado 100"},"image":{"@id":"https:\/\/sabado100.com.ar\/es-ar\/#\/schema\/logo\/image\/"},"sameAs":["https:\/\/www.facebook.com\/sabadocien\/","https:\/\/www.instagram.com\/sabado100.com.ar\/","https:\/\/www.youtube.com\/@sabado1003"]},{"@type":"Person","@id":"https:\/\/sabado100.com.ar\/es-ar\/#\/schema\/person\/58e38b918ef4e44b11398f25d4684c6d","name":"sabado cien","image":{"@type":"ImageObject","inLanguage":"es","@id":"https:\/\/sabado100.com.ar\/es-ar\/#\/schema\/person\/image\/","url":"https:\/\/sabado100.com.ar\/es-ar\/wp-content\/litespeed\/avatar\/484bccfbd493fbb703b0f1b8113dad61.jpg?ver=1788336601","contentUrl":"https:\/\/sabado100.com.ar\/es-ar\/wp-content\/litespeed\/avatar\/484bccfbd493fbb703b0f1b8113dad61.jpg?ver=1788336601","caption":"sabado cien"},"url":"https:\/\/sabado100.com.ar\/es-ar\/author\/sabado100\/"}]}},"_links":{"self":[{"href":"https:\/\/sabado100.com.ar\/es-ar\/wp-json\/wp\/v2\/posts\/3524","targetHints":{"allow":["GET"]}}],"collection":[{"href":"https:\/\/sabado100.com.ar\/es-ar\/wp-json\/wp\/v2\/posts"}],"about":[{"href":"https:\/\/sabado100.com.ar\/es-ar\/wp-json\/wp\/v2\/types\/post"}],"author":[{"embeddable":true,"href":"https:\/\/sabado100.com.ar\/es-ar\/wp-json\/wp\/v2\/users\/2"}],"replies":[{"embeddable":true,"href":"https:\/\/sabado100.com.ar\/es-ar\/wp-json\/wp\/v2\/comments?post=3524"}],"version-history":[{"count":0,"href":"https:\/\/sabado100.com.ar\/es-ar\/wp-json\/wp\/v2\/posts\/3524\/revisions"}],"wp:attachment":[{"href":"https:\/\/sabado100.com.ar\/es-ar\/wp-json\/wp\/v2\/media?parent=3524"}],"wp:term":[{"taxonomy":"category","embeddable":true,"href":"https:\/\/sabado100.com.ar\/es-ar\/wp-json\/wp\/v2\/categories?post=3524"},{"taxonomy":"post_tag","embeddable":true,"href":"https:\/\/sabado100.com.ar\/es-ar\/wp-json\/wp\/v2\/tags?post=3524"}],"curies":[{"name":"wp","href":"https:\/\/api.w.org\/{rel}","templated":true}]}}